{"id":869,"date":"2016-07-07T17:20:49","date_gmt":"2016-07-07T15:20:49","guid":{"rendered":"http:\/\/dev.organisator.ch\/?p=869"},"modified":"2016-07-07T17:20:49","modified_gmt":"2016-07-07T15:20:49","slug":"10-jahre-suisseemex-digitale-transformation-im-mittelpunkt","status":"publish","type":"post","link":"https:\/\/www.organisator.ch\/de\/allgemein\/2016-07-07\/10-jahre-suisseemex-digitale-transformation-im-mittelpunkt\/","title":{"rendered":"10 Jahre SuisseEMEX: Digitale Transformation im Mittelpunkt"},"content":{"rendered":"<figure id=\"attachment_871\" aria-describedby=\"caption-attachment-871\" style=\"width: 640px\" class=\"wp-caption alignnone\"><img loading=\"lazy\" decoding=\"async\" class=\"size-full wp-image-871\" src=\"https:\/\/www.organisator.ch\/wp-content\/uploads\/2016\/12\/10-Jahre-SuisseEMEX-Digitale-Transformation-im-Mittelpunkt-organisator.jpg\" alt=\"\" width=\"640\" height=\"426\" srcset=\"https:\/\/www.organisator.ch\/wp-content\/uploads\/2016\/12\/10-Jahre-SuisseEMEX-Digitale-Transformation-im-Mittelpunkt-organisator.jpg 640w, https:\/\/www.organisator.ch\/wp-content\/uploads\/2016\/12\/10-Jahre-SuisseEMEX-Digitale-Transformation-im-Mittelpunkt-organisator-16x12.jpg 16w, https:\/\/www.organisator.ch\/wp-content\/uploads\/2016\/12\/10-Jahre-SuisseEMEX-Digitale-Transformation-im-Mittelpunkt-organisator-263x175.jpg 263w, https:\/\/www.organisator.ch\/wp-content\/uploads\/2016\/12\/10-Jahre-SuisseEMEX-Digitale-Transformation-im-Mittelpunkt-organisator-526x350.jpg 526w, https:\/\/www.organisator.ch\/wp-content\/uploads\/2016\/12\/10-Jahre-SuisseEMEX-Digitale-Transformation-im-Mittelpunkt-organisator-300x200.jpg 300w\" sizes=\"auto, (max-width: 640px) 100vw, 640px\" \/><figcaption id=\"caption-attachment-871\" class=\"wp-caption-text\">An der Jubil\u00e4ums-SuisseEMEX steht die Digitalisierung im Mittelpunkt (Bild: SuisseEMEX)<\/figcaption><\/figure>\n<p>Die gr\u00f6sste Schweizer Messe f\u00fcr Marketing &amp; Kommunikation, Event &amp; Live Communication, Promotion und Digital Business feiert in diesem Jahr ihr zehnj\u00e4hriges Bestehen. Unter dem Motto \u201eMeet The Future&#8220; entsteht die bedeutendste Business-Plattform f\u00fcr den gesamten Marketingmix. Am 30. und 31. August 2016 zeigen rund 350 Experten und Berater in vier Themenwelten zukunftsweisende Marketingl\u00f6sungen.\u00a0Mit innovativen Ausstellerformaten, top Speakern und dem pers\u00f6nlichen Dialog in einem professionellen Ambiente erh\u00e4lt die Messe als B2B-Marktplatz in der digitalen Businesswelt einen neuen Stellenwert, wie die Veranstalter mitteilen.\u00a0Zusammen mit der Partnermesse topsoft f\u00fcr Business Software werden beim Jubil\u00e4um 500 Aussteller und 15\u2018000 Besucherinnen und Besucher erwartet. Das Ticketing ist seit kurzem online.<\/p>\n<p><strong>Digitale Kompetenz f\u00fcr Marketingentscheider mit neuem VIP-Wissens-Ticket<\/strong><\/p>\n<p>Als Folge des technologischen Fortschritts r\u00fcckt die Marktbearbeitung mit Online-Massnahmen immer st\u00e4rker ins Zentrum des unternehmerischen Handelns. Die SuisseEMEX\u00b416 macht deutlich, welche organisatorischen und technologischen Anpassungen Unternehmen leisten m\u00fcssen, um das Marketing innerhalb der Digitalisierung neu zu positionieren und um neue Wege zu gehen.<\/p>\n<p>In der World of Digital Business (Halle 6) wird die digitale Transformation und ihre Folgen f\u00fcr das Marketing in Spezialbereichen, Vortr\u00e4gen, Weiterbildungsangeboten, gef\u00fchrten Touren und pers\u00f6nlichen Expertengespr\u00e4chen erlebbar gemacht. Zu den Highlights z\u00e4hlen u.a. der Digital Competence Park, der sich mit 15-min\u00fctigen Short Learning Sessions speziell an Entscheider richtet. Die Themen reichen von Consistent Brandmanagement und Praxistipps zu Marketing Automation \u00fcber das Lead Management bis hin zur Sales Automation. In der SEA Academy mit Google lernen Marketingverantwortliche in praxisnahen und l\u00f6sungsorientierten Workshops, u.a. von Google-Spezialisten selber, alles Wissenswerte \u00fcber Programmatic Creation, YouTube Content and Distribution Strategies, Traffic Search und Lead Generation kennen. Voraussetzung f\u00fcr die Teilnahme an den Short Learning Sessions ist das neue VIP-Wissens-Ticket, das f\u00fcr CHF 50.00 im Vorfeld online erworben werden kann. (<a href=\"http:\/\/www.suisse-emex.ch\/tickets\" target=\"_blank\" data-cke-saved-href=\"http:\/\/www.suisse-emex.ch\/tickets\" rel=\"noopener\">www.suisse-emex.ch\/tickets<\/a>)<\/p>\n<p><strong>Messeer\u00f6ffnung mit St\u00e4nderat und Unternehmer Ruedi Noser<\/strong><\/p>\n<p>Das beliebte Forenprogramm startet zum Jubil\u00e4um mit einem Feuerwerk: Ruedi Noser, St\u00e4nderat, Unternehmer und Inhaber der Noser Gruppe, Sunnie J. Groeneveld, Managing Director DigitalZurich2025, Jean-Marc Hensch, Gesch\u00e4ftsf\u00fchrer Swico und Marcel Kohler, Mitglied der Tamedia Unternehmensleitung, Leiter Bereich 20 Minuten beleuchten aus ihren ganz pers\u00f6nlichen Blickwinkeln die Digitale Transformation in Marketing und Kommunikation. Moderiert wird die spannende Runde von Matthias Ackeret, Verleger und Chefredaktor, pers\u00f6nlich Verlags AG (30. August 2016, 10:00 \u2013 11:15 Uhr, Marketing Forum, Halle 1). Zu den weiteren, spannenden Rednern w\u00e4hrend der zwei Veranstaltungstage z\u00e4hlen internationale Speaker und Branchenkoryph\u00e4en aus Forschung und Wirtschaft, wie z.B. Prof. Dr. rer. pol. Nils Hafner, Customer Competencies Institut; Carsten Szameitat, Vorstandsvorsitzender LBMA; Lon Safko, Innovator, Bestseller Autor und Futurist; Thomas Lang, Carpathia und Sigrun Gudjonsdottir, Sigrun GmbH. Das detaillierte Forenprogramm ist unter <a href=\"http:\/\/www.suisse-emex.ch\/forenprogramm\" target=\"_blank\" data-cke-saved-href=\"http:\/\/www.suisse-emex.ch\/forenprogramm\" rel=\"noopener\">www.suisse-emex.ch\/forenprogramm<\/a> ersichtlich.<\/p>\n<p><strong>Neuer \u201eAgenturentag&#8220; mit Spezialprogrammen<\/strong><\/p>\n<p>Alle Agenturmitarbeiter sind anl\u00e4sslich des 10-j\u00e4hrigen Jubil\u00e4ums der SuisseEMEX herzlich zum \u201eAgenturentag&#8220; am Mittwoch, 31. August 2016 kostenlos eingeladen! Die Anmeldung erfolgt \u00fcber <a href=\"http:\/\/www.suisse-emex.ch\/agenturen\" target=\"_blank\" data-cke-saved-href=\"http:\/\/www.suisse-emex.ch\/agenturen\" rel=\"noopener\">www.suisse-emex.ch\/agenturen<\/a>. Spezielle Highlights f\u00fcr Fachleute aus der Werbe- und Kommunikationsbranche warten unter anderem mit den Keynotes von Robin H\u00f6fler (Tesla Motors Switzerland GmbH) und Prof. Dr. Dieter Georg Herbst (Digital Brand Lab) auf dem Marketing Forum. Zum Abschluss empf\u00e4ngt Matthias Ackeret (pers\u00f6nlich Verlags AG) im Rahmen des pers\u00f6nlich-Talks Peter R\u00f6thlisberger (Blick, Ringier AG) zum Gespr\u00e4ch.<\/p>\n<p>Wirksame Werbe- und Medienrezepte f\u00fcr crossmediale Kampagnen sowie neue Trends und Innovationen f\u00fcr die Vermarktung von Produkten erh\u00e4lt man aus erster Hand in der Crossmedia Kitchen (Halle 1) pr\u00e4sentiert. Intensives Networking und der Austausch mit Experten stehen dabei im Zentrum. Experten vor Ort werden zudem in kurzen Praxistipps Ihr Wissen zu brandheissen Crossmedia-Themen vermitteln. Der Agenturen-Ap\u00e9ro um 13:00 Uhr mit den Co-Partnern APG|SGA Promotion und KS\/CS Kommunikation Schweiz l\u00e4dt zum Branchenaustausch ein.<\/p>\n<p><em>Weitere Informationen und Tickets unter <a href=\"http:\/\/www.suisse-emex.ch\" target=\"_blank\" data-cke-saved-href=\"http:\/\/www.suisse-emex.ch\" rel=\"noopener\">www.suisse-emex.ch<\/a><\/em><\/p>\n","protected":false},"excerpt":{"rendered":"<p>Die gr\u00f6sste Schweizer Messe f\u00fcr Marketing &amp; Kommunikation, Event &amp; Live Communication, Promotion und Digital Business feiert in diesem Jahr ihr zehnj\u00e4hriges Bestehen. Unter dem Motto \u201eMeet The Future&#8220; entsteht die bedeutendste Business-Plattform f\u00fcr den gesamten Marketingmix. Am 30. und 31. August 2016 zeigen rund 350 Experten und Berater in vier Themenwelten zukunftsweisende Marketingl\u00f6sungen.\u00a0Mit innovativen [&hellip;]<\/p>\n","protected":false},"author":1,"featured_media":871,"comment_status":"open","ping_status":"open","sticky":false,"template":"","format":"standard","meta":{"_acf_changed":false,"_yoast_wpseo_focuskw":"Digitale Transformation","_yoast_wpseo_metadesc":"10 Jahre SuisseEMEX: Zum Jubil\u00e4um widmet die gr\u00f6sste Schweizer Messe f\u00fcr Marketing & Kommunikation, Event & Live Communication, Promotion und Digital Business dem digitalen Wandel in der Marketing- und Kommunikationsbranche und der pers\u00f6nlichen Vernetzung besondere Aufmerksamkeit. Ob Mobile Payment beim Shopping per Smartphone oder die Lancierung von ganzen Kampagnen unter Einbindung von Social Media \u2013 die Marktbearbeitung findet verst\u00e4rkt digital und crossmedial statt.","articlekey":"","footnotes":""},"categories":[1],"tags":[193],"class_list":["post-869","post","type-post","status-publish","format-standard","has-post-thumbnail","hentry","category-allgemein","tag-fachkongressfachmesse"],"acf":[],"yoast_head":"<!-- This site is optimized with the Yoast SEO plugin v27.5 - https:\/\/yoast.com\/product\/yoast-seo-wordpress\/ -->\n<title>10 Jahre SuisseEMEX: Digitale Transformation im Mittelpunkt - Organisator<\/title>\n<meta name=\"description\" content=\"10 Jahre SuisseEMEX: Zum Jubil\u00e4um widmet die gr\u00f6sste Schweizer Messe f\u00fcr Marketing &amp; Kommunikation, Event &amp; Live Communication, Promotion und Digital Business dem digitalen Wandel in der Marketing- und Kommunikationsbranche und der pers\u00f6nlichen Vernetzung besondere Aufmerksamkeit. Ob Mobile Payment beim Shopping per Smartphone oder die Lancierung von ganzen Kampagnen unter Einbindung von Social Media \u2013 die Marktbearbeitung findet verst\u00e4rkt digital und crossmedial statt.\" \/>\n<meta name=\"robots\" content=\"index, follow, max-snippet:-1, max-image-preview:large, max-video-preview:-1\" \/>\n<link rel=\"canonical\" href=\"https:\/\/www.organisator.ch\/de\/allgemein\/2016-07-07\/10-jahre-suisseemex-digitale-transformation-im-mittelpunkt\/\" \/>\n<meta property=\"og:locale\" content=\"de_DE\" \/>\n<meta property=\"og:type\" content=\"article\" \/>\n<meta property=\"og:title\" content=\"10 Jahre SuisseEMEX: Digitale Transformation im Mittelpunkt\" \/>\n<meta property=\"og:description\" content=\"10 Jahre SuisseEMEX: Zum Jubil\u00e4um widmet die gr\u00f6sste Schweizer Messe f\u00fcr Marketing &amp; Kommunikation, Event &amp; Live Communication, Promotion und Digital Business dem digitalen Wandel in der Marketing- und Kommunikationsbranche und der pers\u00f6nlichen Vernetzung besondere Aufmerksamkeit. Ob Mobile Payment beim Shopping per Smartphone oder die Lancierung von ganzen Kampagnen unter Einbindung von Social Media \u2013 die Marktbearbeitung findet verst\u00e4rkt digital und crossmedial statt.\" \/>\n<meta property=\"og:url\" content=\"https:\/\/www.organisator.ch\/de\/allgemein\/2016-07-07\/10-jahre-suisseemex-digitale-transformation-im-mittelpunkt\/\" \/>\n<meta property=\"og:site_name\" content=\"Organisator\" \/>\n<meta property=\"article:publisher\" content=\"https:\/\/www.facebook.com\/OrganisatorFachmagazin\" \/>\n<meta property=\"article:published_time\" content=\"2016-07-07T15:20:49+00:00\" \/>\n<meta name=\"author\" content=\"admin\" \/>\n<meta name=\"twitter:card\" content=\"summary_large_image\" \/>\n<meta name=\"twitter:image\" content=\"https:\/\/www.organisator.ch\/wp-content\/uploads\/2016\/12\/10-Jahre-SuisseEMEX-Digitale-Transformation-im-Mittelpunkt-organisator.jpg\" \/>\n<script type=\"application\/ld+json\" class=\"yoast-schema-graph\">{\"@context\":\"https:\\\/\\\/schema.org\",\"@graph\":[{\"@type\":\"Article\",\"@id\":\"https:\\\/\\\/www.organisator.ch\\\/en\\\/general\\\/2016-07-07\\\/10-jahre-suisseemex-digitale-transformation-im-mittelpunkt\\\/#article\",\"isPartOf\":{\"@id\":\"https:\\\/\\\/www.organisator.ch\\\/en\\\/general\\\/2016-07-07\\\/10-jahre-suisseemex-digitale-transformation-im-mittelpunkt\\\/\"},\"author\":{\"name\":\"admin\",\"@id\":\"https:\\\/\\\/www.organisator.ch\\\/#\\\/schema\\\/person\\\/aa2bace6c5c5aad60102004a50c4eb1c\"},\"headline\":\"10 Jahre SuisseEMEX: Digitale Transformation im Mittelpunkt\",\"datePublished\":\"2016-07-07T15:20:49+00:00\",\"mainEntityOfPage\":{\"@id\":\"https:\\\/\\\/www.organisator.ch\\\/en\\\/general\\\/2016-07-07\\\/10-jahre-suisseemex-digitale-transformation-im-mittelpunkt\\\/\"},\"wordCount\":656,\"commentCount\":0,\"publisher\":{\"@id\":\"https:\\\/\\\/www.organisator.ch\\\/#organization\"},\"image\":{\"@id\":\"https:\\\/\\\/www.organisator.ch\\\/en\\\/general\\\/2016-07-07\\\/10-jahre-suisseemex-digitale-transformation-im-mittelpunkt\\\/#primaryimage\"},\"thumbnailUrl\":\"https:\\\/\\\/www.organisator.ch\\\/wp-content\\\/uploads\\\/2016\\\/12\\\/10-Jahre-SuisseEMEX-Digitale-Transformation-im-Mittelpunkt-organisator.jpg\",\"keywords\":[\"Fachkongress\\\/Fachmesse\"],\"inLanguage\":\"de\"},{\"@type\":\"WebPage\",\"@id\":\"https:\\\/\\\/www.organisator.ch\\\/en\\\/general\\\/2016-07-07\\\/10-jahre-suisseemex-digitale-transformation-im-mittelpunkt\\\/\",\"url\":\"https:\\\/\\\/www.organisator.ch\\\/en\\\/general\\\/2016-07-07\\\/10-jahre-suisseemex-digitale-transformation-im-mittelpunkt\\\/\",\"name\":\"10 Jahre SuisseEMEX: Digitale Transformation im Mittelpunkt - Organisator\",\"isPartOf\":{\"@id\":\"https:\\\/\\\/www.organisator.ch\\\/#website\"},\"primaryImageOfPage\":{\"@id\":\"https:\\\/\\\/www.organisator.ch\\\/en\\\/general\\\/2016-07-07\\\/10-jahre-suisseemex-digitale-transformation-im-mittelpunkt\\\/#primaryimage\"},\"image\":{\"@id\":\"https:\\\/\\\/www.organisator.ch\\\/en\\\/general\\\/2016-07-07\\\/10-jahre-suisseemex-digitale-transformation-im-mittelpunkt\\\/#primaryimage\"},\"thumbnailUrl\":\"https:\\\/\\\/www.organisator.ch\\\/wp-content\\\/uploads\\\/2016\\\/12\\\/10-Jahre-SuisseEMEX-Digitale-Transformation-im-Mittelpunkt-organisator.jpg\",\"datePublished\":\"2016-07-07T15:20:49+00:00\",\"description\":\"10 Jahre SuisseEMEX: Zum Jubil\u00e4um widmet die gr\u00f6sste Schweizer Messe f\u00fcr Marketing & Kommunikation, Event & Live Communication, Promotion und Digital Business dem digitalen Wandel in der Marketing- und Kommunikationsbranche und der pers\u00f6nlichen Vernetzung besondere Aufmerksamkeit. Ob Mobile Payment beim Shopping per Smartphone oder die Lancierung von ganzen Kampagnen unter Einbindung von Social Media \u2013 die Marktbearbeitung findet verst\u00e4rkt digital und crossmedial statt.\",\"breadcrumb\":{\"@id\":\"https:\\\/\\\/www.organisator.ch\\\/en\\\/general\\\/2016-07-07\\\/10-jahre-suisseemex-digitale-transformation-im-mittelpunkt\\\/#breadcrumb\"},\"inLanguage\":\"de\",\"potentialAction\":[{\"@type\":\"ReadAction\",\"target\":[\"https:\\\/\\\/www.organisator.ch\\\/en\\\/general\\\/2016-07-07\\\/10-jahre-suisseemex-digitale-transformation-im-mittelpunkt\\\/\"]}]},{\"@type\":\"ImageObject\",\"inLanguage\":\"de\",\"@id\":\"https:\\\/\\\/www.organisator.ch\\\/en\\\/general\\\/2016-07-07\\\/10-jahre-suisseemex-digitale-transformation-im-mittelpunkt\\\/#primaryimage\",\"url\":\"https:\\\/\\\/www.organisator.ch\\\/wp-content\\\/uploads\\\/2016\\\/12\\\/10-Jahre-SuisseEMEX-Digitale-Transformation-im-Mittelpunkt-organisator.jpg\",\"contentUrl\":\"https:\\\/\\\/www.organisator.ch\\\/wp-content\\\/uploads\\\/2016\\\/12\\\/10-Jahre-SuisseEMEX-Digitale-Transformation-im-Mittelpunkt-organisator.jpg\",\"width\":640,\"height\":426,\"caption\":\"An der Jubil\u00e4ums-SuisseEMEX steht die Digitalisierung im Mittelpunkt (Bild: SuisseEMEX)\"},{\"@type\":\"BreadcrumbList\",\"@id\":\"https:\\\/\\\/www.organisator.ch\\\/en\\\/general\\\/2016-07-07\\\/10-jahre-suisseemex-digitale-transformation-im-mittelpunkt\\\/#breadcrumb\",\"itemListElement\":[{\"@type\":\"ListItem\",\"position\":1,\"name\":\"Home\",\"item\":\"https:\\\/\\\/www.organisator.ch\\\/\"},{\"@type\":\"ListItem\",\"position\":2,\"name\":\"10 Jahre SuisseEMEX: Digitale Transformation im Mittelpunkt\"}]},{\"@type\":\"WebSite\",\"@id\":\"https:\\\/\\\/www.organisator.ch\\\/#website\",\"url\":\"https:\\\/\\\/www.organisator.ch\\\/\",\"name\":\"Organisator\",\"description\":\"Kompetent. Praxisnah. Der ORGANISATOR bereitet in 10 Ausgaben pro Jahr die wesentlichen Themen f\u00fcr F\u00fchrungskr\u00e4fte von KMU auf.\",\"publisher\":{\"@id\":\"https:\\\/\\\/www.organisator.ch\\\/#organization\"},\"potentialAction\":[{\"@type\":\"SearchAction\",\"target\":{\"@type\":\"EntryPoint\",\"urlTemplate\":\"https:\\\/\\\/www.organisator.ch\\\/?s={search_term_string}\"},\"query-input\":{\"@type\":\"PropertyValueSpecification\",\"valueRequired\":true,\"valueName\":\"search_term_string\"}}],\"inLanguage\":\"de\"},{\"@type\":\"Organization\",\"@id\":\"https:\\\/\\\/www.organisator.ch\\\/#organization\",\"name\":\"Organisator\",\"url\":\"https:\\\/\\\/www.organisator.ch\\\/\",\"logo\":{\"@type\":\"ImageObject\",\"inLanguage\":\"de\",\"@id\":\"https:\\\/\\\/www.organisator.ch\\\/#\\\/schema\\\/logo\\\/image\\\/\",\"url\":\"https:\\\/\\\/www.organisator.ch\\\/wp-content\\\/uploads\\\/2022\\\/01\\\/Logo_Organisator_Website.png\",\"contentUrl\":\"https:\\\/\\\/www.organisator.ch\\\/wp-content\\\/uploads\\\/2022\\\/01\\\/Logo_Organisator_Website.png\",\"width\":800,\"height\":77,\"caption\":\"Organisator\"},\"image\":{\"@id\":\"https:\\\/\\\/www.organisator.ch\\\/#\\\/schema\\\/logo\\\/image\\\/\"},\"sameAs\":[\"https:\\\/\\\/www.facebook.com\\\/OrganisatorFachmagazin\",\"https:\\\/\\\/www.linkedin.com\\\/showcase\\\/organisator-das-magazin-fr-kmu\",\"https:\\\/\\\/www.xing.com\\\/news\\\/pages\\\/organisator-ch-695\",\"https:\\\/\\\/www.youtube.com\\\/channel\\\/UCGP2Sq0iWaZwT3BdIAQFYpw\"]},{\"@type\":\"Person\",\"@id\":\"https:\\\/\\\/www.organisator.ch\\\/#\\\/schema\\\/person\\\/aa2bace6c5c5aad60102004a50c4eb1c\",\"name\":\"admin\",\"image\":{\"@type\":\"ImageObject\",\"inLanguage\":\"de\",\"@id\":\"https:\\\/\\\/secure.gravatar.com\\\/avatar\\\/ae2f4d718e6c49043e314ce431e7e645d646302a24a5ef5a8bc8e3f5a032e319?s=96&d=mm&r=g\",\"url\":\"https:\\\/\\\/secure.gravatar.com\\\/avatar\\\/ae2f4d718e6c49043e314ce431e7e645d646302a24a5ef5a8bc8e3f5a032e319?s=96&d=mm&r=g\",\"contentUrl\":\"https:\\\/\\\/secure.gravatar.com\\\/avatar\\\/ae2f4d718e6c49043e314ce431e7e645d646302a24a5ef5a8bc8e3f5a032e319?s=96&d=mm&r=g\",\"caption\":\"admin\"},\"sameAs\":[\"https:\\\/\\\/www.organisator.ch\"],\"url\":\"https:\\\/\\\/www.organisator.ch\\\/de\\\/author\\\/admin\\\/\"}]}<\/script>\n<!-- \/ Yoast SEO plugin. -->","yoast_head_json":{"title":"10 Jahre SuisseEMEX: Digitale Transformation im Mittelpunkt - Organisator","description":"10 Jahre SuisseEMEX: Zum Jubil\u00e4um widmet die gr\u00f6sste Schweizer Messe f\u00fcr Marketing & Kommunikation, Event & Live Communication, Promotion und Digital Business dem digitalen Wandel in der Marketing- und Kommunikationsbranche und der pers\u00f6nlichen Vernetzung besondere Aufmerksamkeit. Ob Mobile Payment beim Shopping per Smartphone oder die Lancierung von ganzen Kampagnen unter Einbindung von Social Media \u2013 die Marktbearbeitung findet verst\u00e4rkt digital und crossmedial statt.","robots":{"index":"index","follow":"follow","max-snippet":"max-snippet:-1","max-image-preview":"max-image-preview:large","max-video-preview":"max-video-preview:-1"},"canonical":"https:\/\/www.organisator.ch\/de\/allgemein\/2016-07-07\/10-jahre-suisseemex-digitale-transformation-im-mittelpunkt\/","og_locale":"de_DE","og_type":"article","og_title":"10 Jahre SuisseEMEX: Digitale Transformation im Mittelpunkt","og_description":"10 Jahre SuisseEMEX: Zum Jubil\u00e4um widmet die gr\u00f6sste Schweizer Messe f\u00fcr Marketing & Kommunikation, Event & Live Communication, Promotion und Digital Business dem digitalen Wandel in der Marketing- und Kommunikationsbranche und der pers\u00f6nlichen Vernetzung besondere Aufmerksamkeit. Ob Mobile Payment beim Shopping per Smartphone oder die Lancierung von ganzen Kampagnen unter Einbindung von Social Media \u2013 die Marktbearbeitung findet verst\u00e4rkt digital und crossmedial statt.","og_url":"https:\/\/www.organisator.ch\/de\/allgemein\/2016-07-07\/10-jahre-suisseemex-digitale-transformation-im-mittelpunkt\/","og_site_name":"Organisator","article_publisher":"https:\/\/www.facebook.com\/OrganisatorFachmagazin","article_published_time":"2016-07-07T15:20:49+00:00","author":"admin","twitter_card":"summary_large_image","twitter_image":"https:\/\/www.organisator.ch\/wp-content\/uploads\/2016\/12\/10-Jahre-SuisseEMEX-Digitale-Transformation-im-Mittelpunkt-organisator.jpg","schema":{"@context":"https:\/\/schema.org","@graph":[{"@type":"Article","@id":"https:\/\/www.organisator.ch\/en\/general\/2016-07-07\/10-jahre-suisseemex-digitale-transformation-im-mittelpunkt\/#article","isPartOf":{"@id":"https:\/\/www.organisator.ch\/en\/general\/2016-07-07\/10-jahre-suisseemex-digitale-transformation-im-mittelpunkt\/"},"author":{"name":"admin","@id":"https:\/\/www.organisator.ch\/#\/schema\/person\/aa2bace6c5c5aad60102004a50c4eb1c"},"headline":"10 Jahre SuisseEMEX: Digitale Transformation im Mittelpunkt","datePublished":"2016-07-07T15:20:49+00:00","mainEntityOfPage":{"@id":"https:\/\/www.organisator.ch\/en\/general\/2016-07-07\/10-jahre-suisseemex-digitale-transformation-im-mittelpunkt\/"},"wordCount":656,"commentCount":0,"publisher":{"@id":"https:\/\/www.organisator.ch\/#organization"},"image":{"@id":"https:\/\/www.organisator.ch\/en\/general\/2016-07-07\/10-jahre-suisseemex-digitale-transformation-im-mittelpunkt\/#primaryimage"},"thumbnailUrl":"https:\/\/www.organisator.ch\/wp-content\/uploads\/2016\/12\/10-Jahre-SuisseEMEX-Digitale-Transformation-im-Mittelpunkt-organisator.jpg","keywords":["Fachkongress\/Fachmesse"],"inLanguage":"de"},{"@type":"WebPage","@id":"https:\/\/www.organisator.ch\/en\/general\/2016-07-07\/10-jahre-suisseemex-digitale-transformation-im-mittelpunkt\/","url":"https:\/\/www.organisator.ch\/en\/general\/2016-07-07\/10-jahre-suisseemex-digitale-transformation-im-mittelpunkt\/","name":"10 Jahre SuisseEMEX: Digitale Transformation im Mittelpunkt - Organisator","isPartOf":{"@id":"https:\/\/www.organisator.ch\/#website"},"primaryImageOfPage":{"@id":"https:\/\/www.organisator.ch\/en\/general\/2016-07-07\/10-jahre-suisseemex-digitale-transformation-im-mittelpunkt\/#primaryimage"},"image":{"@id":"https:\/\/www.organisator.ch\/en\/general\/2016-07-07\/10-jahre-suisseemex-digitale-transformation-im-mittelpunkt\/#primaryimage"},"thumbnailUrl":"https:\/\/www.organisator.ch\/wp-content\/uploads\/2016\/12\/10-Jahre-SuisseEMEX-Digitale-Transformation-im-Mittelpunkt-organisator.jpg","datePublished":"2016-07-07T15:20:49+00:00","description":"10 Jahre SuisseEMEX: Zum Jubil\u00e4um widmet die gr\u00f6sste Schweizer Messe f\u00fcr Marketing & Kommunikation, Event & Live Communication, Promotion und Digital Business dem digitalen Wandel in der Marketing- und Kommunikationsbranche und der pers\u00f6nlichen Vernetzung besondere Aufmerksamkeit. Ob Mobile Payment beim Shopping per Smartphone oder die Lancierung von ganzen Kampagnen unter Einbindung von Social Media \u2013 die Marktbearbeitung findet verst\u00e4rkt digital und crossmedial statt.","breadcrumb":{"@id":"https:\/\/www.organisator.ch\/en\/general\/2016-07-07\/10-jahre-suisseemex-digitale-transformation-im-mittelpunkt\/#breadcrumb"},"inLanguage":"de","potentialAction":[{"@type":"ReadAction","target":["https:\/\/www.organisator.ch\/en\/general\/2016-07-07\/10-jahre-suisseemex-digitale-transformation-im-mittelpunkt\/"]}]},{"@type":"ImageObject","inLanguage":"de","@id":"https:\/\/www.organisator.ch\/en\/general\/2016-07-07\/10-jahre-suisseemex-digitale-transformation-im-mittelpunkt\/#primaryimage","url":"https:\/\/www.organisator.ch\/wp-content\/uploads\/2016\/12\/10-Jahre-SuisseEMEX-Digitale-Transformation-im-Mittelpunkt-organisator.jpg","contentUrl":"https:\/\/www.organisator.ch\/wp-content\/uploads\/2016\/12\/10-Jahre-SuisseEMEX-Digitale-Transformation-im-Mittelpunkt-organisator.jpg","width":640,"height":426,"caption":"An der Jubil\u00e4ums-SuisseEMEX steht die Digitalisierung im Mittelpunkt (Bild: SuisseEMEX)"},{"@type":"BreadcrumbList","@id":"https:\/\/www.organisator.ch\/en\/general\/2016-07-07\/10-jahre-suisseemex-digitale-transformation-im-mittelpunkt\/#breadcrumb","itemListElement":[{"@type":"ListItem","position":1,"name":"Home","item":"https:\/\/www.organisator.ch\/"},{"@type":"ListItem","position":2,"name":"10 Jahre SuisseEMEX: Digitale Transformation im Mittelpunkt"}]},{"@type":"WebSite","@id":"https:\/\/www.organisator.ch\/#website","url":"https:\/\/www.organisator.ch\/","name":"Organisator","description":"Kompetent. Praxisnah. Der ORGANISATOR bereitet in 10 Ausgaben pro Jahr die wesentlichen Themen f\u00fcr F\u00fchrungskr\u00e4fte von KMU auf.","publisher":{"@id":"https:\/\/www.organisator.ch\/#organization"},"potentialAction":[{"@type":"SearchAction","target":{"@type":"EntryPoint","urlTemplate":"https:\/\/www.organisator.ch\/?s={search_term_string}"},"query-input":{"@type":"PropertyValueSpecification","valueRequired":true,"valueName":"search_term_string"}}],"inLanguage":"de"},{"@type":"Organization","@id":"https:\/\/www.organisator.ch\/#organization","name":"Organisator","url":"https:\/\/www.organisator.ch\/","logo":{"@type":"ImageObject","inLanguage":"de","@id":"https:\/\/www.organisator.ch\/#\/schema\/logo\/image\/","url":"https:\/\/www.organisator.ch\/wp-content\/uploads\/2022\/01\/Logo_Organisator_Website.png","contentUrl":"https:\/\/www.organisator.ch\/wp-content\/uploads\/2022\/01\/Logo_Organisator_Website.png","width":800,"height":77,"caption":"Organisator"},"image":{"@id":"https:\/\/www.organisator.ch\/#\/schema\/logo\/image\/"},"sameAs":["https:\/\/www.facebook.com\/OrganisatorFachmagazin","https:\/\/www.linkedin.com\/showcase\/organisator-das-magazin-fr-kmu","https:\/\/www.xing.com\/news\/pages\/organisator-ch-695","https:\/\/www.youtube.com\/channel\/UCGP2Sq0iWaZwT3BdIAQFYpw"]},{"@type":"Person","@id":"https:\/\/www.organisator.ch\/#\/schema\/person\/aa2bace6c5c5aad60102004a50c4eb1c","name":"admin","image":{"@type":"ImageObject","inLanguage":"de","@id":"https:\/\/secure.gravatar.com\/avatar\/ae2f4d718e6c49043e314ce431e7e645d646302a24a5ef5a8bc8e3f5a032e319?s=96&d=mm&r=g","url":"https:\/\/secure.gravatar.com\/avatar\/ae2f4d718e6c49043e314ce431e7e645d646302a24a5ef5a8bc8e3f5a032e319?s=96&d=mm&r=g","contentUrl":"https:\/\/secure.gravatar.com\/avatar\/ae2f4d718e6c49043e314ce431e7e645d646302a24a5ef5a8bc8e3f5a032e319?s=96&d=mm&r=g","caption":"admin"},"sameAs":["https:\/\/www.organisator.ch"],"url":"https:\/\/www.organisator.ch\/de\/author\/admin\/"}]}},"_links":{"self":[{"href":"https:\/\/www.organisator.ch\/de\/wp-json\/wp\/v2\/posts\/869","targetHints":{"allow":["GET"]}}],"collection":[{"href":"https:\/\/www.organisator.ch\/de\/wp-json\/wp\/v2\/posts"}],"about":[{"href":"https:\/\/www.organisator.ch\/de\/wp-json\/wp\/v2\/types\/post"}],"author":[{"embeddable":true,"href":"https:\/\/www.organisator.ch\/de\/wp-json\/wp\/v2\/users\/1"}],"replies":[{"embeddable":true,"href":"https:\/\/www.organisator.ch\/de\/wp-json\/wp\/v2\/comments?post=869"}],"version-history":[{"count":0,"href":"https:\/\/www.organisator.ch\/de\/wp-json\/wp\/v2\/posts\/869\/revisions"}],"wp:featuredmedia":[{"embeddable":true,"href":"https:\/\/www.organisator.ch\/de\/wp-json\/wp\/v2\/media\/871"}],"wp:attachment":[{"href":"https:\/\/www.organisator.ch\/de\/wp-json\/wp\/v2\/media?parent=869"}],"wp:term":[{"taxonomy":"category","embeddable":true,"href":"https:\/\/www.organisator.ch\/de\/wp-json\/wp\/v2\/categories?post=869"},{"taxonomy":"post_tag","embeddable":true,"href":"https:\/\/www.organisator.ch\/de\/wp-json\/wp\/v2\/tags?post=869"}],"curies":[{"name":"wp","href":"https:\/\/api.w.org\/{rel}","templated":true}]}}