{"id":874,"date":"2016-09-09T17:21:34","date_gmt":"2016-09-09T15:21:34","guid":{"rendered":"http:\/\/dev.organisator.ch\/?p=874"},"modified":"2016-09-09T17:21:34","modified_gmt":"2016-09-09T15:21:34","slug":"organisator-kmu-monitor-2016-ein-zwischenbericht","status":"publish","type":"post","link":"https:\/\/www.organisator.ch\/de\/allgemein\/2016-09-09\/organisator-kmu-monitor-2016-ein-zwischenbericht\/","title":{"rendered":"ORGANISATOR KMU-Monitor 2016: Ein Zwischenbericht"},"content":{"rendered":"<figure id=\"attachment_877\" aria-describedby=\"caption-attachment-877\" style=\"width: 680px\" class=\"wp-caption alignnone\"><img loading=\"lazy\" decoding=\"async\" class=\"size-medium wp-image-877\" src=\"https:\/\/organisator.ch\/wp-content\/uploads\/2016\/12\/ORGANISATOR-KMU-Monitor-2016-Ein-Zwischenbericht-organisator.jpg\" alt=\"\" width=\"680\" height=\"478\" srcset=\"https:\/\/www.organisator.ch\/wp-content\/uploads\/2016\/12\/ORGANISATOR-KMU-Monitor-2016-Ein-Zwischenbericht-organisator.jpg 800w, https:\/\/www.organisator.ch\/wp-content\/uploads\/2016\/12\/ORGANISATOR-KMU-Monitor-2016-Ein-Zwischenbericht-organisator-680x478.jpg 680w, https:\/\/www.organisator.ch\/wp-content\/uploads\/2016\/12\/ORGANISATOR-KMU-Monitor-2016-Ein-Zwischenbericht-organisator-768x540.jpg 768w, https:\/\/www.organisator.ch\/wp-content\/uploads\/2016\/12\/ORGANISATOR-KMU-Monitor-2016-Ein-Zwischenbericht-organisator-16x12.jpg 16w, https:\/\/www.organisator.ch\/wp-content\/uploads\/2016\/12\/ORGANISATOR-KMU-Monitor-2016-Ein-Zwischenbericht-organisator-249x175.jpg 249w, https:\/\/www.organisator.ch\/wp-content\/uploads\/2016\/12\/ORGANISATOR-KMU-Monitor-2016-Ein-Zwischenbericht-organisator-498x350.jpg 498w, https:\/\/www.organisator.ch\/wp-content\/uploads\/2016\/12\/ORGANISATOR-KMU-Monitor-2016-Ein-Zwischenbericht-organisator-300x211.jpg 300w\" sizes=\"auto, (max-width: 680px) 100vw, 680px\" \/><figcaption id=\"caption-attachment-877\" class=\"wp-caption-text\">Was bewegt die Schweizer KMU? Sagen Sie es uns in einer kurzen Umfrage! (Foto: Fotolia.com \/ Bildmontage: galledia)<\/figcaption><\/figure>\n<p><a href=\"https:\/\/de.surveymonkey.com\/r\/3FQWBSC\" target=\"_blank\" rel=\"noreferrer noopener\" data-cke-saved-href=\"https:\/\/de.surveymonkey.com\/r\/3FQWBSC\"><strong>Machen Sie mit bei unserer KMU-Umfrage!<\/strong><\/a><\/p>\n<p>Zunehmender Kostendruck im Detailhandel oder in der Industrie. Der Digitale Wandel, welcher l\u00e4ngst nicht mehr nur eine Frage der Informatik-Branche ist. Der Mangel an Fachkr\u00e4ften, der f\u00fcr die einen existenzbedrohend, f\u00fcr die anderen bloss herbeigeschrieben ist. Und immer neue Regulierungen und administrative H\u00fcrden, welche das Tagesgesch\u00e4ft erschweren. Diese Thesen finden sich in ersten Zwischenresultaten der Online-Umfrage f\u00fcr den KMU-Monitor, einer Sonderpublikation des ORGANISATOR, best\u00e4tigt. Die Antworten aus dieser Online-Umfrage sollen ein Stimmungsbild ergeben und aufzeigen, mit welchen Herausforderungen Unternehmen aktuell konfrontiert sind und mit welchen Massnahmen &#8211; etwa Investitionen &#8211; sie diese bew\u00e4ltigen.<\/p>\n","protected":false},"excerpt":{"rendered":"<p>Machen Sie mit bei unserer KMU-Umfrage! Zunehmender Kostendruck im Detailhandel oder in der Industrie. Der Digitale Wandel, welcher l\u00e4ngst nicht mehr nur eine Frage der Informatik-Branche ist. Der Mangel an Fachkr\u00e4ften, der f\u00fcr die einen existenzbedrohend, f\u00fcr die anderen bloss herbeigeschrieben ist. Und immer neue Regulierungen und administrative H\u00fcrden, welche das Tagesgesch\u00e4ft erschweren. Diese Thesen [&hellip;]<\/p>\n","protected":false},"author":1,"featured_media":877,"comment_status":"open","ping_status":"open","sticky":false,"template":"","format":"standard","meta":{"_acf_changed":false,"_yoast_wpseo_focuskw":"KMU-Monitor","_yoast_wpseo_metadesc":"Die Online-Umfrage f\u00fcr den KMU-Monitor zeigt einen ersten Trend: Kostendruck und Digitaler Wandel sind die gr\u00f6ssten Herausforderungen f\u00fcr KMU.","articlekey":"","footnotes":""},"categories":[1],"tags":[459],"class_list":["post-874","post","type-post","status-publish","format-standard","has-post-thumbnail","hentry","category-allgemein","tag-studie"],"acf":[],"yoast_head":"<!-- This site is optimized with the Yoast SEO plugin v27.5 - https:\/\/yoast.com\/product\/yoast-seo-wordpress\/ -->\n<title>ORGANISATOR KMU-Monitor 2016: Ein Zwischenbericht - Organisator<\/title>\n<meta name=\"description\" content=\"Die Online-Umfrage f\u00fcr den KMU-Monitor zeigt einen ersten Trend: Kostendruck und Digitaler Wandel sind die gr\u00f6ssten Herausforderungen f\u00fcr KMU.\" \/>\n<meta name=\"robots\" content=\"index, follow, max-snippet:-1, max-image-preview:large, max-video-preview:-1\" \/>\n<link rel=\"canonical\" href=\"https:\/\/www.organisator.ch\/de\/allgemein\/2016-09-09\/organisator-kmu-monitor-2016-ein-zwischenbericht\/\" \/>\n<meta property=\"og:locale\" content=\"de_DE\" \/>\n<meta property=\"og:type\" content=\"article\" \/>\n<meta property=\"og:title\" content=\"ORGANISATOR KMU-Monitor 2016: Ein Zwischenbericht\" \/>\n<meta property=\"og:description\" content=\"Die Online-Umfrage f\u00fcr den KMU-Monitor unseres KMU-Fachmagazins ORGANISATOR zeigt einen ersten Trend: Kostendruck und Digitaler Wandel sind die gr\u00f6ssten Herausforderungen f\u00fcr KMU. Die Studie ist noch im Gange - auch Sie k\u00f6nnen immer noch Ihre Einsch\u00e4tzungen abgeben.\" \/>\n<meta property=\"og:url\" content=\"https:\/\/www.organisator.ch\/de\/allgemein\/2016-09-09\/organisator-kmu-monitor-2016-ein-zwischenbericht\/\" \/>\n<meta property=\"og:site_name\" content=\"Organisator\" \/>\n<meta property=\"article:publisher\" content=\"https:\/\/www.facebook.com\/OrganisatorFachmagazin\" \/>\n<meta property=\"article:published_time\" content=\"2016-09-09T15:21:34+00:00\" \/>\n<meta name=\"author\" content=\"admin\" \/>\n<meta name=\"twitter:card\" content=\"summary_large_image\" \/>\n<meta name=\"twitter:image\" content=\"https:\/\/www.organisator.ch\/wp-content\/uploads\/2016\/12\/ORGANISATOR-KMU-Monitor-2016-Ein-Zwischenbericht-organisator.jpg\" \/>\n<script type=\"application\/ld+json\" class=\"yoast-schema-graph\">{\"@context\":\"https:\\\/\\\/schema.org\",\"@graph\":[{\"@type\":\"Article\",\"@id\":\"https:\\\/\\\/www.organisator.ch\\\/en\\\/general\\\/2016-09-09\\\/organisator-kmu-monitor-2016-ein-zwischenbericht\\\/#article\",\"isPartOf\":{\"@id\":\"https:\\\/\\\/www.organisator.ch\\\/en\\\/general\\\/2016-09-09\\\/organisator-kmu-monitor-2016-ein-zwischenbericht\\\/\"},\"author\":{\"name\":\"admin\",\"@id\":\"https:\\\/\\\/www.organisator.ch\\\/#\\\/schema\\\/person\\\/aa2bace6c5c5aad60102004a50c4eb1c\"},\"headline\":\"ORGANISATOR KMU-Monitor 2016: Ein Zwischenbericht\",\"datePublished\":\"2016-09-09T15:21:34+00:00\",\"mainEntityOfPage\":{\"@id\":\"https:\\\/\\\/www.organisator.ch\\\/en\\\/general\\\/2016-09-09\\\/organisator-kmu-monitor-2016-ein-zwischenbericht\\\/\"},\"wordCount\":137,\"commentCount\":0,\"publisher\":{\"@id\":\"https:\\\/\\\/www.organisator.ch\\\/#organization\"},\"image\":{\"@id\":\"https:\\\/\\\/www.organisator.ch\\\/en\\\/general\\\/2016-09-09\\\/organisator-kmu-monitor-2016-ein-zwischenbericht\\\/#primaryimage\"},\"thumbnailUrl\":\"https:\\\/\\\/www.organisator.ch\\\/wp-content\\\/uploads\\\/2016\\\/12\\\/ORGANISATOR-KMU-Monitor-2016-Ein-Zwischenbericht-organisator.jpg\",\"keywords\":[\"Studie\"],\"inLanguage\":\"de\"},{\"@type\":\"WebPage\",\"@id\":\"https:\\\/\\\/www.organisator.ch\\\/en\\\/general\\\/2016-09-09\\\/organisator-kmu-monitor-2016-ein-zwischenbericht\\\/\",\"url\":\"https:\\\/\\\/www.organisator.ch\\\/en\\\/general\\\/2016-09-09\\\/organisator-kmu-monitor-2016-ein-zwischenbericht\\\/\",\"name\":\"ORGANISATOR KMU-Monitor 2016: Ein Zwischenbericht - Organisator\",\"isPartOf\":{\"@id\":\"https:\\\/\\\/www.organisator.ch\\\/#website\"},\"primaryImageOfPage\":{\"@id\":\"https:\\\/\\\/www.organisator.ch\\\/en\\\/general\\\/2016-09-09\\\/organisator-kmu-monitor-2016-ein-zwischenbericht\\\/#primaryimage\"},\"image\":{\"@id\":\"https:\\\/\\\/www.organisator.ch\\\/en\\\/general\\\/2016-09-09\\\/organisator-kmu-monitor-2016-ein-zwischenbericht\\\/#primaryimage\"},\"thumbnailUrl\":\"https:\\\/\\\/www.organisator.ch\\\/wp-content\\\/uploads\\\/2016\\\/12\\\/ORGANISATOR-KMU-Monitor-2016-Ein-Zwischenbericht-organisator.jpg\",\"datePublished\":\"2016-09-09T15:21:34+00:00\",\"description\":\"Die Online-Umfrage f\u00fcr den KMU-Monitor zeigt einen ersten Trend: Kostendruck und Digitaler Wandel sind die gr\u00f6ssten Herausforderungen f\u00fcr KMU.\",\"breadcrumb\":{\"@id\":\"https:\\\/\\\/www.organisator.ch\\\/en\\\/general\\\/2016-09-09\\\/organisator-kmu-monitor-2016-ein-zwischenbericht\\\/#breadcrumb\"},\"inLanguage\":\"de\",\"potentialAction\":[{\"@type\":\"ReadAction\",\"target\":[\"https:\\\/\\\/www.organisator.ch\\\/en\\\/general\\\/2016-09-09\\\/organisator-kmu-monitor-2016-ein-zwischenbericht\\\/\"]}]},{\"@type\":\"ImageObject\",\"inLanguage\":\"de\",\"@id\":\"https:\\\/\\\/www.organisator.ch\\\/en\\\/general\\\/2016-09-09\\\/organisator-kmu-monitor-2016-ein-zwischenbericht\\\/#primaryimage\",\"url\":\"https:\\\/\\\/www.organisator.ch\\\/wp-content\\\/uploads\\\/2016\\\/12\\\/ORGANISATOR-KMU-Monitor-2016-Ein-Zwischenbericht-organisator.jpg\",\"contentUrl\":\"https:\\\/\\\/www.organisator.ch\\\/wp-content\\\/uploads\\\/2016\\\/12\\\/ORGANISATOR-KMU-Monitor-2016-Ein-Zwischenbericht-organisator.jpg\",\"width\":800,\"height\":562,\"caption\":\"Was bewegt die Schweizer KMU? Sagen Sie es uns in einer kurzen Umfrage! (Foto: Fotolia.com \\\/ Bildmontage: galledia)\"},{\"@type\":\"BreadcrumbList\",\"@id\":\"https:\\\/\\\/www.organisator.ch\\\/en\\\/general\\\/2016-09-09\\\/organisator-kmu-monitor-2016-ein-zwischenbericht\\\/#breadcrumb\",\"itemListElement\":[{\"@type\":\"ListItem\",\"position\":1,\"name\":\"Home\",\"item\":\"https:\\\/\\\/www.organisator.ch\\\/\"},{\"@type\":\"ListItem\",\"position\":2,\"name\":\"ORGANISATOR KMU-Monitor 2016: Ein Zwischenbericht\"}]},{\"@type\":\"WebSite\",\"@id\":\"https:\\\/\\\/www.organisator.ch\\\/#website\",\"url\":\"https:\\\/\\\/www.organisator.ch\\\/\",\"name\":\"Organisator\",\"description\":\"Kompetent. Praxisnah. Der ORGANISATOR bereitet in 10 Ausgaben pro Jahr die wesentlichen Themen f\u00fcr F\u00fchrungskr\u00e4fte von KMU auf.\",\"publisher\":{\"@id\":\"https:\\\/\\\/www.organisator.ch\\\/#organization\"},\"potentialAction\":[{\"@type\":\"SearchAction\",\"target\":{\"@type\":\"EntryPoint\",\"urlTemplate\":\"https:\\\/\\\/www.organisator.ch\\\/?s={search_term_string}\"},\"query-input\":{\"@type\":\"PropertyValueSpecification\",\"valueRequired\":true,\"valueName\":\"search_term_string\"}}],\"inLanguage\":\"de\"},{\"@type\":\"Organization\",\"@id\":\"https:\\\/\\\/www.organisator.ch\\\/#organization\",\"name\":\"Organisator\",\"url\":\"https:\\\/\\\/www.organisator.ch\\\/\",\"logo\":{\"@type\":\"ImageObject\",\"inLanguage\":\"de\",\"@id\":\"https:\\\/\\\/www.organisator.ch\\\/#\\\/schema\\\/logo\\\/image\\\/\",\"url\":\"https:\\\/\\\/www.organisator.ch\\\/wp-content\\\/uploads\\\/2022\\\/01\\\/Logo_Organisator_Website.png\",\"contentUrl\":\"https:\\\/\\\/www.organisator.ch\\\/wp-content\\\/uploads\\\/2022\\\/01\\\/Logo_Organisator_Website.png\",\"width\":800,\"height\":77,\"caption\":\"Organisator\"},\"image\":{\"@id\":\"https:\\\/\\\/www.organisator.ch\\\/#\\\/schema\\\/logo\\\/image\\\/\"},\"sameAs\":[\"https:\\\/\\\/www.facebook.com\\\/OrganisatorFachmagazin\",\"https:\\\/\\\/www.linkedin.com\\\/showcase\\\/organisator-das-magazin-fr-kmu\",\"https:\\\/\\\/www.xing.com\\\/news\\\/pages\\\/organisator-ch-695\",\"https:\\\/\\\/www.youtube.com\\\/channel\\\/UCGP2Sq0iWaZwT3BdIAQFYpw\"]},{\"@type\":\"Person\",\"@id\":\"https:\\\/\\\/www.organisator.ch\\\/#\\\/schema\\\/person\\\/aa2bace6c5c5aad60102004a50c4eb1c\",\"name\":\"admin\",\"image\":{\"@type\":\"ImageObject\",\"inLanguage\":\"de\",\"@id\":\"https:\\\/\\\/secure.gravatar.com\\\/avatar\\\/ae2f4d718e6c49043e314ce431e7e645d646302a24a5ef5a8bc8e3f5a032e319?s=96&d=mm&r=g\",\"url\":\"https:\\\/\\\/secure.gravatar.com\\\/avatar\\\/ae2f4d718e6c49043e314ce431e7e645d646302a24a5ef5a8bc8e3f5a032e319?s=96&d=mm&r=g\",\"contentUrl\":\"https:\\\/\\\/secure.gravatar.com\\\/avatar\\\/ae2f4d718e6c49043e314ce431e7e645d646302a24a5ef5a8bc8e3f5a032e319?s=96&d=mm&r=g\",\"caption\":\"admin\"},\"sameAs\":[\"https:\\\/\\\/www.organisator.ch\"],\"url\":\"https:\\\/\\\/www.organisator.ch\\\/de\\\/author\\\/admin\\\/\"}]}<\/script>\n<!-- \/ Yoast SEO plugin. -->","yoast_head_json":{"title":"ORGANISATOR KMU-Monitor 2016: Ein Zwischenbericht - Organisator","description":"Die Online-Umfrage f\u00fcr den KMU-Monitor zeigt einen ersten Trend: Kostendruck und Digitaler Wandel sind die gr\u00f6ssten Herausforderungen f\u00fcr KMU.","robots":{"index":"index","follow":"follow","max-snippet":"max-snippet:-1","max-image-preview":"max-image-preview:large","max-video-preview":"max-video-preview:-1"},"canonical":"https:\/\/www.organisator.ch\/de\/allgemein\/2016-09-09\/organisator-kmu-monitor-2016-ein-zwischenbericht\/","og_locale":"de_DE","og_type":"article","og_title":"ORGANISATOR KMU-Monitor 2016: Ein Zwischenbericht","og_description":"Die Online-Umfrage f\u00fcr den KMU-Monitor unseres KMU-Fachmagazins ORGANISATOR zeigt einen ersten Trend: Kostendruck und Digitaler Wandel sind die gr\u00f6ssten Herausforderungen f\u00fcr KMU. Die Studie ist noch im Gange - auch Sie k\u00f6nnen immer noch Ihre Einsch\u00e4tzungen abgeben.","og_url":"https:\/\/www.organisator.ch\/de\/allgemein\/2016-09-09\/organisator-kmu-monitor-2016-ein-zwischenbericht\/","og_site_name":"Organisator","article_publisher":"https:\/\/www.facebook.com\/OrganisatorFachmagazin","article_published_time":"2016-09-09T15:21:34+00:00","author":"admin","twitter_card":"summary_large_image","twitter_image":"https:\/\/www.organisator.ch\/wp-content\/uploads\/2016\/12\/ORGANISATOR-KMU-Monitor-2016-Ein-Zwischenbericht-organisator.jpg","schema":{"@context":"https:\/\/schema.org","@graph":[{"@type":"Article","@id":"https:\/\/www.organisator.ch\/en\/general\/2016-09-09\/organisator-kmu-monitor-2016-ein-zwischenbericht\/#article","isPartOf":{"@id":"https:\/\/www.organisator.ch\/en\/general\/2016-09-09\/organisator-kmu-monitor-2016-ein-zwischenbericht\/"},"author":{"name":"admin","@id":"https:\/\/www.organisator.ch\/#\/schema\/person\/aa2bace6c5c5aad60102004a50c4eb1c"},"headline":"ORGANISATOR KMU-Monitor 2016: Ein Zwischenbericht","datePublished":"2016-09-09T15:21:34+00:00","mainEntityOfPage":{"@id":"https:\/\/www.organisator.ch\/en\/general\/2016-09-09\/organisator-kmu-monitor-2016-ein-zwischenbericht\/"},"wordCount":137,"commentCount":0,"publisher":{"@id":"https:\/\/www.organisator.ch\/#organization"},"image":{"@id":"https:\/\/www.organisator.ch\/en\/general\/2016-09-09\/organisator-kmu-monitor-2016-ein-zwischenbericht\/#primaryimage"},"thumbnailUrl":"https:\/\/www.organisator.ch\/wp-content\/uploads\/2016\/12\/ORGANISATOR-KMU-Monitor-2016-Ein-Zwischenbericht-organisator.jpg","keywords":["Studie"],"inLanguage":"de"},{"@type":"WebPage","@id":"https:\/\/www.organisator.ch\/en\/general\/2016-09-09\/organisator-kmu-monitor-2016-ein-zwischenbericht\/","url":"https:\/\/www.organisator.ch\/en\/general\/2016-09-09\/organisator-kmu-monitor-2016-ein-zwischenbericht\/","name":"ORGANISATOR KMU-Monitor 2016: Ein Zwischenbericht - Organisator","isPartOf":{"@id":"https:\/\/www.organisator.ch\/#website"},"primaryImageOfPage":{"@id":"https:\/\/www.organisator.ch\/en\/general\/2016-09-09\/organisator-kmu-monitor-2016-ein-zwischenbericht\/#primaryimage"},"image":{"@id":"https:\/\/www.organisator.ch\/en\/general\/2016-09-09\/organisator-kmu-monitor-2016-ein-zwischenbericht\/#primaryimage"},"thumbnailUrl":"https:\/\/www.organisator.ch\/wp-content\/uploads\/2016\/12\/ORGANISATOR-KMU-Monitor-2016-Ein-Zwischenbericht-organisator.jpg","datePublished":"2016-09-09T15:21:34+00:00","description":"Die Online-Umfrage f\u00fcr den KMU-Monitor zeigt einen ersten Trend: Kostendruck und Digitaler Wandel sind die gr\u00f6ssten Herausforderungen f\u00fcr KMU.","breadcrumb":{"@id":"https:\/\/www.organisator.ch\/en\/general\/2016-09-09\/organisator-kmu-monitor-2016-ein-zwischenbericht\/#breadcrumb"},"inLanguage":"de","potentialAction":[{"@type":"ReadAction","target":["https:\/\/www.organisator.ch\/en\/general\/2016-09-09\/organisator-kmu-monitor-2016-ein-zwischenbericht\/"]}]},{"@type":"ImageObject","inLanguage":"de","@id":"https:\/\/www.organisator.ch\/en\/general\/2016-09-09\/organisator-kmu-monitor-2016-ein-zwischenbericht\/#primaryimage","url":"https:\/\/www.organisator.ch\/wp-content\/uploads\/2016\/12\/ORGANISATOR-KMU-Monitor-2016-Ein-Zwischenbericht-organisator.jpg","contentUrl":"https:\/\/www.organisator.ch\/wp-content\/uploads\/2016\/12\/ORGANISATOR-KMU-Monitor-2016-Ein-Zwischenbericht-organisator.jpg","width":800,"height":562,"caption":"Was bewegt die Schweizer KMU? Sagen Sie es uns in einer kurzen Umfrage! (Foto: Fotolia.com \/ Bildmontage: galledia)"},{"@type":"BreadcrumbList","@id":"https:\/\/www.organisator.ch\/en\/general\/2016-09-09\/organisator-kmu-monitor-2016-ein-zwischenbericht\/#breadcrumb","itemListElement":[{"@type":"ListItem","position":1,"name":"Home","item":"https:\/\/www.organisator.ch\/"},{"@type":"ListItem","position":2,"name":"ORGANISATOR KMU-Monitor 2016: Ein Zwischenbericht"}]},{"@type":"WebSite","@id":"https:\/\/www.organisator.ch\/#website","url":"https:\/\/www.organisator.ch\/","name":"Organisator","description":"Kompetent. Praxisnah. Der ORGANISATOR bereitet in 10 Ausgaben pro Jahr die wesentlichen Themen f\u00fcr F\u00fchrungskr\u00e4fte von KMU auf.","publisher":{"@id":"https:\/\/www.organisator.ch\/#organization"},"potentialAction":[{"@type":"SearchAction","target":{"@type":"EntryPoint","urlTemplate":"https:\/\/www.organisator.ch\/?s={search_term_string}"},"query-input":{"@type":"PropertyValueSpecification","valueRequired":true,"valueName":"search_term_string"}}],"inLanguage":"de"},{"@type":"Organization","@id":"https:\/\/www.organisator.ch\/#organization","name":"Organisator","url":"https:\/\/www.organisator.ch\/","logo":{"@type":"ImageObject","inLanguage":"de","@id":"https:\/\/www.organisator.ch\/#\/schema\/logo\/image\/","url":"https:\/\/www.organisator.ch\/wp-content\/uploads\/2022\/01\/Logo_Organisator_Website.png","contentUrl":"https:\/\/www.organisator.ch\/wp-content\/uploads\/2022\/01\/Logo_Organisator_Website.png","width":800,"height":77,"caption":"Organisator"},"image":{"@id":"https:\/\/www.organisator.ch\/#\/schema\/logo\/image\/"},"sameAs":["https:\/\/www.facebook.com\/OrganisatorFachmagazin","https:\/\/www.linkedin.com\/showcase\/organisator-das-magazin-fr-kmu","https:\/\/www.xing.com\/news\/pages\/organisator-ch-695","https:\/\/www.youtube.com\/channel\/UCGP2Sq0iWaZwT3BdIAQFYpw"]},{"@type":"Person","@id":"https:\/\/www.organisator.ch\/#\/schema\/person\/aa2bace6c5c5aad60102004a50c4eb1c","name":"admin","image":{"@type":"ImageObject","inLanguage":"de","@id":"https:\/\/secure.gravatar.com\/avatar\/ae2f4d718e6c49043e314ce431e7e645d646302a24a5ef5a8bc8e3f5a032e319?s=96&d=mm&r=g","url":"https:\/\/secure.gravatar.com\/avatar\/ae2f4d718e6c49043e314ce431e7e645d646302a24a5ef5a8bc8e3f5a032e319?s=96&d=mm&r=g","contentUrl":"https:\/\/secure.gravatar.com\/avatar\/ae2f4d718e6c49043e314ce431e7e645d646302a24a5ef5a8bc8e3f5a032e319?s=96&d=mm&r=g","caption":"admin"},"sameAs":["https:\/\/www.organisator.ch"],"url":"https:\/\/www.organisator.ch\/de\/author\/admin\/"}]}},"_links":{"self":[{"href":"https:\/\/www.organisator.ch\/de\/wp-json\/wp\/v2\/posts\/874","targetHints":{"allow":["GET"]}}],"collection":[{"href":"https:\/\/www.organisator.ch\/de\/wp-json\/wp\/v2\/posts"}],"about":[{"href":"https:\/\/www.organisator.ch\/de\/wp-json\/wp\/v2\/types\/post"}],"author":[{"embeddable":true,"href":"https:\/\/www.organisator.ch\/de\/wp-json\/wp\/v2\/users\/1"}],"replies":[{"embeddable":true,"href":"https:\/\/www.organisator.ch\/de\/wp-json\/wp\/v2\/comments?post=874"}],"version-history":[{"count":0,"href":"https:\/\/www.organisator.ch\/de\/wp-json\/wp\/v2\/posts\/874\/revisions"}],"wp:featuredmedia":[{"embeddable":true,"href":"https:\/\/www.organisator.ch\/de\/wp-json\/wp\/v2\/media\/877"}],"wp:attachment":[{"href":"https:\/\/www.organisator.ch\/de\/wp-json\/wp\/v2\/media?parent=874"}],"wp:term":[{"taxonomy":"category","embeddable":true,"href":"https:\/\/www.organisator.ch\/de\/wp-json\/wp\/v2\/categories?post=874"},{"taxonomy":"post_tag","embeddable":true,"href":"https:\/\/www.organisator.ch\/de\/wp-json\/wp\/v2\/tags?post=874"}],"curies":[{"name":"wp","href":"https:\/\/api.w.org\/{rel}","templated":true}]}}