{"id":880,"date":"2016-07-08T17:23:50","date_gmt":"2016-07-08T15:23:50","guid":{"rendered":"http:\/\/dev.organisator.ch\/?p=880"},"modified":"2016-07-08T17:23:50","modified_gmt":"2016-07-08T15:23:50","slug":"eine-hilfs-hotline-fuer-fuehrungskraefte","status":"publish","type":"post","link":"https:\/\/www.organisator.ch\/de\/human-resources\/fit_im_job\/2016-07-08\/eine-hilfs-hotline-fuer-fuehrungskraefte\/","title":{"rendered":"Eine Hilfs-Hotline f\u00fcr F\u00fchrungskr\u00e4fte"},"content":{"rendered":"<figure id=\"attachment_883\" aria-describedby=\"caption-attachment-883\" style=\"width: 640px\" class=\"wp-caption alignnone\"><img loading=\"lazy\" decoding=\"async\" class=\"size-full wp-image-883\" src=\"https:\/\/www.organisator.ch\/wp-content\/uploads\/2016\/12\/Eine-Hilfs-Hotline-fuer-Fuehrungskraefte-organisator.jpg\" alt=\"\" width=\"640\" height=\"477\" srcset=\"https:\/\/www.organisator.ch\/wp-content\/uploads\/2016\/12\/Eine-Hilfs-Hotline-fuer-Fuehrungskraefte-organisator.jpg 640w, https:\/\/www.organisator.ch\/wp-content\/uploads\/2016\/12\/Eine-Hilfs-Hotline-fuer-Fuehrungskraefte-organisator-16x12.jpg 16w, https:\/\/www.organisator.ch\/wp-content\/uploads\/2016\/12\/Eine-Hilfs-Hotline-fuer-Fuehrungskraefte-organisator-235x175.jpg 235w, https:\/\/www.organisator.ch\/wp-content\/uploads\/2016\/12\/Eine-Hilfs-Hotline-fuer-Fuehrungskraefte-organisator-470x350.jpg 470w, https:\/\/www.organisator.ch\/wp-content\/uploads\/2016\/12\/Eine-Hilfs-Hotline-fuer-Fuehrungskraefte-organisator-300x224.jpg 300w\" sizes=\"auto, (max-width: 640px) 100vw, 640px\" \/><figcaption id=\"caption-attachment-883\" class=\"wp-caption-text\">Wenn F\u00fchrungskr\u00e4fte nicht mehr weiter wissen: Die F\u00fchrungs-Hotline bietet Hilfe. (Foto: Gerd Altmann \/ pixelio.de)<\/figcaption><\/figure>\n<p>Was tun, wenn ein Mitarbeiter von Suizid spricht? Was, wenn ein Liquidit\u00e4tsengpass droht? Oder das eigene Unternehmen auf Social Media angegriffen wird? F\u00fchrungskr\u00e4fte sind oft mit schwierigen Fragen konfrontiert. Wissen sie nicht mehr weiter, k\u00f6nnen sie sich neu an die erste F\u00fchrungs-Hotline\u00ae der Schweiz wenden: Unter der Telefonnummer 071 523 88 88 bekommen sie Ratschl\u00e4ge zu diversen Themen.<\/p>\n<p><strong>Kleine Firmen &#8211; grosse Probleme<\/strong><\/p>\n<p>Die F\u00fchrungs-Hotline\u00ae wurde am 7. Juli 2016 offiziell mit einem \u201eKick-Off-Anlass\u201c gestartet. Seit diesem Datum steht diese Dienstleistung zur Verf\u00fcgung \u2013 vor allem f\u00fcr KMU. Denn f\u00fcr diese wirken sich ver\u00e4ndernde Rahmenbedingungen \u2013 politisch, \u00f6konomisch, sozial, technologisch, regulatorisch oder \u00f6kologisch \u2013 unmittelbar aus, wie Dr. Urs Frey vom KMU-Institut der HSG in einem Gastreferat erl\u00e4uterte. KMU, vor allem die \u201egrosse Masse\u201c der Kleinstunternehmen mit weniger als 10 Mitarbeitenden, h\u00e4tten in den wenigsten F\u00e4llen gen\u00fcgend Ressourcen, um akute Probleme selbst zu l\u00f6sen \u2013 mit entsprechenden Folgen, die sich letztlich auch dramatisch entwickeln k\u00f6nnen.<\/p>\n<p><strong>Den Bedarf nachgewiesen<\/strong><\/p>\n<p>Initiiert und entwickelt wurde die F\u00fchrungs-Hotline\u00ae von den Ostschweizer Unternehmensberatern Guido Kriech und Bettina Osterwalder. Beide trafen in ihrer Arbeit immer wieder auf Situationen, wo es letztlich um mehr als nur um Entwicklung von Unternehmensstrategien ging, n\u00e4mlich um tiefer liegende F\u00fchrungsprobleme. : \u201eWir haben in unserer Arbeit festgestellt, dass ein Bed\u00fcrfnis f\u00fcr eine schnelle Interventionsm\u00f6glichkeit bei akuten F\u00fchrungsproblemen besteht\u201c, sagt Guido Kriech. \u201eF\u00fchrungsfehler haben nicht geahnte Folgen \u2013 gesundheitlich und betriebswirtschaftlich. Und es fehlen entsprechende Pr\u00e4ventionskonzepte. Diese L\u00fccke wollen wir mit der F\u00fchrungs-Hotline\u00ae schliessen.\u201c Guido Kriech, \u201eKMU-Beratung-Kriech\u201c in St. Gallen, und Bettina Osterwalder, \u201eBO-Consulting\u201c in Wil, betreiben die Hotline administrativ und personell.<\/p>\n<p><strong>Zusammenarbeit mit Fach-Partnern<\/strong><\/p>\n<p>Damit die ganze Bandbreite an m\u00f6glichen Fragestellungen abgedeckt werden kann, arbeitet die F\u00fchrungs-Hotline\u00ae mit verschiedenen Fach-Partnern zusammen. Die Hotline dient als erste Anlaufstelle bei einem Problem. K\u00f6nnen die Mitarbeiterinnen und Mitarbeiter der Hotline das Problem nicht direkt selbst l\u00f6sen, vermitteln sie Spezialisten, die dem Anrufer weiterhelfen: Bei einer Suizidgef\u00e4hrdung werden beispielsweise medizinische Fachpersonen vermittelt, bei einem drohenden Liquidit\u00e4tsengpass hilft schliesslich ein Finanzberater weiter, bei einem Social-Media-Angriff ein Kommunikationsprofi. Unter der Telefonnummer werden zudem auch generelle F\u00fchrungsfragen beantwortet, genauso wie arbeits- und vertragsrechtliche Fragen und Marketingfragen. Kurz: Die F\u00fchrungs-Hotline\u00ae ist die richtige Nummer bei allen Fragen, die F\u00fchrungspersonen besch\u00e4ftigen.<\/p>\n<p><strong>Erh\u00e4ltlich im Abo<\/strong><\/p>\n<p>F\u00fcr die Kunden sind verschiedene Abo-Modelle vorgesehen, bei denen eine bestimmte Anzahl Anrufe f\u00fcr einen festen Betrag eingeschlossen sind. Der erste Anruf ist jeweils kostenlos. Ein einmaliger Anruf mit sofortiger Erstberatung kostet 50 Franken. Folgende Abos stehen derzeit im Angebot:<\/p>\n<p>5 f\u00fcr 4\u00a0\u00a0\u00a0\u00a0\u00a0\u00a0\u00a0\u00a0\u00a0\u00a0\u00a0\u00a0\u00a0 \u00a0 200.&#8211;\u00a0\u00a0\u00a0\u00a0\u00a0\u00a0\u00a0\u00a0\u00a0\u00a0\u00a0\u00a0 d.h. der erste Anruf ist kostenlos<\/p>\n<p>10 f\u00fcr 9 \u00a0\u00a0\u00a0\u00a0\u00a0\u00a0\u00a0\u00a0\u00a0\u00a0 \u00a0\u00a0450.&#8211;<\/p>\n<p>15 f\u00fcr 14\u00a0\u00a0\u00a0\u00a0\u00a0\u00a0\u00a0\u00a0\u00a0\u00a0 \u00a0 700.&#8211;<\/p>\n<p>20 f\u00fcr 19\u00a0\u00a0\u00a0\u00a0\u00a0\u00a0\u00a0\u00a0\u00a0\u00a0 \u00a0 950.&#8211;<\/p>\n<p>25 f\u00fcr 24\u00a0\u00a0\u00a0\u00a0\u00a0\u00a0\u00a0\u00a0\u00a0\u00a0 1\u2018200.&#8211;<\/p>\n<p><em>Weitere Informationen: <a href=\"\/deloitte-im-vierten-jahr-in-folge-tax-firm-of-the-year\/?preview_id=531&amp;preview_nonce=51ffa562e7&amp;post_format=standard&amp;_thumbnail_id=532&amp;preview=true\" target=\"_blank\" data-cke-saved-href=\"\/de\" rel=\"noopener\">www.f\u00fchrungshotline.ch<\/a><\/em><\/p>\n<figure id=\"attachment_886\" aria-describedby=\"caption-attachment-886\" style=\"width: 640px\" class=\"wp-caption alignnone\"><img loading=\"lazy\" decoding=\"async\" class=\"size-full wp-image-886\" src=\"https:\/\/www.organisator.ch\/wp-content\/uploads\/2016\/12\/Eine-Hilfs-Hotline-fuer-Fuehrungskraefte2-organisator.jpg\" alt=\"\" width=\"640\" height=\"453\" srcset=\"https:\/\/www.organisator.ch\/wp-content\/uploads\/2016\/12\/Eine-Hilfs-Hotline-fuer-Fuehrungskraefte2-organisator.jpg 640w, https:\/\/www.organisator.ch\/wp-content\/uploads\/2016\/12\/Eine-Hilfs-Hotline-fuer-Fuehrungskraefte2-organisator-16x12.jpg 16w, https:\/\/www.organisator.ch\/wp-content\/uploads\/2016\/12\/Eine-Hilfs-Hotline-fuer-Fuehrungskraefte2-organisator-247x175.jpg 247w, https:\/\/www.organisator.ch\/wp-content\/uploads\/2016\/12\/Eine-Hilfs-Hotline-fuer-Fuehrungskraefte2-organisator-494x350.jpg 494w, https:\/\/www.organisator.ch\/wp-content\/uploads\/2016\/12\/Eine-Hilfs-Hotline-fuer-Fuehrungskraefte2-organisator-300x212.jpg 300w\" sizes=\"auto, (max-width: 640px) 100vw, 640px\" \/><figcaption id=\"caption-attachment-886\" class=\"wp-caption-text\">Kick-Off der F\u00fchrungs-Hotline vom 7. Juli 2016: Moderatorin Claudia L\u00e4sser (links) im Gespr\u00e4ch mit Bettina Osterwalder, Mit-Entwicklerin der F\u00fchrungs-Hotline. (Bild: T. Berner)<\/figcaption><\/figure>\n","protected":false},"excerpt":{"rendered":"<p>Was tun, wenn ein Mitarbeiter von Suizid spricht? Was, wenn ein Liquidit\u00e4tsengpass droht? Oder das eigene Unternehmen auf Social Media angegriffen wird? F\u00fchrungskr\u00e4fte sind oft mit schwierigen Fragen konfrontiert. Wissen sie nicht mehr weiter, k\u00f6nnen sie sich neu an die erste F\u00fchrungs-Hotline\u00ae der Schweiz wenden: Unter der Telefonnummer 071 523 88 88 bekommen sie Ratschl\u00e4ge [&hellip;]<\/p>\n","protected":false},"author":1,"featured_media":883,"comment_status":"open","ping_status":"open","sticky":false,"template":"","format":"standard","meta":{"_acf_changed":false,"_yoast_wpseo_focuskw":"Hilfs-Hotline","_yoast_wpseo_metadesc":"Am 7. Juli wurde eine Hotline f\u00fcr Unternehmer und F\u00fchrungskr\u00e4fte lanciert. Unter der Telefonnummer 071 523 88 88 bekommen sie k\u00fcnftig Ratschl\u00e4ge.","articlekey":"","footnotes":""},"categories":[25],"tags":[76,77,208,496],"class_list":["post-880","post","type-post","status-publish","format-standard","has-post-thumbnail","hentry","category-fit_im_job","tag-betriebliches","tag-betriebliches-gesundheitsmanagement","tag-fit-im-job","tag-unternehmensfuehrung"],"acf":[],"yoast_head":"<!-- This site is optimized with the Yoast SEO plugin v27.5 - https:\/\/yoast.com\/product\/yoast-seo-wordpress\/ -->\n<title>Eine Hilfs-Hotline f\u00fcr F\u00fchrungskr\u00e4fte - Organisator<\/title>\n<meta name=\"description\" content=\"Am 7. Juli wurde eine Hotline f\u00fcr Unternehmer und F\u00fchrungskr\u00e4fte lanciert. Unter der Telefonnummer 071 523 88 88 bekommen sie k\u00fcnftig Ratschl\u00e4ge.\" \/>\n<meta name=\"robots\" content=\"index, follow, max-snippet:-1, max-image-preview:large, max-video-preview:-1\" \/>\n<link rel=\"canonical\" href=\"https:\/\/www.organisator.ch\/de\/human-resources\/fit_im_job\/2016-07-08\/eine-hilfs-hotline-fuer-fuehrungskraefte\/\" \/>\n<meta property=\"og:locale\" content=\"de_DE\" \/>\n<meta property=\"og:type\" content=\"article\" \/>\n<meta property=\"og:title\" content=\"Eine Hilfs-Hotline f\u00fcr F\u00fchrungskr\u00e4fte\" \/>\n<meta property=\"og:description\" content=\"Am 7. Juli wurde die schweizweit erste Hotline f\u00fcr Unternehmer und F\u00fchrungskr\u00e4fte lanciert. Unter der Telefonnummer 071 523 88 88 bekommen sie k\u00fcnftig Ratschl\u00e4ge zu diversen Themen. Dies in Krisensituationen jeder Art, aber auch, wenn sie mit ihrem eigenen Fachwissen nicht mehr weiterkommen.\" \/>\n<meta property=\"og:url\" content=\"https:\/\/www.organisator.ch\/de\/human-resources\/fit_im_job\/2016-07-08\/eine-hilfs-hotline-fuer-fuehrungskraefte\/\" \/>\n<meta property=\"og:site_name\" content=\"Organisator\" \/>\n<meta property=\"article:publisher\" content=\"https:\/\/www.facebook.com\/OrganisatorFachmagazin\" \/>\n<meta property=\"article:published_time\" content=\"2016-07-08T15:23:50+00:00\" \/>\n<meta name=\"author\" content=\"admin\" \/>\n<meta name=\"twitter:card\" content=\"summary_large_image\" \/>\n<meta name=\"twitter:image\" content=\"https:\/\/www.organisator.ch\/wp-content\/uploads\/2016\/12\/Eine-Hilfs-Hotline-fuer-Fuehrungskraefte-organisator.jpg\" \/>\n<script type=\"application\/ld+json\" class=\"yoast-schema-graph\">{\"@context\":\"https:\\\/\\\/schema.org\",\"@graph\":[{\"@type\":\"Article\",\"@id\":\"https:\\\/\\\/www.organisator.ch\\\/human-resources\\\/fit_im_job\\\/2016-07-08\\\/eine-hilfs-hotline-fuer-fuehrungskraefte\\\/#article\",\"isPartOf\":{\"@id\":\"https:\\\/\\\/www.organisator.ch\\\/human-resources\\\/fit_im_job\\\/2016-07-08\\\/eine-hilfs-hotline-fuer-fuehrungskraefte\\\/\"},\"author\":{\"name\":\"admin\",\"@id\":\"https:\\\/\\\/www.organisator.ch\\\/#\\\/schema\\\/person\\\/aa2bace6c5c5aad60102004a50c4eb1c\"},\"headline\":\"Eine Hilfs-Hotline f\u00fcr F\u00fchrungskr\u00e4fte\",\"datePublished\":\"2016-07-08T15:23:50+00:00\",\"mainEntityOfPage\":{\"@id\":\"https:\\\/\\\/www.organisator.ch\\\/human-resources\\\/fit_im_job\\\/2016-07-08\\\/eine-hilfs-hotline-fuer-fuehrungskraefte\\\/\"},\"wordCount\":522,\"commentCount\":0,\"publisher\":{\"@id\":\"https:\\\/\\\/www.organisator.ch\\\/#organization\"},\"image\":{\"@id\":\"https:\\\/\\\/www.organisator.ch\\\/human-resources\\\/fit_im_job\\\/2016-07-08\\\/eine-hilfs-hotline-fuer-fuehrungskraefte\\\/#primaryimage\"},\"thumbnailUrl\":\"https:\\\/\\\/www.organisator.ch\\\/wp-content\\\/uploads\\\/2016\\\/12\\\/Eine-Hilfs-Hotline-fuer-Fuehrungskraefte-organisator.jpg\",\"keywords\":[\"Betriebliches\",\"Betriebliches Gesundheitsmanagement\",\"Fit im Job\",\"Unternehmensf\u00fchrung\"],\"articleSection\":[\"FIT IM JOB\"],\"inLanguage\":\"de\"},{\"@type\":\"WebPage\",\"@id\":\"https:\\\/\\\/www.organisator.ch\\\/human-resources\\\/fit_im_job\\\/2016-07-08\\\/eine-hilfs-hotline-fuer-fuehrungskraefte\\\/\",\"url\":\"https:\\\/\\\/www.organisator.ch\\\/human-resources\\\/fit_im_job\\\/2016-07-08\\\/eine-hilfs-hotline-fuer-fuehrungskraefte\\\/\",\"name\":\"Eine Hilfs-Hotline f\u00fcr F\u00fchrungskr\u00e4fte - Organisator\",\"isPartOf\":{\"@id\":\"https:\\\/\\\/www.organisator.ch\\\/#website\"},\"primaryImageOfPage\":{\"@id\":\"https:\\\/\\\/www.organisator.ch\\\/human-resources\\\/fit_im_job\\\/2016-07-08\\\/eine-hilfs-hotline-fuer-fuehrungskraefte\\\/#primaryimage\"},\"image\":{\"@id\":\"https:\\\/\\\/www.organisator.ch\\\/human-resources\\\/fit_im_job\\\/2016-07-08\\\/eine-hilfs-hotline-fuer-fuehrungskraefte\\\/#primaryimage\"},\"thumbnailUrl\":\"https:\\\/\\\/www.organisator.ch\\\/wp-content\\\/uploads\\\/2016\\\/12\\\/Eine-Hilfs-Hotline-fuer-Fuehrungskraefte-organisator.jpg\",\"datePublished\":\"2016-07-08T15:23:50+00:00\",\"description\":\"Am 7. Juli wurde eine Hotline f\u00fcr Unternehmer und F\u00fchrungskr\u00e4fte lanciert. Unter der Telefonnummer 071 523 88 88 bekommen sie k\u00fcnftig Ratschl\u00e4ge.\",\"breadcrumb\":{\"@id\":\"https:\\\/\\\/www.organisator.ch\\\/human-resources\\\/fit_im_job\\\/2016-07-08\\\/eine-hilfs-hotline-fuer-fuehrungskraefte\\\/#breadcrumb\"},\"inLanguage\":\"de\",\"potentialAction\":[{\"@type\":\"ReadAction\",\"target\":[\"https:\\\/\\\/www.organisator.ch\\\/human-resources\\\/fit_im_job\\\/2016-07-08\\\/eine-hilfs-hotline-fuer-fuehrungskraefte\\\/\"]}]},{\"@type\":\"ImageObject\",\"inLanguage\":\"de\",\"@id\":\"https:\\\/\\\/www.organisator.ch\\\/human-resources\\\/fit_im_job\\\/2016-07-08\\\/eine-hilfs-hotline-fuer-fuehrungskraefte\\\/#primaryimage\",\"url\":\"https:\\\/\\\/www.organisator.ch\\\/wp-content\\\/uploads\\\/2016\\\/12\\\/Eine-Hilfs-Hotline-fuer-Fuehrungskraefte-organisator.jpg\",\"contentUrl\":\"https:\\\/\\\/www.organisator.ch\\\/wp-content\\\/uploads\\\/2016\\\/12\\\/Eine-Hilfs-Hotline-fuer-Fuehrungskraefte-organisator.jpg\",\"width\":640,\"height\":477,\"caption\":\"Wenn F\u00fchrungskr\u00e4fte nicht mehr weiter wissen: Die F\u00fchrungs-Hotline bietet Hilfe. (Foto: Gerd Altmann \\\/ pixelio.de)\"},{\"@type\":\"BreadcrumbList\",\"@id\":\"https:\\\/\\\/www.organisator.ch\\\/human-resources\\\/fit_im_job\\\/2016-07-08\\\/eine-hilfs-hotline-fuer-fuehrungskraefte\\\/#breadcrumb\",\"itemListElement\":[{\"@type\":\"ListItem\",\"position\":1,\"name\":\"Home\",\"item\":\"https:\\\/\\\/www.organisator.ch\\\/\"},{\"@type\":\"ListItem\",\"position\":2,\"name\":\"Eine Hilfs-Hotline f\u00fcr F\u00fchrungskr\u00e4fte\"}]},{\"@type\":\"WebSite\",\"@id\":\"https:\\\/\\\/www.organisator.ch\\\/#website\",\"url\":\"https:\\\/\\\/www.organisator.ch\\\/\",\"name\":\"Organisator\",\"description\":\"Kompetent. Praxisnah. Der ORGANISATOR bereitet in 10 Ausgaben pro Jahr die wesentlichen Themen f\u00fcr F\u00fchrungskr\u00e4fte von KMU auf.\",\"publisher\":{\"@id\":\"https:\\\/\\\/www.organisator.ch\\\/#organization\"},\"potentialAction\":[{\"@type\":\"SearchAction\",\"target\":{\"@type\":\"EntryPoint\",\"urlTemplate\":\"https:\\\/\\\/www.organisator.ch\\\/?s={search_term_string}\"},\"query-input\":{\"@type\":\"PropertyValueSpecification\",\"valueRequired\":true,\"valueName\":\"search_term_string\"}}],\"inLanguage\":\"de\"},{\"@type\":\"Organization\",\"@id\":\"https:\\\/\\\/www.organisator.ch\\\/#organization\",\"name\":\"Organisator\",\"url\":\"https:\\\/\\\/www.organisator.ch\\\/\",\"logo\":{\"@type\":\"ImageObject\",\"inLanguage\":\"de\",\"@id\":\"https:\\\/\\\/www.organisator.ch\\\/#\\\/schema\\\/logo\\\/image\\\/\",\"url\":\"https:\\\/\\\/www.organisator.ch\\\/wp-content\\\/uploads\\\/2022\\\/01\\\/Logo_Organisator_Website.png\",\"contentUrl\":\"https:\\\/\\\/www.organisator.ch\\\/wp-content\\\/uploads\\\/2022\\\/01\\\/Logo_Organisator_Website.png\",\"width\":800,\"height\":77,\"caption\":\"Organisator\"},\"image\":{\"@id\":\"https:\\\/\\\/www.organisator.ch\\\/#\\\/schema\\\/logo\\\/image\\\/\"},\"sameAs\":[\"https:\\\/\\\/www.facebook.com\\\/OrganisatorFachmagazin\",\"https:\\\/\\\/www.linkedin.com\\\/showcase\\\/organisator-das-magazin-fr-kmu\",\"https:\\\/\\\/www.xing.com\\\/news\\\/pages\\\/organisator-ch-695\",\"https:\\\/\\\/www.youtube.com\\\/channel\\\/UCGP2Sq0iWaZwT3BdIAQFYpw\"]},{\"@type\":\"Person\",\"@id\":\"https:\\\/\\\/www.organisator.ch\\\/#\\\/schema\\\/person\\\/aa2bace6c5c5aad60102004a50c4eb1c\",\"name\":\"admin\",\"image\":{\"@type\":\"ImageObject\",\"inLanguage\":\"de\",\"@id\":\"https:\\\/\\\/secure.gravatar.com\\\/avatar\\\/ae2f4d718e6c49043e314ce431e7e645d646302a24a5ef5a8bc8e3f5a032e319?s=96&d=mm&r=g\",\"url\":\"https:\\\/\\\/secure.gravatar.com\\\/avatar\\\/ae2f4d718e6c49043e314ce431e7e645d646302a24a5ef5a8bc8e3f5a032e319?s=96&d=mm&r=g\",\"contentUrl\":\"https:\\\/\\\/secure.gravatar.com\\\/avatar\\\/ae2f4d718e6c49043e314ce431e7e645d646302a24a5ef5a8bc8e3f5a032e319?s=96&d=mm&r=g\",\"caption\":\"admin\"},\"sameAs\":[\"https:\\\/\\\/www.organisator.ch\"],\"url\":\"https:\\\/\\\/www.organisator.ch\\\/de\\\/author\\\/admin\\\/\"}]}<\/script>\n<!-- \/ Yoast SEO plugin. -->","yoast_head_json":{"title":"Eine Hilfs-Hotline f\u00fcr F\u00fchrungskr\u00e4fte - Organisator","description":"Am 7. Juli wurde eine Hotline f\u00fcr Unternehmer und F\u00fchrungskr\u00e4fte lanciert. Unter der Telefonnummer 071 523 88 88 bekommen sie k\u00fcnftig Ratschl\u00e4ge.","robots":{"index":"index","follow":"follow","max-snippet":"max-snippet:-1","max-image-preview":"max-image-preview:large","max-video-preview":"max-video-preview:-1"},"canonical":"https:\/\/www.organisator.ch\/de\/human-resources\/fit_im_job\/2016-07-08\/eine-hilfs-hotline-fuer-fuehrungskraefte\/","og_locale":"de_DE","og_type":"article","og_title":"Eine Hilfs-Hotline f\u00fcr F\u00fchrungskr\u00e4fte","og_description":"Am 7. Juli wurde die schweizweit erste Hotline f\u00fcr Unternehmer und F\u00fchrungskr\u00e4fte lanciert. Unter der Telefonnummer 071 523 88 88 bekommen sie k\u00fcnftig Ratschl\u00e4ge zu diversen Themen. Dies in Krisensituationen jeder Art, aber auch, wenn sie mit ihrem eigenen Fachwissen nicht mehr weiterkommen.","og_url":"https:\/\/www.organisator.ch\/de\/human-resources\/fit_im_job\/2016-07-08\/eine-hilfs-hotline-fuer-fuehrungskraefte\/","og_site_name":"Organisator","article_publisher":"https:\/\/www.facebook.com\/OrganisatorFachmagazin","article_published_time":"2016-07-08T15:23:50+00:00","author":"admin","twitter_card":"summary_large_image","twitter_image":"https:\/\/www.organisator.ch\/wp-content\/uploads\/2016\/12\/Eine-Hilfs-Hotline-fuer-Fuehrungskraefte-organisator.jpg","schema":{"@context":"https:\/\/schema.org","@graph":[{"@type":"Article","@id":"https:\/\/www.organisator.ch\/human-resources\/fit_im_job\/2016-07-08\/eine-hilfs-hotline-fuer-fuehrungskraefte\/#article","isPartOf":{"@id":"https:\/\/www.organisator.ch\/human-resources\/fit_im_job\/2016-07-08\/eine-hilfs-hotline-fuer-fuehrungskraefte\/"},"author":{"name":"admin","@id":"https:\/\/www.organisator.ch\/#\/schema\/person\/aa2bace6c5c5aad60102004a50c4eb1c"},"headline":"Eine Hilfs-Hotline f\u00fcr F\u00fchrungskr\u00e4fte","datePublished":"2016-07-08T15:23:50+00:00","mainEntityOfPage":{"@id":"https:\/\/www.organisator.ch\/human-resources\/fit_im_job\/2016-07-08\/eine-hilfs-hotline-fuer-fuehrungskraefte\/"},"wordCount":522,"commentCount":0,"publisher":{"@id":"https:\/\/www.organisator.ch\/#organization"},"image":{"@id":"https:\/\/www.organisator.ch\/human-resources\/fit_im_job\/2016-07-08\/eine-hilfs-hotline-fuer-fuehrungskraefte\/#primaryimage"},"thumbnailUrl":"https:\/\/www.organisator.ch\/wp-content\/uploads\/2016\/12\/Eine-Hilfs-Hotline-fuer-Fuehrungskraefte-organisator.jpg","keywords":["Betriebliches","Betriebliches Gesundheitsmanagement","Fit im Job","Unternehmensf\u00fchrung"],"articleSection":["FIT IM JOB"],"inLanguage":"de"},{"@type":"WebPage","@id":"https:\/\/www.organisator.ch\/human-resources\/fit_im_job\/2016-07-08\/eine-hilfs-hotline-fuer-fuehrungskraefte\/","url":"https:\/\/www.organisator.ch\/human-resources\/fit_im_job\/2016-07-08\/eine-hilfs-hotline-fuer-fuehrungskraefte\/","name":"Eine Hilfs-Hotline f\u00fcr F\u00fchrungskr\u00e4fte - Organisator","isPartOf":{"@id":"https:\/\/www.organisator.ch\/#website"},"primaryImageOfPage":{"@id":"https:\/\/www.organisator.ch\/human-resources\/fit_im_job\/2016-07-08\/eine-hilfs-hotline-fuer-fuehrungskraefte\/#primaryimage"},"image":{"@id":"https:\/\/www.organisator.ch\/human-resources\/fit_im_job\/2016-07-08\/eine-hilfs-hotline-fuer-fuehrungskraefte\/#primaryimage"},"thumbnailUrl":"https:\/\/www.organisator.ch\/wp-content\/uploads\/2016\/12\/Eine-Hilfs-Hotline-fuer-Fuehrungskraefte-organisator.jpg","datePublished":"2016-07-08T15:23:50+00:00","description":"Am 7. Juli wurde eine Hotline f\u00fcr Unternehmer und F\u00fchrungskr\u00e4fte lanciert. Unter der Telefonnummer 071 523 88 88 bekommen sie k\u00fcnftig Ratschl\u00e4ge.","breadcrumb":{"@id":"https:\/\/www.organisator.ch\/human-resources\/fit_im_job\/2016-07-08\/eine-hilfs-hotline-fuer-fuehrungskraefte\/#breadcrumb"},"inLanguage":"de","potentialAction":[{"@type":"ReadAction","target":["https:\/\/www.organisator.ch\/human-resources\/fit_im_job\/2016-07-08\/eine-hilfs-hotline-fuer-fuehrungskraefte\/"]}]},{"@type":"ImageObject","inLanguage":"de","@id":"https:\/\/www.organisator.ch\/human-resources\/fit_im_job\/2016-07-08\/eine-hilfs-hotline-fuer-fuehrungskraefte\/#primaryimage","url":"https:\/\/www.organisator.ch\/wp-content\/uploads\/2016\/12\/Eine-Hilfs-Hotline-fuer-Fuehrungskraefte-organisator.jpg","contentUrl":"https:\/\/www.organisator.ch\/wp-content\/uploads\/2016\/12\/Eine-Hilfs-Hotline-fuer-Fuehrungskraefte-organisator.jpg","width":640,"height":477,"caption":"Wenn F\u00fchrungskr\u00e4fte nicht mehr weiter wissen: Die F\u00fchrungs-Hotline bietet Hilfe. (Foto: Gerd Altmann \/ pixelio.de)"},{"@type":"BreadcrumbList","@id":"https:\/\/www.organisator.ch\/human-resources\/fit_im_job\/2016-07-08\/eine-hilfs-hotline-fuer-fuehrungskraefte\/#breadcrumb","itemListElement":[{"@type":"ListItem","position":1,"name":"Home","item":"https:\/\/www.organisator.ch\/"},{"@type":"ListItem","position":2,"name":"Eine Hilfs-Hotline f\u00fcr F\u00fchrungskr\u00e4fte"}]},{"@type":"WebSite","@id":"https:\/\/www.organisator.ch\/#website","url":"https:\/\/www.organisator.ch\/","name":"Organisator","description":"Kompetent. Praxisnah. Der ORGANISATOR bereitet in 10 Ausgaben pro Jahr die wesentlichen Themen f\u00fcr F\u00fchrungskr\u00e4fte von KMU auf.","publisher":{"@id":"https:\/\/www.organisator.ch\/#organization"},"potentialAction":[{"@type":"SearchAction","target":{"@type":"EntryPoint","urlTemplate":"https:\/\/www.organisator.ch\/?s={search_term_string}"},"query-input":{"@type":"PropertyValueSpecification","valueRequired":true,"valueName":"search_term_string"}}],"inLanguage":"de"},{"@type":"Organization","@id":"https:\/\/www.organisator.ch\/#organization","name":"Organisator","url":"https:\/\/www.organisator.ch\/","logo":{"@type":"ImageObject","inLanguage":"de","@id":"https:\/\/www.organisator.ch\/#\/schema\/logo\/image\/","url":"https:\/\/www.organisator.ch\/wp-content\/uploads\/2022\/01\/Logo_Organisator_Website.png","contentUrl":"https:\/\/www.organisator.ch\/wp-content\/uploads\/2022\/01\/Logo_Organisator_Website.png","width":800,"height":77,"caption":"Organisator"},"image":{"@id":"https:\/\/www.organisator.ch\/#\/schema\/logo\/image\/"},"sameAs":["https:\/\/www.facebook.com\/OrganisatorFachmagazin","https:\/\/www.linkedin.com\/showcase\/organisator-das-magazin-fr-kmu","https:\/\/www.xing.com\/news\/pages\/organisator-ch-695","https:\/\/www.youtube.com\/channel\/UCGP2Sq0iWaZwT3BdIAQFYpw"]},{"@type":"Person","@id":"https:\/\/www.organisator.ch\/#\/schema\/person\/aa2bace6c5c5aad60102004a50c4eb1c","name":"admin","image":{"@type":"ImageObject","inLanguage":"de","@id":"https:\/\/secure.gravatar.com\/avatar\/ae2f4d718e6c49043e314ce431e7e645d646302a24a5ef5a8bc8e3f5a032e319?s=96&d=mm&r=g","url":"https:\/\/secure.gravatar.com\/avatar\/ae2f4d718e6c49043e314ce431e7e645d646302a24a5ef5a8bc8e3f5a032e319?s=96&d=mm&r=g","contentUrl":"https:\/\/secure.gravatar.com\/avatar\/ae2f4d718e6c49043e314ce431e7e645d646302a24a5ef5a8bc8e3f5a032e319?s=96&d=mm&r=g","caption":"admin"},"sameAs":["https:\/\/www.organisator.ch"],"url":"https:\/\/www.organisator.ch\/de\/author\/admin\/"}]}},"_links":{"self":[{"href":"https:\/\/www.organisator.ch\/de\/wp-json\/wp\/v2\/posts\/880","targetHints":{"allow":["GET"]}}],"collection":[{"href":"https:\/\/www.organisator.ch\/de\/wp-json\/wp\/v2\/posts"}],"about":[{"href":"https:\/\/www.organisator.ch\/de\/wp-json\/wp\/v2\/types\/post"}],"author":[{"embeddable":true,"href":"https:\/\/www.organisator.ch\/de\/wp-json\/wp\/v2\/users\/1"}],"replies":[{"embeddable":true,"href":"https:\/\/www.organisator.ch\/de\/wp-json\/wp\/v2\/comments?post=880"}],"version-history":[{"count":0,"href":"https:\/\/www.organisator.ch\/de\/wp-json\/wp\/v2\/posts\/880\/revisions"}],"wp:featuredmedia":[{"embeddable":true,"href":"https:\/\/www.organisator.ch\/de\/wp-json\/wp\/v2\/media\/883"}],"wp:attachment":[{"href":"https:\/\/www.organisator.ch\/de\/wp-json\/wp\/v2\/media?parent=880"}],"wp:term":[{"taxonomy":"category","embeddable":true,"href":"https:\/\/www.organisator.ch\/de\/wp-json\/wp\/v2\/categories?post=880"},{"taxonomy":"post_tag","embeddable":true,"href":"https:\/\/www.organisator.ch\/de\/wp-json\/wp\/v2\/tags?post=880"}],"curies":[{"name":"wp","href":"https:\/\/api.w.org\/{rel}","templated":true}]}}