{"id":882,"date":"2016-09-08T17:22:56","date_gmt":"2016-09-08T15:22:56","guid":{"rendered":"http:\/\/dev.organisator.ch\/?p=882"},"modified":"2016-09-08T17:22:56","modified_gmt":"2016-09-08T15:22:56","slug":"waehlen-wir-unsere-vorgesetzen-bald-selbst","status":"publish","type":"post","link":"https:\/\/www.organisator.ch\/de\/human-resources\/hrm\/2016-09-08\/waehlen-wir-unsere-vorgesetzen-bald-selbst\/","title":{"rendered":"W\u00e4hlen wir unsere Vorgesetzten bald selbst?"},"content":{"rendered":"<figure id=\"attachment_884\" aria-describedby=\"caption-attachment-884\" style=\"width: 680px\" class=\"wp-caption alignnone\"><img loading=\"lazy\" decoding=\"async\" class=\"size-medium wp-image-884\" src=\"https:\/\/organisator.ch\/wp-content\/uploads\/2016\/12\/W\u00e4hlen-wir-unsere-Vorgesetzen-bald-selbst-organisator.png\" alt=\"\" width=\"680\" height=\"692\" \/><figcaption id=\"caption-attachment-884\" class=\"wp-caption-text\">Eine Mehrheit der Schweizerinnen und Schweizer m\u00f6chte ihre Vorgesetzten selbst w\u00e4hlen. (Grafik: Information Factory)<\/figcaption><\/figure>\n<p>Eine Mehrheit der Schweizer will Mitbestimmung in der F\u00fchrungsfrage: Erstaunlich ist dabei, dass sogar eine \u00fcberw\u00e4ltigende Mehrheit der befragten F\u00fchrungskr\u00e4fte (76 Prozent) bereit w\u00e4re, sich von ihren Mitarbeitenden w\u00e4hlen oder auch abw\u00e4hlen zu lassen. Das ist das Ergebnis der Studie \u2018Schweiz f\u00fchrt?!\u2019 von Information Factory in Zusammenarbeit mit jobs.ch und Persorama zum Thema F\u00fchrung und der neuen Rolle der Mitarbeitenden.<\/p>\n<p><strong>Keine Generationenfrage<\/strong><\/p>\n<p>Wer nun glaubt, dass dieses Resultat vor allem auf das Alter der befragten F\u00fchrungskr\u00e4fte zur\u00fcckzuf\u00fchren ist, t\u00e4uscht sich: F\u00fchrungskr\u00e4fte zwischen 30 und 50 Jahren f\u00fchren die Gruppe mit 78 Prozent an, gefolgt von den Baby Boomern (\u00fcber 50 Jahre) mit 73 Prozent und j\u00fcngeren F\u00fchrungskr\u00e4ften aus der Generation Y mit 72 Prozent. Doch obwohl Partizipation in der Schweiz zum Alltag geh\u00f6rt, ist es immer noch die Ausnahme, dass F\u00fchrungskr\u00e4fte von den Mitarbeitenden selbst gew\u00e4hlt werden d\u00fcrfen.<\/p>\n<p><strong>Mitarbeitende m\u00fcssen (fast)\u00a0die gleichen\u00a0F\u00e4higkeiten haben wie F\u00fchrungskr\u00e4fte\u00a0<\/strong><\/p>\n<p>In der Studie wurde auch die Fragestellung untersucht, ob es F\u00e4higkeiten gibt, die vor allem F\u00fchrungskr\u00e4fte besitzen und Mitarbeitende nicht. Das interessante Ergebnis: Fast alle untersuchten Skills sind f\u00fcr Mitarbeitende genauso wichtig wie f\u00fcr F\u00fchrungskr\u00e4fte. Darunter z\u00e4hlen eine professionelle Kommunikation, Aufbau und Pflege von arbeitsbezogenen Beziehungen sowie die F\u00e4higkeit, sich gut zu organisieren.<\/p>\n<p>Zu den am h\u00e4ufigsten genannten Aufgaben\/F\u00e4higkeiten, die gem\u00e4ss Studienteilnehmer in erster Linie die F\u00fchrungskr\u00e4fte besitzen, geh\u00f6ren: weitreichende Entscheidungen treffen (40 Prozent) und Verantwortung \u00fcbernehmen (24 Prozent). Gem\u00e4ss eigener Einsch\u00e4tzung sind F\u00fchrungs-kr\u00e4fte auch st\u00e4rker, wenn es um strategisches und konzeptionelles Denken und Handeln geht sowie darum, Change Prozesse erfolgreich zu gestalten. Nur 43 Prozent sehen letztere F\u00e4higkeiten bei ihren Mitarbeitenden.<\/p>\n<p><strong>F\u00fchrung funktioniert auch ohne Machtaus\u00fcbung<\/strong><\/p>\n<p>&#8222;Unsere Studie zeigt, dass Machtaus\u00fcbung als Bestandteil der F\u00fchrungsaktivit\u00e4t weiter in den Hintergrund r\u00fcckt. Die Frage, die sich dann stellt ist, wie starke F\u00fchrung mit immer weniger Macht funktionieren soll&#8220;, erkl\u00e4rt Claudia Conrads, Beraterin bei Information Factory, Z\u00fcrich. \u201eDar\u00fcber hinaus haben 58 Prozent aller Studienteilnehmer angegeben, dass sich ihr Unternehmen aktuell in einem Change Prozess befindet. Wenn man bedenkt, dass die Verantwortung f\u00fcr den erfolgreichen Umbau mehr oder weniger alleine bei den F\u00fchrungskr\u00e4ften liegen soll, dann ist nachvollziehbar, dass mehr als die H\u00e4lfte der Befragten nicht glaubt, dass ihr Unternehmen diese Ver\u00e4nderungsprozesse meistern kann.&#8220;<\/p>\n<p><strong>Weitere Studienergebnisse<\/strong><\/p>\n<p>An der Online-Umfrage beteiligten sich insgesamt 2\u2018414 Personen, davon 1\u2018353 Mitarbeitende ohne F\u00fchrungsverantwortung, 788 F\u00fchrungskr\u00e4fte und 273 HR-Fachleute. Die Befragung wurde von M\u00e4rz bis Juni 2016 durchgef\u00fchrt. Die Studie brachte auch weitere Ergebnisse zu Tage:<\/p>\n<ul>\n<li>Ein deutlicher Unterschied konnte bei der Identifikation mit der Arbeit festgestellt werden: F\u00fchrungskr\u00e4fte identifizieren sich in \u00fcberw\u00e4ltigenden 75 Prozent der F\u00e4lle mit der eigenen Arbeit. Und auch bei den HR-Fachleuten herrscht eine grosse Zufriedenheit mit dem eigenen Job (72 Prozent). Hingegen gaben nur 54 Prozent der Mitarbeitenden an sich mit ihrer Arbeit identifizieren zu k\u00f6nnen.<\/li>\n<li>Identifikation und Sinnerleben bei der j\u00fcngeren Generation vergleichsweise schlecht: F\u00fchlen Sie sich zu Ihrer Arbeit berufen? Wenn ja, dann geh\u00f6ren Sie mit hoher Wahrscheinlichkeit zu der Altersgruppe \u00fcber 30 Jahre. Die Baby Boomer, also Personen \u00fcber 50 Jahre, f\u00fchlen die st\u00e4rkste Berufung (74%) und die Generation Y, Personen unter 30 Jahre, die geringste (49%).<\/li>\n<li>Dass man in puncto Arbeitgeberattraktivit\u00e4t noch aufholen muss, best\u00e4tigt das Ergebnis der Weiterempfehlungswahrscheinlichkeit, die auf einer 10-stufigen Skala abgefragt wurde. Ganze 56 Prozent empfehlen ihr Unternehmen nicht weiter (Detractors). Und nur 17 Prozent der Arbeitnehmer w\u00fcrden ihr Unternehmen uneingeschr\u00e4nkt weiterempfehlen (Promoters). 26 Prozent stehen der Weiterempfehlung neutral gegen\u00fcber (Neutrals).<\/li>\n<li>Durch die zunehmende Vernetzung von M\u00e4rkten steigt die Komplexit\u00e4t der zu bew\u00e4ltigenden Aufgaben in Unternehmen. Teamarbeit wird immer wichtiger, weil viele Aufgaben nur durch die Kombination unterschiedlicher Spezialisierungen gel\u00f6st werden k\u00f6nnen.<\/li>\n<li>Die wichtigste F\u00e4higkeit von F\u00fchrungskr\u00e4ften und Mitarbeitenden ist die Kommunikationsf\u00e4higkeit. Der am meisten genannte Grund, warum Teamarbeit scheitert, ist mangelnde oder schlechte Kommunikation.<\/li>\n<li>Das F\u00fchren von virtuellen Teams stellt neue Anforderungen an die F\u00fchrungskr\u00e4fte. F\u00fchrung wird globaler und damit auch digital. In der Schweiz ist das F\u00fchren mit elektronischen Medien wie Online-Feedbacksystemen bereits in vielen Branchen etabliert. Ganz vorne im Branchenvergleich: IT, Versicherungen und Banken.<\/li>\n<li>Was macht Arbeitgeber attraktiv? Am wichtigsten sind mit 51 Prozent ein nettes Team, 50 Prozent Spass an der Arbeit, 48 Prozent Work-Life-Balance, 42 Prozent Karriere, 38 Prozent gute Bezahlung.<\/li>\n<\/ul>\n","protected":false},"excerpt":{"rendered":"<p>Eine Mehrheit der Schweizer will Mitbestimmung in der F\u00fchrungsfrage: Erstaunlich ist dabei, dass sogar eine \u00fcberw\u00e4ltigende Mehrheit der befragten F\u00fchrungskr\u00e4fte (76 Prozent) bereit w\u00e4re, sich von ihren Mitarbeitenden w\u00e4hlen oder auch abw\u00e4hlen zu lassen. Das ist das Ergebnis der Studie \u2018Schweiz f\u00fchrt?!\u2019 von Information Factory in Zusammenarbeit mit jobs.ch und Persorama zum Thema F\u00fchrung und [&hellip;]<\/p>\n","protected":false},"author":1,"featured_media":884,"comment_status":"open","ping_status":"open","sticky":false,"template":"","format":"standard","meta":{"_acf_changed":false,"_yoast_wpseo_focuskw":"Vorgesetzen","_yoast_wpseo_metadesc":"Wenn es nach der Mehrheit der Schweizerinnen und Schweizer: Ja! Denn 76 Prozent der Angestellten m\u00f6chten mitbestimmen, wer ihnen vor die Nase gesetzt wird.","articlekey":"","footnotes":""},"categories":[26],"tags":[51,496],"class_list":["post-882","post","type-post","status-publish","format-standard","has-post-thumbnail","hentry","category-hrm","tag-arbeitsplatzgestaltung","tag-unternehmensfuehrung"],"acf":[],"yoast_head":"<!-- This site is optimized with the Yoast SEO plugin v27.5 - https:\/\/yoast.com\/product\/yoast-seo-wordpress\/ -->\n<title>W\u00e4hlen wir unsere Vorgesetzten bald selbst? - Organisator<\/title>\n<meta name=\"description\" content=\"Wenn es nach der Mehrheit der Schweizerinnen und Schweizer: Ja! Denn 76 Prozent der Angestellten m\u00f6chten mitbestimmen, wer ihnen vor die Nase gesetzt wird.\" \/>\n<meta name=\"robots\" content=\"index, follow, max-snippet:-1, max-image-preview:large, max-video-preview:-1\" \/>\n<link rel=\"canonical\" href=\"https:\/\/www.organisator.ch\/de\/human-resources\/hrm\/2016-09-08\/waehlen-wir-unsere-vorgesetzen-bald-selbst\/\" \/>\n<meta property=\"og:locale\" content=\"de_DE\" \/>\n<meta property=\"og:type\" content=\"article\" \/>\n<meta property=\"og:title\" content=\"W\u00e4hlen wir unsere Vorgesetzten bald selbst?\" \/>\n<meta property=\"og:description\" content=\"Werden F\u00fchrungskr\u00e4fte demn\u00e4chst von ihren Mitarbeitenden demokratisch gew\u00e4hlt? Wenn es nach der Mehrheit der Schweizerinnen und Schweizer geht lautet die Antwort ganz klar: Ja! Denn 76 Prozent der Angestellten m\u00f6chten mitbestimmen, wer ihnen vor die Nase gesetzt wird.\" \/>\n<meta property=\"og:url\" content=\"https:\/\/www.organisator.ch\/de\/human-resources\/hrm\/2016-09-08\/waehlen-wir-unsere-vorgesetzen-bald-selbst\/\" \/>\n<meta property=\"og:site_name\" content=\"Organisator\" \/>\n<meta property=\"article:publisher\" content=\"https:\/\/www.facebook.com\/OrganisatorFachmagazin\" \/>\n<meta property=\"article:published_time\" content=\"2016-09-08T15:22:56+00:00\" \/>\n<meta name=\"author\" content=\"admin\" \/>\n<meta name=\"twitter:card\" content=\"summary_large_image\" \/>\n<meta name=\"twitter:image\" content=\"https:\/\/www.organisator.ch\/wp-content\/uploads\/2016\/12\/Waehlen-wir-unsere-Vorgesetzen-bald-selbst-organisator.png\" \/>\n<script type=\"application\/ld+json\" class=\"yoast-schema-graph\">{\"@context\":\"https:\\\/\\\/schema.org\",\"@graph\":[{\"@type\":\"Article\",\"@id\":\"https:\\\/\\\/www.organisator.ch\\\/human-resources\\\/hrm\\\/2016-09-08\\\/waehlen-wir-unsere-vorgesetzen-bald-selbst\\\/#article\",\"isPartOf\":{\"@id\":\"https:\\\/\\\/www.organisator.ch\\\/human-resources\\\/hrm\\\/2016-09-08\\\/waehlen-wir-unsere-vorgesetzen-bald-selbst\\\/\"},\"author\":{\"name\":\"admin\",\"@id\":\"https:\\\/\\\/www.organisator.ch\\\/#\\\/schema\\\/person\\\/aa2bace6c5c5aad60102004a50c4eb1c\"},\"headline\":\"W\u00e4hlen wir unsere Vorgesetzten bald selbst?\",\"datePublished\":\"2016-09-08T15:22:56+00:00\",\"mainEntityOfPage\":{\"@id\":\"https:\\\/\\\/www.organisator.ch\\\/human-resources\\\/hrm\\\/2016-09-08\\\/waehlen-wir-unsere-vorgesetzen-bald-selbst\\\/\"},\"wordCount\":777,\"commentCount\":0,\"publisher\":{\"@id\":\"https:\\\/\\\/www.organisator.ch\\\/#organization\"},\"image\":{\"@id\":\"https:\\\/\\\/www.organisator.ch\\\/human-resources\\\/hrm\\\/2016-09-08\\\/waehlen-wir-unsere-vorgesetzen-bald-selbst\\\/#primaryimage\"},\"thumbnailUrl\":\"https:\\\/\\\/www.organisator.ch\\\/wp-content\\\/uploads\\\/2016\\\/12\\\/Waehlen-wir-unsere-Vorgesetzen-bald-selbst-organisator.png\",\"keywords\":[\"Arbeitsplatzgestaltung\",\"Unternehmensf\u00fchrung\"],\"articleSection\":[\"HRM\"],\"inLanguage\":\"de\"},{\"@type\":\"WebPage\",\"@id\":\"https:\\\/\\\/www.organisator.ch\\\/human-resources\\\/hrm\\\/2016-09-08\\\/waehlen-wir-unsere-vorgesetzen-bald-selbst\\\/\",\"url\":\"https:\\\/\\\/www.organisator.ch\\\/human-resources\\\/hrm\\\/2016-09-08\\\/waehlen-wir-unsere-vorgesetzen-bald-selbst\\\/\",\"name\":\"W\u00e4hlen wir unsere Vorgesetzten bald selbst? - Organisator\",\"isPartOf\":{\"@id\":\"https:\\\/\\\/www.organisator.ch\\\/#website\"},\"primaryImageOfPage\":{\"@id\":\"https:\\\/\\\/www.organisator.ch\\\/human-resources\\\/hrm\\\/2016-09-08\\\/waehlen-wir-unsere-vorgesetzen-bald-selbst\\\/#primaryimage\"},\"image\":{\"@id\":\"https:\\\/\\\/www.organisator.ch\\\/human-resources\\\/hrm\\\/2016-09-08\\\/waehlen-wir-unsere-vorgesetzen-bald-selbst\\\/#primaryimage\"},\"thumbnailUrl\":\"https:\\\/\\\/www.organisator.ch\\\/wp-content\\\/uploads\\\/2016\\\/12\\\/Waehlen-wir-unsere-Vorgesetzen-bald-selbst-organisator.png\",\"datePublished\":\"2016-09-08T15:22:56+00:00\",\"description\":\"Wenn es nach der Mehrheit der Schweizerinnen und Schweizer: Ja! Denn 76 Prozent der Angestellten m\u00f6chten mitbestimmen, wer ihnen vor die Nase gesetzt wird.\",\"breadcrumb\":{\"@id\":\"https:\\\/\\\/www.organisator.ch\\\/human-resources\\\/hrm\\\/2016-09-08\\\/waehlen-wir-unsere-vorgesetzen-bald-selbst\\\/#breadcrumb\"},\"inLanguage\":\"de\",\"potentialAction\":[{\"@type\":\"ReadAction\",\"target\":[\"https:\\\/\\\/www.organisator.ch\\\/human-resources\\\/hrm\\\/2016-09-08\\\/waehlen-wir-unsere-vorgesetzen-bald-selbst\\\/\"]}]},{\"@type\":\"ImageObject\",\"inLanguage\":\"de\",\"@id\":\"https:\\\/\\\/www.organisator.ch\\\/human-resources\\\/hrm\\\/2016-09-08\\\/waehlen-wir-unsere-vorgesetzen-bald-selbst\\\/#primaryimage\",\"url\":\"https:\\\/\\\/www.organisator.ch\\\/wp-content\\\/uploads\\\/2016\\\/12\\\/Waehlen-wir-unsere-Vorgesetzen-bald-selbst-organisator.png\",\"contentUrl\":\"https:\\\/\\\/www.organisator.ch\\\/wp-content\\\/uploads\\\/2016\\\/12\\\/Waehlen-wir-unsere-Vorgesetzen-bald-selbst-organisator.png\",\"width\":766,\"height\":779,\"caption\":\"Eine Mehrheit der Schweizerinnen und Schweizer m\u00f6chte ihre Vorgesetzten selbst w\u00e4hlen. (Grafik: Information Factory)\"},{\"@type\":\"BreadcrumbList\",\"@id\":\"https:\\\/\\\/www.organisator.ch\\\/human-resources\\\/hrm\\\/2016-09-08\\\/waehlen-wir-unsere-vorgesetzen-bald-selbst\\\/#breadcrumb\",\"itemListElement\":[{\"@type\":\"ListItem\",\"position\":1,\"name\":\"Home\",\"item\":\"https:\\\/\\\/www.organisator.ch\\\/\"},{\"@type\":\"ListItem\",\"position\":2,\"name\":\"W\u00e4hlen wir unsere Vorgesetzten bald selbst?\"}]},{\"@type\":\"WebSite\",\"@id\":\"https:\\\/\\\/www.organisator.ch\\\/#website\",\"url\":\"https:\\\/\\\/www.organisator.ch\\\/\",\"name\":\"Organisator\",\"description\":\"Kompetent. Praxisnah. Der ORGANISATOR bereitet in 10 Ausgaben pro Jahr die wesentlichen Themen f\u00fcr F\u00fchrungskr\u00e4fte von KMU auf.\",\"publisher\":{\"@id\":\"https:\\\/\\\/www.organisator.ch\\\/#organization\"},\"potentialAction\":[{\"@type\":\"SearchAction\",\"target\":{\"@type\":\"EntryPoint\",\"urlTemplate\":\"https:\\\/\\\/www.organisator.ch\\\/?s={search_term_string}\"},\"query-input\":{\"@type\":\"PropertyValueSpecification\",\"valueRequired\":true,\"valueName\":\"search_term_string\"}}],\"inLanguage\":\"de\"},{\"@type\":\"Organization\",\"@id\":\"https:\\\/\\\/www.organisator.ch\\\/#organization\",\"name\":\"Organisator\",\"url\":\"https:\\\/\\\/www.organisator.ch\\\/\",\"logo\":{\"@type\":\"ImageObject\",\"inLanguage\":\"de\",\"@id\":\"https:\\\/\\\/www.organisator.ch\\\/#\\\/schema\\\/logo\\\/image\\\/\",\"url\":\"https:\\\/\\\/www.organisator.ch\\\/wp-content\\\/uploads\\\/2022\\\/01\\\/Logo_Organisator_Website.png\",\"contentUrl\":\"https:\\\/\\\/www.organisator.ch\\\/wp-content\\\/uploads\\\/2022\\\/01\\\/Logo_Organisator_Website.png\",\"width\":800,\"height\":77,\"caption\":\"Organisator\"},\"image\":{\"@id\":\"https:\\\/\\\/www.organisator.ch\\\/#\\\/schema\\\/logo\\\/image\\\/\"},\"sameAs\":[\"https:\\\/\\\/www.facebook.com\\\/OrganisatorFachmagazin\",\"https:\\\/\\\/www.linkedin.com\\\/showcase\\\/organisator-das-magazin-fr-kmu\",\"https:\\\/\\\/www.xing.com\\\/news\\\/pages\\\/organisator-ch-695\",\"https:\\\/\\\/www.youtube.com\\\/channel\\\/UCGP2Sq0iWaZwT3BdIAQFYpw\"]},{\"@type\":\"Person\",\"@id\":\"https:\\\/\\\/www.organisator.ch\\\/#\\\/schema\\\/person\\\/aa2bace6c5c5aad60102004a50c4eb1c\",\"name\":\"admin\",\"image\":{\"@type\":\"ImageObject\",\"inLanguage\":\"de\",\"@id\":\"https:\\\/\\\/secure.gravatar.com\\\/avatar\\\/ae2f4d718e6c49043e314ce431e7e645d646302a24a5ef5a8bc8e3f5a032e319?s=96&d=mm&r=g\",\"url\":\"https:\\\/\\\/secure.gravatar.com\\\/avatar\\\/ae2f4d718e6c49043e314ce431e7e645d646302a24a5ef5a8bc8e3f5a032e319?s=96&d=mm&r=g\",\"contentUrl\":\"https:\\\/\\\/secure.gravatar.com\\\/avatar\\\/ae2f4d718e6c49043e314ce431e7e645d646302a24a5ef5a8bc8e3f5a032e319?s=96&d=mm&r=g\",\"caption\":\"admin\"},\"sameAs\":[\"https:\\\/\\\/www.organisator.ch\"],\"url\":\"https:\\\/\\\/www.organisator.ch\\\/de\\\/author\\\/admin\\\/\"}]}<\/script>\n<!-- \/ Yoast SEO plugin. -->","yoast_head_json":{"title":"W\u00e4hlen wir unsere Vorgesetzten bald selbst? - Organisator","description":"Wenn es nach der Mehrheit der Schweizerinnen und Schweizer: Ja! Denn 76 Prozent der Angestellten m\u00f6chten mitbestimmen, wer ihnen vor die Nase gesetzt wird.","robots":{"index":"index","follow":"follow","max-snippet":"max-snippet:-1","max-image-preview":"max-image-preview:large","max-video-preview":"max-video-preview:-1"},"canonical":"https:\/\/www.organisator.ch\/de\/human-resources\/hrm\/2016-09-08\/waehlen-wir-unsere-vorgesetzen-bald-selbst\/","og_locale":"de_DE","og_type":"article","og_title":"W\u00e4hlen wir unsere Vorgesetzten bald selbst?","og_description":"Werden F\u00fchrungskr\u00e4fte demn\u00e4chst von ihren Mitarbeitenden demokratisch gew\u00e4hlt? Wenn es nach der Mehrheit der Schweizerinnen und Schweizer geht lautet die Antwort ganz klar: Ja! Denn 76 Prozent der Angestellten m\u00f6chten mitbestimmen, wer ihnen vor die Nase gesetzt wird.","og_url":"https:\/\/www.organisator.ch\/de\/human-resources\/hrm\/2016-09-08\/waehlen-wir-unsere-vorgesetzen-bald-selbst\/","og_site_name":"Organisator","article_publisher":"https:\/\/www.facebook.com\/OrganisatorFachmagazin","article_published_time":"2016-09-08T15:22:56+00:00","author":"admin","twitter_card":"summary_large_image","twitter_image":"https:\/\/www.organisator.ch\/wp-content\/uploads\/2016\/12\/Waehlen-wir-unsere-Vorgesetzen-bald-selbst-organisator.png","schema":{"@context":"https:\/\/schema.org","@graph":[{"@type":"Article","@id":"https:\/\/www.organisator.ch\/human-resources\/hrm\/2016-09-08\/waehlen-wir-unsere-vorgesetzen-bald-selbst\/#article","isPartOf":{"@id":"https:\/\/www.organisator.ch\/human-resources\/hrm\/2016-09-08\/waehlen-wir-unsere-vorgesetzen-bald-selbst\/"},"author":{"name":"admin","@id":"https:\/\/www.organisator.ch\/#\/schema\/person\/aa2bace6c5c5aad60102004a50c4eb1c"},"headline":"W\u00e4hlen wir unsere Vorgesetzten bald selbst?","datePublished":"2016-09-08T15:22:56+00:00","mainEntityOfPage":{"@id":"https:\/\/www.organisator.ch\/human-resources\/hrm\/2016-09-08\/waehlen-wir-unsere-vorgesetzen-bald-selbst\/"},"wordCount":777,"commentCount":0,"publisher":{"@id":"https:\/\/www.organisator.ch\/#organization"},"image":{"@id":"https:\/\/www.organisator.ch\/human-resources\/hrm\/2016-09-08\/waehlen-wir-unsere-vorgesetzen-bald-selbst\/#primaryimage"},"thumbnailUrl":"https:\/\/www.organisator.ch\/wp-content\/uploads\/2016\/12\/Waehlen-wir-unsere-Vorgesetzen-bald-selbst-organisator.png","keywords":["Arbeitsplatzgestaltung","Unternehmensf\u00fchrung"],"articleSection":["HRM"],"inLanguage":"de"},{"@type":"WebPage","@id":"https:\/\/www.organisator.ch\/human-resources\/hrm\/2016-09-08\/waehlen-wir-unsere-vorgesetzen-bald-selbst\/","url":"https:\/\/www.organisator.ch\/human-resources\/hrm\/2016-09-08\/waehlen-wir-unsere-vorgesetzen-bald-selbst\/","name":"W\u00e4hlen wir unsere Vorgesetzten bald selbst? - Organisator","isPartOf":{"@id":"https:\/\/www.organisator.ch\/#website"},"primaryImageOfPage":{"@id":"https:\/\/www.organisator.ch\/human-resources\/hrm\/2016-09-08\/waehlen-wir-unsere-vorgesetzen-bald-selbst\/#primaryimage"},"image":{"@id":"https:\/\/www.organisator.ch\/human-resources\/hrm\/2016-09-08\/waehlen-wir-unsere-vorgesetzen-bald-selbst\/#primaryimage"},"thumbnailUrl":"https:\/\/www.organisator.ch\/wp-content\/uploads\/2016\/12\/Waehlen-wir-unsere-Vorgesetzen-bald-selbst-organisator.png","datePublished":"2016-09-08T15:22:56+00:00","description":"Wenn es nach der Mehrheit der Schweizerinnen und Schweizer: Ja! Denn 76 Prozent der Angestellten m\u00f6chten mitbestimmen, wer ihnen vor die Nase gesetzt wird.","breadcrumb":{"@id":"https:\/\/www.organisator.ch\/human-resources\/hrm\/2016-09-08\/waehlen-wir-unsere-vorgesetzen-bald-selbst\/#breadcrumb"},"inLanguage":"de","potentialAction":[{"@type":"ReadAction","target":["https:\/\/www.organisator.ch\/human-resources\/hrm\/2016-09-08\/waehlen-wir-unsere-vorgesetzen-bald-selbst\/"]}]},{"@type":"ImageObject","inLanguage":"de","@id":"https:\/\/www.organisator.ch\/human-resources\/hrm\/2016-09-08\/waehlen-wir-unsere-vorgesetzen-bald-selbst\/#primaryimage","url":"https:\/\/www.organisator.ch\/wp-content\/uploads\/2016\/12\/Waehlen-wir-unsere-Vorgesetzen-bald-selbst-organisator.png","contentUrl":"https:\/\/www.organisator.ch\/wp-content\/uploads\/2016\/12\/Waehlen-wir-unsere-Vorgesetzen-bald-selbst-organisator.png","width":766,"height":779,"caption":"Eine Mehrheit der Schweizerinnen und Schweizer m\u00f6chte ihre Vorgesetzten selbst w\u00e4hlen. (Grafik: Information Factory)"},{"@type":"BreadcrumbList","@id":"https:\/\/www.organisator.ch\/human-resources\/hrm\/2016-09-08\/waehlen-wir-unsere-vorgesetzen-bald-selbst\/#breadcrumb","itemListElement":[{"@type":"ListItem","position":1,"name":"Home","item":"https:\/\/www.organisator.ch\/"},{"@type":"ListItem","position":2,"name":"W\u00e4hlen wir unsere Vorgesetzten bald selbst?"}]},{"@type":"WebSite","@id":"https:\/\/www.organisator.ch\/#website","url":"https:\/\/www.organisator.ch\/","name":"Organisator","description":"Kompetent. Praxisnah. Der ORGANISATOR bereitet in 10 Ausgaben pro Jahr die wesentlichen Themen f\u00fcr F\u00fchrungskr\u00e4fte von KMU auf.","publisher":{"@id":"https:\/\/www.organisator.ch\/#organization"},"potentialAction":[{"@type":"SearchAction","target":{"@type":"EntryPoint","urlTemplate":"https:\/\/www.organisator.ch\/?s={search_term_string}"},"query-input":{"@type":"PropertyValueSpecification","valueRequired":true,"valueName":"search_term_string"}}],"inLanguage":"de"},{"@type":"Organization","@id":"https:\/\/www.organisator.ch\/#organization","name":"Organisator","url":"https:\/\/www.organisator.ch\/","logo":{"@type":"ImageObject","inLanguage":"de","@id":"https:\/\/www.organisator.ch\/#\/schema\/logo\/image\/","url":"https:\/\/www.organisator.ch\/wp-content\/uploads\/2022\/01\/Logo_Organisator_Website.png","contentUrl":"https:\/\/www.organisator.ch\/wp-content\/uploads\/2022\/01\/Logo_Organisator_Website.png","width":800,"height":77,"caption":"Organisator"},"image":{"@id":"https:\/\/www.organisator.ch\/#\/schema\/logo\/image\/"},"sameAs":["https:\/\/www.facebook.com\/OrganisatorFachmagazin","https:\/\/www.linkedin.com\/showcase\/organisator-das-magazin-fr-kmu","https:\/\/www.xing.com\/news\/pages\/organisator-ch-695","https:\/\/www.youtube.com\/channel\/UCGP2Sq0iWaZwT3BdIAQFYpw"]},{"@type":"Person","@id":"https:\/\/www.organisator.ch\/#\/schema\/person\/aa2bace6c5c5aad60102004a50c4eb1c","name":"admin","image":{"@type":"ImageObject","inLanguage":"de","@id":"https:\/\/secure.gravatar.com\/avatar\/ae2f4d718e6c49043e314ce431e7e645d646302a24a5ef5a8bc8e3f5a032e319?s=96&d=mm&r=g","url":"https:\/\/secure.gravatar.com\/avatar\/ae2f4d718e6c49043e314ce431e7e645d646302a24a5ef5a8bc8e3f5a032e319?s=96&d=mm&r=g","contentUrl":"https:\/\/secure.gravatar.com\/avatar\/ae2f4d718e6c49043e314ce431e7e645d646302a24a5ef5a8bc8e3f5a032e319?s=96&d=mm&r=g","caption":"admin"},"sameAs":["https:\/\/www.organisator.ch"],"url":"https:\/\/www.organisator.ch\/de\/author\/admin\/"}]}},"_links":{"self":[{"href":"https:\/\/www.organisator.ch\/de\/wp-json\/wp\/v2\/posts\/882","targetHints":{"allow":["GET"]}}],"collection":[{"href":"https:\/\/www.organisator.ch\/de\/wp-json\/wp\/v2\/posts"}],"about":[{"href":"https:\/\/www.organisator.ch\/de\/wp-json\/wp\/v2\/types\/post"}],"author":[{"embeddable":true,"href":"https:\/\/www.organisator.ch\/de\/wp-json\/wp\/v2\/users\/1"}],"replies":[{"embeddable":true,"href":"https:\/\/www.organisator.ch\/de\/wp-json\/wp\/v2\/comments?post=882"}],"version-history":[{"count":0,"href":"https:\/\/www.organisator.ch\/de\/wp-json\/wp\/v2\/posts\/882\/revisions"}],"wp:featuredmedia":[{"embeddable":true,"href":"https:\/\/www.organisator.ch\/de\/wp-json\/wp\/v2\/media\/884"}],"wp:attachment":[{"href":"https:\/\/www.organisator.ch\/de\/wp-json\/wp\/v2\/media?parent=882"}],"wp:term":[{"taxonomy":"category","embeddable":true,"href":"https:\/\/www.organisator.ch\/de\/wp-json\/wp\/v2\/categories?post=882"},{"taxonomy":"post_tag","embeddable":true,"href":"https:\/\/www.organisator.ch\/de\/wp-json\/wp\/v2\/tags?post=882"}],"curies":[{"name":"wp","href":"https:\/\/api.w.org\/{rel}","templated":true}]}}