{"id":887,"date":"2017-03-16T16:00:20","date_gmt":"2017-03-16T15:00:20","guid":{"rendered":"https:\/\/www.umweltperspektiven.ch\/?p=887"},"modified":"2017-03-16T16:00:20","modified_gmt":"2017-03-16T15:00:20","slug":"schwimmend-zum-schweizer-nachhaltigkeitspreis","status":"publish","type":"post","link":"https:\/\/www.organisator.ch\/de\/allgemein\/2017-03-16\/schwimmend-zum-schweizer-nachhaltigkeitspreis\/","title":{"rendered":"Schwimmend zum Schweizer Nachhaltigkeitspreis"},"content":{"rendered":"<figure id=\"attachment_888\" aria-describedby=\"caption-attachment-888\" style=\"width: 680px\" class=\"wp-caption alignnone\"><img loading=\"lazy\" decoding=\"async\" class=\"size-medium wp-image-888\" src=\"\/\/www.umweltperspektiven.ch\/wp-content\/uploads\/2017\/03\/Bromeis-1183.jpg\" alt=\"\" width=\"680\" height=\"453\" \/><figcaption id=\"caption-attachment-888\" class=\"wp-caption-text\">Der Hoffnungstr\u00e4ger Ernst Bromeis ist Wasserbotschafter und Grenzschwimmer. (Bild: eco.ch)<\/figcaption><\/figure>\n<p>Wasserbotschafter und Expeditionsschwimmer Ernst Bromeis ist diesj\u00e4hriger Preistr\u00e4ger des\u00a0Schweizer Nachhaltigkeitspreises <a href=\"\/\/www.eco.ch\/prix\/\">prix eco.ch<\/a> in der Kategorie \u201eHoffnungstr\u00e4ger\u201c. eco.ch, das\u00a0Schweizer Forum f\u00fcr Nachhaltige Entwicklung, wird ihm den Preis am 31. M\u00e4rz im Theater Basel\u00a0\u00fcberreichen. \u201eWir freuen uns sehr, dass wir mit Ernst Bromeis eine so engagierte Pers\u00f6nlichkeit\u00a0auszeichnen d\u00fcrfen, die sich seit Jahren leidenschaftlich f\u00fcr freien Zugang zu sauberem Wasser in\u00a0der Welt einsetzt\u201c, freute sich Beat Jans, Pr\u00e4sident des Vereins eco.ch, an der Medienkonferenz von eco.ch.<\/p>\n<p>Mit dem prix eco.ch belohnt der Verein das Engagement von\u00a0Einzelpersonen und Organisationen f\u00fcr eine lebenswerte und nachhaltige Zukunft. Ernst Bromeis\u00a0erl\u00e4uterte: \u201eDer prix eco.ch ist f\u00fcr mich Motivation, meinen pers\u00f6nlichen Weg als Wasserbotschafter\u00a0weiter zu gehen. Der Preis soll auch allen Kraft geben, die zweifeln, den eigenen Weg zu gehen und\u00a0f\u00fcr eigene \u00dcberzeugungen einzustehen.\u201c<\/p>\n<p><strong>\u201eWir alle brauchen Wasser, um zu leben\u201c<\/strong><br \/>\nDer Davoser Bromeis betreibt seit 2007 das Projekt \u201eDas blaue Wunder\u201c, in dessen Fokus das\u00a0Wasser als Menschen- und Lebensrecht sowie als allgemeine Existenzgrundlage steht. \u201eNichts\u00a0verbindet uns Menschen und alles Leben mehr als das Wasser. Wir alle brauchen Wasser um zu\u00a0leben. Die Frage ist nicht, ob wir es nutzen, sondern wie wir Wasser nutzen. In dieser Frage und\u00a0deren L\u00f6sungen zeigt sich unsere ganze Verantwortung, auch in der Schweiz, ob wir das Wasser\u00a0als Lebensquelle leihen oder es nur verbrauchen\u201c, sagte Bromeis. Regelm\u00e4ssig macht er mit\u00a0Wasserexpeditionen und Aktionen auf das Menschenrecht auf Wasser aufmerksam. So auch heute,\u00a0als er sich vor versammelten Medien in Basel bei der Klingental-F\u00e4hre in die Fluten des Rheins\u00a0st\u00fcrzte und dort, umgeben von kiloweise PET- und anderem Plastikm\u00fcll, schwamm.<\/p>\n<p><strong>Rhein ist mit Mikroplastik verschmutzt<\/strong><br \/>\nDiese Aktion von eco.ch und Ernst Bromeis sollte verbildlichen, wie viel Mikroplastik durch den\u00a0Basler Rhein fliesst. Von blossem Auge ist es zwar nicht sichtbar, doch der Rhein ist erheblich mit\u00a0Mikroplastik verschmutzt, wie Patricia Holm, Leiterin des Programms Mensch Gesellschaft Umwelt\u00a0an der Universit\u00e4t Basel, erl\u00e4uterte. Der Rhein geh\u00f6rt von den \u00fcber ihre L\u00e4nge untersuchten\u00a0grossen Fliessgew\u00e4ssern mit zu den am st\u00e4rksten belasteten Str\u00f6men weltweit. \u201eRund 30\u00a0Kilogramm Mikroplastik, zu dem kleinste Plastikteile unter 5 Millimetern z\u00e4hlen, werden vom Rhein\u00a0pro Tag in die Nordsee getragen\u201c, sagte sie. Im Jahr summiert sich das auf 10 Tonnen. Diese\u00a0Plastikteilchen treten als Zwischenprodukt bei der Kunststoffherstellung sowie als Granulat in\u00a0Reinigungs- und Pflegeprodukten auf und entstehen bei der Zersetzung gr\u00f6sserer Plastikteile in der\u00a0Umwelt. In den Weltmeeren, wo der Plastikabfall in allen Formen und Gr\u00f6ssen als riesige Inseln\u00a0treibt, werden diese Partikel von zahlreichen Organismen aufgenommen \u2013 von Protozoen bis zum\u00a0Bartenwal.<\/p>\n","protected":false},"excerpt":{"rendered":"<p>Wasserbotschafter und Expeditionsschwimmer Ernst Bromeis ist diesj\u00e4hriger Preistr\u00e4ger des\u00a0Schweizer Nachhaltigkeitspreises prix eco.ch in der Kategorie \u201eHoffnungstr\u00e4ger\u201c. eco.ch, das\u00a0Schweizer Forum f\u00fcr Nachhaltige Entwicklung, wird ihm den Preis am 31. M\u00e4rz im Theater Basel\u00a0\u00fcberreichen. \u201eWir freuen uns sehr, dass wir mit Ernst Bromeis eine so engagierte Pers\u00f6nlichkeit\u00a0auszeichnen d\u00fcrfen, die sich seit Jahren leidenschaftlich f\u00fcr freien Zugang zu [&hellip;]<\/p>\n","protected":false},"author":1,"featured_media":9479,"comment_status":"open","ping_status":"open","sticky":false,"template":"","format":"standard","meta":{"_acf_changed":false,"_yoast_wpseo_focuskw":"Nachhaltigkeitspreis","_yoast_wpseo_metadesc":"Expeditionsschwimmer und Wasserbotschafter Ernst Bromeis wurde zum Preistr\u00e4ger des Schweizer Nachhaltigkeitspreises 2017 gew\u00e4hlt.","articlekey":"","footnotes":""},"categories":[1],"tags":[1792,1949,2330],"class_list":["post-887","post","type-post","status-publish","format-standard","has-post-thumbnail","hentry","category-allgemein","tag-nachhaltigkeitspreis","tag-prix-eco-ch","tag-trinkwasser"],"acf":[],"yoast_head":"<!-- This site is optimized with the Yoast SEO plugin v27.4 - https:\/\/yoast.com\/product\/yoast-seo-wordpress\/ -->\n<title>Schwimmend zum Schweizer Nachhaltigkeitspreis - Organisator<\/title>\n<meta name=\"description\" content=\"Expeditionsschwimmer und Wasserbotschafter Ernst Bromeis wurde zum Preistr\u00e4ger des Schweizer Nachhaltigkeitspreises 2017 gew\u00e4hlt.\" \/>\n<meta name=\"robots\" content=\"index, follow, max-snippet:-1, max-image-preview:large, max-video-preview:-1\" \/>\n<link rel=\"canonical\" href=\"https:\/\/www.organisator.ch\/de\/allgemein\/2017-03-16\/schwimmend-zum-schweizer-nachhaltigkeitspreis\/\" \/>\n<meta property=\"og:locale\" content=\"de_DE\" \/>\n<meta property=\"og:type\" content=\"article\" \/>\n<meta property=\"og:title\" content=\"Schwimmend zum Schweizer Nachhaltigkeitspreis - Organisator\" \/>\n<meta property=\"og:description\" content=\"Expeditionsschwimmer und Wasserbotschafter Ernst Bromeis wurde zum Preistr\u00e4ger des Schweizer Nachhaltigkeitspreises 2017 gew\u00e4hlt.\" \/>\n<meta property=\"og:url\" content=\"https:\/\/www.organisator.ch\/de\/allgemein\/2017-03-16\/schwimmend-zum-schweizer-nachhaltigkeitspreis\/\" \/>\n<meta property=\"og:site_name\" content=\"Organisator\" \/>\n<meta property=\"article:publisher\" content=\"https:\/\/www.facebook.com\/OrganisatorFachmagazin\" \/>\n<meta property=\"article:published_time\" content=\"2017-03-16T15:00:20+00:00\" \/>\n<meta property=\"og:image\" content=\"https:\/\/www.organisator.ch\/wp-content\/uploads\/2017\/03\/Bromeis-1183-scaled.jpg\" \/>\n\t<meta property=\"og:image:width\" content=\"2560\" \/>\n\t<meta property=\"og:image:height\" content=\"1706\" \/>\n\t<meta property=\"og:image:type\" content=\"image\/jpeg\" \/>\n<meta name=\"author\" content=\"admin\" \/>\n<meta name=\"twitter:card\" content=\"summary_large_image\" \/>\n<script type=\"application\/ld+json\" class=\"yoast-schema-graph\">{\"@context\":\"https:\\\/\\\/schema.org\",\"@graph\":[{\"@type\":\"Article\",\"@id\":\"https:\\\/\\\/www.organisator.ch\\\/de\\\/allgemein\\\/2017-03-16\\\/schwimmend-zum-schweizer-nachhaltigkeitspreis\\\/#article\",\"isPartOf\":{\"@id\":\"https:\\\/\\\/www.organisator.ch\\\/de\\\/allgemein\\\/2017-03-16\\\/schwimmend-zum-schweizer-nachhaltigkeitspreis\\\/\"},\"author\":{\"name\":\"admin\",\"@id\":\"https:\\\/\\\/www.organisator.ch\\\/#\\\/schema\\\/person\\\/aa2bace6c5c5aad60102004a50c4eb1c\"},\"headline\":\"Schwimmend zum Schweizer Nachhaltigkeitspreis\",\"datePublished\":\"2017-03-16T15:00:20+00:00\",\"mainEntityOfPage\":{\"@id\":\"https:\\\/\\\/www.organisator.ch\\\/de\\\/allgemein\\\/2017-03-16\\\/schwimmend-zum-schweizer-nachhaltigkeitspreis\\\/\"},\"wordCount\":477,\"commentCount\":0,\"publisher\":{\"@id\":\"https:\\\/\\\/www.organisator.ch\\\/#organization\"},\"image\":{\"@id\":\"https:\\\/\\\/www.organisator.ch\\\/de\\\/allgemein\\\/2017-03-16\\\/schwimmend-zum-schweizer-nachhaltigkeitspreis\\\/#primaryimage\"},\"thumbnailUrl\":\"https:\\\/\\\/www.organisator.ch\\\/wp-content\\\/uploads\\\/2017\\\/03\\\/Bromeis-1183-scaled.jpg\",\"keywords\":[\"Nachhaltigkeitspreis\",\"prix eco.ch\",\"Trinkwasser\"],\"inLanguage\":\"de\"},{\"@type\":\"WebPage\",\"@id\":\"https:\\\/\\\/www.organisator.ch\\\/de\\\/allgemein\\\/2017-03-16\\\/schwimmend-zum-schweizer-nachhaltigkeitspreis\\\/\",\"url\":\"https:\\\/\\\/www.organisator.ch\\\/de\\\/allgemein\\\/2017-03-16\\\/schwimmend-zum-schweizer-nachhaltigkeitspreis\\\/\",\"name\":\"Schwimmend zum Schweizer Nachhaltigkeitspreis - Organisator\",\"isPartOf\":{\"@id\":\"https:\\\/\\\/www.organisator.ch\\\/#website\"},\"primaryImageOfPage\":{\"@id\":\"https:\\\/\\\/www.organisator.ch\\\/de\\\/allgemein\\\/2017-03-16\\\/schwimmend-zum-schweizer-nachhaltigkeitspreis\\\/#primaryimage\"},\"image\":{\"@id\":\"https:\\\/\\\/www.organisator.ch\\\/de\\\/allgemein\\\/2017-03-16\\\/schwimmend-zum-schweizer-nachhaltigkeitspreis\\\/#primaryimage\"},\"thumbnailUrl\":\"https:\\\/\\\/www.organisator.ch\\\/wp-content\\\/uploads\\\/2017\\\/03\\\/Bromeis-1183-scaled.jpg\",\"datePublished\":\"2017-03-16T15:00:20+00:00\",\"description\":\"Expeditionsschwimmer und Wasserbotschafter Ernst Bromeis wurde zum Preistr\u00e4ger des Schweizer Nachhaltigkeitspreises 2017 gew\u00e4hlt.\",\"breadcrumb\":{\"@id\":\"https:\\\/\\\/www.organisator.ch\\\/de\\\/allgemein\\\/2017-03-16\\\/schwimmend-zum-schweizer-nachhaltigkeitspreis\\\/#breadcrumb\"},\"inLanguage\":\"de\",\"potentialAction\":[{\"@type\":\"ReadAction\",\"target\":[\"https:\\\/\\\/www.organisator.ch\\\/de\\\/allgemein\\\/2017-03-16\\\/schwimmend-zum-schweizer-nachhaltigkeitspreis\\\/\"]}]},{\"@type\":\"ImageObject\",\"inLanguage\":\"de\",\"@id\":\"https:\\\/\\\/www.organisator.ch\\\/de\\\/allgemein\\\/2017-03-16\\\/schwimmend-zum-schweizer-nachhaltigkeitspreis\\\/#primaryimage\",\"url\":\"https:\\\/\\\/www.organisator.ch\\\/wp-content\\\/uploads\\\/2017\\\/03\\\/Bromeis-1183-scaled.jpg\",\"contentUrl\":\"https:\\\/\\\/www.organisator.ch\\\/wp-content\\\/uploads\\\/2017\\\/03\\\/Bromeis-1183-scaled.jpg\",\"width\":2560,\"height\":1706,\"caption\":\"Der Hoffnungstr\u00e4ger Ernst Bromeis ist Wasserbotschafter und Grenzschwimmer.\"},{\"@type\":\"BreadcrumbList\",\"@id\":\"https:\\\/\\\/www.organisator.ch\\\/de\\\/allgemein\\\/2017-03-16\\\/schwimmend-zum-schweizer-nachhaltigkeitspreis\\\/#breadcrumb\",\"itemListElement\":[{\"@type\":\"ListItem\",\"position\":1,\"name\":\"Home\",\"item\":\"https:\\\/\\\/www.organisator.ch\\\/\"},{\"@type\":\"ListItem\",\"position\":2,\"name\":\"Schwimmend zum Schweizer Nachhaltigkeitspreis\"}]},{\"@type\":\"WebSite\",\"@id\":\"https:\\\/\\\/www.organisator.ch\\\/#website\",\"url\":\"https:\\\/\\\/www.organisator.ch\\\/\",\"name\":\"Organisator\",\"description\":\"Kompetent. Praxisnah. Der ORGANISATOR bereitet in 10 Ausgaben pro Jahr die wesentlichen Themen f\u00fcr F\u00fchrungskr\u00e4fte von KMU auf.\",\"publisher\":{\"@id\":\"https:\\\/\\\/www.organisator.ch\\\/#organization\"},\"potentialAction\":[{\"@type\":\"SearchAction\",\"target\":{\"@type\":\"EntryPoint\",\"urlTemplate\":\"https:\\\/\\\/www.organisator.ch\\\/?s={search_term_string}\"},\"query-input\":{\"@type\":\"PropertyValueSpecification\",\"valueRequired\":true,\"valueName\":\"search_term_string\"}}],\"inLanguage\":\"de\"},{\"@type\":\"Organization\",\"@id\":\"https:\\\/\\\/www.organisator.ch\\\/#organization\",\"name\":\"Organisator\",\"url\":\"https:\\\/\\\/www.organisator.ch\\\/\",\"logo\":{\"@type\":\"ImageObject\",\"inLanguage\":\"de\",\"@id\":\"https:\\\/\\\/www.organisator.ch\\\/#\\\/schema\\\/logo\\\/image\\\/\",\"url\":\"https:\\\/\\\/www.organisator.ch\\\/wp-content\\\/uploads\\\/2022\\\/01\\\/Logo_Organisator_Website.png\",\"contentUrl\":\"https:\\\/\\\/www.organisator.ch\\\/wp-content\\\/uploads\\\/2022\\\/01\\\/Logo_Organisator_Website.png\",\"width\":800,\"height\":77,\"caption\":\"Organisator\"},\"image\":{\"@id\":\"https:\\\/\\\/www.organisator.ch\\\/#\\\/schema\\\/logo\\\/image\\\/\"},\"sameAs\":[\"https:\\\/\\\/www.facebook.com\\\/OrganisatorFachmagazin\",\"https:\\\/\\\/www.linkedin.com\\\/showcase\\\/organisator-das-magazin-fr-kmu\",\"https:\\\/\\\/www.xing.com\\\/news\\\/pages\\\/organisator-ch-695\",\"https:\\\/\\\/www.youtube.com\\\/channel\\\/UCGP2Sq0iWaZwT3BdIAQFYpw\"]},{\"@type\":\"Person\",\"@id\":\"https:\\\/\\\/www.organisator.ch\\\/#\\\/schema\\\/person\\\/aa2bace6c5c5aad60102004a50c4eb1c\",\"name\":\"admin\",\"image\":{\"@type\":\"ImageObject\",\"inLanguage\":\"de\",\"@id\":\"https:\\\/\\\/secure.gravatar.com\\\/avatar\\\/ae2f4d718e6c49043e314ce431e7e645d646302a24a5ef5a8bc8e3f5a032e319?s=96&d=mm&r=g\",\"url\":\"https:\\\/\\\/secure.gravatar.com\\\/avatar\\\/ae2f4d718e6c49043e314ce431e7e645d646302a24a5ef5a8bc8e3f5a032e319?s=96&d=mm&r=g\",\"contentUrl\":\"https:\\\/\\\/secure.gravatar.com\\\/avatar\\\/ae2f4d718e6c49043e314ce431e7e645d646302a24a5ef5a8bc8e3f5a032e319?s=96&d=mm&r=g\",\"caption\":\"admin\"},\"sameAs\":[\"https:\\\/\\\/www.organisator.ch\"],\"url\":\"https:\\\/\\\/www.organisator.ch\\\/de\\\/author\\\/admin\\\/\"}]}<\/script>\n<!-- \/ Yoast SEO plugin. -->","yoast_head_json":{"title":"Schwimmend zum Schweizer Nachhaltigkeitspreis - Organisator","description":"Expeditionsschwimmer und Wasserbotschafter Ernst Bromeis wurde zum Preistr\u00e4ger des Schweizer Nachhaltigkeitspreises 2017 gew\u00e4hlt.","robots":{"index":"index","follow":"follow","max-snippet":"max-snippet:-1","max-image-preview":"max-image-preview:large","max-video-preview":"max-video-preview:-1"},"canonical":"https:\/\/www.organisator.ch\/de\/allgemein\/2017-03-16\/schwimmend-zum-schweizer-nachhaltigkeitspreis\/","og_locale":"de_DE","og_type":"article","og_title":"Schwimmend zum Schweizer Nachhaltigkeitspreis - Organisator","og_description":"Expeditionsschwimmer und Wasserbotschafter Ernst Bromeis wurde zum Preistr\u00e4ger des Schweizer Nachhaltigkeitspreises 2017 gew\u00e4hlt.","og_url":"https:\/\/www.organisator.ch\/de\/allgemein\/2017-03-16\/schwimmend-zum-schweizer-nachhaltigkeitspreis\/","og_site_name":"Organisator","article_publisher":"https:\/\/www.facebook.com\/OrganisatorFachmagazin","article_published_time":"2017-03-16T15:00:20+00:00","og_image":[{"width":2560,"height":1706,"url":"https:\/\/www.organisator.ch\/wp-content\/uploads\/2017\/03\/Bromeis-1183-scaled.jpg","type":"image\/jpeg"}],"author":"admin","twitter_card":"summary_large_image","schema":{"@context":"https:\/\/schema.org","@graph":[{"@type":"Article","@id":"https:\/\/www.organisator.ch\/de\/allgemein\/2017-03-16\/schwimmend-zum-schweizer-nachhaltigkeitspreis\/#article","isPartOf":{"@id":"https:\/\/www.organisator.ch\/de\/allgemein\/2017-03-16\/schwimmend-zum-schweizer-nachhaltigkeitspreis\/"},"author":{"name":"admin","@id":"https:\/\/www.organisator.ch\/#\/schema\/person\/aa2bace6c5c5aad60102004a50c4eb1c"},"headline":"Schwimmend zum Schweizer Nachhaltigkeitspreis","datePublished":"2017-03-16T15:00:20+00:00","mainEntityOfPage":{"@id":"https:\/\/www.organisator.ch\/de\/allgemein\/2017-03-16\/schwimmend-zum-schweizer-nachhaltigkeitspreis\/"},"wordCount":477,"commentCount":0,"publisher":{"@id":"https:\/\/www.organisator.ch\/#organization"},"image":{"@id":"https:\/\/www.organisator.ch\/de\/allgemein\/2017-03-16\/schwimmend-zum-schweizer-nachhaltigkeitspreis\/#primaryimage"},"thumbnailUrl":"https:\/\/www.organisator.ch\/wp-content\/uploads\/2017\/03\/Bromeis-1183-scaled.jpg","keywords":["Nachhaltigkeitspreis","prix eco.ch","Trinkwasser"],"inLanguage":"de"},{"@type":"WebPage","@id":"https:\/\/www.organisator.ch\/de\/allgemein\/2017-03-16\/schwimmend-zum-schweizer-nachhaltigkeitspreis\/","url":"https:\/\/www.organisator.ch\/de\/allgemein\/2017-03-16\/schwimmend-zum-schweizer-nachhaltigkeitspreis\/","name":"Schwimmend zum Schweizer Nachhaltigkeitspreis - Organisator","isPartOf":{"@id":"https:\/\/www.organisator.ch\/#website"},"primaryImageOfPage":{"@id":"https:\/\/www.organisator.ch\/de\/allgemein\/2017-03-16\/schwimmend-zum-schweizer-nachhaltigkeitspreis\/#primaryimage"},"image":{"@id":"https:\/\/www.organisator.ch\/de\/allgemein\/2017-03-16\/schwimmend-zum-schweizer-nachhaltigkeitspreis\/#primaryimage"},"thumbnailUrl":"https:\/\/www.organisator.ch\/wp-content\/uploads\/2017\/03\/Bromeis-1183-scaled.jpg","datePublished":"2017-03-16T15:00:20+00:00","description":"Expeditionsschwimmer und Wasserbotschafter Ernst Bromeis wurde zum Preistr\u00e4ger des Schweizer Nachhaltigkeitspreises 2017 gew\u00e4hlt.","breadcrumb":{"@id":"https:\/\/www.organisator.ch\/de\/allgemein\/2017-03-16\/schwimmend-zum-schweizer-nachhaltigkeitspreis\/#breadcrumb"},"inLanguage":"de","potentialAction":[{"@type":"ReadAction","target":["https:\/\/www.organisator.ch\/de\/allgemein\/2017-03-16\/schwimmend-zum-schweizer-nachhaltigkeitspreis\/"]}]},{"@type":"ImageObject","inLanguage":"de","@id":"https:\/\/www.organisator.ch\/de\/allgemein\/2017-03-16\/schwimmend-zum-schweizer-nachhaltigkeitspreis\/#primaryimage","url":"https:\/\/www.organisator.ch\/wp-content\/uploads\/2017\/03\/Bromeis-1183-scaled.jpg","contentUrl":"https:\/\/www.organisator.ch\/wp-content\/uploads\/2017\/03\/Bromeis-1183-scaled.jpg","width":2560,"height":1706,"caption":"Der Hoffnungstr\u00e4ger Ernst Bromeis ist Wasserbotschafter und Grenzschwimmer."},{"@type":"BreadcrumbList","@id":"https:\/\/www.organisator.ch\/de\/allgemein\/2017-03-16\/schwimmend-zum-schweizer-nachhaltigkeitspreis\/#breadcrumb","itemListElement":[{"@type":"ListItem","position":1,"name":"Home","item":"https:\/\/www.organisator.ch\/"},{"@type":"ListItem","position":2,"name":"Schwimmend zum Schweizer Nachhaltigkeitspreis"}]},{"@type":"WebSite","@id":"https:\/\/www.organisator.ch\/#website","url":"https:\/\/www.organisator.ch\/","name":"Organisator","description":"Kompetent. Praxisnah. Der ORGANISATOR bereitet in 10 Ausgaben pro Jahr die wesentlichen Themen f\u00fcr F\u00fchrungskr\u00e4fte von KMU auf.","publisher":{"@id":"https:\/\/www.organisator.ch\/#organization"},"potentialAction":[{"@type":"SearchAction","target":{"@type":"EntryPoint","urlTemplate":"https:\/\/www.organisator.ch\/?s={search_term_string}"},"query-input":{"@type":"PropertyValueSpecification","valueRequired":true,"valueName":"search_term_string"}}],"inLanguage":"de"},{"@type":"Organization","@id":"https:\/\/www.organisator.ch\/#organization","name":"Organisator","url":"https:\/\/www.organisator.ch\/","logo":{"@type":"ImageObject","inLanguage":"de","@id":"https:\/\/www.organisator.ch\/#\/schema\/logo\/image\/","url":"https:\/\/www.organisator.ch\/wp-content\/uploads\/2022\/01\/Logo_Organisator_Website.png","contentUrl":"https:\/\/www.organisator.ch\/wp-content\/uploads\/2022\/01\/Logo_Organisator_Website.png","width":800,"height":77,"caption":"Organisator"},"image":{"@id":"https:\/\/www.organisator.ch\/#\/schema\/logo\/image\/"},"sameAs":["https:\/\/www.facebook.com\/OrganisatorFachmagazin","https:\/\/www.linkedin.com\/showcase\/organisator-das-magazin-fr-kmu","https:\/\/www.xing.com\/news\/pages\/organisator-ch-695","https:\/\/www.youtube.com\/channel\/UCGP2Sq0iWaZwT3BdIAQFYpw"]},{"@type":"Person","@id":"https:\/\/www.organisator.ch\/#\/schema\/person\/aa2bace6c5c5aad60102004a50c4eb1c","name":"admin","image":{"@type":"ImageObject","inLanguage":"de","@id":"https:\/\/secure.gravatar.com\/avatar\/ae2f4d718e6c49043e314ce431e7e645d646302a24a5ef5a8bc8e3f5a032e319?s=96&d=mm&r=g","url":"https:\/\/secure.gravatar.com\/avatar\/ae2f4d718e6c49043e314ce431e7e645d646302a24a5ef5a8bc8e3f5a032e319?s=96&d=mm&r=g","contentUrl":"https:\/\/secure.gravatar.com\/avatar\/ae2f4d718e6c49043e314ce431e7e645d646302a24a5ef5a8bc8e3f5a032e319?s=96&d=mm&r=g","caption":"admin"},"sameAs":["https:\/\/www.organisator.ch"],"url":"https:\/\/www.organisator.ch\/de\/author\/admin\/"}]}},"_links":{"self":[{"href":"https:\/\/www.organisator.ch\/de\/wp-json\/wp\/v2\/posts\/887","targetHints":{"allow":["GET"]}}],"collection":[{"href":"https:\/\/www.organisator.ch\/de\/wp-json\/wp\/v2\/posts"}],"about":[{"href":"https:\/\/www.organisator.ch\/de\/wp-json\/wp\/v2\/types\/post"}],"author":[{"embeddable":true,"href":"https:\/\/www.organisator.ch\/de\/wp-json\/wp\/v2\/users\/1"}],"replies":[{"embeddable":true,"href":"https:\/\/www.organisator.ch\/de\/wp-json\/wp\/v2\/comments?post=887"}],"version-history":[{"count":0,"href":"https:\/\/www.organisator.ch\/de\/wp-json\/wp\/v2\/posts\/887\/revisions"}],"wp:featuredmedia":[{"embeddable":true,"href":"https:\/\/www.organisator.ch\/de\/wp-json\/wp\/v2\/media\/9479"}],"wp:attachment":[{"href":"https:\/\/www.organisator.ch\/de\/wp-json\/wp\/v2\/media?parent=887"}],"wp:term":[{"taxonomy":"category","embeddable":true,"href":"https:\/\/www.organisator.ch\/de\/wp-json\/wp\/v2\/categories?post=887"},{"taxonomy":"post_tag","embeddable":true,"href":"https:\/\/www.organisator.ch\/de\/wp-json\/wp\/v2\/tags?post=887"}],"curies":[{"name":"wp","href":"https:\/\/api.w.org\/{rel}","templated":true}]}}