{"id":902,"date":"2017-03-22T17:41:53","date_gmt":"2017-03-22T16:41:53","guid":{"rendered":"https:\/\/www.umweltperspektiven.ch\/?p=902"},"modified":"2022-02-09T11:10:56","modified_gmt":"2022-02-09T10:10:56","slug":"gewaesserschutz-mehr-spielraum-fuer-kantone","status":"publish","type":"post","link":"https:\/\/www.organisator.ch\/de\/sustainability\/2017-03-22\/gewaesserschutz-mehr-spielraum-fuer-kantone\/","title":{"rendered":"Gew\u00e4sserschutz: Mehr Spielraum f\u00fcr Kantone"},"content":{"rendered":"<figure id=\"attachment_903\" aria-describedby=\"caption-attachment-903\" style=\"width: 680px\" class=\"wp-caption alignnone\"><img loading=\"lazy\" decoding=\"async\" class=\"size-medium wp-image-903\" src=\"\/\/www.umweltperspektiven.ch\/wp-content\/uploads\/2017\/03\/Depositphotos_47097407_l-2015.jpg\" alt=\"\" width=\"680\" height=\"453\" srcset=\"https:\/\/www.organisator.ch\/wp-content\/uploads\/2017\/03\/Depositphotos_47097407_l-2015.jpg 2000w, https:\/\/www.organisator.ch\/wp-content\/uploads\/2017\/03\/Depositphotos_47097407_l-2015-680x453.jpg 680w, https:\/\/www.organisator.ch\/wp-content\/uploads\/2017\/03\/Depositphotos_47097407_l-2015-1024x682.jpg 1024w, https:\/\/www.organisator.ch\/wp-content\/uploads\/2017\/03\/Depositphotos_47097407_l-2015-768x512.jpg 768w, https:\/\/www.organisator.ch\/wp-content\/uploads\/2017\/03\/Depositphotos_47097407_l-2015-1536x1024.jpg 1536w, https:\/\/www.organisator.ch\/wp-content\/uploads\/2017\/03\/Depositphotos_47097407_l-2015-18x12.jpg 18w, https:\/\/www.organisator.ch\/wp-content\/uploads\/2017\/03\/Depositphotos_47097407_l-2015-263x175.jpg 263w, https:\/\/www.organisator.ch\/wp-content\/uploads\/2017\/03\/Depositphotos_47097407_l-2015-525x350.jpg 525w, https:\/\/www.organisator.ch\/wp-content\/uploads\/2017\/03\/Depositphotos_47097407_l-2015-1200x800.jpg 1200w, https:\/\/www.organisator.ch\/wp-content\/uploads\/2017\/03\/Depositphotos_47097407_l-2015-920x613.jpg 920w, https:\/\/www.organisator.ch\/wp-content\/uploads\/2017\/03\/Depositphotos_47097407_l-2015-1400x933.jpg 1400w, https:\/\/www.organisator.ch\/wp-content\/uploads\/2017\/03\/Depositphotos_47097407_l-2015-300x200.jpg 300w\" sizes=\"auto, (max-width: 680px) 100vw, 680px\" \/><figcaption id=\"caption-attachment-903\" class=\"wp-caption-text\">Fl\u00fcsse und B\u00e4che sind unverzichtbar f\u00fcr den Hochwasserschutz.<\/figcaption><\/figure>\n<p>Der Bundesrat will, dass die kantonalen Vollzugsbeh\u00f6rden mehr Spielraum erhalten, wenn es um die Festlegung von Gew\u00e4sserr\u00e4umen geht. Daf\u00fcr wurden\u00a0in der Gew\u00e4sserschutz-Verordnung (GSchV) <a href=\"\/\/www.newsd.admin.ch\/newsd\/message\/attachments\/47594.pdf\">f\u00fcnf neue Bestimmung<\/a> aufgenommen.\u00a0So k\u00f6nne\u00a0den spezifischen \u00f6rtlichen Gegebenheiten besser Rechnung getragen werden, so der Bundesrat.<\/p>\n<p>Die Verpflichtung zur Kompensation von Fruchtfolgefl\u00e4chen wurde ebenfalls pr\u00e4zisiert und in einen direkten Zusammenhang zum entsprechenden Sachplan gestellt. Diese Bestimmungen wurden unter der Leitung der Bau-, Planungs- und Umweltdirektoren-Konferenz (BPUK) erarbeitet. Sie erg\u00e4nzen die Vorschriften, die am 1.\u00a0Januar 2016 in Kraft traten. Damit wird auch die Umsetzung der Motion 15.3001 der UREK-S abgeschlossen, die mehr Handlungsspielraum f\u00fcr die Kantone bei der Umsetzung der Gew\u00e4sserschutzbestimmungen forderte.<\/p>\n<p>Die Ausscheidung des Gew\u00e4sserraums ist unverzichtbar, damit Fl\u00fcsse und B\u00e4che ihre \u00f6kologischen Funktionen erf\u00fcllen k\u00f6nnen und der Hochwasserschutz gew\u00e4hrleistet ist. Diese Pflicht wurde im vom Parlament verabschiedeten und 2011 in Kraft getretenen Gew\u00e4sserschutzgesetz zusammen mit anderen Bestimmungen zur Renaturierung von Gew\u00e4ssern verankert.<\/p>\n<p>Zugleich hat der Bund in den Themengebieten Fischerei, Chemikalien und belastete Standorte \u00c4nderungen beschlossen.<\/p>\n<p><b>Fischerei: neue invasive gebietsfremde Arten und Elektrofischerei<\/b><\/p>\n<p>Mit der \u00c4nderung der Verordnung zum <a href=\"\/\/www.newsd.admin.ch\/newsd\/message\/attachments\/47596.pdf\">Bundesgesetz \u00fcber die Fischerei<\/a> (VBGF) werden f\u00fcnf Arten von Schwarzmeergrundeln auf die Liste der invasiven gebietsfremden Arten gesetzt. Zudem wird die Haltung dieser Grundeln in Teichanlagen oder Aquarien bewilligungspflichtig und ihre aktive Verbreitung rechtlich verboten. Diese Fische breiten sich seit einigen Jahren im Rhein bei Basel aus und stellen dort eine ernstzunehmende Konkurrenz f\u00fcr einheimische Fische und Krebse dar. Weiter wird mit der Verordnungs\u00e4nderung der Einsatz von Elektrofangger\u00e4ten strenger geregelt, und die Donauforelle wird in die Liste der einheimischen Arten aufgenommen. Diese Forellenart kommt im Einzugsgebiet des Inn vor.<\/p>\n<p><b>Chemikalien: Anpassung der Liste verbotener oder strengen Beschr\u00e4nkungen unterliegender Chemikalien<\/b><\/p>\n<p>Gem\u00e4ss dem \u00dcbereinkommen von Rotterdam (PIC-Konvention)<b><\/b>m\u00fcssen Ausfuhren von Chemikalien, die wegen ihrer Auswirkungen auf die menschliche Gesundheit oder die Umwelt verboten sind oder strengen Beschr\u00e4nkungen unterliegen, dem Importland gemeldet werden. Die \u00c4nderungen in der <a href=\"\/\/www.newsd.admin.ch\/newsd\/message\/attachments\/47598.pdf\">Verordnung zum Rotterdamer \u00dcbereinkommen<\/a> \u00fcber das Verfahren der vorherigen Zustimmung nach Inkenntnissetzung f\u00fcr bestimmte Chemikalien im internationalen Handel (ChemPICV) betreffen insbesondere die Liste der Stoffe in Anhang 1, die an die neusten Entscheide des Bundesrates \u00fcber in der Schweiz verbotene oder strengen Beschr\u00e4nkungen unterliegende Stoffe angepasst wurde. Zudem wurde diese Liste mit den Entscheiden der Bundesbeh\u00f6rden in Einklang gebracht, wonach gewisse Wirkstoffe in Pflanzenschutzmitteln und Bioziden nicht mehr zul\u00e4ssig sind.<\/p>\n<p><b>Belastete Standorte: erneute Aktualisierung<\/b><\/p>\n<p>Nach 18 Jahren Vollzugserfahrung und mehreren Revisionen wurde die Verordnung \u00fcber die Sanierung von belasteten Standorten (<a href=\"\/\/www.newsd.admin.ch\/newsd\/message\/attachments\/47601.pdf\">Altlasten-Verordnung, AltlV)<\/a> aktualisiert, um gewisse Kl\u00e4rungen und technische Erg\u00e4nzungen vorzunehmen. Die Konzentrationen von Ammonium und Nitrit werden k\u00fcnftig bei der Beurteilung des Sanierungsbedarfs eines belasteten Standorts im Hinblick auf das Grundwasser nicht mehr ber\u00fccksichtigt. Diese \u00c4nderung wurde im Einvernehmen mit den Kantonen und Experten beschlossen. Die beiden Schadstoffe Ammonium und Nitrit sind nur f\u00fcr die Qualit\u00e4t der Oberfl\u00e4chengew\u00e4sser von Bedeutung. Aus dieser \u00c4nderung d\u00fcrften sich bei den Sanierungskosten Einsparungen in H\u00f6he von mehreren Dutzend Millionen Franken ergeben.<\/p>\n<p>Die vier ge\u00e4nderten Verordnungen treten am 1. Mai 2017 in Kraft. Eine Ausnahme bilden die Bestimmungen \u00fcber die Elektrofischerei, die erst am 1. Mai 2018 in Kraft gesetzt werden.<\/p>\n","protected":false},"excerpt":{"rendered":"<p>Der Bundesrat will, dass die kantonalen Vollzugsbeh\u00f6rden mehr Spielraum erhalten, wenn es um die Festlegung von Gew\u00e4sserr\u00e4umen geht. Daf\u00fcr wurden\u00a0in der Gew\u00e4sserschutz-Verordnung (GSchV) f\u00fcnf neue Bestimmung aufgenommen.\u00a0So k\u00f6nne\u00a0den spezifischen \u00f6rtlichen Gegebenheiten besser Rechnung getragen werden, so der Bundesrat. Die Verpflichtung zur Kompensation von Fruchtfolgefl\u00e4chen wurde ebenfalls pr\u00e4zisiert und in einen direkten Zusammenhang zum entsprechenden Sachplan [&hellip;]<\/p>\n","protected":false},"author":1,"featured_media":903,"comment_status":"open","ping_status":"open","sticky":false,"template":"","format":"standard","meta":{"_acf_changed":false,"_yoast_wpseo_focuskw":"Gew\u00e4sserschutz","_yoast_wpseo_metadesc":"Die kantonalen Vollzugsbeh\u00f6rden erhalten einen gr\u00f6sseren Handlungsspielraum bei der Festlegung der Gew\u00e4sserr\u00e4ume, so will es der Bundesrat","articlekey":"","footnotes":""},"categories":[580],"tags":[100,908,1183,1289,489],"class_list":["post-902","post","type-post","status-publish","format-standard","has-post-thumbnail","hentry","category-sustainability","tag-bundesrat","tag-chemikalien","tag-fischerei","tag-gewaesserschutz","tag-umweltschutz"],"acf":[],"yoast_head":"<!-- This site is optimized with the Yoast SEO plugin v27.4 - https:\/\/yoast.com\/product\/yoast-seo-wordpress\/ -->\n<title>Gew\u00e4sserschutz: Mehr Spielraum f\u00fcr Kantone - Organisator<\/title>\n<meta name=\"description\" content=\"Die kantonalen Vollzugsbeh\u00f6rden erhalten einen gr\u00f6sseren Handlungsspielraum bei der Festlegung der Gew\u00e4sserr\u00e4ume, so will es der Bundesrat\" \/>\n<meta name=\"robots\" content=\"index, follow, max-snippet:-1, max-image-preview:large, max-video-preview:-1\" \/>\n<link rel=\"canonical\" href=\"https:\/\/www.organisator.ch\/de\/sustainability\/2017-03-22\/gewaesserschutz-mehr-spielraum-fuer-kantone\/\" \/>\n<meta property=\"og:locale\" content=\"de_DE\" \/>\n<meta property=\"og:type\" content=\"article\" \/>\n<meta property=\"og:title\" content=\"Gew\u00e4sserschutz: Mehr Spielraum f\u00fcr Kantone - Organisator\" \/>\n<meta property=\"og:description\" content=\"Die kantonalen Vollzugsbeh\u00f6rden erhalten einen gr\u00f6sseren Handlungsspielraum bei der Festlegung der Gew\u00e4sserr\u00e4ume, so will es der Bundesrat\" \/>\n<meta property=\"og:url\" content=\"https:\/\/www.organisator.ch\/de\/sustainability\/2017-03-22\/gewaesserschutz-mehr-spielraum-fuer-kantone\/\" \/>\n<meta property=\"og:site_name\" content=\"Organisator\" \/>\n<meta property=\"article:publisher\" content=\"https:\/\/www.facebook.com\/OrganisatorFachmagazin\" \/>\n<meta property=\"article:published_time\" content=\"2017-03-22T16:41:53+00:00\" \/>\n<meta property=\"article:modified_time\" content=\"2022-02-09T10:10:56+00:00\" \/>\n<meta property=\"og:image\" content=\"https:\/\/www.organisator.ch\/wp-content\/uploads\/2017\/03\/Depositphotos_47097407_l-2015-1024x682.jpg\" \/>\n\t<meta property=\"og:image:width\" content=\"1024\" \/>\n\t<meta property=\"og:image:height\" content=\"682\" \/>\n\t<meta property=\"og:image:type\" content=\"image\/jpeg\" \/>\n<meta name=\"author\" content=\"admin\" \/>\n<meta name=\"twitter:card\" content=\"summary_large_image\" \/>\n<script type=\"application\/ld+json\" class=\"yoast-schema-graph\">{\"@context\":\"https:\\\/\\\/schema.org\",\"@graph\":[{\"@type\":\"Article\",\"@id\":\"https:\\\/\\\/www.organisator.ch\\\/sustainability\\\/2017-03-22\\\/gewaesserschutz-mehr-spielraum-fuer-kantone\\\/#article\",\"isPartOf\":{\"@id\":\"https:\\\/\\\/www.organisator.ch\\\/sustainability\\\/2017-03-22\\\/gewaesserschutz-mehr-spielraum-fuer-kantone\\\/\"},\"author\":{\"name\":\"admin\",\"@id\":\"https:\\\/\\\/www.organisator.ch\\\/#\\\/schema\\\/person\\\/aa2bace6c5c5aad60102004a50c4eb1c\"},\"headline\":\"Gew\u00e4sserschutz: Mehr Spielraum f\u00fcr Kantone\",\"datePublished\":\"2017-03-22T16:41:53+00:00\",\"dateModified\":\"2022-02-09T10:10:56+00:00\",\"mainEntityOfPage\":{\"@id\":\"https:\\\/\\\/www.organisator.ch\\\/sustainability\\\/2017-03-22\\\/gewaesserschutz-mehr-spielraum-fuer-kantone\\\/\"},\"wordCount\":564,\"commentCount\":0,\"publisher\":{\"@id\":\"https:\\\/\\\/www.organisator.ch\\\/#organization\"},\"image\":{\"@id\":\"https:\\\/\\\/www.organisator.ch\\\/sustainability\\\/2017-03-22\\\/gewaesserschutz-mehr-spielraum-fuer-kantone\\\/#primaryimage\"},\"thumbnailUrl\":\"https:\\\/\\\/www.organisator.ch\\\/wp-content\\\/uploads\\\/2017\\\/03\\\/Depositphotos_47097407_l-2015.jpg\",\"keywords\":[\"Bundesrat\",\"Chemikalien\",\"Fischerei\",\"Gew\u00e4sserschutz\",\"Umweltschutz\"],\"articleSection\":[\"SUSTAINABILITY\"],\"inLanguage\":\"de\"},{\"@type\":\"WebPage\",\"@id\":\"https:\\\/\\\/www.organisator.ch\\\/sustainability\\\/2017-03-22\\\/gewaesserschutz-mehr-spielraum-fuer-kantone\\\/\",\"url\":\"https:\\\/\\\/www.organisator.ch\\\/sustainability\\\/2017-03-22\\\/gewaesserschutz-mehr-spielraum-fuer-kantone\\\/\",\"name\":\"Gew\u00e4sserschutz: Mehr Spielraum f\u00fcr Kantone - Organisator\",\"isPartOf\":{\"@id\":\"https:\\\/\\\/www.organisator.ch\\\/#website\"},\"primaryImageOfPage\":{\"@id\":\"https:\\\/\\\/www.organisator.ch\\\/sustainability\\\/2017-03-22\\\/gewaesserschutz-mehr-spielraum-fuer-kantone\\\/#primaryimage\"},\"image\":{\"@id\":\"https:\\\/\\\/www.organisator.ch\\\/sustainability\\\/2017-03-22\\\/gewaesserschutz-mehr-spielraum-fuer-kantone\\\/#primaryimage\"},\"thumbnailUrl\":\"https:\\\/\\\/www.organisator.ch\\\/wp-content\\\/uploads\\\/2017\\\/03\\\/Depositphotos_47097407_l-2015.jpg\",\"datePublished\":\"2017-03-22T16:41:53+00:00\",\"dateModified\":\"2022-02-09T10:10:56+00:00\",\"description\":\"Die kantonalen Vollzugsbeh\u00f6rden erhalten einen gr\u00f6sseren Handlungsspielraum bei der Festlegung der Gew\u00e4sserr\u00e4ume, so will es der Bundesrat\",\"breadcrumb\":{\"@id\":\"https:\\\/\\\/www.organisator.ch\\\/sustainability\\\/2017-03-22\\\/gewaesserschutz-mehr-spielraum-fuer-kantone\\\/#breadcrumb\"},\"inLanguage\":\"de\",\"potentialAction\":[{\"@type\":\"ReadAction\",\"target\":[\"https:\\\/\\\/www.organisator.ch\\\/sustainability\\\/2017-03-22\\\/gewaesserschutz-mehr-spielraum-fuer-kantone\\\/\"]}]},{\"@type\":\"ImageObject\",\"inLanguage\":\"de\",\"@id\":\"https:\\\/\\\/www.organisator.ch\\\/sustainability\\\/2017-03-22\\\/gewaesserschutz-mehr-spielraum-fuer-kantone\\\/#primaryimage\",\"url\":\"https:\\\/\\\/www.organisator.ch\\\/wp-content\\\/uploads\\\/2017\\\/03\\\/Depositphotos_47097407_l-2015.jpg\",\"contentUrl\":\"https:\\\/\\\/www.organisator.ch\\\/wp-content\\\/uploads\\\/2017\\\/03\\\/Depositphotos_47097407_l-2015.jpg\",\"width\":2000,\"height\":1333,\"caption\":\"Fl\u00fcsse und B\u00e4che sind unverzichtbar f\u00fcr den Hochwasserschutz.\"},{\"@type\":\"BreadcrumbList\",\"@id\":\"https:\\\/\\\/www.organisator.ch\\\/sustainability\\\/2017-03-22\\\/gewaesserschutz-mehr-spielraum-fuer-kantone\\\/#breadcrumb\",\"itemListElement\":[{\"@type\":\"ListItem\",\"position\":1,\"name\":\"Home\",\"item\":\"https:\\\/\\\/www.organisator.ch\\\/\"},{\"@type\":\"ListItem\",\"position\":2,\"name\":\"Gew\u00e4sserschutz: Mehr Spielraum f\u00fcr Kantone\"}]},{\"@type\":\"WebSite\",\"@id\":\"https:\\\/\\\/www.organisator.ch\\\/#website\",\"url\":\"https:\\\/\\\/www.organisator.ch\\\/\",\"name\":\"Organisator\",\"description\":\"Kompetent. Praxisnah. Der ORGANISATOR bereitet in 10 Ausgaben pro Jahr die wesentlichen Themen f\u00fcr F\u00fchrungskr\u00e4fte von KMU auf.\",\"publisher\":{\"@id\":\"https:\\\/\\\/www.organisator.ch\\\/#organization\"},\"potentialAction\":[{\"@type\":\"SearchAction\",\"target\":{\"@type\":\"EntryPoint\",\"urlTemplate\":\"https:\\\/\\\/www.organisator.ch\\\/?s={search_term_string}\"},\"query-input\":{\"@type\":\"PropertyValueSpecification\",\"valueRequired\":true,\"valueName\":\"search_term_string\"}}],\"inLanguage\":\"de\"},{\"@type\":\"Organization\",\"@id\":\"https:\\\/\\\/www.organisator.ch\\\/#organization\",\"name\":\"Organisator\",\"url\":\"https:\\\/\\\/www.organisator.ch\\\/\",\"logo\":{\"@type\":\"ImageObject\",\"inLanguage\":\"de\",\"@id\":\"https:\\\/\\\/www.organisator.ch\\\/#\\\/schema\\\/logo\\\/image\\\/\",\"url\":\"https:\\\/\\\/www.organisator.ch\\\/wp-content\\\/uploads\\\/2022\\\/01\\\/Logo_Organisator_Website.png\",\"contentUrl\":\"https:\\\/\\\/www.organisator.ch\\\/wp-content\\\/uploads\\\/2022\\\/01\\\/Logo_Organisator_Website.png\",\"width\":800,\"height\":77,\"caption\":\"Organisator\"},\"image\":{\"@id\":\"https:\\\/\\\/www.organisator.ch\\\/#\\\/schema\\\/logo\\\/image\\\/\"},\"sameAs\":[\"https:\\\/\\\/www.facebook.com\\\/OrganisatorFachmagazin\",\"https:\\\/\\\/www.linkedin.com\\\/showcase\\\/organisator-das-magazin-fr-kmu\",\"https:\\\/\\\/www.xing.com\\\/news\\\/pages\\\/organisator-ch-695\",\"https:\\\/\\\/www.youtube.com\\\/channel\\\/UCGP2Sq0iWaZwT3BdIAQFYpw\"]},{\"@type\":\"Person\",\"@id\":\"https:\\\/\\\/www.organisator.ch\\\/#\\\/schema\\\/person\\\/aa2bace6c5c5aad60102004a50c4eb1c\",\"name\":\"admin\",\"image\":{\"@type\":\"ImageObject\",\"inLanguage\":\"de\",\"@id\":\"https:\\\/\\\/secure.gravatar.com\\\/avatar\\\/ae2f4d718e6c49043e314ce431e7e645d646302a24a5ef5a8bc8e3f5a032e319?s=96&d=mm&r=g\",\"url\":\"https:\\\/\\\/secure.gravatar.com\\\/avatar\\\/ae2f4d718e6c49043e314ce431e7e645d646302a24a5ef5a8bc8e3f5a032e319?s=96&d=mm&r=g\",\"contentUrl\":\"https:\\\/\\\/secure.gravatar.com\\\/avatar\\\/ae2f4d718e6c49043e314ce431e7e645d646302a24a5ef5a8bc8e3f5a032e319?s=96&d=mm&r=g\",\"caption\":\"admin\"},\"sameAs\":[\"https:\\\/\\\/www.organisator.ch\"],\"url\":\"https:\\\/\\\/www.organisator.ch\\\/de\\\/author\\\/admin\\\/\"}]}<\/script>\n<!-- \/ Yoast SEO plugin. -->","yoast_head_json":{"title":"Gew\u00e4sserschutz: Mehr Spielraum f\u00fcr Kantone - Organisator","description":"Die kantonalen Vollzugsbeh\u00f6rden erhalten einen gr\u00f6sseren Handlungsspielraum bei der Festlegung der Gew\u00e4sserr\u00e4ume, so will es der Bundesrat","robots":{"index":"index","follow":"follow","max-snippet":"max-snippet:-1","max-image-preview":"max-image-preview:large","max-video-preview":"max-video-preview:-1"},"canonical":"https:\/\/www.organisator.ch\/de\/sustainability\/2017-03-22\/gewaesserschutz-mehr-spielraum-fuer-kantone\/","og_locale":"de_DE","og_type":"article","og_title":"Gew\u00e4sserschutz: Mehr Spielraum f\u00fcr Kantone - Organisator","og_description":"Die kantonalen Vollzugsbeh\u00f6rden erhalten einen gr\u00f6sseren Handlungsspielraum bei der Festlegung der Gew\u00e4sserr\u00e4ume, so will es der Bundesrat","og_url":"https:\/\/www.organisator.ch\/de\/sustainability\/2017-03-22\/gewaesserschutz-mehr-spielraum-fuer-kantone\/","og_site_name":"Organisator","article_publisher":"https:\/\/www.facebook.com\/OrganisatorFachmagazin","article_published_time":"2017-03-22T16:41:53+00:00","article_modified_time":"2022-02-09T10:10:56+00:00","og_image":[{"width":1024,"height":682,"url":"https:\/\/www.organisator.ch\/wp-content\/uploads\/2017\/03\/Depositphotos_47097407_l-2015-1024x682.jpg","type":"image\/jpeg"}],"author":"admin","twitter_card":"summary_large_image","schema":{"@context":"https:\/\/schema.org","@graph":[{"@type":"Article","@id":"https:\/\/www.organisator.ch\/sustainability\/2017-03-22\/gewaesserschutz-mehr-spielraum-fuer-kantone\/#article","isPartOf":{"@id":"https:\/\/www.organisator.ch\/sustainability\/2017-03-22\/gewaesserschutz-mehr-spielraum-fuer-kantone\/"},"author":{"name":"admin","@id":"https:\/\/www.organisator.ch\/#\/schema\/person\/aa2bace6c5c5aad60102004a50c4eb1c"},"headline":"Gew\u00e4sserschutz: Mehr Spielraum f\u00fcr Kantone","datePublished":"2017-03-22T16:41:53+00:00","dateModified":"2022-02-09T10:10:56+00:00","mainEntityOfPage":{"@id":"https:\/\/www.organisator.ch\/sustainability\/2017-03-22\/gewaesserschutz-mehr-spielraum-fuer-kantone\/"},"wordCount":564,"commentCount":0,"publisher":{"@id":"https:\/\/www.organisator.ch\/#organization"},"image":{"@id":"https:\/\/www.organisator.ch\/sustainability\/2017-03-22\/gewaesserschutz-mehr-spielraum-fuer-kantone\/#primaryimage"},"thumbnailUrl":"https:\/\/www.organisator.ch\/wp-content\/uploads\/2017\/03\/Depositphotos_47097407_l-2015.jpg","keywords":["Bundesrat","Chemikalien","Fischerei","Gew\u00e4sserschutz","Umweltschutz"],"articleSection":["SUSTAINABILITY"],"inLanguage":"de"},{"@type":"WebPage","@id":"https:\/\/www.organisator.ch\/sustainability\/2017-03-22\/gewaesserschutz-mehr-spielraum-fuer-kantone\/","url":"https:\/\/www.organisator.ch\/sustainability\/2017-03-22\/gewaesserschutz-mehr-spielraum-fuer-kantone\/","name":"Gew\u00e4sserschutz: Mehr Spielraum f\u00fcr Kantone - Organisator","isPartOf":{"@id":"https:\/\/www.organisator.ch\/#website"},"primaryImageOfPage":{"@id":"https:\/\/www.organisator.ch\/sustainability\/2017-03-22\/gewaesserschutz-mehr-spielraum-fuer-kantone\/#primaryimage"},"image":{"@id":"https:\/\/www.organisator.ch\/sustainability\/2017-03-22\/gewaesserschutz-mehr-spielraum-fuer-kantone\/#primaryimage"},"thumbnailUrl":"https:\/\/www.organisator.ch\/wp-content\/uploads\/2017\/03\/Depositphotos_47097407_l-2015.jpg","datePublished":"2017-03-22T16:41:53+00:00","dateModified":"2022-02-09T10:10:56+00:00","description":"Die kantonalen Vollzugsbeh\u00f6rden erhalten einen gr\u00f6sseren Handlungsspielraum bei der Festlegung der Gew\u00e4sserr\u00e4ume, so will es der Bundesrat","breadcrumb":{"@id":"https:\/\/www.organisator.ch\/sustainability\/2017-03-22\/gewaesserschutz-mehr-spielraum-fuer-kantone\/#breadcrumb"},"inLanguage":"de","potentialAction":[{"@type":"ReadAction","target":["https:\/\/www.organisator.ch\/sustainability\/2017-03-22\/gewaesserschutz-mehr-spielraum-fuer-kantone\/"]}]},{"@type":"ImageObject","inLanguage":"de","@id":"https:\/\/www.organisator.ch\/sustainability\/2017-03-22\/gewaesserschutz-mehr-spielraum-fuer-kantone\/#primaryimage","url":"https:\/\/www.organisator.ch\/wp-content\/uploads\/2017\/03\/Depositphotos_47097407_l-2015.jpg","contentUrl":"https:\/\/www.organisator.ch\/wp-content\/uploads\/2017\/03\/Depositphotos_47097407_l-2015.jpg","width":2000,"height":1333,"caption":"Fl\u00fcsse und B\u00e4che sind unverzichtbar f\u00fcr den Hochwasserschutz."},{"@type":"BreadcrumbList","@id":"https:\/\/www.organisator.ch\/sustainability\/2017-03-22\/gewaesserschutz-mehr-spielraum-fuer-kantone\/#breadcrumb","itemListElement":[{"@type":"ListItem","position":1,"name":"Home","item":"https:\/\/www.organisator.ch\/"},{"@type":"ListItem","position":2,"name":"Gew\u00e4sserschutz: Mehr Spielraum f\u00fcr Kantone"}]},{"@type":"WebSite","@id":"https:\/\/www.organisator.ch\/#website","url":"https:\/\/www.organisator.ch\/","name":"Organisator","description":"Kompetent. Praxisnah. Der ORGANISATOR bereitet in 10 Ausgaben pro Jahr die wesentlichen Themen f\u00fcr F\u00fchrungskr\u00e4fte von KMU auf.","publisher":{"@id":"https:\/\/www.organisator.ch\/#organization"},"potentialAction":[{"@type":"SearchAction","target":{"@type":"EntryPoint","urlTemplate":"https:\/\/www.organisator.ch\/?s={search_term_string}"},"query-input":{"@type":"PropertyValueSpecification","valueRequired":true,"valueName":"search_term_string"}}],"inLanguage":"de"},{"@type":"Organization","@id":"https:\/\/www.organisator.ch\/#organization","name":"Organisator","url":"https:\/\/www.organisator.ch\/","logo":{"@type":"ImageObject","inLanguage":"de","@id":"https:\/\/www.organisator.ch\/#\/schema\/logo\/image\/","url":"https:\/\/www.organisator.ch\/wp-content\/uploads\/2022\/01\/Logo_Organisator_Website.png","contentUrl":"https:\/\/www.organisator.ch\/wp-content\/uploads\/2022\/01\/Logo_Organisator_Website.png","width":800,"height":77,"caption":"Organisator"},"image":{"@id":"https:\/\/www.organisator.ch\/#\/schema\/logo\/image\/"},"sameAs":["https:\/\/www.facebook.com\/OrganisatorFachmagazin","https:\/\/www.linkedin.com\/showcase\/organisator-das-magazin-fr-kmu","https:\/\/www.xing.com\/news\/pages\/organisator-ch-695","https:\/\/www.youtube.com\/channel\/UCGP2Sq0iWaZwT3BdIAQFYpw"]},{"@type":"Person","@id":"https:\/\/www.organisator.ch\/#\/schema\/person\/aa2bace6c5c5aad60102004a50c4eb1c","name":"admin","image":{"@type":"ImageObject","inLanguage":"de","@id":"https:\/\/secure.gravatar.com\/avatar\/ae2f4d718e6c49043e314ce431e7e645d646302a24a5ef5a8bc8e3f5a032e319?s=96&d=mm&r=g","url":"https:\/\/secure.gravatar.com\/avatar\/ae2f4d718e6c49043e314ce431e7e645d646302a24a5ef5a8bc8e3f5a032e319?s=96&d=mm&r=g","contentUrl":"https:\/\/secure.gravatar.com\/avatar\/ae2f4d718e6c49043e314ce431e7e645d646302a24a5ef5a8bc8e3f5a032e319?s=96&d=mm&r=g","caption":"admin"},"sameAs":["https:\/\/www.organisator.ch"],"url":"https:\/\/www.organisator.ch\/de\/author\/admin\/"}]}},"_links":{"self":[{"href":"https:\/\/www.organisator.ch\/de\/wp-json\/wp\/v2\/posts\/902","targetHints":{"allow":["GET"]}}],"collection":[{"href":"https:\/\/www.organisator.ch\/de\/wp-json\/wp\/v2\/posts"}],"about":[{"href":"https:\/\/www.organisator.ch\/de\/wp-json\/wp\/v2\/types\/post"}],"author":[{"embeddable":true,"href":"https:\/\/www.organisator.ch\/de\/wp-json\/wp\/v2\/users\/1"}],"replies":[{"embeddable":true,"href":"https:\/\/www.organisator.ch\/de\/wp-json\/wp\/v2\/comments?post=902"}],"version-history":[{"count":1,"href":"https:\/\/www.organisator.ch\/de\/wp-json\/wp\/v2\/posts\/902\/revisions"}],"predecessor-version":[{"id":11048,"href":"https:\/\/www.organisator.ch\/de\/wp-json\/wp\/v2\/posts\/902\/revisions\/11048"}],"wp:featuredmedia":[{"embeddable":true,"href":"https:\/\/www.organisator.ch\/de\/wp-json\/wp\/v2\/media\/903"}],"wp:attachment":[{"href":"https:\/\/www.organisator.ch\/de\/wp-json\/wp\/v2\/media?parent=902"}],"wp:term":[{"taxonomy":"category","embeddable":true,"href":"https:\/\/www.organisator.ch\/de\/wp-json\/wp\/v2\/categories?post=902"},{"taxonomy":"post_tag","embeddable":true,"href":"https:\/\/www.organisator.ch\/de\/wp-json\/wp\/v2\/tags?post=902"}],"curies":[{"name":"wp","href":"https:\/\/api.w.org\/{rel}","templated":true}]}}