{"id":905,"date":"2017-03-24T08:41:25","date_gmt":"2017-03-24T07:41:25","guid":{"rendered":"https:\/\/www.umweltperspektiven.ch\/?p=905"},"modified":"2022-02-09T11:06:21","modified_gmt":"2022-02-09T10:06:21","slug":"energieautarkes-mehrfamilienhaus-positive-bilanz-nach-erstem-winter","status":"publish","type":"post","link":"https:\/\/www.organisator.ch\/de\/sustainability\/2017-03-24\/energieautarkes-mehrfamilienhaus-positive-bilanz-nach-erstem-winter\/","title":{"rendered":"Energieautarkes Mehrfamilienhaus: Positive Bilanz nach erstem Winter"},"content":{"rendered":"<figure id=\"attachment_906\" aria-describedby=\"caption-attachment-906\" style=\"width: 680px\" class=\"wp-caption alignnone\"><img loading=\"lazy\" decoding=\"async\" class=\"size-medium wp-image-906\" src=\"\/\/www.umweltperspektiven.ch\/wp-content\/uploads\/2017\/03\/Br\u00fctten.jpg\" alt=\"\" width=\"680\" height=\"453\" \/><figcaption id=\"caption-attachment-906\" class=\"wp-caption-text\">Das erste energieautarke Mehrfamilienhaus der Welt hat den ersten harten Winter mit Bravour \u00fcberstanden. (Bild: Umwelt Arena)<\/figcaption><\/figure>\n<p>Das erste energieautarke Mehrfamilienhaus der Welt in Br\u00fctten (Kanton Z\u00fcrich), das komplett ohne externe Energieanschl\u00fcsse auskommt, \u00a0hat den ersten H\u00e4rtetest in Form des k\u00e4ltesten und sonnen\u00e4rmsten Winters seit mehreren Jahrzehnten ohne Fehl und Tadel bestanden. Die Simulationen entsprechen der Realit\u00e4t. Die erzielten Resultate erf\u00fcllten sowohl bei der Energieproduktion, als auch beim Verbrauch die prognostizierten Werte. So ben\u00f6tigten die Bewohner des Neunfamilienhauses, die bei einem Casting ausgew\u00e4hlt wurden, nur halb so viel Energie (2\u2018200 kWh) statt wie schweizweit \u00fcblich 4\u2018400 kWh pro Wohnung\/Jahr, ohne dass sie Komforteinbussen in Kauf nehmen mussten. Und dies, obwohl aufgrund der \u00fcblichen Hausfeuchtigkeit in Neubauten anfangs mehr Energie verbraucht wurde.<\/p>\n<p><strong>Probleme mit Brennstoffzelle behoben<\/strong><\/p>\n<p>Einzig die Zuverl\u00e4ssigkeit der Brennstoffzelle, die aus dem im Sommer mit Sonnenenergie erzeugten Wasserstoff wieder Strom und W\u00e4rme produziert, erwies sich zu Beginn der kalten Jahreszeit als ungen\u00fcgend. Mit entsprechenden Anpassungen und einer neuen Softwareprogrammierung konnte das Problem behoben werden. Die Bilanz nach dem ersten Winter zeigt, dass &#8211; wie berechnet &#8211; \u00a0lediglich eine Stroml\u00fccke von 10 Prozent besteht, die im energieautarken Mehrfamilienhaus mit dem selber produzierten Wasserstoff abgedeckt werden kann.<\/p>\n<p>Zus\u00e4tzliches Potenzial sehen die Experten zudem beim thermischen Wassertank (Langzeitspeicher), der &#8211; um die Abk\u00fchlung durch vorbei fliessendes Grundwasser zu reduzieren &#8211; noch st\u00e4rker isoliert werden soll.<\/p>\n<p>Mit dem <a href=\"\/\/www.umweltarena.ch\/uber-uns\/energieautarkes-mfh-brutten\/\">Leuchtturmprojekt <\/a>\u201eEnergieautarkes Mehrfamilienhaus\u201c zeigt die Umwelt Arena zusammen mit ihren beteiligten Partnern, was mit der bereits heute vorhandenen Technologie m\u00f6glich ist. Das Projekt dient als Vorbild und st\u00f6sst in den Medien und der breiten \u00d6ffentlichkeit auf reges Interesse. Entsprechend gut besucht sind die von der Umwelt Arena organisierten Spezialf\u00fchrungen zum ersten energieautarken Mehrfamilienhaus der Welt. Die Ausstellung zeigt den technischen Aufbau des Geb\u00e4udes, aktuelle Energiedaten und pr\u00e4sentiert die technischen L\u00f6sungen, die im Projekt zur Anwendung kommen.<\/p>\n<p>Text: <a href=\"\/\/www.umweltarena.ch\">Umwelt Arena<\/a><\/p>\n","protected":false},"excerpt":{"rendered":"<p>Das erste energieautarke Mehrfamilienhaus der Welt in Br\u00fctten (Kanton Z\u00fcrich), das komplett ohne externe Energieanschl\u00fcsse auskommt, \u00a0hat den ersten H\u00e4rtetest in Form des k\u00e4ltesten und sonnen\u00e4rmsten Winters seit mehreren Jahrzehnten ohne Fehl und Tadel bestanden. Die Simulationen entsprechen der Realit\u00e4t. Die erzielten Resultate erf\u00fcllten sowohl bei der Energieproduktion, als auch beim Verbrauch die prognostizierten Werte. [&hellip;]<\/p>\n","protected":false},"author":1,"featured_media":9481,"comment_status":"open","ping_status":"open","sticky":false,"template":"","format":"standard","meta":{"_acf_changed":false,"_yoast_wpseo_focuskw":"Umwelt Arena","_yoast_wpseo_metadesc":"Das erste energieautarke Mehrfamilienhaus in Br\u00fctten hat den harten Winter problemlos \u00fcberstanden: Die Bewohner hatten immer Licht, Strom und W\u00e4rme.","articlekey":"","footnotes":""},"categories":[580],"tags":[879,1063,1777,2352],"class_list":["post-905","post","type-post","status-publish","format-standard","has-post-thumbnail","hentry","category-sustainability","tag-bruetten","tag-energieautark","tag-nachhaltiges-bauen","tag-umwelt-arena"],"acf":[],"yoast_head":"<!-- This site is optimized with the Yoast SEO plugin v27.4 - https:\/\/yoast.com\/product\/yoast-seo-wordpress\/ -->\n<title>Energieautarkes Mehrfamilienhaus: Positive Bilanz nach erstem Winter<\/title>\n<meta name=\"description\" content=\"Das erste energieautarke Mehrfamilienhaus in Br\u00fctten hat den harten Winter problemlos \u00fcberstanden: Die Bewohner hatten immer Licht, Strom und W\u00e4rme.\" \/>\n<meta name=\"robots\" content=\"index, follow, max-snippet:-1, max-image-preview:large, max-video-preview:-1\" \/>\n<link rel=\"canonical\" href=\"https:\/\/www.organisator.ch\/de\/sustainability\/2017-03-24\/energieautarkes-mehrfamilienhaus-positive-bilanz-nach-erstem-winter\/\" \/>\n<meta property=\"og:locale\" content=\"de_DE\" \/>\n<meta property=\"og:type\" content=\"article\" \/>\n<meta property=\"og:title\" content=\"Energieautarkes Mehrfamilienhaus: Positive Bilanz nach erstem Winter\" \/>\n<meta property=\"og:description\" content=\"Das erste energieautarke Mehrfamilienhaus in Br\u00fctten hat den harten Winter problemlos \u00fcberstanden: Die Bewohner hatten immer Licht, Strom und W\u00e4rme.\" \/>\n<meta property=\"og:url\" content=\"https:\/\/www.organisator.ch\/de\/sustainability\/2017-03-24\/energieautarkes-mehrfamilienhaus-positive-bilanz-nach-erstem-winter\/\" \/>\n<meta property=\"og:site_name\" content=\"Organisator\" \/>\n<meta property=\"article:publisher\" content=\"https:\/\/www.facebook.com\/OrganisatorFachmagazin\" \/>\n<meta property=\"article:published_time\" content=\"2017-03-24T07:41:25+00:00\" \/>\n<meta property=\"article:modified_time\" content=\"2022-02-09T10:06:21+00:00\" \/>\n<meta property=\"og:image\" content=\"https:\/\/www.organisator.ch\/wp-content\/uploads\/2017\/03\/Bruetten.jpg\" \/>\n\t<meta property=\"og:image:width\" content=\"2000\" \/>\n\t<meta property=\"og:image:height\" content=\"1333\" \/>\n\t<meta property=\"og:image:type\" content=\"image\/jpeg\" \/>\n<meta name=\"author\" content=\"admin\" \/>\n<meta name=\"twitter:card\" content=\"summary_large_image\" \/>\n<script type=\"application\/ld+json\" class=\"yoast-schema-graph\">{\"@context\":\"https:\\\/\\\/schema.org\",\"@graph\":[{\"@type\":\"Article\",\"@id\":\"https:\\\/\\\/www.organisator.ch\\\/sustainability\\\/2017-03-24\\\/energieautarkes-mehrfamilienhaus-positive-bilanz-nach-erstem-winter\\\/#article\",\"isPartOf\":{\"@id\":\"https:\\\/\\\/www.organisator.ch\\\/sustainability\\\/2017-03-24\\\/energieautarkes-mehrfamilienhaus-positive-bilanz-nach-erstem-winter\\\/\"},\"author\":{\"name\":\"admin\",\"@id\":\"https:\\\/\\\/www.organisator.ch\\\/#\\\/schema\\\/person\\\/aa2bace6c5c5aad60102004a50c4eb1c\"},\"headline\":\"Energieautarkes Mehrfamilienhaus: Positive Bilanz nach erstem Winter\",\"datePublished\":\"2017-03-24T07:41:25+00:00\",\"dateModified\":\"2022-02-09T10:06:21+00:00\",\"mainEntityOfPage\":{\"@id\":\"https:\\\/\\\/www.organisator.ch\\\/sustainability\\\/2017-03-24\\\/energieautarkes-mehrfamilienhaus-positive-bilanz-nach-erstem-winter\\\/\"},\"wordCount\":339,\"commentCount\":0,\"publisher\":{\"@id\":\"https:\\\/\\\/www.organisator.ch\\\/#organization\"},\"image\":{\"@id\":\"https:\\\/\\\/www.organisator.ch\\\/sustainability\\\/2017-03-24\\\/energieautarkes-mehrfamilienhaus-positive-bilanz-nach-erstem-winter\\\/#primaryimage\"},\"thumbnailUrl\":\"https:\\\/\\\/www.organisator.ch\\\/wp-content\\\/uploads\\\/2017\\\/03\\\/Bruetten.jpg\",\"keywords\":[\"Br\u00fctten\",\"Energieautark\",\"nachhaltiges Bauen\",\"Umwelt Arena\"],\"articleSection\":[\"SUSTAINABILITY\"],\"inLanguage\":\"de\"},{\"@type\":\"WebPage\",\"@id\":\"https:\\\/\\\/www.organisator.ch\\\/sustainability\\\/2017-03-24\\\/energieautarkes-mehrfamilienhaus-positive-bilanz-nach-erstem-winter\\\/\",\"url\":\"https:\\\/\\\/www.organisator.ch\\\/sustainability\\\/2017-03-24\\\/energieautarkes-mehrfamilienhaus-positive-bilanz-nach-erstem-winter\\\/\",\"name\":\"Energieautarkes Mehrfamilienhaus: Positive Bilanz nach erstem Winter\",\"isPartOf\":{\"@id\":\"https:\\\/\\\/www.organisator.ch\\\/#website\"},\"primaryImageOfPage\":{\"@id\":\"https:\\\/\\\/www.organisator.ch\\\/sustainability\\\/2017-03-24\\\/energieautarkes-mehrfamilienhaus-positive-bilanz-nach-erstem-winter\\\/#primaryimage\"},\"image\":{\"@id\":\"https:\\\/\\\/www.organisator.ch\\\/sustainability\\\/2017-03-24\\\/energieautarkes-mehrfamilienhaus-positive-bilanz-nach-erstem-winter\\\/#primaryimage\"},\"thumbnailUrl\":\"https:\\\/\\\/www.organisator.ch\\\/wp-content\\\/uploads\\\/2017\\\/03\\\/Bruetten.jpg\",\"datePublished\":\"2017-03-24T07:41:25+00:00\",\"dateModified\":\"2022-02-09T10:06:21+00:00\",\"description\":\"Das erste energieautarke Mehrfamilienhaus in Br\u00fctten hat den harten Winter problemlos \u00fcberstanden: Die Bewohner hatten immer Licht, Strom und W\u00e4rme.\",\"breadcrumb\":{\"@id\":\"https:\\\/\\\/www.organisator.ch\\\/sustainability\\\/2017-03-24\\\/energieautarkes-mehrfamilienhaus-positive-bilanz-nach-erstem-winter\\\/#breadcrumb\"},\"inLanguage\":\"de\",\"potentialAction\":[{\"@type\":\"ReadAction\",\"target\":[\"https:\\\/\\\/www.organisator.ch\\\/sustainability\\\/2017-03-24\\\/energieautarkes-mehrfamilienhaus-positive-bilanz-nach-erstem-winter\\\/\"]}]},{\"@type\":\"ImageObject\",\"inLanguage\":\"de\",\"@id\":\"https:\\\/\\\/www.organisator.ch\\\/sustainability\\\/2017-03-24\\\/energieautarkes-mehrfamilienhaus-positive-bilanz-nach-erstem-winter\\\/#primaryimage\",\"url\":\"https:\\\/\\\/www.organisator.ch\\\/wp-content\\\/uploads\\\/2017\\\/03\\\/Bruetten.jpg\",\"contentUrl\":\"https:\\\/\\\/www.organisator.ch\\\/wp-content\\\/uploads\\\/2017\\\/03\\\/Bruetten.jpg\",\"width\":2000,\"height\":1333,\"caption\":\"Das erste energieautarke Mehrfamilienhaus der Welt hat den ersten harten Winter mit Bravour \u00fcberstanden. (Bild: Umwelt Arena)\"},{\"@type\":\"BreadcrumbList\",\"@id\":\"https:\\\/\\\/www.organisator.ch\\\/sustainability\\\/2017-03-24\\\/energieautarkes-mehrfamilienhaus-positive-bilanz-nach-erstem-winter\\\/#breadcrumb\",\"itemListElement\":[{\"@type\":\"ListItem\",\"position\":1,\"name\":\"Home\",\"item\":\"https:\\\/\\\/www.organisator.ch\\\/\"},{\"@type\":\"ListItem\",\"position\":2,\"name\":\"Energieautarkes Mehrfamilienhaus: Positive Bilanz nach erstem Winter\"}]},{\"@type\":\"WebSite\",\"@id\":\"https:\\\/\\\/www.organisator.ch\\\/#website\",\"url\":\"https:\\\/\\\/www.organisator.ch\\\/\",\"name\":\"Organisator\",\"description\":\"Kompetent. Praxisnah. Der ORGANISATOR bereitet in 10 Ausgaben pro Jahr die wesentlichen Themen f\u00fcr F\u00fchrungskr\u00e4fte von KMU auf.\",\"publisher\":{\"@id\":\"https:\\\/\\\/www.organisator.ch\\\/#organization\"},\"potentialAction\":[{\"@type\":\"SearchAction\",\"target\":{\"@type\":\"EntryPoint\",\"urlTemplate\":\"https:\\\/\\\/www.organisator.ch\\\/?s={search_term_string}\"},\"query-input\":{\"@type\":\"PropertyValueSpecification\",\"valueRequired\":true,\"valueName\":\"search_term_string\"}}],\"inLanguage\":\"de\"},{\"@type\":\"Organization\",\"@id\":\"https:\\\/\\\/www.organisator.ch\\\/#organization\",\"name\":\"Organisator\",\"url\":\"https:\\\/\\\/www.organisator.ch\\\/\",\"logo\":{\"@type\":\"ImageObject\",\"inLanguage\":\"de\",\"@id\":\"https:\\\/\\\/www.organisator.ch\\\/#\\\/schema\\\/logo\\\/image\\\/\",\"url\":\"https:\\\/\\\/www.organisator.ch\\\/wp-content\\\/uploads\\\/2022\\\/01\\\/Logo_Organisator_Website.png\",\"contentUrl\":\"https:\\\/\\\/www.organisator.ch\\\/wp-content\\\/uploads\\\/2022\\\/01\\\/Logo_Organisator_Website.png\",\"width\":800,\"height\":77,\"caption\":\"Organisator\"},\"image\":{\"@id\":\"https:\\\/\\\/www.organisator.ch\\\/#\\\/schema\\\/logo\\\/image\\\/\"},\"sameAs\":[\"https:\\\/\\\/www.facebook.com\\\/OrganisatorFachmagazin\",\"https:\\\/\\\/www.linkedin.com\\\/showcase\\\/organisator-das-magazin-fr-kmu\",\"https:\\\/\\\/www.xing.com\\\/news\\\/pages\\\/organisator-ch-695\",\"https:\\\/\\\/www.youtube.com\\\/channel\\\/UCGP2Sq0iWaZwT3BdIAQFYpw\"]},{\"@type\":\"Person\",\"@id\":\"https:\\\/\\\/www.organisator.ch\\\/#\\\/schema\\\/person\\\/aa2bace6c5c5aad60102004a50c4eb1c\",\"name\":\"admin\",\"image\":{\"@type\":\"ImageObject\",\"inLanguage\":\"de\",\"@id\":\"https:\\\/\\\/secure.gravatar.com\\\/avatar\\\/ae2f4d718e6c49043e314ce431e7e645d646302a24a5ef5a8bc8e3f5a032e319?s=96&d=mm&r=g\",\"url\":\"https:\\\/\\\/secure.gravatar.com\\\/avatar\\\/ae2f4d718e6c49043e314ce431e7e645d646302a24a5ef5a8bc8e3f5a032e319?s=96&d=mm&r=g\",\"contentUrl\":\"https:\\\/\\\/secure.gravatar.com\\\/avatar\\\/ae2f4d718e6c49043e314ce431e7e645d646302a24a5ef5a8bc8e3f5a032e319?s=96&d=mm&r=g\",\"caption\":\"admin\"},\"sameAs\":[\"https:\\\/\\\/www.organisator.ch\"],\"url\":\"https:\\\/\\\/www.organisator.ch\\\/de\\\/author\\\/admin\\\/\"}]}<\/script>\n<!-- \/ Yoast SEO plugin. -->","yoast_head_json":{"title":"Energieautarkes Mehrfamilienhaus: Positive Bilanz nach erstem Winter","description":"Das erste energieautarke Mehrfamilienhaus in Br\u00fctten hat den harten Winter problemlos \u00fcberstanden: Die Bewohner hatten immer Licht, Strom und W\u00e4rme.","robots":{"index":"index","follow":"follow","max-snippet":"max-snippet:-1","max-image-preview":"max-image-preview:large","max-video-preview":"max-video-preview:-1"},"canonical":"https:\/\/www.organisator.ch\/de\/sustainability\/2017-03-24\/energieautarkes-mehrfamilienhaus-positive-bilanz-nach-erstem-winter\/","og_locale":"de_DE","og_type":"article","og_title":"Energieautarkes Mehrfamilienhaus: Positive Bilanz nach erstem Winter","og_description":"Das erste energieautarke Mehrfamilienhaus in Br\u00fctten hat den harten Winter problemlos \u00fcberstanden: Die Bewohner hatten immer Licht, Strom und W\u00e4rme.","og_url":"https:\/\/www.organisator.ch\/de\/sustainability\/2017-03-24\/energieautarkes-mehrfamilienhaus-positive-bilanz-nach-erstem-winter\/","og_site_name":"Organisator","article_publisher":"https:\/\/www.facebook.com\/OrganisatorFachmagazin","article_published_time":"2017-03-24T07:41:25+00:00","article_modified_time":"2022-02-09T10:06:21+00:00","og_image":[{"width":2000,"height":1333,"url":"https:\/\/www.organisator.ch\/wp-content\/uploads\/2017\/03\/Bruetten.jpg","type":"image\/jpeg"}],"author":"admin","twitter_card":"summary_large_image","schema":{"@context":"https:\/\/schema.org","@graph":[{"@type":"Article","@id":"https:\/\/www.organisator.ch\/sustainability\/2017-03-24\/energieautarkes-mehrfamilienhaus-positive-bilanz-nach-erstem-winter\/#article","isPartOf":{"@id":"https:\/\/www.organisator.ch\/sustainability\/2017-03-24\/energieautarkes-mehrfamilienhaus-positive-bilanz-nach-erstem-winter\/"},"author":{"name":"admin","@id":"https:\/\/www.organisator.ch\/#\/schema\/person\/aa2bace6c5c5aad60102004a50c4eb1c"},"headline":"Energieautarkes Mehrfamilienhaus: Positive Bilanz nach erstem Winter","datePublished":"2017-03-24T07:41:25+00:00","dateModified":"2022-02-09T10:06:21+00:00","mainEntityOfPage":{"@id":"https:\/\/www.organisator.ch\/sustainability\/2017-03-24\/energieautarkes-mehrfamilienhaus-positive-bilanz-nach-erstem-winter\/"},"wordCount":339,"commentCount":0,"publisher":{"@id":"https:\/\/www.organisator.ch\/#organization"},"image":{"@id":"https:\/\/www.organisator.ch\/sustainability\/2017-03-24\/energieautarkes-mehrfamilienhaus-positive-bilanz-nach-erstem-winter\/#primaryimage"},"thumbnailUrl":"https:\/\/www.organisator.ch\/wp-content\/uploads\/2017\/03\/Bruetten.jpg","keywords":["Br\u00fctten","Energieautark","nachhaltiges Bauen","Umwelt Arena"],"articleSection":["SUSTAINABILITY"],"inLanguage":"de"},{"@type":"WebPage","@id":"https:\/\/www.organisator.ch\/sustainability\/2017-03-24\/energieautarkes-mehrfamilienhaus-positive-bilanz-nach-erstem-winter\/","url":"https:\/\/www.organisator.ch\/sustainability\/2017-03-24\/energieautarkes-mehrfamilienhaus-positive-bilanz-nach-erstem-winter\/","name":"Energieautarkes Mehrfamilienhaus: Positive Bilanz nach erstem Winter","isPartOf":{"@id":"https:\/\/www.organisator.ch\/#website"},"primaryImageOfPage":{"@id":"https:\/\/www.organisator.ch\/sustainability\/2017-03-24\/energieautarkes-mehrfamilienhaus-positive-bilanz-nach-erstem-winter\/#primaryimage"},"image":{"@id":"https:\/\/www.organisator.ch\/sustainability\/2017-03-24\/energieautarkes-mehrfamilienhaus-positive-bilanz-nach-erstem-winter\/#primaryimage"},"thumbnailUrl":"https:\/\/www.organisator.ch\/wp-content\/uploads\/2017\/03\/Bruetten.jpg","datePublished":"2017-03-24T07:41:25+00:00","dateModified":"2022-02-09T10:06:21+00:00","description":"Das erste energieautarke Mehrfamilienhaus in Br\u00fctten hat den harten Winter problemlos \u00fcberstanden: Die Bewohner hatten immer Licht, Strom und W\u00e4rme.","breadcrumb":{"@id":"https:\/\/www.organisator.ch\/sustainability\/2017-03-24\/energieautarkes-mehrfamilienhaus-positive-bilanz-nach-erstem-winter\/#breadcrumb"},"inLanguage":"de","potentialAction":[{"@type":"ReadAction","target":["https:\/\/www.organisator.ch\/sustainability\/2017-03-24\/energieautarkes-mehrfamilienhaus-positive-bilanz-nach-erstem-winter\/"]}]},{"@type":"ImageObject","inLanguage":"de","@id":"https:\/\/www.organisator.ch\/sustainability\/2017-03-24\/energieautarkes-mehrfamilienhaus-positive-bilanz-nach-erstem-winter\/#primaryimage","url":"https:\/\/www.organisator.ch\/wp-content\/uploads\/2017\/03\/Bruetten.jpg","contentUrl":"https:\/\/www.organisator.ch\/wp-content\/uploads\/2017\/03\/Bruetten.jpg","width":2000,"height":1333,"caption":"Das erste energieautarke Mehrfamilienhaus der Welt hat den ersten harten Winter mit Bravour \u00fcberstanden. (Bild: Umwelt Arena)"},{"@type":"BreadcrumbList","@id":"https:\/\/www.organisator.ch\/sustainability\/2017-03-24\/energieautarkes-mehrfamilienhaus-positive-bilanz-nach-erstem-winter\/#breadcrumb","itemListElement":[{"@type":"ListItem","position":1,"name":"Home","item":"https:\/\/www.organisator.ch\/"},{"@type":"ListItem","position":2,"name":"Energieautarkes Mehrfamilienhaus: Positive Bilanz nach erstem Winter"}]},{"@type":"WebSite","@id":"https:\/\/www.organisator.ch\/#website","url":"https:\/\/www.organisator.ch\/","name":"Organisator","description":"Kompetent. Praxisnah. Der ORGANISATOR bereitet in 10 Ausgaben pro Jahr die wesentlichen Themen f\u00fcr F\u00fchrungskr\u00e4fte von KMU auf.","publisher":{"@id":"https:\/\/www.organisator.ch\/#organization"},"potentialAction":[{"@type":"SearchAction","target":{"@type":"EntryPoint","urlTemplate":"https:\/\/www.organisator.ch\/?s={search_term_string}"},"query-input":{"@type":"PropertyValueSpecification","valueRequired":true,"valueName":"search_term_string"}}],"inLanguage":"de"},{"@type":"Organization","@id":"https:\/\/www.organisator.ch\/#organization","name":"Organisator","url":"https:\/\/www.organisator.ch\/","logo":{"@type":"ImageObject","inLanguage":"de","@id":"https:\/\/www.organisator.ch\/#\/schema\/logo\/image\/","url":"https:\/\/www.organisator.ch\/wp-content\/uploads\/2022\/01\/Logo_Organisator_Website.png","contentUrl":"https:\/\/www.organisator.ch\/wp-content\/uploads\/2022\/01\/Logo_Organisator_Website.png","width":800,"height":77,"caption":"Organisator"},"image":{"@id":"https:\/\/www.organisator.ch\/#\/schema\/logo\/image\/"},"sameAs":["https:\/\/www.facebook.com\/OrganisatorFachmagazin","https:\/\/www.linkedin.com\/showcase\/organisator-das-magazin-fr-kmu","https:\/\/www.xing.com\/news\/pages\/organisator-ch-695","https:\/\/www.youtube.com\/channel\/UCGP2Sq0iWaZwT3BdIAQFYpw"]},{"@type":"Person","@id":"https:\/\/www.organisator.ch\/#\/schema\/person\/aa2bace6c5c5aad60102004a50c4eb1c","name":"admin","image":{"@type":"ImageObject","inLanguage":"de","@id":"https:\/\/secure.gravatar.com\/avatar\/ae2f4d718e6c49043e314ce431e7e645d646302a24a5ef5a8bc8e3f5a032e319?s=96&d=mm&r=g","url":"https:\/\/secure.gravatar.com\/avatar\/ae2f4d718e6c49043e314ce431e7e645d646302a24a5ef5a8bc8e3f5a032e319?s=96&d=mm&r=g","contentUrl":"https:\/\/secure.gravatar.com\/avatar\/ae2f4d718e6c49043e314ce431e7e645d646302a24a5ef5a8bc8e3f5a032e319?s=96&d=mm&r=g","caption":"admin"},"sameAs":["https:\/\/www.organisator.ch"],"url":"https:\/\/www.organisator.ch\/de\/author\/admin\/"}]}},"_links":{"self":[{"href":"https:\/\/www.organisator.ch\/de\/wp-json\/wp\/v2\/posts\/905","targetHints":{"allow":["GET"]}}],"collection":[{"href":"https:\/\/www.organisator.ch\/de\/wp-json\/wp\/v2\/posts"}],"about":[{"href":"https:\/\/www.organisator.ch\/de\/wp-json\/wp\/v2\/types\/post"}],"author":[{"embeddable":true,"href":"https:\/\/www.organisator.ch\/de\/wp-json\/wp\/v2\/users\/1"}],"replies":[{"embeddable":true,"href":"https:\/\/www.organisator.ch\/de\/wp-json\/wp\/v2\/comments?post=905"}],"version-history":[{"count":1,"href":"https:\/\/www.organisator.ch\/de\/wp-json\/wp\/v2\/posts\/905\/revisions"}],"predecessor-version":[{"id":10587,"href":"https:\/\/www.organisator.ch\/de\/wp-json\/wp\/v2\/posts\/905\/revisions\/10587"}],"wp:featuredmedia":[{"embeddable":true,"href":"https:\/\/www.organisator.ch\/de\/wp-json\/wp\/v2\/media\/9481"}],"wp:attachment":[{"href":"https:\/\/www.organisator.ch\/de\/wp-json\/wp\/v2\/media?parent=905"}],"wp:term":[{"taxonomy":"category","embeddable":true,"href":"https:\/\/www.organisator.ch\/de\/wp-json\/wp\/v2\/categories?post=905"},{"taxonomy":"post_tag","embeddable":true,"href":"https:\/\/www.organisator.ch\/de\/wp-json\/wp\/v2\/tags?post=905"}],"curies":[{"name":"wp","href":"https:\/\/api.w.org\/{rel}","templated":true}]}}