{"id":906,"date":"2016-09-01T17:29:25","date_gmt":"2016-09-01T15:29:25","guid":{"rendered":"http:\/\/dev.organisator.ch\/?p=906"},"modified":"2016-09-01T17:29:25","modified_gmt":"2016-09-01T15:29:25","slug":"wie-loyal-sich-angestellte-sehen","status":"publish","type":"post","link":"https:\/\/www.organisator.ch\/de\/human-resources\/hrm\/2016-09-01\/wie-loyal-sich-angestellte-sehen\/","title":{"rendered":"Wie loyal sich Angestellte sehen"},"content":{"rendered":"<figure id=\"attachment_908\" aria-describedby=\"caption-attachment-908\" style=\"width: 680px\" class=\"wp-caption alignnone\"><img loading=\"lazy\" decoding=\"async\" class=\"size-medium wp-image-908\" src=\"https:\/\/organisator.ch\/wp-content\/uploads\/2016\/12\/Wie-loyal-sich-Angestellte-sehen-sicherheitsforum.jpg\" alt=\"\" width=\"680\" height=\"454\" srcset=\"https:\/\/www.organisator.ch\/wp-content\/uploads\/2016\/12\/Wie-loyal-sich-Angestellte-sehen-sicherheitsforum.jpg 1000w, https:\/\/www.organisator.ch\/wp-content\/uploads\/2016\/12\/Wie-loyal-sich-Angestellte-sehen-sicherheitsforum-680x454.jpg 680w, https:\/\/www.organisator.ch\/wp-content\/uploads\/2016\/12\/Wie-loyal-sich-Angestellte-sehen-sicherheitsforum-768x512.jpg 768w, https:\/\/www.organisator.ch\/wp-content\/uploads\/2016\/12\/Wie-loyal-sich-Angestellte-sehen-sicherheitsforum-16x12.jpg 16w, https:\/\/www.organisator.ch\/wp-content\/uploads\/2016\/12\/Wie-loyal-sich-Angestellte-sehen-sicherheitsforum-262x175.jpg 262w, https:\/\/www.organisator.ch\/wp-content\/uploads\/2016\/12\/Wie-loyal-sich-Angestellte-sehen-sicherheitsforum-525x350.jpg 525w, https:\/\/www.organisator.ch\/wp-content\/uploads\/2016\/12\/Wie-loyal-sich-Angestellte-sehen-sicherheitsforum-920x614.jpg 920w, https:\/\/www.organisator.ch\/wp-content\/uploads\/2016\/12\/Wie-loyal-sich-Angestellte-sehen-sicherheitsforum-300x200.jpg 300w\" sizes=\"auto, (max-width: 680px) 100vw, 680px\" \/><figcaption id=\"caption-attachment-908\" class=\"wp-caption-text\">52% der Arbeitnehmer l\u00e4stern \u00fcber ihre Arbeitgeber. Trotzdem sieht sich die Mehrzahl als loyal. (Bild: depositphotos)<\/figcaption><\/figure>\n<p>1001 Befragte der Schweizer Wohnbev\u00f6lkerung sch\u00e4tzen den Anteil der loyalen Arbeitnehmenden auf 65% und denjenigen der loyalen Arbeitgeber auf 59%. Interessanterweise verstehen sich die Arbeitnehmer als solidarischer gegen\u00fcber ihrem Arbeitgeber als umgekehrt. Je j\u00fcnger die Besch\u00e4ftigten sind, desto weniger ausgepr\u00e4gt ist die Loyalit\u00e4t gegen\u00fcber der Firma. Die geringer Verdienenden verstehen sich als loyaler als die Besch\u00e4ftigten mit h\u00f6heren Einkommen. Dies sind die Kernaussagen einer repr\u00e4sentativen Befragung, die Demoscope im Auftrag der Angestellten Schweiz durchgef\u00fchrt hat.<\/p>\n<p><strong>\u00c4ltere und Geringverdiener sind loyaler<\/strong><\/p>\n<p>Die Wahrnehmung der eigenen Loyalit\u00e4t als Privatperson und am Arbeitsplatz unterscheidet sich kaum. Gegen\u00fcber Arbeitskollegen, Chefs und Kunden ist die Loyalit\u00e4t etwas gr\u00f6sser (71%) als gegen\u00fcber der Firma oder den Produkten und Dienstleistungen, die man herstellt oder erbringt (68% bzw. 65%).<\/p>\n<p>J\u00fcngere Arbeitnehmer (15 bis 34 Jahre) verstehen sich als signifikant weniger loyal am Arbeitsplatz als die \u00e4ltere Generation. Gerade umgekehrt verh\u00e4lt es sich bei den Einkommen. Geringer Verdienende (Bruttoverdienst bis 5000 Franken) sind loyaler gegen\u00fcber der Firma, bei der sie arbeiten, als die Arbeitnehmer mit h\u00f6heren Einkommen.<\/p>\n<p>Die den Mitarbeitenden vom Arbeitgeber entgegengebrachte Loyalit\u00e4t wird einiges tiefer eingesch\u00e4tzt. Nur 48% der Befragten antworteten mit &#8222;sehr loyal&#8220; und 42% mit &#8222;eher loyal&#8220;. Immerhin 8% empfinden ihre Firma als &#8222;eher nicht loyal&#8220;. Bei h\u00f6heren und mittleren Kadern ist die Zustimmung deutlich h\u00f6her als bei Spezialisten oder Mitarbeitern ohne F\u00fchrungsfunktion. &#8211; Mitarbeitende, die ihre Firma als loyal einsch\u00e4tzen, verhalten sich selber auch loyaler.<\/p>\n<p>52% gaben an, in ihrem privaten Umfeld \u00fcber ihren Arbeitgeber zu l\u00e4stern. Weiter geben 18% zu, Material\u00a0\u00a0am Arbeitsplatz f\u00fcr Privatzwecke mitgehen lassen zu haben. 8% arbeiten \u00fcber l\u00e4ngere Zeit extra langsam bei der Arbeit und 4% betr\u00fcgt beim Thema \u00dcberzeit oder bei der Arbeitszeiterfassung.<\/p>\n<p><strong>Arbeitgeber sollten mehr f\u00fcr die Loyalit\u00e4t tun<\/strong><\/p>\n<p>Von den Befragten geben nur wenige an, am Arbeitsplatz &#8222;unloyale Handlungen&#8220; begangen zu haben. 18% r\u00e4umen ein, Material f\u00fcr Privatzwecke entwendet zu haben, 8% \u00fcber l\u00e4ngere Zeit &#8222;gebummelt&#8220; und 4% bei der Arbeitszeiterfassung geschummelt zu haben. Mehr als die H\u00e4lfte (52%) best\u00e4tigen jedoch, in ihrem privaten Umfeld \u00fcber ihren Arbeitgeber &#8222;gel\u00e4stert&#8220; zu haben.<\/p>\n<p>Die Umfrage zeigt auf, dass insbesondere j\u00fcngere Mitarbeitende und Spezialisten (Fachkr\u00e4fte ohne Kaderfunktion) weniger loyal sind. &#8222;Es muss im Interesse der Unternehmen sein&#8220;, sagt Stefan Studer, Gesch\u00e4ftsf\u00fchrer der Angestellten Schweiz, &#8222;bei diesen zwei Gruppen mehr Loyalit\u00e4t zu erreichen.&#8220; &#8222;Wer loyale Mitarbeiter will&#8220;, so Studer, &#8222;muss sich ihnen gegen\u00fcber loyal verhalten, weil Loyalit\u00e4t die Folge einer Wechselwirkung ist.&#8220; Nach Ansicht der Angestellten Schweiz k\u00f6nnen Arbeitgeber mehr Loyalit\u00e4t erreichen, indem sie klar und offen kommunizieren und die Mitarbeitenden und ihre Arbeit wertsch\u00e4tzen. Worte und wohlklingende Leitbilder allein gen\u00fcgen nicht.<\/p>\n<p>Die Resultate der Umfrage im Detail finden sie auf <a href=\"http:\/\/www.angestellte.ch\" target=\"_blank\" rel=\"noreferrer noopener\" data-cke-saved-href=\"http:\/\/www.angestellte.ch\">www.angestellte.ch<\/a><\/p>\n","protected":false},"excerpt":{"rendered":"<p>1001 Befragte der Schweizer Wohnbev\u00f6lkerung sch\u00e4tzen den Anteil der loyalen Arbeitnehmenden auf 65% und denjenigen der loyalen Arbeitgeber auf 59%. Interessanterweise verstehen sich die Arbeitnehmer als solidarischer gegen\u00fcber ihrem Arbeitgeber als umgekehrt. Je j\u00fcnger die Besch\u00e4ftigten sind, desto weniger ausgepr\u00e4gt ist die Loyalit\u00e4t gegen\u00fcber der Firma. Die geringer Verdienenden verstehen sich als loyaler als die [&hellip;]<\/p>\n","protected":false},"author":1,"featured_media":908,"comment_status":"open","ping_status":"open","sticky":false,"template":"","format":"standard","meta":{"_acf_changed":false,"_yoast_wpseo_focuskw":"loyal","_yoast_wpseo_metadesc":"Was ist Loyalit\u00e4t? Mitarbeitende in der Schweiz sehen sich selber als loyaler gegen\u00fcber ihrem Arbeitgeber als umgekehrt.","articlekey":"","footnotes":""},"categories":[26],"tags":[254],"class_list":["post-906","post","type-post","status-publish","format-standard","has-post-thumbnail","hentry","category-hrm","tag-hrm"],"acf":[],"yoast_head":"<!-- This site is optimized with the Yoast SEO plugin v27.4 - https:\/\/yoast.com\/product\/yoast-seo-wordpress\/ -->\n<title>Wie loyal sich Angestellte sehen - Organisator<\/title>\n<meta name=\"description\" content=\"Was ist Loyalit\u00e4t? Mitarbeitende in der Schweiz sehen sich selber als loyaler gegen\u00fcber ihrem Arbeitgeber als umgekehrt.\" \/>\n<meta name=\"robots\" content=\"index, follow, max-snippet:-1, max-image-preview:large, max-video-preview:-1\" \/>\n<link rel=\"canonical\" href=\"https:\/\/www.organisator.ch\/de\/human-resources\/hrm\/2016-09-01\/wie-loyal-sich-angestellte-sehen\/\" \/>\n<meta property=\"og:locale\" content=\"de_DE\" \/>\n<meta property=\"og:type\" content=\"article\" \/>\n<meta property=\"og:title\" content=\"Wie loyal sich Angestellte sehen\" \/>\n<meta property=\"og:description\" content=\"Was ist Loyalit\u00e4t? Mitarbeitende in der Schweiz sehen sich selber als loyaler gegen\u00fcber ihrem Arbeitgeber als umgekehrt. Dies zeigt eine Befragung der Firma Demoscope in Hergiswil.\" \/>\n<meta property=\"og:url\" content=\"https:\/\/www.organisator.ch\/de\/human-resources\/hrm\/2016-09-01\/wie-loyal-sich-angestellte-sehen\/\" \/>\n<meta property=\"og:site_name\" content=\"Organisator\" \/>\n<meta property=\"article:publisher\" content=\"https:\/\/www.facebook.com\/OrganisatorFachmagazin\" \/>\n<meta property=\"article:published_time\" content=\"2016-09-01T15:29:25+00:00\" \/>\n<meta name=\"author\" content=\"admin\" \/>\n<meta name=\"twitter:card\" content=\"summary_large_image\" \/>\n<meta name=\"twitter:image\" content=\"https:\/\/www.organisator.ch\/wp-content\/uploads\/2016\/12\/Wie-loyal-sich-Angestellte-sehen-sicherheitsforum.jpg\" \/>\n<script type=\"application\/ld+json\" class=\"yoast-schema-graph\">{\"@context\":\"https:\\\/\\\/schema.org\",\"@graph\":[{\"@type\":\"Article\",\"@id\":\"https:\\\/\\\/www.organisator.ch\\\/human-resources\\\/hrm\\\/2016-09-01\\\/wie-loyal-sich-angestellte-sehen\\\/#article\",\"isPartOf\":{\"@id\":\"https:\\\/\\\/www.organisator.ch\\\/human-resources\\\/hrm\\\/2016-09-01\\\/wie-loyal-sich-angestellte-sehen\\\/\"},\"author\":{\"name\":\"admin\",\"@id\":\"https:\\\/\\\/www.organisator.ch\\\/#\\\/schema\\\/person\\\/aa2bace6c5c5aad60102004a50c4eb1c\"},\"headline\":\"Wie loyal sich Angestellte sehen\",\"datePublished\":\"2016-09-01T15:29:25+00:00\",\"mainEntityOfPage\":{\"@id\":\"https:\\\/\\\/www.organisator.ch\\\/human-resources\\\/hrm\\\/2016-09-01\\\/wie-loyal-sich-angestellte-sehen\\\/\"},\"wordCount\":493,\"commentCount\":0,\"publisher\":{\"@id\":\"https:\\\/\\\/www.organisator.ch\\\/#organization\"},\"image\":{\"@id\":\"https:\\\/\\\/www.organisator.ch\\\/human-resources\\\/hrm\\\/2016-09-01\\\/wie-loyal-sich-angestellte-sehen\\\/#primaryimage\"},\"thumbnailUrl\":\"https:\\\/\\\/www.organisator.ch\\\/wp-content\\\/uploads\\\/2016\\\/12\\\/Wie-loyal-sich-Angestellte-sehen-sicherheitsforum.jpg\",\"keywords\":[\"HRM\"],\"articleSection\":[\"HRM\"],\"inLanguage\":\"de\"},{\"@type\":\"WebPage\",\"@id\":\"https:\\\/\\\/www.organisator.ch\\\/human-resources\\\/hrm\\\/2016-09-01\\\/wie-loyal-sich-angestellte-sehen\\\/\",\"url\":\"https:\\\/\\\/www.organisator.ch\\\/human-resources\\\/hrm\\\/2016-09-01\\\/wie-loyal-sich-angestellte-sehen\\\/\",\"name\":\"Wie loyal sich Angestellte sehen - Organisator\",\"isPartOf\":{\"@id\":\"https:\\\/\\\/www.organisator.ch\\\/#website\"},\"primaryImageOfPage\":{\"@id\":\"https:\\\/\\\/www.organisator.ch\\\/human-resources\\\/hrm\\\/2016-09-01\\\/wie-loyal-sich-angestellte-sehen\\\/#primaryimage\"},\"image\":{\"@id\":\"https:\\\/\\\/www.organisator.ch\\\/human-resources\\\/hrm\\\/2016-09-01\\\/wie-loyal-sich-angestellte-sehen\\\/#primaryimage\"},\"thumbnailUrl\":\"https:\\\/\\\/www.organisator.ch\\\/wp-content\\\/uploads\\\/2016\\\/12\\\/Wie-loyal-sich-Angestellte-sehen-sicherheitsforum.jpg\",\"datePublished\":\"2016-09-01T15:29:25+00:00\",\"description\":\"Was ist Loyalit\u00e4t? Mitarbeitende in der Schweiz sehen sich selber als loyaler gegen\u00fcber ihrem Arbeitgeber als umgekehrt.\",\"breadcrumb\":{\"@id\":\"https:\\\/\\\/www.organisator.ch\\\/human-resources\\\/hrm\\\/2016-09-01\\\/wie-loyal-sich-angestellte-sehen\\\/#breadcrumb\"},\"inLanguage\":\"de\",\"potentialAction\":[{\"@type\":\"ReadAction\",\"target\":[\"https:\\\/\\\/www.organisator.ch\\\/human-resources\\\/hrm\\\/2016-09-01\\\/wie-loyal-sich-angestellte-sehen\\\/\"]}]},{\"@type\":\"ImageObject\",\"inLanguage\":\"de\",\"@id\":\"https:\\\/\\\/www.organisator.ch\\\/human-resources\\\/hrm\\\/2016-09-01\\\/wie-loyal-sich-angestellte-sehen\\\/#primaryimage\",\"url\":\"https:\\\/\\\/www.organisator.ch\\\/wp-content\\\/uploads\\\/2016\\\/12\\\/Wie-loyal-sich-Angestellte-sehen-sicherheitsforum.jpg\",\"contentUrl\":\"https:\\\/\\\/www.organisator.ch\\\/wp-content\\\/uploads\\\/2016\\\/12\\\/Wie-loyal-sich-Angestellte-sehen-sicherheitsforum.jpg\",\"width\":1000,\"height\":667,\"caption\":\"52% der Arbeitnehmer l\u00e4stern \u00fcber ihre Arbeitgeber. Trotzdem sieht sich die Mehrzahl als loyal. (Bild: depositphotos)\"},{\"@type\":\"BreadcrumbList\",\"@id\":\"https:\\\/\\\/www.organisator.ch\\\/human-resources\\\/hrm\\\/2016-09-01\\\/wie-loyal-sich-angestellte-sehen\\\/#breadcrumb\",\"itemListElement\":[{\"@type\":\"ListItem\",\"position\":1,\"name\":\"Home\",\"item\":\"https:\\\/\\\/www.organisator.ch\\\/\"},{\"@type\":\"ListItem\",\"position\":2,\"name\":\"Wie loyal sich Angestellte sehen\"}]},{\"@type\":\"WebSite\",\"@id\":\"https:\\\/\\\/www.organisator.ch\\\/#website\",\"url\":\"https:\\\/\\\/www.organisator.ch\\\/\",\"name\":\"Organisator\",\"description\":\"Kompetent. Praxisnah. Der ORGANISATOR bereitet in 10 Ausgaben pro Jahr die wesentlichen Themen f\u00fcr F\u00fchrungskr\u00e4fte von KMU auf.\",\"publisher\":{\"@id\":\"https:\\\/\\\/www.organisator.ch\\\/#organization\"},\"potentialAction\":[{\"@type\":\"SearchAction\",\"target\":{\"@type\":\"EntryPoint\",\"urlTemplate\":\"https:\\\/\\\/www.organisator.ch\\\/?s={search_term_string}\"},\"query-input\":{\"@type\":\"PropertyValueSpecification\",\"valueRequired\":true,\"valueName\":\"search_term_string\"}}],\"inLanguage\":\"de\"},{\"@type\":\"Organization\",\"@id\":\"https:\\\/\\\/www.organisator.ch\\\/#organization\",\"name\":\"Organisator\",\"url\":\"https:\\\/\\\/www.organisator.ch\\\/\",\"logo\":{\"@type\":\"ImageObject\",\"inLanguage\":\"de\",\"@id\":\"https:\\\/\\\/www.organisator.ch\\\/#\\\/schema\\\/logo\\\/image\\\/\",\"url\":\"https:\\\/\\\/www.organisator.ch\\\/wp-content\\\/uploads\\\/2022\\\/01\\\/Logo_Organisator_Website.png\",\"contentUrl\":\"https:\\\/\\\/www.organisator.ch\\\/wp-content\\\/uploads\\\/2022\\\/01\\\/Logo_Organisator_Website.png\",\"width\":800,\"height\":77,\"caption\":\"Organisator\"},\"image\":{\"@id\":\"https:\\\/\\\/www.organisator.ch\\\/#\\\/schema\\\/logo\\\/image\\\/\"},\"sameAs\":[\"https:\\\/\\\/www.facebook.com\\\/OrganisatorFachmagazin\",\"https:\\\/\\\/www.linkedin.com\\\/showcase\\\/organisator-das-magazin-fr-kmu\",\"https:\\\/\\\/www.xing.com\\\/news\\\/pages\\\/organisator-ch-695\",\"https:\\\/\\\/www.youtube.com\\\/channel\\\/UCGP2Sq0iWaZwT3BdIAQFYpw\"]},{\"@type\":\"Person\",\"@id\":\"https:\\\/\\\/www.organisator.ch\\\/#\\\/schema\\\/person\\\/aa2bace6c5c5aad60102004a50c4eb1c\",\"name\":\"admin\",\"image\":{\"@type\":\"ImageObject\",\"inLanguage\":\"de\",\"@id\":\"https:\\\/\\\/secure.gravatar.com\\\/avatar\\\/ae2f4d718e6c49043e314ce431e7e645d646302a24a5ef5a8bc8e3f5a032e319?s=96&d=mm&r=g\",\"url\":\"https:\\\/\\\/secure.gravatar.com\\\/avatar\\\/ae2f4d718e6c49043e314ce431e7e645d646302a24a5ef5a8bc8e3f5a032e319?s=96&d=mm&r=g\",\"contentUrl\":\"https:\\\/\\\/secure.gravatar.com\\\/avatar\\\/ae2f4d718e6c49043e314ce431e7e645d646302a24a5ef5a8bc8e3f5a032e319?s=96&d=mm&r=g\",\"caption\":\"admin\"},\"sameAs\":[\"https:\\\/\\\/www.organisator.ch\"],\"url\":\"https:\\\/\\\/www.organisator.ch\\\/de\\\/author\\\/admin\\\/\"}]}<\/script>\n<!-- \/ Yoast SEO plugin. -->","yoast_head_json":{"title":"Wie loyal sich Angestellte sehen - Organisator","description":"Was ist Loyalit\u00e4t? Mitarbeitende in der Schweiz sehen sich selber als loyaler gegen\u00fcber ihrem Arbeitgeber als umgekehrt.","robots":{"index":"index","follow":"follow","max-snippet":"max-snippet:-1","max-image-preview":"max-image-preview:large","max-video-preview":"max-video-preview:-1"},"canonical":"https:\/\/www.organisator.ch\/de\/human-resources\/hrm\/2016-09-01\/wie-loyal-sich-angestellte-sehen\/","og_locale":"de_DE","og_type":"article","og_title":"Wie loyal sich Angestellte sehen","og_description":"Was ist Loyalit\u00e4t? Mitarbeitende in der Schweiz sehen sich selber als loyaler gegen\u00fcber ihrem Arbeitgeber als umgekehrt. Dies zeigt eine Befragung der Firma Demoscope in Hergiswil.","og_url":"https:\/\/www.organisator.ch\/de\/human-resources\/hrm\/2016-09-01\/wie-loyal-sich-angestellte-sehen\/","og_site_name":"Organisator","article_publisher":"https:\/\/www.facebook.com\/OrganisatorFachmagazin","article_published_time":"2016-09-01T15:29:25+00:00","author":"admin","twitter_card":"summary_large_image","twitter_image":"https:\/\/www.organisator.ch\/wp-content\/uploads\/2016\/12\/Wie-loyal-sich-Angestellte-sehen-sicherheitsforum.jpg","schema":{"@context":"https:\/\/schema.org","@graph":[{"@type":"Article","@id":"https:\/\/www.organisator.ch\/human-resources\/hrm\/2016-09-01\/wie-loyal-sich-angestellte-sehen\/#article","isPartOf":{"@id":"https:\/\/www.organisator.ch\/human-resources\/hrm\/2016-09-01\/wie-loyal-sich-angestellte-sehen\/"},"author":{"name":"admin","@id":"https:\/\/www.organisator.ch\/#\/schema\/person\/aa2bace6c5c5aad60102004a50c4eb1c"},"headline":"Wie loyal sich Angestellte sehen","datePublished":"2016-09-01T15:29:25+00:00","mainEntityOfPage":{"@id":"https:\/\/www.organisator.ch\/human-resources\/hrm\/2016-09-01\/wie-loyal-sich-angestellte-sehen\/"},"wordCount":493,"commentCount":0,"publisher":{"@id":"https:\/\/www.organisator.ch\/#organization"},"image":{"@id":"https:\/\/www.organisator.ch\/human-resources\/hrm\/2016-09-01\/wie-loyal-sich-angestellte-sehen\/#primaryimage"},"thumbnailUrl":"https:\/\/www.organisator.ch\/wp-content\/uploads\/2016\/12\/Wie-loyal-sich-Angestellte-sehen-sicherheitsforum.jpg","keywords":["HRM"],"articleSection":["HRM"],"inLanguage":"de"},{"@type":"WebPage","@id":"https:\/\/www.organisator.ch\/human-resources\/hrm\/2016-09-01\/wie-loyal-sich-angestellte-sehen\/","url":"https:\/\/www.organisator.ch\/human-resources\/hrm\/2016-09-01\/wie-loyal-sich-angestellte-sehen\/","name":"Wie loyal sich Angestellte sehen - Organisator","isPartOf":{"@id":"https:\/\/www.organisator.ch\/#website"},"primaryImageOfPage":{"@id":"https:\/\/www.organisator.ch\/human-resources\/hrm\/2016-09-01\/wie-loyal-sich-angestellte-sehen\/#primaryimage"},"image":{"@id":"https:\/\/www.organisator.ch\/human-resources\/hrm\/2016-09-01\/wie-loyal-sich-angestellte-sehen\/#primaryimage"},"thumbnailUrl":"https:\/\/www.organisator.ch\/wp-content\/uploads\/2016\/12\/Wie-loyal-sich-Angestellte-sehen-sicherheitsforum.jpg","datePublished":"2016-09-01T15:29:25+00:00","description":"Was ist Loyalit\u00e4t? Mitarbeitende in der Schweiz sehen sich selber als loyaler gegen\u00fcber ihrem Arbeitgeber als umgekehrt.","breadcrumb":{"@id":"https:\/\/www.organisator.ch\/human-resources\/hrm\/2016-09-01\/wie-loyal-sich-angestellte-sehen\/#breadcrumb"},"inLanguage":"de","potentialAction":[{"@type":"ReadAction","target":["https:\/\/www.organisator.ch\/human-resources\/hrm\/2016-09-01\/wie-loyal-sich-angestellte-sehen\/"]}]},{"@type":"ImageObject","inLanguage":"de","@id":"https:\/\/www.organisator.ch\/human-resources\/hrm\/2016-09-01\/wie-loyal-sich-angestellte-sehen\/#primaryimage","url":"https:\/\/www.organisator.ch\/wp-content\/uploads\/2016\/12\/Wie-loyal-sich-Angestellte-sehen-sicherheitsforum.jpg","contentUrl":"https:\/\/www.organisator.ch\/wp-content\/uploads\/2016\/12\/Wie-loyal-sich-Angestellte-sehen-sicherheitsforum.jpg","width":1000,"height":667,"caption":"52% der Arbeitnehmer l\u00e4stern \u00fcber ihre Arbeitgeber. Trotzdem sieht sich die Mehrzahl als loyal. (Bild: depositphotos)"},{"@type":"BreadcrumbList","@id":"https:\/\/www.organisator.ch\/human-resources\/hrm\/2016-09-01\/wie-loyal-sich-angestellte-sehen\/#breadcrumb","itemListElement":[{"@type":"ListItem","position":1,"name":"Home","item":"https:\/\/www.organisator.ch\/"},{"@type":"ListItem","position":2,"name":"Wie loyal sich Angestellte sehen"}]},{"@type":"WebSite","@id":"https:\/\/www.organisator.ch\/#website","url":"https:\/\/www.organisator.ch\/","name":"Organisator","description":"Kompetent. Praxisnah. Der ORGANISATOR bereitet in 10 Ausgaben pro Jahr die wesentlichen Themen f\u00fcr F\u00fchrungskr\u00e4fte von KMU auf.","publisher":{"@id":"https:\/\/www.organisator.ch\/#organization"},"potentialAction":[{"@type":"SearchAction","target":{"@type":"EntryPoint","urlTemplate":"https:\/\/www.organisator.ch\/?s={search_term_string}"},"query-input":{"@type":"PropertyValueSpecification","valueRequired":true,"valueName":"search_term_string"}}],"inLanguage":"de"},{"@type":"Organization","@id":"https:\/\/www.organisator.ch\/#organization","name":"Organisator","url":"https:\/\/www.organisator.ch\/","logo":{"@type":"ImageObject","inLanguage":"de","@id":"https:\/\/www.organisator.ch\/#\/schema\/logo\/image\/","url":"https:\/\/www.organisator.ch\/wp-content\/uploads\/2022\/01\/Logo_Organisator_Website.png","contentUrl":"https:\/\/www.organisator.ch\/wp-content\/uploads\/2022\/01\/Logo_Organisator_Website.png","width":800,"height":77,"caption":"Organisator"},"image":{"@id":"https:\/\/www.organisator.ch\/#\/schema\/logo\/image\/"},"sameAs":["https:\/\/www.facebook.com\/OrganisatorFachmagazin","https:\/\/www.linkedin.com\/showcase\/organisator-das-magazin-fr-kmu","https:\/\/www.xing.com\/news\/pages\/organisator-ch-695","https:\/\/www.youtube.com\/channel\/UCGP2Sq0iWaZwT3BdIAQFYpw"]},{"@type":"Person","@id":"https:\/\/www.organisator.ch\/#\/schema\/person\/aa2bace6c5c5aad60102004a50c4eb1c","name":"admin","image":{"@type":"ImageObject","inLanguage":"de","@id":"https:\/\/secure.gravatar.com\/avatar\/ae2f4d718e6c49043e314ce431e7e645d646302a24a5ef5a8bc8e3f5a032e319?s=96&d=mm&r=g","url":"https:\/\/secure.gravatar.com\/avatar\/ae2f4d718e6c49043e314ce431e7e645d646302a24a5ef5a8bc8e3f5a032e319?s=96&d=mm&r=g","contentUrl":"https:\/\/secure.gravatar.com\/avatar\/ae2f4d718e6c49043e314ce431e7e645d646302a24a5ef5a8bc8e3f5a032e319?s=96&d=mm&r=g","caption":"admin"},"sameAs":["https:\/\/www.organisator.ch"],"url":"https:\/\/www.organisator.ch\/de\/author\/admin\/"}]}},"_links":{"self":[{"href":"https:\/\/www.organisator.ch\/de\/wp-json\/wp\/v2\/posts\/906","targetHints":{"allow":["GET"]}}],"collection":[{"href":"https:\/\/www.organisator.ch\/de\/wp-json\/wp\/v2\/posts"}],"about":[{"href":"https:\/\/www.organisator.ch\/de\/wp-json\/wp\/v2\/types\/post"}],"author":[{"embeddable":true,"href":"https:\/\/www.organisator.ch\/de\/wp-json\/wp\/v2\/users\/1"}],"replies":[{"embeddable":true,"href":"https:\/\/www.organisator.ch\/de\/wp-json\/wp\/v2\/comments?post=906"}],"version-history":[{"count":0,"href":"https:\/\/www.organisator.ch\/de\/wp-json\/wp\/v2\/posts\/906\/revisions"}],"wp:featuredmedia":[{"embeddable":true,"href":"https:\/\/www.organisator.ch\/de\/wp-json\/wp\/v2\/media\/908"}],"wp:attachment":[{"href":"https:\/\/www.organisator.ch\/de\/wp-json\/wp\/v2\/media?parent=906"}],"wp:term":[{"taxonomy":"category","embeddable":true,"href":"https:\/\/www.organisator.ch\/de\/wp-json\/wp\/v2\/categories?post=906"},{"taxonomy":"post_tag","embeddable":true,"href":"https:\/\/www.organisator.ch\/de\/wp-json\/wp\/v2\/tags?post=906"}],"curies":[{"name":"wp","href":"https:\/\/api.w.org\/{rel}","templated":true}]}}