{"id":914,"date":"2016-09-01T17:32:28","date_gmt":"2016-09-01T15:32:28","guid":{"rendered":"http:\/\/dev.organisator.ch\/?p=914"},"modified":"2016-09-01T17:32:28","modified_gmt":"2016-09-01T15:32:28","slug":"10-jahre-suisseemex-20-jahre-topsoft-erfolgsmodelle-im-wandel","status":"publish","type":"post","link":"https:\/\/www.organisator.ch\/de\/marketing\/2016-09-01\/10-jahre-suisseemex-20-jahre-topsoft-erfolgsmodelle-im-wandel\/","title":{"rendered":"10 Jahre SuisseEMEX, 20 Jahre topsoft \u2013 Erfolgsmodelle im Wandel"},"content":{"rendered":"<figure id=\"attachment_917\" aria-describedby=\"caption-attachment-917\" style=\"width: 640px\" class=\"wp-caption alignnone\"><img loading=\"lazy\" decoding=\"async\" class=\"size-full wp-image-917\" src=\"https:\/\/www.organisator.ch\/wp-content\/uploads\/2016\/12\/10-Jahre-SuisseEMEX-20-Jahre-topsoft-\u2013-Erfolgsmodelle-im-Wandel1-organisator.jpg\" alt=\"\" width=\"640\" height=\"427\" srcset=\"https:\/\/www.organisator.ch\/wp-content\/uploads\/2016\/12\/10-Jahre-SuisseEMEX-20-Jahre-topsoft-\u2013-Erfolgsmodelle-im-Wandel1-organisator.jpg 640w, https:\/\/www.organisator.ch\/wp-content\/uploads\/2016\/12\/10-Jahre-SuisseEMEX-20-Jahre-topsoft-\u2013-Erfolgsmodelle-im-Wandel1-organisator-16x12.jpg 16w, https:\/\/www.organisator.ch\/wp-content\/uploads\/2016\/12\/10-Jahre-SuisseEMEX-20-Jahre-topsoft-\u2013-Erfolgsmodelle-im-Wandel1-organisator-262x175.jpg 262w, https:\/\/www.organisator.ch\/wp-content\/uploads\/2016\/12\/10-Jahre-SuisseEMEX-20-Jahre-topsoft-\u2013-Erfolgsmodelle-im-Wandel1-organisator-525x350.jpg 525w, https:\/\/www.organisator.ch\/wp-content\/uploads\/2016\/12\/10-Jahre-SuisseEMEX-20-Jahre-topsoft-\u2013-Erfolgsmodelle-im-Wandel1-organisator-300x200.jpg 300w\" sizes=\"auto, (max-width: 640px) 100vw, 640px\" \/><figcaption id=\"caption-attachment-917\" class=\"wp-caption-text\">Ewa Ming, die Organisatorin und Innovatorin hinter der SuisseEMEX. Bild: OskarMoyano<\/figcaption><\/figure>\n<p>Der Druck auf die Schweizer Wirtschaft und vor allem die KMU wird immer gr\u00f6sser. Die digitale Transformation mit ihren Auswirkungen auf die Marktbearbeitung und Kommunikation standen im Fokus der diesj\u00e4hrigen SuisseEMEX. Unter dem Motto \u201eMeet the future\u201c zeigte die SuisseEMEX ein erlebnisreiches 360\u00b0 Spektrum auf \u2013 gespickt mit brandheissen L\u00f6sungen und Trends f\u00fcr das Marketing- und Eventbusiness von morgen.<\/p>\n<p><strong>Hochkar\u00e4tige Referenten<\/strong><\/p>\n<p>Hochkar\u00e4tige Redner und Pers\u00f6nlichkeiten gaben zu aktuellen Themata wertvolles Wissen weiter. Zu den prominenten Referenten z\u00e4hlten unter anderem Ruedi Noser, St\u00e4nderat und Unternehmer, Inhaber der Noser Gruppe, Sunnie J. Groeneveld, Managing Director DigitalZurich2025, Jean-Marc Hensch, Gesch\u00e4ftsf\u00fchrer Swico und Marcel Kohler, Mitglied der Tamedia-Unternehmensleitung und Leiter Bereich 20 Minuten, die in der spannenden Er\u00f6ffnungsrunde zum Thema \u201eDigitale Transformation in Marketing &amp; Kommunikation\u201c ihre ganz pers\u00f6nliche Sicht der Dinge aufzeigten.<\/p>\n<p><strong>Zeitgem\u00e4sser Wissens-Transfer<\/strong><\/p>\n<p>Ein vielseitiges Programm: Praxisbezogene Fachvortr\u00e4ge, spannende Branchentalks, Experten-Beratungen, gef\u00fchrte Touren, Spezialbereiche wie das EventLab oder die Sonderschau \u201eWerbeartikel Trends\u201c inspirierten ein breitgef\u00e4chertes Publikum. So konnten auch 2016 wieder innovative digitale Tools und Gadgets im FutureLab selbst ausprobiert werden. Networking und Wissens-Transfer waren garantiert.<\/p>\n<figure id=\"attachment_918\" aria-describedby=\"caption-attachment-918\" style=\"width: 640px\" class=\"wp-caption alignnone\"><img loading=\"lazy\" decoding=\"async\" class=\"size-full wp-image-918\" src=\"https:\/\/www.organisator.ch\/wp-content\/uploads\/2016\/12\/10-Jahre-SuisseEMEX-20-Jahre-topsoft-\u2013-Erfolgsmodelle-im-Wandel2-organisator.jpg\" alt=\"\" width=\"640\" height=\"425\" srcset=\"https:\/\/www.organisator.ch\/wp-content\/uploads\/2016\/12\/10-Jahre-SuisseEMEX-20-Jahre-topsoft-\u2013-Erfolgsmodelle-im-Wandel2-organisator.jpg 640w, https:\/\/www.organisator.ch\/wp-content\/uploads\/2016\/12\/10-Jahre-SuisseEMEX-20-Jahre-topsoft-\u2013-Erfolgsmodelle-im-Wandel2-organisator-16x12.jpg 16w, https:\/\/www.organisator.ch\/wp-content\/uploads\/2016\/12\/10-Jahre-SuisseEMEX-20-Jahre-topsoft-\u2013-Erfolgsmodelle-im-Wandel2-organisator-264x175.jpg 264w, https:\/\/www.organisator.ch\/wp-content\/uploads\/2016\/12\/10-Jahre-SuisseEMEX-20-Jahre-topsoft-\u2013-Erfolgsmodelle-im-Wandel2-organisator-527x350.jpg 527w, https:\/\/www.organisator.ch\/wp-content\/uploads\/2016\/12\/10-Jahre-SuisseEMEX-20-Jahre-topsoft-\u2013-Erfolgsmodelle-im-Wandel2-organisator-300x199.jpg 300w\" sizes=\"auto, (max-width: 640px) 100vw, 640px\" \/><figcaption id=\"caption-attachment-918\" class=\"wp-caption-text\">B\u00fcrotechnologie von einst &#8211; ausgestellt auf der Jubil\u00e4ums-topsoft 2016 (Foto: Thomas Berner)<\/figcaption><\/figure>\n<p>F\u00fcr viele Besucher der diesj\u00e4hrigen IT-Messe topsoft stand eine Frage klar im Vordergrund: Welchen Einfluss hat die digitale Transformation auf mein Unternehmen? Entsprechend gross war das Interesse der zahlreichen Messebesucher an den M\u00f6glichkeiten, welche moderne IT-Systeme bieten. \u00abGerade auf der diesj\u00e4hrigen topsoft liess sich gut beobachten, dass die Besucher vor allem am Business Value interessiert sind. Die Technologie r\u00fcckt zunehmend in den Hintergrund. F\u00fcr die Umsetzung von Projekten bleibt sie aber zusammen mit dem Know-how der Anbieter unverzichtbar\u00bb, stellte Messeleiter Cyrill Schmid in verschiedenen Gespr\u00e4chen mit Ausstellern und Besuchern fest.<\/p>\n<p><strong>Business Intelligence und \u201ePaperless World\u201c<\/strong><\/p>\n<p>Dass Business Intelligence f\u00fcr KMU immer wichtiger wird, zeigte das rege Interesse der Besucher an den Referaten und L\u00f6sungen im \u00abBI-Park\u00bb. Das vom Beratungsunternehmen BARC organisierte Rahmenprogramm vermittelte praxisnahe Anwendungsbeispiele und hochstehendes Fachwissen. F\u00fcr ein Erlebnis der besonderen Art sorgte der neue Fachkongress \u00abPaperless World\u00bb, welcher verschiedene Bereiche rund um Dokumentenmanagement auf ebenso informative wie unterhaltsame Weise darstellte.<\/p>\n<p><strong>B\u00fcrotechnologie im Wandel der Zeit<\/strong><\/p>\n<p>Passend zum 20-j\u00e4hrigen Messejubil\u00e4um der topsoft weckte die Sonderausstellung \u00abBusiness IT: History meets Future\u00bb von R\u00f6bi Weiss mit zahlreichen Exponaten aus der Vergangenheit alte Erinnerungen. Anl\u00e4sslich des Jubil\u00e4umsap\u00e9ros betonten die beiden Messeverantwortlichen Marcel Siegenthaler und Cyrill Schmid jedoch, dass die topsoft ihren Blick ganz klar in die Zukunft richtet. Als erster Schritt wird ab 2017 ein neues Messekonzept Ausstellern und Besuchern noch mehr M\u00f6glichkeiten bieten.<\/p>\n<p><strong>Who is Who der Branche<\/strong><\/p>\n<p>Erneut konnten die beiden Parallelmessen topsoft und SuisseEMEX von Synergien profitieren und den Besuchern ein umfassendes Erlebnis digitaler M\u00f6glichkeiten vermitteln. Die Verschmelzung von IT-Technologien mit den Aufgabenstellungen im Marketing werden immer wichtiger. Nachhaltige Kundenbeziehungen lassen sich heute kaum mehr von Themen wie CRM, E-Commerce, Business Intelligence, Marketing Automation oder Kundenservice trennen.<\/p>\n<p>Und auch das Angenehme kam nicht zu kurz: Nach der erfolgreichen Premiere im 2015 lud die EMEX Night am Abend des ersten Veranstaltungstages zum Branchenevent des Jahres ein. Zusammen mit Prominenten der Branche erlebten rund 1\u2018200 G\u00e4ste im Anschluss an den ersten Messetag eine prickelnde Mischung aus Party und Networking.<\/p>\n<p><strong>Vorank\u00fcndigung: Digital Marketing Summit Switzerland f\u00fcr KMU und SuisseEMEX\u201917<\/strong><\/p>\n<p>Die n\u00e4chste topsoft\/SuisseEmex wird am 29.\/30. August 2017 unter dem Motto \u00abInspiring Digital Business\u00bb in der Messe Z\u00fcrich stattfinden. Verschiedene Aussteller haben sich bereits wieder f\u00fcr eine Teilnahme entschieden und sich f\u00fcr das kommende Jahr angemeldet.<\/p>\n<p>Im 2017 entsteht parallel zur SuisseEMEX und topsoft in und um die Messe Z\u00fcrich ein Digital Marketing Summit Switzerland f\u00fcr KMU als Wissens-, Lern- und Begegnungsplattform zu den Fokusthemen Digitalisierung, Leadership und Marketing. Internationale und Schweizer Experten aus Unternehmen und Hochschulen teilen hier ihr Wissen. Im Vordergrund steht der Teilnehmernutzen f\u00fcr einen praxisbezogenen Wissenstransfer zur Digitalisierung seines Unternehmens.\u00a0(tb\/mm)<\/p>\n<p><a href=\"http:\/\/www.suisse-emex.ch\" target=\"_blank\" rel=\"noreferrer noopener\" data-cke-saved-href=\"http:\/\/www.suisse-emex.ch\">www.suisse-emex.ch<\/a><\/p>\n<p><a href=\"http:\/\/www.topsoft.ch\" data-cke-saved-href=\"http:\/\/www.topsoft.ch\">www.topsoft.ch<\/a><\/p>\n<figure id=\"attachment_919\" aria-describedby=\"caption-attachment-919\" style=\"width: 640px\" class=\"wp-caption alignnone\"><img loading=\"lazy\" decoding=\"async\" class=\"size-full wp-image-919\" src=\"https:\/\/www.organisator.ch\/wp-content\/uploads\/2016\/12\/10-Jahre-SuisseEMEX-20-Jahre-topsoft-\u2013-Erfolgsmodelle-im-Wandel3-organisator.jpg\" alt=\"\" width=\"640\" height=\"398\" srcset=\"https:\/\/www.organisator.ch\/wp-content\/uploads\/2016\/12\/10-Jahre-SuisseEMEX-20-Jahre-topsoft-\u2013-Erfolgsmodelle-im-Wandel3-organisator.jpg 640w, https:\/\/www.organisator.ch\/wp-content\/uploads\/2016\/12\/10-Jahre-SuisseEMEX-20-Jahre-topsoft-\u2013-Erfolgsmodelle-im-Wandel3-organisator-16x10.jpg 16w, https:\/\/www.organisator.ch\/wp-content\/uploads\/2016\/12\/10-Jahre-SuisseEMEX-20-Jahre-topsoft-\u2013-Erfolgsmodelle-im-Wandel3-organisator-281x175.jpg 281w, https:\/\/www.organisator.ch\/wp-content\/uploads\/2016\/12\/10-Jahre-SuisseEMEX-20-Jahre-topsoft-\u2013-Erfolgsmodelle-im-Wandel3-organisator-563x350.jpg 563w, https:\/\/www.organisator.ch\/wp-content\/uploads\/2016\/12\/10-Jahre-SuisseEMEX-20-Jahre-topsoft-\u2013-Erfolgsmodelle-im-Wandel3-organisator-300x187.jpg 300w\" sizes=\"auto, (max-width: 640px) 100vw, 640px\" \/><figcaption id=\"caption-attachment-919\" class=\"wp-caption-text\">Angeregte Fachgespr\u00e4che in den Korridoren der topsoft. (Foto: Thomas Berner)<\/figcaption><\/figure>\n","protected":false},"excerpt":{"rendered":"<p>Der Druck auf die Schweizer Wirtschaft und vor allem die KMU wird immer gr\u00f6sser. Die digitale Transformation mit ihren Auswirkungen auf die Marktbearbeitung und Kommunikation standen im Fokus der diesj\u00e4hrigen SuisseEMEX. Unter dem Motto \u201eMeet the future\u201c zeigte die SuisseEMEX ein erlebnisreiches 360\u00b0 Spektrum auf \u2013 gespickt mit brandheissen L\u00f6sungen und Trends f\u00fcr das Marketing- [&hellip;]<\/p>\n","protected":false},"author":1,"featured_media":917,"comment_status":"open","ping_status":"open","sticky":false,"template":"","format":"standard","meta":{"_acf_changed":false,"_yoast_wpseo_focuskw":"Suisse EMEX topsoft","_yoast_wpseo_metadesc":"SuisseEMEX & topsoft: im \u201eDoppelpack\u201c zeigten die beiden Events, wie die Digitalisierung heute f\u00fcr jedes Unternehmen allgegenw\u00e4rtig ist.","articlekey":"","footnotes":""},"categories":[29],"tags":[288,339,469],"class_list":["post-914","post","type-post","status-publish","format-standard","has-post-thumbnail","hentry","category-marketing","tag-it-business-software","tag-marketing","tag-tagungen-events"],"acf":[],"yoast_head":"<!-- This site is optimized with the Yoast SEO plugin v27.5 - https:\/\/yoast.com\/product\/yoast-seo-wordpress\/ -->\n<title>10 Jahre SuisseEMEX, 20 Jahre topsoft \u2013 Erfolgsmodelle im Wandel - Organisator<\/title>\n<meta name=\"description\" content=\"SuisseEMEX &amp; topsoft: im \u201eDoppelpack\u201c zeigten die beiden Events, wie die Digitalisierung heute f\u00fcr jedes Unternehmen allgegenw\u00e4rtig ist.\" \/>\n<meta name=\"robots\" content=\"index, follow, max-snippet:-1, max-image-preview:large, max-video-preview:-1\" \/>\n<link rel=\"canonical\" href=\"https:\/\/www.organisator.ch\/de\/marketing\/2016-09-01\/10-jahre-suisseemex-20-jahre-topsoft-erfolgsmodelle-im-wandel\/\" \/>\n<meta property=\"og:locale\" content=\"de_DE\" \/>\n<meta property=\"og:type\" content=\"article\" \/>\n<meta property=\"og:title\" content=\"10 Jahre SuisseEMEX, 20 Jahre topsoft \u2013 Erfolgsmodelle im Wandel\" \/>\n<meta property=\"og:description\" content=\"Die SuisseEMEX zelebrierte Ende August ihr 10-j\u00e4hriges Bestehen. Die gr\u00f6sste Schweizer Begegnungsplattform ist sowohl ein Pulsgeber f\u00fcr die die Marketing-, Event- und Kommunikationsbranche wie auch eine ein interdisziplin\u00e4rer Zukunftstreiber. Schon doppelt so alt, n\u00e4mlich 20 Jahre, ist die topsoft, die etablierte Schweizer Fachmesse f\u00fcr Business Software. Im \u201eDoppelpack\u201c zeigten die beiden Events, wie die Digitalisierung heute f\u00fcr jedes Unternehmen allgegenw\u00e4rtig ist.\" \/>\n<meta property=\"og:url\" content=\"https:\/\/www.organisator.ch\/de\/marketing\/2016-09-01\/10-jahre-suisseemex-20-jahre-topsoft-erfolgsmodelle-im-wandel\/\" \/>\n<meta property=\"og:site_name\" content=\"Organisator\" \/>\n<meta property=\"article:publisher\" content=\"https:\/\/www.facebook.com\/OrganisatorFachmagazin\" \/>\n<meta property=\"article:published_time\" content=\"2016-09-01T15:32:28+00:00\" \/>\n<meta name=\"author\" content=\"admin\" \/>\n<meta name=\"twitter:card\" content=\"summary_large_image\" \/>\n<meta name=\"twitter:image\" content=\"https:\/\/www.organisator.ch\/wp-content\/uploads\/2016\/12\/10-Jahre-SuisseEMEX-20-Jahre-topsoft-\u2013-Erfolgsmodelle-im-Wandel1-organisator.jpg\" \/>\n<script type=\"application\/ld+json\" class=\"yoast-schema-graph\">{\"@context\":\"https:\\\/\\\/schema.org\",\"@graph\":[{\"@type\":\"Article\",\"@id\":\"https:\\\/\\\/www.organisator.ch\\\/marketing\\\/2016-09-01\\\/10-jahre-suisseemex-20-jahre-topsoft-erfolgsmodelle-im-wandel\\\/#article\",\"isPartOf\":{\"@id\":\"https:\\\/\\\/www.organisator.ch\\\/marketing\\\/2016-09-01\\\/10-jahre-suisseemex-20-jahre-topsoft-erfolgsmodelle-im-wandel\\\/\"},\"author\":{\"name\":\"admin\",\"@id\":\"https:\\\/\\\/www.organisator.ch\\\/#\\\/schema\\\/person\\\/aa2bace6c5c5aad60102004a50c4eb1c\"},\"headline\":\"10 Jahre SuisseEMEX, 20 Jahre topsoft \u2013 Erfolgsmodelle im Wandel\",\"datePublished\":\"2016-09-01T15:32:28+00:00\",\"mainEntityOfPage\":{\"@id\":\"https:\\\/\\\/www.organisator.ch\\\/marketing\\\/2016-09-01\\\/10-jahre-suisseemex-20-jahre-topsoft-erfolgsmodelle-im-wandel\\\/\"},\"wordCount\":714,\"commentCount\":0,\"publisher\":{\"@id\":\"https:\\\/\\\/www.organisator.ch\\\/#organization\"},\"image\":{\"@id\":\"https:\\\/\\\/www.organisator.ch\\\/marketing\\\/2016-09-01\\\/10-jahre-suisseemex-20-jahre-topsoft-erfolgsmodelle-im-wandel\\\/#primaryimage\"},\"thumbnailUrl\":\"https:\\\/\\\/www.organisator.ch\\\/wp-content\\\/uploads\\\/2016\\\/12\\\/10-Jahre-SuisseEMEX-20-Jahre-topsoft-\u2013-Erfolgsmodelle-im-Wandel1-organisator.jpg\",\"keywords\":[\"IT &amp; Business Software\",\"Marketing\",\"Tagungen &amp; Events\"],\"articleSection\":[\"MARKETING\"],\"inLanguage\":\"de\"},{\"@type\":\"WebPage\",\"@id\":\"https:\\\/\\\/www.organisator.ch\\\/marketing\\\/2016-09-01\\\/10-jahre-suisseemex-20-jahre-topsoft-erfolgsmodelle-im-wandel\\\/\",\"url\":\"https:\\\/\\\/www.organisator.ch\\\/marketing\\\/2016-09-01\\\/10-jahre-suisseemex-20-jahre-topsoft-erfolgsmodelle-im-wandel\\\/\",\"name\":\"10 Jahre SuisseEMEX, 20 Jahre topsoft \u2013 Erfolgsmodelle im Wandel - Organisator\",\"isPartOf\":{\"@id\":\"https:\\\/\\\/www.organisator.ch\\\/#website\"},\"primaryImageOfPage\":{\"@id\":\"https:\\\/\\\/www.organisator.ch\\\/marketing\\\/2016-09-01\\\/10-jahre-suisseemex-20-jahre-topsoft-erfolgsmodelle-im-wandel\\\/#primaryimage\"},\"image\":{\"@id\":\"https:\\\/\\\/www.organisator.ch\\\/marketing\\\/2016-09-01\\\/10-jahre-suisseemex-20-jahre-topsoft-erfolgsmodelle-im-wandel\\\/#primaryimage\"},\"thumbnailUrl\":\"https:\\\/\\\/www.organisator.ch\\\/wp-content\\\/uploads\\\/2016\\\/12\\\/10-Jahre-SuisseEMEX-20-Jahre-topsoft-\u2013-Erfolgsmodelle-im-Wandel1-organisator.jpg\",\"datePublished\":\"2016-09-01T15:32:28+00:00\",\"description\":\"SuisseEMEX & topsoft: im \u201eDoppelpack\u201c zeigten die beiden Events, wie die Digitalisierung heute f\u00fcr jedes Unternehmen allgegenw\u00e4rtig ist.\",\"breadcrumb\":{\"@id\":\"https:\\\/\\\/www.organisator.ch\\\/marketing\\\/2016-09-01\\\/10-jahre-suisseemex-20-jahre-topsoft-erfolgsmodelle-im-wandel\\\/#breadcrumb\"},\"inLanguage\":\"de\",\"potentialAction\":[{\"@type\":\"ReadAction\",\"target\":[\"https:\\\/\\\/www.organisator.ch\\\/marketing\\\/2016-09-01\\\/10-jahre-suisseemex-20-jahre-topsoft-erfolgsmodelle-im-wandel\\\/\"]}]},{\"@type\":\"ImageObject\",\"inLanguage\":\"de\",\"@id\":\"https:\\\/\\\/www.organisator.ch\\\/marketing\\\/2016-09-01\\\/10-jahre-suisseemex-20-jahre-topsoft-erfolgsmodelle-im-wandel\\\/#primaryimage\",\"url\":\"https:\\\/\\\/www.organisator.ch\\\/wp-content\\\/uploads\\\/2016\\\/12\\\/10-Jahre-SuisseEMEX-20-Jahre-topsoft-\u2013-Erfolgsmodelle-im-Wandel1-organisator.jpg\",\"contentUrl\":\"https:\\\/\\\/www.organisator.ch\\\/wp-content\\\/uploads\\\/2016\\\/12\\\/10-Jahre-SuisseEMEX-20-Jahre-topsoft-\u2013-Erfolgsmodelle-im-Wandel1-organisator.jpg\",\"width\":640,\"height\":427,\"caption\":\"Ewa Ming, die Organisatorin und Innovatorin hinter der SuisseEMEX. Bild: OskarMoyano\"},{\"@type\":\"BreadcrumbList\",\"@id\":\"https:\\\/\\\/www.organisator.ch\\\/marketing\\\/2016-09-01\\\/10-jahre-suisseemex-20-jahre-topsoft-erfolgsmodelle-im-wandel\\\/#breadcrumb\",\"itemListElement\":[{\"@type\":\"ListItem\",\"position\":1,\"name\":\"Home\",\"item\":\"https:\\\/\\\/www.organisator.ch\\\/\"},{\"@type\":\"ListItem\",\"position\":2,\"name\":\"10 Jahre SuisseEMEX, 20 Jahre topsoft \u2013 Erfolgsmodelle im Wandel\"}]},{\"@type\":\"WebSite\",\"@id\":\"https:\\\/\\\/www.organisator.ch\\\/#website\",\"url\":\"https:\\\/\\\/www.organisator.ch\\\/\",\"name\":\"Organisator\",\"description\":\"Kompetent. Praxisnah. Der ORGANISATOR bereitet in 10 Ausgaben pro Jahr die wesentlichen Themen f\u00fcr F\u00fchrungskr\u00e4fte von KMU auf.\",\"publisher\":{\"@id\":\"https:\\\/\\\/www.organisator.ch\\\/#organization\"},\"potentialAction\":[{\"@type\":\"SearchAction\",\"target\":{\"@type\":\"EntryPoint\",\"urlTemplate\":\"https:\\\/\\\/www.organisator.ch\\\/?s={search_term_string}\"},\"query-input\":{\"@type\":\"PropertyValueSpecification\",\"valueRequired\":true,\"valueName\":\"search_term_string\"}}],\"inLanguage\":\"de\"},{\"@type\":\"Organization\",\"@id\":\"https:\\\/\\\/www.organisator.ch\\\/#organization\",\"name\":\"Organisator\",\"url\":\"https:\\\/\\\/www.organisator.ch\\\/\",\"logo\":{\"@type\":\"ImageObject\",\"inLanguage\":\"de\",\"@id\":\"https:\\\/\\\/www.organisator.ch\\\/#\\\/schema\\\/logo\\\/image\\\/\",\"url\":\"https:\\\/\\\/www.organisator.ch\\\/wp-content\\\/uploads\\\/2022\\\/01\\\/Logo_Organisator_Website.png\",\"contentUrl\":\"https:\\\/\\\/www.organisator.ch\\\/wp-content\\\/uploads\\\/2022\\\/01\\\/Logo_Organisator_Website.png\",\"width\":800,\"height\":77,\"caption\":\"Organisator\"},\"image\":{\"@id\":\"https:\\\/\\\/www.organisator.ch\\\/#\\\/schema\\\/logo\\\/image\\\/\"},\"sameAs\":[\"https:\\\/\\\/www.facebook.com\\\/OrganisatorFachmagazin\",\"https:\\\/\\\/www.linkedin.com\\\/showcase\\\/organisator-das-magazin-fr-kmu\",\"https:\\\/\\\/www.xing.com\\\/news\\\/pages\\\/organisator-ch-695\",\"https:\\\/\\\/www.youtube.com\\\/channel\\\/UCGP2Sq0iWaZwT3BdIAQFYpw\"]},{\"@type\":\"Person\",\"@id\":\"https:\\\/\\\/www.organisator.ch\\\/#\\\/schema\\\/person\\\/aa2bace6c5c5aad60102004a50c4eb1c\",\"name\":\"admin\",\"image\":{\"@type\":\"ImageObject\",\"inLanguage\":\"de\",\"@id\":\"https:\\\/\\\/secure.gravatar.com\\\/avatar\\\/ae2f4d718e6c49043e314ce431e7e645d646302a24a5ef5a8bc8e3f5a032e319?s=96&d=mm&r=g\",\"url\":\"https:\\\/\\\/secure.gravatar.com\\\/avatar\\\/ae2f4d718e6c49043e314ce431e7e645d646302a24a5ef5a8bc8e3f5a032e319?s=96&d=mm&r=g\",\"contentUrl\":\"https:\\\/\\\/secure.gravatar.com\\\/avatar\\\/ae2f4d718e6c49043e314ce431e7e645d646302a24a5ef5a8bc8e3f5a032e319?s=96&d=mm&r=g\",\"caption\":\"admin\"},\"sameAs\":[\"https:\\\/\\\/www.organisator.ch\"],\"url\":\"https:\\\/\\\/www.organisator.ch\\\/de\\\/author\\\/admin\\\/\"}]}<\/script>\n<!-- \/ Yoast SEO plugin. -->","yoast_head_json":{"title":"10 Jahre SuisseEMEX, 20 Jahre topsoft \u2013 Erfolgsmodelle im Wandel - Organisator","description":"SuisseEMEX & topsoft: im \u201eDoppelpack\u201c zeigten die beiden Events, wie die Digitalisierung heute f\u00fcr jedes Unternehmen allgegenw\u00e4rtig ist.","robots":{"index":"index","follow":"follow","max-snippet":"max-snippet:-1","max-image-preview":"max-image-preview:large","max-video-preview":"max-video-preview:-1"},"canonical":"https:\/\/www.organisator.ch\/de\/marketing\/2016-09-01\/10-jahre-suisseemex-20-jahre-topsoft-erfolgsmodelle-im-wandel\/","og_locale":"de_DE","og_type":"article","og_title":"10 Jahre SuisseEMEX, 20 Jahre topsoft \u2013 Erfolgsmodelle im Wandel","og_description":"Die SuisseEMEX zelebrierte Ende August ihr 10-j\u00e4hriges Bestehen. Die gr\u00f6sste Schweizer Begegnungsplattform ist sowohl ein Pulsgeber f\u00fcr die die Marketing-, Event- und Kommunikationsbranche wie auch eine ein interdisziplin\u00e4rer Zukunftstreiber. Schon doppelt so alt, n\u00e4mlich 20 Jahre, ist die topsoft, die etablierte Schweizer Fachmesse f\u00fcr Business Software. Im \u201eDoppelpack\u201c zeigten die beiden Events, wie die Digitalisierung heute f\u00fcr jedes Unternehmen allgegenw\u00e4rtig ist.","og_url":"https:\/\/www.organisator.ch\/de\/marketing\/2016-09-01\/10-jahre-suisseemex-20-jahre-topsoft-erfolgsmodelle-im-wandel\/","og_site_name":"Organisator","article_publisher":"https:\/\/www.facebook.com\/OrganisatorFachmagazin","article_published_time":"2016-09-01T15:32:28+00:00","author":"admin","twitter_card":"summary_large_image","twitter_image":"https:\/\/www.organisator.ch\/wp-content\/uploads\/2016\/12\/10-Jahre-SuisseEMEX-20-Jahre-topsoft-\u2013-Erfolgsmodelle-im-Wandel1-organisator.jpg","schema":{"@context":"https:\/\/schema.org","@graph":[{"@type":"Article","@id":"https:\/\/www.organisator.ch\/marketing\/2016-09-01\/10-jahre-suisseemex-20-jahre-topsoft-erfolgsmodelle-im-wandel\/#article","isPartOf":{"@id":"https:\/\/www.organisator.ch\/marketing\/2016-09-01\/10-jahre-suisseemex-20-jahre-topsoft-erfolgsmodelle-im-wandel\/"},"author":{"name":"admin","@id":"https:\/\/www.organisator.ch\/#\/schema\/person\/aa2bace6c5c5aad60102004a50c4eb1c"},"headline":"10 Jahre SuisseEMEX, 20 Jahre topsoft \u2013 Erfolgsmodelle im Wandel","datePublished":"2016-09-01T15:32:28+00:00","mainEntityOfPage":{"@id":"https:\/\/www.organisator.ch\/marketing\/2016-09-01\/10-jahre-suisseemex-20-jahre-topsoft-erfolgsmodelle-im-wandel\/"},"wordCount":714,"commentCount":0,"publisher":{"@id":"https:\/\/www.organisator.ch\/#organization"},"image":{"@id":"https:\/\/www.organisator.ch\/marketing\/2016-09-01\/10-jahre-suisseemex-20-jahre-topsoft-erfolgsmodelle-im-wandel\/#primaryimage"},"thumbnailUrl":"https:\/\/www.organisator.ch\/wp-content\/uploads\/2016\/12\/10-Jahre-SuisseEMEX-20-Jahre-topsoft-\u2013-Erfolgsmodelle-im-Wandel1-organisator.jpg","keywords":["IT &amp; Business Software","Marketing","Tagungen &amp; Events"],"articleSection":["MARKETING"],"inLanguage":"de"},{"@type":"WebPage","@id":"https:\/\/www.organisator.ch\/marketing\/2016-09-01\/10-jahre-suisseemex-20-jahre-topsoft-erfolgsmodelle-im-wandel\/","url":"https:\/\/www.organisator.ch\/marketing\/2016-09-01\/10-jahre-suisseemex-20-jahre-topsoft-erfolgsmodelle-im-wandel\/","name":"10 Jahre SuisseEMEX, 20 Jahre topsoft \u2013 Erfolgsmodelle im Wandel - Organisator","isPartOf":{"@id":"https:\/\/www.organisator.ch\/#website"},"primaryImageOfPage":{"@id":"https:\/\/www.organisator.ch\/marketing\/2016-09-01\/10-jahre-suisseemex-20-jahre-topsoft-erfolgsmodelle-im-wandel\/#primaryimage"},"image":{"@id":"https:\/\/www.organisator.ch\/marketing\/2016-09-01\/10-jahre-suisseemex-20-jahre-topsoft-erfolgsmodelle-im-wandel\/#primaryimage"},"thumbnailUrl":"https:\/\/www.organisator.ch\/wp-content\/uploads\/2016\/12\/10-Jahre-SuisseEMEX-20-Jahre-topsoft-\u2013-Erfolgsmodelle-im-Wandel1-organisator.jpg","datePublished":"2016-09-01T15:32:28+00:00","description":"SuisseEMEX & topsoft: im \u201eDoppelpack\u201c zeigten die beiden Events, wie die Digitalisierung heute f\u00fcr jedes Unternehmen allgegenw\u00e4rtig ist.","breadcrumb":{"@id":"https:\/\/www.organisator.ch\/marketing\/2016-09-01\/10-jahre-suisseemex-20-jahre-topsoft-erfolgsmodelle-im-wandel\/#breadcrumb"},"inLanguage":"de","potentialAction":[{"@type":"ReadAction","target":["https:\/\/www.organisator.ch\/marketing\/2016-09-01\/10-jahre-suisseemex-20-jahre-topsoft-erfolgsmodelle-im-wandel\/"]}]},{"@type":"ImageObject","inLanguage":"de","@id":"https:\/\/www.organisator.ch\/marketing\/2016-09-01\/10-jahre-suisseemex-20-jahre-topsoft-erfolgsmodelle-im-wandel\/#primaryimage","url":"https:\/\/www.organisator.ch\/wp-content\/uploads\/2016\/12\/10-Jahre-SuisseEMEX-20-Jahre-topsoft-\u2013-Erfolgsmodelle-im-Wandel1-organisator.jpg","contentUrl":"https:\/\/www.organisator.ch\/wp-content\/uploads\/2016\/12\/10-Jahre-SuisseEMEX-20-Jahre-topsoft-\u2013-Erfolgsmodelle-im-Wandel1-organisator.jpg","width":640,"height":427,"caption":"Ewa Ming, die Organisatorin und Innovatorin hinter der SuisseEMEX. Bild: OskarMoyano"},{"@type":"BreadcrumbList","@id":"https:\/\/www.organisator.ch\/marketing\/2016-09-01\/10-jahre-suisseemex-20-jahre-topsoft-erfolgsmodelle-im-wandel\/#breadcrumb","itemListElement":[{"@type":"ListItem","position":1,"name":"Home","item":"https:\/\/www.organisator.ch\/"},{"@type":"ListItem","position":2,"name":"10 Jahre SuisseEMEX, 20 Jahre topsoft \u2013 Erfolgsmodelle im Wandel"}]},{"@type":"WebSite","@id":"https:\/\/www.organisator.ch\/#website","url":"https:\/\/www.organisator.ch\/","name":"Organisator","description":"Kompetent. Praxisnah. Der ORGANISATOR bereitet in 10 Ausgaben pro Jahr die wesentlichen Themen f\u00fcr F\u00fchrungskr\u00e4fte von KMU auf.","publisher":{"@id":"https:\/\/www.organisator.ch\/#organization"},"potentialAction":[{"@type":"SearchAction","target":{"@type":"EntryPoint","urlTemplate":"https:\/\/www.organisator.ch\/?s={search_term_string}"},"query-input":{"@type":"PropertyValueSpecification","valueRequired":true,"valueName":"search_term_string"}}],"inLanguage":"de"},{"@type":"Organization","@id":"https:\/\/www.organisator.ch\/#organization","name":"Organisator","url":"https:\/\/www.organisator.ch\/","logo":{"@type":"ImageObject","inLanguage":"de","@id":"https:\/\/www.organisator.ch\/#\/schema\/logo\/image\/","url":"https:\/\/www.organisator.ch\/wp-content\/uploads\/2022\/01\/Logo_Organisator_Website.png","contentUrl":"https:\/\/www.organisator.ch\/wp-content\/uploads\/2022\/01\/Logo_Organisator_Website.png","width":800,"height":77,"caption":"Organisator"},"image":{"@id":"https:\/\/www.organisator.ch\/#\/schema\/logo\/image\/"},"sameAs":["https:\/\/www.facebook.com\/OrganisatorFachmagazin","https:\/\/www.linkedin.com\/showcase\/organisator-das-magazin-fr-kmu","https:\/\/www.xing.com\/news\/pages\/organisator-ch-695","https:\/\/www.youtube.com\/channel\/UCGP2Sq0iWaZwT3BdIAQFYpw"]},{"@type":"Person","@id":"https:\/\/www.organisator.ch\/#\/schema\/person\/aa2bace6c5c5aad60102004a50c4eb1c","name":"admin","image":{"@type":"ImageObject","inLanguage":"de","@id":"https:\/\/secure.gravatar.com\/avatar\/ae2f4d718e6c49043e314ce431e7e645d646302a24a5ef5a8bc8e3f5a032e319?s=96&d=mm&r=g","url":"https:\/\/secure.gravatar.com\/avatar\/ae2f4d718e6c49043e314ce431e7e645d646302a24a5ef5a8bc8e3f5a032e319?s=96&d=mm&r=g","contentUrl":"https:\/\/secure.gravatar.com\/avatar\/ae2f4d718e6c49043e314ce431e7e645d646302a24a5ef5a8bc8e3f5a032e319?s=96&d=mm&r=g","caption":"admin"},"sameAs":["https:\/\/www.organisator.ch"],"url":"https:\/\/www.organisator.ch\/de\/author\/admin\/"}]}},"_links":{"self":[{"href":"https:\/\/www.organisator.ch\/de\/wp-json\/wp\/v2\/posts\/914","targetHints":{"allow":["GET"]}}],"collection":[{"href":"https:\/\/www.organisator.ch\/de\/wp-json\/wp\/v2\/posts"}],"about":[{"href":"https:\/\/www.organisator.ch\/de\/wp-json\/wp\/v2\/types\/post"}],"author":[{"embeddable":true,"href":"https:\/\/www.organisator.ch\/de\/wp-json\/wp\/v2\/users\/1"}],"replies":[{"embeddable":true,"href":"https:\/\/www.organisator.ch\/de\/wp-json\/wp\/v2\/comments?post=914"}],"version-history":[{"count":0,"href":"https:\/\/www.organisator.ch\/de\/wp-json\/wp\/v2\/posts\/914\/revisions"}],"wp:featuredmedia":[{"embeddable":true,"href":"https:\/\/www.organisator.ch\/de\/wp-json\/wp\/v2\/media\/917"}],"wp:attachment":[{"href":"https:\/\/www.organisator.ch\/de\/wp-json\/wp\/v2\/media?parent=914"}],"wp:term":[{"taxonomy":"category","embeddable":true,"href":"https:\/\/www.organisator.ch\/de\/wp-json\/wp\/v2\/categories?post=914"},{"taxonomy":"post_tag","embeddable":true,"href":"https:\/\/www.organisator.ch\/de\/wp-json\/wp\/v2\/tags?post=914"}],"curies":[{"name":"wp","href":"https:\/\/api.w.org\/{rel}","templated":true}]}}