{"id":921,"date":"2017-04-05T10:09:55","date_gmt":"2017-04-05T08:09:55","guid":{"rendered":"https:\/\/www.umweltperspektiven.ch\/?p=921"},"modified":"2022-02-09T11:10:11","modified_gmt":"2022-02-09T10:10:11","slug":"bio-suisse-alle-zahlen-stehen-auf-wachstum","status":"publish","type":"post","link":"https:\/\/www.organisator.ch\/de\/sustainability\/2017-04-05\/bio-suisse-alle-zahlen-stehen-auf-wachstum\/","title":{"rendered":"Bio Suisse: Alle Zahlen stehen auf Wachstum"},"content":{"rendered":"<figure id=\"attachment_922\" aria-describedby=\"caption-attachment-922\" style=\"width: 680px\" class=\"wp-caption alignnone\"><img loading=\"lazy\" decoding=\"async\" class=\"size-medium wp-image-922\" src=\"\/\/www.umweltperspektiven.ch\/wp-content\/uploads\/2017\/04\/Depositphotos_3178742_l-2015.jpg\" alt=\"\" width=\"680\" height=\"453\" \/><figcaption id=\"caption-attachment-922\" class=\"wp-caption-text\">Gl\u00fcckliche H\u00fchner: Der Anteil an Bioprodukten und Biobetrieben w\u00e4chst ungebremst.<\/figcaption><\/figure>\n<p>Bio boomt nach wie vor: 2016 konnte Bio Suisse wiederum deutlich zulegen. Das zeigt der neuste Jahresbericht des Dachverbands der Schweizer Biobranche.<\/p>\n<p>Per 1. Januar 2017 sind 6144 Betriebe in der Schweiz und in Liechtenstein mit der Bio-Knospe ausgezeichnet, 386 mehr als noch im Jahr zuvor. Das sind so viele wie zuletzt in den 90er-Jahren.\u00a0Insgesamt\u00a0bewirtschaften die Betriebe rund 140&#8217;000 Hektar Land, das entspricht einem Anteil von 13,4 Prozent an der gesamten Landwirtschaftlichen Nutzfl\u00e4che.\u00a0Einen wahren Boom erlebt dabei der Rebbau: 26 Winzer setzen neu auf die Knospe und vergr\u00f6ssern die Rebfl\u00e4che auf einen Schlag um einen Drittel. Die meisten Biobetriebe finden sich dabei in den Kantonen Graub\u00fcnden (1302) und Bern (1162).<\/p>\n<p><strong>Marktwachstum beschleunigt sich<\/strong><\/p>\n<p>Ein Plus verzeichnete auch der Biomarkt: der Umsatz mit Biolebensmittel hat mit \u00fcber 2.5 Milliarden Franken einen neuen H\u00f6chststand erreicht. Auch der Marktanteil ist gewachsen und erreicht neu einen Wert von 8,4 Prozent. Und das Wachstum hat sich gar beschleunigt: W\u00e4hrend 2015 der Markt um 5,2% gestiegen ist, wurde 2016 ein Wachstum von 7,8% erreicht.<\/p>\n<p>In der Westschweiz sind Umsatz und Marktanteil \u00fcberdurchschnittlich gewachsen. Die H\u00e4lfte der Konsumentinnen und Konsumenten\u00a0kauft t\u00e4glich oder mehrmals w\u00f6chentlich biologische Produkte. Pro Kopf waren das 299 Franken (2015: 280 CHF). Damit ist die Schweiz Weltmeisterin im Biokonsum.<\/p>\n<p>Coop und Migros profitieren am meisten vom Bioboom: Sie erzielen gemeinsam drei Viertel des Umsatzes, der Bio-Fachhandel muss sich mit dem Dritten Platz begn\u00fcgen.<\/p>\n<p>&nbsp;<\/p>\n<p><strong>Beliebteste Produkte sind Ei, Gem\u00fcse und Brot<\/strong><\/p>\n<p>Alle Produktegruppen sind gewachsen und haben Marktanteile dazugewonnen. Wie in den Vorjahren sind die Frischprodukte mit einem Umsatz von 1,25 Milliarden Franken und einem Anteil am Bio-Gesamtwarenkorb von zwei Dritteln das wichtigste Segment. Die Convenience-Produkte gewinnen weiter an Bedeutung und wachsen erneut \u00fcberdurchschnittlich. Der Stellenwert der Frischprodukte schl\u00e4gt sich auch in der Bestseller-Liste der einzelnen Produkte nieder: Gem\u00fcse liegt neu auf Rang zwei, vor Frischbrot. Das beliebteste Bioprodukt bleibt das Ei. Der Marktanteil liegt bei allen drei Produkten \u00fcber 20 Prozent. Die gr\u00f6ssten Umsatztr\u00e4ger sind Milchprodukte: Inklusive K\u00e4se kommen diese auf 314,4 Millionen Franken Umsatz.<\/p>\n<p>Zum <a href=\"\/\/jahresbericht.biosuisse.ch\">vollst\u00e4ndigen Jahresbericht<\/a> von Bio Suisse<\/p>\n","protected":false},"excerpt":{"rendered":"<p>Bio boomt nach wie vor: 2016 konnte Bio Suisse wiederum deutlich zulegen. Das zeigt der neuste Jahresbericht des Dachverbands der Schweizer Biobranche. Per 1. Januar 2017 sind 6144 Betriebe in der Schweiz und in Liechtenstein mit der Bio-Knospe ausgezeichnet, 386 mehr als noch im Jahr zuvor. Das sind so viele wie zuletzt in den 90er-Jahren.\u00a0Insgesamt\u00a0bewirtschaften [&hellip;]<\/p>\n","protected":false},"author":1,"featured_media":9485,"comment_status":"open","ping_status":"open","sticky":false,"template":"","format":"standard","meta":{"_acf_changed":false,"_yoast_wpseo_focuskw":"Bio","_yoast_wpseo_metadesc":"Im vergangenen Jahr zeigten alle wichtigen Kennzahlen im Bio-Landbau und Biomarkt deutlich nach oben. Die Schweiz ist damit Weltmeisterin im Biokonsum.","articlekey":"","footnotes":""},"categories":[580],"tags":[822,181,1592,358],"class_list":["post-921","post","type-post","status-publish","format-standard","has-post-thumbnail","hentry","category-sustainability","tag-bio-suisse","tag-ernaehrung","tag-landwirtschaft","tag-nachhaltige-wirtschaft"],"acf":[],"yoast_head":"<!-- This site is optimized with the Yoast SEO plugin v27.5 - https:\/\/yoast.com\/product\/yoast-seo-wordpress\/ -->\n<title>Bio Suisse: Alle Zahlen stehen auf Wachstum - Organisator<\/title>\n<meta name=\"description\" content=\"Im vergangenen Jahr zeigten alle wichtigen Kennzahlen im Bio-Landbau und Biomarkt deutlich nach oben. Die Schweiz ist damit Weltmeisterin im Biokonsum.\" \/>\n<meta name=\"robots\" content=\"index, follow, max-snippet:-1, max-image-preview:large, max-video-preview:-1\" \/>\n<link rel=\"canonical\" href=\"https:\/\/www.organisator.ch\/de\/sustainability\/2017-04-05\/bio-suisse-alle-zahlen-stehen-auf-wachstum\/\" \/>\n<meta property=\"og:locale\" content=\"de_DE\" \/>\n<meta property=\"og:type\" content=\"article\" \/>\n<meta property=\"og:title\" content=\"Bio Suisse: Alle Zahlen stehen auf Wachstum - Organisator\" \/>\n<meta property=\"og:description\" content=\"Im vergangenen Jahr zeigten alle wichtigen Kennzahlen im Bio-Landbau und Biomarkt deutlich nach oben. Die Schweiz ist damit Weltmeisterin im Biokonsum.\" \/>\n<meta property=\"og:url\" content=\"https:\/\/www.organisator.ch\/de\/sustainability\/2017-04-05\/bio-suisse-alle-zahlen-stehen-auf-wachstum\/\" \/>\n<meta property=\"og:site_name\" content=\"Organisator\" \/>\n<meta property=\"article:publisher\" content=\"https:\/\/www.facebook.com\/OrganisatorFachmagazin\" \/>\n<meta property=\"article:published_time\" content=\"2017-04-05T08:09:55+00:00\" \/>\n<meta property=\"article:modified_time\" content=\"2022-02-09T10:10:11+00:00\" \/>\n<meta property=\"og:image\" content=\"https:\/\/www.organisator.ch\/wp-content\/uploads\/2017\/04\/Depositphotos_3178742_l-2015-1024x682.jpg\" \/>\n\t<meta property=\"og:image:width\" content=\"1024\" \/>\n\t<meta property=\"og:image:height\" content=\"682\" \/>\n\t<meta property=\"og:image:type\" content=\"image\/jpeg\" \/>\n<meta name=\"author\" content=\"admin\" \/>\n<meta name=\"twitter:card\" content=\"summary_large_image\" \/>\n<script type=\"application\/ld+json\" class=\"yoast-schema-graph\">{\"@context\":\"https:\\\/\\\/schema.org\",\"@graph\":[{\"@type\":\"Article\",\"@id\":\"https:\\\/\\\/www.organisator.ch\\\/sustainability\\\/2017-04-05\\\/bio-suisse-alle-zahlen-stehen-auf-wachstum\\\/#article\",\"isPartOf\":{\"@id\":\"https:\\\/\\\/www.organisator.ch\\\/sustainability\\\/2017-04-05\\\/bio-suisse-alle-zahlen-stehen-auf-wachstum\\\/\"},\"author\":{\"name\":\"admin\",\"@id\":\"https:\\\/\\\/www.organisator.ch\\\/#\\\/schema\\\/person\\\/aa2bace6c5c5aad60102004a50c4eb1c\"},\"headline\":\"Bio Suisse: Alle Zahlen stehen auf Wachstum\",\"datePublished\":\"2017-04-05T08:09:55+00:00\",\"dateModified\":\"2022-02-09T10:10:11+00:00\",\"mainEntityOfPage\":{\"@id\":\"https:\\\/\\\/www.organisator.ch\\\/sustainability\\\/2017-04-05\\\/bio-suisse-alle-zahlen-stehen-auf-wachstum\\\/\"},\"wordCount\":364,\"commentCount\":0,\"publisher\":{\"@id\":\"https:\\\/\\\/www.organisator.ch\\\/#organization\"},\"image\":{\"@id\":\"https:\\\/\\\/www.organisator.ch\\\/sustainability\\\/2017-04-05\\\/bio-suisse-alle-zahlen-stehen-auf-wachstum\\\/#primaryimage\"},\"thumbnailUrl\":\"https:\\\/\\\/www.organisator.ch\\\/wp-content\\\/uploads\\\/2017\\\/04\\\/Depositphotos_3178742_l-2015.jpg\",\"keywords\":[\"Bio Suisse\",\"Ern\u00e4hrung\",\"Landwirtschaft\",\"Nachhaltige Wirtschaft\"],\"articleSection\":[\"SUSTAINABILITY\"],\"inLanguage\":\"de\"},{\"@type\":\"WebPage\",\"@id\":\"https:\\\/\\\/www.organisator.ch\\\/sustainability\\\/2017-04-05\\\/bio-suisse-alle-zahlen-stehen-auf-wachstum\\\/\",\"url\":\"https:\\\/\\\/www.organisator.ch\\\/sustainability\\\/2017-04-05\\\/bio-suisse-alle-zahlen-stehen-auf-wachstum\\\/\",\"name\":\"Bio Suisse: Alle Zahlen stehen auf Wachstum - Organisator\",\"isPartOf\":{\"@id\":\"https:\\\/\\\/www.organisator.ch\\\/#website\"},\"primaryImageOfPage\":{\"@id\":\"https:\\\/\\\/www.organisator.ch\\\/sustainability\\\/2017-04-05\\\/bio-suisse-alle-zahlen-stehen-auf-wachstum\\\/#primaryimage\"},\"image\":{\"@id\":\"https:\\\/\\\/www.organisator.ch\\\/sustainability\\\/2017-04-05\\\/bio-suisse-alle-zahlen-stehen-auf-wachstum\\\/#primaryimage\"},\"thumbnailUrl\":\"https:\\\/\\\/www.organisator.ch\\\/wp-content\\\/uploads\\\/2017\\\/04\\\/Depositphotos_3178742_l-2015.jpg\",\"datePublished\":\"2017-04-05T08:09:55+00:00\",\"dateModified\":\"2022-02-09T10:10:11+00:00\",\"description\":\"Im vergangenen Jahr zeigten alle wichtigen Kennzahlen im Bio-Landbau und Biomarkt deutlich nach oben. Die Schweiz ist damit Weltmeisterin im Biokonsum.\",\"breadcrumb\":{\"@id\":\"https:\\\/\\\/www.organisator.ch\\\/sustainability\\\/2017-04-05\\\/bio-suisse-alle-zahlen-stehen-auf-wachstum\\\/#breadcrumb\"},\"inLanguage\":\"de\",\"potentialAction\":[{\"@type\":\"ReadAction\",\"target\":[\"https:\\\/\\\/www.organisator.ch\\\/sustainability\\\/2017-04-05\\\/bio-suisse-alle-zahlen-stehen-auf-wachstum\\\/\"]}]},{\"@type\":\"ImageObject\",\"inLanguage\":\"de\",\"@id\":\"https:\\\/\\\/www.organisator.ch\\\/sustainability\\\/2017-04-05\\\/bio-suisse-alle-zahlen-stehen-auf-wachstum\\\/#primaryimage\",\"url\":\"https:\\\/\\\/www.organisator.ch\\\/wp-content\\\/uploads\\\/2017\\\/04\\\/Depositphotos_3178742_l-2015.jpg\",\"contentUrl\":\"https:\\\/\\\/www.organisator.ch\\\/wp-content\\\/uploads\\\/2017\\\/04\\\/Depositphotos_3178742_l-2015.jpg\",\"width\":2000,\"height\":1333,\"caption\":\"Gl\u00fcckliche H\u00fchner: Der Anteil an Bioprodukten und Biobetrieben w\u00e4chst ungebremst.\"},{\"@type\":\"BreadcrumbList\",\"@id\":\"https:\\\/\\\/www.organisator.ch\\\/sustainability\\\/2017-04-05\\\/bio-suisse-alle-zahlen-stehen-auf-wachstum\\\/#breadcrumb\",\"itemListElement\":[{\"@type\":\"ListItem\",\"position\":1,\"name\":\"Home\",\"item\":\"https:\\\/\\\/www.organisator.ch\\\/\"},{\"@type\":\"ListItem\",\"position\":2,\"name\":\"Bio Suisse: Alle Zahlen stehen auf Wachstum\"}]},{\"@type\":\"WebSite\",\"@id\":\"https:\\\/\\\/www.organisator.ch\\\/#website\",\"url\":\"https:\\\/\\\/www.organisator.ch\\\/\",\"name\":\"Organisator\",\"description\":\"Kompetent. Praxisnah. Der ORGANISATOR bereitet in 10 Ausgaben pro Jahr die wesentlichen Themen f\u00fcr F\u00fchrungskr\u00e4fte von KMU auf.\",\"publisher\":{\"@id\":\"https:\\\/\\\/www.organisator.ch\\\/#organization\"},\"potentialAction\":[{\"@type\":\"SearchAction\",\"target\":{\"@type\":\"EntryPoint\",\"urlTemplate\":\"https:\\\/\\\/www.organisator.ch\\\/?s={search_term_string}\"},\"query-input\":{\"@type\":\"PropertyValueSpecification\",\"valueRequired\":true,\"valueName\":\"search_term_string\"}}],\"inLanguage\":\"de\"},{\"@type\":\"Organization\",\"@id\":\"https:\\\/\\\/www.organisator.ch\\\/#organization\",\"name\":\"Organisator\",\"url\":\"https:\\\/\\\/www.organisator.ch\\\/\",\"logo\":{\"@type\":\"ImageObject\",\"inLanguage\":\"de\",\"@id\":\"https:\\\/\\\/www.organisator.ch\\\/#\\\/schema\\\/logo\\\/image\\\/\",\"url\":\"https:\\\/\\\/www.organisator.ch\\\/wp-content\\\/uploads\\\/2022\\\/01\\\/Logo_Organisator_Website.png\",\"contentUrl\":\"https:\\\/\\\/www.organisator.ch\\\/wp-content\\\/uploads\\\/2022\\\/01\\\/Logo_Organisator_Website.png\",\"width\":800,\"height\":77,\"caption\":\"Organisator\"},\"image\":{\"@id\":\"https:\\\/\\\/www.organisator.ch\\\/#\\\/schema\\\/logo\\\/image\\\/\"},\"sameAs\":[\"https:\\\/\\\/www.facebook.com\\\/OrganisatorFachmagazin\",\"https:\\\/\\\/www.linkedin.com\\\/showcase\\\/organisator-das-magazin-fr-kmu\",\"https:\\\/\\\/www.xing.com\\\/news\\\/pages\\\/organisator-ch-695\",\"https:\\\/\\\/www.youtube.com\\\/channel\\\/UCGP2Sq0iWaZwT3BdIAQFYpw\"]},{\"@type\":\"Person\",\"@id\":\"https:\\\/\\\/www.organisator.ch\\\/#\\\/schema\\\/person\\\/aa2bace6c5c5aad60102004a50c4eb1c\",\"name\":\"admin\",\"image\":{\"@type\":\"ImageObject\",\"inLanguage\":\"de\",\"@id\":\"https:\\\/\\\/secure.gravatar.com\\\/avatar\\\/ae2f4d718e6c49043e314ce431e7e645d646302a24a5ef5a8bc8e3f5a032e319?s=96&d=mm&r=g\",\"url\":\"https:\\\/\\\/secure.gravatar.com\\\/avatar\\\/ae2f4d718e6c49043e314ce431e7e645d646302a24a5ef5a8bc8e3f5a032e319?s=96&d=mm&r=g\",\"contentUrl\":\"https:\\\/\\\/secure.gravatar.com\\\/avatar\\\/ae2f4d718e6c49043e314ce431e7e645d646302a24a5ef5a8bc8e3f5a032e319?s=96&d=mm&r=g\",\"caption\":\"admin\"},\"sameAs\":[\"https:\\\/\\\/www.organisator.ch\"],\"url\":\"https:\\\/\\\/www.organisator.ch\\\/de\\\/author\\\/admin\\\/\"}]}<\/script>\n<!-- \/ Yoast SEO plugin. -->","yoast_head_json":{"title":"Bio Suisse: Alle Zahlen stehen auf Wachstum - Organisator","description":"Im vergangenen Jahr zeigten alle wichtigen Kennzahlen im Bio-Landbau und Biomarkt deutlich nach oben. Die Schweiz ist damit Weltmeisterin im Biokonsum.","robots":{"index":"index","follow":"follow","max-snippet":"max-snippet:-1","max-image-preview":"max-image-preview:large","max-video-preview":"max-video-preview:-1"},"canonical":"https:\/\/www.organisator.ch\/de\/sustainability\/2017-04-05\/bio-suisse-alle-zahlen-stehen-auf-wachstum\/","og_locale":"de_DE","og_type":"article","og_title":"Bio Suisse: Alle Zahlen stehen auf Wachstum - Organisator","og_description":"Im vergangenen Jahr zeigten alle wichtigen Kennzahlen im Bio-Landbau und Biomarkt deutlich nach oben. Die Schweiz ist damit Weltmeisterin im Biokonsum.","og_url":"https:\/\/www.organisator.ch\/de\/sustainability\/2017-04-05\/bio-suisse-alle-zahlen-stehen-auf-wachstum\/","og_site_name":"Organisator","article_publisher":"https:\/\/www.facebook.com\/OrganisatorFachmagazin","article_published_time":"2017-04-05T08:09:55+00:00","article_modified_time":"2022-02-09T10:10:11+00:00","og_image":[{"width":1024,"height":682,"url":"https:\/\/www.organisator.ch\/wp-content\/uploads\/2017\/04\/Depositphotos_3178742_l-2015-1024x682.jpg","type":"image\/jpeg"}],"author":"admin","twitter_card":"summary_large_image","schema":{"@context":"https:\/\/schema.org","@graph":[{"@type":"Article","@id":"https:\/\/www.organisator.ch\/sustainability\/2017-04-05\/bio-suisse-alle-zahlen-stehen-auf-wachstum\/#article","isPartOf":{"@id":"https:\/\/www.organisator.ch\/sustainability\/2017-04-05\/bio-suisse-alle-zahlen-stehen-auf-wachstum\/"},"author":{"name":"admin","@id":"https:\/\/www.organisator.ch\/#\/schema\/person\/aa2bace6c5c5aad60102004a50c4eb1c"},"headline":"Bio Suisse: Alle Zahlen stehen auf Wachstum","datePublished":"2017-04-05T08:09:55+00:00","dateModified":"2022-02-09T10:10:11+00:00","mainEntityOfPage":{"@id":"https:\/\/www.organisator.ch\/sustainability\/2017-04-05\/bio-suisse-alle-zahlen-stehen-auf-wachstum\/"},"wordCount":364,"commentCount":0,"publisher":{"@id":"https:\/\/www.organisator.ch\/#organization"},"image":{"@id":"https:\/\/www.organisator.ch\/sustainability\/2017-04-05\/bio-suisse-alle-zahlen-stehen-auf-wachstum\/#primaryimage"},"thumbnailUrl":"https:\/\/www.organisator.ch\/wp-content\/uploads\/2017\/04\/Depositphotos_3178742_l-2015.jpg","keywords":["Bio Suisse","Ern\u00e4hrung","Landwirtschaft","Nachhaltige Wirtschaft"],"articleSection":["SUSTAINABILITY"],"inLanguage":"de"},{"@type":"WebPage","@id":"https:\/\/www.organisator.ch\/sustainability\/2017-04-05\/bio-suisse-alle-zahlen-stehen-auf-wachstum\/","url":"https:\/\/www.organisator.ch\/sustainability\/2017-04-05\/bio-suisse-alle-zahlen-stehen-auf-wachstum\/","name":"Bio Suisse: Alle Zahlen stehen auf Wachstum - Organisator","isPartOf":{"@id":"https:\/\/www.organisator.ch\/#website"},"primaryImageOfPage":{"@id":"https:\/\/www.organisator.ch\/sustainability\/2017-04-05\/bio-suisse-alle-zahlen-stehen-auf-wachstum\/#primaryimage"},"image":{"@id":"https:\/\/www.organisator.ch\/sustainability\/2017-04-05\/bio-suisse-alle-zahlen-stehen-auf-wachstum\/#primaryimage"},"thumbnailUrl":"https:\/\/www.organisator.ch\/wp-content\/uploads\/2017\/04\/Depositphotos_3178742_l-2015.jpg","datePublished":"2017-04-05T08:09:55+00:00","dateModified":"2022-02-09T10:10:11+00:00","description":"Im vergangenen Jahr zeigten alle wichtigen Kennzahlen im Bio-Landbau und Biomarkt deutlich nach oben. Die Schweiz ist damit Weltmeisterin im Biokonsum.","breadcrumb":{"@id":"https:\/\/www.organisator.ch\/sustainability\/2017-04-05\/bio-suisse-alle-zahlen-stehen-auf-wachstum\/#breadcrumb"},"inLanguage":"de","potentialAction":[{"@type":"ReadAction","target":["https:\/\/www.organisator.ch\/sustainability\/2017-04-05\/bio-suisse-alle-zahlen-stehen-auf-wachstum\/"]}]},{"@type":"ImageObject","inLanguage":"de","@id":"https:\/\/www.organisator.ch\/sustainability\/2017-04-05\/bio-suisse-alle-zahlen-stehen-auf-wachstum\/#primaryimage","url":"https:\/\/www.organisator.ch\/wp-content\/uploads\/2017\/04\/Depositphotos_3178742_l-2015.jpg","contentUrl":"https:\/\/www.organisator.ch\/wp-content\/uploads\/2017\/04\/Depositphotos_3178742_l-2015.jpg","width":2000,"height":1333,"caption":"Gl\u00fcckliche H\u00fchner: Der Anteil an Bioprodukten und Biobetrieben w\u00e4chst ungebremst."},{"@type":"BreadcrumbList","@id":"https:\/\/www.organisator.ch\/sustainability\/2017-04-05\/bio-suisse-alle-zahlen-stehen-auf-wachstum\/#breadcrumb","itemListElement":[{"@type":"ListItem","position":1,"name":"Home","item":"https:\/\/www.organisator.ch\/"},{"@type":"ListItem","position":2,"name":"Bio Suisse: Alle Zahlen stehen auf Wachstum"}]},{"@type":"WebSite","@id":"https:\/\/www.organisator.ch\/#website","url":"https:\/\/www.organisator.ch\/","name":"Organisator","description":"Kompetent. Praxisnah. Der ORGANISATOR bereitet in 10 Ausgaben pro Jahr die wesentlichen Themen f\u00fcr F\u00fchrungskr\u00e4fte von KMU auf.","publisher":{"@id":"https:\/\/www.organisator.ch\/#organization"},"potentialAction":[{"@type":"SearchAction","target":{"@type":"EntryPoint","urlTemplate":"https:\/\/www.organisator.ch\/?s={search_term_string}"},"query-input":{"@type":"PropertyValueSpecification","valueRequired":true,"valueName":"search_term_string"}}],"inLanguage":"de"},{"@type":"Organization","@id":"https:\/\/www.organisator.ch\/#organization","name":"Organisator","url":"https:\/\/www.organisator.ch\/","logo":{"@type":"ImageObject","inLanguage":"de","@id":"https:\/\/www.organisator.ch\/#\/schema\/logo\/image\/","url":"https:\/\/www.organisator.ch\/wp-content\/uploads\/2022\/01\/Logo_Organisator_Website.png","contentUrl":"https:\/\/www.organisator.ch\/wp-content\/uploads\/2022\/01\/Logo_Organisator_Website.png","width":800,"height":77,"caption":"Organisator"},"image":{"@id":"https:\/\/www.organisator.ch\/#\/schema\/logo\/image\/"},"sameAs":["https:\/\/www.facebook.com\/OrganisatorFachmagazin","https:\/\/www.linkedin.com\/showcase\/organisator-das-magazin-fr-kmu","https:\/\/www.xing.com\/news\/pages\/organisator-ch-695","https:\/\/www.youtube.com\/channel\/UCGP2Sq0iWaZwT3BdIAQFYpw"]},{"@type":"Person","@id":"https:\/\/www.organisator.ch\/#\/schema\/person\/aa2bace6c5c5aad60102004a50c4eb1c","name":"admin","image":{"@type":"ImageObject","inLanguage":"de","@id":"https:\/\/secure.gravatar.com\/avatar\/ae2f4d718e6c49043e314ce431e7e645d646302a24a5ef5a8bc8e3f5a032e319?s=96&d=mm&r=g","url":"https:\/\/secure.gravatar.com\/avatar\/ae2f4d718e6c49043e314ce431e7e645d646302a24a5ef5a8bc8e3f5a032e319?s=96&d=mm&r=g","contentUrl":"https:\/\/secure.gravatar.com\/avatar\/ae2f4d718e6c49043e314ce431e7e645d646302a24a5ef5a8bc8e3f5a032e319?s=96&d=mm&r=g","caption":"admin"},"sameAs":["https:\/\/www.organisator.ch"],"url":"https:\/\/www.organisator.ch\/de\/author\/admin\/"}]}},"_links":{"self":[{"href":"https:\/\/www.organisator.ch\/de\/wp-json\/wp\/v2\/posts\/921","targetHints":{"allow":["GET"]}}],"collection":[{"href":"https:\/\/www.organisator.ch\/de\/wp-json\/wp\/v2\/posts"}],"about":[{"href":"https:\/\/www.organisator.ch\/de\/wp-json\/wp\/v2\/types\/post"}],"author":[{"embeddable":true,"href":"https:\/\/www.organisator.ch\/de\/wp-json\/wp\/v2\/users\/1"}],"replies":[{"embeddable":true,"href":"https:\/\/www.organisator.ch\/de\/wp-json\/wp\/v2\/comments?post=921"}],"version-history":[{"count":1,"href":"https:\/\/www.organisator.ch\/de\/wp-json\/wp\/v2\/posts\/921\/revisions"}],"predecessor-version":[{"id":10941,"href":"https:\/\/www.organisator.ch\/de\/wp-json\/wp\/v2\/posts\/921\/revisions\/10941"}],"wp:featuredmedia":[{"embeddable":true,"href":"https:\/\/www.organisator.ch\/de\/wp-json\/wp\/v2\/media\/9485"}],"wp:attachment":[{"href":"https:\/\/www.organisator.ch\/de\/wp-json\/wp\/v2\/media?parent=921"}],"wp:term":[{"taxonomy":"category","embeddable":true,"href":"https:\/\/www.organisator.ch\/de\/wp-json\/wp\/v2\/categories?post=921"},{"taxonomy":"post_tag","embeddable":true,"href":"https:\/\/www.organisator.ch\/de\/wp-json\/wp\/v2\/tags?post=921"}],"curies":[{"name":"wp","href":"https:\/\/api.w.org\/{rel}","templated":true}]}}