{"id":954,"date":"2017-04-21T10:26:24","date_gmt":"2017-04-21T08:26:24","guid":{"rendered":"https:\/\/www.umweltperspektiven.ch\/?p=954"},"modified":"2022-02-09T11:06:20","modified_gmt":"2022-02-09T10:06:20","slug":"stromverbrauch-trotz-kalten-winters-stabil","status":"publish","type":"post","link":"https:\/\/www.organisator.ch\/de\/sustainability\/2017-04-21\/stromverbrauch-trotz-kalten-winters-stabil\/","title":{"rendered":"Stromverbrauch trotz kalten Winters stabil"},"content":{"rendered":"<figure id=\"attachment_955\" aria-describedby=\"caption-attachment-955\" style=\"width: 680px\" class=\"wp-caption alignnone\"><img loading=\"lazy\" decoding=\"async\" class=\"size-medium wp-image-955\" src=\"\/\/www.umweltperspektiven.ch\/wp-content\/uploads\/2017\/04\/Depositphotos_58084599_l-2015.jpg\" alt=\"\" width=\"680\" height=\"510\" srcset=\"https:\/\/www.organisator.ch\/wp-content\/uploads\/2017\/04\/Depositphotos_58084599_l-2015.jpg 2000w, https:\/\/www.organisator.ch\/wp-content\/uploads\/2017\/04\/Depositphotos_58084599_l-2015-680x510.jpg 680w, https:\/\/www.organisator.ch\/wp-content\/uploads\/2017\/04\/Depositphotos_58084599_l-2015-1024x768.jpg 1024w, https:\/\/www.organisator.ch\/wp-content\/uploads\/2017\/04\/Depositphotos_58084599_l-2015-768x576.jpg 768w, https:\/\/www.organisator.ch\/wp-content\/uploads\/2017\/04\/Depositphotos_58084599_l-2015-1536x1152.jpg 1536w, https:\/\/www.organisator.ch\/wp-content\/uploads\/2017\/04\/Depositphotos_58084599_l-2015-16x12.jpg 16w, https:\/\/www.organisator.ch\/wp-content\/uploads\/2017\/04\/Depositphotos_58084599_l-2015-233x175.jpg 233w, https:\/\/www.organisator.ch\/wp-content\/uploads\/2017\/04\/Depositphotos_58084599_l-2015-467x350.jpg 467w, https:\/\/www.organisator.ch\/wp-content\/uploads\/2017\/04\/Depositphotos_58084599_l-2015-1067x800.jpg 1067w, https:\/\/www.organisator.ch\/wp-content\/uploads\/2017\/04\/Depositphotos_58084599_l-2015-920x690.jpg 920w, https:\/\/www.organisator.ch\/wp-content\/uploads\/2017\/04\/Depositphotos_58084599_l-2015-1400x1050.jpg 1400w, https:\/\/www.organisator.ch\/wp-content\/uploads\/2017\/04\/Depositphotos_58084599_l-2015-1867x1400.jpg 1867w, https:\/\/www.organisator.ch\/wp-content\/uploads\/2017\/04\/Depositphotos_58084599_l-2015-300x225.jpg 300w\" sizes=\"auto, (max-width: 680px) 100vw, 680px\" \/><figcaption id=\"caption-attachment-955\" class=\"wp-caption-text\">Staudamm im Verzasca-Tal: Die Wasserkraftproduktion hat 2016 um 8% abgenommen.<\/figcaption><\/figure>\n<p class=\"webLead\">Der Landesverbrauch von Strom lag in der Schweiz 2016 bei 62,6 Mrd. kWh. Nach Abzug der \u00dcbertragungs- und Verteilverluste von 4,4 Mrd. kWh ergibt sich ein Stromverbrauch von 58,239 Mrd. kWh. Das sind 0,01% oder 7 Millionen kWh weniger als 2015 (58,246 Mrd. kWh). Die Ver\u00e4nderungen gegen\u00fcber dem Vorjahr betrugen -1,2% im ersten, +1,0% im zweiten, -2,8% im dritten und +2,8% im vierten Quartal 2016.<\/p>\n<div id=\"xmlWrapper\">\n<p>Obwohl wichtige Einflussgr\u00f6ssen (siehe unten) verbrauchssteigernd wirkten, blieb der Stromverbrauch in der Schweiz stabil, da diese durch Effizienzsteigerungen kompensiert werden konnten:<\/p>\n<ul>\n<li>Wirtschaftsentwicklung: Das Bruttoinlandprodukt (BIP) nahm 2016 gem\u00e4ss den ersten provisorischen Ergebnissen um 1,3% zu (Quelle: Staatssekretariat f\u00fcr Wirtschaft, SECO).<\/li>\n<li>Bev\u00f6lkerungsentwicklung: Die Bev\u00f6lkerung der Schweiz nahm 2016 gem\u00e4ss den provisorischen Ergebnissen des Bundesamtes f\u00fcr Statistik (BFS) vom 6. April 2017 um 1,1% zu.<\/li>\n<li>Witterung: 2016 nahmen die Heizgradtage gegen\u00fcber dem Vorjahr um 6,7% zu (siehe Tabelle im Anhang). Da in der Schweiz gegen 10% des Stromverbrauchs f\u00fcr das Heizen verwendet werden, wirkt diese Entwicklung leicht verbrauchssteigernd.<\/li>\n<\/ul>\n<p>Zu den Bestimmungsfaktoren der Stromverbrauchsentwicklung werden die j\u00e4hrlichen Ex-Post-Analysen des Energieverbrauchs weitere Aufschl\u00fcsse liefern k\u00f6nnen (Publikation im Oktober 2017).<\/p>\n<p><strong>Inl\u00e4ndische Elektrizit\u00e4tsproduktion 2016<\/strong><\/p>\n<p>Die Elektrizit\u00e4tsproduktion (Landeserzeugung) sank 2016 um 6,6% auf 61,6 Mrd. kWh (2015: 66,0 Mrd. kWh). Nach Abzug des Verbrauchs der Speicherpumpen von 2,9 Mrd. kWh ergibt sich eine Nettoerzeugung von 58,7 Mrd. kWh. Im dritten Quartal lag die Landeserzeugung \u00fcber dem Vorjahreswert (+0,7%), im ersten (-10,6%), zweiten (-1,3%) und vierten Quartal (-16,4%) jedoch unter den entsprechenden Vorjahreswerten.<\/p>\n<p>Die Wasserkraftanlagen (Laufkraftwerke und Speicherkraftwerke) produzierten 8,0% weniger Elektrizit\u00e4t als im Vorjahr (Laufkraftwerke &#8211; 0,1%, Speicherkraftwerke &#8211; 13,7%). Im Sommer 2016 sank die Produktion der Wasserkraftwerke im Vergleich zum Vorjahr um 2,4% (Laufkraftwerke + 1,4%, Speicherkraftwerke &#8211; 6,2%), in den beiden Winterquartalen um 15,4% (Laufkraftwerke &#8211; 3,2% resp. Speicherkraftwerke &#8211; 21,2%).<\/p>\n<p>Die Stromproduktion der schweizerischen Kernkraftwerke sank um 8,4% auf 20,2 Mrd. kWh (2015: 22,1 Mrd. kWh). Dies ist trotz des Produktionsrekords des Kernkraftwerks G\u00f6sgen vor allem auf ausserordentliche Stillst\u00e4nde des Kernkraftwerks Beznau I (ganzj\u00e4hrig) sowie des Kernkraftwerks Leibstadt (September bis Dezember) zur\u00fcckzuf\u00fchren. 2016 lag die Verf\u00fcgbarkeit des schweizerischen Kernkraftwerkparks bei 69,4% (2015: 76,0%).<\/p>\n<p>An der gesamten Elektrizit\u00e4tsproduktion waren die Wasserkraftwerke zu 59,0%, die Kernkraftwerke zu 32,8% sowie die konventionell-thermischen und erneuerbaren Anlagen zu 8,2% beteiligt.<\/p>\n<p><strong>Import\u00fcberschuss im Jahr 2016<\/strong><\/p>\n<p>Bei Importen von 38,0 Mrd. kWh und Exporten von 34,1 Mrd. kWh ergab sich 2016 ein Import\u00fcberschuss von 3,9 Mrd. kWh (2015: Export\u00fcberschuss von 1,0 Mrd. kWh). Im ersten und im vierten Quartal (Winterquartale) importierte die Schweiz per Saldo 8,2 Mrd. kWh (2015: 3,3 Mrd. kWh), im zweiten und dritten Quartal exportierte sie per Saldo wie im Vorjahr 4,3 Mrd. kWh.<\/p>\n<p>Der Erl\u00f6s aus den Stromexporten betrug 1&#8217;387 Mio. Franken (4,09 Rp.\/kWh). F\u00fcr die Importe fielen Ausgaben von 1&#8217;532 Mio. Franken an (4,04 Rp.\/kWh). Somit ergab sich im 2016 erstmals f\u00fcr die Schweiz ein negativer Aussenhandelssaldo von 145 Mio. Franken (2015: positiver Aussenhandelssaldo von 234 Mio. Franken).<\/p>\n<\/div>\n<p>Quelle: BFE<\/p>\n","protected":false},"excerpt":{"rendered":"<p>Der Landesverbrauch von Strom lag in der Schweiz 2016 bei 62,6 Mrd. kWh. Nach Abzug der \u00dcbertragungs- und Verteilverluste von 4,4 Mrd. kWh ergibt sich ein Stromverbrauch von 58,239 Mrd. kWh. Das sind 0,01% oder 7 Millionen kWh weniger als 2015 (58,246 Mrd. kWh). Die Ver\u00e4nderungen gegen\u00fcber dem Vorjahr betrugen -1,2% im ersten, +1,0% im [&hellip;]<\/p>\n","protected":false},"author":1,"featured_media":955,"comment_status":"open","ping_status":"open","sticky":false,"template":"","format":"standard","meta":{"_acf_changed":false,"_yoast_wpseo_focuskw":"Stromverbrauch","_yoast_wpseo_metadesc":"Mehr Heiztage, Bev\u00f6lkerungswachstum und Wirtschaftswachstum: Trotzdem blieb der Stromverbrauch in der Schweiz im Jahr 2016 gegen\u00fcber dem Vorjahr stabil .","articlekey":"","footnotes":""},"categories":[580],"tags":[807,1091,452,2225],"class_list":["post-954","post","type-post","status-publish","format-standard","has-post-thumbnail","hentry","category-sustainability","tag-bfe","tag-energieverbrauch","tag-statistik","tag-stromverbrauch"],"acf":[],"yoast_head":"<!-- This site is optimized with the Yoast SEO plugin v27.4 - https:\/\/yoast.com\/product\/yoast-seo-wordpress\/ -->\n<title>Stromverbrauch trotz kalten Winters stabil - Organisator<\/title>\n<meta name=\"description\" content=\"Mehr Heiztage, Bev\u00f6lkerungswachstum und Wirtschaftswachstum: Trotzdem blieb der Stromverbrauch in der Schweiz im Jahr 2016 gegen\u00fcber dem Vorjahr stabil .\" \/>\n<meta name=\"robots\" content=\"index, follow, max-snippet:-1, max-image-preview:large, max-video-preview:-1\" \/>\n<link rel=\"canonical\" href=\"https:\/\/www.organisator.ch\/de\/sustainability\/2017-04-21\/stromverbrauch-trotz-kalten-winters-stabil\/\" \/>\n<meta property=\"og:locale\" content=\"de_DE\" \/>\n<meta property=\"og:type\" content=\"article\" \/>\n<meta property=\"og:title\" content=\"Stromverbrauch trotz kalten Winters stabil - Organisator\" \/>\n<meta property=\"og:description\" content=\"Mehr Heiztage, Bev\u00f6lkerungswachstum und Wirtschaftswachstum: Trotzdem blieb der Stromverbrauch in der Schweiz im Jahr 2016 gegen\u00fcber dem Vorjahr stabil .\" \/>\n<meta property=\"og:url\" content=\"https:\/\/www.organisator.ch\/de\/sustainability\/2017-04-21\/stromverbrauch-trotz-kalten-winters-stabil\/\" \/>\n<meta property=\"og:site_name\" content=\"Organisator\" \/>\n<meta property=\"article:publisher\" content=\"https:\/\/www.facebook.com\/OrganisatorFachmagazin\" \/>\n<meta property=\"article:published_time\" content=\"2017-04-21T08:26:24+00:00\" \/>\n<meta property=\"article:modified_time\" content=\"2022-02-09T10:06:20+00:00\" \/>\n<meta property=\"og:image\" content=\"https:\/\/www.organisator.ch\/wp-content\/uploads\/2017\/04\/Depositphotos_58084599_l-2015-1024x768.jpg\" \/>\n\t<meta property=\"og:image:width\" content=\"1024\" \/>\n\t<meta property=\"og:image:height\" content=\"768\" \/>\n\t<meta property=\"og:image:type\" content=\"image\/jpeg\" \/>\n<meta name=\"author\" content=\"admin\" \/>\n<meta name=\"twitter:card\" content=\"summary_large_image\" \/>\n<script type=\"application\/ld+json\" class=\"yoast-schema-graph\">{\"@context\":\"https:\\\/\\\/schema.org\",\"@graph\":[{\"@type\":\"Article\",\"@id\":\"https:\\\/\\\/www.organisator.ch\\\/sustainability\\\/2017-04-21\\\/stromverbrauch-trotz-kalten-winters-stabil\\\/#article\",\"isPartOf\":{\"@id\":\"https:\\\/\\\/www.organisator.ch\\\/sustainability\\\/2017-04-21\\\/stromverbrauch-trotz-kalten-winters-stabil\\\/\"},\"author\":{\"name\":\"admin\",\"@id\":\"https:\\\/\\\/www.organisator.ch\\\/#\\\/schema\\\/person\\\/aa2bace6c5c5aad60102004a50c4eb1c\"},\"headline\":\"Stromverbrauch trotz kalten Winters stabil\",\"datePublished\":\"2017-04-21T08:26:24+00:00\",\"dateModified\":\"2022-02-09T10:06:20+00:00\",\"mainEntityOfPage\":{\"@id\":\"https:\\\/\\\/www.organisator.ch\\\/sustainability\\\/2017-04-21\\\/stromverbrauch-trotz-kalten-winters-stabil\\\/\"},\"wordCount\":461,\"commentCount\":0,\"publisher\":{\"@id\":\"https:\\\/\\\/www.organisator.ch\\\/#organization\"},\"image\":{\"@id\":\"https:\\\/\\\/www.organisator.ch\\\/sustainability\\\/2017-04-21\\\/stromverbrauch-trotz-kalten-winters-stabil\\\/#primaryimage\"},\"thumbnailUrl\":\"https:\\\/\\\/www.organisator.ch\\\/wp-content\\\/uploads\\\/2017\\\/04\\\/Depositphotos_58084599_l-2015.jpg\",\"keywords\":[\"BFE\",\"Energieverbrauch\",\"Statistik\",\"Stromverbrauch\"],\"articleSection\":[\"SUSTAINABILITY\"],\"inLanguage\":\"de\"},{\"@type\":\"WebPage\",\"@id\":\"https:\\\/\\\/www.organisator.ch\\\/sustainability\\\/2017-04-21\\\/stromverbrauch-trotz-kalten-winters-stabil\\\/\",\"url\":\"https:\\\/\\\/www.organisator.ch\\\/sustainability\\\/2017-04-21\\\/stromverbrauch-trotz-kalten-winters-stabil\\\/\",\"name\":\"Stromverbrauch trotz kalten Winters stabil - Organisator\",\"isPartOf\":{\"@id\":\"https:\\\/\\\/www.organisator.ch\\\/#website\"},\"primaryImageOfPage\":{\"@id\":\"https:\\\/\\\/www.organisator.ch\\\/sustainability\\\/2017-04-21\\\/stromverbrauch-trotz-kalten-winters-stabil\\\/#primaryimage\"},\"image\":{\"@id\":\"https:\\\/\\\/www.organisator.ch\\\/sustainability\\\/2017-04-21\\\/stromverbrauch-trotz-kalten-winters-stabil\\\/#primaryimage\"},\"thumbnailUrl\":\"https:\\\/\\\/www.organisator.ch\\\/wp-content\\\/uploads\\\/2017\\\/04\\\/Depositphotos_58084599_l-2015.jpg\",\"datePublished\":\"2017-04-21T08:26:24+00:00\",\"dateModified\":\"2022-02-09T10:06:20+00:00\",\"description\":\"Mehr Heiztage, Bev\u00f6lkerungswachstum und Wirtschaftswachstum: Trotzdem blieb der Stromverbrauch in der Schweiz im Jahr 2016 gegen\u00fcber dem Vorjahr stabil .\",\"breadcrumb\":{\"@id\":\"https:\\\/\\\/www.organisator.ch\\\/sustainability\\\/2017-04-21\\\/stromverbrauch-trotz-kalten-winters-stabil\\\/#breadcrumb\"},\"inLanguage\":\"de\",\"potentialAction\":[{\"@type\":\"ReadAction\",\"target\":[\"https:\\\/\\\/www.organisator.ch\\\/sustainability\\\/2017-04-21\\\/stromverbrauch-trotz-kalten-winters-stabil\\\/\"]}]},{\"@type\":\"ImageObject\",\"inLanguage\":\"de\",\"@id\":\"https:\\\/\\\/www.organisator.ch\\\/sustainability\\\/2017-04-21\\\/stromverbrauch-trotz-kalten-winters-stabil\\\/#primaryimage\",\"url\":\"https:\\\/\\\/www.organisator.ch\\\/wp-content\\\/uploads\\\/2017\\\/04\\\/Depositphotos_58084599_l-2015.jpg\",\"contentUrl\":\"https:\\\/\\\/www.organisator.ch\\\/wp-content\\\/uploads\\\/2017\\\/04\\\/Depositphotos_58084599_l-2015.jpg\",\"width\":2000,\"height\":1500,\"caption\":\"Staudamm im Verzasca-Tal: Die Wasserkraftproduktion hat 2016 um 8% abgenommen.\"},{\"@type\":\"BreadcrumbList\",\"@id\":\"https:\\\/\\\/www.organisator.ch\\\/sustainability\\\/2017-04-21\\\/stromverbrauch-trotz-kalten-winters-stabil\\\/#breadcrumb\",\"itemListElement\":[{\"@type\":\"ListItem\",\"position\":1,\"name\":\"Home\",\"item\":\"https:\\\/\\\/www.organisator.ch\\\/\"},{\"@type\":\"ListItem\",\"position\":2,\"name\":\"Stromverbrauch trotz kalten Winters stabil\"}]},{\"@type\":\"WebSite\",\"@id\":\"https:\\\/\\\/www.organisator.ch\\\/#website\",\"url\":\"https:\\\/\\\/www.organisator.ch\\\/\",\"name\":\"Organisator\",\"description\":\"Kompetent. Praxisnah. Der ORGANISATOR bereitet in 10 Ausgaben pro Jahr die wesentlichen Themen f\u00fcr F\u00fchrungskr\u00e4fte von KMU auf.\",\"publisher\":{\"@id\":\"https:\\\/\\\/www.organisator.ch\\\/#organization\"},\"potentialAction\":[{\"@type\":\"SearchAction\",\"target\":{\"@type\":\"EntryPoint\",\"urlTemplate\":\"https:\\\/\\\/www.organisator.ch\\\/?s={search_term_string}\"},\"query-input\":{\"@type\":\"PropertyValueSpecification\",\"valueRequired\":true,\"valueName\":\"search_term_string\"}}],\"inLanguage\":\"de\"},{\"@type\":\"Organization\",\"@id\":\"https:\\\/\\\/www.organisator.ch\\\/#organization\",\"name\":\"Organisator\",\"url\":\"https:\\\/\\\/www.organisator.ch\\\/\",\"logo\":{\"@type\":\"ImageObject\",\"inLanguage\":\"de\",\"@id\":\"https:\\\/\\\/www.organisator.ch\\\/#\\\/schema\\\/logo\\\/image\\\/\",\"url\":\"https:\\\/\\\/www.organisator.ch\\\/wp-content\\\/uploads\\\/2022\\\/01\\\/Logo_Organisator_Website.png\",\"contentUrl\":\"https:\\\/\\\/www.organisator.ch\\\/wp-content\\\/uploads\\\/2022\\\/01\\\/Logo_Organisator_Website.png\",\"width\":800,\"height\":77,\"caption\":\"Organisator\"},\"image\":{\"@id\":\"https:\\\/\\\/www.organisator.ch\\\/#\\\/schema\\\/logo\\\/image\\\/\"},\"sameAs\":[\"https:\\\/\\\/www.facebook.com\\\/OrganisatorFachmagazin\",\"https:\\\/\\\/www.linkedin.com\\\/showcase\\\/organisator-das-magazin-fr-kmu\",\"https:\\\/\\\/www.xing.com\\\/news\\\/pages\\\/organisator-ch-695\",\"https:\\\/\\\/www.youtube.com\\\/channel\\\/UCGP2Sq0iWaZwT3BdIAQFYpw\"]},{\"@type\":\"Person\",\"@id\":\"https:\\\/\\\/www.organisator.ch\\\/#\\\/schema\\\/person\\\/aa2bace6c5c5aad60102004a50c4eb1c\",\"name\":\"admin\",\"image\":{\"@type\":\"ImageObject\",\"inLanguage\":\"de\",\"@id\":\"https:\\\/\\\/secure.gravatar.com\\\/avatar\\\/ae2f4d718e6c49043e314ce431e7e645d646302a24a5ef5a8bc8e3f5a032e319?s=96&d=mm&r=g\",\"url\":\"https:\\\/\\\/secure.gravatar.com\\\/avatar\\\/ae2f4d718e6c49043e314ce431e7e645d646302a24a5ef5a8bc8e3f5a032e319?s=96&d=mm&r=g\",\"contentUrl\":\"https:\\\/\\\/secure.gravatar.com\\\/avatar\\\/ae2f4d718e6c49043e314ce431e7e645d646302a24a5ef5a8bc8e3f5a032e319?s=96&d=mm&r=g\",\"caption\":\"admin\"},\"sameAs\":[\"https:\\\/\\\/www.organisator.ch\"],\"url\":\"https:\\\/\\\/www.organisator.ch\\\/de\\\/author\\\/admin\\\/\"}]}<\/script>\n<!-- \/ Yoast SEO plugin. -->","yoast_head_json":{"title":"Stromverbrauch trotz kalten Winters stabil - Organisator","description":"Mehr Heiztage, Bev\u00f6lkerungswachstum und Wirtschaftswachstum: Trotzdem blieb der Stromverbrauch in der Schweiz im Jahr 2016 gegen\u00fcber dem Vorjahr stabil .","robots":{"index":"index","follow":"follow","max-snippet":"max-snippet:-1","max-image-preview":"max-image-preview:large","max-video-preview":"max-video-preview:-1"},"canonical":"https:\/\/www.organisator.ch\/de\/sustainability\/2017-04-21\/stromverbrauch-trotz-kalten-winters-stabil\/","og_locale":"de_DE","og_type":"article","og_title":"Stromverbrauch trotz kalten Winters stabil - Organisator","og_description":"Mehr Heiztage, Bev\u00f6lkerungswachstum und Wirtschaftswachstum: Trotzdem blieb der Stromverbrauch in der Schweiz im Jahr 2016 gegen\u00fcber dem Vorjahr stabil .","og_url":"https:\/\/www.organisator.ch\/de\/sustainability\/2017-04-21\/stromverbrauch-trotz-kalten-winters-stabil\/","og_site_name":"Organisator","article_publisher":"https:\/\/www.facebook.com\/OrganisatorFachmagazin","article_published_time":"2017-04-21T08:26:24+00:00","article_modified_time":"2022-02-09T10:06:20+00:00","og_image":[{"width":1024,"height":768,"url":"https:\/\/www.organisator.ch\/wp-content\/uploads\/2017\/04\/Depositphotos_58084599_l-2015-1024x768.jpg","type":"image\/jpeg"}],"author":"admin","twitter_card":"summary_large_image","schema":{"@context":"https:\/\/schema.org","@graph":[{"@type":"Article","@id":"https:\/\/www.organisator.ch\/sustainability\/2017-04-21\/stromverbrauch-trotz-kalten-winters-stabil\/#article","isPartOf":{"@id":"https:\/\/www.organisator.ch\/sustainability\/2017-04-21\/stromverbrauch-trotz-kalten-winters-stabil\/"},"author":{"name":"admin","@id":"https:\/\/www.organisator.ch\/#\/schema\/person\/aa2bace6c5c5aad60102004a50c4eb1c"},"headline":"Stromverbrauch trotz kalten Winters stabil","datePublished":"2017-04-21T08:26:24+00:00","dateModified":"2022-02-09T10:06:20+00:00","mainEntityOfPage":{"@id":"https:\/\/www.organisator.ch\/sustainability\/2017-04-21\/stromverbrauch-trotz-kalten-winters-stabil\/"},"wordCount":461,"commentCount":0,"publisher":{"@id":"https:\/\/www.organisator.ch\/#organization"},"image":{"@id":"https:\/\/www.organisator.ch\/sustainability\/2017-04-21\/stromverbrauch-trotz-kalten-winters-stabil\/#primaryimage"},"thumbnailUrl":"https:\/\/www.organisator.ch\/wp-content\/uploads\/2017\/04\/Depositphotos_58084599_l-2015.jpg","keywords":["BFE","Energieverbrauch","Statistik","Stromverbrauch"],"articleSection":["SUSTAINABILITY"],"inLanguage":"de"},{"@type":"WebPage","@id":"https:\/\/www.organisator.ch\/sustainability\/2017-04-21\/stromverbrauch-trotz-kalten-winters-stabil\/","url":"https:\/\/www.organisator.ch\/sustainability\/2017-04-21\/stromverbrauch-trotz-kalten-winters-stabil\/","name":"Stromverbrauch trotz kalten Winters stabil - Organisator","isPartOf":{"@id":"https:\/\/www.organisator.ch\/#website"},"primaryImageOfPage":{"@id":"https:\/\/www.organisator.ch\/sustainability\/2017-04-21\/stromverbrauch-trotz-kalten-winters-stabil\/#primaryimage"},"image":{"@id":"https:\/\/www.organisator.ch\/sustainability\/2017-04-21\/stromverbrauch-trotz-kalten-winters-stabil\/#primaryimage"},"thumbnailUrl":"https:\/\/www.organisator.ch\/wp-content\/uploads\/2017\/04\/Depositphotos_58084599_l-2015.jpg","datePublished":"2017-04-21T08:26:24+00:00","dateModified":"2022-02-09T10:06:20+00:00","description":"Mehr Heiztage, Bev\u00f6lkerungswachstum und Wirtschaftswachstum: Trotzdem blieb der Stromverbrauch in der Schweiz im Jahr 2016 gegen\u00fcber dem Vorjahr stabil .","breadcrumb":{"@id":"https:\/\/www.organisator.ch\/sustainability\/2017-04-21\/stromverbrauch-trotz-kalten-winters-stabil\/#breadcrumb"},"inLanguage":"de","potentialAction":[{"@type":"ReadAction","target":["https:\/\/www.organisator.ch\/sustainability\/2017-04-21\/stromverbrauch-trotz-kalten-winters-stabil\/"]}]},{"@type":"ImageObject","inLanguage":"de","@id":"https:\/\/www.organisator.ch\/sustainability\/2017-04-21\/stromverbrauch-trotz-kalten-winters-stabil\/#primaryimage","url":"https:\/\/www.organisator.ch\/wp-content\/uploads\/2017\/04\/Depositphotos_58084599_l-2015.jpg","contentUrl":"https:\/\/www.organisator.ch\/wp-content\/uploads\/2017\/04\/Depositphotos_58084599_l-2015.jpg","width":2000,"height":1500,"caption":"Staudamm im Verzasca-Tal: Die Wasserkraftproduktion hat 2016 um 8% abgenommen."},{"@type":"BreadcrumbList","@id":"https:\/\/www.organisator.ch\/sustainability\/2017-04-21\/stromverbrauch-trotz-kalten-winters-stabil\/#breadcrumb","itemListElement":[{"@type":"ListItem","position":1,"name":"Home","item":"https:\/\/www.organisator.ch\/"},{"@type":"ListItem","position":2,"name":"Stromverbrauch trotz kalten Winters stabil"}]},{"@type":"WebSite","@id":"https:\/\/www.organisator.ch\/#website","url":"https:\/\/www.organisator.ch\/","name":"Organisator","description":"Kompetent. Praxisnah. Der ORGANISATOR bereitet in 10 Ausgaben pro Jahr die wesentlichen Themen f\u00fcr F\u00fchrungskr\u00e4fte von KMU auf.","publisher":{"@id":"https:\/\/www.organisator.ch\/#organization"},"potentialAction":[{"@type":"SearchAction","target":{"@type":"EntryPoint","urlTemplate":"https:\/\/www.organisator.ch\/?s={search_term_string}"},"query-input":{"@type":"PropertyValueSpecification","valueRequired":true,"valueName":"search_term_string"}}],"inLanguage":"de"},{"@type":"Organization","@id":"https:\/\/www.organisator.ch\/#organization","name":"Organisator","url":"https:\/\/www.organisator.ch\/","logo":{"@type":"ImageObject","inLanguage":"de","@id":"https:\/\/www.organisator.ch\/#\/schema\/logo\/image\/","url":"https:\/\/www.organisator.ch\/wp-content\/uploads\/2022\/01\/Logo_Organisator_Website.png","contentUrl":"https:\/\/www.organisator.ch\/wp-content\/uploads\/2022\/01\/Logo_Organisator_Website.png","width":800,"height":77,"caption":"Organisator"},"image":{"@id":"https:\/\/www.organisator.ch\/#\/schema\/logo\/image\/"},"sameAs":["https:\/\/www.facebook.com\/OrganisatorFachmagazin","https:\/\/www.linkedin.com\/showcase\/organisator-das-magazin-fr-kmu","https:\/\/www.xing.com\/news\/pages\/organisator-ch-695","https:\/\/www.youtube.com\/channel\/UCGP2Sq0iWaZwT3BdIAQFYpw"]},{"@type":"Person","@id":"https:\/\/www.organisator.ch\/#\/schema\/person\/aa2bace6c5c5aad60102004a50c4eb1c","name":"admin","image":{"@type":"ImageObject","inLanguage":"de","@id":"https:\/\/secure.gravatar.com\/avatar\/ae2f4d718e6c49043e314ce431e7e645d646302a24a5ef5a8bc8e3f5a032e319?s=96&d=mm&r=g","url":"https:\/\/secure.gravatar.com\/avatar\/ae2f4d718e6c49043e314ce431e7e645d646302a24a5ef5a8bc8e3f5a032e319?s=96&d=mm&r=g","contentUrl":"https:\/\/secure.gravatar.com\/avatar\/ae2f4d718e6c49043e314ce431e7e645d646302a24a5ef5a8bc8e3f5a032e319?s=96&d=mm&r=g","caption":"admin"},"sameAs":["https:\/\/www.organisator.ch"],"url":"https:\/\/www.organisator.ch\/de\/author\/admin\/"}]}},"_links":{"self":[{"href":"https:\/\/www.organisator.ch\/de\/wp-json\/wp\/v2\/posts\/954","targetHints":{"allow":["GET"]}}],"collection":[{"href":"https:\/\/www.organisator.ch\/de\/wp-json\/wp\/v2\/posts"}],"about":[{"href":"https:\/\/www.organisator.ch\/de\/wp-json\/wp\/v2\/types\/post"}],"author":[{"embeddable":true,"href":"https:\/\/www.organisator.ch\/de\/wp-json\/wp\/v2\/users\/1"}],"replies":[{"embeddable":true,"href":"https:\/\/www.organisator.ch\/de\/wp-json\/wp\/v2\/comments?post=954"}],"version-history":[{"count":1,"href":"https:\/\/www.organisator.ch\/de\/wp-json\/wp\/v2\/posts\/954\/revisions"}],"predecessor-version":[{"id":10584,"href":"https:\/\/www.organisator.ch\/de\/wp-json\/wp\/v2\/posts\/954\/revisions\/10584"}],"wp:featuredmedia":[{"embeddable":true,"href":"https:\/\/www.organisator.ch\/de\/wp-json\/wp\/v2\/media\/955"}],"wp:attachment":[{"href":"https:\/\/www.organisator.ch\/de\/wp-json\/wp\/v2\/media?parent=954"}],"wp:term":[{"taxonomy":"category","embeddable":true,"href":"https:\/\/www.organisator.ch\/de\/wp-json\/wp\/v2\/categories?post=954"},{"taxonomy":"post_tag","embeddable":true,"href":"https:\/\/www.organisator.ch\/de\/wp-json\/wp\/v2\/tags?post=954"}],"curies":[{"name":"wp","href":"https:\/\/api.w.org\/{rel}","templated":true}]}}