{"id":9915,"date":"2016-01-29T14:30:50","date_gmt":"2016-01-29T13:30:50","guid":{"rendered":"https:\/\/dev.umweltperspektiven.ch\/?p=203"},"modified":"2016-01-29T14:30:50","modified_gmt":"2016-01-29T13:30:50","slug":"umweltbelastung-durch-luftfahrt-massiv-erhoeht","status":"publish","type":"post","link":"https:\/\/www.organisator.ch\/de\/allgemein\/2016-01-29\/umweltbelastung-durch-luftfahrt-massiv-erhoeht\/","title":{"rendered":"Umweltbelastung durch Luftfahrt massiv erh\u00f6ht"},"content":{"rendered":"<figure id=\"attachment_204\" aria-describedby=\"caption-attachment-204\" style=\"width: 680px\" class=\"wp-caption alignnone\"><a href=\"\/\/dev.umweltperspektiven.ch\/wp-content\/uploads\/2016\/12\/Umweltbelastung-durch-Luftfahrt-massiv-erh\u00f6ht-umweltperspektiven.jpg\"><img loading=\"lazy\" decoding=\"async\" class=\"size-medium wp-image-204\" src=\"\/\/dev.umweltperspektiven.ch\/wp-content\/uploads\/2016\/12\/Umweltbelastung-durch-Luftfahrt-massiv-erh\u00f6ht-umweltperspektiven.jpg\" alt=\"Flugl\u00e4rm und Emissionen: Die Umwelteinwirkung der Luftfahrt in Europa hat in den letzten 25 Jahren massiv zugenommen.\" width=\"680\" height=\"510\" \/><\/a><figcaption id=\"caption-attachment-204\" class=\"wp-caption-text\">Flugl\u00e4rm und Emissionen: Die Umwelteinwirkung der Luftfahrt in Europa hat in den letzten 25 Jahren massiv zugenommen.<\/figcaption><\/figure>\n<p>Die kommerzielle Luftfahrt ist ein wichtiger Wirtschafts- und Gesellschaftsfaktor in Europa. Gleichzeitig tr\u00e4gt sie aber auch zur Ver\u00e4nderung des Klimas bei und beeinflusst durch L\u00e4rm und Emisssionen die Gesundheit und Lebensqualit\u00e4t der Menschen in Europa.<\/p>\n<p>Die kontinuierlichen Verbesserungen auf verschiedensten Gebieten (wie u.a. Technik und Design) konnte in den letzten Jahren nicht mehr den erh\u00f6hten Bedarf an Mobilit\u00e4t und die damit verbundene Umweltbelastung kompensieren. Dieser Trend wird sich aller Voraussicht nach weiter fortsetzen. Die Herausforderungen an die Luftfahrt steigen stetig und das zuk\u00fcnftige Wachstum der Europ\u00e4ischen Luftfahrt wird untrennbar mit ihrer Umweltvertr\u00e4glichkeit verbunden sein.<\/p>\n<p>Dies zeigt der eben ver\u00f6ffentlichte\u00a0<a href=\"http:\/\/www.easa.europa.eu\/eaer\/\" target=\"_blank\" data-cke-saved-href=\"\/\/www.easa.europa.eu\/eaer\/\" rel=\"noopener\">European Aviation Envirnmental Report<\/a> der Europ\u00e4ischen Energieagentur EEA auf. So hat die Zahl der Flugbewegungen in Europa seit 1990 um 80% zugenommen &#8211; gleich stark stieg auch die Umweltbelastung sowie die CO2-Emissionen.\u00a0Die NOx-Emissionen haben sich in derselben Zeit verdoppelt.\u00a0Die EEA erwartet, dass alle Werte bis ins Jahr 2035 um weitere 45% zunehmen.<\/p>\n<p><strong>Millionen von Flugl\u00e4rm betroffen<\/strong><br \/>\nVon Flugl\u00e4rm sind aktuell europaweit 2,5 Millionen Menschen betroffen. Die L\u00e4rmpegel von Strahlflugzeugen haben sich in den letzten Jahrzehnten alle 10 Jahre um rund 4 dB verringert, dieser Fortschritt hat sich aber auf 2dB\/10 Jahre verringert.<br \/>\nGrenzwerte zu L\u00e4rm und NOx-Emissionen haben zu Verbesserungen gef\u00fchrt. Die EEA erwartet, dass zus\u00e4tzliche Vorschriften im Hinblick auf CO2- und Partikelemissionen in K\u00fcrze in Kraft treten.<\/p>\n<p><strong>Langsame Einf\u00fchrung alternativer Kraftstoffe<\/strong><\/p>\n<p>Die Einf\u00fchrung umweltfreundlicher alternativer Kraftstoffe erfolgt nur langsam. Dennoch wird erwartet, dass alternative Kraftstoffe in den kommenden Jahrzehnten eine wichtige Rolle bei der Reduzierung von Treibhausgasen spielen.\u00a0Die von der Europ\u00e4ischen Kommission gestartete Initiative \u201cAdvanced Biofuels Flightpath\u201d sieht vor, dass 2020 j\u00e4hrlich ca. 2 Millionen Tonnen Bio-Kraftstoff pro Jahr f\u00fcr den Luftverkehr produziert werden.\u00a0Der Einsatz von umweltfreundlichen alternativen Kraftstoffen wurde von der kommerziellen europ\u00e4ischen Luftfahrt erprobt. Dennoch erscheint es eher unwahrscheinlich, dass die im \u201eAdvanced Biofules Flightpath\u201c genannten 2 Millionen Tonnen pro Jahr erreicht werden k\u00f6nnen.<\/p>\n","protected":false},"excerpt":{"rendered":"<p>Die kommerzielle Luftfahrt ist ein wichtiger Wirtschafts- und Gesellschaftsfaktor in Europa. Gleichzeitig tr\u00e4gt sie aber auch zur Ver\u00e4nderung des Klimas bei und beeinflusst durch L\u00e4rm und Emisssionen die Gesundheit und Lebensqualit\u00e4t der Menschen in Europa. Die kontinuierlichen Verbesserungen auf verschiedensten Gebieten (wie u.a. Technik und Design) konnte in den letzten Jahren nicht mehr den erh\u00f6hten [&hellip;]<\/p>\n","protected":false},"author":1,"featured_media":204,"comment_status":"open","ping_status":"open","sticky":false,"template":"","format":"standard","meta":{"_acf_changed":false,"_yoast_wpseo_focuskw":"Umweltbelastung","_yoast_wpseo_metadesc":"Im Zeitraum von 1990 bis 2014 stieg die Zahl der Flugbewegungen in Europa um 80% an. In gleichem Masse stieg die Umweltbelastung.","articlekey":"","footnotes":""},"categories":[1],"tags":[1019,1138,1197,459,2360,2389],"class_list":["post-9915","post","type-post","status-publish","format-standard","has-post-thumbnail","hentry","category-allgemein","tag-eea","tag-europa","tag-flugverkehr","tag-studie","tag-umweltbelastung","tag-umweltvertraeglichkeit"],"acf":[],"yoast_head":"<!-- This site is optimized with the Yoast SEO plugin v27.5 - https:\/\/yoast.com\/product\/yoast-seo-wordpress\/ -->\n<title>Umweltbelastung durch Luftfahrt massiv erh\u00f6ht - Organisator<\/title>\n<meta name=\"description\" content=\"Im Zeitraum von 1990 bis 2014 stieg die Zahl der Flugbewegungen in Europa um 80% an. In gleichem Masse stieg die Umweltbelastung.\" \/>\n<meta name=\"robots\" content=\"index, follow, max-snippet:-1, max-image-preview:large, max-video-preview:-1\" \/>\n<link rel=\"canonical\" href=\"https:\/\/www.organisator.ch\/de\/allgemein\/2016-01-29\/umweltbelastung-durch-luftfahrt-massiv-erhoeht\/\" \/>\n<meta property=\"og:locale\" content=\"de_DE\" \/>\n<meta property=\"og:type\" content=\"article\" \/>\n<meta property=\"og:title\" content=\"Umweltbelastung durch Luftfahrt massiv erh\u00f6ht - Organisator\" \/>\n<meta property=\"og:description\" content=\"Im Zeitraum von 1990 bis 2014 stieg die Zahl der Flugbewegungen in Europa um 80% an. In gleichem Masse stieg die Umweltbelastung.\" \/>\n<meta property=\"og:url\" content=\"https:\/\/www.organisator.ch\/de\/allgemein\/2016-01-29\/umweltbelastung-durch-luftfahrt-massiv-erhoeht\/\" \/>\n<meta property=\"og:site_name\" content=\"Organisator\" \/>\n<meta property=\"article:publisher\" content=\"https:\/\/www.facebook.com\/OrganisatorFachmagazin\" \/>\n<meta property=\"article:published_time\" content=\"2016-01-29T13:30:50+00:00\" \/>\n<meta property=\"og:image\" content=\"https:\/\/www.organisator.ch\/wp-content\/uploads\/2016\/12\/Umweltbelastung-durch-Luftfahrt-massiv-erhoeht-umweltperspektiven.jpg\" \/>\n\t<meta property=\"og:image:width\" content=\"1000\" \/>\n\t<meta property=\"og:image:height\" content=\"750\" \/>\n\t<meta property=\"og:image:type\" content=\"image\/jpeg\" \/>\n<meta name=\"author\" content=\"admin\" \/>\n<meta name=\"twitter:card\" content=\"summary_large_image\" \/>\n<script type=\"application\/ld+json\" class=\"yoast-schema-graph\">{\"@context\":\"https:\\\/\\\/schema.org\",\"@graph\":[{\"@type\":\"Article\",\"@id\":\"https:\\\/\\\/www.organisator.ch\\\/it\\\/generale\\\/2016-01-29\\\/umweltbelastung-durch-luftfahrt-massiv-erhoeht\\\/#article\",\"isPartOf\":{\"@id\":\"https:\\\/\\\/www.organisator.ch\\\/it\\\/generale\\\/2016-01-29\\\/umweltbelastung-durch-luftfahrt-massiv-erhoeht\\\/\"},\"author\":{\"name\":\"admin\",\"@id\":\"https:\\\/\\\/www.organisator.ch\\\/#\\\/schema\\\/person\\\/aa2bace6c5c5aad60102004a50c4eb1c\"},\"headline\":\"Umweltbelastung durch Luftfahrt massiv erh\u00f6ht\",\"datePublished\":\"2016-01-29T13:30:50+00:00\",\"mainEntityOfPage\":{\"@id\":\"https:\\\/\\\/www.organisator.ch\\\/it\\\/generale\\\/2016-01-29\\\/umweltbelastung-durch-luftfahrt-massiv-erhoeht\\\/\"},\"wordCount\":358,\"commentCount\":0,\"publisher\":{\"@id\":\"https:\\\/\\\/www.organisator.ch\\\/#organization\"},\"image\":{\"@id\":\"https:\\\/\\\/www.organisator.ch\\\/it\\\/generale\\\/2016-01-29\\\/umweltbelastung-durch-luftfahrt-massiv-erhoeht\\\/#primaryimage\"},\"thumbnailUrl\":\"https:\\\/\\\/www.organisator.ch\\\/wp-content\\\/uploads\\\/2016\\\/12\\\/Umweltbelastung-durch-Luftfahrt-massiv-erhoeht-umweltperspektiven.jpg\",\"keywords\":[\"EEA\",\"Europa\",\"Flugverkehr\",\"Studie\",\"Umweltbelastung\",\"Umweltvertr\u00e4glichkeit\"],\"inLanguage\":\"de\"},{\"@type\":\"WebPage\",\"@id\":\"https:\\\/\\\/www.organisator.ch\\\/it\\\/generale\\\/2016-01-29\\\/umweltbelastung-durch-luftfahrt-massiv-erhoeht\\\/\",\"url\":\"https:\\\/\\\/www.organisator.ch\\\/it\\\/generale\\\/2016-01-29\\\/umweltbelastung-durch-luftfahrt-massiv-erhoeht\\\/\",\"name\":\"Umweltbelastung durch Luftfahrt massiv erh\u00f6ht - Organisator\",\"isPartOf\":{\"@id\":\"https:\\\/\\\/www.organisator.ch\\\/#website\"},\"primaryImageOfPage\":{\"@id\":\"https:\\\/\\\/www.organisator.ch\\\/it\\\/generale\\\/2016-01-29\\\/umweltbelastung-durch-luftfahrt-massiv-erhoeht\\\/#primaryimage\"},\"image\":{\"@id\":\"https:\\\/\\\/www.organisator.ch\\\/it\\\/generale\\\/2016-01-29\\\/umweltbelastung-durch-luftfahrt-massiv-erhoeht\\\/#primaryimage\"},\"thumbnailUrl\":\"https:\\\/\\\/www.organisator.ch\\\/wp-content\\\/uploads\\\/2016\\\/12\\\/Umweltbelastung-durch-Luftfahrt-massiv-erhoeht-umweltperspektiven.jpg\",\"datePublished\":\"2016-01-29T13:30:50+00:00\",\"description\":\"Im Zeitraum von 1990 bis 2014 stieg die Zahl der Flugbewegungen in Europa um 80% an. In gleichem Masse stieg die Umweltbelastung.\",\"breadcrumb\":{\"@id\":\"https:\\\/\\\/www.organisator.ch\\\/it\\\/generale\\\/2016-01-29\\\/umweltbelastung-durch-luftfahrt-massiv-erhoeht\\\/#breadcrumb\"},\"inLanguage\":\"de\",\"potentialAction\":[{\"@type\":\"ReadAction\",\"target\":[\"https:\\\/\\\/www.organisator.ch\\\/it\\\/generale\\\/2016-01-29\\\/umweltbelastung-durch-luftfahrt-massiv-erhoeht\\\/\"]}]},{\"@type\":\"ImageObject\",\"inLanguage\":\"de\",\"@id\":\"https:\\\/\\\/www.organisator.ch\\\/it\\\/generale\\\/2016-01-29\\\/umweltbelastung-durch-luftfahrt-massiv-erhoeht\\\/#primaryimage\",\"url\":\"https:\\\/\\\/www.organisator.ch\\\/wp-content\\\/uploads\\\/2016\\\/12\\\/Umweltbelastung-durch-Luftfahrt-massiv-erhoeht-umweltperspektiven.jpg\",\"contentUrl\":\"https:\\\/\\\/www.organisator.ch\\\/wp-content\\\/uploads\\\/2016\\\/12\\\/Umweltbelastung-durch-Luftfahrt-massiv-erhoeht-umweltperspektiven.jpg\",\"width\":1000,\"height\":750,\"caption\":\"Flugl\u00e4rm und Emissionen: Die Umwelteinwirkung der Luftfahrt in Europa hat in den letzten 25 Jahren massiv zugenommen.\"},{\"@type\":\"BreadcrumbList\",\"@id\":\"https:\\\/\\\/www.organisator.ch\\\/it\\\/generale\\\/2016-01-29\\\/umweltbelastung-durch-luftfahrt-massiv-erhoeht\\\/#breadcrumb\",\"itemListElement\":[{\"@type\":\"ListItem\",\"position\":1,\"name\":\"Home\",\"item\":\"https:\\\/\\\/www.organisator.ch\\\/\"},{\"@type\":\"ListItem\",\"position\":2,\"name\":\"Umweltbelastung durch Luftfahrt massiv erh\u00f6ht\"}]},{\"@type\":\"WebSite\",\"@id\":\"https:\\\/\\\/www.organisator.ch\\\/#website\",\"url\":\"https:\\\/\\\/www.organisator.ch\\\/\",\"name\":\"Organisator\",\"description\":\"Kompetent. Praxisnah. Der ORGANISATOR bereitet in 10 Ausgaben pro Jahr die wesentlichen Themen f\u00fcr F\u00fchrungskr\u00e4fte von KMU auf.\",\"publisher\":{\"@id\":\"https:\\\/\\\/www.organisator.ch\\\/#organization\"},\"potentialAction\":[{\"@type\":\"SearchAction\",\"target\":{\"@type\":\"EntryPoint\",\"urlTemplate\":\"https:\\\/\\\/www.organisator.ch\\\/?s={search_term_string}\"},\"query-input\":{\"@type\":\"PropertyValueSpecification\",\"valueRequired\":true,\"valueName\":\"search_term_string\"}}],\"inLanguage\":\"de\"},{\"@type\":\"Organization\",\"@id\":\"https:\\\/\\\/www.organisator.ch\\\/#organization\",\"name\":\"Organisator\",\"url\":\"https:\\\/\\\/www.organisator.ch\\\/\",\"logo\":{\"@type\":\"ImageObject\",\"inLanguage\":\"de\",\"@id\":\"https:\\\/\\\/www.organisator.ch\\\/#\\\/schema\\\/logo\\\/image\\\/\",\"url\":\"https:\\\/\\\/www.organisator.ch\\\/wp-content\\\/uploads\\\/2022\\\/01\\\/Logo_Organisator_Website.png\",\"contentUrl\":\"https:\\\/\\\/www.organisator.ch\\\/wp-content\\\/uploads\\\/2022\\\/01\\\/Logo_Organisator_Website.png\",\"width\":800,\"height\":77,\"caption\":\"Organisator\"},\"image\":{\"@id\":\"https:\\\/\\\/www.organisator.ch\\\/#\\\/schema\\\/logo\\\/image\\\/\"},\"sameAs\":[\"https:\\\/\\\/www.facebook.com\\\/OrganisatorFachmagazin\",\"https:\\\/\\\/www.linkedin.com\\\/showcase\\\/organisator-das-magazin-fr-kmu\",\"https:\\\/\\\/www.xing.com\\\/news\\\/pages\\\/organisator-ch-695\",\"https:\\\/\\\/www.youtube.com\\\/channel\\\/UCGP2Sq0iWaZwT3BdIAQFYpw\"]},{\"@type\":\"Person\",\"@id\":\"https:\\\/\\\/www.organisator.ch\\\/#\\\/schema\\\/person\\\/aa2bace6c5c5aad60102004a50c4eb1c\",\"name\":\"admin\",\"image\":{\"@type\":\"ImageObject\",\"inLanguage\":\"de\",\"@id\":\"https:\\\/\\\/secure.gravatar.com\\\/avatar\\\/ae2f4d718e6c49043e314ce431e7e645d646302a24a5ef5a8bc8e3f5a032e319?s=96&d=mm&r=g\",\"url\":\"https:\\\/\\\/secure.gravatar.com\\\/avatar\\\/ae2f4d718e6c49043e314ce431e7e645d646302a24a5ef5a8bc8e3f5a032e319?s=96&d=mm&r=g\",\"contentUrl\":\"https:\\\/\\\/secure.gravatar.com\\\/avatar\\\/ae2f4d718e6c49043e314ce431e7e645d646302a24a5ef5a8bc8e3f5a032e319?s=96&d=mm&r=g\",\"caption\":\"admin\"},\"sameAs\":[\"https:\\\/\\\/www.organisator.ch\"],\"url\":\"https:\\\/\\\/www.organisator.ch\\\/de\\\/author\\\/admin\\\/\"}]}<\/script>\n<!-- \/ Yoast SEO plugin. -->","yoast_head_json":{"title":"Umweltbelastung durch Luftfahrt massiv erh\u00f6ht - Organisator","description":"Im Zeitraum von 1990 bis 2014 stieg die Zahl der Flugbewegungen in Europa um 80% an. In gleichem Masse stieg die Umweltbelastung.","robots":{"index":"index","follow":"follow","max-snippet":"max-snippet:-1","max-image-preview":"max-image-preview:large","max-video-preview":"max-video-preview:-1"},"canonical":"https:\/\/www.organisator.ch\/de\/allgemein\/2016-01-29\/umweltbelastung-durch-luftfahrt-massiv-erhoeht\/","og_locale":"de_DE","og_type":"article","og_title":"Umweltbelastung durch Luftfahrt massiv erh\u00f6ht - Organisator","og_description":"Im Zeitraum von 1990 bis 2014 stieg die Zahl der Flugbewegungen in Europa um 80% an. In gleichem Masse stieg die Umweltbelastung.","og_url":"https:\/\/www.organisator.ch\/de\/allgemein\/2016-01-29\/umweltbelastung-durch-luftfahrt-massiv-erhoeht\/","og_site_name":"Organisator","article_publisher":"https:\/\/www.facebook.com\/OrganisatorFachmagazin","article_published_time":"2016-01-29T13:30:50+00:00","og_image":[{"width":1000,"height":750,"url":"https:\/\/www.organisator.ch\/wp-content\/uploads\/2016\/12\/Umweltbelastung-durch-Luftfahrt-massiv-erhoeht-umweltperspektiven.jpg","type":"image\/jpeg"}],"author":"admin","twitter_card":"summary_large_image","schema":{"@context":"https:\/\/schema.org","@graph":[{"@type":"Article","@id":"https:\/\/www.organisator.ch\/it\/generale\/2016-01-29\/umweltbelastung-durch-luftfahrt-massiv-erhoeht\/#article","isPartOf":{"@id":"https:\/\/www.organisator.ch\/it\/generale\/2016-01-29\/umweltbelastung-durch-luftfahrt-massiv-erhoeht\/"},"author":{"name":"admin","@id":"https:\/\/www.organisator.ch\/#\/schema\/person\/aa2bace6c5c5aad60102004a50c4eb1c"},"headline":"Umweltbelastung durch Luftfahrt massiv erh\u00f6ht","datePublished":"2016-01-29T13:30:50+00:00","mainEntityOfPage":{"@id":"https:\/\/www.organisator.ch\/it\/generale\/2016-01-29\/umweltbelastung-durch-luftfahrt-massiv-erhoeht\/"},"wordCount":358,"commentCount":0,"publisher":{"@id":"https:\/\/www.organisator.ch\/#organization"},"image":{"@id":"https:\/\/www.organisator.ch\/it\/generale\/2016-01-29\/umweltbelastung-durch-luftfahrt-massiv-erhoeht\/#primaryimage"},"thumbnailUrl":"https:\/\/www.organisator.ch\/wp-content\/uploads\/2016\/12\/Umweltbelastung-durch-Luftfahrt-massiv-erhoeht-umweltperspektiven.jpg","keywords":["EEA","Europa","Flugverkehr","Studie","Umweltbelastung","Umweltvertr\u00e4glichkeit"],"inLanguage":"de"},{"@type":"WebPage","@id":"https:\/\/www.organisator.ch\/it\/generale\/2016-01-29\/umweltbelastung-durch-luftfahrt-massiv-erhoeht\/","url":"https:\/\/www.organisator.ch\/it\/generale\/2016-01-29\/umweltbelastung-durch-luftfahrt-massiv-erhoeht\/","name":"Umweltbelastung durch Luftfahrt massiv erh\u00f6ht - Organisator","isPartOf":{"@id":"https:\/\/www.organisator.ch\/#website"},"primaryImageOfPage":{"@id":"https:\/\/www.organisator.ch\/it\/generale\/2016-01-29\/umweltbelastung-durch-luftfahrt-massiv-erhoeht\/#primaryimage"},"image":{"@id":"https:\/\/www.organisator.ch\/it\/generale\/2016-01-29\/umweltbelastung-durch-luftfahrt-massiv-erhoeht\/#primaryimage"},"thumbnailUrl":"https:\/\/www.organisator.ch\/wp-content\/uploads\/2016\/12\/Umweltbelastung-durch-Luftfahrt-massiv-erhoeht-umweltperspektiven.jpg","datePublished":"2016-01-29T13:30:50+00:00","description":"Im Zeitraum von 1990 bis 2014 stieg die Zahl der Flugbewegungen in Europa um 80% an. In gleichem Masse stieg die Umweltbelastung.","breadcrumb":{"@id":"https:\/\/www.organisator.ch\/it\/generale\/2016-01-29\/umweltbelastung-durch-luftfahrt-massiv-erhoeht\/#breadcrumb"},"inLanguage":"de","potentialAction":[{"@type":"ReadAction","target":["https:\/\/www.organisator.ch\/it\/generale\/2016-01-29\/umweltbelastung-durch-luftfahrt-massiv-erhoeht\/"]}]},{"@type":"ImageObject","inLanguage":"de","@id":"https:\/\/www.organisator.ch\/it\/generale\/2016-01-29\/umweltbelastung-durch-luftfahrt-massiv-erhoeht\/#primaryimage","url":"https:\/\/www.organisator.ch\/wp-content\/uploads\/2016\/12\/Umweltbelastung-durch-Luftfahrt-massiv-erhoeht-umweltperspektiven.jpg","contentUrl":"https:\/\/www.organisator.ch\/wp-content\/uploads\/2016\/12\/Umweltbelastung-durch-Luftfahrt-massiv-erhoeht-umweltperspektiven.jpg","width":1000,"height":750,"caption":"Flugl\u00e4rm und Emissionen: Die Umwelteinwirkung der Luftfahrt in Europa hat in den letzten 25 Jahren massiv zugenommen."},{"@type":"BreadcrumbList","@id":"https:\/\/www.organisator.ch\/it\/generale\/2016-01-29\/umweltbelastung-durch-luftfahrt-massiv-erhoeht\/#breadcrumb","itemListElement":[{"@type":"ListItem","position":1,"name":"Home","item":"https:\/\/www.organisator.ch\/"},{"@type":"ListItem","position":2,"name":"Umweltbelastung durch Luftfahrt massiv erh\u00f6ht"}]},{"@type":"WebSite","@id":"https:\/\/www.organisator.ch\/#website","url":"https:\/\/www.organisator.ch\/","name":"Organisator","description":"Kompetent. Praxisnah. Der ORGANISATOR bereitet in 10 Ausgaben pro Jahr die wesentlichen Themen f\u00fcr F\u00fchrungskr\u00e4fte von KMU auf.","publisher":{"@id":"https:\/\/www.organisator.ch\/#organization"},"potentialAction":[{"@type":"SearchAction","target":{"@type":"EntryPoint","urlTemplate":"https:\/\/www.organisator.ch\/?s={search_term_string}"},"query-input":{"@type":"PropertyValueSpecification","valueRequired":true,"valueName":"search_term_string"}}],"inLanguage":"de"},{"@type":"Organization","@id":"https:\/\/www.organisator.ch\/#organization","name":"Organisator","url":"https:\/\/www.organisator.ch\/","logo":{"@type":"ImageObject","inLanguage":"de","@id":"https:\/\/www.organisator.ch\/#\/schema\/logo\/image\/","url":"https:\/\/www.organisator.ch\/wp-content\/uploads\/2022\/01\/Logo_Organisator_Website.png","contentUrl":"https:\/\/www.organisator.ch\/wp-content\/uploads\/2022\/01\/Logo_Organisator_Website.png","width":800,"height":77,"caption":"Organisator"},"image":{"@id":"https:\/\/www.organisator.ch\/#\/schema\/logo\/image\/"},"sameAs":["https:\/\/www.facebook.com\/OrganisatorFachmagazin","https:\/\/www.linkedin.com\/showcase\/organisator-das-magazin-fr-kmu","https:\/\/www.xing.com\/news\/pages\/organisator-ch-695","https:\/\/www.youtube.com\/channel\/UCGP2Sq0iWaZwT3BdIAQFYpw"]},{"@type":"Person","@id":"https:\/\/www.organisator.ch\/#\/schema\/person\/aa2bace6c5c5aad60102004a50c4eb1c","name":"admin","image":{"@type":"ImageObject","inLanguage":"de","@id":"https:\/\/secure.gravatar.com\/avatar\/ae2f4d718e6c49043e314ce431e7e645d646302a24a5ef5a8bc8e3f5a032e319?s=96&d=mm&r=g","url":"https:\/\/secure.gravatar.com\/avatar\/ae2f4d718e6c49043e314ce431e7e645d646302a24a5ef5a8bc8e3f5a032e319?s=96&d=mm&r=g","contentUrl":"https:\/\/secure.gravatar.com\/avatar\/ae2f4d718e6c49043e314ce431e7e645d646302a24a5ef5a8bc8e3f5a032e319?s=96&d=mm&r=g","caption":"admin"},"sameAs":["https:\/\/www.organisator.ch"],"url":"https:\/\/www.organisator.ch\/de\/author\/admin\/"}]}},"_links":{"self":[{"href":"https:\/\/www.organisator.ch\/de\/wp-json\/wp\/v2\/posts\/9915","targetHints":{"allow":["GET"]}}],"collection":[{"href":"https:\/\/www.organisator.ch\/de\/wp-json\/wp\/v2\/posts"}],"about":[{"href":"https:\/\/www.organisator.ch\/de\/wp-json\/wp\/v2\/types\/post"}],"author":[{"embeddable":true,"href":"https:\/\/www.organisator.ch\/de\/wp-json\/wp\/v2\/users\/1"}],"replies":[{"embeddable":true,"href":"https:\/\/www.organisator.ch\/de\/wp-json\/wp\/v2\/comments?post=9915"}],"version-history":[{"count":0,"href":"https:\/\/www.organisator.ch\/de\/wp-json\/wp\/v2\/posts\/9915\/revisions"}],"wp:featuredmedia":[{"embeddable":true,"href":"https:\/\/www.organisator.ch\/de\/wp-json\/wp\/v2\/media\/204"}],"wp:attachment":[{"href":"https:\/\/www.organisator.ch\/de\/wp-json\/wp\/v2\/media?parent=9915"}],"wp:term":[{"taxonomy":"category","embeddable":true,"href":"https:\/\/www.organisator.ch\/de\/wp-json\/wp\/v2\/categories?post=9915"},{"taxonomy":"post_tag","embeddable":true,"href":"https:\/\/www.organisator.ch\/de\/wp-json\/wp\/v2\/tags?post=9915"}],"curies":[{"name":"wp","href":"https:\/\/api.w.org\/{rel}","templated":true}]}}