{"id":9928,"date":"2016-03-23T15:22:59","date_gmt":"2016-03-23T14:22:59","guid":{"rendered":"https:\/\/dev.umweltperspektiven.ch\/?p=276"},"modified":"2022-02-09T11:06:59","modified_gmt":"2022-02-09T10:06:59","slug":"treibhausgase-unabhaengig-kontrollieren","status":"publish","type":"post","link":"https:\/\/www.organisator.ch\/de\/sustainability\/2016-03-23\/treibhausgase-unabhaengig-kontrollieren\/","title":{"rendered":"Treibhausgase unabh\u00e4ngig kontrollieren"},"content":{"rendered":"<figure id=\"attachment_277\" aria-describedby=\"caption-attachment-277\" style=\"width: 680px\" class=\"wp-caption alignnone\"><a href=\"\/\/dev.umweltperspektiven.ch\/wp-content\/uploads\/2016\/12\/Treibhausgase-unabh\u00e4ngig-kontrollieren-umweltperspektiven.jpg\"><img loading=\"lazy\" decoding=\"async\" class=\"size-medium wp-image-277\" src=\"\/\/dev.umweltperspektiven.ch\/wp-content\/uploads\/2016\/12\/Treibhausgase-unabh\u00e4ngig-kontrollieren-umweltperspektiven.jpg\" alt=\"Die Viehwirtschaft ist in der Schweiz f\u00fcr den gr\u00f6ssten Teil des Methanausstosses verantwortlich - auch wenn in einem etwas kleineren Masse als gesch\u00e4tzt.\" width=\"680\" height=\"456\" \/><\/a><figcaption id=\"caption-attachment-277\" class=\"wp-caption-text\">Die Viehwirtschaft ist in der Schweiz f\u00fcr den gr\u00f6ssten Teil des Methanausstosses verantwortlich &#8211; auch wenn in einem etwas kleineren Masse als gesch\u00e4tzt.<\/figcaption><\/figure>\n<p>Mit dem Kyoto-Protokoll und dem neuen Pariser Klimaabkommen haben sich 195 Staaten verpflichtet, die Klimaerw\u00e4rmung zu beschr\u00e4nken. Ob sie die daf\u00fcr n\u00f6tige Reduktion der Treibhausgase tats\u00e4chlich vornehmen, \u00fcberpr\u00fcfen die Staaten selbst anhand von Sch\u00e4tzungen und Hochrechnungen. Die Unsicherheiten sind dabei gross und es k\u00f6nnen sich Fehler einschleichen. Vom Schweizerischen Nationalfonds (SNF) unterst\u00fctzte Forschende haben eine Methode entwickelt, mit der diese Angaben unabh\u00e4ngig kontrolliert werden k\u00f6nnen, durch direkte Messungen der Gase in der Atmosph\u00e4re.<\/p>\n<p><strong>Kaum Lecks in den Erdgasleitungen<\/strong><br \/>\nDaf\u00fcr kombinierten die Forschenden der Empa in D\u00fcbendorf, der Universit\u00e4t Bern und der ETH Z\u00fcrich die Messdaten f\u00fcr Methan (CH4) mit einem Ausbreitungsmodell f\u00fcr Luftschadstoffe in der Schweiz. Das Resultat: Die f\u00fcr 2013 ermittelten Werte wichen nur leicht von den Zahlen des Bundesamts f\u00fcr Umwelt (BAFU) ab und best\u00e4tigten somit den gesch\u00e4tzten j\u00e4hrlichen Ausstoss von rund 200&#8217;000 Tonnen Methan.<\/p>\n<p>Dabei erwies sich der Anteil der Viehwirtschaft, die mit 70 Prozent den L\u00f6wenanteil des Methanausstosses verursacht, etwas niedriger als bisher gesch\u00e4tzt. Best\u00e4tigt wurde hingegen, dass die Erdgasleitungen in Schweizer St\u00e4dten kaum lecken. Bisher waren die Annahmen dazu sehr unsicher. \u00dcberraschend waren die h\u00f6her als angenommenen Methanemissionen in der Nordostschweiz. &#8222;Wir planen nun eine Messkampagne, die n\u00e4her an den betroffenen Gebieten ist, um zu \u00fcberpr\u00fcfen, ob der Unterschied tats\u00e4chlich echt ist&#8220;, sagt Dominik Brunner, Atmosph\u00e4renphysiker und Leiter der Studie an der Empa.<\/p>\n<p>F\u00fcr das Modell integrierten Brunner und seine Kolleginnen und Kollegen die Daten von zwei neu daf\u00fcr eingerichteten Messstationen auf der L\u00e4geren bei Baden und auf dem fr\u00fcheren Radiosendeturm Berom\u00fcnster (LU) sowie von zwei weiteren Standorten im Schweizer Mittelland. F\u00fcr die Bestimmung des Methanausstosses in der Schweiz reichen wenige Standorte aus. Dank des Wettermodells des Bundesamts f\u00fcr Meteorologie und Klimatologie (Meteoschweiz), k\u00f6nnen die verschlungenen Wege der Luftpakete \u00fcber mehrere Tage bis \u00fcber den Atlantik zur\u00fcckverfolgt werden.<\/p>\n<p><strong>Erg\u00e4nzung des europ\u00e4ischen Messnetzes<\/strong><br \/>\n&#8222;Wir haben die Aufl\u00f6sung der inversen Modellierung, die bereits auf grossr\u00e4umigere Gebiete wie die USA angewandt wurde, verfeinert und auf die Skala der Schweiz mit ihrer schwierigen Topografie angepasst&#8220;, sagt Stephan Henne, der Erstautor der Studie. Das BAFU wird die Studie als Anhang zum neuesten Treibhausgasinventar der Schweiz voraussichtlich am 15. April 2016 publizieren. Damit befindet sich die Schweiz, neben Grossbritannien und Australien, unter den ersten drei L\u00e4ndern, die eine unabh\u00e4ngige Pr\u00fcfung ihrer Zahlen ver\u00f6ffentlichen.<\/p>\n<p>Das Projekt namens <a href=\"http:\/\/www.carbocount.ch\/\" target=\"_blank\" data-cke-saved-href=\"\/\/www.carbocount.ch\/\" rel=\"noopener\">CarboCount-CH<\/a> gilt als ein Pilotprojekt f\u00fcr ein gesamteurop\u00e4isches Messnetz &#8222;Integrated Carbon Observation System&#8220; (ICOS), das zuk\u00fcnftig die Treibhausgasemissionen aller L\u00e4nder Europas erfassen soll. &#8222;Mit unserem CarboCount-CH Messnetz werden wir als n\u00e4chstes die Aufnahme von Kohlendioxid (CO2) durch die Vegetation untersuchen&#8220;, so Henne.<\/p>\n","protected":false},"excerpt":{"rendered":"<p>Mit dem Kyoto-Protokoll und dem neuen Pariser Klimaabkommen haben sich 195 Staaten verpflichtet, die Klimaerw\u00e4rmung zu beschr\u00e4nken. Ob sie die daf\u00fcr n\u00f6tige Reduktion der Treibhausgase tats\u00e4chlich vornehmen, \u00fcberpr\u00fcfen die Staaten selbst anhand von Sch\u00e4tzungen und Hochrechnungen. Die Unsicherheiten sind dabei gross und es k\u00f6nnen sich Fehler einschleichen. Vom Schweizerischen Nationalfonds (SNF) unterst\u00fctzte Forschende haben eine [&hellip;]<\/p>\n","protected":false},"author":1,"featured_media":9362,"comment_status":"open","ping_status":"open","sticky":false,"template":"","format":"standard","meta":{"_acf_changed":false,"_yoast_wpseo_focuskw":"Treibhausgase","_yoast_wpseo_metadesc":"Vom Schweizerischen Nationalfonds gef\u00f6rderte Forschende haben eine Methode entwickelt, um Angaben der L\u00e4nder unabh\u00e4ngig zu \u00fcberpr\u00fcfen.","articlekey":"","footnotes":""},"categories":[580],"tags":[928,596,2092,2324],"class_list":["post-9928","post","type-post","status-publish","format-standard","has-post-thumbnail","hentry","category-sustainability","tag-co2","tag-klima","tag-schweizerischer-nationalfonds","tag-treibhausgas"],"acf":[],"yoast_head":"<!-- This site is optimized with the Yoast SEO plugin v27.4 - https:\/\/yoast.com\/product\/yoast-seo-wordpress\/ -->\n<title>Treibhausgase unabh\u00e4ngig kontrollieren - Organisator<\/title>\n<meta name=\"description\" content=\"Vom Schweizerischen Nationalfonds gef\u00f6rderte Forschende haben eine Methode entwickelt, um Angaben der L\u00e4nder unabh\u00e4ngig zu \u00fcberpr\u00fcfen.\" \/>\n<meta name=\"robots\" content=\"index, follow, max-snippet:-1, max-image-preview:large, max-video-preview:-1\" \/>\n<link rel=\"canonical\" href=\"https:\/\/www.organisator.ch\/de\/sustainability\/2016-03-23\/treibhausgase-unabhaengig-kontrollieren\/\" \/>\n<meta property=\"og:locale\" content=\"de_DE\" \/>\n<meta property=\"og:type\" content=\"article\" \/>\n<meta property=\"og:title\" content=\"Treibhausgase unabh\u00e4ngig kontrollieren - Organisator\" \/>\n<meta property=\"og:description\" content=\"Vom Schweizerischen Nationalfonds gef\u00f6rderte Forschende haben eine Methode entwickelt, um Angaben der L\u00e4nder unabh\u00e4ngig zu \u00fcberpr\u00fcfen.\" \/>\n<meta property=\"og:url\" content=\"https:\/\/www.organisator.ch\/de\/sustainability\/2016-03-23\/treibhausgase-unabhaengig-kontrollieren\/\" \/>\n<meta property=\"og:site_name\" content=\"Organisator\" \/>\n<meta property=\"article:publisher\" content=\"https:\/\/www.facebook.com\/OrganisatorFachmagazin\" \/>\n<meta property=\"article:published_time\" content=\"2016-03-23T14:22:59+00:00\" \/>\n<meta property=\"article:modified_time\" content=\"2022-02-09T10:06:59+00:00\" \/>\n<meta property=\"og:image\" content=\"https:\/\/www.organisator.ch\/wp-content\/uploads\/2016\/12\/Treibhausgase-unabhaengig-kontrollieren-umweltperspektiven.jpg\" \/>\n\t<meta property=\"og:image:width\" content=\"1000\" \/>\n\t<meta property=\"og:image:height\" content=\"670\" \/>\n\t<meta property=\"og:image:type\" content=\"image\/jpeg\" \/>\n<meta name=\"author\" content=\"admin\" \/>\n<meta name=\"twitter:card\" content=\"summary_large_image\" \/>\n<script type=\"application\/ld+json\" class=\"yoast-schema-graph\">{\"@context\":\"https:\\\/\\\/schema.org\",\"@graph\":[{\"@type\":\"Article\",\"@id\":\"https:\\\/\\\/www.organisator.ch\\\/sustainability\\\/2016-03-23\\\/treibhausgase-unabhaengig-kontrollieren\\\/#article\",\"isPartOf\":{\"@id\":\"https:\\\/\\\/www.organisator.ch\\\/sustainability\\\/2016-03-23\\\/treibhausgase-unabhaengig-kontrollieren\\\/\"},\"author\":{\"name\":\"admin\",\"@id\":\"https:\\\/\\\/www.organisator.ch\\\/#\\\/schema\\\/person\\\/aa2bace6c5c5aad60102004a50c4eb1c\"},\"headline\":\"Treibhausgase unabh\u00e4ngig kontrollieren\",\"datePublished\":\"2016-03-23T14:22:59+00:00\",\"dateModified\":\"2022-02-09T10:06:59+00:00\",\"mainEntityOfPage\":{\"@id\":\"https:\\\/\\\/www.organisator.ch\\\/sustainability\\\/2016-03-23\\\/treibhausgase-unabhaengig-kontrollieren\\\/\"},\"wordCount\":502,\"commentCount\":0,\"publisher\":{\"@id\":\"https:\\\/\\\/www.organisator.ch\\\/#organization\"},\"image\":{\"@id\":\"https:\\\/\\\/www.organisator.ch\\\/sustainability\\\/2016-03-23\\\/treibhausgase-unabhaengig-kontrollieren\\\/#primaryimage\"},\"thumbnailUrl\":\"https:\\\/\\\/www.organisator.ch\\\/wp-content\\\/uploads\\\/2016\\\/12\\\/Treibhausgase-unabhaengig-kontrollieren-umweltperspektiven.jpg\",\"keywords\":[\"CO2\",\"KLIMA\",\"Schweizerischer Nationalfonds\",\"Treibhausgas\"],\"articleSection\":[\"SUSTAINABILITY\"],\"inLanguage\":\"de\"},{\"@type\":\"WebPage\",\"@id\":\"https:\\\/\\\/www.organisator.ch\\\/sustainability\\\/2016-03-23\\\/treibhausgase-unabhaengig-kontrollieren\\\/\",\"url\":\"https:\\\/\\\/www.organisator.ch\\\/sustainability\\\/2016-03-23\\\/treibhausgase-unabhaengig-kontrollieren\\\/\",\"name\":\"Treibhausgase unabh\u00e4ngig kontrollieren - Organisator\",\"isPartOf\":{\"@id\":\"https:\\\/\\\/www.organisator.ch\\\/#website\"},\"primaryImageOfPage\":{\"@id\":\"https:\\\/\\\/www.organisator.ch\\\/sustainability\\\/2016-03-23\\\/treibhausgase-unabhaengig-kontrollieren\\\/#primaryimage\"},\"image\":{\"@id\":\"https:\\\/\\\/www.organisator.ch\\\/sustainability\\\/2016-03-23\\\/treibhausgase-unabhaengig-kontrollieren\\\/#primaryimage\"},\"thumbnailUrl\":\"https:\\\/\\\/www.organisator.ch\\\/wp-content\\\/uploads\\\/2016\\\/12\\\/Treibhausgase-unabhaengig-kontrollieren-umweltperspektiven.jpg\",\"datePublished\":\"2016-03-23T14:22:59+00:00\",\"dateModified\":\"2022-02-09T10:06:59+00:00\",\"description\":\"Vom Schweizerischen Nationalfonds gef\u00f6rderte Forschende haben eine Methode entwickelt, um Angaben der L\u00e4nder unabh\u00e4ngig zu \u00fcberpr\u00fcfen.\",\"breadcrumb\":{\"@id\":\"https:\\\/\\\/www.organisator.ch\\\/sustainability\\\/2016-03-23\\\/treibhausgase-unabhaengig-kontrollieren\\\/#breadcrumb\"},\"inLanguage\":\"de\",\"potentialAction\":[{\"@type\":\"ReadAction\",\"target\":[\"https:\\\/\\\/www.organisator.ch\\\/sustainability\\\/2016-03-23\\\/treibhausgase-unabhaengig-kontrollieren\\\/\"]}]},{\"@type\":\"ImageObject\",\"inLanguage\":\"de\",\"@id\":\"https:\\\/\\\/www.organisator.ch\\\/sustainability\\\/2016-03-23\\\/treibhausgase-unabhaengig-kontrollieren\\\/#primaryimage\",\"url\":\"https:\\\/\\\/www.organisator.ch\\\/wp-content\\\/uploads\\\/2016\\\/12\\\/Treibhausgase-unabhaengig-kontrollieren-umweltperspektiven.jpg\",\"contentUrl\":\"https:\\\/\\\/www.organisator.ch\\\/wp-content\\\/uploads\\\/2016\\\/12\\\/Treibhausgase-unabhaengig-kontrollieren-umweltperspektiven.jpg\",\"width\":1000,\"height\":670,\"caption\":\"Die Viehwirtschaft ist in der Schweiz f\u00fcr den gr\u00f6ssten Teil des Methanausstosses verantwortlich - auch wenn in einem etwas kleineren Masse als gesch\u00e4tzt.\"},{\"@type\":\"BreadcrumbList\",\"@id\":\"https:\\\/\\\/www.organisator.ch\\\/sustainability\\\/2016-03-23\\\/treibhausgase-unabhaengig-kontrollieren\\\/#breadcrumb\",\"itemListElement\":[{\"@type\":\"ListItem\",\"position\":1,\"name\":\"Home\",\"item\":\"https:\\\/\\\/www.organisator.ch\\\/\"},{\"@type\":\"ListItem\",\"position\":2,\"name\":\"Treibhausgase unabh\u00e4ngig kontrollieren\"}]},{\"@type\":\"WebSite\",\"@id\":\"https:\\\/\\\/www.organisator.ch\\\/#website\",\"url\":\"https:\\\/\\\/www.organisator.ch\\\/\",\"name\":\"Organisator\",\"description\":\"Kompetent. Praxisnah. Der ORGANISATOR bereitet in 10 Ausgaben pro Jahr die wesentlichen Themen f\u00fcr F\u00fchrungskr\u00e4fte von KMU auf.\",\"publisher\":{\"@id\":\"https:\\\/\\\/www.organisator.ch\\\/#organization\"},\"potentialAction\":[{\"@type\":\"SearchAction\",\"target\":{\"@type\":\"EntryPoint\",\"urlTemplate\":\"https:\\\/\\\/www.organisator.ch\\\/?s={search_term_string}\"},\"query-input\":{\"@type\":\"PropertyValueSpecification\",\"valueRequired\":true,\"valueName\":\"search_term_string\"}}],\"inLanguage\":\"de\"},{\"@type\":\"Organization\",\"@id\":\"https:\\\/\\\/www.organisator.ch\\\/#organization\",\"name\":\"Organisator\",\"url\":\"https:\\\/\\\/www.organisator.ch\\\/\",\"logo\":{\"@type\":\"ImageObject\",\"inLanguage\":\"de\",\"@id\":\"https:\\\/\\\/www.organisator.ch\\\/#\\\/schema\\\/logo\\\/image\\\/\",\"url\":\"https:\\\/\\\/www.organisator.ch\\\/wp-content\\\/uploads\\\/2022\\\/01\\\/Logo_Organisator_Website.png\",\"contentUrl\":\"https:\\\/\\\/www.organisator.ch\\\/wp-content\\\/uploads\\\/2022\\\/01\\\/Logo_Organisator_Website.png\",\"width\":800,\"height\":77,\"caption\":\"Organisator\"},\"image\":{\"@id\":\"https:\\\/\\\/www.organisator.ch\\\/#\\\/schema\\\/logo\\\/image\\\/\"},\"sameAs\":[\"https:\\\/\\\/www.facebook.com\\\/OrganisatorFachmagazin\",\"https:\\\/\\\/www.linkedin.com\\\/showcase\\\/organisator-das-magazin-fr-kmu\",\"https:\\\/\\\/www.xing.com\\\/news\\\/pages\\\/organisator-ch-695\",\"https:\\\/\\\/www.youtube.com\\\/channel\\\/UCGP2Sq0iWaZwT3BdIAQFYpw\"]},{\"@type\":\"Person\",\"@id\":\"https:\\\/\\\/www.organisator.ch\\\/#\\\/schema\\\/person\\\/aa2bace6c5c5aad60102004a50c4eb1c\",\"name\":\"admin\",\"image\":{\"@type\":\"ImageObject\",\"inLanguage\":\"de\",\"@id\":\"https:\\\/\\\/secure.gravatar.com\\\/avatar\\\/ae2f4d718e6c49043e314ce431e7e645d646302a24a5ef5a8bc8e3f5a032e319?s=96&d=mm&r=g\",\"url\":\"https:\\\/\\\/secure.gravatar.com\\\/avatar\\\/ae2f4d718e6c49043e314ce431e7e645d646302a24a5ef5a8bc8e3f5a032e319?s=96&d=mm&r=g\",\"contentUrl\":\"https:\\\/\\\/secure.gravatar.com\\\/avatar\\\/ae2f4d718e6c49043e314ce431e7e645d646302a24a5ef5a8bc8e3f5a032e319?s=96&d=mm&r=g\",\"caption\":\"admin\"},\"sameAs\":[\"https:\\\/\\\/www.organisator.ch\"],\"url\":\"https:\\\/\\\/www.organisator.ch\\\/de\\\/author\\\/admin\\\/\"}]}<\/script>\n<!-- \/ Yoast SEO plugin. -->","yoast_head_json":{"title":"Treibhausgase unabh\u00e4ngig kontrollieren - Organisator","description":"Vom Schweizerischen Nationalfonds gef\u00f6rderte Forschende haben eine Methode entwickelt, um Angaben der L\u00e4nder unabh\u00e4ngig zu \u00fcberpr\u00fcfen.","robots":{"index":"index","follow":"follow","max-snippet":"max-snippet:-1","max-image-preview":"max-image-preview:large","max-video-preview":"max-video-preview:-1"},"canonical":"https:\/\/www.organisator.ch\/de\/sustainability\/2016-03-23\/treibhausgase-unabhaengig-kontrollieren\/","og_locale":"de_DE","og_type":"article","og_title":"Treibhausgase unabh\u00e4ngig kontrollieren - Organisator","og_description":"Vom Schweizerischen Nationalfonds gef\u00f6rderte Forschende haben eine Methode entwickelt, um Angaben der L\u00e4nder unabh\u00e4ngig zu \u00fcberpr\u00fcfen.","og_url":"https:\/\/www.organisator.ch\/de\/sustainability\/2016-03-23\/treibhausgase-unabhaengig-kontrollieren\/","og_site_name":"Organisator","article_publisher":"https:\/\/www.facebook.com\/OrganisatorFachmagazin","article_published_time":"2016-03-23T14:22:59+00:00","article_modified_time":"2022-02-09T10:06:59+00:00","og_image":[{"width":1000,"height":670,"url":"https:\/\/www.organisator.ch\/wp-content\/uploads\/2016\/12\/Treibhausgase-unabhaengig-kontrollieren-umweltperspektiven.jpg","type":"image\/jpeg"}],"author":"admin","twitter_card":"summary_large_image","schema":{"@context":"https:\/\/schema.org","@graph":[{"@type":"Article","@id":"https:\/\/www.organisator.ch\/sustainability\/2016-03-23\/treibhausgase-unabhaengig-kontrollieren\/#article","isPartOf":{"@id":"https:\/\/www.organisator.ch\/sustainability\/2016-03-23\/treibhausgase-unabhaengig-kontrollieren\/"},"author":{"name":"admin","@id":"https:\/\/www.organisator.ch\/#\/schema\/person\/aa2bace6c5c5aad60102004a50c4eb1c"},"headline":"Treibhausgase unabh\u00e4ngig kontrollieren","datePublished":"2016-03-23T14:22:59+00:00","dateModified":"2022-02-09T10:06:59+00:00","mainEntityOfPage":{"@id":"https:\/\/www.organisator.ch\/sustainability\/2016-03-23\/treibhausgase-unabhaengig-kontrollieren\/"},"wordCount":502,"commentCount":0,"publisher":{"@id":"https:\/\/www.organisator.ch\/#organization"},"image":{"@id":"https:\/\/www.organisator.ch\/sustainability\/2016-03-23\/treibhausgase-unabhaengig-kontrollieren\/#primaryimage"},"thumbnailUrl":"https:\/\/www.organisator.ch\/wp-content\/uploads\/2016\/12\/Treibhausgase-unabhaengig-kontrollieren-umweltperspektiven.jpg","keywords":["CO2","KLIMA","Schweizerischer Nationalfonds","Treibhausgas"],"articleSection":["SUSTAINABILITY"],"inLanguage":"de"},{"@type":"WebPage","@id":"https:\/\/www.organisator.ch\/sustainability\/2016-03-23\/treibhausgase-unabhaengig-kontrollieren\/","url":"https:\/\/www.organisator.ch\/sustainability\/2016-03-23\/treibhausgase-unabhaengig-kontrollieren\/","name":"Treibhausgase unabh\u00e4ngig kontrollieren - Organisator","isPartOf":{"@id":"https:\/\/www.organisator.ch\/#website"},"primaryImageOfPage":{"@id":"https:\/\/www.organisator.ch\/sustainability\/2016-03-23\/treibhausgase-unabhaengig-kontrollieren\/#primaryimage"},"image":{"@id":"https:\/\/www.organisator.ch\/sustainability\/2016-03-23\/treibhausgase-unabhaengig-kontrollieren\/#primaryimage"},"thumbnailUrl":"https:\/\/www.organisator.ch\/wp-content\/uploads\/2016\/12\/Treibhausgase-unabhaengig-kontrollieren-umweltperspektiven.jpg","datePublished":"2016-03-23T14:22:59+00:00","dateModified":"2022-02-09T10:06:59+00:00","description":"Vom Schweizerischen Nationalfonds gef\u00f6rderte Forschende haben eine Methode entwickelt, um Angaben der L\u00e4nder unabh\u00e4ngig zu \u00fcberpr\u00fcfen.","breadcrumb":{"@id":"https:\/\/www.organisator.ch\/sustainability\/2016-03-23\/treibhausgase-unabhaengig-kontrollieren\/#breadcrumb"},"inLanguage":"de","potentialAction":[{"@type":"ReadAction","target":["https:\/\/www.organisator.ch\/sustainability\/2016-03-23\/treibhausgase-unabhaengig-kontrollieren\/"]}]},{"@type":"ImageObject","inLanguage":"de","@id":"https:\/\/www.organisator.ch\/sustainability\/2016-03-23\/treibhausgase-unabhaengig-kontrollieren\/#primaryimage","url":"https:\/\/www.organisator.ch\/wp-content\/uploads\/2016\/12\/Treibhausgase-unabhaengig-kontrollieren-umweltperspektiven.jpg","contentUrl":"https:\/\/www.organisator.ch\/wp-content\/uploads\/2016\/12\/Treibhausgase-unabhaengig-kontrollieren-umweltperspektiven.jpg","width":1000,"height":670,"caption":"Die Viehwirtschaft ist in der Schweiz f\u00fcr den gr\u00f6ssten Teil des Methanausstosses verantwortlich - auch wenn in einem etwas kleineren Masse als gesch\u00e4tzt."},{"@type":"BreadcrumbList","@id":"https:\/\/www.organisator.ch\/sustainability\/2016-03-23\/treibhausgase-unabhaengig-kontrollieren\/#breadcrumb","itemListElement":[{"@type":"ListItem","position":1,"name":"Home","item":"https:\/\/www.organisator.ch\/"},{"@type":"ListItem","position":2,"name":"Treibhausgase unabh\u00e4ngig kontrollieren"}]},{"@type":"WebSite","@id":"https:\/\/www.organisator.ch\/#website","url":"https:\/\/www.organisator.ch\/","name":"Organisator","description":"Kompetent. Praxisnah. Der ORGANISATOR bereitet in 10 Ausgaben pro Jahr die wesentlichen Themen f\u00fcr F\u00fchrungskr\u00e4fte von KMU auf.","publisher":{"@id":"https:\/\/www.organisator.ch\/#organization"},"potentialAction":[{"@type":"SearchAction","target":{"@type":"EntryPoint","urlTemplate":"https:\/\/www.organisator.ch\/?s={search_term_string}"},"query-input":{"@type":"PropertyValueSpecification","valueRequired":true,"valueName":"search_term_string"}}],"inLanguage":"de"},{"@type":"Organization","@id":"https:\/\/www.organisator.ch\/#organization","name":"Organisator","url":"https:\/\/www.organisator.ch\/","logo":{"@type":"ImageObject","inLanguage":"de","@id":"https:\/\/www.organisator.ch\/#\/schema\/logo\/image\/","url":"https:\/\/www.organisator.ch\/wp-content\/uploads\/2022\/01\/Logo_Organisator_Website.png","contentUrl":"https:\/\/www.organisator.ch\/wp-content\/uploads\/2022\/01\/Logo_Organisator_Website.png","width":800,"height":77,"caption":"Organisator"},"image":{"@id":"https:\/\/www.organisator.ch\/#\/schema\/logo\/image\/"},"sameAs":["https:\/\/www.facebook.com\/OrganisatorFachmagazin","https:\/\/www.linkedin.com\/showcase\/organisator-das-magazin-fr-kmu","https:\/\/www.xing.com\/news\/pages\/organisator-ch-695","https:\/\/www.youtube.com\/channel\/UCGP2Sq0iWaZwT3BdIAQFYpw"]},{"@type":"Person","@id":"https:\/\/www.organisator.ch\/#\/schema\/person\/aa2bace6c5c5aad60102004a50c4eb1c","name":"admin","image":{"@type":"ImageObject","inLanguage":"de","@id":"https:\/\/secure.gravatar.com\/avatar\/ae2f4d718e6c49043e314ce431e7e645d646302a24a5ef5a8bc8e3f5a032e319?s=96&d=mm&r=g","url":"https:\/\/secure.gravatar.com\/avatar\/ae2f4d718e6c49043e314ce431e7e645d646302a24a5ef5a8bc8e3f5a032e319?s=96&d=mm&r=g","contentUrl":"https:\/\/secure.gravatar.com\/avatar\/ae2f4d718e6c49043e314ce431e7e645d646302a24a5ef5a8bc8e3f5a032e319?s=96&d=mm&r=g","caption":"admin"},"sameAs":["https:\/\/www.organisator.ch"],"url":"https:\/\/www.organisator.ch\/de\/author\/admin\/"}]}},"_links":{"self":[{"href":"https:\/\/www.organisator.ch\/de\/wp-json\/wp\/v2\/posts\/9928","targetHints":{"allow":["GET"]}}],"collection":[{"href":"https:\/\/www.organisator.ch\/de\/wp-json\/wp\/v2\/posts"}],"about":[{"href":"https:\/\/www.organisator.ch\/de\/wp-json\/wp\/v2\/types\/post"}],"author":[{"embeddable":true,"href":"https:\/\/www.organisator.ch\/de\/wp-json\/wp\/v2\/users\/1"}],"replies":[{"embeddable":true,"href":"https:\/\/www.organisator.ch\/de\/wp-json\/wp\/v2\/comments?post=9928"}],"version-history":[{"count":1,"href":"https:\/\/www.organisator.ch\/de\/wp-json\/wp\/v2\/posts\/9928\/revisions"}],"predecessor-version":[{"id":10758,"href":"https:\/\/www.organisator.ch\/de\/wp-json\/wp\/v2\/posts\/9928\/revisions\/10758"}],"wp:featuredmedia":[{"embeddable":true,"href":"https:\/\/www.organisator.ch\/de\/wp-json\/wp\/v2\/media\/9362"}],"wp:attachment":[{"href":"https:\/\/www.organisator.ch\/de\/wp-json\/wp\/v2\/media?parent=9928"}],"wp:term":[{"taxonomy":"category","embeddable":true,"href":"https:\/\/www.organisator.ch\/de\/wp-json\/wp\/v2\/categories?post=9928"},{"taxonomy":"post_tag","embeddable":true,"href":"https:\/\/www.organisator.ch\/de\/wp-json\/wp\/v2\/tags?post=9928"}],"curies":[{"name":"wp","href":"https:\/\/api.w.org\/{rel}","templated":true}]}}