{"id":9930,"date":"2016-03-27T15:31:51","date_gmt":"2016-03-27T13:31:51","guid":{"rendered":"https:\/\/dev.umweltperspektiven.ch\/?p=294"},"modified":"2022-02-09T11:10:14","modified_gmt":"2022-02-09T10:10:14","slug":"bfe-studie-energieverbrauch-zertifizierter-gebaeude-oft-zu-hoch","status":"publish","type":"post","link":"https:\/\/www.organisator.ch\/de\/sustainability\/2016-03-27\/bfe-studie-energieverbrauch-zertifizierter-gebaeude-oft-zu-hoch\/","title":{"rendered":"BFE-Studie: Energieverbrauch zertifizierter Geb\u00e4ude oft zu hoch"},"content":{"rendered":"<figure id=\"attachment_295\" aria-describedby=\"caption-attachment-295\" style=\"width: 680px\" class=\"wp-caption alignnone\"><a href=\"\/\/dev.umweltperspektiven.ch\/wp-content\/uploads\/2016\/12\/BFE-Studie-Energieverbrauch-zertifizierter-Geb\u00e4ude-oft-zu-hoch-umweltperspektiven.jpg\"><img loading=\"lazy\" decoding=\"async\" class=\"size-medium wp-image-295\" src=\"\/\/dev.umweltperspektiven.ch\/wp-content\/uploads\/2016\/12\/BFE-Studie-Energieverbrauch-zertifizierter-Geb\u00e4ude-oft-zu-hoch-umweltperspektiven.jpg\" alt=\"Bei bei neuen und umgebauten Mehrfamilienh\u00e4usern werden die Planungswerte mehrheitlich nicht eingehalten.\" width=\"680\" height=\"510\" \/><\/a><figcaption id=\"caption-attachment-295\" class=\"wp-caption-text\">Bei bei neuen und umgebauten Mehrfamilienh\u00e4usern werden die Planungswerte mehrheitlich nicht eingehalten.<\/figcaption><\/figure>\n<p>Das Bundesamt f\u00fcr Energie (BFE) f\u00fchrte erstmals eine breit angelegte Erfolgskontrolle zum Bauen mit Minergie und gesetzlichen Baustandards durch. Die nun vorliegende Studie ermittelte den tats\u00e4chlichen Energieverbrauch von rund 200 unterschiedlichen Geb\u00e4uden. Ergebnis: Die Planungswerte stimmen nur teilweise mit den Energieverbrauchswerten in der Praxis \u00fcberein. Besonders auff\u00e4llig ist diese Diskrepanz bei neuen oder umgebauten Mehrfamilienh\u00e4usern.<\/p>\n<p>Ziel der BFE-Studie war es zu pr\u00fcfen, inwiefern die Planungswerte mit den tats\u00e4chlichen, gemessenen Energieverbrauchswerten \u00fcbereinstimmen. Untersucht wurde der j\u00e4hrliche Energieverbrauch im Verh\u00e4ltnis zur Energiebezugsfl\u00e4che von 214 Objekten, die nach Minergie, Minergie A und Minergie P oder gesetzlichen Baustandards gebaut oder saniert wurden. Die Planungswerte wurden bei Einfamilienh\u00e4usern und Umbauten, je nach Geb\u00e4udekategorie und Standard, im Betrieb unterschiedlich gut eingehalten. Mehrheitlich nicht eingehalten wurden sie bei neuen und umgebauten Mehrfamilienh\u00e4usern.<\/p>\n<p>Als m\u00f6gliche Gr\u00fcnde f\u00fcr die zahlreichen \u00dcberschreitungen der Planungswerte werden von den Studienautoren Funktions- und Einstellungsprobleme sowie ein tiefer Wirkungsgrad der Heizung genannt. In einzelnen Geb\u00e4ude wurde hingegen weniger Energie verbraucht als die Planungswerte vorsahen. Die grossen Abweichungen der Planungswerte von tats\u00e4chlichen Energieverbrauch sind somit auch stark auf das Verhalten der Geb\u00e4udenutzer zur\u00fcckzuf\u00fchren.<\/p>\n<p><strong>Grosse Zufriedenheit<\/strong><br \/>\nDie Studie untersuchte zudem qualitative Aspekte von Minergie: Die Zufriedenheit der Bauherrschaften, die nach Minergie bauen, ist gross, wie eine Online-Umfrage bei Architekten und Bauherrschaften zeigt. Knapp vier von f\u00fcnf Bauherrschaften w\u00fcrden auch heute wieder nach dem gleichen Minergie-Standard bauen. Laut der Umfrage dient das Qualit\u00e4tslabel Minergie als Verkaufsargument. Gespr\u00e4che mit 50 Experten haben allerdings gezeigt, dass Minergie-Geb\u00e4udestandards an Vorsprung eingeb\u00fcsst haben, weil auch beim konventionellen Bauen technologische Fortschritte erzielt wurden &#8211; nicht zuletzt dank Minergie.<\/p>\n<p>Nutzende von Minergie-Liegenschaften zeigten sich in einer weiteren Online-Umfrage als zufrieden, was Schallschutz, Schutz vor Zugluft und Schutz vor Kochger\u00fcchen betrifft, aber empfanden die Luft in ihren R\u00e4umen im Winter h\u00e4ufig als zu trocken. Das Zusammenspiel von Energieeffizienz und Nutzerbed\u00fcrfnissen ist noch genauer zu analysieren.<\/p>\n<p>Aufgrund der Resultate will EnergieSchweiz gemeinsam mit der dem Schweizerischen Ingenieur- und Architektenverein (SIA), den Geb\u00e4udetechnikverb\u00e4nden und weiteren Marktakteuren den Bereich Betriebsoptimierung weiterentwickeln und unterst\u00fctzen.<\/p>\n<p><a href=\"http:\/\/www.news.admin.ch\/NSBSubscriber\/message\/attachments\/43458.pdf\" target=\"_blank\" data-cke-saved-href=\"\/\/www.news.admin.ch\/NSBSubscriber\/message\/attachments\/43458.pdf\" rel=\"noopener\">Zum Download der\u00a0Studie<\/a>.<\/p>\n<p>(BFE)<\/p>\n","protected":false},"excerpt":{"rendered":"<p>Das Bundesamt f\u00fcr Energie (BFE) f\u00fchrte erstmals eine breit angelegte Erfolgskontrolle zum Bauen mit Minergie und gesetzlichen Baustandards durch. Die nun vorliegende Studie ermittelte den tats\u00e4chlichen Energieverbrauch von rund 200 unterschiedlichen Geb\u00e4uden. Ergebnis: Die Planungswerte stimmen nur teilweise mit den Energieverbrauchswerten in der Praxis \u00fcberein. Besonders auff\u00e4llig ist diese Diskrepanz bei neuen oder umgebauten Mehrfamilienh\u00e4usern. [&hellip;]<\/p>\n","protected":false},"author":1,"featured_media":9366,"comment_status":"open","ping_status":"open","sticky":false,"template":"","format":"standard","meta":{"_acf_changed":false,"_yoast_wpseo_focuskw":"Energieverbrauch","_yoast_wpseo_metadesc":"Planungswerte nach Minergie und gesetzlichen Baustandards werden bei zertifizierten Geb\u00e4uden in der Realit\u00e4t oft \u00fcbertroffen.","articlekey":"","footnotes":""},"categories":[580],"tags":[807,1066,1091,1250,1719],"class_list":["post-9930","post","type-post","status-publish","format-standard","has-post-thumbnail","hentry","category-sustainability","tag-bfe","tag-energieeffizienz","tag-energieverbrauch","tag-gebaeudelabel","tag-minergie"],"acf":[],"yoast_head":"<!-- This site is optimized with the Yoast SEO plugin v27.4 - https:\/\/yoast.com\/product\/yoast-seo-wordpress\/ -->\n<title>BFE-Studie: Energieverbrauch zertifizierter Geb\u00e4ude oft zu hoch - Organisator<\/title>\n<meta name=\"description\" content=\"Planungswerte nach Minergie und gesetzlichen Baustandards werden bei zertifizierten Geb\u00e4uden in der Realit\u00e4t oft \u00fcbertroffen.\" \/>\n<meta name=\"robots\" content=\"index, follow, max-snippet:-1, max-image-preview:large, max-video-preview:-1\" \/>\n<link rel=\"canonical\" href=\"https:\/\/www.organisator.ch\/de\/sustainability\/2016-03-27\/bfe-studie-energieverbrauch-zertifizierter-gebaeude-oft-zu-hoch\/\" \/>\n<meta property=\"og:locale\" content=\"de_DE\" \/>\n<meta property=\"og:type\" content=\"article\" \/>\n<meta property=\"og:title\" content=\"BFE-Studie: Energieverbrauch zertifizierter Geb\u00e4ude oft zu hoch - Organisator\" \/>\n<meta property=\"og:description\" content=\"Planungswerte nach Minergie und gesetzlichen Baustandards werden bei zertifizierten Geb\u00e4uden in der Realit\u00e4t oft \u00fcbertroffen.\" \/>\n<meta property=\"og:url\" content=\"https:\/\/www.organisator.ch\/de\/sustainability\/2016-03-27\/bfe-studie-energieverbrauch-zertifizierter-gebaeude-oft-zu-hoch\/\" \/>\n<meta property=\"og:site_name\" content=\"Organisator\" \/>\n<meta property=\"article:publisher\" content=\"https:\/\/www.facebook.com\/OrganisatorFachmagazin\" \/>\n<meta property=\"article:published_time\" content=\"2016-03-27T13:31:51+00:00\" \/>\n<meta property=\"article:modified_time\" content=\"2022-02-09T10:10:14+00:00\" \/>\n<meta property=\"og:image\" content=\"https:\/\/www.organisator.ch\/wp-content\/uploads\/2016\/12\/BFE-Studie-Energieverbrauch-zertifizierter-Gebaeude-oft-zu-hoch-umweltperspektiven.jpg\" \/>\n\t<meta property=\"og:image:width\" content=\"1000\" \/>\n\t<meta property=\"og:image:height\" content=\"750\" \/>\n\t<meta property=\"og:image:type\" content=\"image\/jpeg\" \/>\n<meta name=\"author\" content=\"admin\" \/>\n<meta name=\"twitter:card\" content=\"summary_large_image\" \/>\n<script type=\"application\/ld+json\" class=\"yoast-schema-graph\">{\"@context\":\"https:\\\/\\\/schema.org\",\"@graph\":[{\"@type\":\"Article\",\"@id\":\"https:\\\/\\\/www.organisator.ch\\\/sustainability\\\/2016-03-27\\\/bfe-studie-energieverbrauch-zertifizierter-gebaeude-oft-zu-hoch\\\/#article\",\"isPartOf\":{\"@id\":\"https:\\\/\\\/www.organisator.ch\\\/sustainability\\\/2016-03-27\\\/bfe-studie-energieverbrauch-zertifizierter-gebaeude-oft-zu-hoch\\\/\"},\"author\":{\"name\":\"admin\",\"@id\":\"https:\\\/\\\/www.organisator.ch\\\/#\\\/schema\\\/person\\\/aa2bace6c5c5aad60102004a50c4eb1c\"},\"headline\":\"BFE-Studie: Energieverbrauch zertifizierter Geb\u00e4ude oft zu hoch\",\"datePublished\":\"2016-03-27T13:31:51+00:00\",\"dateModified\":\"2022-02-09T10:10:14+00:00\",\"mainEntityOfPage\":{\"@id\":\"https:\\\/\\\/www.organisator.ch\\\/sustainability\\\/2016-03-27\\\/bfe-studie-energieverbrauch-zertifizierter-gebaeude-oft-zu-hoch\\\/\"},\"wordCount\":391,\"commentCount\":0,\"publisher\":{\"@id\":\"https:\\\/\\\/www.organisator.ch\\\/#organization\"},\"image\":{\"@id\":\"https:\\\/\\\/www.organisator.ch\\\/sustainability\\\/2016-03-27\\\/bfe-studie-energieverbrauch-zertifizierter-gebaeude-oft-zu-hoch\\\/#primaryimage\"},\"thumbnailUrl\":\"https:\\\/\\\/www.organisator.ch\\\/wp-content\\\/uploads\\\/2016\\\/12\\\/BFE-Studie-Energieverbrauch-zertifizierter-Gebaeude-oft-zu-hoch-umweltperspektiven.jpg\",\"keywords\":[\"BFE\",\"Energieeffizienz\",\"Energieverbrauch\",\"Geb\u00e4udelabel\",\"Minergie\"],\"articleSection\":[\"SUSTAINABILITY\"],\"inLanguage\":\"de\"},{\"@type\":\"WebPage\",\"@id\":\"https:\\\/\\\/www.organisator.ch\\\/sustainability\\\/2016-03-27\\\/bfe-studie-energieverbrauch-zertifizierter-gebaeude-oft-zu-hoch\\\/\",\"url\":\"https:\\\/\\\/www.organisator.ch\\\/sustainability\\\/2016-03-27\\\/bfe-studie-energieverbrauch-zertifizierter-gebaeude-oft-zu-hoch\\\/\",\"name\":\"BFE-Studie: Energieverbrauch zertifizierter Geb\u00e4ude oft zu hoch - Organisator\",\"isPartOf\":{\"@id\":\"https:\\\/\\\/www.organisator.ch\\\/#website\"},\"primaryImageOfPage\":{\"@id\":\"https:\\\/\\\/www.organisator.ch\\\/sustainability\\\/2016-03-27\\\/bfe-studie-energieverbrauch-zertifizierter-gebaeude-oft-zu-hoch\\\/#primaryimage\"},\"image\":{\"@id\":\"https:\\\/\\\/www.organisator.ch\\\/sustainability\\\/2016-03-27\\\/bfe-studie-energieverbrauch-zertifizierter-gebaeude-oft-zu-hoch\\\/#primaryimage\"},\"thumbnailUrl\":\"https:\\\/\\\/www.organisator.ch\\\/wp-content\\\/uploads\\\/2016\\\/12\\\/BFE-Studie-Energieverbrauch-zertifizierter-Gebaeude-oft-zu-hoch-umweltperspektiven.jpg\",\"datePublished\":\"2016-03-27T13:31:51+00:00\",\"dateModified\":\"2022-02-09T10:10:14+00:00\",\"description\":\"Planungswerte nach Minergie und gesetzlichen Baustandards werden bei zertifizierten Geb\u00e4uden in der Realit\u00e4t oft \u00fcbertroffen.\",\"breadcrumb\":{\"@id\":\"https:\\\/\\\/www.organisator.ch\\\/sustainability\\\/2016-03-27\\\/bfe-studie-energieverbrauch-zertifizierter-gebaeude-oft-zu-hoch\\\/#breadcrumb\"},\"inLanguage\":\"de\",\"potentialAction\":[{\"@type\":\"ReadAction\",\"target\":[\"https:\\\/\\\/www.organisator.ch\\\/sustainability\\\/2016-03-27\\\/bfe-studie-energieverbrauch-zertifizierter-gebaeude-oft-zu-hoch\\\/\"]}]},{\"@type\":\"ImageObject\",\"inLanguage\":\"de\",\"@id\":\"https:\\\/\\\/www.organisator.ch\\\/sustainability\\\/2016-03-27\\\/bfe-studie-energieverbrauch-zertifizierter-gebaeude-oft-zu-hoch\\\/#primaryimage\",\"url\":\"https:\\\/\\\/www.organisator.ch\\\/wp-content\\\/uploads\\\/2016\\\/12\\\/BFE-Studie-Energieverbrauch-zertifizierter-Gebaeude-oft-zu-hoch-umweltperspektiven.jpg\",\"contentUrl\":\"https:\\\/\\\/www.organisator.ch\\\/wp-content\\\/uploads\\\/2016\\\/12\\\/BFE-Studie-Energieverbrauch-zertifizierter-Gebaeude-oft-zu-hoch-umweltperspektiven.jpg\",\"width\":1000,\"height\":750,\"caption\":\"Bei bei neuen und umgebauten Mehrfamilienh\u00e4usern werden die Planungswerte mehrheitlich nicht eingehalten.\"},{\"@type\":\"BreadcrumbList\",\"@id\":\"https:\\\/\\\/www.organisator.ch\\\/sustainability\\\/2016-03-27\\\/bfe-studie-energieverbrauch-zertifizierter-gebaeude-oft-zu-hoch\\\/#breadcrumb\",\"itemListElement\":[{\"@type\":\"ListItem\",\"position\":1,\"name\":\"Home\",\"item\":\"https:\\\/\\\/www.organisator.ch\\\/\"},{\"@type\":\"ListItem\",\"position\":2,\"name\":\"BFE-Studie: Energieverbrauch zertifizierter Geb\u00e4ude oft zu hoch\"}]},{\"@type\":\"WebSite\",\"@id\":\"https:\\\/\\\/www.organisator.ch\\\/#website\",\"url\":\"https:\\\/\\\/www.organisator.ch\\\/\",\"name\":\"Organisator\",\"description\":\"Kompetent. Praxisnah. Der ORGANISATOR bereitet in 10 Ausgaben pro Jahr die wesentlichen Themen f\u00fcr F\u00fchrungskr\u00e4fte von KMU auf.\",\"publisher\":{\"@id\":\"https:\\\/\\\/www.organisator.ch\\\/#organization\"},\"potentialAction\":[{\"@type\":\"SearchAction\",\"target\":{\"@type\":\"EntryPoint\",\"urlTemplate\":\"https:\\\/\\\/www.organisator.ch\\\/?s={search_term_string}\"},\"query-input\":{\"@type\":\"PropertyValueSpecification\",\"valueRequired\":true,\"valueName\":\"search_term_string\"}}],\"inLanguage\":\"de\"},{\"@type\":\"Organization\",\"@id\":\"https:\\\/\\\/www.organisator.ch\\\/#organization\",\"name\":\"Organisator\",\"url\":\"https:\\\/\\\/www.organisator.ch\\\/\",\"logo\":{\"@type\":\"ImageObject\",\"inLanguage\":\"de\",\"@id\":\"https:\\\/\\\/www.organisator.ch\\\/#\\\/schema\\\/logo\\\/image\\\/\",\"url\":\"https:\\\/\\\/www.organisator.ch\\\/wp-content\\\/uploads\\\/2022\\\/01\\\/Logo_Organisator_Website.png\",\"contentUrl\":\"https:\\\/\\\/www.organisator.ch\\\/wp-content\\\/uploads\\\/2022\\\/01\\\/Logo_Organisator_Website.png\",\"width\":800,\"height\":77,\"caption\":\"Organisator\"},\"image\":{\"@id\":\"https:\\\/\\\/www.organisator.ch\\\/#\\\/schema\\\/logo\\\/image\\\/\"},\"sameAs\":[\"https:\\\/\\\/www.facebook.com\\\/OrganisatorFachmagazin\",\"https:\\\/\\\/www.linkedin.com\\\/showcase\\\/organisator-das-magazin-fr-kmu\",\"https:\\\/\\\/www.xing.com\\\/news\\\/pages\\\/organisator-ch-695\",\"https:\\\/\\\/www.youtube.com\\\/channel\\\/UCGP2Sq0iWaZwT3BdIAQFYpw\"]},{\"@type\":\"Person\",\"@id\":\"https:\\\/\\\/www.organisator.ch\\\/#\\\/schema\\\/person\\\/aa2bace6c5c5aad60102004a50c4eb1c\",\"name\":\"admin\",\"image\":{\"@type\":\"ImageObject\",\"inLanguage\":\"de\",\"@id\":\"https:\\\/\\\/secure.gravatar.com\\\/avatar\\\/ae2f4d718e6c49043e314ce431e7e645d646302a24a5ef5a8bc8e3f5a032e319?s=96&d=mm&r=g\",\"url\":\"https:\\\/\\\/secure.gravatar.com\\\/avatar\\\/ae2f4d718e6c49043e314ce431e7e645d646302a24a5ef5a8bc8e3f5a032e319?s=96&d=mm&r=g\",\"contentUrl\":\"https:\\\/\\\/secure.gravatar.com\\\/avatar\\\/ae2f4d718e6c49043e314ce431e7e645d646302a24a5ef5a8bc8e3f5a032e319?s=96&d=mm&r=g\",\"caption\":\"admin\"},\"sameAs\":[\"https:\\\/\\\/www.organisator.ch\"],\"url\":\"https:\\\/\\\/www.organisator.ch\\\/de\\\/author\\\/admin\\\/\"}]}<\/script>\n<!-- \/ Yoast SEO plugin. -->","yoast_head_json":{"title":"BFE-Studie: Energieverbrauch zertifizierter Geb\u00e4ude oft zu hoch - Organisator","description":"Planungswerte nach Minergie und gesetzlichen Baustandards werden bei zertifizierten Geb\u00e4uden in der Realit\u00e4t oft \u00fcbertroffen.","robots":{"index":"index","follow":"follow","max-snippet":"max-snippet:-1","max-image-preview":"max-image-preview:large","max-video-preview":"max-video-preview:-1"},"canonical":"https:\/\/www.organisator.ch\/de\/sustainability\/2016-03-27\/bfe-studie-energieverbrauch-zertifizierter-gebaeude-oft-zu-hoch\/","og_locale":"de_DE","og_type":"article","og_title":"BFE-Studie: Energieverbrauch zertifizierter Geb\u00e4ude oft zu hoch - Organisator","og_description":"Planungswerte nach Minergie und gesetzlichen Baustandards werden bei zertifizierten Geb\u00e4uden in der Realit\u00e4t oft \u00fcbertroffen.","og_url":"https:\/\/www.organisator.ch\/de\/sustainability\/2016-03-27\/bfe-studie-energieverbrauch-zertifizierter-gebaeude-oft-zu-hoch\/","og_site_name":"Organisator","article_publisher":"https:\/\/www.facebook.com\/OrganisatorFachmagazin","article_published_time":"2016-03-27T13:31:51+00:00","article_modified_time":"2022-02-09T10:10:14+00:00","og_image":[{"width":1000,"height":750,"url":"https:\/\/www.organisator.ch\/wp-content\/uploads\/2016\/12\/BFE-Studie-Energieverbrauch-zertifizierter-Gebaeude-oft-zu-hoch-umweltperspektiven.jpg","type":"image\/jpeg"}],"author":"admin","twitter_card":"summary_large_image","schema":{"@context":"https:\/\/schema.org","@graph":[{"@type":"Article","@id":"https:\/\/www.organisator.ch\/sustainability\/2016-03-27\/bfe-studie-energieverbrauch-zertifizierter-gebaeude-oft-zu-hoch\/#article","isPartOf":{"@id":"https:\/\/www.organisator.ch\/sustainability\/2016-03-27\/bfe-studie-energieverbrauch-zertifizierter-gebaeude-oft-zu-hoch\/"},"author":{"name":"admin","@id":"https:\/\/www.organisator.ch\/#\/schema\/person\/aa2bace6c5c5aad60102004a50c4eb1c"},"headline":"BFE-Studie: Energieverbrauch zertifizierter Geb\u00e4ude oft zu hoch","datePublished":"2016-03-27T13:31:51+00:00","dateModified":"2022-02-09T10:10:14+00:00","mainEntityOfPage":{"@id":"https:\/\/www.organisator.ch\/sustainability\/2016-03-27\/bfe-studie-energieverbrauch-zertifizierter-gebaeude-oft-zu-hoch\/"},"wordCount":391,"commentCount":0,"publisher":{"@id":"https:\/\/www.organisator.ch\/#organization"},"image":{"@id":"https:\/\/www.organisator.ch\/sustainability\/2016-03-27\/bfe-studie-energieverbrauch-zertifizierter-gebaeude-oft-zu-hoch\/#primaryimage"},"thumbnailUrl":"https:\/\/www.organisator.ch\/wp-content\/uploads\/2016\/12\/BFE-Studie-Energieverbrauch-zertifizierter-Gebaeude-oft-zu-hoch-umweltperspektiven.jpg","keywords":["BFE","Energieeffizienz","Energieverbrauch","Geb\u00e4udelabel","Minergie"],"articleSection":["SUSTAINABILITY"],"inLanguage":"de"},{"@type":"WebPage","@id":"https:\/\/www.organisator.ch\/sustainability\/2016-03-27\/bfe-studie-energieverbrauch-zertifizierter-gebaeude-oft-zu-hoch\/","url":"https:\/\/www.organisator.ch\/sustainability\/2016-03-27\/bfe-studie-energieverbrauch-zertifizierter-gebaeude-oft-zu-hoch\/","name":"BFE-Studie: Energieverbrauch zertifizierter Geb\u00e4ude oft zu hoch - Organisator","isPartOf":{"@id":"https:\/\/www.organisator.ch\/#website"},"primaryImageOfPage":{"@id":"https:\/\/www.organisator.ch\/sustainability\/2016-03-27\/bfe-studie-energieverbrauch-zertifizierter-gebaeude-oft-zu-hoch\/#primaryimage"},"image":{"@id":"https:\/\/www.organisator.ch\/sustainability\/2016-03-27\/bfe-studie-energieverbrauch-zertifizierter-gebaeude-oft-zu-hoch\/#primaryimage"},"thumbnailUrl":"https:\/\/www.organisator.ch\/wp-content\/uploads\/2016\/12\/BFE-Studie-Energieverbrauch-zertifizierter-Gebaeude-oft-zu-hoch-umweltperspektiven.jpg","datePublished":"2016-03-27T13:31:51+00:00","dateModified":"2022-02-09T10:10:14+00:00","description":"Planungswerte nach Minergie und gesetzlichen Baustandards werden bei zertifizierten Geb\u00e4uden in der Realit\u00e4t oft \u00fcbertroffen.","breadcrumb":{"@id":"https:\/\/www.organisator.ch\/sustainability\/2016-03-27\/bfe-studie-energieverbrauch-zertifizierter-gebaeude-oft-zu-hoch\/#breadcrumb"},"inLanguage":"de","potentialAction":[{"@type":"ReadAction","target":["https:\/\/www.organisator.ch\/sustainability\/2016-03-27\/bfe-studie-energieverbrauch-zertifizierter-gebaeude-oft-zu-hoch\/"]}]},{"@type":"ImageObject","inLanguage":"de","@id":"https:\/\/www.organisator.ch\/sustainability\/2016-03-27\/bfe-studie-energieverbrauch-zertifizierter-gebaeude-oft-zu-hoch\/#primaryimage","url":"https:\/\/www.organisator.ch\/wp-content\/uploads\/2016\/12\/BFE-Studie-Energieverbrauch-zertifizierter-Gebaeude-oft-zu-hoch-umweltperspektiven.jpg","contentUrl":"https:\/\/www.organisator.ch\/wp-content\/uploads\/2016\/12\/BFE-Studie-Energieverbrauch-zertifizierter-Gebaeude-oft-zu-hoch-umweltperspektiven.jpg","width":1000,"height":750,"caption":"Bei bei neuen und umgebauten Mehrfamilienh\u00e4usern werden die Planungswerte mehrheitlich nicht eingehalten."},{"@type":"BreadcrumbList","@id":"https:\/\/www.organisator.ch\/sustainability\/2016-03-27\/bfe-studie-energieverbrauch-zertifizierter-gebaeude-oft-zu-hoch\/#breadcrumb","itemListElement":[{"@type":"ListItem","position":1,"name":"Home","item":"https:\/\/www.organisator.ch\/"},{"@type":"ListItem","position":2,"name":"BFE-Studie: Energieverbrauch zertifizierter Geb\u00e4ude oft zu hoch"}]},{"@type":"WebSite","@id":"https:\/\/www.organisator.ch\/#website","url":"https:\/\/www.organisator.ch\/","name":"Organisator","description":"Kompetent. Praxisnah. Der ORGANISATOR bereitet in 10 Ausgaben pro Jahr die wesentlichen Themen f\u00fcr F\u00fchrungskr\u00e4fte von KMU auf.","publisher":{"@id":"https:\/\/www.organisator.ch\/#organization"},"potentialAction":[{"@type":"SearchAction","target":{"@type":"EntryPoint","urlTemplate":"https:\/\/www.organisator.ch\/?s={search_term_string}"},"query-input":{"@type":"PropertyValueSpecification","valueRequired":true,"valueName":"search_term_string"}}],"inLanguage":"de"},{"@type":"Organization","@id":"https:\/\/www.organisator.ch\/#organization","name":"Organisator","url":"https:\/\/www.organisator.ch\/","logo":{"@type":"ImageObject","inLanguage":"de","@id":"https:\/\/www.organisator.ch\/#\/schema\/logo\/image\/","url":"https:\/\/www.organisator.ch\/wp-content\/uploads\/2022\/01\/Logo_Organisator_Website.png","contentUrl":"https:\/\/www.organisator.ch\/wp-content\/uploads\/2022\/01\/Logo_Organisator_Website.png","width":800,"height":77,"caption":"Organisator"},"image":{"@id":"https:\/\/www.organisator.ch\/#\/schema\/logo\/image\/"},"sameAs":["https:\/\/www.facebook.com\/OrganisatorFachmagazin","https:\/\/www.linkedin.com\/showcase\/organisator-das-magazin-fr-kmu","https:\/\/www.xing.com\/news\/pages\/organisator-ch-695","https:\/\/www.youtube.com\/channel\/UCGP2Sq0iWaZwT3BdIAQFYpw"]},{"@type":"Person","@id":"https:\/\/www.organisator.ch\/#\/schema\/person\/aa2bace6c5c5aad60102004a50c4eb1c","name":"admin","image":{"@type":"ImageObject","inLanguage":"de","@id":"https:\/\/secure.gravatar.com\/avatar\/ae2f4d718e6c49043e314ce431e7e645d646302a24a5ef5a8bc8e3f5a032e319?s=96&d=mm&r=g","url":"https:\/\/secure.gravatar.com\/avatar\/ae2f4d718e6c49043e314ce431e7e645d646302a24a5ef5a8bc8e3f5a032e319?s=96&d=mm&r=g","contentUrl":"https:\/\/secure.gravatar.com\/avatar\/ae2f4d718e6c49043e314ce431e7e645d646302a24a5ef5a8bc8e3f5a032e319?s=96&d=mm&r=g","caption":"admin"},"sameAs":["https:\/\/www.organisator.ch"],"url":"https:\/\/www.organisator.ch\/de\/author\/admin\/"}]}},"_links":{"self":[{"href":"https:\/\/www.organisator.ch\/de\/wp-json\/wp\/v2\/posts\/9930","targetHints":{"allow":["GET"]}}],"collection":[{"href":"https:\/\/www.organisator.ch\/de\/wp-json\/wp\/v2\/posts"}],"about":[{"href":"https:\/\/www.organisator.ch\/de\/wp-json\/wp\/v2\/types\/post"}],"author":[{"embeddable":true,"href":"https:\/\/www.organisator.ch\/de\/wp-json\/wp\/v2\/users\/1"}],"replies":[{"embeddable":true,"href":"https:\/\/www.organisator.ch\/de\/wp-json\/wp\/v2\/comments?post=9930"}],"version-history":[{"count":1,"href":"https:\/\/www.organisator.ch\/de\/wp-json\/wp\/v2\/posts\/9930\/revisions"}],"predecessor-version":[{"id":10965,"href":"https:\/\/www.organisator.ch\/de\/wp-json\/wp\/v2\/posts\/9930\/revisions\/10965"}],"wp:featuredmedia":[{"embeddable":true,"href":"https:\/\/www.organisator.ch\/de\/wp-json\/wp\/v2\/media\/9366"}],"wp:attachment":[{"href":"https:\/\/www.organisator.ch\/de\/wp-json\/wp\/v2\/media?parent=9930"}],"wp:term":[{"taxonomy":"category","embeddable":true,"href":"https:\/\/www.organisator.ch\/de\/wp-json\/wp\/v2\/categories?post=9930"},{"taxonomy":"post_tag","embeddable":true,"href":"https:\/\/www.organisator.ch\/de\/wp-json\/wp\/v2\/tags?post=9930"}],"curies":[{"name":"wp","href":"https:\/\/api.w.org\/{rel}","templated":true}]}}