{"id":9944,"date":"2016-05-27T16:11:53","date_gmt":"2016-05-27T14:11:53","guid":{"rendered":"https:\/\/dev.umweltperspektiven.ch\/?p=359"},"modified":"2022-02-09T11:06:24","modified_gmt":"2022-02-09T10:06:24","slug":"csem-erweritert-photovoltaik-zentrum","status":"publish","type":"post","link":"https:\/\/www.organisator.ch\/de\/sustainability\/2016-05-27\/csem-erweritert-photovoltaik-zentrum\/","title":{"rendered":"CSEM erweritert Photovoltaik-Zentrum"},"content":{"rendered":"<figure id=\"attachment_360\" aria-describedby=\"caption-attachment-360\" style=\"width: 680px\" class=\"wp-caption alignnone\"><a href=\"\/\/dev.umweltperspektiven.ch\/wp-content\/uploads\/2016\/12\/CSEM-erweritert-Photovoltaik-Zentrum-umweltperspektiven.jpg\"><img loading=\"lazy\" decoding=\"async\" class=\"size-medium wp-image-360\" src=\"\/\/dev.umweltperspektiven.ch\/wp-content\/uploads\/2016\/12\/CSEM-erweritert-Photovoltaik-Zentrum-umweltperspektiven.jpg\" alt=\"Arbeiten im neuen Reinraum: 50 Forschende forschen am CSEM an der Zukunft der Photovoltaik.\" width=\"680\" height=\"453\" \/><\/a><figcaption id=\"caption-attachment-360\" class=\"wp-caption-text\">Arbeiten im neuen Reinraum: 50 Forschende forschen am CSEM an der Zukunft der Photovoltaik.<\/figcaption><\/figure>\n<p>Das CSEM er\u00f6ffnet die neusten Anlagen seines Photovoltaik-Zentrums (PV-center). \u00dcber 1000 Quadratmeter Reinr\u00e4ume und Laboratorien f\u00fcr die Herstellung und das Testen von Solarmodulen vervollst\u00e4ndigen die vorhandene Infrastruktur und erm\u00f6glichen es den Forschenden, ihre vor drei Jahren initiierten Arbeiten zur Valorisation der Sonnenenergie f\u00fcr Wirtschaft und Gesellschaft voranzutreiben.<\/p>\n<p>Mit 500 Quadratmetern Reinraum und 600 Quadratmetern Laboratorien f\u00fcr die Herstellung und das Testen von Photovoltaik-Modulen ist das PV-Center ab sofort voll betriebsf\u00e4hig. Das Zentrum bietet seinen 50 Mitarbeitenden ein ebenso einzigartiges wie optimales Arbeitsumfeld, um verschiedene Photovoltaik-Technologien zu verbessern und zu erproben und damit ihr Anwendungsspektrum auszubauen.<\/p>\n<p><strong>Auf die Industrie ausgerichtet<\/strong><\/p>\n<p>\u00abMit dieser neuen und in der Schweiz einmaligen Infrastruktur sind wir in der Lage, die Wettbewerbsf\u00e4higkeit von Schweizer Firmen auszubauen\u00bb, freut sich Prof. Christophe Ballif, Direktor des PV-Centers. \u00abObschon sich die Sonnenenergie z\u00fcgig entwickelt, wird ihr Potential nach wie vor unvollst\u00e4ndig ausgesch\u00f6pft\u00bb. Drei Jahre nach seiner Er\u00f6ffnung geniesst das PV-center einen Ruf, der weit \u00fcber die Schweizer Grenzen reicht. Erfolgreich dazu beigetragen haben wirksamere Heterojunction-Siliziumzellen (HJT) oder die weltweit ersten weissen und farbigen Solarpanels, die von Architekten begr\u00fcsst wurden.<\/p>\n<p><strong>Energieziele erreichen<\/strong><\/p>\n<p>\u00abDie Photovoltaik nimmt in der Palette der vom CSEM entwickelten Technologien einen besonderen Platz ein\u00bb, bemerkt Mario El-Khoury, Generaldirektor des CSEM. \u00abDer Demokratisierungsprozess dieser Energie er\u00f6ffnet der Welt die Chance, von einer sauberen Zukunft ohne Einbusse der Lebensqualit\u00e4t zu tr\u00e4umen. Dieser Wunsch steht f\u00fcr unser Unternehmen im Mittelpunkt\u00bb. Die Arbeiten von Professor Christophe Ballif und seinem Team haben zum Ziel, die Zugkraft der Sonnenenergie zu verst\u00e4rken, damit der Bund seine Energieziele erreichen kann. Der Bundesrat ist sich dieser Rolle bewusst. Er unterst\u00fctzt finanziell das Zentrum, das mit zahlreichen Schweizer Industriepartnern und Forschungseinrichtungen zusammen arbeitet, ganz besonders mit dem Photovoltaik Labor der Eidgen\u00f6ssischen Technischen Hochschule Lausanne (EPFL) in Neuenburg.<\/p>\n","protected":false},"excerpt":{"rendered":"<p>Das CSEM er\u00f6ffnet die neusten Anlagen seines Photovoltaik-Zentrums (PV-center). \u00dcber 1000 Quadratmeter Reinr\u00e4ume und Laboratorien f\u00fcr die Herstellung und das Testen von Solarmodulen vervollst\u00e4ndigen die vorhandene Infrastruktur und erm\u00f6glichen es den Forschenden, ihre vor drei Jahren initiierten Arbeiten zur Valorisation der Sonnenenergie f\u00fcr Wirtschaft und Gesellschaft voranzutreiben. Mit 500 Quadratmetern Reinraum und 600 Quadratmetern Laboratorien [&hellip;]<\/p>\n","protected":false},"author":1,"featured_media":9379,"comment_status":"open","ping_status":"open","sticky":false,"template":"","format":"standard","meta":{"_acf_changed":false,"_yoast_wpseo_focuskw":"Photovoltaik","_yoast_wpseo_metadesc":"Ein neuer Reinraum sowie eine Pilotproduktionsanlage sollen mithelfen, PV-Technologien zu verbessern und die Anwendungsspektren auszubauen.","articlekey":"","footnotes":""},"categories":[580],"tags":[958,1908,1964,2001],"class_list":["post-9944","post","type-post","status-publish","format-standard","has-post-thumbnail","hentry","category-sustainability","tag-csem","tag-photovoltaik","tag-pv-zentrum","tag-reinraum"],"acf":[],"yoast_head":"<!-- This site is optimized with the Yoast SEO plugin v27.5 - https:\/\/yoast.com\/product\/yoast-seo-wordpress\/ -->\n<title>CSEM erweritert Photovoltaik-Zentrum - Organisator<\/title>\n<meta name=\"description\" content=\"Ein neuer Reinraum sowie eine Pilotproduktionsanlage sollen mithelfen, PV-Technologien zu verbessern und die Anwendungsspektren auszubauen.\" \/>\n<meta name=\"robots\" content=\"index, follow, max-snippet:-1, max-image-preview:large, max-video-preview:-1\" \/>\n<link rel=\"canonical\" href=\"https:\/\/www.organisator.ch\/de\/sustainability\/2016-05-27\/csem-erweritert-photovoltaik-zentrum\/\" \/>\n<meta property=\"og:locale\" content=\"de_DE\" \/>\n<meta property=\"og:type\" content=\"article\" \/>\n<meta property=\"og:title\" content=\"CSEM erweritert Photovoltaik-Zentrum - Organisator\" \/>\n<meta property=\"og:description\" content=\"Ein neuer Reinraum sowie eine Pilotproduktionsanlage sollen mithelfen, PV-Technologien zu verbessern und die Anwendungsspektren auszubauen.\" \/>\n<meta property=\"og:url\" content=\"https:\/\/www.organisator.ch\/de\/sustainability\/2016-05-27\/csem-erweritert-photovoltaik-zentrum\/\" \/>\n<meta property=\"og:site_name\" content=\"Organisator\" \/>\n<meta property=\"article:publisher\" content=\"https:\/\/www.facebook.com\/OrganisatorFachmagazin\" \/>\n<meta property=\"article:published_time\" content=\"2016-05-27T14:11:53+00:00\" \/>\n<meta property=\"article:modified_time\" content=\"2022-02-09T10:06:24+00:00\" \/>\n<meta property=\"og:image\" content=\"https:\/\/www.organisator.ch\/wp-content\/uploads\/2016\/12\/CSEM-erweritert-Photovoltaik-Zentrum-umweltperspektiven-scaled.jpg\" \/>\n\t<meta property=\"og:image:width\" content=\"2560\" \/>\n\t<meta property=\"og:image:height\" content=\"1707\" \/>\n\t<meta property=\"og:image:type\" content=\"image\/jpeg\" \/>\n<meta name=\"author\" content=\"admin\" \/>\n<meta name=\"twitter:card\" content=\"summary_large_image\" \/>\n<script type=\"application\/ld+json\" class=\"yoast-schema-graph\">{\"@context\":\"https:\\\/\\\/schema.org\",\"@graph\":[{\"@type\":\"Article\",\"@id\":\"https:\\\/\\\/www.organisator.ch\\\/sustainability\\\/2016-05-27\\\/csem-erweritert-photovoltaik-zentrum\\\/#article\",\"isPartOf\":{\"@id\":\"https:\\\/\\\/www.organisator.ch\\\/sustainability\\\/2016-05-27\\\/csem-erweritert-photovoltaik-zentrum\\\/\"},\"author\":{\"name\":\"admin\",\"@id\":\"https:\\\/\\\/www.organisator.ch\\\/#\\\/schema\\\/person\\\/aa2bace6c5c5aad60102004a50c4eb1c\"},\"headline\":\"CSEM erweritert Photovoltaik-Zentrum\",\"datePublished\":\"2016-05-27T14:11:53+00:00\",\"dateModified\":\"2022-02-09T10:06:24+00:00\",\"mainEntityOfPage\":{\"@id\":\"https:\\\/\\\/www.organisator.ch\\\/sustainability\\\/2016-05-27\\\/csem-erweritert-photovoltaik-zentrum\\\/\"},\"wordCount\":328,\"commentCount\":0,\"publisher\":{\"@id\":\"https:\\\/\\\/www.organisator.ch\\\/#organization\"},\"image\":{\"@id\":\"https:\\\/\\\/www.organisator.ch\\\/sustainability\\\/2016-05-27\\\/csem-erweritert-photovoltaik-zentrum\\\/#primaryimage\"},\"thumbnailUrl\":\"https:\\\/\\\/www.organisator.ch\\\/wp-content\\\/uploads\\\/2016\\\/12\\\/CSEM-erweritert-Photovoltaik-Zentrum-umweltperspektiven-scaled.jpg\",\"keywords\":[\"CSEM\",\"Photovoltaik\",\"PV-Zentrum\",\"Reinraum\"],\"articleSection\":[\"SUSTAINABILITY\"],\"inLanguage\":\"de\"},{\"@type\":\"WebPage\",\"@id\":\"https:\\\/\\\/www.organisator.ch\\\/sustainability\\\/2016-05-27\\\/csem-erweritert-photovoltaik-zentrum\\\/\",\"url\":\"https:\\\/\\\/www.organisator.ch\\\/sustainability\\\/2016-05-27\\\/csem-erweritert-photovoltaik-zentrum\\\/\",\"name\":\"CSEM erweritert Photovoltaik-Zentrum - Organisator\",\"isPartOf\":{\"@id\":\"https:\\\/\\\/www.organisator.ch\\\/#website\"},\"primaryImageOfPage\":{\"@id\":\"https:\\\/\\\/www.organisator.ch\\\/sustainability\\\/2016-05-27\\\/csem-erweritert-photovoltaik-zentrum\\\/#primaryimage\"},\"image\":{\"@id\":\"https:\\\/\\\/www.organisator.ch\\\/sustainability\\\/2016-05-27\\\/csem-erweritert-photovoltaik-zentrum\\\/#primaryimage\"},\"thumbnailUrl\":\"https:\\\/\\\/www.organisator.ch\\\/wp-content\\\/uploads\\\/2016\\\/12\\\/CSEM-erweritert-Photovoltaik-Zentrum-umweltperspektiven-scaled.jpg\",\"datePublished\":\"2016-05-27T14:11:53+00:00\",\"dateModified\":\"2022-02-09T10:06:24+00:00\",\"description\":\"Ein neuer Reinraum sowie eine Pilotproduktionsanlage sollen mithelfen, PV-Technologien zu verbessern und die Anwendungsspektren auszubauen.\",\"breadcrumb\":{\"@id\":\"https:\\\/\\\/www.organisator.ch\\\/sustainability\\\/2016-05-27\\\/csem-erweritert-photovoltaik-zentrum\\\/#breadcrumb\"},\"inLanguage\":\"de\",\"potentialAction\":[{\"@type\":\"ReadAction\",\"target\":[\"https:\\\/\\\/www.organisator.ch\\\/sustainability\\\/2016-05-27\\\/csem-erweritert-photovoltaik-zentrum\\\/\"]}]},{\"@type\":\"ImageObject\",\"inLanguage\":\"de\",\"@id\":\"https:\\\/\\\/www.organisator.ch\\\/sustainability\\\/2016-05-27\\\/csem-erweritert-photovoltaik-zentrum\\\/#primaryimage\",\"url\":\"https:\\\/\\\/www.organisator.ch\\\/wp-content\\\/uploads\\\/2016\\\/12\\\/CSEM-erweritert-Photovoltaik-Zentrum-umweltperspektiven-scaled.jpg\",\"contentUrl\":\"https:\\\/\\\/www.organisator.ch\\\/wp-content\\\/uploads\\\/2016\\\/12\\\/CSEM-erweritert-Photovoltaik-Zentrum-umweltperspektiven-scaled.jpg\",\"width\":2560,\"height\":1707,\"caption\":\"Arbeiten im neuen Reinraum: 50 Forschende forschen am CSEM an der Zukunft der Photovoltaik.\"},{\"@type\":\"BreadcrumbList\",\"@id\":\"https:\\\/\\\/www.organisator.ch\\\/sustainability\\\/2016-05-27\\\/csem-erweritert-photovoltaik-zentrum\\\/#breadcrumb\",\"itemListElement\":[{\"@type\":\"ListItem\",\"position\":1,\"name\":\"Home\",\"item\":\"https:\\\/\\\/www.organisator.ch\\\/\"},{\"@type\":\"ListItem\",\"position\":2,\"name\":\"CSEM erweritert Photovoltaik-Zentrum\"}]},{\"@type\":\"WebSite\",\"@id\":\"https:\\\/\\\/www.organisator.ch\\\/#website\",\"url\":\"https:\\\/\\\/www.organisator.ch\\\/\",\"name\":\"Organisator\",\"description\":\"Kompetent. Praxisnah. Der ORGANISATOR bereitet in 10 Ausgaben pro Jahr die wesentlichen Themen f\u00fcr F\u00fchrungskr\u00e4fte von KMU auf.\",\"publisher\":{\"@id\":\"https:\\\/\\\/www.organisator.ch\\\/#organization\"},\"potentialAction\":[{\"@type\":\"SearchAction\",\"target\":{\"@type\":\"EntryPoint\",\"urlTemplate\":\"https:\\\/\\\/www.organisator.ch\\\/?s={search_term_string}\"},\"query-input\":{\"@type\":\"PropertyValueSpecification\",\"valueRequired\":true,\"valueName\":\"search_term_string\"}}],\"inLanguage\":\"de\"},{\"@type\":\"Organization\",\"@id\":\"https:\\\/\\\/www.organisator.ch\\\/#organization\",\"name\":\"Organisator\",\"url\":\"https:\\\/\\\/www.organisator.ch\\\/\",\"logo\":{\"@type\":\"ImageObject\",\"inLanguage\":\"de\",\"@id\":\"https:\\\/\\\/www.organisator.ch\\\/#\\\/schema\\\/logo\\\/image\\\/\",\"url\":\"https:\\\/\\\/www.organisator.ch\\\/wp-content\\\/uploads\\\/2022\\\/01\\\/Logo_Organisator_Website.png\",\"contentUrl\":\"https:\\\/\\\/www.organisator.ch\\\/wp-content\\\/uploads\\\/2022\\\/01\\\/Logo_Organisator_Website.png\",\"width\":800,\"height\":77,\"caption\":\"Organisator\"},\"image\":{\"@id\":\"https:\\\/\\\/www.organisator.ch\\\/#\\\/schema\\\/logo\\\/image\\\/\"},\"sameAs\":[\"https:\\\/\\\/www.facebook.com\\\/OrganisatorFachmagazin\",\"https:\\\/\\\/www.linkedin.com\\\/showcase\\\/organisator-das-magazin-fr-kmu\",\"https:\\\/\\\/www.xing.com\\\/news\\\/pages\\\/organisator-ch-695\",\"https:\\\/\\\/www.youtube.com\\\/channel\\\/UCGP2Sq0iWaZwT3BdIAQFYpw\"]},{\"@type\":\"Person\",\"@id\":\"https:\\\/\\\/www.organisator.ch\\\/#\\\/schema\\\/person\\\/aa2bace6c5c5aad60102004a50c4eb1c\",\"name\":\"admin\",\"image\":{\"@type\":\"ImageObject\",\"inLanguage\":\"de\",\"@id\":\"https:\\\/\\\/secure.gravatar.com\\\/avatar\\\/ae2f4d718e6c49043e314ce431e7e645d646302a24a5ef5a8bc8e3f5a032e319?s=96&d=mm&r=g\",\"url\":\"https:\\\/\\\/secure.gravatar.com\\\/avatar\\\/ae2f4d718e6c49043e314ce431e7e645d646302a24a5ef5a8bc8e3f5a032e319?s=96&d=mm&r=g\",\"contentUrl\":\"https:\\\/\\\/secure.gravatar.com\\\/avatar\\\/ae2f4d718e6c49043e314ce431e7e645d646302a24a5ef5a8bc8e3f5a032e319?s=96&d=mm&r=g\",\"caption\":\"admin\"},\"sameAs\":[\"https:\\\/\\\/www.organisator.ch\"],\"url\":\"https:\\\/\\\/www.organisator.ch\\\/de\\\/author\\\/admin\\\/\"}]}<\/script>\n<!-- \/ Yoast SEO plugin. -->","yoast_head_json":{"title":"CSEM erweritert Photovoltaik-Zentrum - Organisator","description":"Ein neuer Reinraum sowie eine Pilotproduktionsanlage sollen mithelfen, PV-Technologien zu verbessern und die Anwendungsspektren auszubauen.","robots":{"index":"index","follow":"follow","max-snippet":"max-snippet:-1","max-image-preview":"max-image-preview:large","max-video-preview":"max-video-preview:-1"},"canonical":"https:\/\/www.organisator.ch\/de\/sustainability\/2016-05-27\/csem-erweritert-photovoltaik-zentrum\/","og_locale":"de_DE","og_type":"article","og_title":"CSEM erweritert Photovoltaik-Zentrum - Organisator","og_description":"Ein neuer Reinraum sowie eine Pilotproduktionsanlage sollen mithelfen, PV-Technologien zu verbessern und die Anwendungsspektren auszubauen.","og_url":"https:\/\/www.organisator.ch\/de\/sustainability\/2016-05-27\/csem-erweritert-photovoltaik-zentrum\/","og_site_name":"Organisator","article_publisher":"https:\/\/www.facebook.com\/OrganisatorFachmagazin","article_published_time":"2016-05-27T14:11:53+00:00","article_modified_time":"2022-02-09T10:06:24+00:00","og_image":[{"width":2560,"height":1707,"url":"https:\/\/www.organisator.ch\/wp-content\/uploads\/2016\/12\/CSEM-erweritert-Photovoltaik-Zentrum-umweltperspektiven-scaled.jpg","type":"image\/jpeg"}],"author":"admin","twitter_card":"summary_large_image","schema":{"@context":"https:\/\/schema.org","@graph":[{"@type":"Article","@id":"https:\/\/www.organisator.ch\/sustainability\/2016-05-27\/csem-erweritert-photovoltaik-zentrum\/#article","isPartOf":{"@id":"https:\/\/www.organisator.ch\/sustainability\/2016-05-27\/csem-erweritert-photovoltaik-zentrum\/"},"author":{"name":"admin","@id":"https:\/\/www.organisator.ch\/#\/schema\/person\/aa2bace6c5c5aad60102004a50c4eb1c"},"headline":"CSEM erweritert Photovoltaik-Zentrum","datePublished":"2016-05-27T14:11:53+00:00","dateModified":"2022-02-09T10:06:24+00:00","mainEntityOfPage":{"@id":"https:\/\/www.organisator.ch\/sustainability\/2016-05-27\/csem-erweritert-photovoltaik-zentrum\/"},"wordCount":328,"commentCount":0,"publisher":{"@id":"https:\/\/www.organisator.ch\/#organization"},"image":{"@id":"https:\/\/www.organisator.ch\/sustainability\/2016-05-27\/csem-erweritert-photovoltaik-zentrum\/#primaryimage"},"thumbnailUrl":"https:\/\/www.organisator.ch\/wp-content\/uploads\/2016\/12\/CSEM-erweritert-Photovoltaik-Zentrum-umweltperspektiven-scaled.jpg","keywords":["CSEM","Photovoltaik","PV-Zentrum","Reinraum"],"articleSection":["SUSTAINABILITY"],"inLanguage":"de"},{"@type":"WebPage","@id":"https:\/\/www.organisator.ch\/sustainability\/2016-05-27\/csem-erweritert-photovoltaik-zentrum\/","url":"https:\/\/www.organisator.ch\/sustainability\/2016-05-27\/csem-erweritert-photovoltaik-zentrum\/","name":"CSEM erweritert Photovoltaik-Zentrum - Organisator","isPartOf":{"@id":"https:\/\/www.organisator.ch\/#website"},"primaryImageOfPage":{"@id":"https:\/\/www.organisator.ch\/sustainability\/2016-05-27\/csem-erweritert-photovoltaik-zentrum\/#primaryimage"},"image":{"@id":"https:\/\/www.organisator.ch\/sustainability\/2016-05-27\/csem-erweritert-photovoltaik-zentrum\/#primaryimage"},"thumbnailUrl":"https:\/\/www.organisator.ch\/wp-content\/uploads\/2016\/12\/CSEM-erweritert-Photovoltaik-Zentrum-umweltperspektiven-scaled.jpg","datePublished":"2016-05-27T14:11:53+00:00","dateModified":"2022-02-09T10:06:24+00:00","description":"Ein neuer Reinraum sowie eine Pilotproduktionsanlage sollen mithelfen, PV-Technologien zu verbessern und die Anwendungsspektren auszubauen.","breadcrumb":{"@id":"https:\/\/www.organisator.ch\/sustainability\/2016-05-27\/csem-erweritert-photovoltaik-zentrum\/#breadcrumb"},"inLanguage":"de","potentialAction":[{"@type":"ReadAction","target":["https:\/\/www.organisator.ch\/sustainability\/2016-05-27\/csem-erweritert-photovoltaik-zentrum\/"]}]},{"@type":"ImageObject","inLanguage":"de","@id":"https:\/\/www.organisator.ch\/sustainability\/2016-05-27\/csem-erweritert-photovoltaik-zentrum\/#primaryimage","url":"https:\/\/www.organisator.ch\/wp-content\/uploads\/2016\/12\/CSEM-erweritert-Photovoltaik-Zentrum-umweltperspektiven-scaled.jpg","contentUrl":"https:\/\/www.organisator.ch\/wp-content\/uploads\/2016\/12\/CSEM-erweritert-Photovoltaik-Zentrum-umweltperspektiven-scaled.jpg","width":2560,"height":1707,"caption":"Arbeiten im neuen Reinraum: 50 Forschende forschen am CSEM an der Zukunft der Photovoltaik."},{"@type":"BreadcrumbList","@id":"https:\/\/www.organisator.ch\/sustainability\/2016-05-27\/csem-erweritert-photovoltaik-zentrum\/#breadcrumb","itemListElement":[{"@type":"ListItem","position":1,"name":"Home","item":"https:\/\/www.organisator.ch\/"},{"@type":"ListItem","position":2,"name":"CSEM erweritert Photovoltaik-Zentrum"}]},{"@type":"WebSite","@id":"https:\/\/www.organisator.ch\/#website","url":"https:\/\/www.organisator.ch\/","name":"Organisator","description":"Kompetent. Praxisnah. Der ORGANISATOR bereitet in 10 Ausgaben pro Jahr die wesentlichen Themen f\u00fcr F\u00fchrungskr\u00e4fte von KMU auf.","publisher":{"@id":"https:\/\/www.organisator.ch\/#organization"},"potentialAction":[{"@type":"SearchAction","target":{"@type":"EntryPoint","urlTemplate":"https:\/\/www.organisator.ch\/?s={search_term_string}"},"query-input":{"@type":"PropertyValueSpecification","valueRequired":true,"valueName":"search_term_string"}}],"inLanguage":"de"},{"@type":"Organization","@id":"https:\/\/www.organisator.ch\/#organization","name":"Organisator","url":"https:\/\/www.organisator.ch\/","logo":{"@type":"ImageObject","inLanguage":"de","@id":"https:\/\/www.organisator.ch\/#\/schema\/logo\/image\/","url":"https:\/\/www.organisator.ch\/wp-content\/uploads\/2022\/01\/Logo_Organisator_Website.png","contentUrl":"https:\/\/www.organisator.ch\/wp-content\/uploads\/2022\/01\/Logo_Organisator_Website.png","width":800,"height":77,"caption":"Organisator"},"image":{"@id":"https:\/\/www.organisator.ch\/#\/schema\/logo\/image\/"},"sameAs":["https:\/\/www.facebook.com\/OrganisatorFachmagazin","https:\/\/www.linkedin.com\/showcase\/organisator-das-magazin-fr-kmu","https:\/\/www.xing.com\/news\/pages\/organisator-ch-695","https:\/\/www.youtube.com\/channel\/UCGP2Sq0iWaZwT3BdIAQFYpw"]},{"@type":"Person","@id":"https:\/\/www.organisator.ch\/#\/schema\/person\/aa2bace6c5c5aad60102004a50c4eb1c","name":"admin","image":{"@type":"ImageObject","inLanguage":"de","@id":"https:\/\/secure.gravatar.com\/avatar\/ae2f4d718e6c49043e314ce431e7e645d646302a24a5ef5a8bc8e3f5a032e319?s=96&d=mm&r=g","url":"https:\/\/secure.gravatar.com\/avatar\/ae2f4d718e6c49043e314ce431e7e645d646302a24a5ef5a8bc8e3f5a032e319?s=96&d=mm&r=g","contentUrl":"https:\/\/secure.gravatar.com\/avatar\/ae2f4d718e6c49043e314ce431e7e645d646302a24a5ef5a8bc8e3f5a032e319?s=96&d=mm&r=g","caption":"admin"},"sameAs":["https:\/\/www.organisator.ch"],"url":"https:\/\/www.organisator.ch\/de\/author\/admin\/"}]}},"_links":{"self":[{"href":"https:\/\/www.organisator.ch\/de\/wp-json\/wp\/v2\/posts\/9944","targetHints":{"allow":["GET"]}}],"collection":[{"href":"https:\/\/www.organisator.ch\/de\/wp-json\/wp\/v2\/posts"}],"about":[{"href":"https:\/\/www.organisator.ch\/de\/wp-json\/wp\/v2\/types\/post"}],"author":[{"embeddable":true,"href":"https:\/\/www.organisator.ch\/de\/wp-json\/wp\/v2\/users\/1"}],"replies":[{"embeddable":true,"href":"https:\/\/www.organisator.ch\/de\/wp-json\/wp\/v2\/comments?post=9944"}],"version-history":[{"count":1,"href":"https:\/\/www.organisator.ch\/de\/wp-json\/wp\/v2\/posts\/9944\/revisions"}],"predecessor-version":[{"id":10616,"href":"https:\/\/www.organisator.ch\/de\/wp-json\/wp\/v2\/posts\/9944\/revisions\/10616"}],"wp:featuredmedia":[{"embeddable":true,"href":"https:\/\/www.organisator.ch\/de\/wp-json\/wp\/v2\/media\/9379"}],"wp:attachment":[{"href":"https:\/\/www.organisator.ch\/de\/wp-json\/wp\/v2\/media?parent=9944"}],"wp:term":[{"taxonomy":"category","embeddable":true,"href":"https:\/\/www.organisator.ch\/de\/wp-json\/wp\/v2\/categories?post=9944"},{"taxonomy":"post_tag","embeddable":true,"href":"https:\/\/www.organisator.ch\/de\/wp-json\/wp\/v2\/tags?post=9944"}],"curies":[{"name":"wp","href":"https:\/\/api.w.org\/{rel}","templated":true}]}}