{"id":9948,"date":"2016-07-01T16:22:30","date_gmt":"2016-07-01T14:22:30","guid":{"rendered":"https:\/\/dev.umweltperspektiven.ch\/?p=382"},"modified":"2025-06-10T11:48:21","modified_gmt":"2025-06-10T09:48:21","slug":"innovationsfoerderung-fuer-kmu-verstaerkt","status":"publish","type":"post","link":"https:\/\/www.organisator.ch\/de\/allgemein\/2016-07-01\/innovationsfoerderung-fuer-kmu-verstaerkt\/","title":{"rendered":"Innovationsf\u00f6rderung f\u00fcr KMU verst\u00e4rkt"},"content":{"rendered":"<figure id=\"attachment_383\" aria-describedby=\"caption-attachment-383\" style=\"width: 680px\" class=\"wp-caption alignnone\"><a href=\"\/\/dev.umweltperspektiven.ch\/wp-content\/uploads\/2016\/12\/Innovationsf\u00f6rderung-f\u00fcr-KMU-verst\u00e4rkt-umweltperspektiven.jpg\"><img loading=\"lazy\" decoding=\"async\" class=\"size-medium wp-image-383\" src=\"\/\/dev.umweltperspektiven.ch\/wp-content\/uploads\/2016\/12\/Innovationsf\u00f6rderung-f\u00fcr-KMU-verst\u00e4rkt-umweltperspektiven.jpg\" alt=\"Gerade in Krisenzeiten gilt es, innovativ zu bleiben.\" width=\"680\" height=\"560\" \/><\/a><figcaption id=\"caption-attachment-383\" class=\"wp-caption-text\">Gerade in Krisenzeiten gilt es, innovativ zu bleiben.<\/figcaption><\/figure>\n<p>Die Kommission f\u00fcr Technologie und Innovation (KTI) kann zum zweiten Mal exportorientierten klein- und mittelst\u00e4ndischen Unternehmen (KMU) helfen, deren Innovationskraft zu st\u00e4rken. Die eidgen\u00f6ssischen R\u00e4te haben im Rahmen des Nachtragsverfahrens zum Voranschlag 2016 die vom Bundesrat beantragten Mittel gutgeheissen. Die Finanzierung wird mittels Kompensation der in der laufenden Periode zu Gunsten des BFI-Bereichs bewilligten Mittel sichergestellt.<\/p>\n<p>Damit reagiert der Bund nach 2015 zum zweiten Mal gezielt auf die anhaltenden Schwierigkeiten exportorientierter KMU und hilft ihnen bei Investitionen in die Innovation und den Erhalt oder Ausbau ihrer Forschungs- und Entwicklungskapazit\u00e4ten.<\/p>\n<p><strong>Mentorenprogramm<\/strong><\/p>\n<p>Die Sondermassnahmen erlauben es Wirtschaftspartnern nicht nur, den Cash-Beitrag in Innovationsprojekten zu reduzieren, sondern erm\u00f6glichen ihnen auch eine tiefere Eigenbeteiligung an den Projektkosten. Gleichzeitig wird der Einsatz von KTI-Innovationsmentoren zur Betreuung der im Fokus stehenden KMU verst\u00e4rkt. Dass solche Massnahmen Wirkung zeigen, haben bereits die ersten Sondermassnahmen 2015 gezeigt.<\/p>\n<p>Zus\u00e4tzlich zu den regul\u00e4ren Projekten wurden 314 Projekte unter den Sondermassnahmen beurteilt. Davon wurden 154 bewilligt und mit einem Bundesbeitrag von insgesamt 57,7 Millionen Franken unterst\u00fctzt. Und auch die Nachfrage der KMU nach Unterst\u00fctzung durch die Innovationsmentoren ist mit den Sondermassnahmen weiter angestiegen. So wurden im Jahr 2015 rund 70 Prozent mehr Forschungs- und Entwicklungsprojekte und Innovationsschecks mit Innovationsmentoren lanciert als im Vorjahr.<\/p>\n<p>Bundespr\u00e4sident und WBF-Vorsteher Johann N. Schneider-Ammann, der die ersten Massnahmen zur Abfederung der Frankenst\u00e4rke bereits 2015 initiierte, ist \u00fcberzeugt, erneut einen direkt wirksamen Beitrag leisten zu k\u00f6nnen: \u201eEs ist uns gelungen, zielgerichtet Anreize f\u00fcr die Innovationsf\u00e4higkeit von stark exportorientierten KMU zu setzen. Damit k\u00f6nnen sie ihre Wettbewerbsf\u00e4higkeit auch in dieser schwierigen Phase st\u00e4rken und die Arbeitspl\u00e4tze sichern.\u201c<\/p>\n","protected":false},"excerpt":{"rendered":"<p>Die Kommission f\u00fcr Technologie und Innovation (KTI) kann zum zweiten Mal exportorientierten klein- und mittelst\u00e4ndischen Unternehmen (KMU) helfen, deren Innovationskraft zu st\u00e4rken. Die eidgen\u00f6ssischen R\u00e4te haben im Rahmen des Nachtragsverfahrens zum Voranschlag 2016 die vom Bundesrat beantragten Mittel gutgeheissen. Die Finanzierung wird mittels Kompensation der in der laufenden Periode zu Gunsten des BFI-Bereichs bewilligten Mittel [&hellip;]<\/p>\n","protected":false},"author":1,"featured_media":0,"comment_status":"closed","ping_status":"closed","sticky":false,"template":"","format":"standard","meta":{"_acf_changed":false,"_yoast_wpseo_focuskw":"Innovation","_yoast_wpseo_metadesc":"Exportorientierte KMU werden im laufenden Jahr mit zus\u00e4tzlichen 61 Millionen Franken f\u00fcr die Innovationsf\u00f6rderung unterst\u00fctzt.","articlekey":"","footnotes":""},"categories":[1],"tags":[1215,274,301,1571],"class_list":["post-9948","post","type-post","status-publish","format-standard","hentry","category-allgemein","tag-foerderung","tag-innovation","tag-kmu","tag-kti"],"acf":[],"yoast_head":"<!-- This site is optimized with the Yoast SEO plugin v27.5 - https:\/\/yoast.com\/product\/yoast-seo-wordpress\/ -->\n<title>Innovationsf\u00f6rderung f\u00fcr KMU verst\u00e4rkt - Organisator<\/title>\n<meta name=\"description\" content=\"Exportorientierte KMU werden im laufenden Jahr mit zus\u00e4tzlichen 61 Millionen Franken f\u00fcr die Innovationsf\u00f6rderung unterst\u00fctzt.\" \/>\n<meta name=\"robots\" content=\"index, follow, max-snippet:-1, max-image-preview:large, max-video-preview:-1\" \/>\n<link rel=\"canonical\" href=\"https:\/\/www.organisator.ch\/de\/allgemein\/2016-07-01\/innovationsfoerderung-fuer-kmu-verstaerkt\/\" \/>\n<meta property=\"og:locale\" content=\"de_DE\" \/>\n<meta property=\"og:type\" content=\"article\" \/>\n<meta property=\"og:title\" content=\"Innovationsf\u00f6rderung f\u00fcr KMU verst\u00e4rkt - Organisator\" \/>\n<meta property=\"og:description\" content=\"Exportorientierte KMU werden im laufenden Jahr mit zus\u00e4tzlichen 61 Millionen Franken f\u00fcr die Innovationsf\u00f6rderung unterst\u00fctzt.\" \/>\n<meta property=\"og:url\" content=\"https:\/\/www.organisator.ch\/de\/allgemein\/2016-07-01\/innovationsfoerderung-fuer-kmu-verstaerkt\/\" \/>\n<meta property=\"og:site_name\" content=\"Organisator\" \/>\n<meta property=\"article:publisher\" content=\"https:\/\/www.facebook.com\/OrganisatorFachmagazin\" \/>\n<meta property=\"article:published_time\" content=\"2016-07-01T14:22:30+00:00\" \/>\n<meta property=\"article:modified_time\" content=\"2025-06-10T09:48:21+00:00\" \/>\n<meta name=\"author\" content=\"admin\" \/>\n<meta name=\"twitter:card\" content=\"summary_large_image\" \/>\n<script type=\"application\/ld+json\" class=\"yoast-schema-graph\">{\"@context\":\"https:\\\/\\\/schema.org\",\"@graph\":[{\"@type\":\"Article\",\"@id\":\"https:\\\/\\\/www.organisator.ch\\\/allgemein\\\/2016-07-01\\\/innovationsfoerderung-fuer-kmu-verstaerkt\\\/#article\",\"isPartOf\":{\"@id\":\"https:\\\/\\\/www.organisator.ch\\\/allgemein\\\/2016-07-01\\\/innovationsfoerderung-fuer-kmu-verstaerkt\\\/\"},\"author\":{\"name\":\"admin\",\"@id\":\"https:\\\/\\\/www.organisator.ch\\\/#\\\/schema\\\/person\\\/aa2bace6c5c5aad60102004a50c4eb1c\"},\"headline\":\"Innovationsf\u00f6rderung f\u00fcr KMU verst\u00e4rkt\",\"datePublished\":\"2016-07-01T14:22:30+00:00\",\"dateModified\":\"2025-06-10T09:48:21+00:00\",\"mainEntityOfPage\":{\"@id\":\"https:\\\/\\\/www.organisator.ch\\\/allgemein\\\/2016-07-01\\\/innovationsfoerderung-fuer-kmu-verstaerkt\\\/\"},\"wordCount\":293,\"publisher\":{\"@id\":\"https:\\\/\\\/www.organisator.ch\\\/#organization\"},\"keywords\":[\"F\u00f6rderung\",\"Innovation\",\"KMU\",\"KTI\"],\"inLanguage\":\"de\"},{\"@type\":\"WebPage\",\"@id\":\"https:\\\/\\\/www.organisator.ch\\\/allgemein\\\/2016-07-01\\\/innovationsfoerderung-fuer-kmu-verstaerkt\\\/\",\"url\":\"https:\\\/\\\/www.organisator.ch\\\/allgemein\\\/2016-07-01\\\/innovationsfoerderung-fuer-kmu-verstaerkt\\\/\",\"name\":\"Innovationsf\u00f6rderung f\u00fcr KMU verst\u00e4rkt - Organisator\",\"isPartOf\":{\"@id\":\"https:\\\/\\\/www.organisator.ch\\\/#website\"},\"datePublished\":\"2016-07-01T14:22:30+00:00\",\"dateModified\":\"2025-06-10T09:48:21+00:00\",\"description\":\"Exportorientierte KMU werden im laufenden Jahr mit zus\u00e4tzlichen 61 Millionen Franken f\u00fcr die Innovationsf\u00f6rderung unterst\u00fctzt.\",\"breadcrumb\":{\"@id\":\"https:\\\/\\\/www.organisator.ch\\\/allgemein\\\/2016-07-01\\\/innovationsfoerderung-fuer-kmu-verstaerkt\\\/#breadcrumb\"},\"inLanguage\":\"de\",\"potentialAction\":[{\"@type\":\"ReadAction\",\"target\":[\"https:\\\/\\\/www.organisator.ch\\\/allgemein\\\/2016-07-01\\\/innovationsfoerderung-fuer-kmu-verstaerkt\\\/\"]}]},{\"@type\":\"BreadcrumbList\",\"@id\":\"https:\\\/\\\/www.organisator.ch\\\/allgemein\\\/2016-07-01\\\/innovationsfoerderung-fuer-kmu-verstaerkt\\\/#breadcrumb\",\"itemListElement\":[{\"@type\":\"ListItem\",\"position\":1,\"name\":\"Home\",\"item\":\"https:\\\/\\\/www.organisator.ch\\\/\"},{\"@type\":\"ListItem\",\"position\":2,\"name\":\"Innovationsf\u00f6rderung f\u00fcr KMU verst\u00e4rkt\"}]},{\"@type\":\"WebSite\",\"@id\":\"https:\\\/\\\/www.organisator.ch\\\/#website\",\"url\":\"https:\\\/\\\/www.organisator.ch\\\/\",\"name\":\"Organisator\",\"description\":\"Kompetent. Praxisnah. Der ORGANISATOR bereitet in 10 Ausgaben pro Jahr die wesentlichen Themen f\u00fcr F\u00fchrungskr\u00e4fte von KMU auf.\",\"publisher\":{\"@id\":\"https:\\\/\\\/www.organisator.ch\\\/#organization\"},\"potentialAction\":[{\"@type\":\"SearchAction\",\"target\":{\"@type\":\"EntryPoint\",\"urlTemplate\":\"https:\\\/\\\/www.organisator.ch\\\/?s={search_term_string}\"},\"query-input\":{\"@type\":\"PropertyValueSpecification\",\"valueRequired\":true,\"valueName\":\"search_term_string\"}}],\"inLanguage\":\"de\"},{\"@type\":\"Organization\",\"@id\":\"https:\\\/\\\/www.organisator.ch\\\/#organization\",\"name\":\"Organisator\",\"url\":\"https:\\\/\\\/www.organisator.ch\\\/\",\"logo\":{\"@type\":\"ImageObject\",\"inLanguage\":\"de\",\"@id\":\"https:\\\/\\\/www.organisator.ch\\\/#\\\/schema\\\/logo\\\/image\\\/\",\"url\":\"https:\\\/\\\/www.organisator.ch\\\/wp-content\\\/uploads\\\/2022\\\/01\\\/Logo_Organisator_Website.png\",\"contentUrl\":\"https:\\\/\\\/www.organisator.ch\\\/wp-content\\\/uploads\\\/2022\\\/01\\\/Logo_Organisator_Website.png\",\"width\":800,\"height\":77,\"caption\":\"Organisator\"},\"image\":{\"@id\":\"https:\\\/\\\/www.organisator.ch\\\/#\\\/schema\\\/logo\\\/image\\\/\"},\"sameAs\":[\"https:\\\/\\\/www.facebook.com\\\/OrganisatorFachmagazin\",\"https:\\\/\\\/www.linkedin.com\\\/showcase\\\/organisator-das-magazin-fr-kmu\",\"https:\\\/\\\/www.xing.com\\\/news\\\/pages\\\/organisator-ch-695\",\"https:\\\/\\\/www.youtube.com\\\/channel\\\/UCGP2Sq0iWaZwT3BdIAQFYpw\"]},{\"@type\":\"Person\",\"@id\":\"https:\\\/\\\/www.organisator.ch\\\/#\\\/schema\\\/person\\\/aa2bace6c5c5aad60102004a50c4eb1c\",\"name\":\"admin\",\"image\":{\"@type\":\"ImageObject\",\"inLanguage\":\"de\",\"@id\":\"https:\\\/\\\/secure.gravatar.com\\\/avatar\\\/ae2f4d718e6c49043e314ce431e7e645d646302a24a5ef5a8bc8e3f5a032e319?s=96&d=mm&r=g\",\"url\":\"https:\\\/\\\/secure.gravatar.com\\\/avatar\\\/ae2f4d718e6c49043e314ce431e7e645d646302a24a5ef5a8bc8e3f5a032e319?s=96&d=mm&r=g\",\"contentUrl\":\"https:\\\/\\\/secure.gravatar.com\\\/avatar\\\/ae2f4d718e6c49043e314ce431e7e645d646302a24a5ef5a8bc8e3f5a032e319?s=96&d=mm&r=g\",\"caption\":\"admin\"},\"sameAs\":[\"https:\\\/\\\/www.organisator.ch\"],\"url\":\"https:\\\/\\\/www.organisator.ch\\\/de\\\/author\\\/admin\\\/\"}]}<\/script>\n<!-- \/ Yoast SEO plugin. -->","yoast_head_json":{"title":"Innovationsf\u00f6rderung f\u00fcr KMU verst\u00e4rkt - Organisator","description":"Exportorientierte KMU werden im laufenden Jahr mit zus\u00e4tzlichen 61 Millionen Franken f\u00fcr die Innovationsf\u00f6rderung unterst\u00fctzt.","robots":{"index":"index","follow":"follow","max-snippet":"max-snippet:-1","max-image-preview":"max-image-preview:large","max-video-preview":"max-video-preview:-1"},"canonical":"https:\/\/www.organisator.ch\/de\/allgemein\/2016-07-01\/innovationsfoerderung-fuer-kmu-verstaerkt\/","og_locale":"de_DE","og_type":"article","og_title":"Innovationsf\u00f6rderung f\u00fcr KMU verst\u00e4rkt - Organisator","og_description":"Exportorientierte KMU werden im laufenden Jahr mit zus\u00e4tzlichen 61 Millionen Franken f\u00fcr die Innovationsf\u00f6rderung unterst\u00fctzt.","og_url":"https:\/\/www.organisator.ch\/de\/allgemein\/2016-07-01\/innovationsfoerderung-fuer-kmu-verstaerkt\/","og_site_name":"Organisator","article_publisher":"https:\/\/www.facebook.com\/OrganisatorFachmagazin","article_published_time":"2016-07-01T14:22:30+00:00","article_modified_time":"2025-06-10T09:48:21+00:00","author":"admin","twitter_card":"summary_large_image","schema":{"@context":"https:\/\/schema.org","@graph":[{"@type":"Article","@id":"https:\/\/www.organisator.ch\/allgemein\/2016-07-01\/innovationsfoerderung-fuer-kmu-verstaerkt\/#article","isPartOf":{"@id":"https:\/\/www.organisator.ch\/allgemein\/2016-07-01\/innovationsfoerderung-fuer-kmu-verstaerkt\/"},"author":{"name":"admin","@id":"https:\/\/www.organisator.ch\/#\/schema\/person\/aa2bace6c5c5aad60102004a50c4eb1c"},"headline":"Innovationsf\u00f6rderung f\u00fcr KMU verst\u00e4rkt","datePublished":"2016-07-01T14:22:30+00:00","dateModified":"2025-06-10T09:48:21+00:00","mainEntityOfPage":{"@id":"https:\/\/www.organisator.ch\/allgemein\/2016-07-01\/innovationsfoerderung-fuer-kmu-verstaerkt\/"},"wordCount":293,"publisher":{"@id":"https:\/\/www.organisator.ch\/#organization"},"keywords":["F\u00f6rderung","Innovation","KMU","KTI"],"inLanguage":"de"},{"@type":"WebPage","@id":"https:\/\/www.organisator.ch\/allgemein\/2016-07-01\/innovationsfoerderung-fuer-kmu-verstaerkt\/","url":"https:\/\/www.organisator.ch\/allgemein\/2016-07-01\/innovationsfoerderung-fuer-kmu-verstaerkt\/","name":"Innovationsf\u00f6rderung f\u00fcr KMU verst\u00e4rkt - Organisator","isPartOf":{"@id":"https:\/\/www.organisator.ch\/#website"},"datePublished":"2016-07-01T14:22:30+00:00","dateModified":"2025-06-10T09:48:21+00:00","description":"Exportorientierte KMU werden im laufenden Jahr mit zus\u00e4tzlichen 61 Millionen Franken f\u00fcr die Innovationsf\u00f6rderung unterst\u00fctzt.","breadcrumb":{"@id":"https:\/\/www.organisator.ch\/allgemein\/2016-07-01\/innovationsfoerderung-fuer-kmu-verstaerkt\/#breadcrumb"},"inLanguage":"de","potentialAction":[{"@type":"ReadAction","target":["https:\/\/www.organisator.ch\/allgemein\/2016-07-01\/innovationsfoerderung-fuer-kmu-verstaerkt\/"]}]},{"@type":"BreadcrumbList","@id":"https:\/\/www.organisator.ch\/allgemein\/2016-07-01\/innovationsfoerderung-fuer-kmu-verstaerkt\/#breadcrumb","itemListElement":[{"@type":"ListItem","position":1,"name":"Home","item":"https:\/\/www.organisator.ch\/"},{"@type":"ListItem","position":2,"name":"Innovationsf\u00f6rderung f\u00fcr KMU verst\u00e4rkt"}]},{"@type":"WebSite","@id":"https:\/\/www.organisator.ch\/#website","url":"https:\/\/www.organisator.ch\/","name":"Organisator","description":"Kompetent. Praxisnah. Der ORGANISATOR bereitet in 10 Ausgaben pro Jahr die wesentlichen Themen f\u00fcr F\u00fchrungskr\u00e4fte von KMU auf.","publisher":{"@id":"https:\/\/www.organisator.ch\/#organization"},"potentialAction":[{"@type":"SearchAction","target":{"@type":"EntryPoint","urlTemplate":"https:\/\/www.organisator.ch\/?s={search_term_string}"},"query-input":{"@type":"PropertyValueSpecification","valueRequired":true,"valueName":"search_term_string"}}],"inLanguage":"de"},{"@type":"Organization","@id":"https:\/\/www.organisator.ch\/#organization","name":"Organisator","url":"https:\/\/www.organisator.ch\/","logo":{"@type":"ImageObject","inLanguage":"de","@id":"https:\/\/www.organisator.ch\/#\/schema\/logo\/image\/","url":"https:\/\/www.organisator.ch\/wp-content\/uploads\/2022\/01\/Logo_Organisator_Website.png","contentUrl":"https:\/\/www.organisator.ch\/wp-content\/uploads\/2022\/01\/Logo_Organisator_Website.png","width":800,"height":77,"caption":"Organisator"},"image":{"@id":"https:\/\/www.organisator.ch\/#\/schema\/logo\/image\/"},"sameAs":["https:\/\/www.facebook.com\/OrganisatorFachmagazin","https:\/\/www.linkedin.com\/showcase\/organisator-das-magazin-fr-kmu","https:\/\/www.xing.com\/news\/pages\/organisator-ch-695","https:\/\/www.youtube.com\/channel\/UCGP2Sq0iWaZwT3BdIAQFYpw"]},{"@type":"Person","@id":"https:\/\/www.organisator.ch\/#\/schema\/person\/aa2bace6c5c5aad60102004a50c4eb1c","name":"admin","image":{"@type":"ImageObject","inLanguage":"de","@id":"https:\/\/secure.gravatar.com\/avatar\/ae2f4d718e6c49043e314ce431e7e645d646302a24a5ef5a8bc8e3f5a032e319?s=96&d=mm&r=g","url":"https:\/\/secure.gravatar.com\/avatar\/ae2f4d718e6c49043e314ce431e7e645d646302a24a5ef5a8bc8e3f5a032e319?s=96&d=mm&r=g","contentUrl":"https:\/\/secure.gravatar.com\/avatar\/ae2f4d718e6c49043e314ce431e7e645d646302a24a5ef5a8bc8e3f5a032e319?s=96&d=mm&r=g","caption":"admin"},"sameAs":["https:\/\/www.organisator.ch"],"url":"https:\/\/www.organisator.ch\/de\/author\/admin\/"}]}},"_links":{"self":[{"href":"https:\/\/www.organisator.ch\/de\/wp-json\/wp\/v2\/posts\/9948","targetHints":{"allow":["GET"]}}],"collection":[{"href":"https:\/\/www.organisator.ch\/de\/wp-json\/wp\/v2\/posts"}],"about":[{"href":"https:\/\/www.organisator.ch\/de\/wp-json\/wp\/v2\/types\/post"}],"author":[{"embeddable":true,"href":"https:\/\/www.organisator.ch\/de\/wp-json\/wp\/v2\/users\/1"}],"replies":[{"embeddable":true,"href":"https:\/\/www.organisator.ch\/de\/wp-json\/wp\/v2\/comments?post=9948"}],"version-history":[{"count":1,"href":"https:\/\/www.organisator.ch\/de\/wp-json\/wp\/v2\/posts\/9948\/revisions"}],"predecessor-version":[{"id":38779,"href":"https:\/\/www.organisator.ch\/de\/wp-json\/wp\/v2\/posts\/9948\/revisions\/38779"}],"wp:attachment":[{"href":"https:\/\/www.organisator.ch\/de\/wp-json\/wp\/v2\/media?parent=9948"}],"wp:term":[{"taxonomy":"category","embeddable":true,"href":"https:\/\/www.organisator.ch\/de\/wp-json\/wp\/v2\/categories?post=9948"},{"taxonomy":"post_tag","embeddable":true,"href":"https:\/\/www.organisator.ch\/de\/wp-json\/wp\/v2\/tags?post=9948"}],"curies":[{"name":"wp","href":"https:\/\/api.w.org\/{rel}","templated":true}]}}