{"id":9952,"date":"2016-07-19T16:44:01","date_gmt":"2016-07-19T14:44:01","guid":{"rendered":"https:\/\/dev.umweltperspektiven.ch\/?p=420"},"modified":"2022-02-09T11:06:58","modified_gmt":"2022-02-09T10:06:58","slug":"co2-kompensationen-erstmals-ruecklaeufig","status":"publish","type":"post","link":"https:\/\/www.organisator.ch\/de\/sustainability\/2016-07-19\/co2-kompensationen-erstmals-ruecklaeufig\/","title":{"rendered":"CO2-Kompensationen erstmals r\u00fcckl\u00e4ufig"},"content":{"rendered":"<figure id=\"attachment_421\" aria-describedby=\"caption-attachment-421\" style=\"width: 680px\" class=\"wp-caption alignnone\"><a href=\"\/\/dev.umweltperspektiven.ch\/wp-content\/uploads\/2016\/12\/CO2-Kompensationen-erstmals-r\u00fcckl\u00e4ufig-umweltperspektiven.jpg\"><img loading=\"lazy\" decoding=\"async\" class=\"size-medium wp-image-421\" src=\"\/\/dev.umweltperspektiven.ch\/wp-content\/uploads\/2016\/12\/CO2-Kompensationen-erstmals-r\u00fcckl\u00e4ufig-umweltperspektiven.jpg\" alt=\"Trotz immer g\u00fcnstigerer Preise verzichten immer mehr Schweizer darauf, ihren CO2-Ausstoss zu kompensieren.\" width=\"680\" height=\"510\" \/><\/a><figcaption id=\"caption-attachment-421\" class=\"wp-caption-text\">Trotz immer g\u00fcnstigerer Preise verzichten immer mehr Schweizer darauf, ihren CO2-Ausstoss zu kompensieren.<\/figcaption><\/figure>\n<p>Die freiwillige Kompensation von CO2-Emissionen ist erstmals r\u00fcckl\u00e4ufig: Dies meldet die Stiftung MyClimate in ihrem <a href=\"https:\/\/www.myclimate.org\/fileadmin\/myc\/ueber-uns\/jahresbericht\/myclimate-jahresbericht-2015.pdf\" target=\"_blank\" data-cke-saved-href=\"\/\/www.myclimate.org\/fileadmin\/myc\/ueber-uns\/jahresbericht\/myclimate-jahresbericht-2015.pdf\" rel=\"noopener\">Jahresbericht 2015<\/a>. Insgesamt wurden im vergangenen Jahr 550&#8217;000 Tonnen CO2 mit den Klimaschutzprojekten der Stiftung kompensiert, was dem Niveau von 2013 entspricht.<\/p>\n<p>Das vergangene Jahr war eigentlich ein Positives f\u00fcr den Klimaschutz: Mit dem Pariser Abkommen bekannte sich die Welt erstmals zu klimaverbessernden Massnahmen. Gleichzeitig waren die \u00d6l- und Energiepreise auf einem rekordtiefen Niveau &#8211; was den Kompensationszahlungen eigentlich h\u00e4tte Schub geben m\u00fcssen. Denn die Zahlungen f\u00fcr die 13,5 Tonnen CO2, die der durchschnittliche Schweizer pro Kopf und Jahr ausst\u00f6sst, sind mit 400 Franken g\u00fcnstiger, als was er dank der tiefen Preise eingespart hat.<\/p>\n<p>MyClimate beklagt die mangelnde Bereitschaft von Privatpersonen und Unternehmen, ihren Ausstoss freiwillig zu kompensieren. Ren\u00e9 Estermann bringt es im Bericht auf den Punkt:\u00a0\u00abWir k\u00f6nnten und m\u00f6chten mit Biogasanlagen, effizienten Kochern oder Solaranlagen gerne deutlich rascher deutlich mehr Klimaschutz realisieren. Wir m\u00fcssen contre c\u0153ur jedoch aufgrund mangelnder finanzieller Mittel bestehende Projekte in ihrer Entwicklung massiv beschr\u00e4nken. Zudem stehen zig m\u00f6gliche neue Projekte in der Warteschlange. Auch diese m\u00fcssen wir auf den Zeitpunkt vertr\u00f6sten, wenn mehr Firmen und Leute bereit sind, die Kosten ihrer CO2-Emissionen zu internalisieren bzw. es dann m\u00fcssen.\u00bb<\/p>\n<p><strong>Kooperationen verst\u00e4rken<\/strong><\/p>\n<p>Eine erfreuliche Meldung gibt es immerhin: <a href=\"http:\/\/co2.myclimate.org\/de\/offset_further_emissions\" target=\"_blank\" data-cke-saved-href=\"\/\/co2.myclimate.org\/de\/offset_further_emissions\" rel=\"noopener\">Die Rechner von MyClimate<\/a> wurden von 25% mehr Personen genutzt. Damit k\u00f6nnen die Nutzer\u00a0berechnen, wie viel CO2-Emissionen bei\u00a0Fl\u00fcgen, Autofahrten, im Haushalt oder in der Firma generiert werden.<\/p>\n<p>Zudem will MyClimate verst\u00e4rkt Kooperationen anstreben, wie sie etwa bereits mit Mobility oder dem deutschen Mobilit\u00e4tsanbieter BlaBlaCars besteht: W\u00e4hrend bei ersteren die Kunden bei jeder Buchung gefragt werden, ob sie ihre Fahrt kompensieren wollen, ist die Kompensation bei letzteren bereits automatisch im Buchungspreis mit einberechnet. Die Nutzer von BlaBlaCars k\u00f6nnen zudem dar\u00fcber abstimmen, in welche Projekte die Gelder investiert werden sollen.<\/p>\n","protected":false},"excerpt":{"rendered":"<p>Die freiwillige Kompensation von CO2-Emissionen ist erstmals r\u00fcckl\u00e4ufig: Dies meldet die Stiftung MyClimate in ihrem Jahresbericht 2015. Insgesamt wurden im vergangenen Jahr 550&#8217;000 Tonnen CO2 mit den Klimaschutzprojekten der Stiftung kompensiert, was dem Niveau von 2013 entspricht. Das vergangene Jahr war eigentlich ein Positives f\u00fcr den Klimaschutz: Mit dem Pariser Abkommen bekannte sich die Welt [&hellip;]<\/p>\n","protected":false},"author":1,"featured_media":421,"comment_status":"open","ping_status":"open","sticky":false,"template":"","format":"standard","meta":{"_acf_changed":false,"_yoast_wpseo_focuskw":"CO2","_yoast_wpseo_metadesc":"Die Schweizer wollen ihren CO2-Verbrauch immer weniger kompensieren: Die Stiftung MyClimate meldet zum ersten Mal r\u00fcckl\u00e4ufige Zahlen.","articlekey":"","footnotes":""},"categories":[580],"tags":[928,1047,1550,1749],"class_list":["post-9952","post","type-post","status-publish","format-standard","has-post-thumbnail","hentry","category-sustainability","tag-co2","tag-emissionen","tag-kompensation","tag-myclimate"],"acf":[],"yoast_head":"<!-- This site is optimized with the Yoast SEO plugin v27.5 - https:\/\/yoast.com\/product\/yoast-seo-wordpress\/ -->\n<title>CO2-Kompensationen erstmals r\u00fcckl\u00e4ufig - Organisator<\/title>\n<meta name=\"description\" content=\"Die Schweizer wollen ihren CO2-Verbrauch immer weniger kompensieren: Die Stiftung MyClimate meldet zum ersten Mal r\u00fcckl\u00e4ufige Zahlen.\" \/>\n<meta name=\"robots\" content=\"index, follow, max-snippet:-1, max-image-preview:large, max-video-preview:-1\" \/>\n<link rel=\"canonical\" href=\"https:\/\/www.organisator.ch\/de\/sustainability\/2016-07-19\/co2-kompensationen-erstmals-ruecklaeufig\/\" \/>\n<meta property=\"og:locale\" content=\"de_DE\" \/>\n<meta property=\"og:type\" content=\"article\" \/>\n<meta property=\"og:title\" content=\"CO2-Kompensationen erstmals r\u00fcckl\u00e4ufig - Organisator\" \/>\n<meta property=\"og:description\" content=\"Die Schweizer wollen ihren CO2-Verbrauch immer weniger kompensieren: Die Stiftung MyClimate meldet zum ersten Mal r\u00fcckl\u00e4ufige Zahlen.\" \/>\n<meta property=\"og:url\" content=\"https:\/\/www.organisator.ch\/de\/sustainability\/2016-07-19\/co2-kompensationen-erstmals-ruecklaeufig\/\" \/>\n<meta property=\"og:site_name\" content=\"Organisator\" \/>\n<meta property=\"article:publisher\" content=\"https:\/\/www.facebook.com\/OrganisatorFachmagazin\" \/>\n<meta property=\"article:published_time\" content=\"2016-07-19T14:44:01+00:00\" \/>\n<meta property=\"article:modified_time\" content=\"2022-02-09T10:06:58+00:00\" \/>\n<meta property=\"og:image\" content=\"https:\/\/www.organisator.ch\/wp-content\/uploads\/2016\/12\/CO2-Kompensationen-erstmals-ruecklaeufig-umweltperspektiven.jpg\" \/>\n\t<meta property=\"og:image:width\" content=\"1000\" \/>\n\t<meta property=\"og:image:height\" content=\"750\" \/>\n\t<meta property=\"og:image:type\" content=\"image\/jpeg\" \/>\n<meta name=\"author\" content=\"admin\" \/>\n<meta name=\"twitter:card\" content=\"summary_large_image\" \/>\n<script type=\"application\/ld+json\" class=\"yoast-schema-graph\">{\"@context\":\"https:\\\/\\\/schema.org\",\"@graph\":[{\"@type\":\"Article\",\"@id\":\"https:\\\/\\\/www.organisator.ch\\\/sustainability\\\/2016-07-19\\\/co2-kompensationen-erstmals-ruecklaeufig\\\/#article\",\"isPartOf\":{\"@id\":\"https:\\\/\\\/www.organisator.ch\\\/sustainability\\\/2016-07-19\\\/co2-kompensationen-erstmals-ruecklaeufig\\\/\"},\"author\":{\"name\":\"admin\",\"@id\":\"https:\\\/\\\/www.organisator.ch\\\/#\\\/schema\\\/person\\\/aa2bace6c5c5aad60102004a50c4eb1c\"},\"headline\":\"CO2-Kompensationen erstmals r\u00fcckl\u00e4ufig\",\"datePublished\":\"2016-07-19T14:44:01+00:00\",\"dateModified\":\"2022-02-09T10:06:58+00:00\",\"mainEntityOfPage\":{\"@id\":\"https:\\\/\\\/www.organisator.ch\\\/sustainability\\\/2016-07-19\\\/co2-kompensationen-erstmals-ruecklaeufig\\\/\"},\"wordCount\":347,\"commentCount\":0,\"publisher\":{\"@id\":\"https:\\\/\\\/www.organisator.ch\\\/#organization\"},\"image\":{\"@id\":\"https:\\\/\\\/www.organisator.ch\\\/sustainability\\\/2016-07-19\\\/co2-kompensationen-erstmals-ruecklaeufig\\\/#primaryimage\"},\"thumbnailUrl\":\"https:\\\/\\\/www.organisator.ch\\\/wp-content\\\/uploads\\\/2016\\\/12\\\/CO2-Kompensationen-erstmals-ruecklaeufig-umweltperspektiven.jpg\",\"keywords\":[\"CO2\",\"Emissionen\",\"Kompensation\",\"myclimate\"],\"articleSection\":[\"SUSTAINABILITY\"],\"inLanguage\":\"de\"},{\"@type\":\"WebPage\",\"@id\":\"https:\\\/\\\/www.organisator.ch\\\/sustainability\\\/2016-07-19\\\/co2-kompensationen-erstmals-ruecklaeufig\\\/\",\"url\":\"https:\\\/\\\/www.organisator.ch\\\/sustainability\\\/2016-07-19\\\/co2-kompensationen-erstmals-ruecklaeufig\\\/\",\"name\":\"CO2-Kompensationen erstmals r\u00fcckl\u00e4ufig - Organisator\",\"isPartOf\":{\"@id\":\"https:\\\/\\\/www.organisator.ch\\\/#website\"},\"primaryImageOfPage\":{\"@id\":\"https:\\\/\\\/www.organisator.ch\\\/sustainability\\\/2016-07-19\\\/co2-kompensationen-erstmals-ruecklaeufig\\\/#primaryimage\"},\"image\":{\"@id\":\"https:\\\/\\\/www.organisator.ch\\\/sustainability\\\/2016-07-19\\\/co2-kompensationen-erstmals-ruecklaeufig\\\/#primaryimage\"},\"thumbnailUrl\":\"https:\\\/\\\/www.organisator.ch\\\/wp-content\\\/uploads\\\/2016\\\/12\\\/CO2-Kompensationen-erstmals-ruecklaeufig-umweltperspektiven.jpg\",\"datePublished\":\"2016-07-19T14:44:01+00:00\",\"dateModified\":\"2022-02-09T10:06:58+00:00\",\"description\":\"Die Schweizer wollen ihren CO2-Verbrauch immer weniger kompensieren: Die Stiftung MyClimate meldet zum ersten Mal r\u00fcckl\u00e4ufige Zahlen.\",\"breadcrumb\":{\"@id\":\"https:\\\/\\\/www.organisator.ch\\\/sustainability\\\/2016-07-19\\\/co2-kompensationen-erstmals-ruecklaeufig\\\/#breadcrumb\"},\"inLanguage\":\"de\",\"potentialAction\":[{\"@type\":\"ReadAction\",\"target\":[\"https:\\\/\\\/www.organisator.ch\\\/sustainability\\\/2016-07-19\\\/co2-kompensationen-erstmals-ruecklaeufig\\\/\"]}]},{\"@type\":\"ImageObject\",\"inLanguage\":\"de\",\"@id\":\"https:\\\/\\\/www.organisator.ch\\\/sustainability\\\/2016-07-19\\\/co2-kompensationen-erstmals-ruecklaeufig\\\/#primaryimage\",\"url\":\"https:\\\/\\\/www.organisator.ch\\\/wp-content\\\/uploads\\\/2016\\\/12\\\/CO2-Kompensationen-erstmals-ruecklaeufig-umweltperspektiven.jpg\",\"contentUrl\":\"https:\\\/\\\/www.organisator.ch\\\/wp-content\\\/uploads\\\/2016\\\/12\\\/CO2-Kompensationen-erstmals-ruecklaeufig-umweltperspektiven.jpg\",\"width\":1000,\"height\":750,\"caption\":\"Trotz immer g\u00fcnstigerer Preise verzichten immer mehr Schweizer darauf, ihren CO2-Ausstoss zu kompensieren.\"},{\"@type\":\"BreadcrumbList\",\"@id\":\"https:\\\/\\\/www.organisator.ch\\\/sustainability\\\/2016-07-19\\\/co2-kompensationen-erstmals-ruecklaeufig\\\/#breadcrumb\",\"itemListElement\":[{\"@type\":\"ListItem\",\"position\":1,\"name\":\"Home\",\"item\":\"https:\\\/\\\/www.organisator.ch\\\/\"},{\"@type\":\"ListItem\",\"position\":2,\"name\":\"CO2-Kompensationen erstmals r\u00fcckl\u00e4ufig\"}]},{\"@type\":\"WebSite\",\"@id\":\"https:\\\/\\\/www.organisator.ch\\\/#website\",\"url\":\"https:\\\/\\\/www.organisator.ch\\\/\",\"name\":\"Organisator\",\"description\":\"Kompetent. Praxisnah. Der ORGANISATOR bereitet in 10 Ausgaben pro Jahr die wesentlichen Themen f\u00fcr F\u00fchrungskr\u00e4fte von KMU auf.\",\"publisher\":{\"@id\":\"https:\\\/\\\/www.organisator.ch\\\/#organization\"},\"potentialAction\":[{\"@type\":\"SearchAction\",\"target\":{\"@type\":\"EntryPoint\",\"urlTemplate\":\"https:\\\/\\\/www.organisator.ch\\\/?s={search_term_string}\"},\"query-input\":{\"@type\":\"PropertyValueSpecification\",\"valueRequired\":true,\"valueName\":\"search_term_string\"}}],\"inLanguage\":\"de\"},{\"@type\":\"Organization\",\"@id\":\"https:\\\/\\\/www.organisator.ch\\\/#organization\",\"name\":\"Organisator\",\"url\":\"https:\\\/\\\/www.organisator.ch\\\/\",\"logo\":{\"@type\":\"ImageObject\",\"inLanguage\":\"de\",\"@id\":\"https:\\\/\\\/www.organisator.ch\\\/#\\\/schema\\\/logo\\\/image\\\/\",\"url\":\"https:\\\/\\\/www.organisator.ch\\\/wp-content\\\/uploads\\\/2022\\\/01\\\/Logo_Organisator_Website.png\",\"contentUrl\":\"https:\\\/\\\/www.organisator.ch\\\/wp-content\\\/uploads\\\/2022\\\/01\\\/Logo_Organisator_Website.png\",\"width\":800,\"height\":77,\"caption\":\"Organisator\"},\"image\":{\"@id\":\"https:\\\/\\\/www.organisator.ch\\\/#\\\/schema\\\/logo\\\/image\\\/\"},\"sameAs\":[\"https:\\\/\\\/www.facebook.com\\\/OrganisatorFachmagazin\",\"https:\\\/\\\/www.linkedin.com\\\/showcase\\\/organisator-das-magazin-fr-kmu\",\"https:\\\/\\\/www.xing.com\\\/news\\\/pages\\\/organisator-ch-695\",\"https:\\\/\\\/www.youtube.com\\\/channel\\\/UCGP2Sq0iWaZwT3BdIAQFYpw\"]},{\"@type\":\"Person\",\"@id\":\"https:\\\/\\\/www.organisator.ch\\\/#\\\/schema\\\/person\\\/aa2bace6c5c5aad60102004a50c4eb1c\",\"name\":\"admin\",\"image\":{\"@type\":\"ImageObject\",\"inLanguage\":\"de\",\"@id\":\"https:\\\/\\\/secure.gravatar.com\\\/avatar\\\/ae2f4d718e6c49043e314ce431e7e645d646302a24a5ef5a8bc8e3f5a032e319?s=96&d=mm&r=g\",\"url\":\"https:\\\/\\\/secure.gravatar.com\\\/avatar\\\/ae2f4d718e6c49043e314ce431e7e645d646302a24a5ef5a8bc8e3f5a032e319?s=96&d=mm&r=g\",\"contentUrl\":\"https:\\\/\\\/secure.gravatar.com\\\/avatar\\\/ae2f4d718e6c49043e314ce431e7e645d646302a24a5ef5a8bc8e3f5a032e319?s=96&d=mm&r=g\",\"caption\":\"admin\"},\"sameAs\":[\"https:\\\/\\\/www.organisator.ch\"],\"url\":\"https:\\\/\\\/www.organisator.ch\\\/de\\\/author\\\/admin\\\/\"}]}<\/script>\n<!-- \/ Yoast SEO plugin. -->","yoast_head_json":{"title":"CO2-Kompensationen erstmals r\u00fcckl\u00e4ufig - Organisator","description":"Die Schweizer wollen ihren CO2-Verbrauch immer weniger kompensieren: Die Stiftung MyClimate meldet zum ersten Mal r\u00fcckl\u00e4ufige Zahlen.","robots":{"index":"index","follow":"follow","max-snippet":"max-snippet:-1","max-image-preview":"max-image-preview:large","max-video-preview":"max-video-preview:-1"},"canonical":"https:\/\/www.organisator.ch\/de\/sustainability\/2016-07-19\/co2-kompensationen-erstmals-ruecklaeufig\/","og_locale":"de_DE","og_type":"article","og_title":"CO2-Kompensationen erstmals r\u00fcckl\u00e4ufig - Organisator","og_description":"Die Schweizer wollen ihren CO2-Verbrauch immer weniger kompensieren: Die Stiftung MyClimate meldet zum ersten Mal r\u00fcckl\u00e4ufige Zahlen.","og_url":"https:\/\/www.organisator.ch\/de\/sustainability\/2016-07-19\/co2-kompensationen-erstmals-ruecklaeufig\/","og_site_name":"Organisator","article_publisher":"https:\/\/www.facebook.com\/OrganisatorFachmagazin","article_published_time":"2016-07-19T14:44:01+00:00","article_modified_time":"2022-02-09T10:06:58+00:00","og_image":[{"width":1000,"height":750,"url":"https:\/\/www.organisator.ch\/wp-content\/uploads\/2016\/12\/CO2-Kompensationen-erstmals-ruecklaeufig-umweltperspektiven.jpg","type":"image\/jpeg"}],"author":"admin","twitter_card":"summary_large_image","schema":{"@context":"https:\/\/schema.org","@graph":[{"@type":"Article","@id":"https:\/\/www.organisator.ch\/sustainability\/2016-07-19\/co2-kompensationen-erstmals-ruecklaeufig\/#article","isPartOf":{"@id":"https:\/\/www.organisator.ch\/sustainability\/2016-07-19\/co2-kompensationen-erstmals-ruecklaeufig\/"},"author":{"name":"admin","@id":"https:\/\/www.organisator.ch\/#\/schema\/person\/aa2bace6c5c5aad60102004a50c4eb1c"},"headline":"CO2-Kompensationen erstmals r\u00fcckl\u00e4ufig","datePublished":"2016-07-19T14:44:01+00:00","dateModified":"2022-02-09T10:06:58+00:00","mainEntityOfPage":{"@id":"https:\/\/www.organisator.ch\/sustainability\/2016-07-19\/co2-kompensationen-erstmals-ruecklaeufig\/"},"wordCount":347,"commentCount":0,"publisher":{"@id":"https:\/\/www.organisator.ch\/#organization"},"image":{"@id":"https:\/\/www.organisator.ch\/sustainability\/2016-07-19\/co2-kompensationen-erstmals-ruecklaeufig\/#primaryimage"},"thumbnailUrl":"https:\/\/www.organisator.ch\/wp-content\/uploads\/2016\/12\/CO2-Kompensationen-erstmals-ruecklaeufig-umweltperspektiven.jpg","keywords":["CO2","Emissionen","Kompensation","myclimate"],"articleSection":["SUSTAINABILITY"],"inLanguage":"de"},{"@type":"WebPage","@id":"https:\/\/www.organisator.ch\/sustainability\/2016-07-19\/co2-kompensationen-erstmals-ruecklaeufig\/","url":"https:\/\/www.organisator.ch\/sustainability\/2016-07-19\/co2-kompensationen-erstmals-ruecklaeufig\/","name":"CO2-Kompensationen erstmals r\u00fcckl\u00e4ufig - Organisator","isPartOf":{"@id":"https:\/\/www.organisator.ch\/#website"},"primaryImageOfPage":{"@id":"https:\/\/www.organisator.ch\/sustainability\/2016-07-19\/co2-kompensationen-erstmals-ruecklaeufig\/#primaryimage"},"image":{"@id":"https:\/\/www.organisator.ch\/sustainability\/2016-07-19\/co2-kompensationen-erstmals-ruecklaeufig\/#primaryimage"},"thumbnailUrl":"https:\/\/www.organisator.ch\/wp-content\/uploads\/2016\/12\/CO2-Kompensationen-erstmals-ruecklaeufig-umweltperspektiven.jpg","datePublished":"2016-07-19T14:44:01+00:00","dateModified":"2022-02-09T10:06:58+00:00","description":"Die Schweizer wollen ihren CO2-Verbrauch immer weniger kompensieren: Die Stiftung MyClimate meldet zum ersten Mal r\u00fcckl\u00e4ufige Zahlen.","breadcrumb":{"@id":"https:\/\/www.organisator.ch\/sustainability\/2016-07-19\/co2-kompensationen-erstmals-ruecklaeufig\/#breadcrumb"},"inLanguage":"de","potentialAction":[{"@type":"ReadAction","target":["https:\/\/www.organisator.ch\/sustainability\/2016-07-19\/co2-kompensationen-erstmals-ruecklaeufig\/"]}]},{"@type":"ImageObject","inLanguage":"de","@id":"https:\/\/www.organisator.ch\/sustainability\/2016-07-19\/co2-kompensationen-erstmals-ruecklaeufig\/#primaryimage","url":"https:\/\/www.organisator.ch\/wp-content\/uploads\/2016\/12\/CO2-Kompensationen-erstmals-ruecklaeufig-umweltperspektiven.jpg","contentUrl":"https:\/\/www.organisator.ch\/wp-content\/uploads\/2016\/12\/CO2-Kompensationen-erstmals-ruecklaeufig-umweltperspektiven.jpg","width":1000,"height":750,"caption":"Trotz immer g\u00fcnstigerer Preise verzichten immer mehr Schweizer darauf, ihren CO2-Ausstoss zu kompensieren."},{"@type":"BreadcrumbList","@id":"https:\/\/www.organisator.ch\/sustainability\/2016-07-19\/co2-kompensationen-erstmals-ruecklaeufig\/#breadcrumb","itemListElement":[{"@type":"ListItem","position":1,"name":"Home","item":"https:\/\/www.organisator.ch\/"},{"@type":"ListItem","position":2,"name":"CO2-Kompensationen erstmals r\u00fcckl\u00e4ufig"}]},{"@type":"WebSite","@id":"https:\/\/www.organisator.ch\/#website","url":"https:\/\/www.organisator.ch\/","name":"Organisator","description":"Kompetent. Praxisnah. Der ORGANISATOR bereitet in 10 Ausgaben pro Jahr die wesentlichen Themen f\u00fcr F\u00fchrungskr\u00e4fte von KMU auf.","publisher":{"@id":"https:\/\/www.organisator.ch\/#organization"},"potentialAction":[{"@type":"SearchAction","target":{"@type":"EntryPoint","urlTemplate":"https:\/\/www.organisator.ch\/?s={search_term_string}"},"query-input":{"@type":"PropertyValueSpecification","valueRequired":true,"valueName":"search_term_string"}}],"inLanguage":"de"},{"@type":"Organization","@id":"https:\/\/www.organisator.ch\/#organization","name":"Organisator","url":"https:\/\/www.organisator.ch\/","logo":{"@type":"ImageObject","inLanguage":"de","@id":"https:\/\/www.organisator.ch\/#\/schema\/logo\/image\/","url":"https:\/\/www.organisator.ch\/wp-content\/uploads\/2022\/01\/Logo_Organisator_Website.png","contentUrl":"https:\/\/www.organisator.ch\/wp-content\/uploads\/2022\/01\/Logo_Organisator_Website.png","width":800,"height":77,"caption":"Organisator"},"image":{"@id":"https:\/\/www.organisator.ch\/#\/schema\/logo\/image\/"},"sameAs":["https:\/\/www.facebook.com\/OrganisatorFachmagazin","https:\/\/www.linkedin.com\/showcase\/organisator-das-magazin-fr-kmu","https:\/\/www.xing.com\/news\/pages\/organisator-ch-695","https:\/\/www.youtube.com\/channel\/UCGP2Sq0iWaZwT3BdIAQFYpw"]},{"@type":"Person","@id":"https:\/\/www.organisator.ch\/#\/schema\/person\/aa2bace6c5c5aad60102004a50c4eb1c","name":"admin","image":{"@type":"ImageObject","inLanguage":"de","@id":"https:\/\/secure.gravatar.com\/avatar\/ae2f4d718e6c49043e314ce431e7e645d646302a24a5ef5a8bc8e3f5a032e319?s=96&d=mm&r=g","url":"https:\/\/secure.gravatar.com\/avatar\/ae2f4d718e6c49043e314ce431e7e645d646302a24a5ef5a8bc8e3f5a032e319?s=96&d=mm&r=g","contentUrl":"https:\/\/secure.gravatar.com\/avatar\/ae2f4d718e6c49043e314ce431e7e645d646302a24a5ef5a8bc8e3f5a032e319?s=96&d=mm&r=g","caption":"admin"},"sameAs":["https:\/\/www.organisator.ch"],"url":"https:\/\/www.organisator.ch\/de\/author\/admin\/"}]}},"_links":{"self":[{"href":"https:\/\/www.organisator.ch\/de\/wp-json\/wp\/v2\/posts\/9952","targetHints":{"allow":["GET"]}}],"collection":[{"href":"https:\/\/www.organisator.ch\/de\/wp-json\/wp\/v2\/posts"}],"about":[{"href":"https:\/\/www.organisator.ch\/de\/wp-json\/wp\/v2\/types\/post"}],"author":[{"embeddable":true,"href":"https:\/\/www.organisator.ch\/de\/wp-json\/wp\/v2\/users\/1"}],"replies":[{"embeddable":true,"href":"https:\/\/www.organisator.ch\/de\/wp-json\/wp\/v2\/comments?post=9952"}],"version-history":[{"count":1,"href":"https:\/\/www.organisator.ch\/de\/wp-json\/wp\/v2\/posts\/9952\/revisions"}],"predecessor-version":[{"id":10751,"href":"https:\/\/www.organisator.ch\/de\/wp-json\/wp\/v2\/posts\/9952\/revisions\/10751"}],"wp:featuredmedia":[{"embeddable":true,"href":"https:\/\/www.organisator.ch\/de\/wp-json\/wp\/v2\/media\/421"}],"wp:attachment":[{"href":"https:\/\/www.organisator.ch\/de\/wp-json\/wp\/v2\/media?parent=9952"}],"wp:term":[{"taxonomy":"category","embeddable":true,"href":"https:\/\/www.organisator.ch\/de\/wp-json\/wp\/v2\/categories?post=9952"},{"taxonomy":"post_tag","embeddable":true,"href":"https:\/\/www.organisator.ch\/de\/wp-json\/wp\/v2\/tags?post=9952"}],"curies":[{"name":"wp","href":"https:\/\/api.w.org\/{rel}","templated":true}]}}