{"id":9953,"date":"2016-07-21T16:46:14","date_gmt":"2016-07-21T14:46:14","guid":{"rendered":"https:\/\/dev.umweltperspektiven.ch\/?p=424"},"modified":"2016-07-21T16:46:14","modified_gmt":"2016-07-21T14:46:14","slug":"solardaecher-autopiloten-und-lastwagen-das-ist-der-neue-tesla-masterplan","status":"publish","type":"post","link":"https:\/\/www.organisator.ch\/de\/allgemein\/2016-07-21\/solardaecher-autopiloten-und-lastwagen-das-ist-der-neue-tesla-masterplan\/","title":{"rendered":"Solard\u00e4cher, Autopiloten und Lastwagen: Das ist der neue Tesla-Masterplan"},"content":{"rendered":"<figure id=\"attachment_425\" aria-describedby=\"caption-attachment-425\" style=\"width: 680px\" class=\"wp-caption alignnone\"><a href=\"\/\/dev.umweltperspektiven.ch\/wp-content\/uploads\/2016\/12\/Solard\u00e4cher-Autopiloten-und-Lastwagen-Das-ist-der-neue-Tesla-Masterplan-umweltperspektiven.jpg\"><img loading=\"lazy\" decoding=\"async\" class=\"size-medium wp-image-425\" src=\"\/\/dev.umweltperspektiven.ch\/wp-content\/uploads\/2016\/12\/Solard\u00e4cher-Autopiloten-und-Lastwagen-Das-ist-der-neue-Tesla-Masterplan-umweltperspektiven.jpg\" alt=\"Elon Musk will mit Tesla hoch hinaus.\" width=\"680\" height=\"565\" \/><\/a><figcaption id=\"caption-attachment-425\" class=\"wp-caption-text\">Elon Musk will mit Tesla hoch hinaus.<\/figcaption><\/figure>\n<p>Tesla ver\u00f6ffentlicht einen neuen Masterplan f\u00fcr seine Elektrofahrzeuge. Als zentrales Ziel nennt Gr\u00fcnder Elon Musk, die Ankunft des Zeitalters der erneuerbaren Energie zu beschleunigen &#8211; denn: &#8222;Je schneller wir Nachhaltigkeit erreichen, desto besser.&#8220;<\/p>\n<p>Vier Punkte stellt Musk daf\u00fcr ins Zentrum<\/p>\n<p>1) Solarstrom und Speicher: Teslas sollen k\u00fcnftig mit einem integrierten Solardach mit Batterieeinheit ausgestattet werden. Dazu soll die\u00a0ebenfalls von Elon Musk gegr\u00fcndete\u00a0PV-Spezialistin\u00a0Solarcity in Tesla integriert werden.<\/p>\n<p>2) Neue Segmente: Neben neuen Fahrzeugtypen\u00a0f\u00fcr den privaten Gebrauch sollen k\u00fcnftig auch Warentransporte mit Tesla-Technologie ausgestattet werden. Geplant sind zun\u00e4chst Pickups und SUVs, darauf folgen sollen Lastwagen und Fahrzeuge f\u00fcr den \u00f6ffentlichen Verkehr. Die beiden letzteren Typen befinden sind momentan noch in der Planungsphase und sollen n\u00e4chstes Jahr erstmals vorgestellt werden.<\/p>\n<p>3) Autonomie: Trotz den ersten Negativschlagzeilen zum Autopiloten will Tesla die autonome Lenkung vorantreiben. Sobald der Autopilot nachweislich zehnmal sicherer sei als das\u00a0durchschnittliche amerikanische Fahrzeug, wird er definitiv aus der Testphase freigegeben. Die gr\u00f6sste Herausforderung nach wie vor die Software, so Musk. Dennoch: Schon heute sei teilautonomes Fahren sicherer als eine Person, die ohne Unterst\u00fctzung f\u00e4hrt.<\/p>\n<p>4) Carsharing: K\u00fcnftig sollen Teslabesitzer mit ihrem Fahrzeug Geld verdienen, wenn sie es nicht ben\u00fctzen. Die Vision: Mit einem Tastendruck auf einer App kann der Besitzer sein Auto zur Nutzung\u00a0freigeben. Der Autopilot f\u00e4hrt das Fahrzeug selbst\u00e4ndig zum Kunden &#8211; und kommt autonom wieder zum Besitzer zur\u00fcck, wenn er es wieder ben\u00f6tigt. Damit k\u00f6nnte Tesla k\u00fcnftig Anbietern wie Uber oder Lyft Konkurrenz machen.<\/p>\n<p>Sehr konkret sind die Pl\u00e4ne allerdings noch nicht &#8211; einen genauen Terminplan l\u00e4sst sich jedenfalls nicht finden. Doch Musk zeigt sich zuversichtlich, dass sein neuer Masterplan aufgehen wird.<\/p>\n","protected":false},"excerpt":{"rendered":"<p>Tesla ver\u00f6ffentlicht einen neuen Masterplan f\u00fcr seine Elektrofahrzeuge. Als zentrales Ziel nennt Gr\u00fcnder Elon Musk, die Ankunft des Zeitalters der erneuerbaren Energie zu beschleunigen &#8211; denn: &#8222;Je schneller wir Nachhaltigkeit erreichen, desto besser.&#8220; Vier Punkte stellt Musk daf\u00fcr ins Zentrum 1) Solarstrom und Speicher: Teslas sollen k\u00fcnftig mit einem integrierten Solardach mit Batterieeinheit ausgestattet werden. [&hellip;]<\/p>\n","protected":false},"author":1,"featured_media":9397,"comment_status":"open","ping_status":"open","sticky":false,"template":"","format":"standard","meta":{"_acf_changed":false,"_yoast_wpseo_focuskw":"Tesla","_yoast_wpseo_metadesc":"Mit dem zweiten Masterplan von Telsla sollen die Elektrofahrzeuge k\u00fcnftig noch umweltfreundlicher und sicherer werden - und den Besitzern Geld bringen.","articlekey":"","footnotes":""},"categories":[1],"tags":[1038,1044,1668,2295],"class_list":["post-9953","post","type-post","status-publish","format-standard","has-post-thumbnail","hentry","category-allgemein","tag-elektromobilitaet","tag-elon-musk","tag-masterplan","tag-tesla"],"acf":[],"yoast_head":"<!-- This site is optimized with the Yoast SEO plugin v27.5 - https:\/\/yoast.com\/product\/yoast-seo-wordpress\/ -->\n<title>Solard\u00e4cher, Autopiloten und Lastwagen: Das ist der neue Tesla-Masterplan - Organisator<\/title>\n<meta name=\"description\" content=\"Mit dem zweiten Masterplan von Telsla sollen die Elektrofahrzeuge k\u00fcnftig noch umweltfreundlicher und sicherer werden - und den Besitzern Geld bringen.\" \/>\n<meta name=\"robots\" content=\"index, follow, max-snippet:-1, max-image-preview:large, max-video-preview:-1\" \/>\n<link rel=\"canonical\" href=\"https:\/\/www.organisator.ch\/de\/allgemein\/2016-07-21\/solardaecher-autopiloten-und-lastwagen-das-ist-der-neue-tesla-masterplan\/\" \/>\n<meta property=\"og:locale\" content=\"de_DE\" \/>\n<meta property=\"og:type\" content=\"article\" \/>\n<meta property=\"og:title\" content=\"Solard\u00e4cher, Autopiloten und Lastwagen: Das ist der neue Tesla-Masterplan - Organisator\" \/>\n<meta property=\"og:description\" content=\"Mit dem zweiten Masterplan von Telsla sollen die Elektrofahrzeuge k\u00fcnftig noch umweltfreundlicher und sicherer werden - und den Besitzern Geld bringen.\" \/>\n<meta property=\"og:url\" content=\"https:\/\/www.organisator.ch\/de\/allgemein\/2016-07-21\/solardaecher-autopiloten-und-lastwagen-das-ist-der-neue-tesla-masterplan\/\" \/>\n<meta property=\"og:site_name\" content=\"Organisator\" \/>\n<meta property=\"article:publisher\" content=\"https:\/\/www.facebook.com\/OrganisatorFachmagazin\" \/>\n<meta property=\"article:published_time\" content=\"2016-07-21T14:46:14+00:00\" \/>\n<meta property=\"og:image\" content=\"https:\/\/www.organisator.ch\/wp-content\/uploads\/2016\/12\/Solardaecher-Autopiloten-und-Lastwagen-Das-ist-der-neue-Tesla-Masterplan-umweltperspektiven.jpg\" \/>\n\t<meta property=\"og:image:width\" content=\"2224\" \/>\n\t<meta property=\"og:image:height\" content=\"1848\" \/>\n\t<meta property=\"og:image:type\" content=\"image\/jpeg\" \/>\n<meta name=\"author\" content=\"admin\" \/>\n<meta name=\"twitter:card\" content=\"summary_large_image\" \/>\n<script type=\"application\/ld+json\" class=\"yoast-schema-graph\">{\"@context\":\"https:\\\/\\\/schema.org\",\"@graph\":[{\"@type\":\"Article\",\"@id\":\"https:\\\/\\\/www.organisator.ch\\\/it\\\/generale\\\/2016-07-21\\\/solardaecher-autopiloten-und-lastwagen-das-ist-der-neue-tesla-masterplan\\\/#article\",\"isPartOf\":{\"@id\":\"https:\\\/\\\/www.organisator.ch\\\/it\\\/generale\\\/2016-07-21\\\/solardaecher-autopiloten-und-lastwagen-das-ist-der-neue-tesla-masterplan\\\/\"},\"author\":{\"name\":\"admin\",\"@id\":\"https:\\\/\\\/www.organisator.ch\\\/#\\\/schema\\\/person\\\/aa2bace6c5c5aad60102004a50c4eb1c\"},\"headline\":\"Solard\u00e4cher, Autopiloten und Lastwagen: Das ist der neue Tesla-Masterplan\",\"datePublished\":\"2016-07-21T14:46:14+00:00\",\"mainEntityOfPage\":{\"@id\":\"https:\\\/\\\/www.organisator.ch\\\/it\\\/generale\\\/2016-07-21\\\/solardaecher-autopiloten-und-lastwagen-das-ist-der-neue-tesla-masterplan\\\/\"},\"wordCount\":313,\"commentCount\":0,\"publisher\":{\"@id\":\"https:\\\/\\\/www.organisator.ch\\\/#organization\"},\"image\":{\"@id\":\"https:\\\/\\\/www.organisator.ch\\\/it\\\/generale\\\/2016-07-21\\\/solardaecher-autopiloten-und-lastwagen-das-ist-der-neue-tesla-masterplan\\\/#primaryimage\"},\"thumbnailUrl\":\"https:\\\/\\\/www.organisator.ch\\\/wp-content\\\/uploads\\\/2016\\\/12\\\/Solardaecher-Autopiloten-und-Lastwagen-Das-ist-der-neue-Tesla-Masterplan-umweltperspektiven.jpg\",\"keywords\":[\"Elektromobilit\u00e4t\",\"Elon Musk\",\"Masterplan\",\"Tesla\"],\"inLanguage\":\"de\"},{\"@type\":\"WebPage\",\"@id\":\"https:\\\/\\\/www.organisator.ch\\\/it\\\/generale\\\/2016-07-21\\\/solardaecher-autopiloten-und-lastwagen-das-ist-der-neue-tesla-masterplan\\\/\",\"url\":\"https:\\\/\\\/www.organisator.ch\\\/it\\\/generale\\\/2016-07-21\\\/solardaecher-autopiloten-und-lastwagen-das-ist-der-neue-tesla-masterplan\\\/\",\"name\":\"Solard\u00e4cher, Autopiloten und Lastwagen: Das ist der neue Tesla-Masterplan - Organisator\",\"isPartOf\":{\"@id\":\"https:\\\/\\\/www.organisator.ch\\\/#website\"},\"primaryImageOfPage\":{\"@id\":\"https:\\\/\\\/www.organisator.ch\\\/it\\\/generale\\\/2016-07-21\\\/solardaecher-autopiloten-und-lastwagen-das-ist-der-neue-tesla-masterplan\\\/#primaryimage\"},\"image\":{\"@id\":\"https:\\\/\\\/www.organisator.ch\\\/it\\\/generale\\\/2016-07-21\\\/solardaecher-autopiloten-und-lastwagen-das-ist-der-neue-tesla-masterplan\\\/#primaryimage\"},\"thumbnailUrl\":\"https:\\\/\\\/www.organisator.ch\\\/wp-content\\\/uploads\\\/2016\\\/12\\\/Solardaecher-Autopiloten-und-Lastwagen-Das-ist-der-neue-Tesla-Masterplan-umweltperspektiven.jpg\",\"datePublished\":\"2016-07-21T14:46:14+00:00\",\"description\":\"Mit dem zweiten Masterplan von Telsla sollen die Elektrofahrzeuge k\u00fcnftig noch umweltfreundlicher und sicherer werden - und den Besitzern Geld bringen.\",\"breadcrumb\":{\"@id\":\"https:\\\/\\\/www.organisator.ch\\\/it\\\/generale\\\/2016-07-21\\\/solardaecher-autopiloten-und-lastwagen-das-ist-der-neue-tesla-masterplan\\\/#breadcrumb\"},\"inLanguage\":\"de\",\"potentialAction\":[{\"@type\":\"ReadAction\",\"target\":[\"https:\\\/\\\/www.organisator.ch\\\/it\\\/generale\\\/2016-07-21\\\/solardaecher-autopiloten-und-lastwagen-das-ist-der-neue-tesla-masterplan\\\/\"]}]},{\"@type\":\"ImageObject\",\"inLanguage\":\"de\",\"@id\":\"https:\\\/\\\/www.organisator.ch\\\/it\\\/generale\\\/2016-07-21\\\/solardaecher-autopiloten-und-lastwagen-das-ist-der-neue-tesla-masterplan\\\/#primaryimage\",\"url\":\"https:\\\/\\\/www.organisator.ch\\\/wp-content\\\/uploads\\\/2016\\\/12\\\/Solardaecher-Autopiloten-und-Lastwagen-Das-ist-der-neue-Tesla-Masterplan-umweltperspektiven.jpg\",\"contentUrl\":\"https:\\\/\\\/www.organisator.ch\\\/wp-content\\\/uploads\\\/2016\\\/12\\\/Solardaecher-Autopiloten-und-Lastwagen-Das-ist-der-neue-Tesla-Masterplan-umweltperspektiven.jpg\",\"width\":2224,\"height\":1848,\"caption\":\"Elon Musk will mit Tesla hoch hinaus.\"},{\"@type\":\"BreadcrumbList\",\"@id\":\"https:\\\/\\\/www.organisator.ch\\\/it\\\/generale\\\/2016-07-21\\\/solardaecher-autopiloten-und-lastwagen-das-ist-der-neue-tesla-masterplan\\\/#breadcrumb\",\"itemListElement\":[{\"@type\":\"ListItem\",\"position\":1,\"name\":\"Home\",\"item\":\"https:\\\/\\\/www.organisator.ch\\\/\"},{\"@type\":\"ListItem\",\"position\":2,\"name\":\"Solard\u00e4cher, Autopiloten und Lastwagen: Das ist der neue Tesla-Masterplan\"}]},{\"@type\":\"WebSite\",\"@id\":\"https:\\\/\\\/www.organisator.ch\\\/#website\",\"url\":\"https:\\\/\\\/www.organisator.ch\\\/\",\"name\":\"Organisator\",\"description\":\"Kompetent. Praxisnah. Der ORGANISATOR bereitet in 10 Ausgaben pro Jahr die wesentlichen Themen f\u00fcr F\u00fchrungskr\u00e4fte von KMU auf.\",\"publisher\":{\"@id\":\"https:\\\/\\\/www.organisator.ch\\\/#organization\"},\"potentialAction\":[{\"@type\":\"SearchAction\",\"target\":{\"@type\":\"EntryPoint\",\"urlTemplate\":\"https:\\\/\\\/www.organisator.ch\\\/?s={search_term_string}\"},\"query-input\":{\"@type\":\"PropertyValueSpecification\",\"valueRequired\":true,\"valueName\":\"search_term_string\"}}],\"inLanguage\":\"de\"},{\"@type\":\"Organization\",\"@id\":\"https:\\\/\\\/www.organisator.ch\\\/#organization\",\"name\":\"Organisator\",\"url\":\"https:\\\/\\\/www.organisator.ch\\\/\",\"logo\":{\"@type\":\"ImageObject\",\"inLanguage\":\"de\",\"@id\":\"https:\\\/\\\/www.organisator.ch\\\/#\\\/schema\\\/logo\\\/image\\\/\",\"url\":\"https:\\\/\\\/www.organisator.ch\\\/wp-content\\\/uploads\\\/2022\\\/01\\\/Logo_Organisator_Website.png\",\"contentUrl\":\"https:\\\/\\\/www.organisator.ch\\\/wp-content\\\/uploads\\\/2022\\\/01\\\/Logo_Organisator_Website.png\",\"width\":800,\"height\":77,\"caption\":\"Organisator\"},\"image\":{\"@id\":\"https:\\\/\\\/www.organisator.ch\\\/#\\\/schema\\\/logo\\\/image\\\/\"},\"sameAs\":[\"https:\\\/\\\/www.facebook.com\\\/OrganisatorFachmagazin\",\"https:\\\/\\\/www.linkedin.com\\\/showcase\\\/organisator-das-magazin-fr-kmu\",\"https:\\\/\\\/www.xing.com\\\/news\\\/pages\\\/organisator-ch-695\",\"https:\\\/\\\/www.youtube.com\\\/channel\\\/UCGP2Sq0iWaZwT3BdIAQFYpw\"]},{\"@type\":\"Person\",\"@id\":\"https:\\\/\\\/www.organisator.ch\\\/#\\\/schema\\\/person\\\/aa2bace6c5c5aad60102004a50c4eb1c\",\"name\":\"admin\",\"image\":{\"@type\":\"ImageObject\",\"inLanguage\":\"de\",\"@id\":\"https:\\\/\\\/secure.gravatar.com\\\/avatar\\\/ae2f4d718e6c49043e314ce431e7e645d646302a24a5ef5a8bc8e3f5a032e319?s=96&d=mm&r=g\",\"url\":\"https:\\\/\\\/secure.gravatar.com\\\/avatar\\\/ae2f4d718e6c49043e314ce431e7e645d646302a24a5ef5a8bc8e3f5a032e319?s=96&d=mm&r=g\",\"contentUrl\":\"https:\\\/\\\/secure.gravatar.com\\\/avatar\\\/ae2f4d718e6c49043e314ce431e7e645d646302a24a5ef5a8bc8e3f5a032e319?s=96&d=mm&r=g\",\"caption\":\"admin\"},\"sameAs\":[\"https:\\\/\\\/www.organisator.ch\"],\"url\":\"https:\\\/\\\/www.organisator.ch\\\/de\\\/author\\\/admin\\\/\"}]}<\/script>\n<!-- \/ Yoast SEO plugin. -->","yoast_head_json":{"title":"Solard\u00e4cher, Autopiloten und Lastwagen: Das ist der neue Tesla-Masterplan - Organisator","description":"Mit dem zweiten Masterplan von Telsla sollen die Elektrofahrzeuge k\u00fcnftig noch umweltfreundlicher und sicherer werden - und den Besitzern Geld bringen.","robots":{"index":"index","follow":"follow","max-snippet":"max-snippet:-1","max-image-preview":"max-image-preview:large","max-video-preview":"max-video-preview:-1"},"canonical":"https:\/\/www.organisator.ch\/de\/allgemein\/2016-07-21\/solardaecher-autopiloten-und-lastwagen-das-ist-der-neue-tesla-masterplan\/","og_locale":"de_DE","og_type":"article","og_title":"Solard\u00e4cher, Autopiloten und Lastwagen: Das ist der neue Tesla-Masterplan - Organisator","og_description":"Mit dem zweiten Masterplan von Telsla sollen die Elektrofahrzeuge k\u00fcnftig noch umweltfreundlicher und sicherer werden - und den Besitzern Geld bringen.","og_url":"https:\/\/www.organisator.ch\/de\/allgemein\/2016-07-21\/solardaecher-autopiloten-und-lastwagen-das-ist-der-neue-tesla-masterplan\/","og_site_name":"Organisator","article_publisher":"https:\/\/www.facebook.com\/OrganisatorFachmagazin","article_published_time":"2016-07-21T14:46:14+00:00","og_image":[{"width":2224,"height":1848,"url":"https:\/\/www.organisator.ch\/wp-content\/uploads\/2016\/12\/Solardaecher-Autopiloten-und-Lastwagen-Das-ist-der-neue-Tesla-Masterplan-umweltperspektiven.jpg","type":"image\/jpeg"}],"author":"admin","twitter_card":"summary_large_image","schema":{"@context":"https:\/\/schema.org","@graph":[{"@type":"Article","@id":"https:\/\/www.organisator.ch\/it\/generale\/2016-07-21\/solardaecher-autopiloten-und-lastwagen-das-ist-der-neue-tesla-masterplan\/#article","isPartOf":{"@id":"https:\/\/www.organisator.ch\/it\/generale\/2016-07-21\/solardaecher-autopiloten-und-lastwagen-das-ist-der-neue-tesla-masterplan\/"},"author":{"name":"admin","@id":"https:\/\/www.organisator.ch\/#\/schema\/person\/aa2bace6c5c5aad60102004a50c4eb1c"},"headline":"Solard\u00e4cher, Autopiloten und Lastwagen: Das ist der neue Tesla-Masterplan","datePublished":"2016-07-21T14:46:14+00:00","mainEntityOfPage":{"@id":"https:\/\/www.organisator.ch\/it\/generale\/2016-07-21\/solardaecher-autopiloten-und-lastwagen-das-ist-der-neue-tesla-masterplan\/"},"wordCount":313,"commentCount":0,"publisher":{"@id":"https:\/\/www.organisator.ch\/#organization"},"image":{"@id":"https:\/\/www.organisator.ch\/it\/generale\/2016-07-21\/solardaecher-autopiloten-und-lastwagen-das-ist-der-neue-tesla-masterplan\/#primaryimage"},"thumbnailUrl":"https:\/\/www.organisator.ch\/wp-content\/uploads\/2016\/12\/Solardaecher-Autopiloten-und-Lastwagen-Das-ist-der-neue-Tesla-Masterplan-umweltperspektiven.jpg","keywords":["Elektromobilit\u00e4t","Elon Musk","Masterplan","Tesla"],"inLanguage":"de"},{"@type":"WebPage","@id":"https:\/\/www.organisator.ch\/it\/generale\/2016-07-21\/solardaecher-autopiloten-und-lastwagen-das-ist-der-neue-tesla-masterplan\/","url":"https:\/\/www.organisator.ch\/it\/generale\/2016-07-21\/solardaecher-autopiloten-und-lastwagen-das-ist-der-neue-tesla-masterplan\/","name":"Solard\u00e4cher, Autopiloten und Lastwagen: Das ist der neue Tesla-Masterplan - Organisator","isPartOf":{"@id":"https:\/\/www.organisator.ch\/#website"},"primaryImageOfPage":{"@id":"https:\/\/www.organisator.ch\/it\/generale\/2016-07-21\/solardaecher-autopiloten-und-lastwagen-das-ist-der-neue-tesla-masterplan\/#primaryimage"},"image":{"@id":"https:\/\/www.organisator.ch\/it\/generale\/2016-07-21\/solardaecher-autopiloten-und-lastwagen-das-ist-der-neue-tesla-masterplan\/#primaryimage"},"thumbnailUrl":"https:\/\/www.organisator.ch\/wp-content\/uploads\/2016\/12\/Solardaecher-Autopiloten-und-Lastwagen-Das-ist-der-neue-Tesla-Masterplan-umweltperspektiven.jpg","datePublished":"2016-07-21T14:46:14+00:00","description":"Mit dem zweiten Masterplan von Telsla sollen die Elektrofahrzeuge k\u00fcnftig noch umweltfreundlicher und sicherer werden - und den Besitzern Geld bringen.","breadcrumb":{"@id":"https:\/\/www.organisator.ch\/it\/generale\/2016-07-21\/solardaecher-autopiloten-und-lastwagen-das-ist-der-neue-tesla-masterplan\/#breadcrumb"},"inLanguage":"de","potentialAction":[{"@type":"ReadAction","target":["https:\/\/www.organisator.ch\/it\/generale\/2016-07-21\/solardaecher-autopiloten-und-lastwagen-das-ist-der-neue-tesla-masterplan\/"]}]},{"@type":"ImageObject","inLanguage":"de","@id":"https:\/\/www.organisator.ch\/it\/generale\/2016-07-21\/solardaecher-autopiloten-und-lastwagen-das-ist-der-neue-tesla-masterplan\/#primaryimage","url":"https:\/\/www.organisator.ch\/wp-content\/uploads\/2016\/12\/Solardaecher-Autopiloten-und-Lastwagen-Das-ist-der-neue-Tesla-Masterplan-umweltperspektiven.jpg","contentUrl":"https:\/\/www.organisator.ch\/wp-content\/uploads\/2016\/12\/Solardaecher-Autopiloten-und-Lastwagen-Das-ist-der-neue-Tesla-Masterplan-umweltperspektiven.jpg","width":2224,"height":1848,"caption":"Elon Musk will mit Tesla hoch hinaus."},{"@type":"BreadcrumbList","@id":"https:\/\/www.organisator.ch\/it\/generale\/2016-07-21\/solardaecher-autopiloten-und-lastwagen-das-ist-der-neue-tesla-masterplan\/#breadcrumb","itemListElement":[{"@type":"ListItem","position":1,"name":"Home","item":"https:\/\/www.organisator.ch\/"},{"@type":"ListItem","position":2,"name":"Solard\u00e4cher, Autopiloten und Lastwagen: Das ist der neue Tesla-Masterplan"}]},{"@type":"WebSite","@id":"https:\/\/www.organisator.ch\/#website","url":"https:\/\/www.organisator.ch\/","name":"Organisator","description":"Kompetent. Praxisnah. Der ORGANISATOR bereitet in 10 Ausgaben pro Jahr die wesentlichen Themen f\u00fcr F\u00fchrungskr\u00e4fte von KMU auf.","publisher":{"@id":"https:\/\/www.organisator.ch\/#organization"},"potentialAction":[{"@type":"SearchAction","target":{"@type":"EntryPoint","urlTemplate":"https:\/\/www.organisator.ch\/?s={search_term_string}"},"query-input":{"@type":"PropertyValueSpecification","valueRequired":true,"valueName":"search_term_string"}}],"inLanguage":"de"},{"@type":"Organization","@id":"https:\/\/www.organisator.ch\/#organization","name":"Organisator","url":"https:\/\/www.organisator.ch\/","logo":{"@type":"ImageObject","inLanguage":"de","@id":"https:\/\/www.organisator.ch\/#\/schema\/logo\/image\/","url":"https:\/\/www.organisator.ch\/wp-content\/uploads\/2022\/01\/Logo_Organisator_Website.png","contentUrl":"https:\/\/www.organisator.ch\/wp-content\/uploads\/2022\/01\/Logo_Organisator_Website.png","width":800,"height":77,"caption":"Organisator"},"image":{"@id":"https:\/\/www.organisator.ch\/#\/schema\/logo\/image\/"},"sameAs":["https:\/\/www.facebook.com\/OrganisatorFachmagazin","https:\/\/www.linkedin.com\/showcase\/organisator-das-magazin-fr-kmu","https:\/\/www.xing.com\/news\/pages\/organisator-ch-695","https:\/\/www.youtube.com\/channel\/UCGP2Sq0iWaZwT3BdIAQFYpw"]},{"@type":"Person","@id":"https:\/\/www.organisator.ch\/#\/schema\/person\/aa2bace6c5c5aad60102004a50c4eb1c","name":"admin","image":{"@type":"ImageObject","inLanguage":"de","@id":"https:\/\/secure.gravatar.com\/avatar\/ae2f4d718e6c49043e314ce431e7e645d646302a24a5ef5a8bc8e3f5a032e319?s=96&d=mm&r=g","url":"https:\/\/secure.gravatar.com\/avatar\/ae2f4d718e6c49043e314ce431e7e645d646302a24a5ef5a8bc8e3f5a032e319?s=96&d=mm&r=g","contentUrl":"https:\/\/secure.gravatar.com\/avatar\/ae2f4d718e6c49043e314ce431e7e645d646302a24a5ef5a8bc8e3f5a032e319?s=96&d=mm&r=g","caption":"admin"},"sameAs":["https:\/\/www.organisator.ch"],"url":"https:\/\/www.organisator.ch\/de\/author\/admin\/"}]}},"_links":{"self":[{"href":"https:\/\/www.organisator.ch\/de\/wp-json\/wp\/v2\/posts\/9953","targetHints":{"allow":["GET"]}}],"collection":[{"href":"https:\/\/www.organisator.ch\/de\/wp-json\/wp\/v2\/posts"}],"about":[{"href":"https:\/\/www.organisator.ch\/de\/wp-json\/wp\/v2\/types\/post"}],"author":[{"embeddable":true,"href":"https:\/\/www.organisator.ch\/de\/wp-json\/wp\/v2\/users\/1"}],"replies":[{"embeddable":true,"href":"https:\/\/www.organisator.ch\/de\/wp-json\/wp\/v2\/comments?post=9953"}],"version-history":[{"count":0,"href":"https:\/\/www.organisator.ch\/de\/wp-json\/wp\/v2\/posts\/9953\/revisions"}],"wp:featuredmedia":[{"embeddable":true,"href":"https:\/\/www.organisator.ch\/de\/wp-json\/wp\/v2\/media\/9397"}],"wp:attachment":[{"href":"https:\/\/www.organisator.ch\/de\/wp-json\/wp\/v2\/media?parent=9953"}],"wp:term":[{"taxonomy":"category","embeddable":true,"href":"https:\/\/www.organisator.ch\/de\/wp-json\/wp\/v2\/categories?post=9953"},{"taxonomy":"post_tag","embeddable":true,"href":"https:\/\/www.organisator.ch\/de\/wp-json\/wp\/v2\/tags?post=9953"}],"curies":[{"name":"wp","href":"https:\/\/api.w.org\/{rel}","templated":true}]}}