{"id":9954,"date":"2016-07-25T16:51:07","date_gmt":"2016-07-25T14:51:07","guid":{"rendered":"https:\/\/dev.umweltperspektiven.ch\/?p=434"},"modified":"2022-02-09T11:06:23","modified_gmt":"2022-02-09T10:06:23","slug":"letzte-etappe-fuer-solar-impulse","status":"publish","type":"post","link":"https:\/\/www.organisator.ch\/de\/sustainability\/2016-07-25\/letzte-etappe-fuer-solar-impulse\/","title":{"rendered":"Letzte Etappe f\u00fcr Solar Impulse"},"content":{"rendered":"<figure id=\"attachment_435\" aria-describedby=\"caption-attachment-435\" style=\"width: 680px\" class=\"wp-caption alignnone\"><a href=\"\/\/dev.umweltperspektiven.ch\/wp-content\/uploads\/2016\/12\/Letzte-Etappe-f\u00fcr-Solar-Impulse-1-umweltperspektiven.jpg\"><img loading=\"lazy\" decoding=\"async\" class=\"size-medium wp-image-435\" src=\"\/\/dev.umweltperspektiven.ch\/wp-content\/uploads\/2016\/12\/Letzte-Etappe-f\u00fcr-Solar-Impulse-1-umweltperspektiven.jpg\" alt=\"Das Solarflugzeug hebt in Kairo f\u00fcr die letzte Etappe seiner Weltumrundung ab. (Foto: Solar Impulse)\" width=\"680\" height=\"454\" \/><\/a><figcaption id=\"caption-attachment-435\" class=\"wp-caption-text\">Das Solarflugzeug hebt in Kairo f\u00fcr die letzte Etappe seiner Weltumrundung ab. (Foto: Solar Impulse)<\/figcaption><\/figure>\n<p>Nach 17 Etappen in 16 Monaten ist es heute Nacht endlich so weit: Das Solarflugzeug Solar Impulse 2 hat offiziell die gesamte Erde umrundet.<\/p>\n<p>Die letzte Etappe bezeichnet das Team aber als die gr\u00f6sste Herausforderung: Flugverbotszonen, Wetterbedingungen und Thermiken sogen daf\u00fcr, dass Pilot und Abenteurer Bertrand Piccard und seine Crew noch einmal besonders gefordert sind.<\/p>\n<p>Trotzdem nennt Piccard den Start in \u00c4gypten einenn\u00a0&#8222;emotionalen Moment&#8220;: Hier war er im Jahr 1999 nach dem ersten Nonstopflug um die Welt in einem Ballon gelandet, hier begann sein Traum, eine weitere Weltumrundung zu vollbringen &#8211; nur mit Solarenergie: &#8222;Ich bin sehr aufgeregt, so nahe am Ziel zu stehen, aber leider gibt es immer noch so viele Personen, die wir motivieren m\u00fcssen, bis unsere Welt ganz mit denselben sauberen Technologien die Si2 nutzt, angetrieben wird\u201d, erkl\u00e4rt Piccard.<\/p>\n<figure id=\"attachment_436\" aria-describedby=\"caption-attachment-436\" style=\"width: 680px\" class=\"wp-caption alignnone\"><a href=\"\/\/dev.umweltperspektiven.ch\/wp-content\/uploads\/2016\/12\/Letzte-Etappe-f\u00fcr-Solar-Impulse-2-umweltperspektiven.jpg\"><img loading=\"lazy\" decoding=\"async\" class=\"size-medium wp-image-436\" src=\"\/\/dev.umweltperspektiven.ch\/wp-content\/uploads\/2016\/12\/Letzte-Etappe-f\u00fcr-Solar-Impulse-2-umweltperspektiven.jpg\" alt=\"Ein Traum verwirklicht: Bertrand Piccard macht sich bereit f\u00fcr die letzte Etappe der Solar Impulse 2. (Foto: Solar Impulse)\" width=\"680\" height=\"454\" \/><\/a><figcaption id=\"caption-attachment-436\" class=\"wp-caption-text\">Ein Traum verwirklicht: Bertrand Piccard macht sich bereit f\u00fcr die letzte Etappe der Solar Impulse 2. (Foto: Solar Impulse)<\/figcaption><\/figure>\n<p>Um den Traum zu verwirklichen, hat sich Bertrand Piccard, ein Arzt und Entdecker im Herzen, mit Andr\u00e9 Borschberg, einem Ingenieur und erfahrenen Unternehmer zusammengetan. Beide M\u00e4nner wechselten sich als Piloten der Si2 rund um die Welt ab, nehmen aber im Projekt verschiedene Rollen wahr. Piccard ist f\u00fcr die Projektvision und den politischen Einfluss sowie die Partnerfindung f\u00fcr Finanzmittel und Technologien verantwortlich. Borschberg hat ein Team zusammengestellt, das die Si2 designt und gebaut hat, und setzt sich daf\u00fcr ein, die technologischen Innovationen des Flugzeugs in neue Ingenieurl\u00f6sungen zu verwandeln.<\/p>\n<p>Nach der Landung in Abu Dhabi in den Vereinigten Arabischen Emiraten, wo das Abenteuer im M\u00e4rz 2015 begann, werden Bertrand Piccard und Andr\u00e9 Borschberg zusammen mit ihrem Team und den Partnern die Mission von Solar Impulse weitertreiben und die konkreten energieeffizienten L\u00f6sungen anpreisen, die viele der Herausforderungen l\u00f6sen k\u00f6nnen, vor die die globale Gemeinschaft gestellt ist.<\/p>\n<p><a href=\"http:\/\/www.solarimpulse.com\/leg-17-from-Cairo-to-Abu_Dhabi\" target=\"_blank\" data-cke-saved-href=\"\/\/www.solarimpulse.com\/leg-17-from-Cairo-to-Abu_Dhabi\" rel=\"noopener\">Hier k\u00f6nnen Sie den Flug live mitverfolgen.<\/a><\/p>\n","protected":false},"excerpt":{"rendered":"<p>Nach 17 Etappen in 16 Monaten ist es heute Nacht endlich so weit: Das Solarflugzeug Solar Impulse 2 hat offiziell die gesamte Erde umrundet. Die letzte Etappe bezeichnet das Team aber als die gr\u00f6sste Herausforderung: Flugverbotszonen, Wetterbedingungen und Thermiken sogen daf\u00fcr, dass Pilot und Abenteurer Bertrand Piccard und seine Crew noch einmal besonders gefordert sind. [&hellip;]<\/p>\n","protected":false},"author":1,"featured_media":9400,"comment_status":"open","ping_status":"open","sticky":false,"template":"","format":"standard","meta":{"_acf_changed":false,"_yoast_wpseo_focuskw":"Solar Impulse","_yoast_wpseo_metadesc":"Die Weltumrundung ist fast komplett: Das Solarflugzeug Solar Impulse 2 soll heute nach in Abu Dhabi landen, wo es vor \u00fcber einem Jahr seine Reise startete.","articlekey":"","footnotes":""},"categories":[580],"tags":[1910,2140,2552],"class_list":["post-9954","post","type-post","status-publish","format-standard","has-post-thumbnail","hentry","category-sustainability","tag-piccard","tag-solar-impulse","tag-weltumrundung"],"acf":[],"yoast_head":"<!-- This site is optimized with the Yoast SEO plugin v27.5 - https:\/\/yoast.com\/product\/yoast-seo-wordpress\/ -->\n<title>Letzte Etappe f\u00fcr Solar Impulse - Organisator<\/title>\n<meta name=\"description\" content=\"Die Weltumrundung ist fast komplett: Das Solarflugzeug Solar Impulse 2 soll heute nach in Abu Dhabi landen, wo es vor \u00fcber einem Jahr seine Reise startete.\" \/>\n<meta name=\"robots\" content=\"index, follow, max-snippet:-1, max-image-preview:large, max-video-preview:-1\" \/>\n<link rel=\"canonical\" href=\"https:\/\/www.organisator.ch\/de\/sustainability\/2016-07-25\/letzte-etappe-fuer-solar-impulse\/\" \/>\n<meta property=\"og:locale\" content=\"de_DE\" \/>\n<meta property=\"og:type\" content=\"article\" \/>\n<meta property=\"og:title\" content=\"Letzte Etappe f\u00fcr Solar Impulse - Organisator\" \/>\n<meta property=\"og:description\" content=\"Die Weltumrundung ist fast komplett: Das Solarflugzeug Solar Impulse 2 soll heute nach in Abu Dhabi landen, wo es vor \u00fcber einem Jahr seine Reise startete.\" \/>\n<meta property=\"og:url\" content=\"https:\/\/www.organisator.ch\/de\/sustainability\/2016-07-25\/letzte-etappe-fuer-solar-impulse\/\" \/>\n<meta property=\"og:site_name\" content=\"Organisator\" \/>\n<meta property=\"article:publisher\" content=\"https:\/\/www.facebook.com\/OrganisatorFachmagazin\" \/>\n<meta property=\"article:published_time\" content=\"2016-07-25T14:51:07+00:00\" \/>\n<meta property=\"article:modified_time\" content=\"2022-02-09T10:06:23+00:00\" \/>\n<meta property=\"og:image\" content=\"https:\/\/www.organisator.ch\/wp-content\/uploads\/2016\/12\/Letzte-Etappe-fuer-Solar-Impulse-1-umweltperspektiven.jpg\" \/>\n\t<meta property=\"og:image:width\" content=\"2048\" \/>\n\t<meta property=\"og:image:height\" content=\"1366\" \/>\n\t<meta property=\"og:image:type\" content=\"image\/jpeg\" \/>\n<meta name=\"author\" content=\"admin\" \/>\n<meta name=\"twitter:card\" content=\"summary_large_image\" \/>\n<script type=\"application\/ld+json\" class=\"yoast-schema-graph\">{\"@context\":\"https:\\\/\\\/schema.org\",\"@graph\":[{\"@type\":\"Article\",\"@id\":\"https:\\\/\\\/www.organisator.ch\\\/sustainability\\\/2016-07-25\\\/letzte-etappe-fuer-solar-impulse\\\/#article\",\"isPartOf\":{\"@id\":\"https:\\\/\\\/www.organisator.ch\\\/sustainability\\\/2016-07-25\\\/letzte-etappe-fuer-solar-impulse\\\/\"},\"author\":{\"name\":\"admin\",\"@id\":\"https:\\\/\\\/www.organisator.ch\\\/#\\\/schema\\\/person\\\/aa2bace6c5c5aad60102004a50c4eb1c\"},\"headline\":\"Letzte Etappe f\u00fcr Solar Impulse\",\"datePublished\":\"2016-07-25T14:51:07+00:00\",\"dateModified\":\"2022-02-09T10:06:23+00:00\",\"mainEntityOfPage\":{\"@id\":\"https:\\\/\\\/www.organisator.ch\\\/sustainability\\\/2016-07-25\\\/letzte-etappe-fuer-solar-impulse\\\/\"},\"wordCount\":348,\"commentCount\":0,\"publisher\":{\"@id\":\"https:\\\/\\\/www.organisator.ch\\\/#organization\"},\"image\":{\"@id\":\"https:\\\/\\\/www.organisator.ch\\\/sustainability\\\/2016-07-25\\\/letzte-etappe-fuer-solar-impulse\\\/#primaryimage\"},\"thumbnailUrl\":\"https:\\\/\\\/www.organisator.ch\\\/wp-content\\\/uploads\\\/2016\\\/12\\\/Letzte-Etappe-fuer-Solar-Impulse-1-umweltperspektiven.jpg\",\"keywords\":[\"Piccard\",\"Solar Impulse\",\"Weltumrundung\"],\"articleSection\":[\"SUSTAINABILITY\"],\"inLanguage\":\"de\"},{\"@type\":\"WebPage\",\"@id\":\"https:\\\/\\\/www.organisator.ch\\\/sustainability\\\/2016-07-25\\\/letzte-etappe-fuer-solar-impulse\\\/\",\"url\":\"https:\\\/\\\/www.organisator.ch\\\/sustainability\\\/2016-07-25\\\/letzte-etappe-fuer-solar-impulse\\\/\",\"name\":\"Letzte Etappe f\u00fcr Solar Impulse - Organisator\",\"isPartOf\":{\"@id\":\"https:\\\/\\\/www.organisator.ch\\\/#website\"},\"primaryImageOfPage\":{\"@id\":\"https:\\\/\\\/www.organisator.ch\\\/sustainability\\\/2016-07-25\\\/letzte-etappe-fuer-solar-impulse\\\/#primaryimage\"},\"image\":{\"@id\":\"https:\\\/\\\/www.organisator.ch\\\/sustainability\\\/2016-07-25\\\/letzte-etappe-fuer-solar-impulse\\\/#primaryimage\"},\"thumbnailUrl\":\"https:\\\/\\\/www.organisator.ch\\\/wp-content\\\/uploads\\\/2016\\\/12\\\/Letzte-Etappe-fuer-Solar-Impulse-1-umweltperspektiven.jpg\",\"datePublished\":\"2016-07-25T14:51:07+00:00\",\"dateModified\":\"2022-02-09T10:06:23+00:00\",\"description\":\"Die Weltumrundung ist fast komplett: Das Solarflugzeug Solar Impulse 2 soll heute nach in Abu Dhabi landen, wo es vor \u00fcber einem Jahr seine Reise startete.\",\"breadcrumb\":{\"@id\":\"https:\\\/\\\/www.organisator.ch\\\/sustainability\\\/2016-07-25\\\/letzte-etappe-fuer-solar-impulse\\\/#breadcrumb\"},\"inLanguage\":\"de\",\"potentialAction\":[{\"@type\":\"ReadAction\",\"target\":[\"https:\\\/\\\/www.organisator.ch\\\/sustainability\\\/2016-07-25\\\/letzte-etappe-fuer-solar-impulse\\\/\"]}]},{\"@type\":\"ImageObject\",\"inLanguage\":\"de\",\"@id\":\"https:\\\/\\\/www.organisator.ch\\\/sustainability\\\/2016-07-25\\\/letzte-etappe-fuer-solar-impulse\\\/#primaryimage\",\"url\":\"https:\\\/\\\/www.organisator.ch\\\/wp-content\\\/uploads\\\/2016\\\/12\\\/Letzte-Etappe-fuer-Solar-Impulse-1-umweltperspektiven.jpg\",\"contentUrl\":\"https:\\\/\\\/www.organisator.ch\\\/wp-content\\\/uploads\\\/2016\\\/12\\\/Letzte-Etappe-fuer-Solar-Impulse-1-umweltperspektiven.jpg\",\"width\":2048,\"height\":1366,\"caption\":\"Das Solarflugzeug hebt in Kairo f\u00fcr die letzte Etappe seiner Weltumrundung ab. (Foto: Solar Impulse)\"},{\"@type\":\"BreadcrumbList\",\"@id\":\"https:\\\/\\\/www.organisator.ch\\\/sustainability\\\/2016-07-25\\\/letzte-etappe-fuer-solar-impulse\\\/#breadcrumb\",\"itemListElement\":[{\"@type\":\"ListItem\",\"position\":1,\"name\":\"Home\",\"item\":\"https:\\\/\\\/www.organisator.ch\\\/\"},{\"@type\":\"ListItem\",\"position\":2,\"name\":\"Letzte Etappe f\u00fcr Solar Impulse\"}]},{\"@type\":\"WebSite\",\"@id\":\"https:\\\/\\\/www.organisator.ch\\\/#website\",\"url\":\"https:\\\/\\\/www.organisator.ch\\\/\",\"name\":\"Organisator\",\"description\":\"Kompetent. Praxisnah. Der ORGANISATOR bereitet in 10 Ausgaben pro Jahr die wesentlichen Themen f\u00fcr F\u00fchrungskr\u00e4fte von KMU auf.\",\"publisher\":{\"@id\":\"https:\\\/\\\/www.organisator.ch\\\/#organization\"},\"potentialAction\":[{\"@type\":\"SearchAction\",\"target\":{\"@type\":\"EntryPoint\",\"urlTemplate\":\"https:\\\/\\\/www.organisator.ch\\\/?s={search_term_string}\"},\"query-input\":{\"@type\":\"PropertyValueSpecification\",\"valueRequired\":true,\"valueName\":\"search_term_string\"}}],\"inLanguage\":\"de\"},{\"@type\":\"Organization\",\"@id\":\"https:\\\/\\\/www.organisator.ch\\\/#organization\",\"name\":\"Organisator\",\"url\":\"https:\\\/\\\/www.organisator.ch\\\/\",\"logo\":{\"@type\":\"ImageObject\",\"inLanguage\":\"de\",\"@id\":\"https:\\\/\\\/www.organisator.ch\\\/#\\\/schema\\\/logo\\\/image\\\/\",\"url\":\"https:\\\/\\\/www.organisator.ch\\\/wp-content\\\/uploads\\\/2022\\\/01\\\/Logo_Organisator_Website.png\",\"contentUrl\":\"https:\\\/\\\/www.organisator.ch\\\/wp-content\\\/uploads\\\/2022\\\/01\\\/Logo_Organisator_Website.png\",\"width\":800,\"height\":77,\"caption\":\"Organisator\"},\"image\":{\"@id\":\"https:\\\/\\\/www.organisator.ch\\\/#\\\/schema\\\/logo\\\/image\\\/\"},\"sameAs\":[\"https:\\\/\\\/www.facebook.com\\\/OrganisatorFachmagazin\",\"https:\\\/\\\/www.linkedin.com\\\/showcase\\\/organisator-das-magazin-fr-kmu\",\"https:\\\/\\\/www.xing.com\\\/news\\\/pages\\\/organisator-ch-695\",\"https:\\\/\\\/www.youtube.com\\\/channel\\\/UCGP2Sq0iWaZwT3BdIAQFYpw\"]},{\"@type\":\"Person\",\"@id\":\"https:\\\/\\\/www.organisator.ch\\\/#\\\/schema\\\/person\\\/aa2bace6c5c5aad60102004a50c4eb1c\",\"name\":\"admin\",\"image\":{\"@type\":\"ImageObject\",\"inLanguage\":\"de\",\"@id\":\"https:\\\/\\\/secure.gravatar.com\\\/avatar\\\/ae2f4d718e6c49043e314ce431e7e645d646302a24a5ef5a8bc8e3f5a032e319?s=96&d=mm&r=g\",\"url\":\"https:\\\/\\\/secure.gravatar.com\\\/avatar\\\/ae2f4d718e6c49043e314ce431e7e645d646302a24a5ef5a8bc8e3f5a032e319?s=96&d=mm&r=g\",\"contentUrl\":\"https:\\\/\\\/secure.gravatar.com\\\/avatar\\\/ae2f4d718e6c49043e314ce431e7e645d646302a24a5ef5a8bc8e3f5a032e319?s=96&d=mm&r=g\",\"caption\":\"admin\"},\"sameAs\":[\"https:\\\/\\\/www.organisator.ch\"],\"url\":\"https:\\\/\\\/www.organisator.ch\\\/de\\\/author\\\/admin\\\/\"}]}<\/script>\n<!-- \/ Yoast SEO plugin. -->","yoast_head_json":{"title":"Letzte Etappe f\u00fcr Solar Impulse - Organisator","description":"Die Weltumrundung ist fast komplett: Das Solarflugzeug Solar Impulse 2 soll heute nach in Abu Dhabi landen, wo es vor \u00fcber einem Jahr seine Reise startete.","robots":{"index":"index","follow":"follow","max-snippet":"max-snippet:-1","max-image-preview":"max-image-preview:large","max-video-preview":"max-video-preview:-1"},"canonical":"https:\/\/www.organisator.ch\/de\/sustainability\/2016-07-25\/letzte-etappe-fuer-solar-impulse\/","og_locale":"de_DE","og_type":"article","og_title":"Letzte Etappe f\u00fcr Solar Impulse - Organisator","og_description":"Die Weltumrundung ist fast komplett: Das Solarflugzeug Solar Impulse 2 soll heute nach in Abu Dhabi landen, wo es vor \u00fcber einem Jahr seine Reise startete.","og_url":"https:\/\/www.organisator.ch\/de\/sustainability\/2016-07-25\/letzte-etappe-fuer-solar-impulse\/","og_site_name":"Organisator","article_publisher":"https:\/\/www.facebook.com\/OrganisatorFachmagazin","article_published_time":"2016-07-25T14:51:07+00:00","article_modified_time":"2022-02-09T10:06:23+00:00","og_image":[{"width":2048,"height":1366,"url":"https:\/\/www.organisator.ch\/wp-content\/uploads\/2016\/12\/Letzte-Etappe-fuer-Solar-Impulse-1-umweltperspektiven.jpg","type":"image\/jpeg"}],"author":"admin","twitter_card":"summary_large_image","schema":{"@context":"https:\/\/schema.org","@graph":[{"@type":"Article","@id":"https:\/\/www.organisator.ch\/sustainability\/2016-07-25\/letzte-etappe-fuer-solar-impulse\/#article","isPartOf":{"@id":"https:\/\/www.organisator.ch\/sustainability\/2016-07-25\/letzte-etappe-fuer-solar-impulse\/"},"author":{"name":"admin","@id":"https:\/\/www.organisator.ch\/#\/schema\/person\/aa2bace6c5c5aad60102004a50c4eb1c"},"headline":"Letzte Etappe f\u00fcr Solar Impulse","datePublished":"2016-07-25T14:51:07+00:00","dateModified":"2022-02-09T10:06:23+00:00","mainEntityOfPage":{"@id":"https:\/\/www.organisator.ch\/sustainability\/2016-07-25\/letzte-etappe-fuer-solar-impulse\/"},"wordCount":348,"commentCount":0,"publisher":{"@id":"https:\/\/www.organisator.ch\/#organization"},"image":{"@id":"https:\/\/www.organisator.ch\/sustainability\/2016-07-25\/letzte-etappe-fuer-solar-impulse\/#primaryimage"},"thumbnailUrl":"https:\/\/www.organisator.ch\/wp-content\/uploads\/2016\/12\/Letzte-Etappe-fuer-Solar-Impulse-1-umweltperspektiven.jpg","keywords":["Piccard","Solar Impulse","Weltumrundung"],"articleSection":["SUSTAINABILITY"],"inLanguage":"de"},{"@type":"WebPage","@id":"https:\/\/www.organisator.ch\/sustainability\/2016-07-25\/letzte-etappe-fuer-solar-impulse\/","url":"https:\/\/www.organisator.ch\/sustainability\/2016-07-25\/letzte-etappe-fuer-solar-impulse\/","name":"Letzte Etappe f\u00fcr Solar Impulse - Organisator","isPartOf":{"@id":"https:\/\/www.organisator.ch\/#website"},"primaryImageOfPage":{"@id":"https:\/\/www.organisator.ch\/sustainability\/2016-07-25\/letzte-etappe-fuer-solar-impulse\/#primaryimage"},"image":{"@id":"https:\/\/www.organisator.ch\/sustainability\/2016-07-25\/letzte-etappe-fuer-solar-impulse\/#primaryimage"},"thumbnailUrl":"https:\/\/www.organisator.ch\/wp-content\/uploads\/2016\/12\/Letzte-Etappe-fuer-Solar-Impulse-1-umweltperspektiven.jpg","datePublished":"2016-07-25T14:51:07+00:00","dateModified":"2022-02-09T10:06:23+00:00","description":"Die Weltumrundung ist fast komplett: Das Solarflugzeug Solar Impulse 2 soll heute nach in Abu Dhabi landen, wo es vor \u00fcber einem Jahr seine Reise startete.","breadcrumb":{"@id":"https:\/\/www.organisator.ch\/sustainability\/2016-07-25\/letzte-etappe-fuer-solar-impulse\/#breadcrumb"},"inLanguage":"de","potentialAction":[{"@type":"ReadAction","target":["https:\/\/www.organisator.ch\/sustainability\/2016-07-25\/letzte-etappe-fuer-solar-impulse\/"]}]},{"@type":"ImageObject","inLanguage":"de","@id":"https:\/\/www.organisator.ch\/sustainability\/2016-07-25\/letzte-etappe-fuer-solar-impulse\/#primaryimage","url":"https:\/\/www.organisator.ch\/wp-content\/uploads\/2016\/12\/Letzte-Etappe-fuer-Solar-Impulse-1-umweltperspektiven.jpg","contentUrl":"https:\/\/www.organisator.ch\/wp-content\/uploads\/2016\/12\/Letzte-Etappe-fuer-Solar-Impulse-1-umweltperspektiven.jpg","width":2048,"height":1366,"caption":"Das Solarflugzeug hebt in Kairo f\u00fcr die letzte Etappe seiner Weltumrundung ab. (Foto: Solar Impulse)"},{"@type":"BreadcrumbList","@id":"https:\/\/www.organisator.ch\/sustainability\/2016-07-25\/letzte-etappe-fuer-solar-impulse\/#breadcrumb","itemListElement":[{"@type":"ListItem","position":1,"name":"Home","item":"https:\/\/www.organisator.ch\/"},{"@type":"ListItem","position":2,"name":"Letzte Etappe f\u00fcr Solar Impulse"}]},{"@type":"WebSite","@id":"https:\/\/www.organisator.ch\/#website","url":"https:\/\/www.organisator.ch\/","name":"Organisator","description":"Kompetent. Praxisnah. Der ORGANISATOR bereitet in 10 Ausgaben pro Jahr die wesentlichen Themen f\u00fcr F\u00fchrungskr\u00e4fte von KMU auf.","publisher":{"@id":"https:\/\/www.organisator.ch\/#organization"},"potentialAction":[{"@type":"SearchAction","target":{"@type":"EntryPoint","urlTemplate":"https:\/\/www.organisator.ch\/?s={search_term_string}"},"query-input":{"@type":"PropertyValueSpecification","valueRequired":true,"valueName":"search_term_string"}}],"inLanguage":"de"},{"@type":"Organization","@id":"https:\/\/www.organisator.ch\/#organization","name":"Organisator","url":"https:\/\/www.organisator.ch\/","logo":{"@type":"ImageObject","inLanguage":"de","@id":"https:\/\/www.organisator.ch\/#\/schema\/logo\/image\/","url":"https:\/\/www.organisator.ch\/wp-content\/uploads\/2022\/01\/Logo_Organisator_Website.png","contentUrl":"https:\/\/www.organisator.ch\/wp-content\/uploads\/2022\/01\/Logo_Organisator_Website.png","width":800,"height":77,"caption":"Organisator"},"image":{"@id":"https:\/\/www.organisator.ch\/#\/schema\/logo\/image\/"},"sameAs":["https:\/\/www.facebook.com\/OrganisatorFachmagazin","https:\/\/www.linkedin.com\/showcase\/organisator-das-magazin-fr-kmu","https:\/\/www.xing.com\/news\/pages\/organisator-ch-695","https:\/\/www.youtube.com\/channel\/UCGP2Sq0iWaZwT3BdIAQFYpw"]},{"@type":"Person","@id":"https:\/\/www.organisator.ch\/#\/schema\/person\/aa2bace6c5c5aad60102004a50c4eb1c","name":"admin","image":{"@type":"ImageObject","inLanguage":"de","@id":"https:\/\/secure.gravatar.com\/avatar\/ae2f4d718e6c49043e314ce431e7e645d646302a24a5ef5a8bc8e3f5a032e319?s=96&d=mm&r=g","url":"https:\/\/secure.gravatar.com\/avatar\/ae2f4d718e6c49043e314ce431e7e645d646302a24a5ef5a8bc8e3f5a032e319?s=96&d=mm&r=g","contentUrl":"https:\/\/secure.gravatar.com\/avatar\/ae2f4d718e6c49043e314ce431e7e645d646302a24a5ef5a8bc8e3f5a032e319?s=96&d=mm&r=g","caption":"admin"},"sameAs":["https:\/\/www.organisator.ch"],"url":"https:\/\/www.organisator.ch\/de\/author\/admin\/"}]}},"_links":{"self":[{"href":"https:\/\/www.organisator.ch\/de\/wp-json\/wp\/v2\/posts\/9954","targetHints":{"allow":["GET"]}}],"collection":[{"href":"https:\/\/www.organisator.ch\/de\/wp-json\/wp\/v2\/posts"}],"about":[{"href":"https:\/\/www.organisator.ch\/de\/wp-json\/wp\/v2\/types\/post"}],"author":[{"embeddable":true,"href":"https:\/\/www.organisator.ch\/de\/wp-json\/wp\/v2\/users\/1"}],"replies":[{"embeddable":true,"href":"https:\/\/www.organisator.ch\/de\/wp-json\/wp\/v2\/comments?post=9954"}],"version-history":[{"count":1,"href":"https:\/\/www.organisator.ch\/de\/wp-json\/wp\/v2\/posts\/9954\/revisions"}],"predecessor-version":[{"id":10611,"href":"https:\/\/www.organisator.ch\/de\/wp-json\/wp\/v2\/posts\/9954\/revisions\/10611"}],"wp:featuredmedia":[{"embeddable":true,"href":"https:\/\/www.organisator.ch\/de\/wp-json\/wp\/v2\/media\/9400"}],"wp:attachment":[{"href":"https:\/\/www.organisator.ch\/de\/wp-json\/wp\/v2\/media?parent=9954"}],"wp:term":[{"taxonomy":"category","embeddable":true,"href":"https:\/\/www.organisator.ch\/de\/wp-json\/wp\/v2\/categories?post=9954"},{"taxonomy":"post_tag","embeddable":true,"href":"https:\/\/www.organisator.ch\/de\/wp-json\/wp\/v2\/tags?post=9954"}],"curies":[{"name":"wp","href":"https:\/\/api.w.org\/{rel}","templated":true}]}}