{"id":9958,"date":"2016-08-17T17:00:36","date_gmt":"2016-08-17T15:00:36","guid":{"rendered":"https:\/\/dev.umweltperspektiven.ch\/?p=455"},"modified":"2022-02-09T11:06:58","modified_gmt":"2022-02-09T10:06:58","slug":"nasa-2016-bricht-alle-klimarekorde","status":"publish","type":"post","link":"https:\/\/www.organisator.ch\/de\/sustainability\/2016-08-17\/nasa-2016-bricht-alle-klimarekorde\/","title":{"rendered":"NASA: 2016 bricht alle Klimarekorde"},"content":{"rendered":"<figure id=\"attachment_456\" aria-describedby=\"caption-attachment-456\" style=\"width: 680px\" class=\"wp-caption alignnone\"><a href=\"\/\/dev.umweltperspektiven.ch\/wp-content\/uploads\/2016\/12\/NASA-2016-bricht-alle-Klimarekorde-umweltperspektiven1.jpg\"><img loading=\"lazy\" decoding=\"async\" class=\"size-medium wp-image-456\" src=\"\/\/dev.umweltperspektiven.ch\/wp-content\/uploads\/2016\/12\/NASA-2016-bricht-alle-Klimarekorde-umweltperspektiven1.jpg\" alt=\"Der regnerische Schweizer Sommer t\u00e4uscht: Seit Beginn der Messaufzeichnungen im Jahr 1880 war es noch nie so warm auf der Erde wie 2016.\" width=\"680\" height=\"454\" \/><\/a><figcaption id=\"caption-attachment-456\" class=\"wp-caption-text\">Der regnerische Schweizer Sommer t\u00e4uscht: Seit Beginn der Messaufzeichnungen im Jahr 1880 war es noch nie so warm auf der Erde wie 2016.<\/figcaption><\/figure>\n<p>Erschreckende Zahlen der NASA: Der Juli war der w\u00e4rmste je verzeichnete Monat &#8211; seit Messbeginn im Jahr 1880. Er war im globalen Durchschnitt\u00a00.84\u00b0C w\u00e4rmer als der langj\u00e4hrige Durchschnitt der Jahre 1950 bs 1980 und 0.11 \u00b0C w\u00e4rmer als der bisherige Rekordmonat &#8211; der\u00a0Juli 2015.<\/p>\n<p>Falls diese Meldung nicht neu klingt, ist das\u00a0kein Wunder &#8211; in den vergangenen zehn Monaten war jeder einzelne Monat der w\u00e4rmste seiner Art. Nachdem 2014 und 2015 beide jeweils das bislang heisseste je verzeichnete Jahr waren, zeichnet sich f\u00fcr 2016 wiederum ein neuer Hitzerekord ab. Laut NASA-Experten liegen die Chancen daf\u00fcr bei 99%. Insgesamt lagen die Temperaturen im\u00a0ersten Halbjahr 2016 rund 1.3\u00b0C h\u00f6her als im spten 19. Jahrhundert.<\/p>\n<p>Mitschuld am neuerlichen Temperaturrekord ist das Wetterph\u00e4nomen\u00a0El Ni\u00f1o, der im aktuellen Jahr besonders stark war. NASA-Klimaexperte Gavin Schmidt, Direktor des Goddard Institute for Space Studies in New York, ist aber der gr\u00f6ssere Teil dem Klimawandel zu schulden. So warnt er davor, dass auch 2017, wenn die Effekte von El Ni\u00f1o vorbei sind, Temperaturen zu erwarten sind, die rund 1\u00b0C \u00fcber dem vorindustriellen Zeitalter liegen &#8211; und damit nur ein halbes Grad unter dem Benchmark vom Pariser Klimagipfel.<\/p>\n<p><strong>Schweiz: Juli \u00fcber Durchschnitt<\/strong><\/p>\n<p>In der Schweiz lag die Fr\u00fchlingstemperatur 2016\u00a0im Mittel \u00a0im Bereich der Norm 1981\u20132010. Der Juli 2016\u00a0hingegen erreichte\u00a0laut <a href=\"http:\/\/www.meteoschweiz.admin.ch\/\" target=\"_blank\" rel=\"noreferrer noopener\" data-cke-saved-href=\"\/\/www.meteoschweiz.admin.ch\/\">Bundesamt f\u00fcr Meorologie und Klimatologie\u00a0<\/a>rund 0.9\u00b0C h\u00f6here Temperaturen als\u00a0durchschnittliche Juli der Jahre 1981-2010.<\/p>\n<p>Die bisherigen Rekordjahre in der Schweiz wurden in den Jahren 2011 (+1.21\u00b0C), 2014 (+1.25\u00b0C) und 2015 (+1.21\u00b0C) verzeichnet. Die Zahlen gelten seit Messbeginn im Jahr 1864.<\/p>\n<figure id=\"attachment_457\" aria-describedby=\"caption-attachment-457\" style=\"width: 680px\" class=\"wp-caption alignnone\"><a href=\"\/\/dev.umweltperspektiven.ch\/wp-content\/uploads\/2016\/12\/NASA-2016-bricht-alle-Klimarekorde-umweltperspektiven2.jpg\"><img loading=\"lazy\" decoding=\"async\" class=\"size-medium wp-image-457\" src=\"\/\/dev.umweltperspektiven.ch\/wp-content\/uploads\/2016\/12\/NASA-2016-bricht-alle-Klimarekorde-umweltperspektiven2.jpg\" alt=\"Die Temperaturen seit 1880. Die Linien sind nach Jahren farbcodiert. (Bild: Gavin Schmidt ,NASA)\" width=\"680\" height=\"540\" srcset=\"https:\/\/www.organisator.ch\/wp-content\/uploads\/2016\/12\/NASA-2016-bricht-alle-Klimarekorde-umweltperspektiven2.jpg 1083w, https:\/\/www.organisator.ch\/wp-content\/uploads\/2016\/12\/NASA-2016-bricht-alle-Klimarekorde-umweltperspektiven2-680x540.jpg 680w, https:\/\/www.organisator.ch\/wp-content\/uploads\/2016\/12\/NASA-2016-bricht-alle-Klimarekorde-umweltperspektiven2-1024x813.jpg 1024w, https:\/\/www.organisator.ch\/wp-content\/uploads\/2016\/12\/NASA-2016-bricht-alle-Klimarekorde-umweltperspektiven2-768x610.jpg 768w, https:\/\/www.organisator.ch\/wp-content\/uploads\/2016\/12\/NASA-2016-bricht-alle-Klimarekorde-umweltperspektiven2-15x12.jpg 15w, https:\/\/www.organisator.ch\/wp-content\/uploads\/2016\/12\/NASA-2016-bricht-alle-Klimarekorde-umweltperspektiven2-220x175.jpg 220w, https:\/\/www.organisator.ch\/wp-content\/uploads\/2016\/12\/NASA-2016-bricht-alle-Klimarekorde-umweltperspektiven2-441x350.jpg 441w, https:\/\/www.organisator.ch\/wp-content\/uploads\/2016\/12\/NASA-2016-bricht-alle-Klimarekorde-umweltperspektiven2-1007x800.jpg 1007w, https:\/\/www.organisator.ch\/wp-content\/uploads\/2016\/12\/NASA-2016-bricht-alle-Klimarekorde-umweltperspektiven2-920x731.jpg 920w, https:\/\/www.organisator.ch\/wp-content\/uploads\/2016\/12\/NASA-2016-bricht-alle-Klimarekorde-umweltperspektiven2-300x238.jpg 300w\" sizes=\"auto, (max-width: 680px) 100vw, 680px\" \/><\/a><figcaption id=\"caption-attachment-457\" class=\"wp-caption-text\">Die Temperaturen seit 1880. Die Linien sind nach Jahren farbcodiert. (Bild: Gavin Schmidt ,NASA)<\/figcaption><\/figure>\n","protected":false},"excerpt":{"rendered":"<p>Erschreckende Zahlen der NASA: Der Juli war der w\u00e4rmste je verzeichnete Monat &#8211; seit Messbeginn im Jahr 1880. Er war im globalen Durchschnitt\u00a00.84\u00b0C w\u00e4rmer als der langj\u00e4hrige Durchschnitt der Jahre 1950 bs 1980 und 0.11 \u00b0C w\u00e4rmer als der bisherige Rekordmonat &#8211; der\u00a0Juli 2015. Falls diese Meldung nicht neu klingt, ist das\u00a0kein Wunder &#8211; in [&hellip;]<\/p>\n","protected":false},"author":1,"featured_media":457,"comment_status":"open","ping_status":"open","sticky":false,"template":"","format":"standard","meta":{"_acf_changed":false,"_yoast_wpseo_focuskw":"Nasa","_yoast_wpseo_metadesc":"Das erste Halbjahr 2016 war das w\u00e4rmste seit Messbeginn - und dies nicht nur im Durchschnitt: Jeder einzelne Monat setzte einen neuen Temperaturrekord.","articlekey":"","footnotes":""},"categories":[580],"tags":[1360,596,1802,2004],"class_list":["post-9958","post","type-post","status-publish","format-standard","has-post-thumbnail","hentry","category-sustainability","tag-hitze","tag-klima","tag-nasa","tag-rekord"],"acf":[],"yoast_head":"<!-- This site is optimized with the Yoast SEO plugin v27.4 - https:\/\/yoast.com\/product\/yoast-seo-wordpress\/ -->\n<title>NASA: 2016 bricht alle Klimarekorde - Organisator<\/title>\n<meta name=\"description\" content=\"Das erste Halbjahr 2016 war das w\u00e4rmste seit Messbeginn - und dies nicht nur im Durchschnitt: Jeder einzelne Monat setzte einen neuen Temperaturrekord.\" \/>\n<meta name=\"robots\" content=\"index, follow, max-snippet:-1, max-image-preview:large, max-video-preview:-1\" \/>\n<link rel=\"canonical\" href=\"https:\/\/www.organisator.ch\/de\/sustainability\/2016-08-17\/nasa-2016-bricht-alle-klimarekorde\/\" \/>\n<meta property=\"og:locale\" content=\"de_DE\" \/>\n<meta property=\"og:type\" content=\"article\" \/>\n<meta property=\"og:title\" content=\"NASA: 2016 bricht alle Klimarekorde - Organisator\" \/>\n<meta property=\"og:description\" content=\"Das erste Halbjahr 2016 war das w\u00e4rmste seit Messbeginn - und dies nicht nur im Durchschnitt: Jeder einzelne Monat setzte einen neuen Temperaturrekord.\" \/>\n<meta property=\"og:url\" content=\"https:\/\/www.organisator.ch\/de\/sustainability\/2016-08-17\/nasa-2016-bricht-alle-klimarekorde\/\" \/>\n<meta property=\"og:site_name\" content=\"Organisator\" \/>\n<meta property=\"article:publisher\" content=\"https:\/\/www.facebook.com\/OrganisatorFachmagazin\" \/>\n<meta property=\"article:published_time\" content=\"2016-08-17T15:00:36+00:00\" \/>\n<meta property=\"article:modified_time\" content=\"2022-02-09T10:06:58+00:00\" \/>\n<meta property=\"og:image\" content=\"https:\/\/www.organisator.ch\/wp-content\/uploads\/2016\/12\/NASA-2016-bricht-alle-Klimarekorde-umweltperspektiven2.jpg\" \/>\n\t<meta property=\"og:image:width\" content=\"1083\" \/>\n\t<meta property=\"og:image:height\" content=\"860\" \/>\n\t<meta property=\"og:image:type\" content=\"image\/jpeg\" \/>\n<meta name=\"author\" content=\"admin\" \/>\n<meta name=\"twitter:card\" content=\"summary_large_image\" \/>\n<script type=\"application\/ld+json\" class=\"yoast-schema-graph\">{\"@context\":\"https:\\\/\\\/schema.org\",\"@graph\":[{\"@type\":\"Article\",\"@id\":\"https:\\\/\\\/www.organisator.ch\\\/sustainability\\\/2016-08-17\\\/nasa-2016-bricht-alle-klimarekorde\\\/#article\",\"isPartOf\":{\"@id\":\"https:\\\/\\\/www.organisator.ch\\\/sustainability\\\/2016-08-17\\\/nasa-2016-bricht-alle-klimarekorde\\\/\"},\"author\":{\"name\":\"admin\",\"@id\":\"https:\\\/\\\/www.organisator.ch\\\/#\\\/schema\\\/person\\\/aa2bace6c5c5aad60102004a50c4eb1c\"},\"headline\":\"NASA: 2016 bricht alle Klimarekorde\",\"datePublished\":\"2016-08-17T15:00:36+00:00\",\"dateModified\":\"2022-02-09T10:06:58+00:00\",\"mainEntityOfPage\":{\"@id\":\"https:\\\/\\\/www.organisator.ch\\\/sustainability\\\/2016-08-17\\\/nasa-2016-bricht-alle-klimarekorde\\\/\"},\"wordCount\":308,\"commentCount\":0,\"publisher\":{\"@id\":\"https:\\\/\\\/www.organisator.ch\\\/#organization\"},\"image\":{\"@id\":\"https:\\\/\\\/www.organisator.ch\\\/sustainability\\\/2016-08-17\\\/nasa-2016-bricht-alle-klimarekorde\\\/#primaryimage\"},\"thumbnailUrl\":\"https:\\\/\\\/www.organisator.ch\\\/wp-content\\\/uploads\\\/2016\\\/12\\\/NASA-2016-bricht-alle-Klimarekorde-umweltperspektiven2.jpg\",\"keywords\":[\"Hitze\",\"KLIMA\",\"NASA\",\"Rekord\"],\"articleSection\":[\"SUSTAINABILITY\"],\"inLanguage\":\"de\"},{\"@type\":\"WebPage\",\"@id\":\"https:\\\/\\\/www.organisator.ch\\\/sustainability\\\/2016-08-17\\\/nasa-2016-bricht-alle-klimarekorde\\\/\",\"url\":\"https:\\\/\\\/www.organisator.ch\\\/sustainability\\\/2016-08-17\\\/nasa-2016-bricht-alle-klimarekorde\\\/\",\"name\":\"NASA: 2016 bricht alle Klimarekorde - Organisator\",\"isPartOf\":{\"@id\":\"https:\\\/\\\/www.organisator.ch\\\/#website\"},\"primaryImageOfPage\":{\"@id\":\"https:\\\/\\\/www.organisator.ch\\\/sustainability\\\/2016-08-17\\\/nasa-2016-bricht-alle-klimarekorde\\\/#primaryimage\"},\"image\":{\"@id\":\"https:\\\/\\\/www.organisator.ch\\\/sustainability\\\/2016-08-17\\\/nasa-2016-bricht-alle-klimarekorde\\\/#primaryimage\"},\"thumbnailUrl\":\"https:\\\/\\\/www.organisator.ch\\\/wp-content\\\/uploads\\\/2016\\\/12\\\/NASA-2016-bricht-alle-Klimarekorde-umweltperspektiven2.jpg\",\"datePublished\":\"2016-08-17T15:00:36+00:00\",\"dateModified\":\"2022-02-09T10:06:58+00:00\",\"description\":\"Das erste Halbjahr 2016 war das w\u00e4rmste seit Messbeginn - und dies nicht nur im Durchschnitt: Jeder einzelne Monat setzte einen neuen Temperaturrekord.\",\"breadcrumb\":{\"@id\":\"https:\\\/\\\/www.organisator.ch\\\/sustainability\\\/2016-08-17\\\/nasa-2016-bricht-alle-klimarekorde\\\/#breadcrumb\"},\"inLanguage\":\"de\",\"potentialAction\":[{\"@type\":\"ReadAction\",\"target\":[\"https:\\\/\\\/www.organisator.ch\\\/sustainability\\\/2016-08-17\\\/nasa-2016-bricht-alle-klimarekorde\\\/\"]}]},{\"@type\":\"ImageObject\",\"inLanguage\":\"de\",\"@id\":\"https:\\\/\\\/www.organisator.ch\\\/sustainability\\\/2016-08-17\\\/nasa-2016-bricht-alle-klimarekorde\\\/#primaryimage\",\"url\":\"https:\\\/\\\/www.organisator.ch\\\/wp-content\\\/uploads\\\/2016\\\/12\\\/NASA-2016-bricht-alle-Klimarekorde-umweltperspektiven2.jpg\",\"contentUrl\":\"https:\\\/\\\/www.organisator.ch\\\/wp-content\\\/uploads\\\/2016\\\/12\\\/NASA-2016-bricht-alle-Klimarekorde-umweltperspektiven2.jpg\",\"width\":1083,\"height\":860,\"caption\":\"Die Temperaturen seit 1880. Die Linien sind nach Jahren farbcodiert. (Bild: Gavin Schmidt ,NASA)\"},{\"@type\":\"BreadcrumbList\",\"@id\":\"https:\\\/\\\/www.organisator.ch\\\/sustainability\\\/2016-08-17\\\/nasa-2016-bricht-alle-klimarekorde\\\/#breadcrumb\",\"itemListElement\":[{\"@type\":\"ListItem\",\"position\":1,\"name\":\"Home\",\"item\":\"https:\\\/\\\/www.organisator.ch\\\/\"},{\"@type\":\"ListItem\",\"position\":2,\"name\":\"NASA: 2016 bricht alle Klimarekorde\"}]},{\"@type\":\"WebSite\",\"@id\":\"https:\\\/\\\/www.organisator.ch\\\/#website\",\"url\":\"https:\\\/\\\/www.organisator.ch\\\/\",\"name\":\"Organisator\",\"description\":\"Kompetent. Praxisnah. Der ORGANISATOR bereitet in 10 Ausgaben pro Jahr die wesentlichen Themen f\u00fcr F\u00fchrungskr\u00e4fte von KMU auf.\",\"publisher\":{\"@id\":\"https:\\\/\\\/www.organisator.ch\\\/#organization\"},\"potentialAction\":[{\"@type\":\"SearchAction\",\"target\":{\"@type\":\"EntryPoint\",\"urlTemplate\":\"https:\\\/\\\/www.organisator.ch\\\/?s={search_term_string}\"},\"query-input\":{\"@type\":\"PropertyValueSpecification\",\"valueRequired\":true,\"valueName\":\"search_term_string\"}}],\"inLanguage\":\"de\"},{\"@type\":\"Organization\",\"@id\":\"https:\\\/\\\/www.organisator.ch\\\/#organization\",\"name\":\"Organisator\",\"url\":\"https:\\\/\\\/www.organisator.ch\\\/\",\"logo\":{\"@type\":\"ImageObject\",\"inLanguage\":\"de\",\"@id\":\"https:\\\/\\\/www.organisator.ch\\\/#\\\/schema\\\/logo\\\/image\\\/\",\"url\":\"https:\\\/\\\/www.organisator.ch\\\/wp-content\\\/uploads\\\/2022\\\/01\\\/Logo_Organisator_Website.png\",\"contentUrl\":\"https:\\\/\\\/www.organisator.ch\\\/wp-content\\\/uploads\\\/2022\\\/01\\\/Logo_Organisator_Website.png\",\"width\":800,\"height\":77,\"caption\":\"Organisator\"},\"image\":{\"@id\":\"https:\\\/\\\/www.organisator.ch\\\/#\\\/schema\\\/logo\\\/image\\\/\"},\"sameAs\":[\"https:\\\/\\\/www.facebook.com\\\/OrganisatorFachmagazin\",\"https:\\\/\\\/www.linkedin.com\\\/showcase\\\/organisator-das-magazin-fr-kmu\",\"https:\\\/\\\/www.xing.com\\\/news\\\/pages\\\/organisator-ch-695\",\"https:\\\/\\\/www.youtube.com\\\/channel\\\/UCGP2Sq0iWaZwT3BdIAQFYpw\"]},{\"@type\":\"Person\",\"@id\":\"https:\\\/\\\/www.organisator.ch\\\/#\\\/schema\\\/person\\\/aa2bace6c5c5aad60102004a50c4eb1c\",\"name\":\"admin\",\"image\":{\"@type\":\"ImageObject\",\"inLanguage\":\"de\",\"@id\":\"https:\\\/\\\/secure.gravatar.com\\\/avatar\\\/ae2f4d718e6c49043e314ce431e7e645d646302a24a5ef5a8bc8e3f5a032e319?s=96&d=mm&r=g\",\"url\":\"https:\\\/\\\/secure.gravatar.com\\\/avatar\\\/ae2f4d718e6c49043e314ce431e7e645d646302a24a5ef5a8bc8e3f5a032e319?s=96&d=mm&r=g\",\"contentUrl\":\"https:\\\/\\\/secure.gravatar.com\\\/avatar\\\/ae2f4d718e6c49043e314ce431e7e645d646302a24a5ef5a8bc8e3f5a032e319?s=96&d=mm&r=g\",\"caption\":\"admin\"},\"sameAs\":[\"https:\\\/\\\/www.organisator.ch\"],\"url\":\"https:\\\/\\\/www.organisator.ch\\\/de\\\/author\\\/admin\\\/\"}]}<\/script>\n<!-- \/ Yoast SEO plugin. -->","yoast_head_json":{"title":"NASA: 2016 bricht alle Klimarekorde - Organisator","description":"Das erste Halbjahr 2016 war das w\u00e4rmste seit Messbeginn - und dies nicht nur im Durchschnitt: Jeder einzelne Monat setzte einen neuen Temperaturrekord.","robots":{"index":"index","follow":"follow","max-snippet":"max-snippet:-1","max-image-preview":"max-image-preview:large","max-video-preview":"max-video-preview:-1"},"canonical":"https:\/\/www.organisator.ch\/de\/sustainability\/2016-08-17\/nasa-2016-bricht-alle-klimarekorde\/","og_locale":"de_DE","og_type":"article","og_title":"NASA: 2016 bricht alle Klimarekorde - Organisator","og_description":"Das erste Halbjahr 2016 war das w\u00e4rmste seit Messbeginn - und dies nicht nur im Durchschnitt: Jeder einzelne Monat setzte einen neuen Temperaturrekord.","og_url":"https:\/\/www.organisator.ch\/de\/sustainability\/2016-08-17\/nasa-2016-bricht-alle-klimarekorde\/","og_site_name":"Organisator","article_publisher":"https:\/\/www.facebook.com\/OrganisatorFachmagazin","article_published_time":"2016-08-17T15:00:36+00:00","article_modified_time":"2022-02-09T10:06:58+00:00","og_image":[{"width":1083,"height":860,"url":"https:\/\/www.organisator.ch\/wp-content\/uploads\/2016\/12\/NASA-2016-bricht-alle-Klimarekorde-umweltperspektiven2.jpg","type":"image\/jpeg"}],"author":"admin","twitter_card":"summary_large_image","schema":{"@context":"https:\/\/schema.org","@graph":[{"@type":"Article","@id":"https:\/\/www.organisator.ch\/sustainability\/2016-08-17\/nasa-2016-bricht-alle-klimarekorde\/#article","isPartOf":{"@id":"https:\/\/www.organisator.ch\/sustainability\/2016-08-17\/nasa-2016-bricht-alle-klimarekorde\/"},"author":{"name":"admin","@id":"https:\/\/www.organisator.ch\/#\/schema\/person\/aa2bace6c5c5aad60102004a50c4eb1c"},"headline":"NASA: 2016 bricht alle Klimarekorde","datePublished":"2016-08-17T15:00:36+00:00","dateModified":"2022-02-09T10:06:58+00:00","mainEntityOfPage":{"@id":"https:\/\/www.organisator.ch\/sustainability\/2016-08-17\/nasa-2016-bricht-alle-klimarekorde\/"},"wordCount":308,"commentCount":0,"publisher":{"@id":"https:\/\/www.organisator.ch\/#organization"},"image":{"@id":"https:\/\/www.organisator.ch\/sustainability\/2016-08-17\/nasa-2016-bricht-alle-klimarekorde\/#primaryimage"},"thumbnailUrl":"https:\/\/www.organisator.ch\/wp-content\/uploads\/2016\/12\/NASA-2016-bricht-alle-Klimarekorde-umweltperspektiven2.jpg","keywords":["Hitze","KLIMA","NASA","Rekord"],"articleSection":["SUSTAINABILITY"],"inLanguage":"de"},{"@type":"WebPage","@id":"https:\/\/www.organisator.ch\/sustainability\/2016-08-17\/nasa-2016-bricht-alle-klimarekorde\/","url":"https:\/\/www.organisator.ch\/sustainability\/2016-08-17\/nasa-2016-bricht-alle-klimarekorde\/","name":"NASA: 2016 bricht alle Klimarekorde - Organisator","isPartOf":{"@id":"https:\/\/www.organisator.ch\/#website"},"primaryImageOfPage":{"@id":"https:\/\/www.organisator.ch\/sustainability\/2016-08-17\/nasa-2016-bricht-alle-klimarekorde\/#primaryimage"},"image":{"@id":"https:\/\/www.organisator.ch\/sustainability\/2016-08-17\/nasa-2016-bricht-alle-klimarekorde\/#primaryimage"},"thumbnailUrl":"https:\/\/www.organisator.ch\/wp-content\/uploads\/2016\/12\/NASA-2016-bricht-alle-Klimarekorde-umweltperspektiven2.jpg","datePublished":"2016-08-17T15:00:36+00:00","dateModified":"2022-02-09T10:06:58+00:00","description":"Das erste Halbjahr 2016 war das w\u00e4rmste seit Messbeginn - und dies nicht nur im Durchschnitt: Jeder einzelne Monat setzte einen neuen Temperaturrekord.","breadcrumb":{"@id":"https:\/\/www.organisator.ch\/sustainability\/2016-08-17\/nasa-2016-bricht-alle-klimarekorde\/#breadcrumb"},"inLanguage":"de","potentialAction":[{"@type":"ReadAction","target":["https:\/\/www.organisator.ch\/sustainability\/2016-08-17\/nasa-2016-bricht-alle-klimarekorde\/"]}]},{"@type":"ImageObject","inLanguage":"de","@id":"https:\/\/www.organisator.ch\/sustainability\/2016-08-17\/nasa-2016-bricht-alle-klimarekorde\/#primaryimage","url":"https:\/\/www.organisator.ch\/wp-content\/uploads\/2016\/12\/NASA-2016-bricht-alle-Klimarekorde-umweltperspektiven2.jpg","contentUrl":"https:\/\/www.organisator.ch\/wp-content\/uploads\/2016\/12\/NASA-2016-bricht-alle-Klimarekorde-umweltperspektiven2.jpg","width":1083,"height":860,"caption":"Die Temperaturen seit 1880. Die Linien sind nach Jahren farbcodiert. (Bild: Gavin Schmidt ,NASA)"},{"@type":"BreadcrumbList","@id":"https:\/\/www.organisator.ch\/sustainability\/2016-08-17\/nasa-2016-bricht-alle-klimarekorde\/#breadcrumb","itemListElement":[{"@type":"ListItem","position":1,"name":"Home","item":"https:\/\/www.organisator.ch\/"},{"@type":"ListItem","position":2,"name":"NASA: 2016 bricht alle Klimarekorde"}]},{"@type":"WebSite","@id":"https:\/\/www.organisator.ch\/#website","url":"https:\/\/www.organisator.ch\/","name":"Organisator","description":"Kompetent. Praxisnah. Der ORGANISATOR bereitet in 10 Ausgaben pro Jahr die wesentlichen Themen f\u00fcr F\u00fchrungskr\u00e4fte von KMU auf.","publisher":{"@id":"https:\/\/www.organisator.ch\/#organization"},"potentialAction":[{"@type":"SearchAction","target":{"@type":"EntryPoint","urlTemplate":"https:\/\/www.organisator.ch\/?s={search_term_string}"},"query-input":{"@type":"PropertyValueSpecification","valueRequired":true,"valueName":"search_term_string"}}],"inLanguage":"de"},{"@type":"Organization","@id":"https:\/\/www.organisator.ch\/#organization","name":"Organisator","url":"https:\/\/www.organisator.ch\/","logo":{"@type":"ImageObject","inLanguage":"de","@id":"https:\/\/www.organisator.ch\/#\/schema\/logo\/image\/","url":"https:\/\/www.organisator.ch\/wp-content\/uploads\/2022\/01\/Logo_Organisator_Website.png","contentUrl":"https:\/\/www.organisator.ch\/wp-content\/uploads\/2022\/01\/Logo_Organisator_Website.png","width":800,"height":77,"caption":"Organisator"},"image":{"@id":"https:\/\/www.organisator.ch\/#\/schema\/logo\/image\/"},"sameAs":["https:\/\/www.facebook.com\/OrganisatorFachmagazin","https:\/\/www.linkedin.com\/showcase\/organisator-das-magazin-fr-kmu","https:\/\/www.xing.com\/news\/pages\/organisator-ch-695","https:\/\/www.youtube.com\/channel\/UCGP2Sq0iWaZwT3BdIAQFYpw"]},{"@type":"Person","@id":"https:\/\/www.organisator.ch\/#\/schema\/person\/aa2bace6c5c5aad60102004a50c4eb1c","name":"admin","image":{"@type":"ImageObject","inLanguage":"de","@id":"https:\/\/secure.gravatar.com\/avatar\/ae2f4d718e6c49043e314ce431e7e645d646302a24a5ef5a8bc8e3f5a032e319?s=96&d=mm&r=g","url":"https:\/\/secure.gravatar.com\/avatar\/ae2f4d718e6c49043e314ce431e7e645d646302a24a5ef5a8bc8e3f5a032e319?s=96&d=mm&r=g","contentUrl":"https:\/\/secure.gravatar.com\/avatar\/ae2f4d718e6c49043e314ce431e7e645d646302a24a5ef5a8bc8e3f5a032e319?s=96&d=mm&r=g","caption":"admin"},"sameAs":["https:\/\/www.organisator.ch"],"url":"https:\/\/www.organisator.ch\/de\/author\/admin\/"}]}},"_links":{"self":[{"href":"https:\/\/www.organisator.ch\/de\/wp-json\/wp\/v2\/posts\/9958","targetHints":{"allow":["GET"]}}],"collection":[{"href":"https:\/\/www.organisator.ch\/de\/wp-json\/wp\/v2\/posts"}],"about":[{"href":"https:\/\/www.organisator.ch\/de\/wp-json\/wp\/v2\/types\/post"}],"author":[{"embeddable":true,"href":"https:\/\/www.organisator.ch\/de\/wp-json\/wp\/v2\/users\/1"}],"replies":[{"embeddable":true,"href":"https:\/\/www.organisator.ch\/de\/wp-json\/wp\/v2\/comments?post=9958"}],"version-history":[{"count":1,"href":"https:\/\/www.organisator.ch\/de\/wp-json\/wp\/v2\/posts\/9958\/revisions"}],"predecessor-version":[{"id":10749,"href":"https:\/\/www.organisator.ch\/de\/wp-json\/wp\/v2\/posts\/9958\/revisions\/10749"}],"wp:featuredmedia":[{"embeddable":true,"href":"https:\/\/www.organisator.ch\/de\/wp-json\/wp\/v2\/media\/457"}],"wp:attachment":[{"href":"https:\/\/www.organisator.ch\/de\/wp-json\/wp\/v2\/media?parent=9958"}],"wp:term":[{"taxonomy":"category","embeddable":true,"href":"https:\/\/www.organisator.ch\/de\/wp-json\/wp\/v2\/categories?post=9958"},{"taxonomy":"post_tag","embeddable":true,"href":"https:\/\/www.organisator.ch\/de\/wp-json\/wp\/v2\/tags?post=9958"}],"curies":[{"name":"wp","href":"https:\/\/api.w.org\/{rel}","templated":true}]}}