{"id":9965,"date":"2016-09-20T16:14:28","date_gmt":"2016-09-20T14:14:28","guid":{"rendered":"https:\/\/dev.umweltperspektiven.ch\/?p=523"},"modified":"2016-09-20T16:14:28","modified_gmt":"2016-09-20T14:14:28","slug":"lidl-schafft-plastiktaschen-ab","status":"publish","type":"post","link":"https:\/\/www.organisator.ch\/de\/allgemein\/2016-09-20\/lidl-schafft-plastiktaschen-ab\/","title":{"rendered":"Lidl schafft Plastiktaschen ab"},"content":{"rendered":"<figure id=\"attachment_524\" aria-describedby=\"caption-attachment-524\" style=\"width: 680px\" class=\"wp-caption alignnone\"><a href=\"\/\/dev.umweltperspektiven.ch\/wp-content\/uploads\/2016\/12\/Lidl-schafft-Plastiktaschen-ab-umweltperspektiven.jpg\"><img loading=\"lazy\" decoding=\"async\" class=\"size-medium wp-image-524\" src=\"\/\/dev.umweltperspektiven.ch\/wp-content\/uploads\/2016\/12\/Lidl-schafft-Plastiktaschen-ab-umweltperspektiven.jpg\" alt=\"Lidl schafft Plastiktaschen ab-umweltperspektiven\" width=\"680\" height=\"913\" \/><\/a><figcaption id=\"caption-attachment-524\" class=\"wp-caption-text\">Lidl schafft Plastiktaschen ab-umweltperspektiven<\/figcaption><\/figure>\n<p>Lidl Schweiz schafft die kostenpflichtige Standard-Plastiktragetasche an der Kasse ab. Ersetzt wird sie durch eine Mehrweg-Tragetasche aus ungebleichtem Papier. Diese ist durch den \u00abForest Stewardship Council\u00bb (FSC) zertifiziert und recycelbar. Damit stammen alle Lidl-Papiertragetaschen zu 100 % aus nachwachsenden und wiederverwertbaren Rohstoffen. Mit dieser Massnahme spart Lidl Schweiz jedes Jahr \u00fcber 70 Tonnen Plastik. Auf die weitverbreiteten kostenlosen Plastiks\u00e4ckli an der Kasse verzichtet Lidl bereits seit dem Markteintritt.<\/p>\n<p><strong>Erg\u00e4nzung des Nachhaltigkeits-Engagements<\/strong><br \/>\nMit der Umstellung auf ausschliesslich Papier- und Permanenttragetaschen m\u00f6chte Lidl Schweiz die Mehrfachnutzung von Tragetaschen bei Eink\u00e4ufen f\u00f6rdern und damit Ressourcen schonen. Die Massnahme reiht sich in das umfassende Engagement von Lidl Schweiz f\u00fcr Nachhaltigkeit ein, wie zum Beispiel umfassendes Recycling, zertifizierte Produkte, CO2-Neutralit\u00e4t und die Vermeidung von Food-Waste. Auch die Lidl-Landesorganisationen Deutschland und \u00d6sterreich werden in Zukunft auf den Verkauf von Plastikt\u00fcten an den Kassen verzichten.<\/p>\n<p><em>Quelle: Lidl Schweiz<\/em><\/p>\n","protected":false},"excerpt":{"rendered":"<p>Lidl Schweiz schafft die kostenpflichtige Standard-Plastiktragetasche an der Kasse ab. Ersetzt wird sie durch eine Mehrweg-Tragetasche aus ungebleichtem Papier. Diese ist durch den \u00abForest Stewardship Council\u00bb (FSC) zertifiziert und recycelbar. Damit stammen alle Lidl-Papiertragetaschen zu 100 % aus nachwachsenden und wiederverwertbaren Rohstoffen. Mit dieser Massnahme spart Lidl Schweiz jedes Jahr \u00fcber 70 Tonnen Plastik. Auf [&hellip;]<\/p>\n","protected":false},"author":1,"featured_media":9419,"comment_status":"open","ping_status":"open","sticky":false,"template":"","format":"standard","meta":{"_acf_changed":false,"_yoast_wpseo_focuskw":"Plastiktaschen","_yoast_wpseo_metadesc":"Lidl Schweiz ersetzt ab Fr\u00fchling 2017 die kostenpflichtigen Plastiktaschen aus recyceltem Plastik durch eine mehrfach verwendbare Papiertragetasche.","articlekey":"","footnotes":""},"categories":[1],"tags":[],"class_list":["post-9965","post","type-post","status-publish","format-standard","has-post-thumbnail","hentry","category-allgemein"],"acf":[],"yoast_head":"<!-- This site is optimized with the Yoast SEO plugin v27.5 - https:\/\/yoast.com\/product\/yoast-seo-wordpress\/ -->\n<title>Lidl schafft Plastiktaschen ab - Organisator<\/title>\n<meta name=\"description\" content=\"Lidl Schweiz ersetzt ab Fr\u00fchling 2017 die kostenpflichtigen Plastiktaschen aus recyceltem Plastik durch eine mehrfach verwendbare Papiertragetasche.\" \/>\n<meta name=\"robots\" content=\"index, follow, max-snippet:-1, max-image-preview:large, max-video-preview:-1\" \/>\n<link rel=\"canonical\" href=\"https:\/\/www.organisator.ch\/de\/allgemein\/2016-09-20\/lidl-schafft-plastiktaschen-ab\/\" \/>\n<meta property=\"og:locale\" content=\"de_DE\" \/>\n<meta property=\"og:type\" content=\"article\" \/>\n<meta property=\"og:title\" content=\"Lidl schafft Plastiktaschen ab - Organisator\" \/>\n<meta property=\"og:description\" content=\"Lidl Schweiz ersetzt ab Fr\u00fchling 2017 die kostenpflichtigen Plastiktaschen aus recyceltem Plastik durch eine mehrfach verwendbare Papiertragetasche.\" \/>\n<meta property=\"og:url\" content=\"https:\/\/www.organisator.ch\/de\/allgemein\/2016-09-20\/lidl-schafft-plastiktaschen-ab\/\" \/>\n<meta property=\"og:site_name\" content=\"Organisator\" \/>\n<meta property=\"article:publisher\" content=\"https:\/\/www.facebook.com\/OrganisatorFachmagazin\" \/>\n<meta property=\"article:published_time\" content=\"2016-09-20T14:14:28+00:00\" \/>\n<meta property=\"og:image\" content=\"https:\/\/www.organisator.ch\/wp-content\/uploads\/2016\/12\/Lidl-schafft-Plastiktaschen-ab-umweltperspektiven-scaled.jpg\" \/>\n\t<meta property=\"og:image:width\" content=\"1907\" \/>\n\t<meta property=\"og:image:height\" content=\"2560\" \/>\n\t<meta property=\"og:image:type\" content=\"image\/jpeg\" \/>\n<meta name=\"author\" content=\"admin\" \/>\n<meta name=\"twitter:card\" content=\"summary_large_image\" \/>\n<script type=\"application\/ld+json\" class=\"yoast-schema-graph\">{\"@context\":\"https:\\\/\\\/schema.org\",\"@graph\":[{\"@type\":\"Article\",\"@id\":\"https:\\\/\\\/www.organisator.ch\\\/en\\\/general\\\/2016-09-20\\\/lidl-schafft-plastiktaschen-ab\\\/#article\",\"isPartOf\":{\"@id\":\"https:\\\/\\\/www.organisator.ch\\\/en\\\/general\\\/2016-09-20\\\/lidl-schafft-plastiktaschen-ab\\\/\"},\"author\":{\"name\":\"admin\",\"@id\":\"https:\\\/\\\/www.organisator.ch\\\/#\\\/schema\\\/person\\\/aa2bace6c5c5aad60102004a50c4eb1c\"},\"headline\":\"Lidl schafft Plastiktaschen ab\",\"datePublished\":\"2016-09-20T14:14:28+00:00\",\"mainEntityOfPage\":{\"@id\":\"https:\\\/\\\/www.organisator.ch\\\/en\\\/general\\\/2016-09-20\\\/lidl-schafft-plastiktaschen-ab\\\/\"},\"wordCount\":162,\"commentCount\":0,\"publisher\":{\"@id\":\"https:\\\/\\\/www.organisator.ch\\\/#organization\"},\"image\":{\"@id\":\"https:\\\/\\\/www.organisator.ch\\\/en\\\/general\\\/2016-09-20\\\/lidl-schafft-plastiktaschen-ab\\\/#primaryimage\"},\"thumbnailUrl\":\"https:\\\/\\\/www.organisator.ch\\\/wp-content\\\/uploads\\\/2016\\\/12\\\/Lidl-schafft-Plastiktaschen-ab-umweltperspektiven-scaled.jpg\",\"inLanguage\":\"de\"},{\"@type\":\"WebPage\",\"@id\":\"https:\\\/\\\/www.organisator.ch\\\/en\\\/general\\\/2016-09-20\\\/lidl-schafft-plastiktaschen-ab\\\/\",\"url\":\"https:\\\/\\\/www.organisator.ch\\\/en\\\/general\\\/2016-09-20\\\/lidl-schafft-plastiktaschen-ab\\\/\",\"name\":\"Lidl schafft Plastiktaschen ab - Organisator\",\"isPartOf\":{\"@id\":\"https:\\\/\\\/www.organisator.ch\\\/#website\"},\"primaryImageOfPage\":{\"@id\":\"https:\\\/\\\/www.organisator.ch\\\/en\\\/general\\\/2016-09-20\\\/lidl-schafft-plastiktaschen-ab\\\/#primaryimage\"},\"image\":{\"@id\":\"https:\\\/\\\/www.organisator.ch\\\/en\\\/general\\\/2016-09-20\\\/lidl-schafft-plastiktaschen-ab\\\/#primaryimage\"},\"thumbnailUrl\":\"https:\\\/\\\/www.organisator.ch\\\/wp-content\\\/uploads\\\/2016\\\/12\\\/Lidl-schafft-Plastiktaschen-ab-umweltperspektiven-scaled.jpg\",\"datePublished\":\"2016-09-20T14:14:28+00:00\",\"description\":\"Lidl Schweiz ersetzt ab Fr\u00fchling 2017 die kostenpflichtigen Plastiktaschen aus recyceltem Plastik durch eine mehrfach verwendbare Papiertragetasche.\",\"breadcrumb\":{\"@id\":\"https:\\\/\\\/www.organisator.ch\\\/en\\\/general\\\/2016-09-20\\\/lidl-schafft-plastiktaschen-ab\\\/#breadcrumb\"},\"inLanguage\":\"de\",\"potentialAction\":[{\"@type\":\"ReadAction\",\"target\":[\"https:\\\/\\\/www.organisator.ch\\\/en\\\/general\\\/2016-09-20\\\/lidl-schafft-plastiktaschen-ab\\\/\"]}]},{\"@type\":\"ImageObject\",\"inLanguage\":\"de\",\"@id\":\"https:\\\/\\\/www.organisator.ch\\\/en\\\/general\\\/2016-09-20\\\/lidl-schafft-plastiktaschen-ab\\\/#primaryimage\",\"url\":\"https:\\\/\\\/www.organisator.ch\\\/wp-content\\\/uploads\\\/2016\\\/12\\\/Lidl-schafft-Plastiktaschen-ab-umweltperspektiven-scaled.jpg\",\"contentUrl\":\"https:\\\/\\\/www.organisator.ch\\\/wp-content\\\/uploads\\\/2016\\\/12\\\/Lidl-schafft-Plastiktaschen-ab-umweltperspektiven-scaled.jpg\",\"width\":1907,\"height\":2560,\"caption\":\"Lidl schafft Plastiktaschen ab-umweltperspektiven\"},{\"@type\":\"BreadcrumbList\",\"@id\":\"https:\\\/\\\/www.organisator.ch\\\/en\\\/general\\\/2016-09-20\\\/lidl-schafft-plastiktaschen-ab\\\/#breadcrumb\",\"itemListElement\":[{\"@type\":\"ListItem\",\"position\":1,\"name\":\"Home\",\"item\":\"https:\\\/\\\/www.organisator.ch\\\/\"},{\"@type\":\"ListItem\",\"position\":2,\"name\":\"Lidl schafft Plastiktaschen ab\"}]},{\"@type\":\"WebSite\",\"@id\":\"https:\\\/\\\/www.organisator.ch\\\/#website\",\"url\":\"https:\\\/\\\/www.organisator.ch\\\/\",\"name\":\"Organisator\",\"description\":\"Kompetent. Praxisnah. Der ORGANISATOR bereitet in 10 Ausgaben pro Jahr die wesentlichen Themen f\u00fcr F\u00fchrungskr\u00e4fte von KMU auf.\",\"publisher\":{\"@id\":\"https:\\\/\\\/www.organisator.ch\\\/#organization\"},\"potentialAction\":[{\"@type\":\"SearchAction\",\"target\":{\"@type\":\"EntryPoint\",\"urlTemplate\":\"https:\\\/\\\/www.organisator.ch\\\/?s={search_term_string}\"},\"query-input\":{\"@type\":\"PropertyValueSpecification\",\"valueRequired\":true,\"valueName\":\"search_term_string\"}}],\"inLanguage\":\"de\"},{\"@type\":\"Organization\",\"@id\":\"https:\\\/\\\/www.organisator.ch\\\/#organization\",\"name\":\"Organisator\",\"url\":\"https:\\\/\\\/www.organisator.ch\\\/\",\"logo\":{\"@type\":\"ImageObject\",\"inLanguage\":\"de\",\"@id\":\"https:\\\/\\\/www.organisator.ch\\\/#\\\/schema\\\/logo\\\/image\\\/\",\"url\":\"https:\\\/\\\/www.organisator.ch\\\/wp-content\\\/uploads\\\/2022\\\/01\\\/Logo_Organisator_Website.png\",\"contentUrl\":\"https:\\\/\\\/www.organisator.ch\\\/wp-content\\\/uploads\\\/2022\\\/01\\\/Logo_Organisator_Website.png\",\"width\":800,\"height\":77,\"caption\":\"Organisator\"},\"image\":{\"@id\":\"https:\\\/\\\/www.organisator.ch\\\/#\\\/schema\\\/logo\\\/image\\\/\"},\"sameAs\":[\"https:\\\/\\\/www.facebook.com\\\/OrganisatorFachmagazin\",\"https:\\\/\\\/www.linkedin.com\\\/showcase\\\/organisator-das-magazin-fr-kmu\",\"https:\\\/\\\/www.xing.com\\\/news\\\/pages\\\/organisator-ch-695\",\"https:\\\/\\\/www.youtube.com\\\/channel\\\/UCGP2Sq0iWaZwT3BdIAQFYpw\"]},{\"@type\":\"Person\",\"@id\":\"https:\\\/\\\/www.organisator.ch\\\/#\\\/schema\\\/person\\\/aa2bace6c5c5aad60102004a50c4eb1c\",\"name\":\"admin\",\"image\":{\"@type\":\"ImageObject\",\"inLanguage\":\"de\",\"@id\":\"https:\\\/\\\/secure.gravatar.com\\\/avatar\\\/ae2f4d718e6c49043e314ce431e7e645d646302a24a5ef5a8bc8e3f5a032e319?s=96&d=mm&r=g\",\"url\":\"https:\\\/\\\/secure.gravatar.com\\\/avatar\\\/ae2f4d718e6c49043e314ce431e7e645d646302a24a5ef5a8bc8e3f5a032e319?s=96&d=mm&r=g\",\"contentUrl\":\"https:\\\/\\\/secure.gravatar.com\\\/avatar\\\/ae2f4d718e6c49043e314ce431e7e645d646302a24a5ef5a8bc8e3f5a032e319?s=96&d=mm&r=g\",\"caption\":\"admin\"},\"sameAs\":[\"https:\\\/\\\/www.organisator.ch\"],\"url\":\"https:\\\/\\\/www.organisator.ch\\\/de\\\/author\\\/admin\\\/\"}]}<\/script>\n<!-- \/ Yoast SEO plugin. -->","yoast_head_json":{"title":"Lidl schafft Plastiktaschen ab - Organisator","description":"Lidl Schweiz ersetzt ab Fr\u00fchling 2017 die kostenpflichtigen Plastiktaschen aus recyceltem Plastik durch eine mehrfach verwendbare Papiertragetasche.","robots":{"index":"index","follow":"follow","max-snippet":"max-snippet:-1","max-image-preview":"max-image-preview:large","max-video-preview":"max-video-preview:-1"},"canonical":"https:\/\/www.organisator.ch\/de\/allgemein\/2016-09-20\/lidl-schafft-plastiktaschen-ab\/","og_locale":"de_DE","og_type":"article","og_title":"Lidl schafft Plastiktaschen ab - Organisator","og_description":"Lidl Schweiz ersetzt ab Fr\u00fchling 2017 die kostenpflichtigen Plastiktaschen aus recyceltem Plastik durch eine mehrfach verwendbare Papiertragetasche.","og_url":"https:\/\/www.organisator.ch\/de\/allgemein\/2016-09-20\/lidl-schafft-plastiktaschen-ab\/","og_site_name":"Organisator","article_publisher":"https:\/\/www.facebook.com\/OrganisatorFachmagazin","article_published_time":"2016-09-20T14:14:28+00:00","og_image":[{"width":1907,"height":2560,"url":"https:\/\/www.organisator.ch\/wp-content\/uploads\/2016\/12\/Lidl-schafft-Plastiktaschen-ab-umweltperspektiven-scaled.jpg","type":"image\/jpeg"}],"author":"admin","twitter_card":"summary_large_image","schema":{"@context":"https:\/\/schema.org","@graph":[{"@type":"Article","@id":"https:\/\/www.organisator.ch\/en\/general\/2016-09-20\/lidl-schafft-plastiktaschen-ab\/#article","isPartOf":{"@id":"https:\/\/www.organisator.ch\/en\/general\/2016-09-20\/lidl-schafft-plastiktaschen-ab\/"},"author":{"name":"admin","@id":"https:\/\/www.organisator.ch\/#\/schema\/person\/aa2bace6c5c5aad60102004a50c4eb1c"},"headline":"Lidl schafft Plastiktaschen ab","datePublished":"2016-09-20T14:14:28+00:00","mainEntityOfPage":{"@id":"https:\/\/www.organisator.ch\/en\/general\/2016-09-20\/lidl-schafft-plastiktaschen-ab\/"},"wordCount":162,"commentCount":0,"publisher":{"@id":"https:\/\/www.organisator.ch\/#organization"},"image":{"@id":"https:\/\/www.organisator.ch\/en\/general\/2016-09-20\/lidl-schafft-plastiktaschen-ab\/#primaryimage"},"thumbnailUrl":"https:\/\/www.organisator.ch\/wp-content\/uploads\/2016\/12\/Lidl-schafft-Plastiktaschen-ab-umweltperspektiven-scaled.jpg","inLanguage":"de"},{"@type":"WebPage","@id":"https:\/\/www.organisator.ch\/en\/general\/2016-09-20\/lidl-schafft-plastiktaschen-ab\/","url":"https:\/\/www.organisator.ch\/en\/general\/2016-09-20\/lidl-schafft-plastiktaschen-ab\/","name":"Lidl schafft Plastiktaschen ab - Organisator","isPartOf":{"@id":"https:\/\/www.organisator.ch\/#website"},"primaryImageOfPage":{"@id":"https:\/\/www.organisator.ch\/en\/general\/2016-09-20\/lidl-schafft-plastiktaschen-ab\/#primaryimage"},"image":{"@id":"https:\/\/www.organisator.ch\/en\/general\/2016-09-20\/lidl-schafft-plastiktaschen-ab\/#primaryimage"},"thumbnailUrl":"https:\/\/www.organisator.ch\/wp-content\/uploads\/2016\/12\/Lidl-schafft-Plastiktaschen-ab-umweltperspektiven-scaled.jpg","datePublished":"2016-09-20T14:14:28+00:00","description":"Lidl Schweiz ersetzt ab Fr\u00fchling 2017 die kostenpflichtigen Plastiktaschen aus recyceltem Plastik durch eine mehrfach verwendbare Papiertragetasche.","breadcrumb":{"@id":"https:\/\/www.organisator.ch\/en\/general\/2016-09-20\/lidl-schafft-plastiktaschen-ab\/#breadcrumb"},"inLanguage":"de","potentialAction":[{"@type":"ReadAction","target":["https:\/\/www.organisator.ch\/en\/general\/2016-09-20\/lidl-schafft-plastiktaschen-ab\/"]}]},{"@type":"ImageObject","inLanguage":"de","@id":"https:\/\/www.organisator.ch\/en\/general\/2016-09-20\/lidl-schafft-plastiktaschen-ab\/#primaryimage","url":"https:\/\/www.organisator.ch\/wp-content\/uploads\/2016\/12\/Lidl-schafft-Plastiktaschen-ab-umweltperspektiven-scaled.jpg","contentUrl":"https:\/\/www.organisator.ch\/wp-content\/uploads\/2016\/12\/Lidl-schafft-Plastiktaschen-ab-umweltperspektiven-scaled.jpg","width":1907,"height":2560,"caption":"Lidl schafft Plastiktaschen ab-umweltperspektiven"},{"@type":"BreadcrumbList","@id":"https:\/\/www.organisator.ch\/en\/general\/2016-09-20\/lidl-schafft-plastiktaschen-ab\/#breadcrumb","itemListElement":[{"@type":"ListItem","position":1,"name":"Home","item":"https:\/\/www.organisator.ch\/"},{"@type":"ListItem","position":2,"name":"Lidl schafft Plastiktaschen ab"}]},{"@type":"WebSite","@id":"https:\/\/www.organisator.ch\/#website","url":"https:\/\/www.organisator.ch\/","name":"Organisator","description":"Kompetent. Praxisnah. Der ORGANISATOR bereitet in 10 Ausgaben pro Jahr die wesentlichen Themen f\u00fcr F\u00fchrungskr\u00e4fte von KMU auf.","publisher":{"@id":"https:\/\/www.organisator.ch\/#organization"},"potentialAction":[{"@type":"SearchAction","target":{"@type":"EntryPoint","urlTemplate":"https:\/\/www.organisator.ch\/?s={search_term_string}"},"query-input":{"@type":"PropertyValueSpecification","valueRequired":true,"valueName":"search_term_string"}}],"inLanguage":"de"},{"@type":"Organization","@id":"https:\/\/www.organisator.ch\/#organization","name":"Organisator","url":"https:\/\/www.organisator.ch\/","logo":{"@type":"ImageObject","inLanguage":"de","@id":"https:\/\/www.organisator.ch\/#\/schema\/logo\/image\/","url":"https:\/\/www.organisator.ch\/wp-content\/uploads\/2022\/01\/Logo_Organisator_Website.png","contentUrl":"https:\/\/www.organisator.ch\/wp-content\/uploads\/2022\/01\/Logo_Organisator_Website.png","width":800,"height":77,"caption":"Organisator"},"image":{"@id":"https:\/\/www.organisator.ch\/#\/schema\/logo\/image\/"},"sameAs":["https:\/\/www.facebook.com\/OrganisatorFachmagazin","https:\/\/www.linkedin.com\/showcase\/organisator-das-magazin-fr-kmu","https:\/\/www.xing.com\/news\/pages\/organisator-ch-695","https:\/\/www.youtube.com\/channel\/UCGP2Sq0iWaZwT3BdIAQFYpw"]},{"@type":"Person","@id":"https:\/\/www.organisator.ch\/#\/schema\/person\/aa2bace6c5c5aad60102004a50c4eb1c","name":"admin","image":{"@type":"ImageObject","inLanguage":"de","@id":"https:\/\/secure.gravatar.com\/avatar\/ae2f4d718e6c49043e314ce431e7e645d646302a24a5ef5a8bc8e3f5a032e319?s=96&d=mm&r=g","url":"https:\/\/secure.gravatar.com\/avatar\/ae2f4d718e6c49043e314ce431e7e645d646302a24a5ef5a8bc8e3f5a032e319?s=96&d=mm&r=g","contentUrl":"https:\/\/secure.gravatar.com\/avatar\/ae2f4d718e6c49043e314ce431e7e645d646302a24a5ef5a8bc8e3f5a032e319?s=96&d=mm&r=g","caption":"admin"},"sameAs":["https:\/\/www.organisator.ch"],"url":"https:\/\/www.organisator.ch\/de\/author\/admin\/"}]}},"_links":{"self":[{"href":"https:\/\/www.organisator.ch\/de\/wp-json\/wp\/v2\/posts\/9965","targetHints":{"allow":["GET"]}}],"collection":[{"href":"https:\/\/www.organisator.ch\/de\/wp-json\/wp\/v2\/posts"}],"about":[{"href":"https:\/\/www.organisator.ch\/de\/wp-json\/wp\/v2\/types\/post"}],"author":[{"embeddable":true,"href":"https:\/\/www.organisator.ch\/de\/wp-json\/wp\/v2\/users\/1"}],"replies":[{"embeddable":true,"href":"https:\/\/www.organisator.ch\/de\/wp-json\/wp\/v2\/comments?post=9965"}],"version-history":[{"count":0,"href":"https:\/\/www.organisator.ch\/de\/wp-json\/wp\/v2\/posts\/9965\/revisions"}],"wp:featuredmedia":[{"embeddable":true,"href":"https:\/\/www.organisator.ch\/de\/wp-json\/wp\/v2\/media\/9419"}],"wp:attachment":[{"href":"https:\/\/www.organisator.ch\/de\/wp-json\/wp\/v2\/media?parent=9965"}],"wp:term":[{"taxonomy":"category","embeddable":true,"href":"https:\/\/www.organisator.ch\/de\/wp-json\/wp\/v2\/categories?post=9965"},{"taxonomy":"post_tag","embeddable":true,"href":"https:\/\/www.organisator.ch\/de\/wp-json\/wp\/v2\/tags?post=9965"}],"curies":[{"name":"wp","href":"https:\/\/api.w.org\/{rel}","templated":true}]}}