{"id":9969,"date":"2016-09-28T16:22:46","date_gmt":"2016-09-28T14:22:46","guid":{"rendered":"https:\/\/dev.umweltperspektiven.ch\/?p=544"},"modified":"2022-02-09T11:10:13","modified_gmt":"2022-02-09T10:10:13","slug":"schweizer-konsumenten-wollen-nachhaltigen-fisch","status":"publish","type":"post","link":"https:\/\/www.organisator.ch\/de\/sustainability\/2016-09-28\/schweizer-konsumenten-wollen-nachhaltigen-fisch\/","title":{"rendered":"Schweizer Konsumenten wollen nachhaltigen Fisch"},"content":{"rendered":"<figure id=\"attachment_545\" aria-describedby=\"caption-attachment-545\" style=\"width: 680px\" class=\"wp-caption alignnone\"><a href=\"\/\/dev.umweltperspektiven.ch\/wp-content\/uploads\/2016\/12\/Schweizer-Konsumenten-wollen-nachhaltigen-Fisch-umweltperspektiven.jpg\"><img loading=\"lazy\" decoding=\"async\" class=\"size-medium wp-image-545\" src=\"\/\/dev.umweltperspektiven.ch\/wp-content\/uploads\/2016\/12\/Schweizer-Konsumenten-wollen-nachhaltigen-Fisch-umweltperspektiven.jpg\" alt=\"Schweizer Konsumenten ist die Nachhaltigkeit wichtiger als der Preis - zumindest bei Fisch.\" width=\"680\" height=\"454\" \/><\/a><figcaption id=\"caption-attachment-545\" class=\"wp-caption-text\">Schweizer Konsumenten ist die Nachhaltigkeit wichtiger als der Preis &#8211; zumindest bei Fisch.<\/figcaption><\/figure>\n<p>Die weltweite und bislang gr\u00f6sste unabh\u00e4ngige Verbraucherumfrage zum Thema Fischkonsum ergab, dass das Thema Nachhaltigkeit in der Schweiz eine zunehmend wichtige Rolle beim Fischeinkauf spielt. So ist f\u00fcr die 653 befragten FischkonsumentInnen in der Schweiz gleich nach der Frische und dem Gesundheitsaspekt eines Fischproduktes seine Nachhaltigkeit kaufentscheidend \u2013 und zwar noch weit vor Faktoren wie dem Preis oder der Marke. Mit diesem Ergebnis sind die SchweizerInnen die \u201enachhaltigkeitssensibelsten\u201c FischkonsumentInnen weltweit.<\/p>\n<p>\u201eDie Verbraucherumfrage zeigt auch, wie unterschiedlich die Fischbranche im Vergleich zu anderen Branchen tickt. Nachhaltigkeit hat hier offensichtlich echte Relevanz und VerbraucherInnen geben ihr eine h\u00f6here Priorit\u00e4t bei der Wahl ihrer Produkte, als wir dachten\u201c<em>, <\/em>so Caroline Holme<strong>, <\/strong>Gesch\u00e4ftsf\u00fchrerin des durchf\u00fchrenden Marktforschungsinstituts GlobeScan.<\/p>\n<p>Zwei von drei der befragten FischesserInnen in der Schweiz (67%) \u00e4usserten die Bereitschaft, f\u00fcr nachhaltige Fischprodukte auch tiefer ins Portemonnaie zu greifen als f\u00fcr nicht-nachhaltige. Selbst eine Preissteigerung von 11% w\u00e4re noch f\u00fcr die H\u00e4lfte der Befragten akzeptabel.<\/p>\n<p><strong>KonsumentInnen vertrauen auf NGOs \u2013 und auf die eigene Verbrauchermacht<\/strong><\/p>\n<p>Die im weltweiten Vergleich hohe Bereitschaft der SchweizerInnen, nachhaltig gefangenen Fisch zu kaufen (81%) h\u00e4ngt auch damit zusammen, dass es hierzulande \u2013 nicht zuletzt dank der jahrelangen Aufkl\u00e4rungsarbeit von Organisationen wie dem WWF \u2013 ein besonders starkes Bewusstsein f\u00fcr die Gef\u00e4hrdung unserer Ozeane und die Problematik der \u00dcberfischung gibt.<\/p>\n<p>Auf die Frage, wer denn am meisten zum Schutz der Meere beitragen k\u00f6nne, wurden denn auch von den VerbraucherInnen am h\u00e4ufigsten Nichtregierungsorganisationen (52%) und wissenschaftliche Institutionen (34%) genannt. Danach folgen auch schon die VerbraucherInnen selbst: Jeder Vierte glaubt, dass er selbst durch sein Kaufverhalten Einfluss auf den Schutz der Meere nehmen kann. Regierungen hingegen werden als wenig einflussreich eingestuft.<\/p>\n<p>\u201eDen FischesserInnen in der Schweiz ist bewusst, wie wichtig nachhaltiger Fischfang ist \u2013 und sie sind bereit, ihr Kaufverhalten zu \u00e4ndern, um die Meere zu sch\u00fctzen. Sie f\u00fchlen sich erm\u00e4chtigt, mit ihren Brieftaschen f\u00fcr Nachhaltigkeit zu stimmen\u201c<em>, <\/em>so Andrea Harmsen<strong>, <\/strong>Pressesprecherin des MSC f\u00fcr die Schweiz, \u00d6sterreich und Deutschland.<\/p>\n<p>Das hohe Verbrauchervertrauen in den positiven Einfluss von Nichtregierungsorganisationen und Wissenschaft passt auch zur Wahrnehmung der KonsumentInnen vom MSC: 73% der VerbraucherInnen, die das MSC-Siegel kennen, finden es vertrauensw\u00fcrdig und sehen den Einfluss der Organisation positiv. Drei Viertel aller FischkonsumentInnen in der Schweiz (76%) sind weiterhin der Ansicht, dass Marken und Superm\u00e4rkte Aussagen zur Nachhaltigkeit ihrer Produkte von unabh\u00e4ngiger Seite verifizieren lassen sollten.<\/p>\n<p><strong>Erweitertes Angebot kann nachhaltige Wahl erleichtern<\/strong><\/p>\n<p>Das Nachhaltigkeitsbewusstsein der SchweizerInnen ist hoch, die Bereitschaft, nachhaltig gefangenen Fisch zu kaufen ebenso, und Siegel wie das des MSC machen es VerbraucherInnen leicht, nachhaltige Produkte gleich auf den ersten Blick zu erkennen. 69% der Befragten \u2013 Tendenz steigend \u2013 geben an, bereits heute wann immer m\u00f6glich Fisch und Meeresfr\u00fcchte mit Nachhaltigkeitssiegel zu kaufen. Allein: Das Angebot an Fischen aus nachhaltigem Fang ist derzeit immer noch begrenzt. So kommen weltweit erst 10% aller Fische und Meeresfr\u00fcchte aus MSC-zertifizierten, nachhaltigen Fischereien.<\/p>\n<p>\u201eDie Zusammenarbeit des MSC mit Wissenschaftlern, anderen Nichtregierungsorganisationen, der Fischindustrie und dem Handel hat bereits zu vielen positiven Ver\u00e4nderungen in unseren Meeren gef\u00fchrt. Aber wir m\u00fcssen gemeinsam mit unseren Partnern und den Verbrauchern weiter daran arbeiten, den Anteil nachhaltiger Fischerei am globalen Wildfischfang zu erh\u00f6hen und damit die Grundlage f\u00fcr nachhaltige Konsumentenentscheidungen zu schaffen\u201c<em>, <\/em>betont Rupert Howes, Gesch\u00e4ftsf\u00fchrer des MSC.<\/p>\n<div id='gallery-1' class='gallery galleryid-9969 gallery-columns-3 gallery-size-thumbnail'><figure class='gallery-item'>\n\t\t\t<div class='gallery-icon portrait'>\n\t\t\t\t<a href='https:\/\/www.organisator.ch\/de\/schweizer-konsumenten-wollen-nachhaltigen-fisch-umweltperspektiven2\/'><img loading=\"lazy\" decoding=\"async\" width=\"150\" height=\"150\" src=\"https:\/\/www.organisator.ch\/wp-content\/uploads\/2016\/12\/Schweizer-Konsumenten-wollen-nachhaltigen-Fisch-umweltperspektiven2-150x150.jpg\" class=\"attachment-thumbnail size-thumbnail\" alt=\"\" srcset=\"https:\/\/www.organisator.ch\/wp-content\/uploads\/2016\/12\/Schweizer-Konsumenten-wollen-nachhaltigen-Fisch-umweltperspektiven2-150x150.jpg 150w, https:\/\/www.organisator.ch\/wp-content\/uploads\/2016\/12\/Schweizer-Konsumenten-wollen-nachhaltigen-Fisch-umweltperspektiven2-11x12.jpg 11w, https:\/\/www.organisator.ch\/wp-content\/uploads\/2016\/12\/Schweizer-Konsumenten-wollen-nachhaltigen-Fisch-umweltperspektiven2-250x250.jpg 250w, https:\/\/www.organisator.ch\/wp-content\/uploads\/2016\/12\/Schweizer-Konsumenten-wollen-nachhaltigen-Fisch-umweltperspektiven2-100x100.jpg 100w\" sizes=\"auto, (max-width: 150px) 100vw, 150px\" \/><\/a>\n\t\t\t<\/div><\/figure><figure class='gallery-item'>\n\t\t\t<div class='gallery-icon portrait'>\n\t\t\t\t<a href='https:\/\/www.organisator.ch\/de\/schweizer-konsumenten-wollen-nachhaltigen-fisch-umweltperspektiven3\/'><img loading=\"lazy\" decoding=\"async\" width=\"150\" height=\"150\" src=\"https:\/\/www.organisator.ch\/wp-content\/uploads\/2016\/12\/Schweizer-Konsumenten-wollen-nachhaltigen-Fisch-umweltperspektiven3-150x150.jpg\" class=\"attachment-thumbnail size-thumbnail\" alt=\"\" srcset=\"https:\/\/www.organisator.ch\/wp-content\/uploads\/2016\/12\/Schweizer-Konsumenten-wollen-nachhaltigen-Fisch-umweltperspektiven3-150x150.jpg 150w, https:\/\/www.organisator.ch\/wp-content\/uploads\/2016\/12\/Schweizer-Konsumenten-wollen-nachhaltigen-Fisch-umweltperspektiven3-250x250.jpg 250w, https:\/\/www.organisator.ch\/wp-content\/uploads\/2016\/12\/Schweizer-Konsumenten-wollen-nachhaltigen-Fisch-umweltperspektiven3-100x100.jpg 100w\" sizes=\"auto, (max-width: 150px) 100vw, 150px\" \/><\/a>\n\t\t\t<\/div><\/figure><figure class='gallery-item'>\n\t\t\t<div class='gallery-icon landscape'>\n\t\t\t\t<a href='https:\/\/www.organisator.ch\/de\/management\/2016-06-03\/wir-muessen-das-dogma-der-arbeitszeit-ueberwinden\/attachment\/wir-muessen-das-dogma-der-arbeitszeit-ueberwinden-organisator\/'><img loading=\"lazy\" decoding=\"async\" width=\"150\" height=\"150\" src=\"https:\/\/www.organisator.ch\/wp-content\/uploads\/2016\/12\/Wir-muessen-das-Dogma-der-Arbeitszeit-ueberwinden-organisator-150x150.jpg\" class=\"attachment-thumbnail size-thumbnail\" alt=\"\" aria-describedby=\"gallery-1-549\" srcset=\"https:\/\/www.organisator.ch\/wp-content\/uploads\/2016\/12\/Wir-muessen-das-Dogma-der-Arbeitszeit-ueberwinden-organisator-150x150.jpg 150w, https:\/\/www.organisator.ch\/wp-content\/uploads\/2016\/12\/Wir-muessen-das-Dogma-der-Arbeitszeit-ueberwinden-organisator-250x250.jpg 250w, https:\/\/www.organisator.ch\/wp-content\/uploads\/2016\/12\/Wir-muessen-das-Dogma-der-Arbeitszeit-ueberwinden-organisator-100x100.jpg 100w\" sizes=\"auto, (max-width: 150px) 100vw, 150px\" \/><\/a>\n\t\t\t<\/div>\n\t\t\t\t<figcaption class='wp-caption-text gallery-caption' id='gallery-1-549'>\n\t\t\t\tMatthias M\u00f6lleney (Bild: zVg)\n\t\t\t\t<\/figcaption><\/figure>\n\t\t<\/div>\n\n<p>Die Zahlen zur Studie als Infografiken (Quelle: MSC)<\/p>\n<p><strong>Zur Studie<\/strong><\/p>\n<p>Die aktuelle, weltweite\u00a0 Konsumentenbefragung war die bislang gr\u00f6sste ihrer Art zum Thema Fischkonsum. Sie wurde dieses Jahr vom unabh\u00e4ngigen Forschungsinstitut <a href=\"http:\/\/www.globescan.com\/\" data-cke-saved-href=\"\/\/www.globescan.com\/\">GlobeScan<\/a> im Auftrag des MSC durchgef\u00fchrt<strong>.<\/strong> Die Untersuchung erfolgte nach neuesten wissenschaftlichen Standards und in Zusammenarbeit mit renommierten l\u00e4nderspezifischen Online-Verbraucherpanels. Sie fand in Australien, Belgien, China, D\u00e4nemark, Deutschland, Finnland, Frankreich, Italien, Japan, Kanada, den Niederlanden, Norwegen, \u00d6sterreich, Polen, Schweden, Schweiz, Singapur, Spanien, S\u00fcdafrika, den USA und dem Vereinigten K\u00f6nigreich statt.<\/p>\n<p>Die Hauptstichprobe umfasste 16.876 VerbraucherInnen, die ausgesagt hatten, dass sie oder jemand in ihrem Haushalt innerhalb der letzten zwei Monate Fisch oder Meeresfr\u00fcchte gekauft hatten. In der Schweiz nahmen 811 VerbraucherInnen an der Befragung teil. Die Stichprobe war nach Geschlecht, Alter, Region und Bildung gewichtet.<\/p>\n<p><em>Quelle: MSC<\/em><\/p>\n","protected":false},"excerpt":{"rendered":"<p>Die weltweite und bislang gr\u00f6sste unabh\u00e4ngige Verbraucherumfrage zum Thema Fischkonsum ergab, dass das Thema Nachhaltigkeit in der Schweiz eine zunehmend wichtige Rolle beim Fischeinkauf spielt. So ist f\u00fcr die 653 befragten FischkonsumentInnen in der Schweiz gleich nach der Frische und dem Gesundheitsaspekt eines Fischproduktes seine Nachhaltigkeit kaufentscheidend \u2013 und zwar noch weit vor Faktoren wie [&hellip;]<\/p>\n","protected":false},"author":1,"featured_media":9423,"comment_status":"open","ping_status":"open","sticky":false,"template":"","format":"standard","meta":{"_acf_changed":false,"_yoast_wpseo_focuskw":"Fisch","_yoast_wpseo_metadesc":"In keinem anderen Land der Welt wird Nachhaltigkeit beim Fischkauf so hoch eingestuft wie in der Schweiz \u2013 und zwar deutlich vor dem Faktor Preis.","articlekey":"","footnotes":""},"categories":[580],"tags":[],"class_list":["post-9969","post","type-post","status-publish","format-standard","has-post-thumbnail","hentry","category-sustainability"],"acf":[],"yoast_head":"<!-- This site is optimized with the Yoast SEO plugin v27.5 - https:\/\/yoast.com\/product\/yoast-seo-wordpress\/ -->\n<title>Schweizer Konsumenten wollen nachhaltigen Fisch - Organisator<\/title>\n<meta name=\"description\" content=\"In keinem anderen Land der Welt wird Nachhaltigkeit beim Fischkauf so hoch eingestuft wie in der Schweiz \u2013 und zwar deutlich vor dem Faktor Preis.\" \/>\n<meta name=\"robots\" content=\"index, follow, max-snippet:-1, max-image-preview:large, max-video-preview:-1\" \/>\n<link rel=\"canonical\" href=\"https:\/\/www.organisator.ch\/de\/sustainability\/2016-09-28\/schweizer-konsumenten-wollen-nachhaltigen-fisch\/\" \/>\n<meta property=\"og:locale\" content=\"de_DE\" \/>\n<meta property=\"og:type\" content=\"article\" \/>\n<meta property=\"og:title\" content=\"Schweizer Konsumenten wollen nachhaltigen Fisch - Organisator\" \/>\n<meta property=\"og:description\" content=\"In keinem anderen Land der Welt wird Nachhaltigkeit beim Fischkauf so hoch eingestuft wie in der Schweiz \u2013 und zwar deutlich vor dem Faktor Preis.\" \/>\n<meta property=\"og:url\" content=\"https:\/\/www.organisator.ch\/de\/sustainability\/2016-09-28\/schweizer-konsumenten-wollen-nachhaltigen-fisch\/\" \/>\n<meta property=\"og:site_name\" content=\"Organisator\" \/>\n<meta property=\"article:publisher\" content=\"https:\/\/www.facebook.com\/OrganisatorFachmagazin\" \/>\n<meta property=\"article:published_time\" content=\"2016-09-28T14:22:46+00:00\" \/>\n<meta property=\"article:modified_time\" content=\"2022-02-09T10:10:13+00:00\" \/>\n<meta property=\"og:image\" content=\"https:\/\/www.organisator.ch\/wp-content\/uploads\/2016\/12\/Schweizer-Konsumenten-wollen-nachhaltigen-Fisch-umweltperspektiven.jpg\" \/>\n\t<meta property=\"og:image:width\" content=\"1000\" \/>\n\t<meta property=\"og:image:height\" content=\"667\" \/>\n\t<meta property=\"og:image:type\" content=\"image\/jpeg\" \/>\n<meta name=\"author\" content=\"admin\" \/>\n<meta name=\"twitter:card\" content=\"summary_large_image\" \/>\n<script type=\"application\/ld+json\" class=\"yoast-schema-graph\">{\"@context\":\"https:\\\/\\\/schema.org\",\"@graph\":[{\"@type\":\"Article\",\"@id\":\"https:\\\/\\\/www.organisator.ch\\\/sustainability\\\/2016-09-28\\\/schweizer-konsumenten-wollen-nachhaltigen-fisch\\\/#article\",\"isPartOf\":{\"@id\":\"https:\\\/\\\/www.organisator.ch\\\/sustainability\\\/2016-09-28\\\/schweizer-konsumenten-wollen-nachhaltigen-fisch\\\/\"},\"author\":{\"name\":\"admin\",\"@id\":\"https:\\\/\\\/www.organisator.ch\\\/#\\\/schema\\\/person\\\/aa2bace6c5c5aad60102004a50c4eb1c\"},\"headline\":\"Schweizer Konsumenten wollen nachhaltigen Fisch\",\"datePublished\":\"2016-09-28T14:22:46+00:00\",\"dateModified\":\"2022-02-09T10:10:13+00:00\",\"mainEntityOfPage\":{\"@id\":\"https:\\\/\\\/www.organisator.ch\\\/sustainability\\\/2016-09-28\\\/schweizer-konsumenten-wollen-nachhaltigen-fisch\\\/\"},\"wordCount\":707,\"commentCount\":0,\"publisher\":{\"@id\":\"https:\\\/\\\/www.organisator.ch\\\/#organization\"},\"image\":{\"@id\":\"https:\\\/\\\/www.organisator.ch\\\/sustainability\\\/2016-09-28\\\/schweizer-konsumenten-wollen-nachhaltigen-fisch\\\/#primaryimage\"},\"thumbnailUrl\":\"https:\\\/\\\/www.organisator.ch\\\/wp-content\\\/uploads\\\/2016\\\/12\\\/Schweizer-Konsumenten-wollen-nachhaltigen-Fisch-umweltperspektiven.jpg\",\"articleSection\":[\"SUSTAINABILITY\"],\"inLanguage\":\"de\"},{\"@type\":\"WebPage\",\"@id\":\"https:\\\/\\\/www.organisator.ch\\\/sustainability\\\/2016-09-28\\\/schweizer-konsumenten-wollen-nachhaltigen-fisch\\\/\",\"url\":\"https:\\\/\\\/www.organisator.ch\\\/sustainability\\\/2016-09-28\\\/schweizer-konsumenten-wollen-nachhaltigen-fisch\\\/\",\"name\":\"Schweizer Konsumenten wollen nachhaltigen Fisch - Organisator\",\"isPartOf\":{\"@id\":\"https:\\\/\\\/www.organisator.ch\\\/#website\"},\"primaryImageOfPage\":{\"@id\":\"https:\\\/\\\/www.organisator.ch\\\/sustainability\\\/2016-09-28\\\/schweizer-konsumenten-wollen-nachhaltigen-fisch\\\/#primaryimage\"},\"image\":{\"@id\":\"https:\\\/\\\/www.organisator.ch\\\/sustainability\\\/2016-09-28\\\/schweizer-konsumenten-wollen-nachhaltigen-fisch\\\/#primaryimage\"},\"thumbnailUrl\":\"https:\\\/\\\/www.organisator.ch\\\/wp-content\\\/uploads\\\/2016\\\/12\\\/Schweizer-Konsumenten-wollen-nachhaltigen-Fisch-umweltperspektiven.jpg\",\"datePublished\":\"2016-09-28T14:22:46+00:00\",\"dateModified\":\"2022-02-09T10:10:13+00:00\",\"description\":\"In keinem anderen Land der Welt wird Nachhaltigkeit beim Fischkauf so hoch eingestuft wie in der Schweiz \u2013 und zwar deutlich vor dem Faktor Preis.\",\"breadcrumb\":{\"@id\":\"https:\\\/\\\/www.organisator.ch\\\/sustainability\\\/2016-09-28\\\/schweizer-konsumenten-wollen-nachhaltigen-fisch\\\/#breadcrumb\"},\"inLanguage\":\"de\",\"potentialAction\":[{\"@type\":\"ReadAction\",\"target\":[\"https:\\\/\\\/www.organisator.ch\\\/sustainability\\\/2016-09-28\\\/schweizer-konsumenten-wollen-nachhaltigen-fisch\\\/\"]}]},{\"@type\":\"ImageObject\",\"inLanguage\":\"de\",\"@id\":\"https:\\\/\\\/www.organisator.ch\\\/sustainability\\\/2016-09-28\\\/schweizer-konsumenten-wollen-nachhaltigen-fisch\\\/#primaryimage\",\"url\":\"https:\\\/\\\/www.organisator.ch\\\/wp-content\\\/uploads\\\/2016\\\/12\\\/Schweizer-Konsumenten-wollen-nachhaltigen-Fisch-umweltperspektiven.jpg\",\"contentUrl\":\"https:\\\/\\\/www.organisator.ch\\\/wp-content\\\/uploads\\\/2016\\\/12\\\/Schweizer-Konsumenten-wollen-nachhaltigen-Fisch-umweltperspektiven.jpg\",\"width\":1000,\"height\":667,\"caption\":\"Schweizer Konsumenten ist die Nachhaltigkeit wichtiger als der Preis - zumindest bei Fisch.\"},{\"@type\":\"BreadcrumbList\",\"@id\":\"https:\\\/\\\/www.organisator.ch\\\/sustainability\\\/2016-09-28\\\/schweizer-konsumenten-wollen-nachhaltigen-fisch\\\/#breadcrumb\",\"itemListElement\":[{\"@type\":\"ListItem\",\"position\":1,\"name\":\"Home\",\"item\":\"https:\\\/\\\/www.organisator.ch\\\/\"},{\"@type\":\"ListItem\",\"position\":2,\"name\":\"Schweizer Konsumenten wollen nachhaltigen Fisch\"}]},{\"@type\":\"WebSite\",\"@id\":\"https:\\\/\\\/www.organisator.ch\\\/#website\",\"url\":\"https:\\\/\\\/www.organisator.ch\\\/\",\"name\":\"Organisator\",\"description\":\"Kompetent. Praxisnah. Der ORGANISATOR bereitet in 10 Ausgaben pro Jahr die wesentlichen Themen f\u00fcr F\u00fchrungskr\u00e4fte von KMU auf.\",\"publisher\":{\"@id\":\"https:\\\/\\\/www.organisator.ch\\\/#organization\"},\"potentialAction\":[{\"@type\":\"SearchAction\",\"target\":{\"@type\":\"EntryPoint\",\"urlTemplate\":\"https:\\\/\\\/www.organisator.ch\\\/?s={search_term_string}\"},\"query-input\":{\"@type\":\"PropertyValueSpecification\",\"valueRequired\":true,\"valueName\":\"search_term_string\"}}],\"inLanguage\":\"de\"},{\"@type\":\"Organization\",\"@id\":\"https:\\\/\\\/www.organisator.ch\\\/#organization\",\"name\":\"Organisator\",\"url\":\"https:\\\/\\\/www.organisator.ch\\\/\",\"logo\":{\"@type\":\"ImageObject\",\"inLanguage\":\"de\",\"@id\":\"https:\\\/\\\/www.organisator.ch\\\/#\\\/schema\\\/logo\\\/image\\\/\",\"url\":\"https:\\\/\\\/www.organisator.ch\\\/wp-content\\\/uploads\\\/2022\\\/01\\\/Logo_Organisator_Website.png\",\"contentUrl\":\"https:\\\/\\\/www.organisator.ch\\\/wp-content\\\/uploads\\\/2022\\\/01\\\/Logo_Organisator_Website.png\",\"width\":800,\"height\":77,\"caption\":\"Organisator\"},\"image\":{\"@id\":\"https:\\\/\\\/www.organisator.ch\\\/#\\\/schema\\\/logo\\\/image\\\/\"},\"sameAs\":[\"https:\\\/\\\/www.facebook.com\\\/OrganisatorFachmagazin\",\"https:\\\/\\\/www.linkedin.com\\\/showcase\\\/organisator-das-magazin-fr-kmu\",\"https:\\\/\\\/www.xing.com\\\/news\\\/pages\\\/organisator-ch-695\",\"https:\\\/\\\/www.youtube.com\\\/channel\\\/UCGP2Sq0iWaZwT3BdIAQFYpw\"]},{\"@type\":\"Person\",\"@id\":\"https:\\\/\\\/www.organisator.ch\\\/#\\\/schema\\\/person\\\/aa2bace6c5c5aad60102004a50c4eb1c\",\"name\":\"admin\",\"image\":{\"@type\":\"ImageObject\",\"inLanguage\":\"de\",\"@id\":\"https:\\\/\\\/secure.gravatar.com\\\/avatar\\\/ae2f4d718e6c49043e314ce431e7e645d646302a24a5ef5a8bc8e3f5a032e319?s=96&d=mm&r=g\",\"url\":\"https:\\\/\\\/secure.gravatar.com\\\/avatar\\\/ae2f4d718e6c49043e314ce431e7e645d646302a24a5ef5a8bc8e3f5a032e319?s=96&d=mm&r=g\",\"contentUrl\":\"https:\\\/\\\/secure.gravatar.com\\\/avatar\\\/ae2f4d718e6c49043e314ce431e7e645d646302a24a5ef5a8bc8e3f5a032e319?s=96&d=mm&r=g\",\"caption\":\"admin\"},\"sameAs\":[\"https:\\\/\\\/www.organisator.ch\"],\"url\":\"https:\\\/\\\/www.organisator.ch\\\/de\\\/author\\\/admin\\\/\"}]}<\/script>\n<!-- \/ Yoast SEO plugin. -->","yoast_head_json":{"title":"Schweizer Konsumenten wollen nachhaltigen Fisch - Organisator","description":"In keinem anderen Land der Welt wird Nachhaltigkeit beim Fischkauf so hoch eingestuft wie in der Schweiz \u2013 und zwar deutlich vor dem Faktor Preis.","robots":{"index":"index","follow":"follow","max-snippet":"max-snippet:-1","max-image-preview":"max-image-preview:large","max-video-preview":"max-video-preview:-1"},"canonical":"https:\/\/www.organisator.ch\/de\/sustainability\/2016-09-28\/schweizer-konsumenten-wollen-nachhaltigen-fisch\/","og_locale":"de_DE","og_type":"article","og_title":"Schweizer Konsumenten wollen nachhaltigen Fisch - Organisator","og_description":"In keinem anderen Land der Welt wird Nachhaltigkeit beim Fischkauf so hoch eingestuft wie in der Schweiz \u2013 und zwar deutlich vor dem Faktor Preis.","og_url":"https:\/\/www.organisator.ch\/de\/sustainability\/2016-09-28\/schweizer-konsumenten-wollen-nachhaltigen-fisch\/","og_site_name":"Organisator","article_publisher":"https:\/\/www.facebook.com\/OrganisatorFachmagazin","article_published_time":"2016-09-28T14:22:46+00:00","article_modified_time":"2022-02-09T10:10:13+00:00","og_image":[{"width":1000,"height":667,"url":"https:\/\/www.organisator.ch\/wp-content\/uploads\/2016\/12\/Schweizer-Konsumenten-wollen-nachhaltigen-Fisch-umweltperspektiven.jpg","type":"image\/jpeg"}],"author":"admin","twitter_card":"summary_large_image","schema":{"@context":"https:\/\/schema.org","@graph":[{"@type":"Article","@id":"https:\/\/www.organisator.ch\/sustainability\/2016-09-28\/schweizer-konsumenten-wollen-nachhaltigen-fisch\/#article","isPartOf":{"@id":"https:\/\/www.organisator.ch\/sustainability\/2016-09-28\/schweizer-konsumenten-wollen-nachhaltigen-fisch\/"},"author":{"name":"admin","@id":"https:\/\/www.organisator.ch\/#\/schema\/person\/aa2bace6c5c5aad60102004a50c4eb1c"},"headline":"Schweizer Konsumenten wollen nachhaltigen Fisch","datePublished":"2016-09-28T14:22:46+00:00","dateModified":"2022-02-09T10:10:13+00:00","mainEntityOfPage":{"@id":"https:\/\/www.organisator.ch\/sustainability\/2016-09-28\/schweizer-konsumenten-wollen-nachhaltigen-fisch\/"},"wordCount":707,"commentCount":0,"publisher":{"@id":"https:\/\/www.organisator.ch\/#organization"},"image":{"@id":"https:\/\/www.organisator.ch\/sustainability\/2016-09-28\/schweizer-konsumenten-wollen-nachhaltigen-fisch\/#primaryimage"},"thumbnailUrl":"https:\/\/www.organisator.ch\/wp-content\/uploads\/2016\/12\/Schweizer-Konsumenten-wollen-nachhaltigen-Fisch-umweltperspektiven.jpg","articleSection":["SUSTAINABILITY"],"inLanguage":"de"},{"@type":"WebPage","@id":"https:\/\/www.organisator.ch\/sustainability\/2016-09-28\/schweizer-konsumenten-wollen-nachhaltigen-fisch\/","url":"https:\/\/www.organisator.ch\/sustainability\/2016-09-28\/schweizer-konsumenten-wollen-nachhaltigen-fisch\/","name":"Schweizer Konsumenten wollen nachhaltigen Fisch - Organisator","isPartOf":{"@id":"https:\/\/www.organisator.ch\/#website"},"primaryImageOfPage":{"@id":"https:\/\/www.organisator.ch\/sustainability\/2016-09-28\/schweizer-konsumenten-wollen-nachhaltigen-fisch\/#primaryimage"},"image":{"@id":"https:\/\/www.organisator.ch\/sustainability\/2016-09-28\/schweizer-konsumenten-wollen-nachhaltigen-fisch\/#primaryimage"},"thumbnailUrl":"https:\/\/www.organisator.ch\/wp-content\/uploads\/2016\/12\/Schweizer-Konsumenten-wollen-nachhaltigen-Fisch-umweltperspektiven.jpg","datePublished":"2016-09-28T14:22:46+00:00","dateModified":"2022-02-09T10:10:13+00:00","description":"In keinem anderen Land der Welt wird Nachhaltigkeit beim Fischkauf so hoch eingestuft wie in der Schweiz \u2013 und zwar deutlich vor dem Faktor Preis.","breadcrumb":{"@id":"https:\/\/www.organisator.ch\/sustainability\/2016-09-28\/schweizer-konsumenten-wollen-nachhaltigen-fisch\/#breadcrumb"},"inLanguage":"de","potentialAction":[{"@type":"ReadAction","target":["https:\/\/www.organisator.ch\/sustainability\/2016-09-28\/schweizer-konsumenten-wollen-nachhaltigen-fisch\/"]}]},{"@type":"ImageObject","inLanguage":"de","@id":"https:\/\/www.organisator.ch\/sustainability\/2016-09-28\/schweizer-konsumenten-wollen-nachhaltigen-fisch\/#primaryimage","url":"https:\/\/www.organisator.ch\/wp-content\/uploads\/2016\/12\/Schweizer-Konsumenten-wollen-nachhaltigen-Fisch-umweltperspektiven.jpg","contentUrl":"https:\/\/www.organisator.ch\/wp-content\/uploads\/2016\/12\/Schweizer-Konsumenten-wollen-nachhaltigen-Fisch-umweltperspektiven.jpg","width":1000,"height":667,"caption":"Schweizer Konsumenten ist die Nachhaltigkeit wichtiger als der Preis - zumindest bei Fisch."},{"@type":"BreadcrumbList","@id":"https:\/\/www.organisator.ch\/sustainability\/2016-09-28\/schweizer-konsumenten-wollen-nachhaltigen-fisch\/#breadcrumb","itemListElement":[{"@type":"ListItem","position":1,"name":"Home","item":"https:\/\/www.organisator.ch\/"},{"@type":"ListItem","position":2,"name":"Schweizer Konsumenten wollen nachhaltigen Fisch"}]},{"@type":"WebSite","@id":"https:\/\/www.organisator.ch\/#website","url":"https:\/\/www.organisator.ch\/","name":"Organisator","description":"Kompetent. Praxisnah. Der ORGANISATOR bereitet in 10 Ausgaben pro Jahr die wesentlichen Themen f\u00fcr F\u00fchrungskr\u00e4fte von KMU auf.","publisher":{"@id":"https:\/\/www.organisator.ch\/#organization"},"potentialAction":[{"@type":"SearchAction","target":{"@type":"EntryPoint","urlTemplate":"https:\/\/www.organisator.ch\/?s={search_term_string}"},"query-input":{"@type":"PropertyValueSpecification","valueRequired":true,"valueName":"search_term_string"}}],"inLanguage":"de"},{"@type":"Organization","@id":"https:\/\/www.organisator.ch\/#organization","name":"Organisator","url":"https:\/\/www.organisator.ch\/","logo":{"@type":"ImageObject","inLanguage":"de","@id":"https:\/\/www.organisator.ch\/#\/schema\/logo\/image\/","url":"https:\/\/www.organisator.ch\/wp-content\/uploads\/2022\/01\/Logo_Organisator_Website.png","contentUrl":"https:\/\/www.organisator.ch\/wp-content\/uploads\/2022\/01\/Logo_Organisator_Website.png","width":800,"height":77,"caption":"Organisator"},"image":{"@id":"https:\/\/www.organisator.ch\/#\/schema\/logo\/image\/"},"sameAs":["https:\/\/www.facebook.com\/OrganisatorFachmagazin","https:\/\/www.linkedin.com\/showcase\/organisator-das-magazin-fr-kmu","https:\/\/www.xing.com\/news\/pages\/organisator-ch-695","https:\/\/www.youtube.com\/channel\/UCGP2Sq0iWaZwT3BdIAQFYpw"]},{"@type":"Person","@id":"https:\/\/www.organisator.ch\/#\/schema\/person\/aa2bace6c5c5aad60102004a50c4eb1c","name":"admin","image":{"@type":"ImageObject","inLanguage":"de","@id":"https:\/\/secure.gravatar.com\/avatar\/ae2f4d718e6c49043e314ce431e7e645d646302a24a5ef5a8bc8e3f5a032e319?s=96&d=mm&r=g","url":"https:\/\/secure.gravatar.com\/avatar\/ae2f4d718e6c49043e314ce431e7e645d646302a24a5ef5a8bc8e3f5a032e319?s=96&d=mm&r=g","contentUrl":"https:\/\/secure.gravatar.com\/avatar\/ae2f4d718e6c49043e314ce431e7e645d646302a24a5ef5a8bc8e3f5a032e319?s=96&d=mm&r=g","caption":"admin"},"sameAs":["https:\/\/www.organisator.ch"],"url":"https:\/\/www.organisator.ch\/de\/author\/admin\/"}]}},"_links":{"self":[{"href":"https:\/\/www.organisator.ch\/de\/wp-json\/wp\/v2\/posts\/9969","targetHints":{"allow":["GET"]}}],"collection":[{"href":"https:\/\/www.organisator.ch\/de\/wp-json\/wp\/v2\/posts"}],"about":[{"href":"https:\/\/www.organisator.ch\/de\/wp-json\/wp\/v2\/types\/post"}],"author":[{"embeddable":true,"href":"https:\/\/www.organisator.ch\/de\/wp-json\/wp\/v2\/users\/1"}],"replies":[{"embeddable":true,"href":"https:\/\/www.organisator.ch\/de\/wp-json\/wp\/v2\/comments?post=9969"}],"version-history":[{"count":1,"href":"https:\/\/www.organisator.ch\/de\/wp-json\/wp\/v2\/posts\/9969\/revisions"}],"predecessor-version":[{"id":10960,"href":"https:\/\/www.organisator.ch\/de\/wp-json\/wp\/v2\/posts\/9969\/revisions\/10960"}],"wp:featuredmedia":[{"embeddable":true,"href":"https:\/\/www.organisator.ch\/de\/wp-json\/wp\/v2\/media\/9423"}],"wp:attachment":[{"href":"https:\/\/www.organisator.ch\/de\/wp-json\/wp\/v2\/media?parent=9969"}],"wp:term":[{"taxonomy":"category","embeddable":true,"href":"https:\/\/www.organisator.ch\/de\/wp-json\/wp\/v2\/categories?post=9969"},{"taxonomy":"post_tag","embeddable":true,"href":"https:\/\/www.organisator.ch\/de\/wp-json\/wp\/v2\/tags?post=9969"}],"curies":[{"name":"wp","href":"https:\/\/api.w.org\/{rel}","templated":true}]}}