{"id":9976,"date":"2016-11-17T16:39:41","date_gmt":"2016-11-17T15:39:41","guid":{"rendered":"https:\/\/dev.umweltperspektiven.ch\/?p=583"},"modified":"2016-11-17T16:39:41","modified_gmt":"2016-11-17T15:39:41","slug":"elektrogeraete-verbrauchen-immer-weniger-strom","status":"publish","type":"post","link":"https:\/\/www.organisator.ch\/de\/allgemein\/2016-11-17\/elektrogeraete-verbrauchen-immer-weniger-strom\/","title":{"rendered":"Elektroger\u00e4te verbrauchen immer weniger Strom"},"content":{"rendered":"<figure id=\"attachment_584\" aria-describedby=\"caption-attachment-584\" style=\"width: 680px\" class=\"wp-caption alignnone\"><a href=\"\/\/dev.umweltperspektiven.ch\/wp-content\/uploads\/2016\/12\/Elektroger\u00e4te-verbrauchen-immer-weniger-Strom-umweltperspektiven.jpg\"><img loading=\"lazy\" decoding=\"async\" class=\"size-medium wp-image-584\" src=\"\/\/dev.umweltperspektiven.ch\/wp-content\/uploads\/2016\/12\/Elektroger\u00e4te-verbrauchen-immer-weniger-Strom-umweltperspektiven.jpg\" alt=\"Haushaltsgrossger\u00e4te wie W\u00e4schetrockner werden immer effizienter.\" width=\"680\" height=\"454\" \/><\/a><figcaption id=\"caption-attachment-584\" class=\"wp-caption-text\">Haushaltsgrossger\u00e4te wie W\u00e4schetrockner werden immer effizienter.<\/figcaption><\/figure>\n<p>Die <a href=\"https:\/\/www.newsd.admin.ch\/newsd\/message\/attachments\/46114.pdf\" target=\"_blank\" rel=\"noreferrer noopener\" data-cke-saved-href=\"\/\/www.newsd.admin.ch\/newsd\/message\/attachments\/46114.pdf\">Studie<\/a> basiert auf Angaben des Fachverbands Elektroapparate f\u00fcr Haushalt und Gewerbe Schweiz (FEA) und des Schweizerischen Wirtschaftsverbands der Informations-, Kommunikations- und Organisationstechnik (Swico). Sie zeigt, dass in der Schweiz rund 17,33 Millionen Haushaltsgrossger\u00e4te im Einsatz sind, 28% mehr als noch 2002 (13,57 Mio.). Diese verursachen jedoch einen lediglich um 1,7% h\u00f6heren Energieverbrauch (5,33 TWh im Jahr 2015 gegen\u00fcber 5,24 TWh im Jahr 2002). Die gr\u00f6ssten Stromverbraucher in der Kategorie der Haushaltsgrossger\u00e4te sind die Elektroherde\/Back\u00f6fen (1,39 TWh), die K\u00fchlger\u00e4te (1,01 TWh) sowie, mit zunehmender Tendenz, die W\u00e4schetrockner (832 GWh).<\/p>\n<p>Im Bereich Unterhaltungselektronik\/IT sind die Unterschiede noch gr\u00f6sser. Die Zahl der eingesetzten Ger\u00e4te erh\u00f6hte sich in den letzten 13 Jahren von 20,1 Mio. auf 33,6 Mio. (+ 67%), die st\u00e4rksten Zunahmen verzeichneten Notebooks (+ 4,9 Mio.), Tablets (+ 3,9 Mio.) und Set-Top Boxen (+ 2,9 Mio.). Trotz der starken Zunahme der Anzahl Ger\u00e4te sank deren Stromverbrauch insgesamt um 610 GWh (- 24%), die gr\u00f6ssten Einsparungen wurden bei PCs (- 330 GWh) und Monitoren (- 280 GWh) erzielt.<\/p>\n<p><strong>Haushaltsgrossger\u00e4te: Effizienzgewinne durch Mindestanforderungen und Energieetiketten<\/strong><\/p>\n<p>Im Jahr 2015 wurden gem\u00e4ss FEA-Statistik rund 327`200 K\u00fchlger\u00e4te verkauft, welche einen Energieverbrauch von 52 GWh verursachten. Der Verbrauch je Liter K\u00fchlvolumen betrug 0,72 kWh, im Jahr 2003 hatte dieser Wert noch 1,31 kWh\/a (- 45%) betragen.<\/p>\n<p>Die W\u00e4rmepumpe machte bei W\u00e4schetrocknern hohe Effizienzgewinne m\u00f6glich. So verbrauchten die 2015 verkauften Tumbler durchschnittlich 133 kWh pro Jahr. 2008, als noch haupts\u00e4chlich Kondensationstrockner verkauft wurden, war der Wert rund dreimal h\u00f6her (407 kWh).<\/p>\n<p>Durch die erzielten Effizienzgewinne war der Energieverbrauch von Haushaltsgrossger\u00e4ten 2015 um 1,48 TWh (oder 21.7%) tiefer als der hochgerechnete Verbrauch derselben Anzahl Ger\u00e4te mit der Effizienz aus dem Jahre 2002.<\/p>\n<p>Ein genereller Verkaufstrend von besserklassigen Ger\u00e4ten ist erkennbar. Gr\u00fcnde sind nebst der technologischen Entwicklung, die Etablierung der Energieetikette, stetig erh\u00f6hte Mindestanforderungen, Anstrengungen der Branchen und flankierende Massnahmen des Bundes (EnergieSchweiz).<\/p>\n<p>Die Effizienzvorschriften werden in der Schweiz laufend angepasst. Um Handelshemmnisse und damit verbundene zus\u00e4tzliche Kosten f\u00fcr Hersteller, H\u00e4ndler und Konsumenten zu vermeiden, stimmt sich die Schweiz inhaltlich insbesondere mit dem EU-Recht ab. In einzelnen F\u00e4llen hat der Bund im Vergleich zur EU aber auch h\u00f6here Anforderungen an elektrische Ger\u00e4te erlassen (z.B. K\u00fchlschr\u00e4nke, Tumbler).<br \/>\nAktuell wird die Energieetikette in der EU revidiert. Das BFE begr\u00fcsst den Vorschlag der EU, wieder Energieetiketten mit einer Einstufung von A-G einzuf\u00fchren. Nur so kann sichergestellt werden, dass die Energieetikette ein relevanter Entscheidungsfaktor beim Kauf von Elektroger\u00e4ten bleibt.<\/p>\n<p><strong>IT, B\u00fcro- und Unterhaltungselektronik-Ger\u00e4te: Stromverbrauch in 15 Jahren um 25% reduziert<\/strong><\/p>\n<p>Bei den TV-Ger\u00e4ten ist seit l\u00e4ngeren ein Trend hin zu Ger\u00e4ten mit LED-Technologie feststellbar. Dank dieser mittlerweile stark verbreiteten Technologie sinkt der Stromverbrauch von TV-Ger\u00e4ten (- 9 GWh gegen\u00fcber dem Jahr 2000). Dies trotz steigendem Bestand (+ 39%) und immer gr\u00f6sseren Bildschirmfl\u00e4chen (+ 286%).<\/p>\n<p>Personal Computer (spezifischer Verbrauch 2015: 66 kWh\/Jahr) und Bildschirme (26 kWh) sind in der Vergangenheit langsam durch stromsparendere Notebooks (20 kWh) ersetzt worden. In neuster Zeit werden nun auch weniger Notebooks daf\u00fcr mehr Tablets verkauft (4,4 kWh).<\/p>\n<p>Trotz der Zunahme der St\u00fcckzahlen im Bereich IT, B\u00fcro- und Unterhaltungselektronik und l\u00e4ngeren Nutzungsdauern konnte der Energieverbrauch gegen\u00fcber den Vorjahren gesenkt werden. Ein Grund d\u00fcrfte hier die Einf\u00fchrung von Mindestanforderungen bez\u00fcglich des Standby-Verbrauchs sein.<\/p>\n<p>Der \u00fcber alle Ger\u00e4te gemittelte spezifische Verbrauch je Ger\u00e4t hat von 124,4 kWh im Jahr 2000 auf 56,3 kWh im Jahr 2015 abgenommen. H\u00f6here Nutzungszeiten und gesteigerte Komfortanspr\u00fcche sind hier ber\u00fccksichtigt.<\/p>\n<p>Dank der erzielten Effizienzgewinne war im Jahre 2015 der Energieverbrauch aller Ger\u00e4te der IT, B\u00fcro- und Unterhaltungselektronik um 1,79 TWh (oder 48,6%) tiefer als der hochgerechnete Verbrauch derselben Anzahl Ger\u00e4te mit der Effizienz aus dem Jahre 2000.<\/p>\n<p>Es ist zu erwarten, dass sich die Effizienz von Elektroger\u00e4ten auch in Zukunft verbessern wird, wohl aber nicht mehr im selben Tempo wie in den letzten 15 Jahren.<\/p>\n<p><em>Quelle: BFE<\/em><\/p>\n","protected":false},"excerpt":{"rendered":"<p>Die Studie basiert auf Angaben des Fachverbands Elektroapparate f\u00fcr Haushalt und Gewerbe Schweiz (FEA) und des Schweizerischen Wirtschaftsverbands der Informations-, Kommunikations- und Organisationstechnik (Swico). Sie zeigt, dass in der Schweiz rund 17,33 Millionen Haushaltsgrossger\u00e4te im Einsatz sind, 28% mehr als noch 2002 (13,57 Mio.). Diese verursachen jedoch einen lediglich um 1,7% h\u00f6heren Energieverbrauch (5,33 TWh [&hellip;]<\/p>\n","protected":false},"author":1,"featured_media":9432,"comment_status":"open","ping_status":"open","sticky":false,"template":"","format":"standard","meta":{"_acf_changed":false,"_yoast_wpseo_focuskw":"weniger Strom","_yoast_wpseo_metadesc":"Elektroger\u00e4te werden immer effizienter. Dies zeigt eine im Auftrag des Bundesamts durchgef\u00fchrte Analyse der verkauften Elektroger\u00e4te in der Schweiz.","articlekey":"","footnotes":""},"categories":[1],"tags":[584],"class_list":["post-9976","post","type-post","status-publish","format-standard","has-post-thumbnail","hentry","category-allgemein","tag-energie"],"acf":[],"yoast_head":"<!-- This site is optimized with the Yoast SEO plugin v27.5 - https:\/\/yoast.com\/product\/yoast-seo-wordpress\/ -->\n<title>Elektroger\u00e4te verbrauchen immer weniger Strom - Organisator<\/title>\n<meta name=\"description\" content=\"Elektroger\u00e4te werden immer effizienter. Dies zeigt eine im Auftrag des Bundesamts durchgef\u00fchrte Analyse der verkauften Elektroger\u00e4te in der Schweiz.\" \/>\n<meta name=\"robots\" content=\"index, follow, max-snippet:-1, max-image-preview:large, max-video-preview:-1\" \/>\n<link rel=\"canonical\" href=\"https:\/\/www.organisator.ch\/de\/allgemein\/2016-11-17\/elektrogeraete-verbrauchen-immer-weniger-strom\/\" \/>\n<meta property=\"og:locale\" content=\"de_DE\" \/>\n<meta property=\"og:type\" content=\"article\" \/>\n<meta property=\"og:title\" content=\"Elektroger\u00e4te verbrauchen immer weniger Strom - Organisator\" \/>\n<meta property=\"og:description\" content=\"Elektroger\u00e4te werden immer effizienter. Dies zeigt eine im Auftrag des Bundesamts durchgef\u00fchrte Analyse der verkauften Elektroger\u00e4te in der Schweiz.\" \/>\n<meta property=\"og:url\" content=\"https:\/\/www.organisator.ch\/de\/allgemein\/2016-11-17\/elektrogeraete-verbrauchen-immer-weniger-strom\/\" \/>\n<meta property=\"og:site_name\" content=\"Organisator\" \/>\n<meta property=\"article:publisher\" content=\"https:\/\/www.facebook.com\/OrganisatorFachmagazin\" \/>\n<meta property=\"article:published_time\" content=\"2016-11-17T15:39:41+00:00\" \/>\n<meta property=\"og:image\" content=\"https:\/\/www.organisator.ch\/wp-content\/uploads\/2016\/12\/Elektrogeraete-verbrauchen-immer-weniger-Strom-umweltperspektiven.jpg\" \/>\n\t<meta property=\"og:image:width\" content=\"1000\" \/>\n\t<meta property=\"og:image:height\" content=\"667\" \/>\n\t<meta property=\"og:image:type\" content=\"image\/jpeg\" \/>\n<meta name=\"author\" content=\"admin\" \/>\n<meta name=\"twitter:card\" content=\"summary_large_image\" \/>\n<script type=\"application\/ld+json\" class=\"yoast-schema-graph\">{\"@context\":\"https:\\\/\\\/schema.org\",\"@graph\":[{\"@type\":\"Article\",\"@id\":\"https:\\\/\\\/www.organisator.ch\\\/de\\\/allgemein\\\/2016-11-17\\\/elektrogeraete-verbrauchen-immer-weniger-strom\\\/#article\",\"isPartOf\":{\"@id\":\"https:\\\/\\\/www.organisator.ch\\\/de\\\/allgemein\\\/2016-11-17\\\/elektrogeraete-verbrauchen-immer-weniger-strom\\\/\"},\"author\":{\"name\":\"admin\",\"@id\":\"https:\\\/\\\/www.organisator.ch\\\/#\\\/schema\\\/person\\\/aa2bace6c5c5aad60102004a50c4eb1c\"},\"headline\":\"Elektroger\u00e4te verbrauchen immer weniger Strom\",\"datePublished\":\"2016-11-17T15:39:41+00:00\",\"mainEntityOfPage\":{\"@id\":\"https:\\\/\\\/www.organisator.ch\\\/de\\\/allgemein\\\/2016-11-17\\\/elektrogeraete-verbrauchen-immer-weniger-strom\\\/\"},\"wordCount\":649,\"commentCount\":0,\"publisher\":{\"@id\":\"https:\\\/\\\/www.organisator.ch\\\/#organization\"},\"image\":{\"@id\":\"https:\\\/\\\/www.organisator.ch\\\/de\\\/allgemein\\\/2016-11-17\\\/elektrogeraete-verbrauchen-immer-weniger-strom\\\/#primaryimage\"},\"thumbnailUrl\":\"https:\\\/\\\/www.organisator.ch\\\/wp-content\\\/uploads\\\/2016\\\/12\\\/Elektrogeraete-verbrauchen-immer-weniger-Strom-umweltperspektiven.jpg\",\"keywords\":[\"ENERGIE\"],\"inLanguage\":\"de\"},{\"@type\":\"WebPage\",\"@id\":\"https:\\\/\\\/www.organisator.ch\\\/de\\\/allgemein\\\/2016-11-17\\\/elektrogeraete-verbrauchen-immer-weniger-strom\\\/\",\"url\":\"https:\\\/\\\/www.organisator.ch\\\/de\\\/allgemein\\\/2016-11-17\\\/elektrogeraete-verbrauchen-immer-weniger-strom\\\/\",\"name\":\"Elektroger\u00e4te verbrauchen immer weniger Strom - Organisator\",\"isPartOf\":{\"@id\":\"https:\\\/\\\/www.organisator.ch\\\/#website\"},\"primaryImageOfPage\":{\"@id\":\"https:\\\/\\\/www.organisator.ch\\\/de\\\/allgemein\\\/2016-11-17\\\/elektrogeraete-verbrauchen-immer-weniger-strom\\\/#primaryimage\"},\"image\":{\"@id\":\"https:\\\/\\\/www.organisator.ch\\\/de\\\/allgemein\\\/2016-11-17\\\/elektrogeraete-verbrauchen-immer-weniger-strom\\\/#primaryimage\"},\"thumbnailUrl\":\"https:\\\/\\\/www.organisator.ch\\\/wp-content\\\/uploads\\\/2016\\\/12\\\/Elektrogeraete-verbrauchen-immer-weniger-Strom-umweltperspektiven.jpg\",\"datePublished\":\"2016-11-17T15:39:41+00:00\",\"description\":\"Elektroger\u00e4te werden immer effizienter. Dies zeigt eine im Auftrag des Bundesamts durchgef\u00fchrte Analyse der verkauften Elektroger\u00e4te in der Schweiz.\",\"breadcrumb\":{\"@id\":\"https:\\\/\\\/www.organisator.ch\\\/de\\\/allgemein\\\/2016-11-17\\\/elektrogeraete-verbrauchen-immer-weniger-strom\\\/#breadcrumb\"},\"inLanguage\":\"de\",\"potentialAction\":[{\"@type\":\"ReadAction\",\"target\":[\"https:\\\/\\\/www.organisator.ch\\\/de\\\/allgemein\\\/2016-11-17\\\/elektrogeraete-verbrauchen-immer-weniger-strom\\\/\"]}]},{\"@type\":\"ImageObject\",\"inLanguage\":\"de\",\"@id\":\"https:\\\/\\\/www.organisator.ch\\\/de\\\/allgemein\\\/2016-11-17\\\/elektrogeraete-verbrauchen-immer-weniger-strom\\\/#primaryimage\",\"url\":\"https:\\\/\\\/www.organisator.ch\\\/wp-content\\\/uploads\\\/2016\\\/12\\\/Elektrogeraete-verbrauchen-immer-weniger-Strom-umweltperspektiven.jpg\",\"contentUrl\":\"https:\\\/\\\/www.organisator.ch\\\/wp-content\\\/uploads\\\/2016\\\/12\\\/Elektrogeraete-verbrauchen-immer-weniger-Strom-umweltperspektiven.jpg\",\"width\":1000,\"height\":667,\"caption\":\"Haushaltsgrossger\u00e4te wie W\u00e4schetrockner werden immer effizienter.\"},{\"@type\":\"BreadcrumbList\",\"@id\":\"https:\\\/\\\/www.organisator.ch\\\/de\\\/allgemein\\\/2016-11-17\\\/elektrogeraete-verbrauchen-immer-weniger-strom\\\/#breadcrumb\",\"itemListElement\":[{\"@type\":\"ListItem\",\"position\":1,\"name\":\"Home\",\"item\":\"https:\\\/\\\/www.organisator.ch\\\/\"},{\"@type\":\"ListItem\",\"position\":2,\"name\":\"Elektroger\u00e4te verbrauchen immer weniger Strom\"}]},{\"@type\":\"WebSite\",\"@id\":\"https:\\\/\\\/www.organisator.ch\\\/#website\",\"url\":\"https:\\\/\\\/www.organisator.ch\\\/\",\"name\":\"Organisator\",\"description\":\"Kompetent. Praxisnah. Der ORGANISATOR bereitet in 10 Ausgaben pro Jahr die wesentlichen Themen f\u00fcr F\u00fchrungskr\u00e4fte von KMU auf.\",\"publisher\":{\"@id\":\"https:\\\/\\\/www.organisator.ch\\\/#organization\"},\"potentialAction\":[{\"@type\":\"SearchAction\",\"target\":{\"@type\":\"EntryPoint\",\"urlTemplate\":\"https:\\\/\\\/www.organisator.ch\\\/?s={search_term_string}\"},\"query-input\":{\"@type\":\"PropertyValueSpecification\",\"valueRequired\":true,\"valueName\":\"search_term_string\"}}],\"inLanguage\":\"de\"},{\"@type\":\"Organization\",\"@id\":\"https:\\\/\\\/www.organisator.ch\\\/#organization\",\"name\":\"Organisator\",\"url\":\"https:\\\/\\\/www.organisator.ch\\\/\",\"logo\":{\"@type\":\"ImageObject\",\"inLanguage\":\"de\",\"@id\":\"https:\\\/\\\/www.organisator.ch\\\/#\\\/schema\\\/logo\\\/image\\\/\",\"url\":\"https:\\\/\\\/www.organisator.ch\\\/wp-content\\\/uploads\\\/2022\\\/01\\\/Logo_Organisator_Website.png\",\"contentUrl\":\"https:\\\/\\\/www.organisator.ch\\\/wp-content\\\/uploads\\\/2022\\\/01\\\/Logo_Organisator_Website.png\",\"width\":800,\"height\":77,\"caption\":\"Organisator\"},\"image\":{\"@id\":\"https:\\\/\\\/www.organisator.ch\\\/#\\\/schema\\\/logo\\\/image\\\/\"},\"sameAs\":[\"https:\\\/\\\/www.facebook.com\\\/OrganisatorFachmagazin\",\"https:\\\/\\\/www.linkedin.com\\\/showcase\\\/organisator-das-magazin-fr-kmu\",\"https:\\\/\\\/www.xing.com\\\/news\\\/pages\\\/organisator-ch-695\",\"https:\\\/\\\/www.youtube.com\\\/channel\\\/UCGP2Sq0iWaZwT3BdIAQFYpw\"]},{\"@type\":\"Person\",\"@id\":\"https:\\\/\\\/www.organisator.ch\\\/#\\\/schema\\\/person\\\/aa2bace6c5c5aad60102004a50c4eb1c\",\"name\":\"admin\",\"image\":{\"@type\":\"ImageObject\",\"inLanguage\":\"de\",\"@id\":\"https:\\\/\\\/secure.gravatar.com\\\/avatar\\\/ae2f4d718e6c49043e314ce431e7e645d646302a24a5ef5a8bc8e3f5a032e319?s=96&d=mm&r=g\",\"url\":\"https:\\\/\\\/secure.gravatar.com\\\/avatar\\\/ae2f4d718e6c49043e314ce431e7e645d646302a24a5ef5a8bc8e3f5a032e319?s=96&d=mm&r=g\",\"contentUrl\":\"https:\\\/\\\/secure.gravatar.com\\\/avatar\\\/ae2f4d718e6c49043e314ce431e7e645d646302a24a5ef5a8bc8e3f5a032e319?s=96&d=mm&r=g\",\"caption\":\"admin\"},\"sameAs\":[\"https:\\\/\\\/www.organisator.ch\"],\"url\":\"https:\\\/\\\/www.organisator.ch\\\/de\\\/author\\\/admin\\\/\"}]}<\/script>\n<!-- \/ Yoast SEO plugin. -->","yoast_head_json":{"title":"Elektroger\u00e4te verbrauchen immer weniger Strom - Organisator","description":"Elektroger\u00e4te werden immer effizienter. Dies zeigt eine im Auftrag des Bundesamts durchgef\u00fchrte Analyse der verkauften Elektroger\u00e4te in der Schweiz.","robots":{"index":"index","follow":"follow","max-snippet":"max-snippet:-1","max-image-preview":"max-image-preview:large","max-video-preview":"max-video-preview:-1"},"canonical":"https:\/\/www.organisator.ch\/de\/allgemein\/2016-11-17\/elektrogeraete-verbrauchen-immer-weniger-strom\/","og_locale":"de_DE","og_type":"article","og_title":"Elektroger\u00e4te verbrauchen immer weniger Strom - Organisator","og_description":"Elektroger\u00e4te werden immer effizienter. Dies zeigt eine im Auftrag des Bundesamts durchgef\u00fchrte Analyse der verkauften Elektroger\u00e4te in der Schweiz.","og_url":"https:\/\/www.organisator.ch\/de\/allgemein\/2016-11-17\/elektrogeraete-verbrauchen-immer-weniger-strom\/","og_site_name":"Organisator","article_publisher":"https:\/\/www.facebook.com\/OrganisatorFachmagazin","article_published_time":"2016-11-17T15:39:41+00:00","og_image":[{"width":1000,"height":667,"url":"https:\/\/www.organisator.ch\/wp-content\/uploads\/2016\/12\/Elektrogeraete-verbrauchen-immer-weniger-Strom-umweltperspektiven.jpg","type":"image\/jpeg"}],"author":"admin","twitter_card":"summary_large_image","schema":{"@context":"https:\/\/schema.org","@graph":[{"@type":"Article","@id":"https:\/\/www.organisator.ch\/de\/allgemein\/2016-11-17\/elektrogeraete-verbrauchen-immer-weniger-strom\/#article","isPartOf":{"@id":"https:\/\/www.organisator.ch\/de\/allgemein\/2016-11-17\/elektrogeraete-verbrauchen-immer-weniger-strom\/"},"author":{"name":"admin","@id":"https:\/\/www.organisator.ch\/#\/schema\/person\/aa2bace6c5c5aad60102004a50c4eb1c"},"headline":"Elektroger\u00e4te verbrauchen immer weniger Strom","datePublished":"2016-11-17T15:39:41+00:00","mainEntityOfPage":{"@id":"https:\/\/www.organisator.ch\/de\/allgemein\/2016-11-17\/elektrogeraete-verbrauchen-immer-weniger-strom\/"},"wordCount":649,"commentCount":0,"publisher":{"@id":"https:\/\/www.organisator.ch\/#organization"},"image":{"@id":"https:\/\/www.organisator.ch\/de\/allgemein\/2016-11-17\/elektrogeraete-verbrauchen-immer-weniger-strom\/#primaryimage"},"thumbnailUrl":"https:\/\/www.organisator.ch\/wp-content\/uploads\/2016\/12\/Elektrogeraete-verbrauchen-immer-weniger-Strom-umweltperspektiven.jpg","keywords":["ENERGIE"],"inLanguage":"de"},{"@type":"WebPage","@id":"https:\/\/www.organisator.ch\/de\/allgemein\/2016-11-17\/elektrogeraete-verbrauchen-immer-weniger-strom\/","url":"https:\/\/www.organisator.ch\/de\/allgemein\/2016-11-17\/elektrogeraete-verbrauchen-immer-weniger-strom\/","name":"Elektroger\u00e4te verbrauchen immer weniger Strom - Organisator","isPartOf":{"@id":"https:\/\/www.organisator.ch\/#website"},"primaryImageOfPage":{"@id":"https:\/\/www.organisator.ch\/de\/allgemein\/2016-11-17\/elektrogeraete-verbrauchen-immer-weniger-strom\/#primaryimage"},"image":{"@id":"https:\/\/www.organisator.ch\/de\/allgemein\/2016-11-17\/elektrogeraete-verbrauchen-immer-weniger-strom\/#primaryimage"},"thumbnailUrl":"https:\/\/www.organisator.ch\/wp-content\/uploads\/2016\/12\/Elektrogeraete-verbrauchen-immer-weniger-Strom-umweltperspektiven.jpg","datePublished":"2016-11-17T15:39:41+00:00","description":"Elektroger\u00e4te werden immer effizienter. Dies zeigt eine im Auftrag des Bundesamts durchgef\u00fchrte Analyse der verkauften Elektroger\u00e4te in der Schweiz.","breadcrumb":{"@id":"https:\/\/www.organisator.ch\/de\/allgemein\/2016-11-17\/elektrogeraete-verbrauchen-immer-weniger-strom\/#breadcrumb"},"inLanguage":"de","potentialAction":[{"@type":"ReadAction","target":["https:\/\/www.organisator.ch\/de\/allgemein\/2016-11-17\/elektrogeraete-verbrauchen-immer-weniger-strom\/"]}]},{"@type":"ImageObject","inLanguage":"de","@id":"https:\/\/www.organisator.ch\/de\/allgemein\/2016-11-17\/elektrogeraete-verbrauchen-immer-weniger-strom\/#primaryimage","url":"https:\/\/www.organisator.ch\/wp-content\/uploads\/2016\/12\/Elektrogeraete-verbrauchen-immer-weniger-Strom-umweltperspektiven.jpg","contentUrl":"https:\/\/www.organisator.ch\/wp-content\/uploads\/2016\/12\/Elektrogeraete-verbrauchen-immer-weniger-Strom-umweltperspektiven.jpg","width":1000,"height":667,"caption":"Haushaltsgrossger\u00e4te wie W\u00e4schetrockner werden immer effizienter."},{"@type":"BreadcrumbList","@id":"https:\/\/www.organisator.ch\/de\/allgemein\/2016-11-17\/elektrogeraete-verbrauchen-immer-weniger-strom\/#breadcrumb","itemListElement":[{"@type":"ListItem","position":1,"name":"Home","item":"https:\/\/www.organisator.ch\/"},{"@type":"ListItem","position":2,"name":"Elektroger\u00e4te verbrauchen immer weniger Strom"}]},{"@type":"WebSite","@id":"https:\/\/www.organisator.ch\/#website","url":"https:\/\/www.organisator.ch\/","name":"Organisator","description":"Kompetent. Praxisnah. Der ORGANISATOR bereitet in 10 Ausgaben pro Jahr die wesentlichen Themen f\u00fcr F\u00fchrungskr\u00e4fte von KMU auf.","publisher":{"@id":"https:\/\/www.organisator.ch\/#organization"},"potentialAction":[{"@type":"SearchAction","target":{"@type":"EntryPoint","urlTemplate":"https:\/\/www.organisator.ch\/?s={search_term_string}"},"query-input":{"@type":"PropertyValueSpecification","valueRequired":true,"valueName":"search_term_string"}}],"inLanguage":"de"},{"@type":"Organization","@id":"https:\/\/www.organisator.ch\/#organization","name":"Organisator","url":"https:\/\/www.organisator.ch\/","logo":{"@type":"ImageObject","inLanguage":"de","@id":"https:\/\/www.organisator.ch\/#\/schema\/logo\/image\/","url":"https:\/\/www.organisator.ch\/wp-content\/uploads\/2022\/01\/Logo_Organisator_Website.png","contentUrl":"https:\/\/www.organisator.ch\/wp-content\/uploads\/2022\/01\/Logo_Organisator_Website.png","width":800,"height":77,"caption":"Organisator"},"image":{"@id":"https:\/\/www.organisator.ch\/#\/schema\/logo\/image\/"},"sameAs":["https:\/\/www.facebook.com\/OrganisatorFachmagazin","https:\/\/www.linkedin.com\/showcase\/organisator-das-magazin-fr-kmu","https:\/\/www.xing.com\/news\/pages\/organisator-ch-695","https:\/\/www.youtube.com\/channel\/UCGP2Sq0iWaZwT3BdIAQFYpw"]},{"@type":"Person","@id":"https:\/\/www.organisator.ch\/#\/schema\/person\/aa2bace6c5c5aad60102004a50c4eb1c","name":"admin","image":{"@type":"ImageObject","inLanguage":"de","@id":"https:\/\/secure.gravatar.com\/avatar\/ae2f4d718e6c49043e314ce431e7e645d646302a24a5ef5a8bc8e3f5a032e319?s=96&d=mm&r=g","url":"https:\/\/secure.gravatar.com\/avatar\/ae2f4d718e6c49043e314ce431e7e645d646302a24a5ef5a8bc8e3f5a032e319?s=96&d=mm&r=g","contentUrl":"https:\/\/secure.gravatar.com\/avatar\/ae2f4d718e6c49043e314ce431e7e645d646302a24a5ef5a8bc8e3f5a032e319?s=96&d=mm&r=g","caption":"admin"},"sameAs":["https:\/\/www.organisator.ch"],"url":"https:\/\/www.organisator.ch\/de\/author\/admin\/"}]}},"_links":{"self":[{"href":"https:\/\/www.organisator.ch\/de\/wp-json\/wp\/v2\/posts\/9976","targetHints":{"allow":["GET"]}}],"collection":[{"href":"https:\/\/www.organisator.ch\/de\/wp-json\/wp\/v2\/posts"}],"about":[{"href":"https:\/\/www.organisator.ch\/de\/wp-json\/wp\/v2\/types\/post"}],"author":[{"embeddable":true,"href":"https:\/\/www.organisator.ch\/de\/wp-json\/wp\/v2\/users\/1"}],"replies":[{"embeddable":true,"href":"https:\/\/www.organisator.ch\/de\/wp-json\/wp\/v2\/comments?post=9976"}],"version-history":[{"count":0,"href":"https:\/\/www.organisator.ch\/de\/wp-json\/wp\/v2\/posts\/9976\/revisions"}],"wp:featuredmedia":[{"embeddable":true,"href":"https:\/\/www.organisator.ch\/de\/wp-json\/wp\/v2\/media\/9432"}],"wp:attachment":[{"href":"https:\/\/www.organisator.ch\/de\/wp-json\/wp\/v2\/media?parent=9976"}],"wp:term":[{"taxonomy":"category","embeddable":true,"href":"https:\/\/www.organisator.ch\/de\/wp-json\/wp\/v2\/categories?post=9976"},{"taxonomy":"post_tag","embeddable":true,"href":"https:\/\/www.organisator.ch\/de\/wp-json\/wp\/v2\/tags?post=9976"}],"curies":[{"name":"wp","href":"https:\/\/api.w.org\/{rel}","templated":true}]}}