{"id":9978,"date":"2016-11-23T16:44:12","date_gmt":"2016-11-23T15:44:12","guid":{"rendered":"https:\/\/dev.umweltperspektiven.ch\/?p=592"},"modified":"2022-02-09T11:05:39","modified_gmt":"2022-02-09T10:05:39","slug":"aldi-fuehrt-getraenkekartonrecycling-ein","status":"publish","type":"post","link":"https:\/\/www.organisator.ch\/de\/sustainability\/2016-11-23\/aldi-fuehrt-getraenkekartonrecycling-ein\/","title":{"rendered":"Aldi f\u00fchrt Getr\u00e4nkekartonrecycling ein"},"content":{"rendered":"<figure id=\"attachment_593\" aria-describedby=\"caption-attachment-593\" style=\"width: 680px\" class=\"wp-caption alignnone\"><a href=\"\/\/dev.umweltperspektiven.ch\/wp-content\/uploads\/2016\/12\/Aldi-f\u00fchrt-Getr\u00e4nkekartonrecycling-ein-umweltperspektiven.jpg\"><img loading=\"lazy\" decoding=\"async\" class=\"wp-image-593 size-medium\" src=\"\/\/www.umweltperspektiven.ch\/wp-content\/uploads\/2016\/12\/Aldi-f\u00fchrt-Getr\u00e4nkekartonrecycling-ein-umweltperspektiven.jpg\" alt=\"Aldi f\u00fchrt Getr\u00e4nkekartonrecycling ein-umweltperspektiven\" width=\"680\" height=\"453\" \/><\/a><figcaption id=\"caption-attachment-593\" class=\"wp-caption-text\">Aldi f\u00fchrt Getr\u00e4nkekartonrecycling ein-umweltperspektiven<\/figcaption><\/figure>\n<p>Seit der Inbetriebnahme der neuen Sortieranlage durch die M\u00fcller Recycling AG in Frauenfeld Anfang Jahr\u00a0ist es m\u00f6glich, Getr\u00e4nkekartons und Plastikflaschen sauber voneinander zu trennen. Dies hat dazu gef\u00fchrt, dass Getr\u00e4nkekartons und Plastikflaschen gemeinsam gesammelt werden k\u00f6nnen.<\/p>\n<p>Aldi Suisse\u00a0hat nun als erster Detailh\u00e4ndler die\u00a0neue Sammlung\u00a0etabliert: Seit August 2016 sammelt ALDI SUISSE \u2013 vorerst in den 65 Filialen der Zweigniederlassung Schwarzenbach \u2013 Getr\u00e4nkekartons gemeinsam mit Plastikflaschen. Die landesweite Einf\u00fchrung der R\u00fcckgabe von Getr\u00e4nkekartons und Plastikflaschen soll bis Ende 2017 abgeschlossen sein.<\/p>\n<p><strong>Die gemeinsame Sammlung vereinfacht den Entsorgungsvorgang<\/strong><\/p>\n<p>Die leeren Getr\u00e4nkekartons von Milch, Eistee und Fruchts\u00e4ften und die leeren Plastikflaschen von Milchprodukten, Dusch-, Wasch- und Reinigungsmitteln werden gemeinsam in einem Sammelbeh\u00e4lter gesammelt und von den Lastwagen, welche die Filiale mit Waren beliefern, zur\u00fcck ins Logistikzentrum genommen. So entstehen keine Mehrfahrten. Im Logistikzentrum werden sie verpresst und zur Sortieranlage nach Frauenfeld gebracht.<\/p>\n<p>Nach der Sortierung werden die gesammelten Plastikflaschen vor Ort zu Regranulat verarbeitet. Dieses wird zur Herstellung von neuen Plastikflaschen oder anderen Kunststoffprodukten eingesetzt. Die Getr\u00e4nkekartons werden in Ballen gepresst und in die Papierfabrik Model AG gefahren. Die \u00fcber das Recyclingsystem gewonnenen Kartonfasern k\u00f6nnen in der Kartonproduktion sechs bis sieben Mal eingesetzt werden. Aus den wertvollen Kartonfasern produziert die Model AG Wellkarton f\u00fcr neue Verpackungen.<\/p>\n","protected":false},"excerpt":{"rendered":"<p>Seit der Inbetriebnahme der neuen Sortieranlage durch die M\u00fcller Recycling AG in Frauenfeld Anfang Jahr\u00a0ist es m\u00f6glich, Getr\u00e4nkekartons und Plastikflaschen sauber voneinander zu trennen. Dies hat dazu gef\u00fchrt, dass Getr\u00e4nkekartons und Plastikflaschen gemeinsam gesammelt werden k\u00f6nnen. Aldi Suisse\u00a0hat nun als erster Detailh\u00e4ndler die\u00a0neue Sammlung\u00a0etabliert: Seit August 2016 sammelt ALDI SUISSE \u2013 vorerst in den 65 [&hellip;]<\/p>\n","protected":false},"author":1,"featured_media":9434,"comment_status":"open","ping_status":"open","sticky":false,"template":"","format":"standard","meta":{"_acf_changed":false,"_yoast_wpseo_focuskw":"Aldi","_yoast_wpseo_metadesc":"Aldi: Eine neue Sortieranlage erm\u00f6glicht es, Getr\u00e4nkekartons und Plastikflaschen sauber zu trennen. Damit k\u00f6nnen diese gemeinsam gesammelt werden.","articlekey":"","footnotes":""},"categories":[580],"tags":[692,1285,1742,1987],"class_list":["post-9978","post","type-post","status-publish","format-standard","has-post-thumbnail","hentry","category-sustainability","tag-aldi","tag-getraenkekarton","tag-mueller-recycling","tag-recycling"],"acf":[],"yoast_head":"<!-- This site is optimized with the Yoast SEO plugin v27.5 - https:\/\/yoast.com\/product\/yoast-seo-wordpress\/ -->\n<title>Aldi f\u00fchrt Getr\u00e4nkekartonrecycling ein - Organisator<\/title>\n<meta name=\"description\" content=\"Aldi: Eine neue Sortieranlage erm\u00f6glicht es, Getr\u00e4nkekartons und Plastikflaschen sauber zu trennen. Damit k\u00f6nnen diese gemeinsam gesammelt werden.\" \/>\n<meta name=\"robots\" content=\"index, follow, max-snippet:-1, max-image-preview:large, max-video-preview:-1\" \/>\n<link rel=\"canonical\" href=\"https:\/\/www.organisator.ch\/de\/sustainability\/2016-11-23\/aldi-fuehrt-getraenkekartonrecycling-ein\/\" \/>\n<meta property=\"og:locale\" content=\"de_DE\" \/>\n<meta property=\"og:type\" content=\"article\" \/>\n<meta property=\"og:title\" content=\"Aldi f\u00fchrt Getr\u00e4nkekartonrecycling ein - Organisator\" \/>\n<meta property=\"og:description\" content=\"Aldi: Eine neue Sortieranlage erm\u00f6glicht es, Getr\u00e4nkekartons und Plastikflaschen sauber zu trennen. Damit k\u00f6nnen diese gemeinsam gesammelt werden.\" \/>\n<meta property=\"og:url\" content=\"https:\/\/www.organisator.ch\/de\/sustainability\/2016-11-23\/aldi-fuehrt-getraenkekartonrecycling-ein\/\" \/>\n<meta property=\"og:site_name\" content=\"Organisator\" \/>\n<meta property=\"article:publisher\" content=\"https:\/\/www.facebook.com\/OrganisatorFachmagazin\" \/>\n<meta property=\"article:published_time\" content=\"2016-11-23T15:44:12+00:00\" \/>\n<meta property=\"article:modified_time\" content=\"2022-02-09T10:05:39+00:00\" \/>\n<meta property=\"og:image\" content=\"https:\/\/www.organisator.ch\/wp-content\/uploads\/2016\/12\/Aldi-fuehrt-Getraenkekartonrecycling-ein-umweltperspektiven.jpg\" \/>\n\t<meta property=\"og:image:width\" content=\"2048\" \/>\n\t<meta property=\"og:image:height\" content=\"1365\" \/>\n\t<meta property=\"og:image:type\" content=\"image\/jpeg\" \/>\n<meta name=\"author\" content=\"admin\" \/>\n<meta name=\"twitter:card\" content=\"summary_large_image\" \/>\n<script type=\"application\/ld+json\" class=\"yoast-schema-graph\">{\"@context\":\"https:\\\/\\\/schema.org\",\"@graph\":[{\"@type\":\"Article\",\"@id\":\"https:\\\/\\\/www.organisator.ch\\\/sustainability\\\/2016-11-23\\\/aldi-fuehrt-getraenkekartonrecycling-ein\\\/#article\",\"isPartOf\":{\"@id\":\"https:\\\/\\\/www.organisator.ch\\\/sustainability\\\/2016-11-23\\\/aldi-fuehrt-getraenkekartonrecycling-ein\\\/\"},\"author\":{\"name\":\"admin\",\"@id\":\"https:\\\/\\\/www.organisator.ch\\\/#\\\/schema\\\/person\\\/aa2bace6c5c5aad60102004a50c4eb1c\"},\"headline\":\"Aldi f\u00fchrt Getr\u00e4nkekartonrecycling ein\",\"datePublished\":\"2016-11-23T15:44:12+00:00\",\"dateModified\":\"2022-02-09T10:05:39+00:00\",\"mainEntityOfPage\":{\"@id\":\"https:\\\/\\\/www.organisator.ch\\\/sustainability\\\/2016-11-23\\\/aldi-fuehrt-getraenkekartonrecycling-ein\\\/\"},\"wordCount\":238,\"commentCount\":0,\"publisher\":{\"@id\":\"https:\\\/\\\/www.organisator.ch\\\/#organization\"},\"image\":{\"@id\":\"https:\\\/\\\/www.organisator.ch\\\/sustainability\\\/2016-11-23\\\/aldi-fuehrt-getraenkekartonrecycling-ein\\\/#primaryimage\"},\"thumbnailUrl\":\"https:\\\/\\\/www.organisator.ch\\\/wp-content\\\/uploads\\\/2016\\\/12\\\/Aldi-fuehrt-Getraenkekartonrecycling-ein-umweltperspektiven.jpg\",\"keywords\":[\"Aldi\",\"Getr\u00e4nkekarton\",\"M\u00fcller Recycling\",\"Recycling\"],\"articleSection\":[\"SUSTAINABILITY\"],\"inLanguage\":\"de\"},{\"@type\":\"WebPage\",\"@id\":\"https:\\\/\\\/www.organisator.ch\\\/sustainability\\\/2016-11-23\\\/aldi-fuehrt-getraenkekartonrecycling-ein\\\/\",\"url\":\"https:\\\/\\\/www.organisator.ch\\\/sustainability\\\/2016-11-23\\\/aldi-fuehrt-getraenkekartonrecycling-ein\\\/\",\"name\":\"Aldi f\u00fchrt Getr\u00e4nkekartonrecycling ein - Organisator\",\"isPartOf\":{\"@id\":\"https:\\\/\\\/www.organisator.ch\\\/#website\"},\"primaryImageOfPage\":{\"@id\":\"https:\\\/\\\/www.organisator.ch\\\/sustainability\\\/2016-11-23\\\/aldi-fuehrt-getraenkekartonrecycling-ein\\\/#primaryimage\"},\"image\":{\"@id\":\"https:\\\/\\\/www.organisator.ch\\\/sustainability\\\/2016-11-23\\\/aldi-fuehrt-getraenkekartonrecycling-ein\\\/#primaryimage\"},\"thumbnailUrl\":\"https:\\\/\\\/www.organisator.ch\\\/wp-content\\\/uploads\\\/2016\\\/12\\\/Aldi-fuehrt-Getraenkekartonrecycling-ein-umweltperspektiven.jpg\",\"datePublished\":\"2016-11-23T15:44:12+00:00\",\"dateModified\":\"2022-02-09T10:05:39+00:00\",\"description\":\"Aldi: Eine neue Sortieranlage erm\u00f6glicht es, Getr\u00e4nkekartons und Plastikflaschen sauber zu trennen. Damit k\u00f6nnen diese gemeinsam gesammelt werden.\",\"breadcrumb\":{\"@id\":\"https:\\\/\\\/www.organisator.ch\\\/sustainability\\\/2016-11-23\\\/aldi-fuehrt-getraenkekartonrecycling-ein\\\/#breadcrumb\"},\"inLanguage\":\"de\",\"potentialAction\":[{\"@type\":\"ReadAction\",\"target\":[\"https:\\\/\\\/www.organisator.ch\\\/sustainability\\\/2016-11-23\\\/aldi-fuehrt-getraenkekartonrecycling-ein\\\/\"]}]},{\"@type\":\"ImageObject\",\"inLanguage\":\"de\",\"@id\":\"https:\\\/\\\/www.organisator.ch\\\/sustainability\\\/2016-11-23\\\/aldi-fuehrt-getraenkekartonrecycling-ein\\\/#primaryimage\",\"url\":\"https:\\\/\\\/www.organisator.ch\\\/wp-content\\\/uploads\\\/2016\\\/12\\\/Aldi-fuehrt-Getraenkekartonrecycling-ein-umweltperspektiven.jpg\",\"contentUrl\":\"https:\\\/\\\/www.organisator.ch\\\/wp-content\\\/uploads\\\/2016\\\/12\\\/Aldi-fuehrt-Getraenkekartonrecycling-ein-umweltperspektiven.jpg\",\"width\":2048,\"height\":1365,\"caption\":\"Aldi f\u00fchrt Getr\u00e4nkekartonrecycling ein-umweltperspektiven\"},{\"@type\":\"BreadcrumbList\",\"@id\":\"https:\\\/\\\/www.organisator.ch\\\/sustainability\\\/2016-11-23\\\/aldi-fuehrt-getraenkekartonrecycling-ein\\\/#breadcrumb\",\"itemListElement\":[{\"@type\":\"ListItem\",\"position\":1,\"name\":\"Home\",\"item\":\"https:\\\/\\\/www.organisator.ch\\\/\"},{\"@type\":\"ListItem\",\"position\":2,\"name\":\"Aldi f\u00fchrt Getr\u00e4nkekartonrecycling ein\"}]},{\"@type\":\"WebSite\",\"@id\":\"https:\\\/\\\/www.organisator.ch\\\/#website\",\"url\":\"https:\\\/\\\/www.organisator.ch\\\/\",\"name\":\"Organisator\",\"description\":\"Kompetent. Praxisnah. Der ORGANISATOR bereitet in 10 Ausgaben pro Jahr die wesentlichen Themen f\u00fcr F\u00fchrungskr\u00e4fte von KMU auf.\",\"publisher\":{\"@id\":\"https:\\\/\\\/www.organisator.ch\\\/#organization\"},\"potentialAction\":[{\"@type\":\"SearchAction\",\"target\":{\"@type\":\"EntryPoint\",\"urlTemplate\":\"https:\\\/\\\/www.organisator.ch\\\/?s={search_term_string}\"},\"query-input\":{\"@type\":\"PropertyValueSpecification\",\"valueRequired\":true,\"valueName\":\"search_term_string\"}}],\"inLanguage\":\"de\"},{\"@type\":\"Organization\",\"@id\":\"https:\\\/\\\/www.organisator.ch\\\/#organization\",\"name\":\"Organisator\",\"url\":\"https:\\\/\\\/www.organisator.ch\\\/\",\"logo\":{\"@type\":\"ImageObject\",\"inLanguage\":\"de\",\"@id\":\"https:\\\/\\\/www.organisator.ch\\\/#\\\/schema\\\/logo\\\/image\\\/\",\"url\":\"https:\\\/\\\/www.organisator.ch\\\/wp-content\\\/uploads\\\/2022\\\/01\\\/Logo_Organisator_Website.png\",\"contentUrl\":\"https:\\\/\\\/www.organisator.ch\\\/wp-content\\\/uploads\\\/2022\\\/01\\\/Logo_Organisator_Website.png\",\"width\":800,\"height\":77,\"caption\":\"Organisator\"},\"image\":{\"@id\":\"https:\\\/\\\/www.organisator.ch\\\/#\\\/schema\\\/logo\\\/image\\\/\"},\"sameAs\":[\"https:\\\/\\\/www.facebook.com\\\/OrganisatorFachmagazin\",\"https:\\\/\\\/www.linkedin.com\\\/showcase\\\/organisator-das-magazin-fr-kmu\",\"https:\\\/\\\/www.xing.com\\\/news\\\/pages\\\/organisator-ch-695\",\"https:\\\/\\\/www.youtube.com\\\/channel\\\/UCGP2Sq0iWaZwT3BdIAQFYpw\"]},{\"@type\":\"Person\",\"@id\":\"https:\\\/\\\/www.organisator.ch\\\/#\\\/schema\\\/person\\\/aa2bace6c5c5aad60102004a50c4eb1c\",\"name\":\"admin\",\"image\":{\"@type\":\"ImageObject\",\"inLanguage\":\"de\",\"@id\":\"https:\\\/\\\/secure.gravatar.com\\\/avatar\\\/ae2f4d718e6c49043e314ce431e7e645d646302a24a5ef5a8bc8e3f5a032e319?s=96&d=mm&r=g\",\"url\":\"https:\\\/\\\/secure.gravatar.com\\\/avatar\\\/ae2f4d718e6c49043e314ce431e7e645d646302a24a5ef5a8bc8e3f5a032e319?s=96&d=mm&r=g\",\"contentUrl\":\"https:\\\/\\\/secure.gravatar.com\\\/avatar\\\/ae2f4d718e6c49043e314ce431e7e645d646302a24a5ef5a8bc8e3f5a032e319?s=96&d=mm&r=g\",\"caption\":\"admin\"},\"sameAs\":[\"https:\\\/\\\/www.organisator.ch\"],\"url\":\"https:\\\/\\\/www.organisator.ch\\\/de\\\/author\\\/admin\\\/\"}]}<\/script>\n<!-- \/ Yoast SEO plugin. -->","yoast_head_json":{"title":"Aldi f\u00fchrt Getr\u00e4nkekartonrecycling ein - Organisator","description":"Aldi: Eine neue Sortieranlage erm\u00f6glicht es, Getr\u00e4nkekartons und Plastikflaschen sauber zu trennen. Damit k\u00f6nnen diese gemeinsam gesammelt werden.","robots":{"index":"index","follow":"follow","max-snippet":"max-snippet:-1","max-image-preview":"max-image-preview:large","max-video-preview":"max-video-preview:-1"},"canonical":"https:\/\/www.organisator.ch\/de\/sustainability\/2016-11-23\/aldi-fuehrt-getraenkekartonrecycling-ein\/","og_locale":"de_DE","og_type":"article","og_title":"Aldi f\u00fchrt Getr\u00e4nkekartonrecycling ein - Organisator","og_description":"Aldi: Eine neue Sortieranlage erm\u00f6glicht es, Getr\u00e4nkekartons und Plastikflaschen sauber zu trennen. Damit k\u00f6nnen diese gemeinsam gesammelt werden.","og_url":"https:\/\/www.organisator.ch\/de\/sustainability\/2016-11-23\/aldi-fuehrt-getraenkekartonrecycling-ein\/","og_site_name":"Organisator","article_publisher":"https:\/\/www.facebook.com\/OrganisatorFachmagazin","article_published_time":"2016-11-23T15:44:12+00:00","article_modified_time":"2022-02-09T10:05:39+00:00","og_image":[{"width":2048,"height":1365,"url":"https:\/\/www.organisator.ch\/wp-content\/uploads\/2016\/12\/Aldi-fuehrt-Getraenkekartonrecycling-ein-umweltperspektiven.jpg","type":"image\/jpeg"}],"author":"admin","twitter_card":"summary_large_image","schema":{"@context":"https:\/\/schema.org","@graph":[{"@type":"Article","@id":"https:\/\/www.organisator.ch\/sustainability\/2016-11-23\/aldi-fuehrt-getraenkekartonrecycling-ein\/#article","isPartOf":{"@id":"https:\/\/www.organisator.ch\/sustainability\/2016-11-23\/aldi-fuehrt-getraenkekartonrecycling-ein\/"},"author":{"name":"admin","@id":"https:\/\/www.organisator.ch\/#\/schema\/person\/aa2bace6c5c5aad60102004a50c4eb1c"},"headline":"Aldi f\u00fchrt Getr\u00e4nkekartonrecycling ein","datePublished":"2016-11-23T15:44:12+00:00","dateModified":"2022-02-09T10:05:39+00:00","mainEntityOfPage":{"@id":"https:\/\/www.organisator.ch\/sustainability\/2016-11-23\/aldi-fuehrt-getraenkekartonrecycling-ein\/"},"wordCount":238,"commentCount":0,"publisher":{"@id":"https:\/\/www.organisator.ch\/#organization"},"image":{"@id":"https:\/\/www.organisator.ch\/sustainability\/2016-11-23\/aldi-fuehrt-getraenkekartonrecycling-ein\/#primaryimage"},"thumbnailUrl":"https:\/\/www.organisator.ch\/wp-content\/uploads\/2016\/12\/Aldi-fuehrt-Getraenkekartonrecycling-ein-umweltperspektiven.jpg","keywords":["Aldi","Getr\u00e4nkekarton","M\u00fcller Recycling","Recycling"],"articleSection":["SUSTAINABILITY"],"inLanguage":"de"},{"@type":"WebPage","@id":"https:\/\/www.organisator.ch\/sustainability\/2016-11-23\/aldi-fuehrt-getraenkekartonrecycling-ein\/","url":"https:\/\/www.organisator.ch\/sustainability\/2016-11-23\/aldi-fuehrt-getraenkekartonrecycling-ein\/","name":"Aldi f\u00fchrt Getr\u00e4nkekartonrecycling ein - Organisator","isPartOf":{"@id":"https:\/\/www.organisator.ch\/#website"},"primaryImageOfPage":{"@id":"https:\/\/www.organisator.ch\/sustainability\/2016-11-23\/aldi-fuehrt-getraenkekartonrecycling-ein\/#primaryimage"},"image":{"@id":"https:\/\/www.organisator.ch\/sustainability\/2016-11-23\/aldi-fuehrt-getraenkekartonrecycling-ein\/#primaryimage"},"thumbnailUrl":"https:\/\/www.organisator.ch\/wp-content\/uploads\/2016\/12\/Aldi-fuehrt-Getraenkekartonrecycling-ein-umweltperspektiven.jpg","datePublished":"2016-11-23T15:44:12+00:00","dateModified":"2022-02-09T10:05:39+00:00","description":"Aldi: Eine neue Sortieranlage erm\u00f6glicht es, Getr\u00e4nkekartons und Plastikflaschen sauber zu trennen. Damit k\u00f6nnen diese gemeinsam gesammelt werden.","breadcrumb":{"@id":"https:\/\/www.organisator.ch\/sustainability\/2016-11-23\/aldi-fuehrt-getraenkekartonrecycling-ein\/#breadcrumb"},"inLanguage":"de","potentialAction":[{"@type":"ReadAction","target":["https:\/\/www.organisator.ch\/sustainability\/2016-11-23\/aldi-fuehrt-getraenkekartonrecycling-ein\/"]}]},{"@type":"ImageObject","inLanguage":"de","@id":"https:\/\/www.organisator.ch\/sustainability\/2016-11-23\/aldi-fuehrt-getraenkekartonrecycling-ein\/#primaryimage","url":"https:\/\/www.organisator.ch\/wp-content\/uploads\/2016\/12\/Aldi-fuehrt-Getraenkekartonrecycling-ein-umweltperspektiven.jpg","contentUrl":"https:\/\/www.organisator.ch\/wp-content\/uploads\/2016\/12\/Aldi-fuehrt-Getraenkekartonrecycling-ein-umweltperspektiven.jpg","width":2048,"height":1365,"caption":"Aldi f\u00fchrt Getr\u00e4nkekartonrecycling ein-umweltperspektiven"},{"@type":"BreadcrumbList","@id":"https:\/\/www.organisator.ch\/sustainability\/2016-11-23\/aldi-fuehrt-getraenkekartonrecycling-ein\/#breadcrumb","itemListElement":[{"@type":"ListItem","position":1,"name":"Home","item":"https:\/\/www.organisator.ch\/"},{"@type":"ListItem","position":2,"name":"Aldi f\u00fchrt Getr\u00e4nkekartonrecycling ein"}]},{"@type":"WebSite","@id":"https:\/\/www.organisator.ch\/#website","url":"https:\/\/www.organisator.ch\/","name":"Organisator","description":"Kompetent. Praxisnah. Der ORGANISATOR bereitet in 10 Ausgaben pro Jahr die wesentlichen Themen f\u00fcr F\u00fchrungskr\u00e4fte von KMU auf.","publisher":{"@id":"https:\/\/www.organisator.ch\/#organization"},"potentialAction":[{"@type":"SearchAction","target":{"@type":"EntryPoint","urlTemplate":"https:\/\/www.organisator.ch\/?s={search_term_string}"},"query-input":{"@type":"PropertyValueSpecification","valueRequired":true,"valueName":"search_term_string"}}],"inLanguage":"de"},{"@type":"Organization","@id":"https:\/\/www.organisator.ch\/#organization","name":"Organisator","url":"https:\/\/www.organisator.ch\/","logo":{"@type":"ImageObject","inLanguage":"de","@id":"https:\/\/www.organisator.ch\/#\/schema\/logo\/image\/","url":"https:\/\/www.organisator.ch\/wp-content\/uploads\/2022\/01\/Logo_Organisator_Website.png","contentUrl":"https:\/\/www.organisator.ch\/wp-content\/uploads\/2022\/01\/Logo_Organisator_Website.png","width":800,"height":77,"caption":"Organisator"},"image":{"@id":"https:\/\/www.organisator.ch\/#\/schema\/logo\/image\/"},"sameAs":["https:\/\/www.facebook.com\/OrganisatorFachmagazin","https:\/\/www.linkedin.com\/showcase\/organisator-das-magazin-fr-kmu","https:\/\/www.xing.com\/news\/pages\/organisator-ch-695","https:\/\/www.youtube.com\/channel\/UCGP2Sq0iWaZwT3BdIAQFYpw"]},{"@type":"Person","@id":"https:\/\/www.organisator.ch\/#\/schema\/person\/aa2bace6c5c5aad60102004a50c4eb1c","name":"admin","image":{"@type":"ImageObject","inLanguage":"de","@id":"https:\/\/secure.gravatar.com\/avatar\/ae2f4d718e6c49043e314ce431e7e645d646302a24a5ef5a8bc8e3f5a032e319?s=96&d=mm&r=g","url":"https:\/\/secure.gravatar.com\/avatar\/ae2f4d718e6c49043e314ce431e7e645d646302a24a5ef5a8bc8e3f5a032e319?s=96&d=mm&r=g","contentUrl":"https:\/\/secure.gravatar.com\/avatar\/ae2f4d718e6c49043e314ce431e7e645d646302a24a5ef5a8bc8e3f5a032e319?s=96&d=mm&r=g","caption":"admin"},"sameAs":["https:\/\/www.organisator.ch"],"url":"https:\/\/www.organisator.ch\/de\/author\/admin\/"}]}},"_links":{"self":[{"href":"https:\/\/www.organisator.ch\/de\/wp-json\/wp\/v2\/posts\/9978","targetHints":{"allow":["GET"]}}],"collection":[{"href":"https:\/\/www.organisator.ch\/de\/wp-json\/wp\/v2\/posts"}],"about":[{"href":"https:\/\/www.organisator.ch\/de\/wp-json\/wp\/v2\/types\/post"}],"author":[{"embeddable":true,"href":"https:\/\/www.organisator.ch\/de\/wp-json\/wp\/v2\/users\/1"}],"replies":[{"embeddable":true,"href":"https:\/\/www.organisator.ch\/de\/wp-json\/wp\/v2\/comments?post=9978"}],"version-history":[{"count":1,"href":"https:\/\/www.organisator.ch\/de\/wp-json\/wp\/v2\/posts\/9978\/revisions"}],"predecessor-version":[{"id":10434,"href":"https:\/\/www.organisator.ch\/de\/wp-json\/wp\/v2\/posts\/9978\/revisions\/10434"}],"wp:featuredmedia":[{"embeddable":true,"href":"https:\/\/www.organisator.ch\/de\/wp-json\/wp\/v2\/media\/9434"}],"wp:attachment":[{"href":"https:\/\/www.organisator.ch\/de\/wp-json\/wp\/v2\/media?parent=9978"}],"wp:term":[{"taxonomy":"category","embeddable":true,"href":"https:\/\/www.organisator.ch\/de\/wp-json\/wp\/v2\/categories?post=9978"},{"taxonomy":"post_tag","embeddable":true,"href":"https:\/\/www.organisator.ch\/de\/wp-json\/wp\/v2\/tags?post=9978"}],"curies":[{"name":"wp","href":"https:\/\/api.w.org\/{rel}","templated":true}]}}