{"id":9981,"date":"2016-12-03T16:49:31","date_gmt":"2016-12-03T15:49:31","guid":{"rendered":"https:\/\/dev.umweltperspektiven.ch\/?p=604"},"modified":"2016-12-03T16:49:31","modified_gmt":"2016-12-03T15:49:31","slug":"erffiziente-led-strassenbeleuchtung-effestrada-wird-verlaengert","status":"publish","type":"post","link":"https:\/\/www.organisator.ch\/de\/allgemein\/2016-12-03\/erffiziente-led-strassenbeleuchtung-effestrada-wird-verlaengert\/","title":{"rendered":"Erffiziente LED-Strassenbeleuchtung: effeSTRADA+ wird verl\u00e4ngert"},"content":{"rendered":"<figure id=\"attachment_605\" aria-describedby=\"caption-attachment-605\" style=\"width: 680px\" class=\"wp-caption alignnone\"><a href=\"\/\/dev.umweltperspektiven.ch\/wp-content\/uploads\/2016\/12\/Erffiziente-LED-Strassenbeleuchtung-effeSTRADA-wird-verl\u00e4ngert-umweltperspektiven.jpg\"><img loading=\"lazy\" decoding=\"async\" class=\"size-medium wp-image-605\" src=\"\/\/dev.umweltperspektiven.ch\/wp-content\/uploads\/2016\/12\/Erffiziente-LED-Strassenbeleuchtung-effeSTRADA-wird-verl\u00e4ngert-umweltperspektiven.jpg\" alt=\"effeSTRADA will energieeffiziente Beleuchtungen im \u00f6ffentlichen Raum f\u00f6rdern.\" width=\"680\" height=\"474\" \/><\/a><figcaption id=\"caption-attachment-605\" class=\"wp-caption-text\">effeSTRADA will energieeffiziente Beleuchtungen im \u00f6ffentlichen Raum f\u00f6rdern.<\/figcaption><\/figure>\n<p>effeSTRADA ist das nationale F\u00f6rderprogramm des Fachverbandes der Beleuchtungsindustrie (fvb), um Gemeinden bei der Umr\u00fcstung ihrer Strassenbeleuchtung auf eine intelligente LED-L\u00f6sung zu unterst\u00fctzen. Gef\u00f6rdert wird effeSTRADA von ProKilowatt und koordiniert vom Fachverband der Beleuchtungsindustrie (fvb). Die operative Abwicklung des Programms \u00fcbernimmt die Schweizerische Agentur f\u00fcr Energieeffizienz (S.A.F.E.). Neutrale Experten stehen beratend zur Seite und \u00fcberwachen das Monitoring.<\/p>\n<p><strong>Ziele \u00fcbertroffen<\/strong><\/p>\n<p>Der Zweck von effeSTRADA ist klar: Energieeffiziente Beleuchtungen im \u00f6ffentlichen Raum f\u00f6rdern. Der Anteil von Strassenbeleuchtungen am Gesamtstromverbrauch betr\u00e4gt in der Schweiz etwa 1,5 Prozent. Durch moderne LED in Kombination mit einer intelligenten Steuerung liesse sich 70 Prozent der Energie einsparen.<\/p>\n<p>Mit der F\u00f6rdersumme von 1 Million Franken verfolgte effeSTRADA von 2014-16 das Ziel, Investitionen im Umfang von 5 Millionen Franken auszul\u00f6sen und pro Jahr 1,7 Millionen kWh Strom einzusparen. Die Ziele der ersten Phase von effeSTRADA wurden laut Daniel Cathomen (fvb) schneller erreicht als erwartet und zudem deutlich \u00fcbertroffen: Statt der angestrebten 5000 Lichtpunkte LED wurde 5500 gef\u00f6rdert. Eingereicht wurden allerdings noch viel mehr. Mehrere Projekte mussten abgelehnt werden, weil die Einsparungen zu tief oder weil die Kriterien nicht erf\u00fcllt waren. Am Schluss wurden Projekte abgelehnt, will Budget ausgesch\u00f6pft.<\/p>\n<p>Ferner wurden pro Lichtpunkt und Jahr 390 kWh\/a statt 345 kWh\/a eingespart. Bei einer Energieeinsparung auf 20 Jahre wurde so eine Quote von 124 Prozent erzielt, n\u00e4mlich 42,7 GWh statt 34, 5 GWh. Insgesamt wurden 48 Gemeinden unterst\u00fctzt. Pro Lichtpunkt zahlte effeSTRADA 100 Franken.<\/p>\n<p><strong>F\u00f6rderschwelle heruntergesetzt<\/strong><\/p>\n<p>Bei effeSTRADA+, das Nachfolgeprojekt welches am 16. Januar 2017 startet, bleibt der Bonus von 100 Franken pro Lichtpunkt gleich. Daf\u00fcr werden bereits Gesuche ab 25 (vorher 50 Lichtpunkte LED) gef\u00f6rdert, falls die Leuchte mit einem Bewegungsmelder versehen wird. Pro Lichtpunkt sollen mindestens 225 kWh\/a (vorher 200 kWh\/a) eingespart werden; ersetzt werden in der Regel alte Natriumdampflampen. Die Laufzeit des F\u00f6rderprogramms betr\u00e4gt wiederum drei Jahre, beziehungsweise solange bis die F\u00f6rdermittel von 1.2 Millionen Franken ersch\u00f6pft sind. Die gef\u00f6rderten Projekte m\u00fcssen sp\u00e4testens 18 Monate nach Eingabe fertiggestellt sein.<\/p>\n<p>Anmeldung f\u00fcr das F\u00f6rderprogramm unter: <a href=\"http:\/\/www.effestrada.ch\" target=\"_blank\" rel=\"noreferrer noopener\" data-cke-saved-href=\"\/\/www.effestrada.ch\">www.effestrada.ch<\/a><\/p>\n<p>Autor: Stefan Harmann, <a href=\"http:\/\/www.presseladen.ch\/\" target=\"_blank\" rel=\"noreferrer noopener\" data-cke-saved-href=\"\/\/www.presseladen.ch\/\">Presseladen<\/a><\/p>\n","protected":false},"excerpt":{"rendered":"<p>effeSTRADA ist das nationale F\u00f6rderprogramm des Fachverbandes der Beleuchtungsindustrie (fvb), um Gemeinden bei der Umr\u00fcstung ihrer Strassenbeleuchtung auf eine intelligente LED-L\u00f6sung zu unterst\u00fctzen. Gef\u00f6rdert wird effeSTRADA von ProKilowatt und koordiniert vom Fachverband der Beleuchtungsindustrie (fvb). Die operative Abwicklung des Programms \u00fcbernimmt die Schweizerische Agentur f\u00fcr Energieeffizienz (S.A.F.E.). Neutrale Experten stehen beratend zur Seite und \u00fcberwachen [&hellip;]<\/p>\n","protected":false},"author":1,"featured_media":9436,"comment_status":"open","ping_status":"open","sticky":false,"template":"","format":"standard","meta":{"_acf_changed":false,"_yoast_wpseo_focuskw":"LED","_yoast_wpseo_metadesc":"Nach der erfolgreichen ersten Phase wird das F\u00f6rderprogramm f\u00fcr nachhaltige Beleuchtung effeSTRADA+ ab 16. Januar 2017 fortgesetzt.","articlekey":"","footnotes":""},"categories":[1],"tags":[797,1020,1203],"class_list":["post-9981","post","type-post","status-publish","format-standard","has-post-thumbnail","hentry","category-allgemein","tag-beleuchtung","tag-effestrada","tag-foederprogramm"],"acf":[],"yoast_head":"<!-- This site is optimized with the Yoast SEO plugin v27.5 - https:\/\/yoast.com\/product\/yoast-seo-wordpress\/ -->\n<title>Erffiziente LED-Strassenbeleuchtung: effeSTRADA+ wird verl\u00e4ngert - Organisator<\/title>\n<meta name=\"description\" content=\"Nach der erfolgreichen ersten Phase wird das F\u00f6rderprogramm f\u00fcr nachhaltige Beleuchtung effeSTRADA+ ab 16. Januar 2017 fortgesetzt.\" \/>\n<meta name=\"robots\" content=\"index, follow, max-snippet:-1, max-image-preview:large, max-video-preview:-1\" \/>\n<link rel=\"canonical\" href=\"https:\/\/www.organisator.ch\/de\/allgemein\/2016-12-03\/erffiziente-led-strassenbeleuchtung-effestrada-wird-verlaengert\/\" \/>\n<meta property=\"og:locale\" content=\"de_DE\" \/>\n<meta property=\"og:type\" content=\"article\" \/>\n<meta property=\"og:title\" content=\"Erffiziente LED-Strassenbeleuchtung: effeSTRADA+ wird verl\u00e4ngert - Organisator\" \/>\n<meta property=\"og:description\" content=\"Nach der erfolgreichen ersten Phase wird das F\u00f6rderprogramm f\u00fcr nachhaltige Beleuchtung effeSTRADA+ ab 16. Januar 2017 fortgesetzt.\" \/>\n<meta property=\"og:url\" content=\"https:\/\/www.organisator.ch\/de\/allgemein\/2016-12-03\/erffiziente-led-strassenbeleuchtung-effestrada-wird-verlaengert\/\" \/>\n<meta property=\"og:site_name\" content=\"Organisator\" \/>\n<meta property=\"article:publisher\" content=\"https:\/\/www.facebook.com\/OrganisatorFachmagazin\" \/>\n<meta property=\"article:published_time\" content=\"2016-12-03T15:49:31+00:00\" \/>\n<meta property=\"og:image\" content=\"https:\/\/www.organisator.ch\/wp-content\/uploads\/2016\/12\/Erffiziente-LED-Strassenbeleuchtung-effeSTRADA-wird-verlaengert-umweltperspektiven-scaled.jpg\" \/>\n\t<meta property=\"og:image:width\" content=\"2560\" \/>\n\t<meta property=\"og:image:height\" content=\"1784\" \/>\n\t<meta property=\"og:image:type\" content=\"image\/jpeg\" \/>\n<meta name=\"author\" content=\"admin\" \/>\n<meta name=\"twitter:card\" content=\"summary_large_image\" \/>\n<script type=\"application\/ld+json\" class=\"yoast-schema-graph\">{\"@context\":\"https:\\\/\\\/schema.org\",\"@graph\":[{\"@type\":\"Article\",\"@id\":\"https:\\\/\\\/www.organisator.ch\\\/de\\\/allgemein\\\/2016-12-03\\\/erffiziente-led-strassenbeleuchtung-effestrada-wird-verlaengert\\\/#article\",\"isPartOf\":{\"@id\":\"https:\\\/\\\/www.organisator.ch\\\/de\\\/allgemein\\\/2016-12-03\\\/erffiziente-led-strassenbeleuchtung-effestrada-wird-verlaengert\\\/\"},\"author\":{\"name\":\"admin\",\"@id\":\"https:\\\/\\\/www.organisator.ch\\\/#\\\/schema\\\/person\\\/aa2bace6c5c5aad60102004a50c4eb1c\"},\"headline\":\"Erffiziente LED-Strassenbeleuchtung: effeSTRADA+ wird verl\u00e4ngert\",\"datePublished\":\"2016-12-03T15:49:31+00:00\",\"mainEntityOfPage\":{\"@id\":\"https:\\\/\\\/www.organisator.ch\\\/de\\\/allgemein\\\/2016-12-03\\\/erffiziente-led-strassenbeleuchtung-effestrada-wird-verlaengert\\\/\"},\"wordCount\":364,\"commentCount\":0,\"publisher\":{\"@id\":\"https:\\\/\\\/www.organisator.ch\\\/#organization\"},\"image\":{\"@id\":\"https:\\\/\\\/www.organisator.ch\\\/de\\\/allgemein\\\/2016-12-03\\\/erffiziente-led-strassenbeleuchtung-effestrada-wird-verlaengert\\\/#primaryimage\"},\"thumbnailUrl\":\"https:\\\/\\\/www.organisator.ch\\\/wp-content\\\/uploads\\\/2016\\\/12\\\/Erffiziente-LED-Strassenbeleuchtung-effeSTRADA-wird-verlaengert-umweltperspektiven-scaled.jpg\",\"keywords\":[\"Beleuchtung\",\"effestrada+\",\"F\u00f6derprogramm\"],\"inLanguage\":\"de\"},{\"@type\":\"WebPage\",\"@id\":\"https:\\\/\\\/www.organisator.ch\\\/de\\\/allgemein\\\/2016-12-03\\\/erffiziente-led-strassenbeleuchtung-effestrada-wird-verlaengert\\\/\",\"url\":\"https:\\\/\\\/www.organisator.ch\\\/de\\\/allgemein\\\/2016-12-03\\\/erffiziente-led-strassenbeleuchtung-effestrada-wird-verlaengert\\\/\",\"name\":\"Erffiziente LED-Strassenbeleuchtung: effeSTRADA+ wird verl\u00e4ngert - Organisator\",\"isPartOf\":{\"@id\":\"https:\\\/\\\/www.organisator.ch\\\/#website\"},\"primaryImageOfPage\":{\"@id\":\"https:\\\/\\\/www.organisator.ch\\\/de\\\/allgemein\\\/2016-12-03\\\/erffiziente-led-strassenbeleuchtung-effestrada-wird-verlaengert\\\/#primaryimage\"},\"image\":{\"@id\":\"https:\\\/\\\/www.organisator.ch\\\/de\\\/allgemein\\\/2016-12-03\\\/erffiziente-led-strassenbeleuchtung-effestrada-wird-verlaengert\\\/#primaryimage\"},\"thumbnailUrl\":\"https:\\\/\\\/www.organisator.ch\\\/wp-content\\\/uploads\\\/2016\\\/12\\\/Erffiziente-LED-Strassenbeleuchtung-effeSTRADA-wird-verlaengert-umweltperspektiven-scaled.jpg\",\"datePublished\":\"2016-12-03T15:49:31+00:00\",\"description\":\"Nach der erfolgreichen ersten Phase wird das F\u00f6rderprogramm f\u00fcr nachhaltige Beleuchtung effeSTRADA+ ab 16. Januar 2017 fortgesetzt.\",\"breadcrumb\":{\"@id\":\"https:\\\/\\\/www.organisator.ch\\\/de\\\/allgemein\\\/2016-12-03\\\/erffiziente-led-strassenbeleuchtung-effestrada-wird-verlaengert\\\/#breadcrumb\"},\"inLanguage\":\"de\",\"potentialAction\":[{\"@type\":\"ReadAction\",\"target\":[\"https:\\\/\\\/www.organisator.ch\\\/de\\\/allgemein\\\/2016-12-03\\\/erffiziente-led-strassenbeleuchtung-effestrada-wird-verlaengert\\\/\"]}]},{\"@type\":\"ImageObject\",\"inLanguage\":\"de\",\"@id\":\"https:\\\/\\\/www.organisator.ch\\\/de\\\/allgemein\\\/2016-12-03\\\/erffiziente-led-strassenbeleuchtung-effestrada-wird-verlaengert\\\/#primaryimage\",\"url\":\"https:\\\/\\\/www.organisator.ch\\\/wp-content\\\/uploads\\\/2016\\\/12\\\/Erffiziente-LED-Strassenbeleuchtung-effeSTRADA-wird-verlaengert-umweltperspektiven-scaled.jpg\",\"contentUrl\":\"https:\\\/\\\/www.organisator.ch\\\/wp-content\\\/uploads\\\/2016\\\/12\\\/Erffiziente-LED-Strassenbeleuchtung-effeSTRADA-wird-verlaengert-umweltperspektiven-scaled.jpg\",\"width\":2560,\"height\":1784,\"caption\":\"effeSTRADA will energieeffiziente Beleuchtungen im \u00f6ffentlichen Raum f\u00f6rdern.\"},{\"@type\":\"BreadcrumbList\",\"@id\":\"https:\\\/\\\/www.organisator.ch\\\/de\\\/allgemein\\\/2016-12-03\\\/erffiziente-led-strassenbeleuchtung-effestrada-wird-verlaengert\\\/#breadcrumb\",\"itemListElement\":[{\"@type\":\"ListItem\",\"position\":1,\"name\":\"Home\",\"item\":\"https:\\\/\\\/www.organisator.ch\\\/\"},{\"@type\":\"ListItem\",\"position\":2,\"name\":\"Erffiziente LED-Strassenbeleuchtung: effeSTRADA+ wird verl\u00e4ngert\"}]},{\"@type\":\"WebSite\",\"@id\":\"https:\\\/\\\/www.organisator.ch\\\/#website\",\"url\":\"https:\\\/\\\/www.organisator.ch\\\/\",\"name\":\"Organisator\",\"description\":\"Kompetent. Praxisnah. Der ORGANISATOR bereitet in 10 Ausgaben pro Jahr die wesentlichen Themen f\u00fcr F\u00fchrungskr\u00e4fte von KMU auf.\",\"publisher\":{\"@id\":\"https:\\\/\\\/www.organisator.ch\\\/#organization\"},\"potentialAction\":[{\"@type\":\"SearchAction\",\"target\":{\"@type\":\"EntryPoint\",\"urlTemplate\":\"https:\\\/\\\/www.organisator.ch\\\/?s={search_term_string}\"},\"query-input\":{\"@type\":\"PropertyValueSpecification\",\"valueRequired\":true,\"valueName\":\"search_term_string\"}}],\"inLanguage\":\"de\"},{\"@type\":\"Organization\",\"@id\":\"https:\\\/\\\/www.organisator.ch\\\/#organization\",\"name\":\"Organisator\",\"url\":\"https:\\\/\\\/www.organisator.ch\\\/\",\"logo\":{\"@type\":\"ImageObject\",\"inLanguage\":\"de\",\"@id\":\"https:\\\/\\\/www.organisator.ch\\\/#\\\/schema\\\/logo\\\/image\\\/\",\"url\":\"https:\\\/\\\/www.organisator.ch\\\/wp-content\\\/uploads\\\/2022\\\/01\\\/Logo_Organisator_Website.png\",\"contentUrl\":\"https:\\\/\\\/www.organisator.ch\\\/wp-content\\\/uploads\\\/2022\\\/01\\\/Logo_Organisator_Website.png\",\"width\":800,\"height\":77,\"caption\":\"Organisator\"},\"image\":{\"@id\":\"https:\\\/\\\/www.organisator.ch\\\/#\\\/schema\\\/logo\\\/image\\\/\"},\"sameAs\":[\"https:\\\/\\\/www.facebook.com\\\/OrganisatorFachmagazin\",\"https:\\\/\\\/www.linkedin.com\\\/showcase\\\/organisator-das-magazin-fr-kmu\",\"https:\\\/\\\/www.xing.com\\\/news\\\/pages\\\/organisator-ch-695\",\"https:\\\/\\\/www.youtube.com\\\/channel\\\/UCGP2Sq0iWaZwT3BdIAQFYpw\"]},{\"@type\":\"Person\",\"@id\":\"https:\\\/\\\/www.organisator.ch\\\/#\\\/schema\\\/person\\\/aa2bace6c5c5aad60102004a50c4eb1c\",\"name\":\"admin\",\"image\":{\"@type\":\"ImageObject\",\"inLanguage\":\"de\",\"@id\":\"https:\\\/\\\/secure.gravatar.com\\\/avatar\\\/ae2f4d718e6c49043e314ce431e7e645d646302a24a5ef5a8bc8e3f5a032e319?s=96&d=mm&r=g\",\"url\":\"https:\\\/\\\/secure.gravatar.com\\\/avatar\\\/ae2f4d718e6c49043e314ce431e7e645d646302a24a5ef5a8bc8e3f5a032e319?s=96&d=mm&r=g\",\"contentUrl\":\"https:\\\/\\\/secure.gravatar.com\\\/avatar\\\/ae2f4d718e6c49043e314ce431e7e645d646302a24a5ef5a8bc8e3f5a032e319?s=96&d=mm&r=g\",\"caption\":\"admin\"},\"sameAs\":[\"https:\\\/\\\/www.organisator.ch\"],\"url\":\"https:\\\/\\\/www.organisator.ch\\\/de\\\/author\\\/admin\\\/\"}]}<\/script>\n<!-- \/ Yoast SEO plugin. -->","yoast_head_json":{"title":"Erffiziente LED-Strassenbeleuchtung: effeSTRADA+ wird verl\u00e4ngert - Organisator","description":"Nach der erfolgreichen ersten Phase wird das F\u00f6rderprogramm f\u00fcr nachhaltige Beleuchtung effeSTRADA+ ab 16. Januar 2017 fortgesetzt.","robots":{"index":"index","follow":"follow","max-snippet":"max-snippet:-1","max-image-preview":"max-image-preview:large","max-video-preview":"max-video-preview:-1"},"canonical":"https:\/\/www.organisator.ch\/de\/allgemein\/2016-12-03\/erffiziente-led-strassenbeleuchtung-effestrada-wird-verlaengert\/","og_locale":"de_DE","og_type":"article","og_title":"Erffiziente LED-Strassenbeleuchtung: effeSTRADA+ wird verl\u00e4ngert - Organisator","og_description":"Nach der erfolgreichen ersten Phase wird das F\u00f6rderprogramm f\u00fcr nachhaltige Beleuchtung effeSTRADA+ ab 16. Januar 2017 fortgesetzt.","og_url":"https:\/\/www.organisator.ch\/de\/allgemein\/2016-12-03\/erffiziente-led-strassenbeleuchtung-effestrada-wird-verlaengert\/","og_site_name":"Organisator","article_publisher":"https:\/\/www.facebook.com\/OrganisatorFachmagazin","article_published_time":"2016-12-03T15:49:31+00:00","og_image":[{"width":2560,"height":1784,"url":"https:\/\/www.organisator.ch\/wp-content\/uploads\/2016\/12\/Erffiziente-LED-Strassenbeleuchtung-effeSTRADA-wird-verlaengert-umweltperspektiven-scaled.jpg","type":"image\/jpeg"}],"author":"admin","twitter_card":"summary_large_image","schema":{"@context":"https:\/\/schema.org","@graph":[{"@type":"Article","@id":"https:\/\/www.organisator.ch\/de\/allgemein\/2016-12-03\/erffiziente-led-strassenbeleuchtung-effestrada-wird-verlaengert\/#article","isPartOf":{"@id":"https:\/\/www.organisator.ch\/de\/allgemein\/2016-12-03\/erffiziente-led-strassenbeleuchtung-effestrada-wird-verlaengert\/"},"author":{"name":"admin","@id":"https:\/\/www.organisator.ch\/#\/schema\/person\/aa2bace6c5c5aad60102004a50c4eb1c"},"headline":"Erffiziente LED-Strassenbeleuchtung: effeSTRADA+ wird verl\u00e4ngert","datePublished":"2016-12-03T15:49:31+00:00","mainEntityOfPage":{"@id":"https:\/\/www.organisator.ch\/de\/allgemein\/2016-12-03\/erffiziente-led-strassenbeleuchtung-effestrada-wird-verlaengert\/"},"wordCount":364,"commentCount":0,"publisher":{"@id":"https:\/\/www.organisator.ch\/#organization"},"image":{"@id":"https:\/\/www.organisator.ch\/de\/allgemein\/2016-12-03\/erffiziente-led-strassenbeleuchtung-effestrada-wird-verlaengert\/#primaryimage"},"thumbnailUrl":"https:\/\/www.organisator.ch\/wp-content\/uploads\/2016\/12\/Erffiziente-LED-Strassenbeleuchtung-effeSTRADA-wird-verlaengert-umweltperspektiven-scaled.jpg","keywords":["Beleuchtung","effestrada+","F\u00f6derprogramm"],"inLanguage":"de"},{"@type":"WebPage","@id":"https:\/\/www.organisator.ch\/de\/allgemein\/2016-12-03\/erffiziente-led-strassenbeleuchtung-effestrada-wird-verlaengert\/","url":"https:\/\/www.organisator.ch\/de\/allgemein\/2016-12-03\/erffiziente-led-strassenbeleuchtung-effestrada-wird-verlaengert\/","name":"Erffiziente LED-Strassenbeleuchtung: effeSTRADA+ wird verl\u00e4ngert - Organisator","isPartOf":{"@id":"https:\/\/www.organisator.ch\/#website"},"primaryImageOfPage":{"@id":"https:\/\/www.organisator.ch\/de\/allgemein\/2016-12-03\/erffiziente-led-strassenbeleuchtung-effestrada-wird-verlaengert\/#primaryimage"},"image":{"@id":"https:\/\/www.organisator.ch\/de\/allgemein\/2016-12-03\/erffiziente-led-strassenbeleuchtung-effestrada-wird-verlaengert\/#primaryimage"},"thumbnailUrl":"https:\/\/www.organisator.ch\/wp-content\/uploads\/2016\/12\/Erffiziente-LED-Strassenbeleuchtung-effeSTRADA-wird-verlaengert-umweltperspektiven-scaled.jpg","datePublished":"2016-12-03T15:49:31+00:00","description":"Nach der erfolgreichen ersten Phase wird das F\u00f6rderprogramm f\u00fcr nachhaltige Beleuchtung effeSTRADA+ ab 16. Januar 2017 fortgesetzt.","breadcrumb":{"@id":"https:\/\/www.organisator.ch\/de\/allgemein\/2016-12-03\/erffiziente-led-strassenbeleuchtung-effestrada-wird-verlaengert\/#breadcrumb"},"inLanguage":"de","potentialAction":[{"@type":"ReadAction","target":["https:\/\/www.organisator.ch\/de\/allgemein\/2016-12-03\/erffiziente-led-strassenbeleuchtung-effestrada-wird-verlaengert\/"]}]},{"@type":"ImageObject","inLanguage":"de","@id":"https:\/\/www.organisator.ch\/de\/allgemein\/2016-12-03\/erffiziente-led-strassenbeleuchtung-effestrada-wird-verlaengert\/#primaryimage","url":"https:\/\/www.organisator.ch\/wp-content\/uploads\/2016\/12\/Erffiziente-LED-Strassenbeleuchtung-effeSTRADA-wird-verlaengert-umweltperspektiven-scaled.jpg","contentUrl":"https:\/\/www.organisator.ch\/wp-content\/uploads\/2016\/12\/Erffiziente-LED-Strassenbeleuchtung-effeSTRADA-wird-verlaengert-umweltperspektiven-scaled.jpg","width":2560,"height":1784,"caption":"effeSTRADA will energieeffiziente Beleuchtungen im \u00f6ffentlichen Raum f\u00f6rdern."},{"@type":"BreadcrumbList","@id":"https:\/\/www.organisator.ch\/de\/allgemein\/2016-12-03\/erffiziente-led-strassenbeleuchtung-effestrada-wird-verlaengert\/#breadcrumb","itemListElement":[{"@type":"ListItem","position":1,"name":"Home","item":"https:\/\/www.organisator.ch\/"},{"@type":"ListItem","position":2,"name":"Erffiziente LED-Strassenbeleuchtung: effeSTRADA+ wird verl\u00e4ngert"}]},{"@type":"WebSite","@id":"https:\/\/www.organisator.ch\/#website","url":"https:\/\/www.organisator.ch\/","name":"Organisator","description":"Kompetent. Praxisnah. Der ORGANISATOR bereitet in 10 Ausgaben pro Jahr die wesentlichen Themen f\u00fcr F\u00fchrungskr\u00e4fte von KMU auf.","publisher":{"@id":"https:\/\/www.organisator.ch\/#organization"},"potentialAction":[{"@type":"SearchAction","target":{"@type":"EntryPoint","urlTemplate":"https:\/\/www.organisator.ch\/?s={search_term_string}"},"query-input":{"@type":"PropertyValueSpecification","valueRequired":true,"valueName":"search_term_string"}}],"inLanguage":"de"},{"@type":"Organization","@id":"https:\/\/www.organisator.ch\/#organization","name":"Organisator","url":"https:\/\/www.organisator.ch\/","logo":{"@type":"ImageObject","inLanguage":"de","@id":"https:\/\/www.organisator.ch\/#\/schema\/logo\/image\/","url":"https:\/\/www.organisator.ch\/wp-content\/uploads\/2022\/01\/Logo_Organisator_Website.png","contentUrl":"https:\/\/www.organisator.ch\/wp-content\/uploads\/2022\/01\/Logo_Organisator_Website.png","width":800,"height":77,"caption":"Organisator"},"image":{"@id":"https:\/\/www.organisator.ch\/#\/schema\/logo\/image\/"},"sameAs":["https:\/\/www.facebook.com\/OrganisatorFachmagazin","https:\/\/www.linkedin.com\/showcase\/organisator-das-magazin-fr-kmu","https:\/\/www.xing.com\/news\/pages\/organisator-ch-695","https:\/\/www.youtube.com\/channel\/UCGP2Sq0iWaZwT3BdIAQFYpw"]},{"@type":"Person","@id":"https:\/\/www.organisator.ch\/#\/schema\/person\/aa2bace6c5c5aad60102004a50c4eb1c","name":"admin","image":{"@type":"ImageObject","inLanguage":"de","@id":"https:\/\/secure.gravatar.com\/avatar\/ae2f4d718e6c49043e314ce431e7e645d646302a24a5ef5a8bc8e3f5a032e319?s=96&d=mm&r=g","url":"https:\/\/secure.gravatar.com\/avatar\/ae2f4d718e6c49043e314ce431e7e645d646302a24a5ef5a8bc8e3f5a032e319?s=96&d=mm&r=g","contentUrl":"https:\/\/secure.gravatar.com\/avatar\/ae2f4d718e6c49043e314ce431e7e645d646302a24a5ef5a8bc8e3f5a032e319?s=96&d=mm&r=g","caption":"admin"},"sameAs":["https:\/\/www.organisator.ch"],"url":"https:\/\/www.organisator.ch\/de\/author\/admin\/"}]}},"_links":{"self":[{"href":"https:\/\/www.organisator.ch\/de\/wp-json\/wp\/v2\/posts\/9981","targetHints":{"allow":["GET"]}}],"collection":[{"href":"https:\/\/www.organisator.ch\/de\/wp-json\/wp\/v2\/posts"}],"about":[{"href":"https:\/\/www.organisator.ch\/de\/wp-json\/wp\/v2\/types\/post"}],"author":[{"embeddable":true,"href":"https:\/\/www.organisator.ch\/de\/wp-json\/wp\/v2\/users\/1"}],"replies":[{"embeddable":true,"href":"https:\/\/www.organisator.ch\/de\/wp-json\/wp\/v2\/comments?post=9981"}],"version-history":[{"count":0,"href":"https:\/\/www.organisator.ch\/de\/wp-json\/wp\/v2\/posts\/9981\/revisions"}],"wp:featuredmedia":[{"embeddable":true,"href":"https:\/\/www.organisator.ch\/de\/wp-json\/wp\/v2\/media\/9436"}],"wp:attachment":[{"href":"https:\/\/www.organisator.ch\/de\/wp-json\/wp\/v2\/media?parent=9981"}],"wp:term":[{"taxonomy":"category","embeddable":true,"href":"https:\/\/www.organisator.ch\/de\/wp-json\/wp\/v2\/categories?post=9981"},{"taxonomy":"post_tag","embeddable":true,"href":"https:\/\/www.organisator.ch\/de\/wp-json\/wp\/v2\/tags?post=9981"}],"curies":[{"name":"wp","href":"https:\/\/api.w.org\/{rel}","templated":true}]}}