{"id":9983,"date":"2016-12-06T16:52:15","date_gmt":"2016-12-06T15:52:15","guid":{"rendered":"https:\/\/dev.umweltperspektiven.ch\/?p=610"},"modified":"2022-02-09T11:06:22","modified_gmt":"2022-02-09T10:06:22","slug":"sylvesterlauf-wird-energieneutral","status":"publish","type":"post","link":"https:\/\/www.organisator.ch\/de\/sustainability\/2016-12-06\/sylvesterlauf-wird-energieneutral\/","title":{"rendered":"Silvesterlauf wird energieneutral"},"content":{"rendered":"<figure id=\"attachment_611\" aria-describedby=\"caption-attachment-611\" style=\"width: 680px\" class=\"wp-caption alignnone\"><a href=\"\/\/dev.umweltperspektiven.ch\/wp-content\/uploads\/2016\/12\/Sylvesterlauf-wird-energieneutral-umweltperspektiven.jpg\"><img loading=\"lazy\" decoding=\"async\" class=\"wp-image-611 size-medium\" src=\"\/\/www.umweltperspektiven.ch\/wp-content\/uploads\/2016\/12\/Sylvesterlauf-wird-energieneutral-umweltperspektiven.jpg\" alt=\"Der Silvesterlauf wird 2016 Energieneutral. Photo: alphafoto.com \/ Felix Brunner\" width=\"680\" height=\"453\" \/><\/a><figcaption id=\"caption-attachment-611\" class=\"wp-caption-text\">Der Silvesterlauf wird 2016 Energieneutral. Photo: alphafoto.com \/ Felix Brunner<\/figcaption><\/figure>\n<p>Als erster Sportanlass in der Schweiz wird der Z\u00fcrcher Silvesterlauf am 11. Dezember 2016 energieneutral durchgef\u00fchrt. Erm\u00f6glicht wird dies durch EWZ und weiteren Unternehmen, die daf\u00fcr sorgen, dass genauso viel Energie eingespart wird, wie der Silvesterlauf als Veranstaltung verbraucht.<\/p>\n<p><strong>Energie sparen statt CO2 kompensieren<\/strong><\/p>\n<p>Das Konzept der Energieneutralit\u00e4t wurde von EWZ entwickelt. Anders als bei herk\u00f6mmlichen Modellen geht es nicht darum, den CO2-Ausstoss durch Zertifikate mittels Geld zu kompensieren, sondern es wird tats\u00e4chlich so viel Energie eingespart, wie der Z\u00fcrcher Silvesterlauf insgesamt verbraucht: zum Beispeil die\u00a0Mobilit\u00e4t der Teilnehmerinnen und Teilnehmer, Catering, Beleuchtung und\u00a0Infrastruktur.<\/p>\n<p>Funktionieren tut dies folgendermassen: Einerseits soll der Energieverbrauch des Z\u00fcrcher Silvesterlaufs so weit wie m\u00f6glich mit eigenen Energiesparmassnahmen verringert werden. Andererseits hat EWZ als Energiepartner mit anderen Unternehmen Effizienzmassnahmen, d.h. sogenannte verbindliche Zielvereinbarungen f\u00fcr Energieeinsparungen, umgesetzt. Insgesamt wird so der Gesamtenergieverbrauch vom Z\u00fcrcher Silvesterlauf von 324&#8217;600 kWh kompensiert. Dies entspricht dem Jahresenergieverbrauch von rund 100 Haushalten.<\/p>\n","protected":false},"excerpt":{"rendered":"<p>Als erster Sportanlass in der Schweiz wird der Z\u00fcrcher Silvesterlauf am 11. Dezember 2016 energieneutral durchgef\u00fchrt. Erm\u00f6glicht wird dies durch EWZ und weiteren Unternehmen, die daf\u00fcr sorgen, dass genauso viel Energie eingespart wird, wie der Silvesterlauf als Veranstaltung verbraucht. Energie sparen statt CO2 kompensieren Das Konzept der Energieneutralit\u00e4t wurde von EWZ entwickelt. Anders als bei [&hellip;]<\/p>\n","protected":false},"author":1,"featured_media":9438,"comment_status":"open","ping_status":"open","sticky":false,"template":"","format":"standard","meta":{"_acf_changed":false,"_yoast_wpseo_focuskw":"Silvesterlauf","_yoast_wpseo_metadesc":"Als erster Sportanlass in der Schweiz wird der Z\u00fcrcher Silvesterlauf am 11. Dezember 2016 energieneutral durchgef\u00fchrt.","articlekey":"","footnotes":""},"categories":[580],"tags":[584,1075,1142,2275],"class_list":["post-9983","post","type-post","status-publish","format-standard","has-post-thumbnail","hentry","category-sustainability","tag-energie","tag-energieneutral","tag-ewz","tag-sylvesterlauf"],"acf":[],"yoast_head":"<!-- This site is optimized with the Yoast SEO plugin v27.4 - https:\/\/yoast.com\/product\/yoast-seo-wordpress\/ -->\n<title>Silvesterlauf wird energieneutral - Organisator<\/title>\n<meta name=\"description\" content=\"Als erster Sportanlass in der Schweiz wird der Z\u00fcrcher Silvesterlauf am 11. Dezember 2016 energieneutral durchgef\u00fchrt.\" \/>\n<meta name=\"robots\" content=\"index, follow, max-snippet:-1, max-image-preview:large, max-video-preview:-1\" \/>\n<link rel=\"canonical\" href=\"https:\/\/www.organisator.ch\/de\/sustainability\/2016-12-06\/sylvesterlauf-wird-energieneutral\/\" \/>\n<meta property=\"og:locale\" content=\"de_DE\" \/>\n<meta property=\"og:type\" content=\"article\" \/>\n<meta property=\"og:title\" content=\"Silvesterlauf wird energieneutral - Organisator\" \/>\n<meta property=\"og:description\" content=\"Als erster Sportanlass in der Schweiz wird der Z\u00fcrcher Silvesterlauf am 11. Dezember 2016 energieneutral durchgef\u00fchrt.\" \/>\n<meta property=\"og:url\" content=\"https:\/\/www.organisator.ch\/de\/sustainability\/2016-12-06\/sylvesterlauf-wird-energieneutral\/\" \/>\n<meta property=\"og:site_name\" content=\"Organisator\" \/>\n<meta property=\"article:publisher\" content=\"https:\/\/www.facebook.com\/OrganisatorFachmagazin\" \/>\n<meta property=\"article:published_time\" content=\"2016-12-06T15:52:15+00:00\" \/>\n<meta property=\"article:modified_time\" content=\"2022-02-09T10:06:22+00:00\" \/>\n<meta property=\"og:image\" content=\"https:\/\/www.organisator.ch\/wp-content\/uploads\/2016\/12\/Sylvesterlauf-wird-energieneutral-umweltperspektiven.jpg\" \/>\n\t<meta property=\"og:image:width\" content=\"2048\" \/>\n\t<meta property=\"og:image:height\" content=\"1363\" \/>\n\t<meta property=\"og:image:type\" content=\"image\/jpeg\" \/>\n<meta name=\"author\" content=\"admin\" \/>\n<meta name=\"twitter:card\" content=\"summary_large_image\" \/>\n<script type=\"application\/ld+json\" class=\"yoast-schema-graph\">{\"@context\":\"https:\\\/\\\/schema.org\",\"@graph\":[{\"@type\":\"Article\",\"@id\":\"https:\\\/\\\/www.organisator.ch\\\/sustainability\\\/2016-12-06\\\/sylvesterlauf-wird-energieneutral\\\/#article\",\"isPartOf\":{\"@id\":\"https:\\\/\\\/www.organisator.ch\\\/sustainability\\\/2016-12-06\\\/sylvesterlauf-wird-energieneutral\\\/\"},\"author\":{\"name\":\"admin\",\"@id\":\"https:\\\/\\\/www.organisator.ch\\\/#\\\/schema\\\/person\\\/aa2bace6c5c5aad60102004a50c4eb1c\"},\"headline\":\"Silvesterlauf wird energieneutral\",\"datePublished\":\"2016-12-06T15:52:15+00:00\",\"dateModified\":\"2022-02-09T10:06:22+00:00\",\"mainEntityOfPage\":{\"@id\":\"https:\\\/\\\/www.organisator.ch\\\/sustainability\\\/2016-12-06\\\/sylvesterlauf-wird-energieneutral\\\/\"},\"wordCount\":181,\"commentCount\":0,\"publisher\":{\"@id\":\"https:\\\/\\\/www.organisator.ch\\\/#organization\"},\"image\":{\"@id\":\"https:\\\/\\\/www.organisator.ch\\\/sustainability\\\/2016-12-06\\\/sylvesterlauf-wird-energieneutral\\\/#primaryimage\"},\"thumbnailUrl\":\"https:\\\/\\\/www.organisator.ch\\\/wp-content\\\/uploads\\\/2016\\\/12\\\/Sylvesterlauf-wird-energieneutral-umweltperspektiven.jpg\",\"keywords\":[\"ENERGIE\",\"energieneutral\",\"EWZ\",\"Sylvesterlauf\"],\"articleSection\":[\"SUSTAINABILITY\"],\"inLanguage\":\"de\"},{\"@type\":\"WebPage\",\"@id\":\"https:\\\/\\\/www.organisator.ch\\\/sustainability\\\/2016-12-06\\\/sylvesterlauf-wird-energieneutral\\\/\",\"url\":\"https:\\\/\\\/www.organisator.ch\\\/sustainability\\\/2016-12-06\\\/sylvesterlauf-wird-energieneutral\\\/\",\"name\":\"Silvesterlauf wird energieneutral - Organisator\",\"isPartOf\":{\"@id\":\"https:\\\/\\\/www.organisator.ch\\\/#website\"},\"primaryImageOfPage\":{\"@id\":\"https:\\\/\\\/www.organisator.ch\\\/sustainability\\\/2016-12-06\\\/sylvesterlauf-wird-energieneutral\\\/#primaryimage\"},\"image\":{\"@id\":\"https:\\\/\\\/www.organisator.ch\\\/sustainability\\\/2016-12-06\\\/sylvesterlauf-wird-energieneutral\\\/#primaryimage\"},\"thumbnailUrl\":\"https:\\\/\\\/www.organisator.ch\\\/wp-content\\\/uploads\\\/2016\\\/12\\\/Sylvesterlauf-wird-energieneutral-umweltperspektiven.jpg\",\"datePublished\":\"2016-12-06T15:52:15+00:00\",\"dateModified\":\"2022-02-09T10:06:22+00:00\",\"description\":\"Als erster Sportanlass in der Schweiz wird der Z\u00fcrcher Silvesterlauf am 11. Dezember 2016 energieneutral durchgef\u00fchrt.\",\"breadcrumb\":{\"@id\":\"https:\\\/\\\/www.organisator.ch\\\/sustainability\\\/2016-12-06\\\/sylvesterlauf-wird-energieneutral\\\/#breadcrumb\"},\"inLanguage\":\"de\",\"potentialAction\":[{\"@type\":\"ReadAction\",\"target\":[\"https:\\\/\\\/www.organisator.ch\\\/sustainability\\\/2016-12-06\\\/sylvesterlauf-wird-energieneutral\\\/\"]}]},{\"@type\":\"ImageObject\",\"inLanguage\":\"de\",\"@id\":\"https:\\\/\\\/www.organisator.ch\\\/sustainability\\\/2016-12-06\\\/sylvesterlauf-wird-energieneutral\\\/#primaryimage\",\"url\":\"https:\\\/\\\/www.organisator.ch\\\/wp-content\\\/uploads\\\/2016\\\/12\\\/Sylvesterlauf-wird-energieneutral-umweltperspektiven.jpg\",\"contentUrl\":\"https:\\\/\\\/www.organisator.ch\\\/wp-content\\\/uploads\\\/2016\\\/12\\\/Sylvesterlauf-wird-energieneutral-umweltperspektiven.jpg\",\"width\":2048,\"height\":1363,\"caption\":\"Der Silvesterlauf wird 2016 Energieneutral. Photo: alphafoto.com \\\/ Felix Brunner\"},{\"@type\":\"BreadcrumbList\",\"@id\":\"https:\\\/\\\/www.organisator.ch\\\/sustainability\\\/2016-12-06\\\/sylvesterlauf-wird-energieneutral\\\/#breadcrumb\",\"itemListElement\":[{\"@type\":\"ListItem\",\"position\":1,\"name\":\"Home\",\"item\":\"https:\\\/\\\/www.organisator.ch\\\/\"},{\"@type\":\"ListItem\",\"position\":2,\"name\":\"Silvesterlauf wird energieneutral\"}]},{\"@type\":\"WebSite\",\"@id\":\"https:\\\/\\\/www.organisator.ch\\\/#website\",\"url\":\"https:\\\/\\\/www.organisator.ch\\\/\",\"name\":\"Organisator\",\"description\":\"Kompetent. Praxisnah. Der ORGANISATOR bereitet in 10 Ausgaben pro Jahr die wesentlichen Themen f\u00fcr F\u00fchrungskr\u00e4fte von KMU auf.\",\"publisher\":{\"@id\":\"https:\\\/\\\/www.organisator.ch\\\/#organization\"},\"potentialAction\":[{\"@type\":\"SearchAction\",\"target\":{\"@type\":\"EntryPoint\",\"urlTemplate\":\"https:\\\/\\\/www.organisator.ch\\\/?s={search_term_string}\"},\"query-input\":{\"@type\":\"PropertyValueSpecification\",\"valueRequired\":true,\"valueName\":\"search_term_string\"}}],\"inLanguage\":\"de\"},{\"@type\":\"Organization\",\"@id\":\"https:\\\/\\\/www.organisator.ch\\\/#organization\",\"name\":\"Organisator\",\"url\":\"https:\\\/\\\/www.organisator.ch\\\/\",\"logo\":{\"@type\":\"ImageObject\",\"inLanguage\":\"de\",\"@id\":\"https:\\\/\\\/www.organisator.ch\\\/#\\\/schema\\\/logo\\\/image\\\/\",\"url\":\"https:\\\/\\\/www.organisator.ch\\\/wp-content\\\/uploads\\\/2022\\\/01\\\/Logo_Organisator_Website.png\",\"contentUrl\":\"https:\\\/\\\/www.organisator.ch\\\/wp-content\\\/uploads\\\/2022\\\/01\\\/Logo_Organisator_Website.png\",\"width\":800,\"height\":77,\"caption\":\"Organisator\"},\"image\":{\"@id\":\"https:\\\/\\\/www.organisator.ch\\\/#\\\/schema\\\/logo\\\/image\\\/\"},\"sameAs\":[\"https:\\\/\\\/www.facebook.com\\\/OrganisatorFachmagazin\",\"https:\\\/\\\/www.linkedin.com\\\/showcase\\\/organisator-das-magazin-fr-kmu\",\"https:\\\/\\\/www.xing.com\\\/news\\\/pages\\\/organisator-ch-695\",\"https:\\\/\\\/www.youtube.com\\\/channel\\\/UCGP2Sq0iWaZwT3BdIAQFYpw\"]},{\"@type\":\"Person\",\"@id\":\"https:\\\/\\\/www.organisator.ch\\\/#\\\/schema\\\/person\\\/aa2bace6c5c5aad60102004a50c4eb1c\",\"name\":\"admin\",\"image\":{\"@type\":\"ImageObject\",\"inLanguage\":\"de\",\"@id\":\"https:\\\/\\\/secure.gravatar.com\\\/avatar\\\/ae2f4d718e6c49043e314ce431e7e645d646302a24a5ef5a8bc8e3f5a032e319?s=96&d=mm&r=g\",\"url\":\"https:\\\/\\\/secure.gravatar.com\\\/avatar\\\/ae2f4d718e6c49043e314ce431e7e645d646302a24a5ef5a8bc8e3f5a032e319?s=96&d=mm&r=g\",\"contentUrl\":\"https:\\\/\\\/secure.gravatar.com\\\/avatar\\\/ae2f4d718e6c49043e314ce431e7e645d646302a24a5ef5a8bc8e3f5a032e319?s=96&d=mm&r=g\",\"caption\":\"admin\"},\"sameAs\":[\"https:\\\/\\\/www.organisator.ch\"],\"url\":\"https:\\\/\\\/www.organisator.ch\\\/de\\\/author\\\/admin\\\/\"}]}<\/script>\n<!-- \/ Yoast SEO plugin. -->","yoast_head_json":{"title":"Silvesterlauf wird energieneutral - Organisator","description":"Als erster Sportanlass in der Schweiz wird der Z\u00fcrcher Silvesterlauf am 11. Dezember 2016 energieneutral durchgef\u00fchrt.","robots":{"index":"index","follow":"follow","max-snippet":"max-snippet:-1","max-image-preview":"max-image-preview:large","max-video-preview":"max-video-preview:-1"},"canonical":"https:\/\/www.organisator.ch\/de\/sustainability\/2016-12-06\/sylvesterlauf-wird-energieneutral\/","og_locale":"de_DE","og_type":"article","og_title":"Silvesterlauf wird energieneutral - Organisator","og_description":"Als erster Sportanlass in der Schweiz wird der Z\u00fcrcher Silvesterlauf am 11. Dezember 2016 energieneutral durchgef\u00fchrt.","og_url":"https:\/\/www.organisator.ch\/de\/sustainability\/2016-12-06\/sylvesterlauf-wird-energieneutral\/","og_site_name":"Organisator","article_publisher":"https:\/\/www.facebook.com\/OrganisatorFachmagazin","article_published_time":"2016-12-06T15:52:15+00:00","article_modified_time":"2022-02-09T10:06:22+00:00","og_image":[{"width":2048,"height":1363,"url":"https:\/\/www.organisator.ch\/wp-content\/uploads\/2016\/12\/Sylvesterlauf-wird-energieneutral-umweltperspektiven.jpg","type":"image\/jpeg"}],"author":"admin","twitter_card":"summary_large_image","schema":{"@context":"https:\/\/schema.org","@graph":[{"@type":"Article","@id":"https:\/\/www.organisator.ch\/sustainability\/2016-12-06\/sylvesterlauf-wird-energieneutral\/#article","isPartOf":{"@id":"https:\/\/www.organisator.ch\/sustainability\/2016-12-06\/sylvesterlauf-wird-energieneutral\/"},"author":{"name":"admin","@id":"https:\/\/www.organisator.ch\/#\/schema\/person\/aa2bace6c5c5aad60102004a50c4eb1c"},"headline":"Silvesterlauf wird energieneutral","datePublished":"2016-12-06T15:52:15+00:00","dateModified":"2022-02-09T10:06:22+00:00","mainEntityOfPage":{"@id":"https:\/\/www.organisator.ch\/sustainability\/2016-12-06\/sylvesterlauf-wird-energieneutral\/"},"wordCount":181,"commentCount":0,"publisher":{"@id":"https:\/\/www.organisator.ch\/#organization"},"image":{"@id":"https:\/\/www.organisator.ch\/sustainability\/2016-12-06\/sylvesterlauf-wird-energieneutral\/#primaryimage"},"thumbnailUrl":"https:\/\/www.organisator.ch\/wp-content\/uploads\/2016\/12\/Sylvesterlauf-wird-energieneutral-umweltperspektiven.jpg","keywords":["ENERGIE","energieneutral","EWZ","Sylvesterlauf"],"articleSection":["SUSTAINABILITY"],"inLanguage":"de"},{"@type":"WebPage","@id":"https:\/\/www.organisator.ch\/sustainability\/2016-12-06\/sylvesterlauf-wird-energieneutral\/","url":"https:\/\/www.organisator.ch\/sustainability\/2016-12-06\/sylvesterlauf-wird-energieneutral\/","name":"Silvesterlauf wird energieneutral - Organisator","isPartOf":{"@id":"https:\/\/www.organisator.ch\/#website"},"primaryImageOfPage":{"@id":"https:\/\/www.organisator.ch\/sustainability\/2016-12-06\/sylvesterlauf-wird-energieneutral\/#primaryimage"},"image":{"@id":"https:\/\/www.organisator.ch\/sustainability\/2016-12-06\/sylvesterlauf-wird-energieneutral\/#primaryimage"},"thumbnailUrl":"https:\/\/www.organisator.ch\/wp-content\/uploads\/2016\/12\/Sylvesterlauf-wird-energieneutral-umweltperspektiven.jpg","datePublished":"2016-12-06T15:52:15+00:00","dateModified":"2022-02-09T10:06:22+00:00","description":"Als erster Sportanlass in der Schweiz wird der Z\u00fcrcher Silvesterlauf am 11. Dezember 2016 energieneutral durchgef\u00fchrt.","breadcrumb":{"@id":"https:\/\/www.organisator.ch\/sustainability\/2016-12-06\/sylvesterlauf-wird-energieneutral\/#breadcrumb"},"inLanguage":"de","potentialAction":[{"@type":"ReadAction","target":["https:\/\/www.organisator.ch\/sustainability\/2016-12-06\/sylvesterlauf-wird-energieneutral\/"]}]},{"@type":"ImageObject","inLanguage":"de","@id":"https:\/\/www.organisator.ch\/sustainability\/2016-12-06\/sylvesterlauf-wird-energieneutral\/#primaryimage","url":"https:\/\/www.organisator.ch\/wp-content\/uploads\/2016\/12\/Sylvesterlauf-wird-energieneutral-umweltperspektiven.jpg","contentUrl":"https:\/\/www.organisator.ch\/wp-content\/uploads\/2016\/12\/Sylvesterlauf-wird-energieneutral-umweltperspektiven.jpg","width":2048,"height":1363,"caption":"Der Silvesterlauf wird 2016 Energieneutral. Photo: alphafoto.com \/ Felix Brunner"},{"@type":"BreadcrumbList","@id":"https:\/\/www.organisator.ch\/sustainability\/2016-12-06\/sylvesterlauf-wird-energieneutral\/#breadcrumb","itemListElement":[{"@type":"ListItem","position":1,"name":"Home","item":"https:\/\/www.organisator.ch\/"},{"@type":"ListItem","position":2,"name":"Silvesterlauf wird energieneutral"}]},{"@type":"WebSite","@id":"https:\/\/www.organisator.ch\/#website","url":"https:\/\/www.organisator.ch\/","name":"Organisator","description":"Kompetent. Praxisnah. Der ORGANISATOR bereitet in 10 Ausgaben pro Jahr die wesentlichen Themen f\u00fcr F\u00fchrungskr\u00e4fte von KMU auf.","publisher":{"@id":"https:\/\/www.organisator.ch\/#organization"},"potentialAction":[{"@type":"SearchAction","target":{"@type":"EntryPoint","urlTemplate":"https:\/\/www.organisator.ch\/?s={search_term_string}"},"query-input":{"@type":"PropertyValueSpecification","valueRequired":true,"valueName":"search_term_string"}}],"inLanguage":"de"},{"@type":"Organization","@id":"https:\/\/www.organisator.ch\/#organization","name":"Organisator","url":"https:\/\/www.organisator.ch\/","logo":{"@type":"ImageObject","inLanguage":"de","@id":"https:\/\/www.organisator.ch\/#\/schema\/logo\/image\/","url":"https:\/\/www.organisator.ch\/wp-content\/uploads\/2022\/01\/Logo_Organisator_Website.png","contentUrl":"https:\/\/www.organisator.ch\/wp-content\/uploads\/2022\/01\/Logo_Organisator_Website.png","width":800,"height":77,"caption":"Organisator"},"image":{"@id":"https:\/\/www.organisator.ch\/#\/schema\/logo\/image\/"},"sameAs":["https:\/\/www.facebook.com\/OrganisatorFachmagazin","https:\/\/www.linkedin.com\/showcase\/organisator-das-magazin-fr-kmu","https:\/\/www.xing.com\/news\/pages\/organisator-ch-695","https:\/\/www.youtube.com\/channel\/UCGP2Sq0iWaZwT3BdIAQFYpw"]},{"@type":"Person","@id":"https:\/\/www.organisator.ch\/#\/schema\/person\/aa2bace6c5c5aad60102004a50c4eb1c","name":"admin","image":{"@type":"ImageObject","inLanguage":"de","@id":"https:\/\/secure.gravatar.com\/avatar\/ae2f4d718e6c49043e314ce431e7e645d646302a24a5ef5a8bc8e3f5a032e319?s=96&d=mm&r=g","url":"https:\/\/secure.gravatar.com\/avatar\/ae2f4d718e6c49043e314ce431e7e645d646302a24a5ef5a8bc8e3f5a032e319?s=96&d=mm&r=g","contentUrl":"https:\/\/secure.gravatar.com\/avatar\/ae2f4d718e6c49043e314ce431e7e645d646302a24a5ef5a8bc8e3f5a032e319?s=96&d=mm&r=g","caption":"admin"},"sameAs":["https:\/\/www.organisator.ch"],"url":"https:\/\/www.organisator.ch\/de\/author\/admin\/"}]}},"_links":{"self":[{"href":"https:\/\/www.organisator.ch\/de\/wp-json\/wp\/v2\/posts\/9983","targetHints":{"allow":["GET"]}}],"collection":[{"href":"https:\/\/www.organisator.ch\/de\/wp-json\/wp\/v2\/posts"}],"about":[{"href":"https:\/\/www.organisator.ch\/de\/wp-json\/wp\/v2\/types\/post"}],"author":[{"embeddable":true,"href":"https:\/\/www.organisator.ch\/de\/wp-json\/wp\/v2\/users\/1"}],"replies":[{"embeddable":true,"href":"https:\/\/www.organisator.ch\/de\/wp-json\/wp\/v2\/comments?post=9983"}],"version-history":[{"count":1,"href":"https:\/\/www.organisator.ch\/de\/wp-json\/wp\/v2\/posts\/9983\/revisions"}],"predecessor-version":[{"id":10601,"href":"https:\/\/www.organisator.ch\/de\/wp-json\/wp\/v2\/posts\/9983\/revisions\/10601"}],"wp:featuredmedia":[{"embeddable":true,"href":"https:\/\/www.organisator.ch\/de\/wp-json\/wp\/v2\/media\/9438"}],"wp:attachment":[{"href":"https:\/\/www.organisator.ch\/de\/wp-json\/wp\/v2\/media?parent=9983"}],"wp:term":[{"taxonomy":"category","embeddable":true,"href":"https:\/\/www.organisator.ch\/de\/wp-json\/wp\/v2\/categories?post=9983"},{"taxonomy":"post_tag","embeddable":true,"href":"https:\/\/www.organisator.ch\/de\/wp-json\/wp\/v2\/tags?post=9983"}],"curies":[{"name":"wp","href":"https:\/\/api.w.org\/{rel}","templated":true}]}}