{"id":9991,"date":"2017-02-23T14:40:30","date_gmt":"2017-02-23T13:40:30","guid":{"rendered":"https:\/\/www.umweltperspektiven.ch\/?p=765"},"modified":"2022-02-09T11:10:12","modified_gmt":"2022-02-09T10:10:12","slug":"iso-feiert-70-jubilaeum","status":"publish","type":"post","link":"https:\/\/www.organisator.ch\/de\/sustainability\/2017-02-23\/iso-feiert-70-jubilaeum\/","title":{"rendered":"ISO feiert 70. Jubil\u00e4um"},"content":{"rendered":"<figure id=\"attachment_1468\" aria-describedby=\"caption-attachment-1468\" style=\"width: 680px\" class=\"wp-caption alignnone\"><img loading=\"lazy\" decoding=\"async\" class=\"size-medium wp-image-1468\" src=\"\/\/www.safety-plus.ch\/wp-content\/uploads\/2017\/02\/iso_home-large.jpg\" alt=\"\" width=\"680\" height=\"360\" \/><figcaption id=\"caption-attachment-1468\" class=\"wp-caption-text\">Der ISO-Hauptsitz ist seit dem Gr\u00fcndungsjahr 1947 in Genf. (Bild: ISO)<\/figcaption><\/figure>\n<p>Im Jahr 2017 feiert die ISO ihr 70-j\u00e4hriges Jubil\u00e4um. Die Geschichte der Internationalen Organisation f\u00fcr Standardisierung geht auf das Jahr 1946 zur\u00fcck: Delegierte aus 25 L\u00e4ndern trafen sich, um die Zukunft der Standardisierung zu besprechen. Ein Jahr sp\u00e4ter, am 23. Februar 1947, wurde ISO offiziell gegr\u00fcndet.<\/p>\n<p>In der Nachkriegszeit sahen die Gr\u00fcnder die Internationalen Standards als Schl\u00fcssel des Wiederaufbaus. Im Jahr 1947 war der Zweck der jungen Organisation, die Koordination und die Vereinheitlichung von internationalen Standards voranzutreiben. Bis dahin waren nationale Standards die Norm. Die Gr\u00fcnder \u00f6ffneten die Organisation f\u00fcr jedes Land, das teilnehmen wollte &#8211; und zwar mit gleichen Rechten und gleichen Pflichten f\u00fcr alle.<\/p>\n<p>Diese Prinzipien gelten bis heute. Im Jahr 2017 z\u00e4hlt die ISO 163 Mitglieder. Die Standardisierung ist heute weit fortgeschritten und deckt fast alle Aspekte von Technologie und Wirtschaft ab.<\/p>\n<p>&nbsp;<\/p>\n<figure id=\"attachment_1467\" aria-describedby=\"caption-attachment-1467\" style=\"width: 680px\" class=\"wp-caption alignnone\"><img loading=\"lazy\" decoding=\"async\" class=\"size-medium wp-image-1467\" src=\"\/\/www.safety-plus.ch\/wp-content\/uploads\/2017\/02\/ISO_Members.svg_.png\" alt=\"\" width=\"680\" height=\"349\" \/><figcaption id=\"caption-attachment-1467\" class=\"wp-caption-text\">ISO-Mitglieder weltweit: Vollmitglieder (Blau), korrespondierende Mitglieder (gelb), Beobachterstatus (rot), Nichtmitglieder (schwarz)<\/figcaption><\/figure>\n<p><strong>Die erste Norm<\/strong><\/p>\n<p>Nach der Gr\u00fcndung der Organisation wurden 67 Expertengruppen (Fachaussch\u00fcsse) in spezifischen technischen Bereichen wie Schraubengewinde, Meerestechnik, Lebensmittel, Textilien, Lacke und Laborger\u00e4te mit dem Auftrag zur Entwicklung internationaler Standards eingerichtet. Dies f\u00fchrte 1951 zur ersten ISO-Norm (damals \u201eEmpfehlungen\u201c genannt), zur ISO \/ R1: 1951, der Standard-Referenztemperatur f\u00fcr industrielle L\u00e4ngenmessungen.<\/p>\n<p>Seitdem hat sich das ISO-Portfolio um \u00fcber 22\u2019000 Standards erweitert, die alle wichtigen technologischen, \u00f6kologischen und gesellschaftlichen Ver\u00e4nderungen, die in der Welt stattgefunden haben, unterst\u00fctzen.<\/p>\n<p>\u201eSeit 70 Jahren hat ISO Standards gemacht, die unsere Geschichte gepr\u00e4gt haben und die weltweit gr\u00f6ssten Innovationen begleitet haben. Von der Standardisierung von Werkstoffen, Komponenten und Ausr\u00fcstungen f\u00fcr die Luft- und Raumfahrtindustrie bis hin zur Messung von Umweltschadstoffen, von der Etablierung eines Managementsystems zur Gew\u00e4hrleistung der Lebensmittelsicherheit in der Lieferkette bis hin zur Schaffung von Leitlinien f\u00fcr die Interaktion von Mensch-Roboter, wurde die Notwendigkeit einer internationalen Normung stets mit den Bed\u00fcrfnissen der Industrie und Gesellschaft entwickelt&#8220;, sagt ISO-Pr\u00e4sident Dr. Zhang Xiaogang.<\/p>\n<p><strong>Erweiterung der Community<\/strong><\/p>\n<p>ISO hat im Laufe der Jahre hart gearbeitet, um den Kreis der Stakeholder mit Organisationen und Anwendern beispielsweise in Entwicklungsl\u00e4ndern zu erweitern.<\/p>\n<p>Gesellschaftliche Parameter wie bessere Zufriedenheiten und gr\u00f6ssere Sicherheit f\u00fcr Verbraucher stellen zentrale Vorgaben f\u00fcr Standards. Die Einbeziehung sozialer Einsichten in die Normenentwicklung ist daher von wesentlicher Bedeutung, da diese realen Perspektiven dazu beitragen, dass Themen wie Qualit\u00e4t und Sicherheit ad\u00e4quat behandelt werden. Die Bedeutung des Verbraucherschutzes erhielt so mit dem ISO-Ausschuss f\u00fcr Verbraucherpolitik (ISO \/ COPOLCO) bereits im Jahr 1978 Unterst\u00fctzung.<\/p>\n<p>Hinsichtlich der gegenw\u00e4rtigen Entwicklungen werden Standards wichtig bleiben, um \u00fcber nationale Grenzen hinweg Klimawandel, Wasserknappheit zu regeln oder die Cyber-Sicherheit oder die Menschenmigration insofern steuern zu k\u00f6nnen, um ein internationales Handeln und integriertes Management zu optimieren.<\/p>\n<p>Viele evidente Punkte wurden k\u00fcrzlich durch die Vereinten Nationen im Rahmen ihrer 2030 Agenda f\u00fcr Nachhaltige Entwicklung verabschiedet, siehe<a href=\"\/\/www.un.org\/sustainabledevelopment\/sustainable-development-goals\/\"> 17 Sustainable Development Goals (SDGs)<\/a>.<\/p>\n<p>\u201eDie ISO-Community hat viele Standards, die Organisationen und Unternehmen helfen k\u00f6nnen, ihre Agenda zu adressieren\u201c, sagt der ISO-Pr\u00e4sident. \u201eWir sind bereit, effiziente Werkzeuge zur Verf\u00fcgung zu stellen, um den verschiedenen Gemeinschaften weltweit zu helfen, sich diesen Herausforderungen zu stellen.\u201c<\/p>\n<p><a href=\"\/\/www.iso.org\/\">www.iso.org<\/a><\/p>\n","protected":false},"excerpt":{"rendered":"<p>Im Jahr 2017 feiert die ISO ihr 70-j\u00e4hriges Jubil\u00e4um. Die Geschichte der Internationalen Organisation f\u00fcr Standardisierung geht auf das Jahr 1946 zur\u00fcck: Delegierte aus 25 L\u00e4ndern trafen sich, um die Zukunft der Standardisierung zu besprechen. Ein Jahr sp\u00e4ter, am 23. Februar 1947, wurde ISO offiziell gegr\u00fcndet. In der Nachkriegszeit sahen die Gr\u00fcnder die Internationalen Standards [&hellip;]<\/p>\n","protected":false},"author":1,"featured_media":9469,"comment_status":"open","ping_status":"open","sticky":false,"template":"","format":"standard","meta":{"_acf_changed":false,"_yoast_wpseo_focuskw":"ISO","_yoast_wpseo_metadesc":"Die Internationale Organisation f\u00fcr Standardisierung ISO blickt auf eine 70-J\u00e4hrige Geschichte zur\u00fcck. Die Organisation entstand kurz nach dem 2. Weltkrieg.","articlekey":"","footnotes":""},"categories":[580],"tags":[1448,292,1845,2190,2191],"class_list":["post-9991","post","type-post","status-publish","format-standard","has-post-thumbnail","hentry","category-sustainability","tag-iso","tag-jubilaeum","tag-normung","tag-standardisierung","tag-standards"],"acf":[],"yoast_head":"<!-- This site is optimized with the Yoast SEO plugin v27.4 - https:\/\/yoast.com\/product\/yoast-seo-wordpress\/ -->\n<title>ISO feiert 70. Jubil\u00e4um - Organisator<\/title>\n<meta name=\"description\" content=\"Die Internationale Organisation f\u00fcr Standardisierung ISO blickt auf eine 70-J\u00e4hrige Geschichte zur\u00fcck. Die Organisation entstand kurz nach dem 2. Weltkrieg.\" \/>\n<meta name=\"robots\" content=\"index, follow, max-snippet:-1, max-image-preview:large, max-video-preview:-1\" \/>\n<link rel=\"canonical\" href=\"https:\/\/www.organisator.ch\/de\/sustainability\/2017-02-23\/iso-feiert-70-jubilaeum\/\" \/>\n<meta property=\"og:locale\" content=\"de_DE\" \/>\n<meta property=\"og:type\" content=\"article\" \/>\n<meta property=\"og:title\" content=\"ISO feiert 70. Jubil\u00e4um - Organisator\" \/>\n<meta property=\"og:description\" content=\"Die Internationale Organisation f\u00fcr Standardisierung ISO blickt auf eine 70-J\u00e4hrige Geschichte zur\u00fcck. Die Organisation entstand kurz nach dem 2. Weltkrieg.\" \/>\n<meta property=\"og:url\" content=\"https:\/\/www.organisator.ch\/de\/sustainability\/2017-02-23\/iso-feiert-70-jubilaeum\/\" \/>\n<meta property=\"og:site_name\" content=\"Organisator\" \/>\n<meta property=\"article:publisher\" content=\"https:\/\/www.facebook.com\/OrganisatorFachmagazin\" \/>\n<meta property=\"article:published_time\" content=\"2017-02-23T13:40:30+00:00\" \/>\n<meta property=\"article:modified_time\" content=\"2022-02-09T10:10:12+00:00\" \/>\n<meta property=\"og:image\" content=\"https:\/\/www.organisator.ch\/wp-content\/uploads\/2017\/02\/iso_home-large.jpg\" \/>\n\t<meta property=\"og:image:width\" content=\"2544\" \/>\n\t<meta property=\"og:image:height\" content=\"1348\" \/>\n\t<meta property=\"og:image:type\" content=\"image\/jpeg\" \/>\n<meta name=\"author\" content=\"admin\" \/>\n<meta name=\"twitter:card\" content=\"summary_large_image\" \/>\n<script type=\"application\/ld+json\" class=\"yoast-schema-graph\">{\"@context\":\"https:\\\/\\\/schema.org\",\"@graph\":[{\"@type\":\"Article\",\"@id\":\"https:\\\/\\\/www.organisator.ch\\\/sustainability\\\/2017-02-23\\\/iso-feiert-70-jubilaeum\\\/#article\",\"isPartOf\":{\"@id\":\"https:\\\/\\\/www.organisator.ch\\\/sustainability\\\/2017-02-23\\\/iso-feiert-70-jubilaeum\\\/\"},\"author\":{\"name\":\"admin\",\"@id\":\"https:\\\/\\\/www.organisator.ch\\\/#\\\/schema\\\/person\\\/aa2bace6c5c5aad60102004a50c4eb1c\"},\"headline\":\"ISO feiert 70. Jubil\u00e4um\",\"datePublished\":\"2017-02-23T13:40:30+00:00\",\"dateModified\":\"2022-02-09T10:10:12+00:00\",\"mainEntityOfPage\":{\"@id\":\"https:\\\/\\\/www.organisator.ch\\\/sustainability\\\/2017-02-23\\\/iso-feiert-70-jubilaeum\\\/\"},\"wordCount\":547,\"commentCount\":0,\"publisher\":{\"@id\":\"https:\\\/\\\/www.organisator.ch\\\/#organization\"},\"image\":{\"@id\":\"https:\\\/\\\/www.organisator.ch\\\/sustainability\\\/2017-02-23\\\/iso-feiert-70-jubilaeum\\\/#primaryimage\"},\"thumbnailUrl\":\"https:\\\/\\\/www.organisator.ch\\\/wp-content\\\/uploads\\\/2017\\\/02\\\/iso_home-large.jpg\",\"keywords\":[\"ISO\",\"Jubil\u00e4um\",\"Normung\",\"Standardisierung\",\"Standards\"],\"articleSection\":[\"SUSTAINABILITY\"],\"inLanguage\":\"de\"},{\"@type\":\"WebPage\",\"@id\":\"https:\\\/\\\/www.organisator.ch\\\/sustainability\\\/2017-02-23\\\/iso-feiert-70-jubilaeum\\\/\",\"url\":\"https:\\\/\\\/www.organisator.ch\\\/sustainability\\\/2017-02-23\\\/iso-feiert-70-jubilaeum\\\/\",\"name\":\"ISO feiert 70. Jubil\u00e4um - Organisator\",\"isPartOf\":{\"@id\":\"https:\\\/\\\/www.organisator.ch\\\/#website\"},\"primaryImageOfPage\":{\"@id\":\"https:\\\/\\\/www.organisator.ch\\\/sustainability\\\/2017-02-23\\\/iso-feiert-70-jubilaeum\\\/#primaryimage\"},\"image\":{\"@id\":\"https:\\\/\\\/www.organisator.ch\\\/sustainability\\\/2017-02-23\\\/iso-feiert-70-jubilaeum\\\/#primaryimage\"},\"thumbnailUrl\":\"https:\\\/\\\/www.organisator.ch\\\/wp-content\\\/uploads\\\/2017\\\/02\\\/iso_home-large.jpg\",\"datePublished\":\"2017-02-23T13:40:30+00:00\",\"dateModified\":\"2022-02-09T10:10:12+00:00\",\"description\":\"Die Internationale Organisation f\u00fcr Standardisierung ISO blickt auf eine 70-J\u00e4hrige Geschichte zur\u00fcck. Die Organisation entstand kurz nach dem 2. Weltkrieg.\",\"breadcrumb\":{\"@id\":\"https:\\\/\\\/www.organisator.ch\\\/sustainability\\\/2017-02-23\\\/iso-feiert-70-jubilaeum\\\/#breadcrumb\"},\"inLanguage\":\"de\",\"potentialAction\":[{\"@type\":\"ReadAction\",\"target\":[\"https:\\\/\\\/www.organisator.ch\\\/sustainability\\\/2017-02-23\\\/iso-feiert-70-jubilaeum\\\/\"]}]},{\"@type\":\"ImageObject\",\"inLanguage\":\"de\",\"@id\":\"https:\\\/\\\/www.organisator.ch\\\/sustainability\\\/2017-02-23\\\/iso-feiert-70-jubilaeum\\\/#primaryimage\",\"url\":\"https:\\\/\\\/www.organisator.ch\\\/wp-content\\\/uploads\\\/2017\\\/02\\\/iso_home-large.jpg\",\"contentUrl\":\"https:\\\/\\\/www.organisator.ch\\\/wp-content\\\/uploads\\\/2017\\\/02\\\/iso_home-large.jpg\",\"width\":2544,\"height\":1348,\"caption\":\"Der ISO-Hauptsitz ist seit dem Gr\u00fcndungsjahr 1947 in Genf. (Bild: ISO)\"},{\"@type\":\"BreadcrumbList\",\"@id\":\"https:\\\/\\\/www.organisator.ch\\\/sustainability\\\/2017-02-23\\\/iso-feiert-70-jubilaeum\\\/#breadcrumb\",\"itemListElement\":[{\"@type\":\"ListItem\",\"position\":1,\"name\":\"Home\",\"item\":\"https:\\\/\\\/www.organisator.ch\\\/\"},{\"@type\":\"ListItem\",\"position\":2,\"name\":\"ISO feiert 70. Jubil\u00e4um\"}]},{\"@type\":\"WebSite\",\"@id\":\"https:\\\/\\\/www.organisator.ch\\\/#website\",\"url\":\"https:\\\/\\\/www.organisator.ch\\\/\",\"name\":\"Organisator\",\"description\":\"Kompetent. Praxisnah. Der ORGANISATOR bereitet in 10 Ausgaben pro Jahr die wesentlichen Themen f\u00fcr F\u00fchrungskr\u00e4fte von KMU auf.\",\"publisher\":{\"@id\":\"https:\\\/\\\/www.organisator.ch\\\/#organization\"},\"potentialAction\":[{\"@type\":\"SearchAction\",\"target\":{\"@type\":\"EntryPoint\",\"urlTemplate\":\"https:\\\/\\\/www.organisator.ch\\\/?s={search_term_string}\"},\"query-input\":{\"@type\":\"PropertyValueSpecification\",\"valueRequired\":true,\"valueName\":\"search_term_string\"}}],\"inLanguage\":\"de\"},{\"@type\":\"Organization\",\"@id\":\"https:\\\/\\\/www.organisator.ch\\\/#organization\",\"name\":\"Organisator\",\"url\":\"https:\\\/\\\/www.organisator.ch\\\/\",\"logo\":{\"@type\":\"ImageObject\",\"inLanguage\":\"de\",\"@id\":\"https:\\\/\\\/www.organisator.ch\\\/#\\\/schema\\\/logo\\\/image\\\/\",\"url\":\"https:\\\/\\\/www.organisator.ch\\\/wp-content\\\/uploads\\\/2022\\\/01\\\/Logo_Organisator_Website.png\",\"contentUrl\":\"https:\\\/\\\/www.organisator.ch\\\/wp-content\\\/uploads\\\/2022\\\/01\\\/Logo_Organisator_Website.png\",\"width\":800,\"height\":77,\"caption\":\"Organisator\"},\"image\":{\"@id\":\"https:\\\/\\\/www.organisator.ch\\\/#\\\/schema\\\/logo\\\/image\\\/\"},\"sameAs\":[\"https:\\\/\\\/www.facebook.com\\\/OrganisatorFachmagazin\",\"https:\\\/\\\/www.linkedin.com\\\/showcase\\\/organisator-das-magazin-fr-kmu\",\"https:\\\/\\\/www.xing.com\\\/news\\\/pages\\\/organisator-ch-695\",\"https:\\\/\\\/www.youtube.com\\\/channel\\\/UCGP2Sq0iWaZwT3BdIAQFYpw\"]},{\"@type\":\"Person\",\"@id\":\"https:\\\/\\\/www.organisator.ch\\\/#\\\/schema\\\/person\\\/aa2bace6c5c5aad60102004a50c4eb1c\",\"name\":\"admin\",\"image\":{\"@type\":\"ImageObject\",\"inLanguage\":\"de\",\"@id\":\"https:\\\/\\\/secure.gravatar.com\\\/avatar\\\/ae2f4d718e6c49043e314ce431e7e645d646302a24a5ef5a8bc8e3f5a032e319?s=96&d=mm&r=g\",\"url\":\"https:\\\/\\\/secure.gravatar.com\\\/avatar\\\/ae2f4d718e6c49043e314ce431e7e645d646302a24a5ef5a8bc8e3f5a032e319?s=96&d=mm&r=g\",\"contentUrl\":\"https:\\\/\\\/secure.gravatar.com\\\/avatar\\\/ae2f4d718e6c49043e314ce431e7e645d646302a24a5ef5a8bc8e3f5a032e319?s=96&d=mm&r=g\",\"caption\":\"admin\"},\"sameAs\":[\"https:\\\/\\\/www.organisator.ch\"],\"url\":\"https:\\\/\\\/www.organisator.ch\\\/de\\\/author\\\/admin\\\/\"}]}<\/script>\n<!-- \/ Yoast SEO plugin. -->","yoast_head_json":{"title":"ISO feiert 70. Jubil\u00e4um - Organisator","description":"Die Internationale Organisation f\u00fcr Standardisierung ISO blickt auf eine 70-J\u00e4hrige Geschichte zur\u00fcck. Die Organisation entstand kurz nach dem 2. Weltkrieg.","robots":{"index":"index","follow":"follow","max-snippet":"max-snippet:-1","max-image-preview":"max-image-preview:large","max-video-preview":"max-video-preview:-1"},"canonical":"https:\/\/www.organisator.ch\/de\/sustainability\/2017-02-23\/iso-feiert-70-jubilaeum\/","og_locale":"de_DE","og_type":"article","og_title":"ISO feiert 70. Jubil\u00e4um - Organisator","og_description":"Die Internationale Organisation f\u00fcr Standardisierung ISO blickt auf eine 70-J\u00e4hrige Geschichte zur\u00fcck. Die Organisation entstand kurz nach dem 2. Weltkrieg.","og_url":"https:\/\/www.organisator.ch\/de\/sustainability\/2017-02-23\/iso-feiert-70-jubilaeum\/","og_site_name":"Organisator","article_publisher":"https:\/\/www.facebook.com\/OrganisatorFachmagazin","article_published_time":"2017-02-23T13:40:30+00:00","article_modified_time":"2022-02-09T10:10:12+00:00","og_image":[{"width":2544,"height":1348,"url":"https:\/\/www.organisator.ch\/wp-content\/uploads\/2017\/02\/iso_home-large.jpg","type":"image\/jpeg"}],"author":"admin","twitter_card":"summary_large_image","schema":{"@context":"https:\/\/schema.org","@graph":[{"@type":"Article","@id":"https:\/\/www.organisator.ch\/sustainability\/2017-02-23\/iso-feiert-70-jubilaeum\/#article","isPartOf":{"@id":"https:\/\/www.organisator.ch\/sustainability\/2017-02-23\/iso-feiert-70-jubilaeum\/"},"author":{"name":"admin","@id":"https:\/\/www.organisator.ch\/#\/schema\/person\/aa2bace6c5c5aad60102004a50c4eb1c"},"headline":"ISO feiert 70. Jubil\u00e4um","datePublished":"2017-02-23T13:40:30+00:00","dateModified":"2022-02-09T10:10:12+00:00","mainEntityOfPage":{"@id":"https:\/\/www.organisator.ch\/sustainability\/2017-02-23\/iso-feiert-70-jubilaeum\/"},"wordCount":547,"commentCount":0,"publisher":{"@id":"https:\/\/www.organisator.ch\/#organization"},"image":{"@id":"https:\/\/www.organisator.ch\/sustainability\/2017-02-23\/iso-feiert-70-jubilaeum\/#primaryimage"},"thumbnailUrl":"https:\/\/www.organisator.ch\/wp-content\/uploads\/2017\/02\/iso_home-large.jpg","keywords":["ISO","Jubil\u00e4um","Normung","Standardisierung","Standards"],"articleSection":["SUSTAINABILITY"],"inLanguage":"de"},{"@type":"WebPage","@id":"https:\/\/www.organisator.ch\/sustainability\/2017-02-23\/iso-feiert-70-jubilaeum\/","url":"https:\/\/www.organisator.ch\/sustainability\/2017-02-23\/iso-feiert-70-jubilaeum\/","name":"ISO feiert 70. Jubil\u00e4um - Organisator","isPartOf":{"@id":"https:\/\/www.organisator.ch\/#website"},"primaryImageOfPage":{"@id":"https:\/\/www.organisator.ch\/sustainability\/2017-02-23\/iso-feiert-70-jubilaeum\/#primaryimage"},"image":{"@id":"https:\/\/www.organisator.ch\/sustainability\/2017-02-23\/iso-feiert-70-jubilaeum\/#primaryimage"},"thumbnailUrl":"https:\/\/www.organisator.ch\/wp-content\/uploads\/2017\/02\/iso_home-large.jpg","datePublished":"2017-02-23T13:40:30+00:00","dateModified":"2022-02-09T10:10:12+00:00","description":"Die Internationale Organisation f\u00fcr Standardisierung ISO blickt auf eine 70-J\u00e4hrige Geschichte zur\u00fcck. Die Organisation entstand kurz nach dem 2. Weltkrieg.","breadcrumb":{"@id":"https:\/\/www.organisator.ch\/sustainability\/2017-02-23\/iso-feiert-70-jubilaeum\/#breadcrumb"},"inLanguage":"de","potentialAction":[{"@type":"ReadAction","target":["https:\/\/www.organisator.ch\/sustainability\/2017-02-23\/iso-feiert-70-jubilaeum\/"]}]},{"@type":"ImageObject","inLanguage":"de","@id":"https:\/\/www.organisator.ch\/sustainability\/2017-02-23\/iso-feiert-70-jubilaeum\/#primaryimage","url":"https:\/\/www.organisator.ch\/wp-content\/uploads\/2017\/02\/iso_home-large.jpg","contentUrl":"https:\/\/www.organisator.ch\/wp-content\/uploads\/2017\/02\/iso_home-large.jpg","width":2544,"height":1348,"caption":"Der ISO-Hauptsitz ist seit dem Gr\u00fcndungsjahr 1947 in Genf. (Bild: ISO)"},{"@type":"BreadcrumbList","@id":"https:\/\/www.organisator.ch\/sustainability\/2017-02-23\/iso-feiert-70-jubilaeum\/#breadcrumb","itemListElement":[{"@type":"ListItem","position":1,"name":"Home","item":"https:\/\/www.organisator.ch\/"},{"@type":"ListItem","position":2,"name":"ISO feiert 70. Jubil\u00e4um"}]},{"@type":"WebSite","@id":"https:\/\/www.organisator.ch\/#website","url":"https:\/\/www.organisator.ch\/","name":"Organisator","description":"Kompetent. Praxisnah. Der ORGANISATOR bereitet in 10 Ausgaben pro Jahr die wesentlichen Themen f\u00fcr F\u00fchrungskr\u00e4fte von KMU auf.","publisher":{"@id":"https:\/\/www.organisator.ch\/#organization"},"potentialAction":[{"@type":"SearchAction","target":{"@type":"EntryPoint","urlTemplate":"https:\/\/www.organisator.ch\/?s={search_term_string}"},"query-input":{"@type":"PropertyValueSpecification","valueRequired":true,"valueName":"search_term_string"}}],"inLanguage":"de"},{"@type":"Organization","@id":"https:\/\/www.organisator.ch\/#organization","name":"Organisator","url":"https:\/\/www.organisator.ch\/","logo":{"@type":"ImageObject","inLanguage":"de","@id":"https:\/\/www.organisator.ch\/#\/schema\/logo\/image\/","url":"https:\/\/www.organisator.ch\/wp-content\/uploads\/2022\/01\/Logo_Organisator_Website.png","contentUrl":"https:\/\/www.organisator.ch\/wp-content\/uploads\/2022\/01\/Logo_Organisator_Website.png","width":800,"height":77,"caption":"Organisator"},"image":{"@id":"https:\/\/www.organisator.ch\/#\/schema\/logo\/image\/"},"sameAs":["https:\/\/www.facebook.com\/OrganisatorFachmagazin","https:\/\/www.linkedin.com\/showcase\/organisator-das-magazin-fr-kmu","https:\/\/www.xing.com\/news\/pages\/organisator-ch-695","https:\/\/www.youtube.com\/channel\/UCGP2Sq0iWaZwT3BdIAQFYpw"]},{"@type":"Person","@id":"https:\/\/www.organisator.ch\/#\/schema\/person\/aa2bace6c5c5aad60102004a50c4eb1c","name":"admin","image":{"@type":"ImageObject","inLanguage":"de","@id":"https:\/\/secure.gravatar.com\/avatar\/ae2f4d718e6c49043e314ce431e7e645d646302a24a5ef5a8bc8e3f5a032e319?s=96&d=mm&r=g","url":"https:\/\/secure.gravatar.com\/avatar\/ae2f4d718e6c49043e314ce431e7e645d646302a24a5ef5a8bc8e3f5a032e319?s=96&d=mm&r=g","contentUrl":"https:\/\/secure.gravatar.com\/avatar\/ae2f4d718e6c49043e314ce431e7e645d646302a24a5ef5a8bc8e3f5a032e319?s=96&d=mm&r=g","caption":"admin"},"sameAs":["https:\/\/www.organisator.ch"],"url":"https:\/\/www.organisator.ch\/de\/author\/admin\/"}]}},"_links":{"self":[{"href":"https:\/\/www.organisator.ch\/de\/wp-json\/wp\/v2\/posts\/9991","targetHints":{"allow":["GET"]}}],"collection":[{"href":"https:\/\/www.organisator.ch\/de\/wp-json\/wp\/v2\/posts"}],"about":[{"href":"https:\/\/www.organisator.ch\/de\/wp-json\/wp\/v2\/types\/post"}],"author":[{"embeddable":true,"href":"https:\/\/www.organisator.ch\/de\/wp-json\/wp\/v2\/users\/1"}],"replies":[{"embeddable":true,"href":"https:\/\/www.organisator.ch\/de\/wp-json\/wp\/v2\/comments?post=9991"}],"version-history":[{"count":1,"href":"https:\/\/www.organisator.ch\/de\/wp-json\/wp\/v2\/posts\/9991\/revisions"}],"predecessor-version":[{"id":10948,"href":"https:\/\/www.organisator.ch\/de\/wp-json\/wp\/v2\/posts\/9991\/revisions\/10948"}],"wp:featuredmedia":[{"embeddable":true,"href":"https:\/\/www.organisator.ch\/de\/wp-json\/wp\/v2\/media\/9469"}],"wp:attachment":[{"href":"https:\/\/www.organisator.ch\/de\/wp-json\/wp\/v2\/media?parent=9991"}],"wp:term":[{"taxonomy":"category","embeddable":true,"href":"https:\/\/www.organisator.ch\/de\/wp-json\/wp\/v2\/categories?post=9991"},{"taxonomy":"post_tag","embeddable":true,"href":"https:\/\/www.organisator.ch\/de\/wp-json\/wp\/v2\/tags?post=9991"}],"curies":[{"name":"wp","href":"https:\/\/api.w.org\/{rel}","templated":true}]}}