{"id":10009,"date":"2017-05-16T14:05:41","date_gmt":"2017-05-16T12:05:41","guid":{"rendered":"https:\/\/www.umweltperspektiven.ch\/?p=980"},"modified":"2022-02-09T11:10:11","modified_gmt":"2022-02-09T10:10:11","slug":"neuer-hoechststand-fuer-klimastiftung-schweiz","status":"publish","type":"post","link":"https:\/\/www.organisator.ch\/en\/sustainability\/2017-05-16\/neuer-hoechststand-fuer-klimastiftung-schweiz\/","title":{"rendered":"New record for Climate Foundation Switzerland"},"content":{"rendered":"<div align=\"justify\">\n<figure id=\"attachment_981\" aria-describedby=\"caption-attachment-981\" style=\"width: 680px\" class=\"wp-caption alignnone\"><img loading=\"lazy\" decoding=\"async\" class=\"size-medium wp-image-981\" src=\"\/\/www.umweltperspektiven.ch\/wp-content\/uploads\/2017\/06\/Solar-Luftkollektor.jpg\" alt=\"\" width=\"680\" height=\"383\" \/><figcaption id=\"caption-attachment-981\" class=\"wp-caption-text\">The Swiss Climate Foundation is supporting the development of a novel solar air collector that heats industrial and agricultural buildings or dries raw materials and structures. (Image: Roisatec)<\/figcaption><\/figure>\n<\/div>\n<div align=\"justify\"><span style=\"font-family: Times New Roman,serif; font-size: medium;\"><span style=\"color: #202020; font-family: Helvetica,sans-serif; font-size: small;\">If roof tiles are replaced with micro power plants for wind and solar energy and if carbon from plant waste can be put into the soil instead of escaping into the air as CO2, then Switzerland and Liechtenstein will come decisive steps closer to their climate goals.<\/span><\/span><\/div>\n<div align=\"justify\"><\/div>\n<div align=\"justify\"><span style=\"font-family: Times New Roman,serif; font-size: medium;\"><span style=\"color: #202020; font-family: Helvetica,sans-serif; font-size: small;\">On May 15, the Swiss Climate Foundation announced the support of <\/span><a href=\"\/\/webmail.galledia.ch\/owa\/redir.aspx?C=qu-iLn5e_0K8P79QPh7wKETfsBl5tdQIxcLe2VlGrYI9gxsWvemPK04npJABhfyD6AuXvwxYVpY.&amp;URL=http%3a%2f%2fmaxcomm.us12.list-manage1.com%2ftrack%2fclick%3fu%3d74090039ecde65db808b5baa9%26id%3d47bd5ab720%26e%3df3732865df\" target=\"_blank\" rel=\"noopener noreferrer\"><span style=\"font-family: Helvetica,sans-serif; font-size: small;\"><span style=\"color: #ff9933;\">eight innovative climate protection projects<\/span><\/span><\/a><span style=\"color: #202020; font-family: Helvetica,sans-serif; font-size: small;\"> of Swiss and Liechtenstein SMEs have been decided. This is the highest number since the foundation was established in 2008. \"The urgency of climate protection means that existing markets for climate-friendly products and concepts will continue to grow and new ones will emerge,\" explains Gabriele Burn, president of the foundation. \"Domestic SMEs should be able to take advantage of this opportunity. This benefits both climate protection and the business location.\"<\/span><\/span><\/div>\n<div align=\"justify\"><\/div>\n<div align=\"justify\"><span style=\"font-family: Times New Roman,serif; font-size: medium;\"><span style=\"color: #202020; font-family: Helvetica,sans-serif; font-size: small;\"><b>From the economy for the economy<\/b><\/span><\/span><\/div>\n<div align=\"justify\"><span style=\"font-family: Times New Roman,serif; font-size: medium;\"><span style=\"color: #202020; font-family: Helvetica,sans-serif; font-size: small;\">The Swiss Climate Foundation is a voluntary initiative by business for business. 27 renowned service providers such as banks, insurance companies and consulting firms donate money to the foundation, which is then awarded to SMEs. This year, the Swiss Climate Foundation can award over three million francs. Support is given to SMEs in Switzerland and Liechtenstein that save energy in their own operations or develop innovative products for climate protection. The Swiss Climate Foundation also supports SMEs that enter into a voluntary target agreement on energy saving with the energy agencies EnAW and act.<\/span><\/span><\/div>\n<div align=\"justify\"><span style=\"font-family: Times New Roman,serif; font-size: medium;\"><span style=\"color: #202020; font-family: Helvetica,sans-serif; font-size: small;\">Since its establishment in 2008, the foundation has supported around 1,300 SMEs with 16 million Swiss francs. SMEs can submit applications for smaller energy-saving projects directly on the website. Contributions of up to 20,000 francs are awarded on an ongoing basis. Large energy-saving projects and innovations are approved every six months by the Foundation Board. In the first half of 2017, more applications for innovation projects were approved than in any previous six-month period.\u00a0<\/span><\/span><\/div>\n<div align=\"justify\"><\/div>\n<div align=\"justify\">Text: Climate Foundation Switzerland<\/div>\n<p>&nbsp;<\/p>","protected":false},"excerpt":{"rendered":"<p>Wenn Dachziegel mit Kleinstkraftwerken fu\u0308r Wind- und Sonnenenergie ersetzt werden und wenn Kohlenstoff aus pflanzlichen Abfa\u0308llen in den Boden gebracht werden kann, statt als CO2 in die Luft zu entweichen, dann kommen die Schweiz und Liechtenstein ihren Klimazielen entscheidende Schritte na\u0308her. Die Klimastiftung Schweiz hat am 15. Mai die Unterstu\u0308tzung von acht innovativen Klimaschutz-Projekten von [&hellip;]<\/p>\n","protected":false},"author":1,"featured_media":981,"comment_status":"open","ping_status":"open","sticky":false,"template":"","format":"standard","meta":{"_acf_changed":false,"_yoast_wpseo_focuskw":"Klimastiftung","_yoast_wpseo_metadesc":"Im ersten Halbjahr 2017 vergibt die Klimastiftung Schweiz 1.1 Millionen Franken an acht KMU, die klimafreundliche Produkte und Ideen entwickeln.","articlekey":"","footnotes":""},"categories":[580],"tags":[1215,274,1526],"class_list":["post-10009","post","type-post","status-publish","format-standard","has-post-thumbnail","hentry","category-sustainability","tag-foerderung","tag-innovation","tag-klimastiftung-schweiz"],"acf":[],"yoast_head":"<!-- This site is optimized with the Yoast SEO plugin v27.4 - https:\/\/yoast.com\/product\/yoast-seo-wordpress\/ -->\n<title>Neuer H\u00f6chststand f\u00fcr Klimastiftung Schweiz - Organisator<\/title>\n<meta name=\"description\" content=\"Im ersten Halbjahr 2017 vergibt die Klimastiftung Schweiz 1.1 Millionen Franken an acht KMU, die klimafreundliche Produkte und Ideen entwickeln.\" \/>\n<meta name=\"robots\" content=\"index, follow, max-snippet:-1, max-image-preview:large, max-video-preview:-1\" \/>\n<link rel=\"canonical\" href=\"https:\/\/www.organisator.ch\/en\/sustainability\/2017-05-16\/neuer-hoechststand-fuer-klimastiftung-schweiz\/\" \/>\n<meta property=\"og:locale\" content=\"en_US\" \/>\n<meta property=\"og:type\" content=\"article\" \/>\n<meta property=\"og:title\" content=\"Neuer H\u00f6chststand f\u00fcr Klimastiftung Schweiz - Organisator\" \/>\n<meta property=\"og:description\" content=\"Im ersten Halbjahr 2017 vergibt die Klimastiftung Schweiz 1.1 Millionen Franken an acht KMU, die klimafreundliche Produkte und Ideen entwickeln.\" \/>\n<meta property=\"og:url\" content=\"https:\/\/www.organisator.ch\/en\/sustainability\/2017-05-16\/neuer-hoechststand-fuer-klimastiftung-schweiz\/\" \/>\n<meta property=\"og:site_name\" content=\"Organisator\" \/>\n<meta property=\"article:publisher\" content=\"https:\/\/www.facebook.com\/OrganisatorFachmagazin\" \/>\n<meta property=\"article:published_time\" content=\"2017-05-16T12:05:41+00:00\" \/>\n<meta property=\"article:modified_time\" content=\"2022-02-09T10:10:11+00:00\" \/>\n<meta property=\"og:image\" content=\"https:\/\/www.organisator.ch\/wp-content\/uploads\/2017\/06\/Solar-Luftkollektor-scaled.jpg\" \/>\n\t<meta property=\"og:image:width\" content=\"2560\" \/>\n\t<meta property=\"og:image:height\" content=\"1440\" \/>\n\t<meta property=\"og:image:type\" content=\"image\/jpeg\" \/>\n<meta name=\"author\" content=\"admin\" \/>\n<meta name=\"twitter:card\" content=\"summary_large_image\" \/>\n<script type=\"application\/ld+json\" class=\"yoast-schema-graph\">{\"@context\":\"https:\\\/\\\/schema.org\",\"@graph\":[{\"@type\":\"Article\",\"@id\":\"https:\\\/\\\/www.organisator.ch\\\/sustainability\\\/2017-05-16\\\/neuer-hoechststand-fuer-klimastiftung-schweiz\\\/#article\",\"isPartOf\":{\"@id\":\"https:\\\/\\\/www.organisator.ch\\\/sustainability\\\/2017-05-16\\\/neuer-hoechststand-fuer-klimastiftung-schweiz\\\/\"},\"author\":{\"name\":\"admin\",\"@id\":\"https:\\\/\\\/www.organisator.ch\\\/#\\\/schema\\\/person\\\/aa2bace6c5c5aad60102004a50c4eb1c\"},\"headline\":\"Neuer H\u00f6chststand f\u00fcr Klimastiftung Schweiz\",\"datePublished\":\"2017-05-16T12:05:41+00:00\",\"dateModified\":\"2022-02-09T10:10:11+00:00\",\"mainEntityOfPage\":{\"@id\":\"https:\\\/\\\/www.organisator.ch\\\/sustainability\\\/2017-05-16\\\/neuer-hoechststand-fuer-klimastiftung-schweiz\\\/\"},\"wordCount\":325,\"commentCount\":0,\"publisher\":{\"@id\":\"https:\\\/\\\/www.organisator.ch\\\/#organization\"},\"image\":{\"@id\":\"https:\\\/\\\/www.organisator.ch\\\/sustainability\\\/2017-05-16\\\/neuer-hoechststand-fuer-klimastiftung-schweiz\\\/#primaryimage\"},\"thumbnailUrl\":\"https:\\\/\\\/www.organisator.ch\\\/wp-content\\\/uploads\\\/2017\\\/06\\\/Solar-Luftkollektor-scaled.jpg\",\"keywords\":[\"F\u00f6rderung\",\"Innovation\",\"Klimastiftung Schweiz\"],\"articleSection\":[\"SUSTAINABILITY\"],\"inLanguage\":\"en-US\"},{\"@type\":\"WebPage\",\"@id\":\"https:\\\/\\\/www.organisator.ch\\\/sustainability\\\/2017-05-16\\\/neuer-hoechststand-fuer-klimastiftung-schweiz\\\/\",\"url\":\"https:\\\/\\\/www.organisator.ch\\\/sustainability\\\/2017-05-16\\\/neuer-hoechststand-fuer-klimastiftung-schweiz\\\/\",\"name\":\"Neuer H\u00f6chststand f\u00fcr Klimastiftung Schweiz - Organisator\",\"isPartOf\":{\"@id\":\"https:\\\/\\\/www.organisator.ch\\\/#website\"},\"primaryImageOfPage\":{\"@id\":\"https:\\\/\\\/www.organisator.ch\\\/sustainability\\\/2017-05-16\\\/neuer-hoechststand-fuer-klimastiftung-schweiz\\\/#primaryimage\"},\"image\":{\"@id\":\"https:\\\/\\\/www.organisator.ch\\\/sustainability\\\/2017-05-16\\\/neuer-hoechststand-fuer-klimastiftung-schweiz\\\/#primaryimage\"},\"thumbnailUrl\":\"https:\\\/\\\/www.organisator.ch\\\/wp-content\\\/uploads\\\/2017\\\/06\\\/Solar-Luftkollektor-scaled.jpg\",\"datePublished\":\"2017-05-16T12:05:41+00:00\",\"dateModified\":\"2022-02-09T10:10:11+00:00\",\"description\":\"Im ersten Halbjahr 2017 vergibt die Klimastiftung Schweiz 1.1 Millionen Franken an acht KMU, die klimafreundliche Produkte und Ideen entwickeln.\",\"breadcrumb\":{\"@id\":\"https:\\\/\\\/www.organisator.ch\\\/sustainability\\\/2017-05-16\\\/neuer-hoechststand-fuer-klimastiftung-schweiz\\\/#breadcrumb\"},\"inLanguage\":\"en-US\",\"potentialAction\":[{\"@type\":\"ReadAction\",\"target\":[\"https:\\\/\\\/www.organisator.ch\\\/sustainability\\\/2017-05-16\\\/neuer-hoechststand-fuer-klimastiftung-schweiz\\\/\"]}]},{\"@type\":\"ImageObject\",\"inLanguage\":\"en-US\",\"@id\":\"https:\\\/\\\/www.organisator.ch\\\/sustainability\\\/2017-05-16\\\/neuer-hoechststand-fuer-klimastiftung-schweiz\\\/#primaryimage\",\"url\":\"https:\\\/\\\/www.organisator.ch\\\/wp-content\\\/uploads\\\/2017\\\/06\\\/Solar-Luftkollektor-scaled.jpg\",\"contentUrl\":\"https:\\\/\\\/www.organisator.ch\\\/wp-content\\\/uploads\\\/2017\\\/06\\\/Solar-Luftkollektor-scaled.jpg\",\"width\":2560,\"height\":1440,\"caption\":\"Die Klimastiftung Schweiz unterst\u00fctzt die Entwicklung eines neuartigen Solar-Luftkollektors, der Industrie- und Landwirtschaftsgeb\u00e4ude heizt oder Rohstoffe und Bauwerke trocknet. (Bild: Roisatec)\"},{\"@type\":\"BreadcrumbList\",\"@id\":\"https:\\\/\\\/www.organisator.ch\\\/sustainability\\\/2017-05-16\\\/neuer-hoechststand-fuer-klimastiftung-schweiz\\\/#breadcrumb\",\"itemListElement\":[{\"@type\":\"ListItem\",\"position\":1,\"name\":\"Home\",\"item\":\"https:\\\/\\\/www.organisator.ch\\\/\"},{\"@type\":\"ListItem\",\"position\":2,\"name\":\"Neuer H\u00f6chststand f\u00fcr Klimastiftung Schweiz\"}]},{\"@type\":\"WebSite\",\"@id\":\"https:\\\/\\\/www.organisator.ch\\\/#website\",\"url\":\"https:\\\/\\\/www.organisator.ch\\\/\",\"name\":\"Organisator\",\"description\":\"Kompetent. Praxisnah. Der ORGANISATOR bereitet in 10 Ausgaben pro Jahr die wesentlichen Themen f\u00fcr F\u00fchrungskr\u00e4fte von KMU auf.\",\"publisher\":{\"@id\":\"https:\\\/\\\/www.organisator.ch\\\/#organization\"},\"potentialAction\":[{\"@type\":\"SearchAction\",\"target\":{\"@type\":\"EntryPoint\",\"urlTemplate\":\"https:\\\/\\\/www.organisator.ch\\\/?s={search_term_string}\"},\"query-input\":{\"@type\":\"PropertyValueSpecification\",\"valueRequired\":true,\"valueName\":\"search_term_string\"}}],\"inLanguage\":\"en-US\"},{\"@type\":\"Organization\",\"@id\":\"https:\\\/\\\/www.organisator.ch\\\/#organization\",\"name\":\"Organisator\",\"url\":\"https:\\\/\\\/www.organisator.ch\\\/\",\"logo\":{\"@type\":\"ImageObject\",\"inLanguage\":\"en-US\",\"@id\":\"https:\\\/\\\/www.organisator.ch\\\/#\\\/schema\\\/logo\\\/image\\\/\",\"url\":\"https:\\\/\\\/www.organisator.ch\\\/wp-content\\\/uploads\\\/2022\\\/01\\\/Logo_Organisator_Website.png\",\"contentUrl\":\"https:\\\/\\\/www.organisator.ch\\\/wp-content\\\/uploads\\\/2022\\\/01\\\/Logo_Organisator_Website.png\",\"width\":800,\"height\":77,\"caption\":\"Organisator\"},\"image\":{\"@id\":\"https:\\\/\\\/www.organisator.ch\\\/#\\\/schema\\\/logo\\\/image\\\/\"},\"sameAs\":[\"https:\\\/\\\/www.facebook.com\\\/OrganisatorFachmagazin\",\"https:\\\/\\\/www.linkedin.com\\\/showcase\\\/organisator-das-magazin-fr-kmu\",\"https:\\\/\\\/www.xing.com\\\/news\\\/pages\\\/organisator-ch-695\",\"https:\\\/\\\/www.youtube.com\\\/channel\\\/UCGP2Sq0iWaZwT3BdIAQFYpw\"]},{\"@type\":\"Person\",\"@id\":\"https:\\\/\\\/www.organisator.ch\\\/#\\\/schema\\\/person\\\/aa2bace6c5c5aad60102004a50c4eb1c\",\"name\":\"admin\",\"image\":{\"@type\":\"ImageObject\",\"inLanguage\":\"en-US\",\"@id\":\"https:\\\/\\\/secure.gravatar.com\\\/avatar\\\/ae2f4d718e6c49043e314ce431e7e645d646302a24a5ef5a8bc8e3f5a032e319?s=96&d=mm&r=g\",\"url\":\"https:\\\/\\\/secure.gravatar.com\\\/avatar\\\/ae2f4d718e6c49043e314ce431e7e645d646302a24a5ef5a8bc8e3f5a032e319?s=96&d=mm&r=g\",\"contentUrl\":\"https:\\\/\\\/secure.gravatar.com\\\/avatar\\\/ae2f4d718e6c49043e314ce431e7e645d646302a24a5ef5a8bc8e3f5a032e319?s=96&d=mm&r=g\",\"caption\":\"admin\"},\"sameAs\":[\"https:\\\/\\\/www.organisator.ch\"],\"url\":\"https:\\\/\\\/www.organisator.ch\\\/en\\\/author\\\/admin\\\/\"}]}<\/script>\n<!-- \/ Yoast SEO plugin. -->","yoast_head_json":{"title":"New record for Climate Foundation Switzerland - Organizer","description":"In the first half of 2017, the Swiss Climate Foundation is awarding 1.1 million Swiss francs to eight SMEs that are developing climate-friendly products and ideas.","robots":{"index":"index","follow":"follow","max-snippet":"max-snippet:-1","max-image-preview":"max-image-preview:large","max-video-preview":"max-video-preview:-1"},"canonical":"https:\/\/www.organisator.ch\/en\/sustainability\/2017-05-16\/neuer-hoechststand-fuer-klimastiftung-schweiz\/","og_locale":"en_US","og_type":"article","og_title":"Neuer H\u00f6chststand f\u00fcr Klimastiftung Schweiz - Organisator","og_description":"Im ersten Halbjahr 2017 vergibt die Klimastiftung Schweiz 1.1 Millionen Franken an acht KMU, die klimafreundliche Produkte und Ideen entwickeln.","og_url":"https:\/\/www.organisator.ch\/en\/sustainability\/2017-05-16\/neuer-hoechststand-fuer-klimastiftung-schweiz\/","og_site_name":"Organisator","article_publisher":"https:\/\/www.facebook.com\/OrganisatorFachmagazin","article_published_time":"2017-05-16T12:05:41+00:00","article_modified_time":"2022-02-09T10:10:11+00:00","og_image":[{"width":2560,"height":1440,"url":"https:\/\/www.organisator.ch\/wp-content\/uploads\/2017\/06\/Solar-Luftkollektor-scaled.jpg","type":"image\/jpeg"}],"author":"admin","twitter_card":"summary_large_image","schema":{"@context":"https:\/\/schema.org","@graph":[{"@type":"Article","@id":"https:\/\/www.organisator.ch\/sustainability\/2017-05-16\/neuer-hoechststand-fuer-klimastiftung-schweiz\/#article","isPartOf":{"@id":"https:\/\/www.organisator.ch\/sustainability\/2017-05-16\/neuer-hoechststand-fuer-klimastiftung-schweiz\/"},"author":{"name":"admin","@id":"https:\/\/www.organisator.ch\/#\/schema\/person\/aa2bace6c5c5aad60102004a50c4eb1c"},"headline":"Neuer H\u00f6chststand f\u00fcr Klimastiftung Schweiz","datePublished":"2017-05-16T12:05:41+00:00","dateModified":"2022-02-09T10:10:11+00:00","mainEntityOfPage":{"@id":"https:\/\/www.organisator.ch\/sustainability\/2017-05-16\/neuer-hoechststand-fuer-klimastiftung-schweiz\/"},"wordCount":325,"commentCount":0,"publisher":{"@id":"https:\/\/www.organisator.ch\/#organization"},"image":{"@id":"https:\/\/www.organisator.ch\/sustainability\/2017-05-16\/neuer-hoechststand-fuer-klimastiftung-schweiz\/#primaryimage"},"thumbnailUrl":"https:\/\/www.organisator.ch\/wp-content\/uploads\/2017\/06\/Solar-Luftkollektor-scaled.jpg","keywords":["F\u00f6rderung","Innovation","Klimastiftung Schweiz"],"articleSection":["SUSTAINABILITY"],"inLanguage":"en-US"},{"@type":"WebPage","@id":"https:\/\/www.organisator.ch\/sustainability\/2017-05-16\/neuer-hoechststand-fuer-klimastiftung-schweiz\/","url":"https:\/\/www.organisator.ch\/sustainability\/2017-05-16\/neuer-hoechststand-fuer-klimastiftung-schweiz\/","name":"New record for Climate Foundation Switzerland - Organizer","isPartOf":{"@id":"https:\/\/www.organisator.ch\/#website"},"primaryImageOfPage":{"@id":"https:\/\/www.organisator.ch\/sustainability\/2017-05-16\/neuer-hoechststand-fuer-klimastiftung-schweiz\/#primaryimage"},"image":{"@id":"https:\/\/www.organisator.ch\/sustainability\/2017-05-16\/neuer-hoechststand-fuer-klimastiftung-schweiz\/#primaryimage"},"thumbnailUrl":"https:\/\/www.organisator.ch\/wp-content\/uploads\/2017\/06\/Solar-Luftkollektor-scaled.jpg","datePublished":"2017-05-16T12:05:41+00:00","dateModified":"2022-02-09T10:10:11+00:00","description":"In the first half of 2017, the Swiss Climate Foundation is awarding 1.1 million Swiss francs to eight SMEs that are developing climate-friendly products and ideas.","breadcrumb":{"@id":"https:\/\/www.organisator.ch\/sustainability\/2017-05-16\/neuer-hoechststand-fuer-klimastiftung-schweiz\/#breadcrumb"},"inLanguage":"en-US","potentialAction":[{"@type":"ReadAction","target":["https:\/\/www.organisator.ch\/sustainability\/2017-05-16\/neuer-hoechststand-fuer-klimastiftung-schweiz\/"]}]},{"@type":"ImageObject","inLanguage":"en-US","@id":"https:\/\/www.organisator.ch\/sustainability\/2017-05-16\/neuer-hoechststand-fuer-klimastiftung-schweiz\/#primaryimage","url":"https:\/\/www.organisator.ch\/wp-content\/uploads\/2017\/06\/Solar-Luftkollektor-scaled.jpg","contentUrl":"https:\/\/www.organisator.ch\/wp-content\/uploads\/2017\/06\/Solar-Luftkollektor-scaled.jpg","width":2560,"height":1440,"caption":"Die Klimastiftung Schweiz unterst\u00fctzt die Entwicklung eines neuartigen Solar-Luftkollektors, der Industrie- und Landwirtschaftsgeb\u00e4ude heizt oder Rohstoffe und Bauwerke trocknet. (Bild: Roisatec)"},{"@type":"BreadcrumbList","@id":"https:\/\/www.organisator.ch\/sustainability\/2017-05-16\/neuer-hoechststand-fuer-klimastiftung-schweiz\/#breadcrumb","itemListElement":[{"@type":"ListItem","position":1,"name":"Home","item":"https:\/\/www.organisator.ch\/"},{"@type":"ListItem","position":2,"name":"Neuer H\u00f6chststand f\u00fcr Klimastiftung Schweiz"}]},{"@type":"WebSite","@id":"https:\/\/www.organisator.ch\/#website","url":"https:\/\/www.organisator.ch\/","name":"Organizer","description":"Competent. Practical. In 10 issues per year, ORGANISATOR presents the essential topics for managers of SMEs.","publisher":{"@id":"https:\/\/www.organisator.ch\/#organization"},"potentialAction":[{"@type":"SearchAction","target":{"@type":"EntryPoint","urlTemplate":"https:\/\/www.organisator.ch\/?s={search_term_string}"},"query-input":{"@type":"PropertyValueSpecification","valueRequired":true,"valueName":"search_term_string"}}],"inLanguage":"en-US"},{"@type":"Organization","@id":"https:\/\/www.organisator.ch\/#organization","name":"Organizer","url":"https:\/\/www.organisator.ch\/","logo":{"@type":"ImageObject","inLanguage":"en-US","@id":"https:\/\/www.organisator.ch\/#\/schema\/logo\/image\/","url":"https:\/\/www.organisator.ch\/wp-content\/uploads\/2022\/01\/Logo_Organisator_Website.png","contentUrl":"https:\/\/www.organisator.ch\/wp-content\/uploads\/2022\/01\/Logo_Organisator_Website.png","width":800,"height":77,"caption":"Organisator"},"image":{"@id":"https:\/\/www.organisator.ch\/#\/schema\/logo\/image\/"},"sameAs":["https:\/\/www.facebook.com\/OrganisatorFachmagazin","https:\/\/www.linkedin.com\/showcase\/organisator-das-magazin-fr-kmu","https:\/\/www.xing.com\/news\/pages\/organisator-ch-695","https:\/\/www.youtube.com\/channel\/UCGP2Sq0iWaZwT3BdIAQFYpw"]},{"@type":"Person","@id":"https:\/\/www.organisator.ch\/#\/schema\/person\/aa2bace6c5c5aad60102004a50c4eb1c","name":"admin","image":{"@type":"ImageObject","inLanguage":"en-US","@id":"https:\/\/secure.gravatar.com\/avatar\/ae2f4d718e6c49043e314ce431e7e645d646302a24a5ef5a8bc8e3f5a032e319?s=96&d=mm&r=g","url":"https:\/\/secure.gravatar.com\/avatar\/ae2f4d718e6c49043e314ce431e7e645d646302a24a5ef5a8bc8e3f5a032e319?s=96&d=mm&r=g","contentUrl":"https:\/\/secure.gravatar.com\/avatar\/ae2f4d718e6c49043e314ce431e7e645d646302a24a5ef5a8bc8e3f5a032e319?s=96&d=mm&r=g","caption":"admin"},"sameAs":["https:\/\/www.organisator.ch"],"url":"https:\/\/www.organisator.ch\/en\/author\/admin\/"}]}},"_links":{"self":[{"href":"https:\/\/www.organisator.ch\/en\/wp-json\/wp\/v2\/posts\/10009","targetHints":{"allow":["GET"]}}],"collection":[{"href":"https:\/\/www.organisator.ch\/en\/wp-json\/wp\/v2\/posts"}],"about":[{"href":"https:\/\/www.organisator.ch\/en\/wp-json\/wp\/v2\/types\/post"}],"author":[{"embeddable":true,"href":"https:\/\/www.organisator.ch\/en\/wp-json\/wp\/v2\/users\/1"}],"replies":[{"embeddable":true,"href":"https:\/\/www.organisator.ch\/en\/wp-json\/wp\/v2\/comments?post=10009"}],"version-history":[{"count":1,"href":"https:\/\/www.organisator.ch\/en\/wp-json\/wp\/v2\/posts\/10009\/revisions"}],"predecessor-version":[{"id":10939,"href":"https:\/\/www.organisator.ch\/en\/wp-json\/wp\/v2\/posts\/10009\/revisions\/10939"}],"wp:featuredmedia":[{"embeddable":true,"href":"https:\/\/www.organisator.ch\/en\/wp-json\/wp\/v2\/media\/981"}],"wp:attachment":[{"href":"https:\/\/www.organisator.ch\/en\/wp-json\/wp\/v2\/media?parent=10009"}],"wp:term":[{"taxonomy":"category","embeddable":true,"href":"https:\/\/www.organisator.ch\/en\/wp-json\/wp\/v2\/categories?post=10009"},{"taxonomy":"post_tag","embeddable":true,"href":"https:\/\/www.organisator.ch\/en\/wp-json\/wp\/v2\/tags?post=10009"}],"curies":[{"name":"wp","href":"https:\/\/api.w.org\/{rel}","templated":true}]}}