{"id":10015,"date":"2017-08-14T14:56:18","date_gmt":"2017-08-14T12:56:18","guid":{"rendered":"https:\/\/www.umweltperspektiven.ch\/?p=1088"},"modified":"2022-02-09T11:06:20","modified_gmt":"2022-02-09T10:06:20","slug":"gueterverkehr-neue-relative-verbrauchswerte-fuer-den-energiekonsum","status":"publish","type":"post","link":"https:\/\/www.organisator.ch\/en\/sustainability\/2017-08-14\/gueterverkehr-neue-relative-verbrauchswerte-fuer-den-energiekonsum\/","title":{"rendered":"Freight transport shows different energy consumption"},"content":{"rendered":"<figure id=\"attachment_1094\" aria-describedby=\"caption-attachment-1094\" style=\"width: 640px\" class=\"wp-caption alignnone\"><img loading=\"lazy\" decoding=\"async\" class=\"size-full wp-image-1094\" src=\"\/\/www.umweltperspektiven.ch\/wp-content\/uploads\/2017\/08\/G\u00fcterverkehr-zeigt-unterschiedlichen-Energiekonsum-UP_Umweltperspektiven.jpg\" alt=\"\" width=\"640\" height=\"413\" \/><figcaption id=\"caption-attachment-1094\" class=\"wp-caption-text\">Cargo transportatio with Trains and Railways<\/figcaption><\/figure>\n<p>Not all freight transport is the same when it comes to energy consumption. In the investigation procedure, RACO reviewed the relative consumption values for traction current in the long-distance freight train category. In doing so, it determined that a uniform flat-rate energy approach for all freight traffic grouped in this train category has a discriminatory effect on network access.<\/p>\n<p>However, as a result of the efforts made so far, the industry has already been able to implement a reduction in the relative consumption value to 0.0168 kWh\/Btkm. Furthermore, the possibility of measuring the current directly from the contact wire was introduced.<\/p>\n<p><strong>Relative consumption value for long-distance freight train<\/strong><\/p>\n<p>RACO has therefore instructed the infrastructure managers to introduce an additional relative consumption value for the train category long-distance freight train in the 2019 service catalog. The long-distance freight train category covers in particular freight trains of accompanied and unaccompanied combined transport, long-distance freight trains, block trains and local freight trains of single wagonload traffic. RACO's order of June 8, 2017 is legally binding.<\/p>\n<p>SBB's Infrastructure Division will now present initial data and an implementation proposal by September 1, 2017, in order to set a differentiated, non-discriminatory relative consumption value for the long-distance freight train category.<\/p>\n<p>As a result of the efforts made so far, the industry has already been able to implement a reduction in the relative consumption value to 0.0168 kWh\/Btkm. Furthermore, the possibility of measuring the current directly from the contact wire has been introduced. (Source: Railway Arbitration Commission SKE)<\/p>\n<p><a href=\"\/\/www.ske.admin.ch\/\">www.ske.admin.ch\/<\/a><\/p>\n<p>&nbsp;<\/p>","protected":false},"excerpt":{"rendered":"<p>G\u00fcterverkehr ist nicht gleich G\u00fcterverkehr, was den Energieverbrauch angeht. Die SKE hat im Untersuchungsverfahren die relativen Verbrauchswerte f\u00fcr den Bahnstrom in der Zuggattung Ferng\u00fcterverkehr \u00fcberpr\u00fcft. Dabei hat sie festgestellt, dass sich ein einheitlicher pauschaler Energieansatz f\u00fcr alle in dieser Zuggattung zusammengefassten G\u00fcterverkehre diskriminierend auf den Netzzugang auswirkt. Aufgrund der bisherigen Bem\u00fchungen konnte die Branche jedoch [&hellip;]<\/p>\n","protected":false},"author":5,"featured_media":9506,"comment_status":"open","ping_status":"open","sticky":false,"template":"","format":"standard","meta":{"_acf_changed":false,"_yoast_wpseo_focuskw":"G\u00fcterverkehr","_yoast_wpseo_metadesc":"Neue Energie-Limiten im G\u00fcterverkehr: Die Infrastruktur-Betreiberinnen m\u00fcssen auf das Fahrplanjahr 2019 den Verbrauchswert f\u00fcr den Energiekonsum anpassen.","articlekey":"","footnotes":""},"categories":[580],"tags":[1071,1337,1405],"class_list":["post-10015","post","type-post","status-publish","format-standard","has-post-thumbnail","hentry","category-sustainability","tag-energielimiten","tag-gueterverkehr","tag-infrastruktur"],"acf":[],"yoast_head":"<!-- This site is optimized with the Yoast SEO plugin v27.5 - https:\/\/yoast.com\/product\/yoast-seo-wordpress\/ -->\n<title>G\u00fcterverkehr zeigt unterschiedlichen Energiekonsum - Organisator<\/title>\n<meta name=\"description\" content=\"Neue Energie-Limiten im G\u00fcterverkehr: Die Infrastruktur-Betreiberinnen m\u00fcssen auf das Fahrplanjahr 2019 den Verbrauchswert f\u00fcr den Energiekonsum anpassen.\" \/>\n<meta name=\"robots\" content=\"index, follow, max-snippet:-1, max-image-preview:large, max-video-preview:-1\" \/>\n<link rel=\"canonical\" href=\"https:\/\/www.organisator.ch\/en\/sustainability\/2017-08-14\/gueterverkehr-neue-relative-verbrauchswerte-fuer-den-energiekonsum\/\" \/>\n<meta property=\"og:locale\" content=\"en_US\" \/>\n<meta property=\"og:type\" content=\"article\" \/>\n<meta property=\"og:title\" content=\"G\u00fcterverkehr zeigt unterschiedlichen Energiekonsum - Organisator\" \/>\n<meta property=\"og:description\" content=\"Neue Energie-Limiten im G\u00fcterverkehr: Die Infrastruktur-Betreiberinnen m\u00fcssen auf das Fahrplanjahr 2019 den Verbrauchswert f\u00fcr den Energiekonsum anpassen.\" \/>\n<meta property=\"og:url\" content=\"https:\/\/www.organisator.ch\/en\/sustainability\/2017-08-14\/gueterverkehr-neue-relative-verbrauchswerte-fuer-den-energiekonsum\/\" \/>\n<meta property=\"og:site_name\" content=\"Organisator\" \/>\n<meta property=\"article:publisher\" content=\"https:\/\/www.facebook.com\/OrganisatorFachmagazin\" \/>\n<meta property=\"article:published_time\" content=\"2017-08-14T12:56:18+00:00\" \/>\n<meta property=\"article:modified_time\" content=\"2022-02-09T10:06:20+00:00\" \/>\n<meta property=\"og:image\" content=\"https:\/\/www.organisator.ch\/wp-content\/uploads\/2017\/08\/Gueterverkehr-zeigt-unterschiedlichen-Energiekonsum-UP_Umweltperspektiven.jpg\" \/>\n\t<meta property=\"og:image:width\" content=\"640\" \/>\n\t<meta property=\"og:image:height\" content=\"413\" \/>\n\t<meta property=\"og:image:type\" content=\"image\/jpeg\" \/>\n<meta name=\"author\" content=\"michael.merz\" \/>\n<meta name=\"twitter:card\" content=\"summary_large_image\" \/>\n<script type=\"application\/ld+json\" class=\"yoast-schema-graph\">{\"@context\":\"https:\\\/\\\/schema.org\",\"@graph\":[{\"@type\":\"Article\",\"@id\":\"https:\\\/\\\/www.organisator.ch\\\/sustainability\\\/2017-08-14\\\/gueterverkehr-neue-relative-verbrauchswerte-fuer-den-energiekonsum\\\/#article\",\"isPartOf\":{\"@id\":\"https:\\\/\\\/www.organisator.ch\\\/sustainability\\\/2017-08-14\\\/gueterverkehr-neue-relative-verbrauchswerte-fuer-den-energiekonsum\\\/\"},\"author\":{\"name\":\"michael.merz\",\"@id\":\"https:\\\/\\\/www.organisator.ch\\\/#\\\/schema\\\/person\\\/134708ca9321c57b0362cceb7948ffbd\"},\"headline\":\"G\u00fcterverkehr zeigt unterschiedlichen Energiekonsum\",\"datePublished\":\"2017-08-14T12:56:18+00:00\",\"dateModified\":\"2022-02-09T10:06:20+00:00\",\"mainEntityOfPage\":{\"@id\":\"https:\\\/\\\/www.organisator.ch\\\/sustainability\\\/2017-08-14\\\/gueterverkehr-neue-relative-verbrauchswerte-fuer-den-energiekonsum\\\/\"},\"wordCount\":242,\"commentCount\":0,\"publisher\":{\"@id\":\"https:\\\/\\\/www.organisator.ch\\\/#organization\"},\"image\":{\"@id\":\"https:\\\/\\\/www.organisator.ch\\\/sustainability\\\/2017-08-14\\\/gueterverkehr-neue-relative-verbrauchswerte-fuer-den-energiekonsum\\\/#primaryimage\"},\"thumbnailUrl\":\"https:\\\/\\\/www.organisator.ch\\\/wp-content\\\/uploads\\\/2017\\\/08\\\/Gueterverkehr-zeigt-unterschiedlichen-Energiekonsum-UP_Umweltperspektiven.jpg\",\"keywords\":[\"Energielimiten\",\"G\u00fcterverkehr\",\"Infrastruktur\"],\"articleSection\":[\"SUSTAINABILITY\"],\"inLanguage\":\"en-US\"},{\"@type\":\"WebPage\",\"@id\":\"https:\\\/\\\/www.organisator.ch\\\/sustainability\\\/2017-08-14\\\/gueterverkehr-neue-relative-verbrauchswerte-fuer-den-energiekonsum\\\/\",\"url\":\"https:\\\/\\\/www.organisator.ch\\\/sustainability\\\/2017-08-14\\\/gueterverkehr-neue-relative-verbrauchswerte-fuer-den-energiekonsum\\\/\",\"name\":\"G\u00fcterverkehr zeigt unterschiedlichen Energiekonsum - Organisator\",\"isPartOf\":{\"@id\":\"https:\\\/\\\/www.organisator.ch\\\/#website\"},\"primaryImageOfPage\":{\"@id\":\"https:\\\/\\\/www.organisator.ch\\\/sustainability\\\/2017-08-14\\\/gueterverkehr-neue-relative-verbrauchswerte-fuer-den-energiekonsum\\\/#primaryimage\"},\"image\":{\"@id\":\"https:\\\/\\\/www.organisator.ch\\\/sustainability\\\/2017-08-14\\\/gueterverkehr-neue-relative-verbrauchswerte-fuer-den-energiekonsum\\\/#primaryimage\"},\"thumbnailUrl\":\"https:\\\/\\\/www.organisator.ch\\\/wp-content\\\/uploads\\\/2017\\\/08\\\/Gueterverkehr-zeigt-unterschiedlichen-Energiekonsum-UP_Umweltperspektiven.jpg\",\"datePublished\":\"2017-08-14T12:56:18+00:00\",\"dateModified\":\"2022-02-09T10:06:20+00:00\",\"description\":\"Neue Energie-Limiten im G\u00fcterverkehr: Die Infrastruktur-Betreiberinnen m\u00fcssen auf das Fahrplanjahr 2019 den Verbrauchswert f\u00fcr den Energiekonsum anpassen.\",\"breadcrumb\":{\"@id\":\"https:\\\/\\\/www.organisator.ch\\\/sustainability\\\/2017-08-14\\\/gueterverkehr-neue-relative-verbrauchswerte-fuer-den-energiekonsum\\\/#breadcrumb\"},\"inLanguage\":\"en-US\",\"potentialAction\":[{\"@type\":\"ReadAction\",\"target\":[\"https:\\\/\\\/www.organisator.ch\\\/sustainability\\\/2017-08-14\\\/gueterverkehr-neue-relative-verbrauchswerte-fuer-den-energiekonsum\\\/\"]}]},{\"@type\":\"ImageObject\",\"inLanguage\":\"en-US\",\"@id\":\"https:\\\/\\\/www.organisator.ch\\\/sustainability\\\/2017-08-14\\\/gueterverkehr-neue-relative-verbrauchswerte-fuer-den-energiekonsum\\\/#primaryimage\",\"url\":\"https:\\\/\\\/www.organisator.ch\\\/wp-content\\\/uploads\\\/2017\\\/08\\\/Gueterverkehr-zeigt-unterschiedlichen-Energiekonsum-UP_Umweltperspektiven.jpg\",\"contentUrl\":\"https:\\\/\\\/www.organisator.ch\\\/wp-content\\\/uploads\\\/2017\\\/08\\\/Gueterverkehr-zeigt-unterschiedlichen-Energiekonsum-UP_Umweltperspektiven.jpg\",\"width\":640,\"height\":413,\"caption\":\"Cargo transportatio with Trains and Railways\"},{\"@type\":\"BreadcrumbList\",\"@id\":\"https:\\\/\\\/www.organisator.ch\\\/sustainability\\\/2017-08-14\\\/gueterverkehr-neue-relative-verbrauchswerte-fuer-den-energiekonsum\\\/#breadcrumb\",\"itemListElement\":[{\"@type\":\"ListItem\",\"position\":1,\"name\":\"Home\",\"item\":\"https:\\\/\\\/www.organisator.ch\\\/\"},{\"@type\":\"ListItem\",\"position\":2,\"name\":\"G\u00fcterverkehr zeigt unterschiedlichen Energiekonsum\"}]},{\"@type\":\"WebSite\",\"@id\":\"https:\\\/\\\/www.organisator.ch\\\/#website\",\"url\":\"https:\\\/\\\/www.organisator.ch\\\/\",\"name\":\"Organisator\",\"description\":\"Kompetent. Praxisnah. Der ORGANISATOR bereitet in 10 Ausgaben pro Jahr die wesentlichen Themen f\u00fcr F\u00fchrungskr\u00e4fte von KMU auf.\",\"publisher\":{\"@id\":\"https:\\\/\\\/www.organisator.ch\\\/#organization\"},\"potentialAction\":[{\"@type\":\"SearchAction\",\"target\":{\"@type\":\"EntryPoint\",\"urlTemplate\":\"https:\\\/\\\/www.organisator.ch\\\/?s={search_term_string}\"},\"query-input\":{\"@type\":\"PropertyValueSpecification\",\"valueRequired\":true,\"valueName\":\"search_term_string\"}}],\"inLanguage\":\"en-US\"},{\"@type\":\"Organization\",\"@id\":\"https:\\\/\\\/www.organisator.ch\\\/#organization\",\"name\":\"Organisator\",\"url\":\"https:\\\/\\\/www.organisator.ch\\\/\",\"logo\":{\"@type\":\"ImageObject\",\"inLanguage\":\"en-US\",\"@id\":\"https:\\\/\\\/www.organisator.ch\\\/#\\\/schema\\\/logo\\\/image\\\/\",\"url\":\"https:\\\/\\\/www.organisator.ch\\\/wp-content\\\/uploads\\\/2022\\\/01\\\/Logo_Organisator_Website.png\",\"contentUrl\":\"https:\\\/\\\/www.organisator.ch\\\/wp-content\\\/uploads\\\/2022\\\/01\\\/Logo_Organisator_Website.png\",\"width\":800,\"height\":77,\"caption\":\"Organisator\"},\"image\":{\"@id\":\"https:\\\/\\\/www.organisator.ch\\\/#\\\/schema\\\/logo\\\/image\\\/\"},\"sameAs\":[\"https:\\\/\\\/www.facebook.com\\\/OrganisatorFachmagazin\",\"https:\\\/\\\/www.linkedin.com\\\/showcase\\\/organisator-das-magazin-fr-kmu\",\"https:\\\/\\\/www.xing.com\\\/news\\\/pages\\\/organisator-ch-695\",\"https:\\\/\\\/www.youtube.com\\\/channel\\\/UCGP2Sq0iWaZwT3BdIAQFYpw\"]},{\"@type\":\"Person\",\"@id\":\"https:\\\/\\\/www.organisator.ch\\\/#\\\/schema\\\/person\\\/134708ca9321c57b0362cceb7948ffbd\",\"name\":\"michael.merz\",\"image\":{\"@type\":\"ImageObject\",\"inLanguage\":\"en-US\",\"@id\":\"https:\\\/\\\/secure.gravatar.com\\\/avatar\\\/?s=96&d=mm&r=g\",\"url\":\"https:\\\/\\\/secure.gravatar.com\\\/avatar\\\/?s=96&d=mm&r=g\",\"contentUrl\":\"https:\\\/\\\/secure.gravatar.com\\\/avatar\\\/?s=96&d=mm&r=g\",\"caption\":\"michael.merz\"},\"url\":\"https:\\\/\\\/www.organisator.ch\\\/en\\\/author\\\/michael-merz\\\/\"}]}<\/script>\n<!-- \/ Yoast SEO plugin. -->","yoast_head_json":{"title":"Freight transport shows different energy consumption - Organizer","description":"New energy limits in freight transport: Infrastructure operators must adjust the consumption value for energy consumption for the 2019 timetable year.","robots":{"index":"index","follow":"follow","max-snippet":"max-snippet:-1","max-image-preview":"max-image-preview:large","max-video-preview":"max-video-preview:-1"},"canonical":"https:\/\/www.organisator.ch\/en\/sustainability\/2017-08-14\/gueterverkehr-neue-relative-verbrauchswerte-fuer-den-energiekonsum\/","og_locale":"en_US","og_type":"article","og_title":"G\u00fcterverkehr zeigt unterschiedlichen Energiekonsum - Organisator","og_description":"Neue Energie-Limiten im G\u00fcterverkehr: Die Infrastruktur-Betreiberinnen m\u00fcssen auf das Fahrplanjahr 2019 den Verbrauchswert f\u00fcr den Energiekonsum anpassen.","og_url":"https:\/\/www.organisator.ch\/en\/sustainability\/2017-08-14\/gueterverkehr-neue-relative-verbrauchswerte-fuer-den-energiekonsum\/","og_site_name":"Organisator","article_publisher":"https:\/\/www.facebook.com\/OrganisatorFachmagazin","article_published_time":"2017-08-14T12:56:18+00:00","article_modified_time":"2022-02-09T10:06:20+00:00","og_image":[{"width":640,"height":413,"url":"https:\/\/www.organisator.ch\/wp-content\/uploads\/2017\/08\/Gueterverkehr-zeigt-unterschiedlichen-Energiekonsum-UP_Umweltperspektiven.jpg","type":"image\/jpeg"}],"author":"michael.merz","twitter_card":"summary_large_image","schema":{"@context":"https:\/\/schema.org","@graph":[{"@type":"Article","@id":"https:\/\/www.organisator.ch\/sustainability\/2017-08-14\/gueterverkehr-neue-relative-verbrauchswerte-fuer-den-energiekonsum\/#article","isPartOf":{"@id":"https:\/\/www.organisator.ch\/sustainability\/2017-08-14\/gueterverkehr-neue-relative-verbrauchswerte-fuer-den-energiekonsum\/"},"author":{"name":"michael.merz","@id":"https:\/\/www.organisator.ch\/#\/schema\/person\/134708ca9321c57b0362cceb7948ffbd"},"headline":"G\u00fcterverkehr zeigt unterschiedlichen Energiekonsum","datePublished":"2017-08-14T12:56:18+00:00","dateModified":"2022-02-09T10:06:20+00:00","mainEntityOfPage":{"@id":"https:\/\/www.organisator.ch\/sustainability\/2017-08-14\/gueterverkehr-neue-relative-verbrauchswerte-fuer-den-energiekonsum\/"},"wordCount":242,"commentCount":0,"publisher":{"@id":"https:\/\/www.organisator.ch\/#organization"},"image":{"@id":"https:\/\/www.organisator.ch\/sustainability\/2017-08-14\/gueterverkehr-neue-relative-verbrauchswerte-fuer-den-energiekonsum\/#primaryimage"},"thumbnailUrl":"https:\/\/www.organisator.ch\/wp-content\/uploads\/2017\/08\/Gueterverkehr-zeigt-unterschiedlichen-Energiekonsum-UP_Umweltperspektiven.jpg","keywords":["Energielimiten","G\u00fcterverkehr","Infrastruktur"],"articleSection":["SUSTAINABILITY"],"inLanguage":"en-US"},{"@type":"WebPage","@id":"https:\/\/www.organisator.ch\/sustainability\/2017-08-14\/gueterverkehr-neue-relative-verbrauchswerte-fuer-den-energiekonsum\/","url":"https:\/\/www.organisator.ch\/sustainability\/2017-08-14\/gueterverkehr-neue-relative-verbrauchswerte-fuer-den-energiekonsum\/","name":"Freight transport shows different energy consumption - Organizer","isPartOf":{"@id":"https:\/\/www.organisator.ch\/#website"},"primaryImageOfPage":{"@id":"https:\/\/www.organisator.ch\/sustainability\/2017-08-14\/gueterverkehr-neue-relative-verbrauchswerte-fuer-den-energiekonsum\/#primaryimage"},"image":{"@id":"https:\/\/www.organisator.ch\/sustainability\/2017-08-14\/gueterverkehr-neue-relative-verbrauchswerte-fuer-den-energiekonsum\/#primaryimage"},"thumbnailUrl":"https:\/\/www.organisator.ch\/wp-content\/uploads\/2017\/08\/Gueterverkehr-zeigt-unterschiedlichen-Energiekonsum-UP_Umweltperspektiven.jpg","datePublished":"2017-08-14T12:56:18+00:00","dateModified":"2022-02-09T10:06:20+00:00","description":"New energy limits in freight transport: Infrastructure operators must adjust the consumption value for energy consumption for the 2019 timetable year.","breadcrumb":{"@id":"https:\/\/www.organisator.ch\/sustainability\/2017-08-14\/gueterverkehr-neue-relative-verbrauchswerte-fuer-den-energiekonsum\/#breadcrumb"},"inLanguage":"en-US","potentialAction":[{"@type":"ReadAction","target":["https:\/\/www.organisator.ch\/sustainability\/2017-08-14\/gueterverkehr-neue-relative-verbrauchswerte-fuer-den-energiekonsum\/"]}]},{"@type":"ImageObject","inLanguage":"en-US","@id":"https:\/\/www.organisator.ch\/sustainability\/2017-08-14\/gueterverkehr-neue-relative-verbrauchswerte-fuer-den-energiekonsum\/#primaryimage","url":"https:\/\/www.organisator.ch\/wp-content\/uploads\/2017\/08\/Gueterverkehr-zeigt-unterschiedlichen-Energiekonsum-UP_Umweltperspektiven.jpg","contentUrl":"https:\/\/www.organisator.ch\/wp-content\/uploads\/2017\/08\/Gueterverkehr-zeigt-unterschiedlichen-Energiekonsum-UP_Umweltperspektiven.jpg","width":640,"height":413,"caption":"Cargo transportatio with Trains and Railways"},{"@type":"BreadcrumbList","@id":"https:\/\/www.organisator.ch\/sustainability\/2017-08-14\/gueterverkehr-neue-relative-verbrauchswerte-fuer-den-energiekonsum\/#breadcrumb","itemListElement":[{"@type":"ListItem","position":1,"name":"Home","item":"https:\/\/www.organisator.ch\/"},{"@type":"ListItem","position":2,"name":"G\u00fcterverkehr zeigt unterschiedlichen Energiekonsum"}]},{"@type":"WebSite","@id":"https:\/\/www.organisator.ch\/#website","url":"https:\/\/www.organisator.ch\/","name":"Organizer","description":"Competent. Practical. In 10 issues per year, ORGANISATOR presents the essential topics for managers of SMEs.","publisher":{"@id":"https:\/\/www.organisator.ch\/#organization"},"potentialAction":[{"@type":"SearchAction","target":{"@type":"EntryPoint","urlTemplate":"https:\/\/www.organisator.ch\/?s={search_term_string}"},"query-input":{"@type":"PropertyValueSpecification","valueRequired":true,"valueName":"search_term_string"}}],"inLanguage":"en-US"},{"@type":"Organization","@id":"https:\/\/www.organisator.ch\/#organization","name":"Organizer","url":"https:\/\/www.organisator.ch\/","logo":{"@type":"ImageObject","inLanguage":"en-US","@id":"https:\/\/www.organisator.ch\/#\/schema\/logo\/image\/","url":"https:\/\/www.organisator.ch\/wp-content\/uploads\/2022\/01\/Logo_Organisator_Website.png","contentUrl":"https:\/\/www.organisator.ch\/wp-content\/uploads\/2022\/01\/Logo_Organisator_Website.png","width":800,"height":77,"caption":"Organisator"},"image":{"@id":"https:\/\/www.organisator.ch\/#\/schema\/logo\/image\/"},"sameAs":["https:\/\/www.facebook.com\/OrganisatorFachmagazin","https:\/\/www.linkedin.com\/showcase\/organisator-das-magazin-fr-kmu","https:\/\/www.xing.com\/news\/pages\/organisator-ch-695","https:\/\/www.youtube.com\/channel\/UCGP2Sq0iWaZwT3BdIAQFYpw"]},{"@type":"Person","@id":"https:\/\/www.organisator.ch\/#\/schema\/person\/134708ca9321c57b0362cceb7948ffbd","name":"michael.merz","image":{"@type":"ImageObject","inLanguage":"en-US","@id":"https:\/\/secure.gravatar.com\/avatar\/?s=96&d=mm&r=g","url":"https:\/\/secure.gravatar.com\/avatar\/?s=96&d=mm&r=g","contentUrl":"https:\/\/secure.gravatar.com\/avatar\/?s=96&d=mm&r=g","caption":"michael.merz"},"url":"https:\/\/www.organisator.ch\/en\/author\/michael-merz\/"}]}},"_links":{"self":[{"href":"https:\/\/www.organisator.ch\/en\/wp-json\/wp\/v2\/posts\/10015","targetHints":{"allow":["GET"]}}],"collection":[{"href":"https:\/\/www.organisator.ch\/en\/wp-json\/wp\/v2\/posts"}],"about":[{"href":"https:\/\/www.organisator.ch\/en\/wp-json\/wp\/v2\/types\/post"}],"author":[{"embeddable":true,"href":"https:\/\/www.organisator.ch\/en\/wp-json\/wp\/v2\/users\/5"}],"replies":[{"embeddable":true,"href":"https:\/\/www.organisator.ch\/en\/wp-json\/wp\/v2\/comments?post=10015"}],"version-history":[{"count":1,"href":"https:\/\/www.organisator.ch\/en\/wp-json\/wp\/v2\/posts\/10015\/revisions"}],"predecessor-version":[{"id":10577,"href":"https:\/\/www.organisator.ch\/en\/wp-json\/wp\/v2\/posts\/10015\/revisions\/10577"}],"wp:featuredmedia":[{"embeddable":true,"href":"https:\/\/www.organisator.ch\/en\/wp-json\/wp\/v2\/media\/9506"}],"wp:attachment":[{"href":"https:\/\/www.organisator.ch\/en\/wp-json\/wp\/v2\/media?parent=10015"}],"wp:term":[{"taxonomy":"category","embeddable":true,"href":"https:\/\/www.organisator.ch\/en\/wp-json\/wp\/v2\/categories?post=10015"},{"taxonomy":"post_tag","embeddable":true,"href":"https:\/\/www.organisator.ch\/en\/wp-json\/wp\/v2\/tags?post=10015"}],"curies":[{"name":"wp","href":"https:\/\/api.w.org\/{rel}","templated":true}]}}