{"id":10020,"date":"2017-10-13T09:00:01","date_gmt":"2017-10-13T07:00:01","guid":{"rendered":"https:\/\/www.umweltperspektiven.ch\/?p=1265"},"modified":"2022-02-09T11:06:19","modified_gmt":"2022-02-09T10:06:19","slug":"erneuerbare-energien-sommerwetter-foerderte-rekorde","status":"publish","type":"post","link":"https:\/\/www.organisator.ch\/en\/sustainability\/2017-10-13\/erneuerbare-energien-sommerwetter-foerderte-rekorde\/","title":{"rendered":"Renewable energies: summer weather promoted records"},"content":{"rendered":"<figure id=\"attachment_1266\" aria-describedby=\"caption-attachment-1266\" style=\"width: 600px\" class=\"wp-caption alignnone\"><img loading=\"lazy\" decoding=\"async\" class=\"size-full wp-image-1266\" src=\"\/\/www.umweltperspektiven.ch\/wp-content\/uploads\/2017\/10\/Erneuerbare-Energien-Sommerwetter-f\u00f6rderte-Rekorde-up_umweltperspektiven.jpg\" alt=\"\" width=\"600\" height=\"412\" \/><figcaption id=\"caption-attachment-1266\" class=\"wp-caption-text\">More and more of Europe's energy needs are being met by \"renewables\" - and this will continue in Swiss communities. (Image zVg)<\/figcaption><\/figure>\n<p>In June, people always have high expectations for summer weather. Really \"nice\" was not the weather in Europe at the beginning of June. Of course, the sun came out from time to time, but there was also a lot of rain and unusually strong winds. What was rather less pleasing to friends of outdoor activities was apparently a blessing for producers of renewable forms of energy - in several European countries at once.<\/p>\n<p>Whether in the UK, Denmark or Germany, on one June day or another, specialized companies managed to generate more electricity from clean sources than from fossil fuels. In the UK, for example, it was possible to produce more electricity from clean sources than from coal and natural gas. The British invested heavily in wind power, with wind energy output accounting for 10 percent on the record day. In addition, there was solar power, hydropower and biomass.<\/p>\n<p>Taken together, renewable energies thus achieved 50.7 percent of the necessary energy requirement. If nuclear energy is also added, the British ended up with an impressive 72.1 percent of CO2-neutral energy generation.<\/p>\n<p><strong>Current best in class<\/strong><\/p>\n<p>In Germany, things looked even better. At the beginning of June, there was a day on which 66 percent of electricity demand was covered by renewable sources. However, this is not a record in this country, as 85 percent had already been reached in April. Only Denmark did even better. In this Scandinavian country, the increased wind speeds resulted in peak energy generation. In a short period at the beginning of June, wind power plants, which also generate electricity for export, covered no less than 137 percent of the kingdom's total electricity requirements.<\/p>\n<p>However, Denmark's green power success also highlights a key problem: When the wind is blowing very strongly, production is excellent; when it is calm, on the other hand, hardly a watt arrives. Since there is still a lack of large energy storage systems that could store the excess electricity generated on site, energy is lost during periods of overproduction - and poor generation periods have to be compensated for in other ways.<\/p>\n<p><strong>More record days in sight<\/strong><\/p>\n<p>The trend itself seems irreversible: more and more of Europe's energy needs are being met by \"renewables\" - and this is likely to continue. The major investments in wind power are continuing. Hundreds of new offshore turbines are to be built in the North Sea in the coming years, for example, and the continuing fall in the price of solar cells is ensuring that solar energy is increasingly - and above all profitably - used. So there will undoubtedly be more record-breaking days ahead. (Source: TechnologyReview)<\/p>\n<p>&nbsp;<\/p>\n<p>&nbsp;<\/p>\n<p><em>More news and key data on the Swiss solar sector can be found at <a href=\"\/\/www.swissolar.ch\">www.swissolar.ch<\/a><\/em><\/p>","protected":false},"excerpt":{"rendered":"<p>Im Juni hat man immer hohe Erwartungen an das Sommerwetter. Wirklich &#8222;sch\u00f6n&#8220; war das Wetter in Europa Anfang Juni nicht. Nat\u00fcrlich kam die Sonne ab und zu raus, aber es gab auch viel Regen und ungew\u00f6hnlich starke Winde. Was Freunden von Freiluftaktivit\u00e4ten eher weniger gefiel, war f\u00fcr die Produzenten erneuerbarer Energieformen offenbar ein Segen \u2013 [&hellip;]<\/p>\n","protected":false},"author":5,"featured_media":9514,"comment_status":"open","ping_status":"open","sticky":false,"template":"","format":"standard","meta":{"_acf_changed":false,"_yoast_wpseo_focuskw":"Sommerwetter","_yoast_wpseo_metadesc":"Wirklich \"sch\u00f6n\" war das Wetter in Europa Anfang Juni nicht, trotzdem brachte das Sommerwetter 2017 den einen oder anderen neuen Rekord mit sich.","articlekey":"","footnotes":""},"categories":[580],"tags":[1098,2005,2143],"class_list":["post-10020","post","type-post","status-publish","format-standard","has-post-thumbnail","hentry","category-sustainability","tag-enerneuerbare-energie","tag-rekorde","tag-solarenergie"],"acf":[],"yoast_head":"<!-- This site is optimized with the Yoast SEO plugin v27.4 - https:\/\/yoast.com\/product\/yoast-seo-wordpress\/ -->\n<title>Erneuerbare Energien: Sommerwetter f\u00f6rderte Rekorde - Organisator<\/title>\n<meta name=\"description\" content=\"Wirklich &quot;sch\u00f6n&quot; war das Wetter in Europa Anfang Juni nicht, trotzdem brachte das Sommerwetter 2017 den einen oder anderen neuen Rekord mit sich.\" \/>\n<meta name=\"robots\" content=\"index, follow, max-snippet:-1, max-image-preview:large, max-video-preview:-1\" \/>\n<link rel=\"canonical\" href=\"https:\/\/www.organisator.ch\/en\/sustainability\/2017-10-13\/erneuerbare-energien-sommerwetter-foerderte-rekorde\/\" \/>\n<meta property=\"og:locale\" content=\"en_US\" \/>\n<meta property=\"og:type\" content=\"article\" \/>\n<meta property=\"og:title\" content=\"Erneuerbare Energien: Sommerwetter f\u00f6rderte Rekorde - Organisator\" \/>\n<meta property=\"og:description\" content=\"Wirklich &quot;sch\u00f6n&quot; war das Wetter in Europa Anfang Juni nicht, trotzdem brachte das Sommerwetter 2017 den einen oder anderen neuen Rekord mit sich.\" \/>\n<meta property=\"og:url\" content=\"https:\/\/www.organisator.ch\/en\/sustainability\/2017-10-13\/erneuerbare-energien-sommerwetter-foerderte-rekorde\/\" \/>\n<meta property=\"og:site_name\" content=\"Organisator\" \/>\n<meta property=\"article:publisher\" content=\"https:\/\/www.facebook.com\/OrganisatorFachmagazin\" \/>\n<meta property=\"article:published_time\" content=\"2017-10-13T07:00:01+00:00\" \/>\n<meta property=\"article:modified_time\" content=\"2022-02-09T10:06:19+00:00\" \/>\n<meta property=\"og:image\" content=\"https:\/\/www.organisator.ch\/wp-content\/uploads\/2017\/10\/Erneuerbare-Energien-Sommerwetter-foerderte-Rekorde-up_umweltperspektiven.jpg\" \/>\n\t<meta property=\"og:image:width\" content=\"600\" \/>\n\t<meta property=\"og:image:height\" content=\"412\" \/>\n\t<meta property=\"og:image:type\" content=\"image\/jpeg\" \/>\n<meta name=\"author\" content=\"michael.merz\" \/>\n<meta name=\"twitter:card\" content=\"summary_large_image\" \/>\n<script type=\"application\/ld+json\" class=\"yoast-schema-graph\">{\"@context\":\"https:\\\/\\\/schema.org\",\"@graph\":[{\"@type\":\"Article\",\"@id\":\"https:\\\/\\\/www.organisator.ch\\\/sustainability\\\/2017-10-13\\\/erneuerbare-energien-sommerwetter-foerderte-rekorde\\\/#article\",\"isPartOf\":{\"@id\":\"https:\\\/\\\/www.organisator.ch\\\/sustainability\\\/2017-10-13\\\/erneuerbare-energien-sommerwetter-foerderte-rekorde\\\/\"},\"author\":{\"name\":\"michael.merz\",\"@id\":\"https:\\\/\\\/www.organisator.ch\\\/#\\\/schema\\\/person\\\/134708ca9321c57b0362cceb7948ffbd\"},\"headline\":\"Erneuerbare Energien: Sommerwetter f\u00f6rderte Rekorde\",\"datePublished\":\"2017-10-13T07:00:01+00:00\",\"dateModified\":\"2022-02-09T10:06:19+00:00\",\"mainEntityOfPage\":{\"@id\":\"https:\\\/\\\/www.organisator.ch\\\/sustainability\\\/2017-10-13\\\/erneuerbare-energien-sommerwetter-foerderte-rekorde\\\/\"},\"wordCount\":451,\"commentCount\":0,\"publisher\":{\"@id\":\"https:\\\/\\\/www.organisator.ch\\\/#organization\"},\"image\":{\"@id\":\"https:\\\/\\\/www.organisator.ch\\\/sustainability\\\/2017-10-13\\\/erneuerbare-energien-sommerwetter-foerderte-rekorde\\\/#primaryimage\"},\"thumbnailUrl\":\"https:\\\/\\\/www.organisator.ch\\\/wp-content\\\/uploads\\\/2017\\\/10\\\/Erneuerbare-Energien-Sommerwetter-foerderte-Rekorde-up_umweltperspektiven.jpg\",\"keywords\":[\"Enerneuerbare Energie\",\"Rekorde\",\"Solarenergie\"],\"articleSection\":[\"SUSTAINABILITY\"],\"inLanguage\":\"en-US\"},{\"@type\":\"WebPage\",\"@id\":\"https:\\\/\\\/www.organisator.ch\\\/sustainability\\\/2017-10-13\\\/erneuerbare-energien-sommerwetter-foerderte-rekorde\\\/\",\"url\":\"https:\\\/\\\/www.organisator.ch\\\/sustainability\\\/2017-10-13\\\/erneuerbare-energien-sommerwetter-foerderte-rekorde\\\/\",\"name\":\"Erneuerbare Energien: Sommerwetter f\u00f6rderte Rekorde - Organisator\",\"isPartOf\":{\"@id\":\"https:\\\/\\\/www.organisator.ch\\\/#website\"},\"primaryImageOfPage\":{\"@id\":\"https:\\\/\\\/www.organisator.ch\\\/sustainability\\\/2017-10-13\\\/erneuerbare-energien-sommerwetter-foerderte-rekorde\\\/#primaryimage\"},\"image\":{\"@id\":\"https:\\\/\\\/www.organisator.ch\\\/sustainability\\\/2017-10-13\\\/erneuerbare-energien-sommerwetter-foerderte-rekorde\\\/#primaryimage\"},\"thumbnailUrl\":\"https:\\\/\\\/www.organisator.ch\\\/wp-content\\\/uploads\\\/2017\\\/10\\\/Erneuerbare-Energien-Sommerwetter-foerderte-Rekorde-up_umweltperspektiven.jpg\",\"datePublished\":\"2017-10-13T07:00:01+00:00\",\"dateModified\":\"2022-02-09T10:06:19+00:00\",\"description\":\"Wirklich \\\"sch\u00f6n\\\" war das Wetter in Europa Anfang Juni nicht, trotzdem brachte das Sommerwetter 2017 den einen oder anderen neuen Rekord mit sich.\",\"breadcrumb\":{\"@id\":\"https:\\\/\\\/www.organisator.ch\\\/sustainability\\\/2017-10-13\\\/erneuerbare-energien-sommerwetter-foerderte-rekorde\\\/#breadcrumb\"},\"inLanguage\":\"en-US\",\"potentialAction\":[{\"@type\":\"ReadAction\",\"target\":[\"https:\\\/\\\/www.organisator.ch\\\/sustainability\\\/2017-10-13\\\/erneuerbare-energien-sommerwetter-foerderte-rekorde\\\/\"]}]},{\"@type\":\"ImageObject\",\"inLanguage\":\"en-US\",\"@id\":\"https:\\\/\\\/www.organisator.ch\\\/sustainability\\\/2017-10-13\\\/erneuerbare-energien-sommerwetter-foerderte-rekorde\\\/#primaryimage\",\"url\":\"https:\\\/\\\/www.organisator.ch\\\/wp-content\\\/uploads\\\/2017\\\/10\\\/Erneuerbare-Energien-Sommerwetter-foerderte-Rekorde-up_umweltperspektiven.jpg\",\"contentUrl\":\"https:\\\/\\\/www.organisator.ch\\\/wp-content\\\/uploads\\\/2017\\\/10\\\/Erneuerbare-Energien-Sommerwetter-foerderte-Rekorde-up_umweltperspektiven.jpg\",\"width\":600,\"height\":412,\"caption\":\"Mehr und mehr des europ\u00e4ischen Energiebedarfs wird von den \\\"Erneuerbaren\\\" gedeckt \u2013 das wird auch in Schweizer Gemeinden so weitergehen. (Bild zVg)\"},{\"@type\":\"BreadcrumbList\",\"@id\":\"https:\\\/\\\/www.organisator.ch\\\/sustainability\\\/2017-10-13\\\/erneuerbare-energien-sommerwetter-foerderte-rekorde\\\/#breadcrumb\",\"itemListElement\":[{\"@type\":\"ListItem\",\"position\":1,\"name\":\"Home\",\"item\":\"https:\\\/\\\/www.organisator.ch\\\/\"},{\"@type\":\"ListItem\",\"position\":2,\"name\":\"Erneuerbare Energien: Sommerwetter f\u00f6rderte Rekorde\"}]},{\"@type\":\"WebSite\",\"@id\":\"https:\\\/\\\/www.organisator.ch\\\/#website\",\"url\":\"https:\\\/\\\/www.organisator.ch\\\/\",\"name\":\"Organisator\",\"description\":\"Kompetent. Praxisnah. Der ORGANISATOR bereitet in 10 Ausgaben pro Jahr die wesentlichen Themen f\u00fcr F\u00fchrungskr\u00e4fte von KMU auf.\",\"publisher\":{\"@id\":\"https:\\\/\\\/www.organisator.ch\\\/#organization\"},\"potentialAction\":[{\"@type\":\"SearchAction\",\"target\":{\"@type\":\"EntryPoint\",\"urlTemplate\":\"https:\\\/\\\/www.organisator.ch\\\/?s={search_term_string}\"},\"query-input\":{\"@type\":\"PropertyValueSpecification\",\"valueRequired\":true,\"valueName\":\"search_term_string\"}}],\"inLanguage\":\"en-US\"},{\"@type\":\"Organization\",\"@id\":\"https:\\\/\\\/www.organisator.ch\\\/#organization\",\"name\":\"Organisator\",\"url\":\"https:\\\/\\\/www.organisator.ch\\\/\",\"logo\":{\"@type\":\"ImageObject\",\"inLanguage\":\"en-US\",\"@id\":\"https:\\\/\\\/www.organisator.ch\\\/#\\\/schema\\\/logo\\\/image\\\/\",\"url\":\"https:\\\/\\\/www.organisator.ch\\\/wp-content\\\/uploads\\\/2022\\\/01\\\/Logo_Organisator_Website.png\",\"contentUrl\":\"https:\\\/\\\/www.organisator.ch\\\/wp-content\\\/uploads\\\/2022\\\/01\\\/Logo_Organisator_Website.png\",\"width\":800,\"height\":77,\"caption\":\"Organisator\"},\"image\":{\"@id\":\"https:\\\/\\\/www.organisator.ch\\\/#\\\/schema\\\/logo\\\/image\\\/\"},\"sameAs\":[\"https:\\\/\\\/www.facebook.com\\\/OrganisatorFachmagazin\",\"https:\\\/\\\/www.linkedin.com\\\/showcase\\\/organisator-das-magazin-fr-kmu\",\"https:\\\/\\\/www.xing.com\\\/news\\\/pages\\\/organisator-ch-695\",\"https:\\\/\\\/www.youtube.com\\\/channel\\\/UCGP2Sq0iWaZwT3BdIAQFYpw\"]},{\"@type\":\"Person\",\"@id\":\"https:\\\/\\\/www.organisator.ch\\\/#\\\/schema\\\/person\\\/134708ca9321c57b0362cceb7948ffbd\",\"name\":\"michael.merz\",\"image\":{\"@type\":\"ImageObject\",\"inLanguage\":\"en-US\",\"@id\":\"https:\\\/\\\/secure.gravatar.com\\\/avatar\\\/?s=96&d=mm&r=g\",\"url\":\"https:\\\/\\\/secure.gravatar.com\\\/avatar\\\/?s=96&d=mm&r=g\",\"contentUrl\":\"https:\\\/\\\/secure.gravatar.com\\\/avatar\\\/?s=96&d=mm&r=g\",\"caption\":\"michael.merz\"},\"url\":\"https:\\\/\\\/www.organisator.ch\\\/en\\\/author\\\/michael-merz\\\/\"}]}<\/script>\n<!-- \/ Yoast SEO plugin. -->","yoast_head_json":{"title":"Renewable energies: Summer weather promoted records - Organizer","description":"The weather in Europe was not really \"nice\" at the beginning of June, but the summer weather of 2017 still brought one or two new records.","robots":{"index":"index","follow":"follow","max-snippet":"max-snippet:-1","max-image-preview":"max-image-preview:large","max-video-preview":"max-video-preview:-1"},"canonical":"https:\/\/www.organisator.ch\/en\/sustainability\/2017-10-13\/erneuerbare-energien-sommerwetter-foerderte-rekorde\/","og_locale":"en_US","og_type":"article","og_title":"Erneuerbare Energien: Sommerwetter f\u00f6rderte Rekorde - Organisator","og_description":"Wirklich \"sch\u00f6n\" war das Wetter in Europa Anfang Juni nicht, trotzdem brachte das Sommerwetter 2017 den einen oder anderen neuen Rekord mit sich.","og_url":"https:\/\/www.organisator.ch\/en\/sustainability\/2017-10-13\/erneuerbare-energien-sommerwetter-foerderte-rekorde\/","og_site_name":"Organisator","article_publisher":"https:\/\/www.facebook.com\/OrganisatorFachmagazin","article_published_time":"2017-10-13T07:00:01+00:00","article_modified_time":"2022-02-09T10:06:19+00:00","og_image":[{"width":600,"height":412,"url":"https:\/\/www.organisator.ch\/wp-content\/uploads\/2017\/10\/Erneuerbare-Energien-Sommerwetter-foerderte-Rekorde-up_umweltperspektiven.jpg","type":"image\/jpeg"}],"author":"michael.merz","twitter_card":"summary_large_image","schema":{"@context":"https:\/\/schema.org","@graph":[{"@type":"Article","@id":"https:\/\/www.organisator.ch\/sustainability\/2017-10-13\/erneuerbare-energien-sommerwetter-foerderte-rekorde\/#article","isPartOf":{"@id":"https:\/\/www.organisator.ch\/sustainability\/2017-10-13\/erneuerbare-energien-sommerwetter-foerderte-rekorde\/"},"author":{"name":"michael.merz","@id":"https:\/\/www.organisator.ch\/#\/schema\/person\/134708ca9321c57b0362cceb7948ffbd"},"headline":"Erneuerbare Energien: Sommerwetter f\u00f6rderte Rekorde","datePublished":"2017-10-13T07:00:01+00:00","dateModified":"2022-02-09T10:06:19+00:00","mainEntityOfPage":{"@id":"https:\/\/www.organisator.ch\/sustainability\/2017-10-13\/erneuerbare-energien-sommerwetter-foerderte-rekorde\/"},"wordCount":451,"commentCount":0,"publisher":{"@id":"https:\/\/www.organisator.ch\/#organization"},"image":{"@id":"https:\/\/www.organisator.ch\/sustainability\/2017-10-13\/erneuerbare-energien-sommerwetter-foerderte-rekorde\/#primaryimage"},"thumbnailUrl":"https:\/\/www.organisator.ch\/wp-content\/uploads\/2017\/10\/Erneuerbare-Energien-Sommerwetter-foerderte-Rekorde-up_umweltperspektiven.jpg","keywords":["Enerneuerbare Energie","Rekorde","Solarenergie"],"articleSection":["SUSTAINABILITY"],"inLanguage":"en-US"},{"@type":"WebPage","@id":"https:\/\/www.organisator.ch\/sustainability\/2017-10-13\/erneuerbare-energien-sommerwetter-foerderte-rekorde\/","url":"https:\/\/www.organisator.ch\/sustainability\/2017-10-13\/erneuerbare-energien-sommerwetter-foerderte-rekorde\/","name":"Renewable energies: Summer weather promoted records - Organizer","isPartOf":{"@id":"https:\/\/www.organisator.ch\/#website"},"primaryImageOfPage":{"@id":"https:\/\/www.organisator.ch\/sustainability\/2017-10-13\/erneuerbare-energien-sommerwetter-foerderte-rekorde\/#primaryimage"},"image":{"@id":"https:\/\/www.organisator.ch\/sustainability\/2017-10-13\/erneuerbare-energien-sommerwetter-foerderte-rekorde\/#primaryimage"},"thumbnailUrl":"https:\/\/www.organisator.ch\/wp-content\/uploads\/2017\/10\/Erneuerbare-Energien-Sommerwetter-foerderte-Rekorde-up_umweltperspektiven.jpg","datePublished":"2017-10-13T07:00:01+00:00","dateModified":"2022-02-09T10:06:19+00:00","description":"The weather in Europe was not really \"nice\" at the beginning of June, but the summer weather of 2017 still brought one or two new records.","breadcrumb":{"@id":"https:\/\/www.organisator.ch\/sustainability\/2017-10-13\/erneuerbare-energien-sommerwetter-foerderte-rekorde\/#breadcrumb"},"inLanguage":"en-US","potentialAction":[{"@type":"ReadAction","target":["https:\/\/www.organisator.ch\/sustainability\/2017-10-13\/erneuerbare-energien-sommerwetter-foerderte-rekorde\/"]}]},{"@type":"ImageObject","inLanguage":"en-US","@id":"https:\/\/www.organisator.ch\/sustainability\/2017-10-13\/erneuerbare-energien-sommerwetter-foerderte-rekorde\/#primaryimage","url":"https:\/\/www.organisator.ch\/wp-content\/uploads\/2017\/10\/Erneuerbare-Energien-Sommerwetter-foerderte-Rekorde-up_umweltperspektiven.jpg","contentUrl":"https:\/\/www.organisator.ch\/wp-content\/uploads\/2017\/10\/Erneuerbare-Energien-Sommerwetter-foerderte-Rekorde-up_umweltperspektiven.jpg","width":600,"height":412,"caption":"Mehr und mehr des europ\u00e4ischen Energiebedarfs wird von den \"Erneuerbaren\" gedeckt \u2013 das wird auch in Schweizer Gemeinden so weitergehen. (Bild zVg)"},{"@type":"BreadcrumbList","@id":"https:\/\/www.organisator.ch\/sustainability\/2017-10-13\/erneuerbare-energien-sommerwetter-foerderte-rekorde\/#breadcrumb","itemListElement":[{"@type":"ListItem","position":1,"name":"Home","item":"https:\/\/www.organisator.ch\/"},{"@type":"ListItem","position":2,"name":"Erneuerbare Energien: Sommerwetter f\u00f6rderte Rekorde"}]},{"@type":"WebSite","@id":"https:\/\/www.organisator.ch\/#website","url":"https:\/\/www.organisator.ch\/","name":"Organizer","description":"Competent. Practical. In 10 issues per year, ORGANISATOR presents the essential topics for managers of SMEs.","publisher":{"@id":"https:\/\/www.organisator.ch\/#organization"},"potentialAction":[{"@type":"SearchAction","target":{"@type":"EntryPoint","urlTemplate":"https:\/\/www.organisator.ch\/?s={search_term_string}"},"query-input":{"@type":"PropertyValueSpecification","valueRequired":true,"valueName":"search_term_string"}}],"inLanguage":"en-US"},{"@type":"Organization","@id":"https:\/\/www.organisator.ch\/#organization","name":"Organizer","url":"https:\/\/www.organisator.ch\/","logo":{"@type":"ImageObject","inLanguage":"en-US","@id":"https:\/\/www.organisator.ch\/#\/schema\/logo\/image\/","url":"https:\/\/www.organisator.ch\/wp-content\/uploads\/2022\/01\/Logo_Organisator_Website.png","contentUrl":"https:\/\/www.organisator.ch\/wp-content\/uploads\/2022\/01\/Logo_Organisator_Website.png","width":800,"height":77,"caption":"Organisator"},"image":{"@id":"https:\/\/www.organisator.ch\/#\/schema\/logo\/image\/"},"sameAs":["https:\/\/www.facebook.com\/OrganisatorFachmagazin","https:\/\/www.linkedin.com\/showcase\/organisator-das-magazin-fr-kmu","https:\/\/www.xing.com\/news\/pages\/organisator-ch-695","https:\/\/www.youtube.com\/channel\/UCGP2Sq0iWaZwT3BdIAQFYpw"]},{"@type":"Person","@id":"https:\/\/www.organisator.ch\/#\/schema\/person\/134708ca9321c57b0362cceb7948ffbd","name":"michael.merz","image":{"@type":"ImageObject","inLanguage":"en-US","@id":"https:\/\/secure.gravatar.com\/avatar\/?s=96&d=mm&r=g","url":"https:\/\/secure.gravatar.com\/avatar\/?s=96&d=mm&r=g","contentUrl":"https:\/\/secure.gravatar.com\/avatar\/?s=96&d=mm&r=g","caption":"michael.merz"},"url":"https:\/\/www.organisator.ch\/en\/author\/michael-merz\/"}]}},"_links":{"self":[{"href":"https:\/\/www.organisator.ch\/en\/wp-json\/wp\/v2\/posts\/10020","targetHints":{"allow":["GET"]}}],"collection":[{"href":"https:\/\/www.organisator.ch\/en\/wp-json\/wp\/v2\/posts"}],"about":[{"href":"https:\/\/www.organisator.ch\/en\/wp-json\/wp\/v2\/types\/post"}],"author":[{"embeddable":true,"href":"https:\/\/www.organisator.ch\/en\/wp-json\/wp\/v2\/users\/5"}],"replies":[{"embeddable":true,"href":"https:\/\/www.organisator.ch\/en\/wp-json\/wp\/v2\/comments?post=10020"}],"version-history":[{"count":1,"href":"https:\/\/www.organisator.ch\/en\/wp-json\/wp\/v2\/posts\/10020\/revisions"}],"predecessor-version":[{"id":10575,"href":"https:\/\/www.organisator.ch\/en\/wp-json\/wp\/v2\/posts\/10020\/revisions\/10575"}],"wp:featuredmedia":[{"embeddable":true,"href":"https:\/\/www.organisator.ch\/en\/wp-json\/wp\/v2\/media\/9514"}],"wp:attachment":[{"href":"https:\/\/www.organisator.ch\/en\/wp-json\/wp\/v2\/media?parent=10020"}],"wp:term":[{"taxonomy":"category","embeddable":true,"href":"https:\/\/www.organisator.ch\/en\/wp-json\/wp\/v2\/categories?post=10020"},{"taxonomy":"post_tag","embeddable":true,"href":"https:\/\/www.organisator.ch\/en\/wp-json\/wp\/v2\/tags?post=10020"}],"curies":[{"name":"wp","href":"https:\/\/api.w.org\/{rel}","templated":true}]}}