{"id":10023,"date":"2017-11-06T10:16:30","date_gmt":"2017-11-06T09:16:30","guid":{"rendered":"https:\/\/www.umweltperspektiven.ch\/?p=1331"},"modified":"2022-02-09T11:06:55","modified_gmt":"2022-02-09T10:06:55","slug":"migros-und-empa-engagieren-sich-fuer-klimaschonenden-transport","status":"publish","type":"post","link":"https:\/\/www.organisator.ch\/en\/sustainability\/2017-11-06\/migros-und-empa-engagieren-sich-fuer-klimaschonenden-transport\/","title":{"rendered":"Migros and Empa are committed to climate-friendly transport"},"content":{"rendered":"<figure id=\"attachment_1332\" aria-describedby=\"caption-attachment-1332\" style=\"width: 640px\" class=\"wp-caption alignnone\"><img loading=\"lazy\" decoding=\"async\" class=\"size-full wp-image-1332\" src=\"\/\/www.umweltperspektiven.ch\/wp-content\/uploads\/2017\/11\/Migros-Empa-zeigen-Engagement-Transport-up-umwelt-perspektiven.jpg\" alt=\"\" width=\"640\" height=\"406\" srcset=\"https:\/\/www.organisator.ch\/wp-content\/uploads\/2017\/11\/Migros-Empa-zeigen-Engagement-Transport-up-umwelt-perspektiven.jpg 640w, https:\/\/www.organisator.ch\/wp-content\/uploads\/2017\/11\/Migros-Empa-zeigen-Engagement-Transport-up-umwelt-perspektiven-18x12.jpg 18w, https:\/\/www.organisator.ch\/wp-content\/uploads\/2017\/11\/Migros-Empa-zeigen-Engagement-Transport-up-umwelt-perspektiven-276x175.jpg 276w, https:\/\/www.organisator.ch\/wp-content\/uploads\/2017\/11\/Migros-Empa-zeigen-Engagement-Transport-up-umwelt-perspektiven-552x350.jpg 552w, https:\/\/www.organisator.ch\/wp-content\/uploads\/2017\/11\/Migros-Empa-zeigen-Engagement-Transport-up-umwelt-perspektiven-300x190.jpg 300w\" sizes=\"auto, (max-width: 640px) 100vw, 640px\" \/><figcaption id=\"caption-attachment-1332\" class=\"wp-caption-text\">Climate-friendly goods transport is a central component of Migros' Climate and Energy Strategy 2020. (Image: zVg)<\/figcaption><\/figure>\n<p>Migros and Empa are jointly committed to climate-friendly transport. Electricity from photovoltaic systems or hydroelectric power plants serves as the energy source. On the one hand, this can be used to charge batteries in electric vehicles; on the other hand, the electricity can also be converted into hydrogen for fuel cell vehicles or into synthetic methane for natural gas\/biogas vehicles. \"move\" can help companies achieve the 2-degree targets defined at the Paris Climate Conference (limiting global warming to two degrees Celsius).<\/p>\n<p>The aim of the innovation partnership between Empa, the interdisciplinary research institute for materials science and technology of the ETH Domain, and Migros is, on the one hand, to support Migros in the further conversion to low-CO2 trucks and, on the other hand, to use Migros' know-how to develop the \"<a href=\"\/\/move.empa.ch\">move<\/a>\" of Empa to be further developed.<\/p>\n<p><strong>The \"move\" platform<\/strong><\/p>\n<p>In the coming years, the \"move\" demonstration and technology transfer platform will enable Empa researchers to develop a comprehensive range of new vehicle drive concepts with lower CO2 emissions, test them in practice and develop effective strategies via a fleet simulation system.<\/p>\n<p>The collaboration, which will begin in early 2018, is based on an exchange between research and practice. \"Only by jointly demonstrating and implementing new concepts for the mobility of the future can Switzerland's climate targets be achieved. For this, collaboration between research and industry is essential. We are therefore very much looking forward to this promising collaboration with Migros,\" says Brigitte Buchmann, member of the Empa directorate and head of the \"Mobility, Energy and Environment\" department.<\/p>\n<p>Migros is aware of its responsibility as a major traffic generator. It has been able to shift a large proportion of goods transport to rail, and is the largest user of rail transport in Switzerland. It is also investing in future logistics solutions such as Cargo Sous Terrain.<\/p>\n<p>More information on the topic: <a href=\"\/\/report.migros.ch\/2016\/lagebericht-2016\/umwelt\/transport-mobilitaet\/\" target=\"_blank\" rel=\"noopener\">https:\/\/report.migros.ch\/2016\/lagebericht-2016\/umwelt\/transport-mobilitaet\/<\/a><\/p>\n<p>&nbsp;<\/p>","protected":false},"excerpt":{"rendered":"<p>Migros und Empa engagieren sich gemeinsam f\u00fcr einen klimaschonenden Transport. Als Energiequelle dient Strom aus Photovoltaikanlagen oder aus Wasserkraftwerken. Damit lassen sich einerseits Batterien in Elektrofahrzeugen laden; andererseits kann man den Strom auch in Wasserstoff f\u00fcr Brennstoffzellenfahrzeuge oder in synthetisches Methan f\u00fcr Erdgas-\/Biogasfahrzeuge umwandeln. &#8222;move&#8220; kann Unternehmen dabei unterst\u00fctzen, die in der Pariser Klimakonferenz definierten [&hellip;]<\/p>\n","protected":false},"author":5,"featured_media":1332,"comment_status":"open","ping_status":"open","sticky":false,"template":"","format":"standard","meta":{"_acf_changed":false,"_yoast_wpseo_focuskw":"Migros und Empa","_yoast_wpseo_metadesc":"Migros und Empa haben eine Innovationspartnerschaft vereinbart. Gemeinsam wollen sie die in der Pariser Klimakonferenz definierten 2-Grad-Ziele erreichen.","articlekey":"","footnotes":""},"categories":[580],"tags":[1336,1885,2291],"class_list":["post-10023","post","type-post","status-publish","format-standard","has-post-thumbnail","hentry","category-sustainability","tag-guetertransport","tag-pariser-klimaabkommen","tag-technologietranser"],"acf":[],"yoast_head":"<!-- This site is optimized with the Yoast SEO plugin v27.4 - https:\/\/yoast.com\/product\/yoast-seo-wordpress\/ -->\n<title>Migros und Empa engagieren sich f\u00fcr klimaschonenden Transport - Organisator<\/title>\n<meta name=\"description\" content=\"Migros und Empa haben eine Innovationspartnerschaft vereinbart. Gemeinsam wollen sie die in der Pariser Klimakonferenz definierten 2-Grad-Ziele erreichen.\" \/>\n<meta name=\"robots\" content=\"index, follow, max-snippet:-1, max-image-preview:large, max-video-preview:-1\" \/>\n<link rel=\"canonical\" href=\"https:\/\/www.organisator.ch\/en\/sustainability\/2017-11-06\/migros-und-empa-engagieren-sich-fuer-klimaschonenden-transport\/\" \/>\n<meta property=\"og:locale\" content=\"en_US\" \/>\n<meta property=\"og:type\" content=\"article\" \/>\n<meta property=\"og:title\" content=\"Migros und Empa engagieren sich f\u00fcr klimaschonenden Transport - Organisator\" \/>\n<meta property=\"og:description\" content=\"Migros und Empa haben eine Innovationspartnerschaft vereinbart. Gemeinsam wollen sie die in der Pariser Klimakonferenz definierten 2-Grad-Ziele erreichen.\" \/>\n<meta property=\"og:url\" content=\"https:\/\/www.organisator.ch\/en\/sustainability\/2017-11-06\/migros-und-empa-engagieren-sich-fuer-klimaschonenden-transport\/\" \/>\n<meta property=\"og:site_name\" content=\"Organisator\" \/>\n<meta property=\"article:publisher\" content=\"https:\/\/www.facebook.com\/OrganisatorFachmagazin\" \/>\n<meta property=\"article:published_time\" content=\"2017-11-06T09:16:30+00:00\" \/>\n<meta property=\"article:modified_time\" content=\"2022-02-09T10:06:55+00:00\" \/>\n<meta property=\"og:image\" content=\"https:\/\/www.organisator.ch\/wp-content\/uploads\/2017\/11\/Migros-Empa-zeigen-Engagement-Transport-up-umwelt-perspektiven.jpg\" \/>\n\t<meta property=\"og:image:width\" content=\"640\" \/>\n\t<meta property=\"og:image:height\" content=\"406\" \/>\n\t<meta property=\"og:image:type\" content=\"image\/jpeg\" \/>\n<meta name=\"author\" content=\"michael.merz\" \/>\n<meta name=\"twitter:card\" content=\"summary_large_image\" \/>\n<script type=\"application\/ld+json\" class=\"yoast-schema-graph\">{\"@context\":\"https:\\\/\\\/schema.org\",\"@graph\":[{\"@type\":\"Article\",\"@id\":\"https:\\\/\\\/www.organisator.ch\\\/sustainability\\\/2017-11-06\\\/migros-und-empa-engagieren-sich-fuer-klimaschonenden-transport\\\/#article\",\"isPartOf\":{\"@id\":\"https:\\\/\\\/www.organisator.ch\\\/sustainability\\\/2017-11-06\\\/migros-und-empa-engagieren-sich-fuer-klimaschonenden-transport\\\/\"},\"author\":{\"name\":\"michael.merz\",\"@id\":\"https:\\\/\\\/www.organisator.ch\\\/#\\\/schema\\\/person\\\/134708ca9321c57b0362cceb7948ffbd\"},\"headline\":\"Migros und Empa engagieren sich f\u00fcr klimaschonenden Transport\",\"datePublished\":\"2017-11-06T09:16:30+00:00\",\"dateModified\":\"2022-02-09T10:06:55+00:00\",\"mainEntityOfPage\":{\"@id\":\"https:\\\/\\\/www.organisator.ch\\\/sustainability\\\/2017-11-06\\\/migros-und-empa-engagieren-sich-fuer-klimaschonenden-transport\\\/\"},\"wordCount\":327,\"commentCount\":0,\"publisher\":{\"@id\":\"https:\\\/\\\/www.organisator.ch\\\/#organization\"},\"image\":{\"@id\":\"https:\\\/\\\/www.organisator.ch\\\/sustainability\\\/2017-11-06\\\/migros-und-empa-engagieren-sich-fuer-klimaschonenden-transport\\\/#primaryimage\"},\"thumbnailUrl\":\"https:\\\/\\\/www.organisator.ch\\\/wp-content\\\/uploads\\\/2017\\\/11\\\/Migros-Empa-zeigen-Engagement-Transport-up-umwelt-perspektiven.jpg\",\"keywords\":[\"G\u00fctertransport\",\"Pariser Klimaabkommen\",\"Technologietranser\"],\"articleSection\":[\"SUSTAINABILITY\"],\"inLanguage\":\"en-US\"},{\"@type\":\"WebPage\",\"@id\":\"https:\\\/\\\/www.organisator.ch\\\/sustainability\\\/2017-11-06\\\/migros-und-empa-engagieren-sich-fuer-klimaschonenden-transport\\\/\",\"url\":\"https:\\\/\\\/www.organisator.ch\\\/sustainability\\\/2017-11-06\\\/migros-und-empa-engagieren-sich-fuer-klimaschonenden-transport\\\/\",\"name\":\"Migros und Empa engagieren sich f\u00fcr klimaschonenden Transport - Organisator\",\"isPartOf\":{\"@id\":\"https:\\\/\\\/www.organisator.ch\\\/#website\"},\"primaryImageOfPage\":{\"@id\":\"https:\\\/\\\/www.organisator.ch\\\/sustainability\\\/2017-11-06\\\/migros-und-empa-engagieren-sich-fuer-klimaschonenden-transport\\\/#primaryimage\"},\"image\":{\"@id\":\"https:\\\/\\\/www.organisator.ch\\\/sustainability\\\/2017-11-06\\\/migros-und-empa-engagieren-sich-fuer-klimaschonenden-transport\\\/#primaryimage\"},\"thumbnailUrl\":\"https:\\\/\\\/www.organisator.ch\\\/wp-content\\\/uploads\\\/2017\\\/11\\\/Migros-Empa-zeigen-Engagement-Transport-up-umwelt-perspektiven.jpg\",\"datePublished\":\"2017-11-06T09:16:30+00:00\",\"dateModified\":\"2022-02-09T10:06:55+00:00\",\"description\":\"Migros und Empa haben eine Innovationspartnerschaft vereinbart. Gemeinsam wollen sie die in der Pariser Klimakonferenz definierten 2-Grad-Ziele erreichen.\",\"breadcrumb\":{\"@id\":\"https:\\\/\\\/www.organisator.ch\\\/sustainability\\\/2017-11-06\\\/migros-und-empa-engagieren-sich-fuer-klimaschonenden-transport\\\/#breadcrumb\"},\"inLanguage\":\"en-US\",\"potentialAction\":[{\"@type\":\"ReadAction\",\"target\":[\"https:\\\/\\\/www.organisator.ch\\\/sustainability\\\/2017-11-06\\\/migros-und-empa-engagieren-sich-fuer-klimaschonenden-transport\\\/\"]}]},{\"@type\":\"ImageObject\",\"inLanguage\":\"en-US\",\"@id\":\"https:\\\/\\\/www.organisator.ch\\\/sustainability\\\/2017-11-06\\\/migros-und-empa-engagieren-sich-fuer-klimaschonenden-transport\\\/#primaryimage\",\"url\":\"https:\\\/\\\/www.organisator.ch\\\/wp-content\\\/uploads\\\/2017\\\/11\\\/Migros-Empa-zeigen-Engagement-Transport-up-umwelt-perspektiven.jpg\",\"contentUrl\":\"https:\\\/\\\/www.organisator.ch\\\/wp-content\\\/uploads\\\/2017\\\/11\\\/Migros-Empa-zeigen-Engagement-Transport-up-umwelt-perspektiven.jpg\",\"width\":640,\"height\":406,\"caption\":\"Klimafreundliche Warentransporte sind ein zentraler Bestandteil der Klima- und Energiestrategie 2020 von Migros. (Bild: zVg)\"},{\"@type\":\"BreadcrumbList\",\"@id\":\"https:\\\/\\\/www.organisator.ch\\\/sustainability\\\/2017-11-06\\\/migros-und-empa-engagieren-sich-fuer-klimaschonenden-transport\\\/#breadcrumb\",\"itemListElement\":[{\"@type\":\"ListItem\",\"position\":1,\"name\":\"Home\",\"item\":\"https:\\\/\\\/www.organisator.ch\\\/\"},{\"@type\":\"ListItem\",\"position\":2,\"name\":\"Migros und Empa engagieren sich f\u00fcr klimaschonenden Transport\"}]},{\"@type\":\"WebSite\",\"@id\":\"https:\\\/\\\/www.organisator.ch\\\/#website\",\"url\":\"https:\\\/\\\/www.organisator.ch\\\/\",\"name\":\"Organisator\",\"description\":\"Kompetent. Praxisnah. Der ORGANISATOR bereitet in 10 Ausgaben pro Jahr die wesentlichen Themen f\u00fcr F\u00fchrungskr\u00e4fte von KMU auf.\",\"publisher\":{\"@id\":\"https:\\\/\\\/www.organisator.ch\\\/#organization\"},\"potentialAction\":[{\"@type\":\"SearchAction\",\"target\":{\"@type\":\"EntryPoint\",\"urlTemplate\":\"https:\\\/\\\/www.organisator.ch\\\/?s={search_term_string}\"},\"query-input\":{\"@type\":\"PropertyValueSpecification\",\"valueRequired\":true,\"valueName\":\"search_term_string\"}}],\"inLanguage\":\"en-US\"},{\"@type\":\"Organization\",\"@id\":\"https:\\\/\\\/www.organisator.ch\\\/#organization\",\"name\":\"Organisator\",\"url\":\"https:\\\/\\\/www.organisator.ch\\\/\",\"logo\":{\"@type\":\"ImageObject\",\"inLanguage\":\"en-US\",\"@id\":\"https:\\\/\\\/www.organisator.ch\\\/#\\\/schema\\\/logo\\\/image\\\/\",\"url\":\"https:\\\/\\\/www.organisator.ch\\\/wp-content\\\/uploads\\\/2022\\\/01\\\/Logo_Organisator_Website.png\",\"contentUrl\":\"https:\\\/\\\/www.organisator.ch\\\/wp-content\\\/uploads\\\/2022\\\/01\\\/Logo_Organisator_Website.png\",\"width\":800,\"height\":77,\"caption\":\"Organisator\"},\"image\":{\"@id\":\"https:\\\/\\\/www.organisator.ch\\\/#\\\/schema\\\/logo\\\/image\\\/\"},\"sameAs\":[\"https:\\\/\\\/www.facebook.com\\\/OrganisatorFachmagazin\",\"https:\\\/\\\/www.linkedin.com\\\/showcase\\\/organisator-das-magazin-fr-kmu\",\"https:\\\/\\\/www.xing.com\\\/news\\\/pages\\\/organisator-ch-695\",\"https:\\\/\\\/www.youtube.com\\\/channel\\\/UCGP2Sq0iWaZwT3BdIAQFYpw\"]},{\"@type\":\"Person\",\"@id\":\"https:\\\/\\\/www.organisator.ch\\\/#\\\/schema\\\/person\\\/134708ca9321c57b0362cceb7948ffbd\",\"name\":\"michael.merz\",\"image\":{\"@type\":\"ImageObject\",\"inLanguage\":\"en-US\",\"@id\":\"https:\\\/\\\/secure.gravatar.com\\\/avatar\\\/?s=96&d=mm&r=g\",\"url\":\"https:\\\/\\\/secure.gravatar.com\\\/avatar\\\/?s=96&d=mm&r=g\",\"contentUrl\":\"https:\\\/\\\/secure.gravatar.com\\\/avatar\\\/?s=96&d=mm&r=g\",\"caption\":\"michael.merz\"},\"url\":\"https:\\\/\\\/www.organisator.ch\\\/en\\\/author\\\/michael-merz\\\/\"}]}<\/script>\n<!-- \/ Yoast SEO plugin. -->","yoast_head_json":{"title":"Migros and Empa are committed to climate-friendly transport - Organizer","description":"Migros and Empa have agreed on an innovation partnership. Together, they want to achieve the 2-degree targets defined at the Paris Climate Conference.","robots":{"index":"index","follow":"follow","max-snippet":"max-snippet:-1","max-image-preview":"max-image-preview:large","max-video-preview":"max-video-preview:-1"},"canonical":"https:\/\/www.organisator.ch\/en\/sustainability\/2017-11-06\/migros-und-empa-engagieren-sich-fuer-klimaschonenden-transport\/","og_locale":"en_US","og_type":"article","og_title":"Migros und Empa engagieren sich f\u00fcr klimaschonenden Transport - Organisator","og_description":"Migros und Empa haben eine Innovationspartnerschaft vereinbart. Gemeinsam wollen sie die in der Pariser Klimakonferenz definierten 2-Grad-Ziele erreichen.","og_url":"https:\/\/www.organisator.ch\/en\/sustainability\/2017-11-06\/migros-und-empa-engagieren-sich-fuer-klimaschonenden-transport\/","og_site_name":"Organisator","article_publisher":"https:\/\/www.facebook.com\/OrganisatorFachmagazin","article_published_time":"2017-11-06T09:16:30+00:00","article_modified_time":"2022-02-09T10:06:55+00:00","og_image":[{"width":640,"height":406,"url":"https:\/\/www.organisator.ch\/wp-content\/uploads\/2017\/11\/Migros-Empa-zeigen-Engagement-Transport-up-umwelt-perspektiven.jpg","type":"image\/jpeg"}],"author":"michael.merz","twitter_card":"summary_large_image","schema":{"@context":"https:\/\/schema.org","@graph":[{"@type":"Article","@id":"https:\/\/www.organisator.ch\/sustainability\/2017-11-06\/migros-und-empa-engagieren-sich-fuer-klimaschonenden-transport\/#article","isPartOf":{"@id":"https:\/\/www.organisator.ch\/sustainability\/2017-11-06\/migros-und-empa-engagieren-sich-fuer-klimaschonenden-transport\/"},"author":{"name":"michael.merz","@id":"https:\/\/www.organisator.ch\/#\/schema\/person\/134708ca9321c57b0362cceb7948ffbd"},"headline":"Migros und Empa engagieren sich f\u00fcr klimaschonenden Transport","datePublished":"2017-11-06T09:16:30+00:00","dateModified":"2022-02-09T10:06:55+00:00","mainEntityOfPage":{"@id":"https:\/\/www.organisator.ch\/sustainability\/2017-11-06\/migros-und-empa-engagieren-sich-fuer-klimaschonenden-transport\/"},"wordCount":327,"commentCount":0,"publisher":{"@id":"https:\/\/www.organisator.ch\/#organization"},"image":{"@id":"https:\/\/www.organisator.ch\/sustainability\/2017-11-06\/migros-und-empa-engagieren-sich-fuer-klimaschonenden-transport\/#primaryimage"},"thumbnailUrl":"https:\/\/www.organisator.ch\/wp-content\/uploads\/2017\/11\/Migros-Empa-zeigen-Engagement-Transport-up-umwelt-perspektiven.jpg","keywords":["G\u00fctertransport","Pariser Klimaabkommen","Technologietranser"],"articleSection":["SUSTAINABILITY"],"inLanguage":"en-US"},{"@type":"WebPage","@id":"https:\/\/www.organisator.ch\/sustainability\/2017-11-06\/migros-und-empa-engagieren-sich-fuer-klimaschonenden-transport\/","url":"https:\/\/www.organisator.ch\/sustainability\/2017-11-06\/migros-und-empa-engagieren-sich-fuer-klimaschonenden-transport\/","name":"Migros and Empa are committed to climate-friendly transport - Organizer","isPartOf":{"@id":"https:\/\/www.organisator.ch\/#website"},"primaryImageOfPage":{"@id":"https:\/\/www.organisator.ch\/sustainability\/2017-11-06\/migros-und-empa-engagieren-sich-fuer-klimaschonenden-transport\/#primaryimage"},"image":{"@id":"https:\/\/www.organisator.ch\/sustainability\/2017-11-06\/migros-und-empa-engagieren-sich-fuer-klimaschonenden-transport\/#primaryimage"},"thumbnailUrl":"https:\/\/www.organisator.ch\/wp-content\/uploads\/2017\/11\/Migros-Empa-zeigen-Engagement-Transport-up-umwelt-perspektiven.jpg","datePublished":"2017-11-06T09:16:30+00:00","dateModified":"2022-02-09T10:06:55+00:00","description":"Migros and Empa have agreed on an innovation partnership. Together, they want to achieve the 2-degree targets defined at the Paris Climate Conference.","breadcrumb":{"@id":"https:\/\/www.organisator.ch\/sustainability\/2017-11-06\/migros-und-empa-engagieren-sich-fuer-klimaschonenden-transport\/#breadcrumb"},"inLanguage":"en-US","potentialAction":[{"@type":"ReadAction","target":["https:\/\/www.organisator.ch\/sustainability\/2017-11-06\/migros-und-empa-engagieren-sich-fuer-klimaschonenden-transport\/"]}]},{"@type":"ImageObject","inLanguage":"en-US","@id":"https:\/\/www.organisator.ch\/sustainability\/2017-11-06\/migros-und-empa-engagieren-sich-fuer-klimaschonenden-transport\/#primaryimage","url":"https:\/\/www.organisator.ch\/wp-content\/uploads\/2017\/11\/Migros-Empa-zeigen-Engagement-Transport-up-umwelt-perspektiven.jpg","contentUrl":"https:\/\/www.organisator.ch\/wp-content\/uploads\/2017\/11\/Migros-Empa-zeigen-Engagement-Transport-up-umwelt-perspektiven.jpg","width":640,"height":406,"caption":"Klimafreundliche Warentransporte sind ein zentraler Bestandteil der Klima- und Energiestrategie 2020 von Migros. (Bild: zVg)"},{"@type":"BreadcrumbList","@id":"https:\/\/www.organisator.ch\/sustainability\/2017-11-06\/migros-und-empa-engagieren-sich-fuer-klimaschonenden-transport\/#breadcrumb","itemListElement":[{"@type":"ListItem","position":1,"name":"Home","item":"https:\/\/www.organisator.ch\/"},{"@type":"ListItem","position":2,"name":"Migros und Empa engagieren sich f\u00fcr klimaschonenden Transport"}]},{"@type":"WebSite","@id":"https:\/\/www.organisator.ch\/#website","url":"https:\/\/www.organisator.ch\/","name":"Organizer","description":"Competent. Practical. In 10 issues per year, ORGANISATOR presents the essential topics for managers of SMEs.","publisher":{"@id":"https:\/\/www.organisator.ch\/#organization"},"potentialAction":[{"@type":"SearchAction","target":{"@type":"EntryPoint","urlTemplate":"https:\/\/www.organisator.ch\/?s={search_term_string}"},"query-input":{"@type":"PropertyValueSpecification","valueRequired":true,"valueName":"search_term_string"}}],"inLanguage":"en-US"},{"@type":"Organization","@id":"https:\/\/www.organisator.ch\/#organization","name":"Organizer","url":"https:\/\/www.organisator.ch\/","logo":{"@type":"ImageObject","inLanguage":"en-US","@id":"https:\/\/www.organisator.ch\/#\/schema\/logo\/image\/","url":"https:\/\/www.organisator.ch\/wp-content\/uploads\/2022\/01\/Logo_Organisator_Website.png","contentUrl":"https:\/\/www.organisator.ch\/wp-content\/uploads\/2022\/01\/Logo_Organisator_Website.png","width":800,"height":77,"caption":"Organisator"},"image":{"@id":"https:\/\/www.organisator.ch\/#\/schema\/logo\/image\/"},"sameAs":["https:\/\/www.facebook.com\/OrganisatorFachmagazin","https:\/\/www.linkedin.com\/showcase\/organisator-das-magazin-fr-kmu","https:\/\/www.xing.com\/news\/pages\/organisator-ch-695","https:\/\/www.youtube.com\/channel\/UCGP2Sq0iWaZwT3BdIAQFYpw"]},{"@type":"Person","@id":"https:\/\/www.organisator.ch\/#\/schema\/person\/134708ca9321c57b0362cceb7948ffbd","name":"michael.merz","image":{"@type":"ImageObject","inLanguage":"en-US","@id":"https:\/\/secure.gravatar.com\/avatar\/?s=96&d=mm&r=g","url":"https:\/\/secure.gravatar.com\/avatar\/?s=96&d=mm&r=g","contentUrl":"https:\/\/secure.gravatar.com\/avatar\/?s=96&d=mm&r=g","caption":"michael.merz"},"url":"https:\/\/www.organisator.ch\/en\/author\/michael-merz\/"}]}},"_links":{"self":[{"href":"https:\/\/www.organisator.ch\/en\/wp-json\/wp\/v2\/posts\/10023","targetHints":{"allow":["GET"]}}],"collection":[{"href":"https:\/\/www.organisator.ch\/en\/wp-json\/wp\/v2\/posts"}],"about":[{"href":"https:\/\/www.organisator.ch\/en\/wp-json\/wp\/v2\/types\/post"}],"author":[{"embeddable":true,"href":"https:\/\/www.organisator.ch\/en\/wp-json\/wp\/v2\/users\/5"}],"replies":[{"embeddable":true,"href":"https:\/\/www.organisator.ch\/en\/wp-json\/wp\/v2\/comments?post=10023"}],"version-history":[{"count":1,"href":"https:\/\/www.organisator.ch\/en\/wp-json\/wp\/v2\/posts\/10023\/revisions"}],"predecessor-version":[{"id":10722,"href":"https:\/\/www.organisator.ch\/en\/wp-json\/wp\/v2\/posts\/10023\/revisions\/10722"}],"wp:featuredmedia":[{"embeddable":true,"href":"https:\/\/www.organisator.ch\/en\/wp-json\/wp\/v2\/media\/1332"}],"wp:attachment":[{"href":"https:\/\/www.organisator.ch\/en\/wp-json\/wp\/v2\/media?parent=10023"}],"wp:term":[{"taxonomy":"category","embeddable":true,"href":"https:\/\/www.organisator.ch\/en\/wp-json\/wp\/v2\/categories?post=10023"},{"taxonomy":"post_tag","embeddable":true,"href":"https:\/\/www.organisator.ch\/en\/wp-json\/wp\/v2\/tags?post=10023"}],"curies":[{"name":"wp","href":"https:\/\/api.w.org\/{rel}","templated":true}]}}