{"id":10024,"date":"2017-11-24T17:07:37","date_gmt":"2017-11-24T16:07:37","guid":{"rendered":"https:\/\/www.umweltperspektiven.ch\/?p=1381"},"modified":"2022-02-09T11:06:55","modified_gmt":"2022-02-09T10:06:55","slug":"emmisionshandelssyssteme-schweiz-und-eu-fuer-abkommen","status":"publish","type":"post","link":"https:\/\/www.organisator.ch\/en\/sustainability\/2017-11-24\/emmisionshandelssyssteme-schweiz-und-eu-fuer-abkommen\/","title":{"rendered":"Emissions trading systems: Switzerland and EU in favor of agreement"},"content":{"rendered":"<figure id=\"attachment_1382\" aria-describedby=\"caption-attachment-1382\" style=\"width: 640px\" class=\"wp-caption alignnone\"><img loading=\"lazy\" decoding=\"async\" class=\"size-full wp-image-1382\" src=\"\/\/www.umweltperspektiven.ch\/wp-content\/uploads\/2017\/11\/Emmisionshandelssyssteme-Schweiz-und-EU-f\u00fcr-Abkommen-up-umweltperspektiven.jpg.png\" alt=\"\" width=\"640\" height=\"426\" \/><figcaption id=\"caption-attachment-1382\" class=\"wp-caption-text\">Are CO2 emissions trading and Europe-wide electricity regulation even compatible in an ever-mobile and growing population? (Image: Unsplash)<\/figcaption><\/figure>\n<p>Switzerland is the first third country to endorse EU emissions trading schemes, said President of the Swiss Confederation and Energy Minister Doris Leuthard (CVP) in Bern. This is an important step forward for international climate policy. Brussels also sees it that way. For the EU, it is the first agreement of this kind and between two parties that stand behind the Paris climate agreement, the EU Commission said. For the EU, it is a long-term goal to link emissions trading systems in order to reduce emissions and lower the costs in the fight against climate change.<\/p>\n<p><strong>Switzerland and EU want to be a role model<\/strong><\/p>\n<p>Switzerland and the EU had started talks on linking the trading systems in 2010 and agreed on the criteria last year. Now they are preparing to link the systems. Originally, an agreement was scheduled for January 2016, but the adoption of the mass immigration initiative delayed this.<\/p>\n<p>\"This is a very important step to intensify cooperation between the EU and Switzerland on climate policy,\" EU Climate and Energy Commissioner Arias Canete was quoted as saying. At a time when there are important developments in CO2 pricing in other parts of the world, the EU continues to show its leading role,\" he said.<\/p>\n<p><strong>Climate Alliance thinks nothing of the agreement<\/strong><\/p>\n<p>The agreement on emissions trading was criticized by the Climate Alliance. \"The EU emissions trading system does not bring about a reduction in CO2,\" said Christian L\u00fcthi, Executive Director of Klima-Allianz. This is because the price for emission rights is too low, at less than ten euros per ton of CO2, and it is unlikely that this will change by 2030, he said. Patrick Hofstetter, Head of Climate &amp; Energy at WWF, criticized:<\/p>\n<p>\"If no CO2 price signal reaches the companies concerned, they risk making investments that will prove uneconomical as soon as effective instruments have to be introduced.\" Greenpeace Switzerland was even more critical: \"The EU emissions trading system has degenerated into an ineffective playground for traders and industry lobbyists,\" said Georg Klingler, Greenpeace climate expert. With the currently planned linking, Switzerland is creating ineffective bureaucracy and losing influence.<\/p>\n<p><strong>Electricity agreement still a long time coming<\/strong><\/p>\n<p>Juncker and Leuthard summed up in Bern that progress had been made on the dossiers. The FDFA said that institutional issues were among the dossiers that had made progress. A framework agreement, however, was still a long time coming, as there were still open points to be clarified. Against this background, there was nothing new in the matter of the electricity agreement.<\/p>\n<p>The framework agreement, which Junker wanted to call \"more of a friendship treaty,\" should be in place by spring, he said. Things would move, and in the right direction. Juncker meets Switzerland's planned regulation on the free movement of persons \"with sympathy.\" Thus, the FDFA also notes that a positive momentum has been set in motion this year, which has led to the resumption of various pending dossiers.  (Source: DETEC)<\/p>","protected":false},"excerpt":{"rendered":"<p>Die Schweiz ist der erste Drittstaat, der Emissionshandelssysteme der EU bef\u00fcrwortet, erkl\u00e4rte Bundespr\u00e4sidentin und Energieministerin Doris Leuthard (CVP) in Bern. Dies sei f\u00fcr die internationale Klimapolitik ein wichtiger Fortschritt. Dies sieht auch Br\u00fcssel so. F\u00fcr die EU sei es der erste Abschluss dieser Art und zwischen zwei Parteien, die hinter dem Pariser Klimaabkommen st\u00fcnden, teilte [&hellip;]<\/p>\n","protected":false},"author":5,"featured_media":9524,"comment_status":"open","ping_status":"open","sticky":false,"template":"","format":"standard","meta":{"_acf_changed":false,"_yoast_wpseo_focuskw":"Emmisionshandelssyssteme","_yoast_wpseo_metadesc":"Die Schweiz und die EU haben am 23. November 2017 ein Abkommen zur Verkn\u00fcpfung der CO2 Emissionshandelssysteme ver\u00f6ffentlicht.","articlekey":"","footnotes":""},"categories":[580],"tags":[928,1051,1134,2216],"class_list":["post-10024","post","type-post","status-publish","format-standard","has-post-thumbnail","hentry","category-sustainability","tag-co2","tag-emmisionshandel","tag-eu-abkommen","tag-strom"],"acf":[],"yoast_head":"<!-- This site is optimized with the Yoast SEO plugin v27.5 - https:\/\/yoast.com\/product\/yoast-seo-wordpress\/ -->\n<title>Emmisionshandelssyssteme: Schweiz und EU f\u00fcr Abkommen - Organisator<\/title>\n<meta name=\"description\" content=\"Die Schweiz und die EU haben am 23. November 2017 ein Abkommen zur Verkn\u00fcpfung der CO2 Emissionshandelssysteme ver\u00f6ffentlicht.\" \/>\n<meta name=\"robots\" content=\"index, follow, max-snippet:-1, max-image-preview:large, max-video-preview:-1\" \/>\n<link rel=\"canonical\" href=\"https:\/\/www.organisator.ch\/en\/sustainability\/2017-11-24\/emmisionshandelssyssteme-schweiz-und-eu-fuer-abkommen\/\" \/>\n<meta property=\"og:locale\" content=\"en_US\" \/>\n<meta property=\"og:type\" content=\"article\" \/>\n<meta property=\"og:title\" content=\"Emmisionshandelssyssteme: Schweiz und EU f\u00fcr Abkommen - Organisator\" \/>\n<meta property=\"og:description\" content=\"Die Schweiz und die EU haben am 23. November 2017 ein Abkommen zur Verkn\u00fcpfung der CO2 Emissionshandelssysteme ver\u00f6ffentlicht.\" \/>\n<meta property=\"og:url\" content=\"https:\/\/www.organisator.ch\/en\/sustainability\/2017-11-24\/emmisionshandelssyssteme-schweiz-und-eu-fuer-abkommen\/\" \/>\n<meta property=\"og:site_name\" content=\"Organisator\" \/>\n<meta property=\"article:publisher\" content=\"https:\/\/www.facebook.com\/OrganisatorFachmagazin\" \/>\n<meta property=\"article:published_time\" content=\"2017-11-24T16:07:37+00:00\" \/>\n<meta property=\"article:modified_time\" content=\"2022-02-09T10:06:55+00:00\" \/>\n<meta property=\"og:image\" content=\"https:\/\/www.organisator.ch\/wp-content\/uploads\/2017\/11\/Emmisionshandelssyssteme-Schweiz-und-EU-fuer-Abkommen-up-umweltperspektiven.jpg.png\" \/>\n\t<meta property=\"og:image:width\" content=\"640\" \/>\n\t<meta property=\"og:image:height\" content=\"426\" \/>\n\t<meta property=\"og:image:type\" content=\"image\/png\" \/>\n<meta name=\"author\" content=\"michael.merz\" \/>\n<meta name=\"twitter:card\" content=\"summary_large_image\" \/>\n<script type=\"application\/ld+json\" class=\"yoast-schema-graph\">{\"@context\":\"https:\\\/\\\/schema.org\",\"@graph\":[{\"@type\":\"Article\",\"@id\":\"https:\\\/\\\/www.organisator.ch\\\/sustainability\\\/2017-11-24\\\/emmisionshandelssyssteme-schweiz-und-eu-fuer-abkommen\\\/#article\",\"isPartOf\":{\"@id\":\"https:\\\/\\\/www.organisator.ch\\\/sustainability\\\/2017-11-24\\\/emmisionshandelssyssteme-schweiz-und-eu-fuer-abkommen\\\/\"},\"author\":{\"name\":\"michael.merz\",\"@id\":\"https:\\\/\\\/www.organisator.ch\\\/#\\\/schema\\\/person\\\/134708ca9321c57b0362cceb7948ffbd\"},\"headline\":\"Emmisionshandelssyssteme: Schweiz und EU f\u00fcr Abkommen\",\"datePublished\":\"2017-11-24T16:07:37+00:00\",\"dateModified\":\"2022-02-09T10:06:55+00:00\",\"mainEntityOfPage\":{\"@id\":\"https:\\\/\\\/www.organisator.ch\\\/sustainability\\\/2017-11-24\\\/emmisionshandelssyssteme-schweiz-und-eu-fuer-abkommen\\\/\"},\"wordCount\":503,\"commentCount\":0,\"publisher\":{\"@id\":\"https:\\\/\\\/www.organisator.ch\\\/#organization\"},\"image\":{\"@id\":\"https:\\\/\\\/www.organisator.ch\\\/sustainability\\\/2017-11-24\\\/emmisionshandelssyssteme-schweiz-und-eu-fuer-abkommen\\\/#primaryimage\"},\"thumbnailUrl\":\"https:\\\/\\\/www.organisator.ch\\\/wp-content\\\/uploads\\\/2017\\\/11\\\/Emmisionshandelssyssteme-Schweiz-und-EU-fuer-Abkommen-up-umweltperspektiven.jpg.png\",\"keywords\":[\"CO2\",\"Emmisionshandel\",\"EU-Abkommen\",\"Strom\"],\"articleSection\":[\"SUSTAINABILITY\"],\"inLanguage\":\"en-US\"},{\"@type\":\"WebPage\",\"@id\":\"https:\\\/\\\/www.organisator.ch\\\/sustainability\\\/2017-11-24\\\/emmisionshandelssyssteme-schweiz-und-eu-fuer-abkommen\\\/\",\"url\":\"https:\\\/\\\/www.organisator.ch\\\/sustainability\\\/2017-11-24\\\/emmisionshandelssyssteme-schweiz-und-eu-fuer-abkommen\\\/\",\"name\":\"Emmisionshandelssyssteme: Schweiz und EU f\u00fcr Abkommen - Organisator\",\"isPartOf\":{\"@id\":\"https:\\\/\\\/www.organisator.ch\\\/#website\"},\"primaryImageOfPage\":{\"@id\":\"https:\\\/\\\/www.organisator.ch\\\/sustainability\\\/2017-11-24\\\/emmisionshandelssyssteme-schweiz-und-eu-fuer-abkommen\\\/#primaryimage\"},\"image\":{\"@id\":\"https:\\\/\\\/www.organisator.ch\\\/sustainability\\\/2017-11-24\\\/emmisionshandelssyssteme-schweiz-und-eu-fuer-abkommen\\\/#primaryimage\"},\"thumbnailUrl\":\"https:\\\/\\\/www.organisator.ch\\\/wp-content\\\/uploads\\\/2017\\\/11\\\/Emmisionshandelssyssteme-Schweiz-und-EU-fuer-Abkommen-up-umweltperspektiven.jpg.png\",\"datePublished\":\"2017-11-24T16:07:37+00:00\",\"dateModified\":\"2022-02-09T10:06:55+00:00\",\"description\":\"Die Schweiz und die EU haben am 23. November 2017 ein Abkommen zur Verkn\u00fcpfung der CO2 Emissionshandelssysteme ver\u00f6ffentlicht.\",\"breadcrumb\":{\"@id\":\"https:\\\/\\\/www.organisator.ch\\\/sustainability\\\/2017-11-24\\\/emmisionshandelssyssteme-schweiz-und-eu-fuer-abkommen\\\/#breadcrumb\"},\"inLanguage\":\"en-US\",\"potentialAction\":[{\"@type\":\"ReadAction\",\"target\":[\"https:\\\/\\\/www.organisator.ch\\\/sustainability\\\/2017-11-24\\\/emmisionshandelssyssteme-schweiz-und-eu-fuer-abkommen\\\/\"]}]},{\"@type\":\"ImageObject\",\"inLanguage\":\"en-US\",\"@id\":\"https:\\\/\\\/www.organisator.ch\\\/sustainability\\\/2017-11-24\\\/emmisionshandelssyssteme-schweiz-und-eu-fuer-abkommen\\\/#primaryimage\",\"url\":\"https:\\\/\\\/www.organisator.ch\\\/wp-content\\\/uploads\\\/2017\\\/11\\\/Emmisionshandelssyssteme-Schweiz-und-EU-fuer-Abkommen-up-umweltperspektiven.jpg.png\",\"contentUrl\":\"https:\\\/\\\/www.organisator.ch\\\/wp-content\\\/uploads\\\/2017\\\/11\\\/Emmisionshandelssyssteme-Schweiz-und-EU-fuer-Abkommen-up-umweltperspektiven.jpg.png\",\"width\":640,\"height\":426,\"caption\":\"Vertr\u00e4gt sich der CO2-Emmisisionshandel und eine Stromregulierung \u00fcberhaupt in einer wachsenden Bev\u00f6lkerung? (Bild: Unsplah)\"},{\"@type\":\"BreadcrumbList\",\"@id\":\"https:\\\/\\\/www.organisator.ch\\\/sustainability\\\/2017-11-24\\\/emmisionshandelssyssteme-schweiz-und-eu-fuer-abkommen\\\/#breadcrumb\",\"itemListElement\":[{\"@type\":\"ListItem\",\"position\":1,\"name\":\"Home\",\"item\":\"https:\\\/\\\/www.organisator.ch\\\/\"},{\"@type\":\"ListItem\",\"position\":2,\"name\":\"Emmisionshandelssyssteme: Schweiz und EU f\u00fcr Abkommen\"}]},{\"@type\":\"WebSite\",\"@id\":\"https:\\\/\\\/www.organisator.ch\\\/#website\",\"url\":\"https:\\\/\\\/www.organisator.ch\\\/\",\"name\":\"Organisator\",\"description\":\"Kompetent. Praxisnah. Der ORGANISATOR bereitet in 10 Ausgaben pro Jahr die wesentlichen Themen f\u00fcr F\u00fchrungskr\u00e4fte von KMU auf.\",\"publisher\":{\"@id\":\"https:\\\/\\\/www.organisator.ch\\\/#organization\"},\"potentialAction\":[{\"@type\":\"SearchAction\",\"target\":{\"@type\":\"EntryPoint\",\"urlTemplate\":\"https:\\\/\\\/www.organisator.ch\\\/?s={search_term_string}\"},\"query-input\":{\"@type\":\"PropertyValueSpecification\",\"valueRequired\":true,\"valueName\":\"search_term_string\"}}],\"inLanguage\":\"en-US\"},{\"@type\":\"Organization\",\"@id\":\"https:\\\/\\\/www.organisator.ch\\\/#organization\",\"name\":\"Organisator\",\"url\":\"https:\\\/\\\/www.organisator.ch\\\/\",\"logo\":{\"@type\":\"ImageObject\",\"inLanguage\":\"en-US\",\"@id\":\"https:\\\/\\\/www.organisator.ch\\\/#\\\/schema\\\/logo\\\/image\\\/\",\"url\":\"https:\\\/\\\/www.organisator.ch\\\/wp-content\\\/uploads\\\/2022\\\/01\\\/Logo_Organisator_Website.png\",\"contentUrl\":\"https:\\\/\\\/www.organisator.ch\\\/wp-content\\\/uploads\\\/2022\\\/01\\\/Logo_Organisator_Website.png\",\"width\":800,\"height\":77,\"caption\":\"Organisator\"},\"image\":{\"@id\":\"https:\\\/\\\/www.organisator.ch\\\/#\\\/schema\\\/logo\\\/image\\\/\"},\"sameAs\":[\"https:\\\/\\\/www.facebook.com\\\/OrganisatorFachmagazin\",\"https:\\\/\\\/www.linkedin.com\\\/showcase\\\/organisator-das-magazin-fr-kmu\",\"https:\\\/\\\/www.xing.com\\\/news\\\/pages\\\/organisator-ch-695\",\"https:\\\/\\\/www.youtube.com\\\/channel\\\/UCGP2Sq0iWaZwT3BdIAQFYpw\"]},{\"@type\":\"Person\",\"@id\":\"https:\\\/\\\/www.organisator.ch\\\/#\\\/schema\\\/person\\\/134708ca9321c57b0362cceb7948ffbd\",\"name\":\"michael.merz\",\"image\":{\"@type\":\"ImageObject\",\"inLanguage\":\"en-US\",\"@id\":\"https:\\\/\\\/secure.gravatar.com\\\/avatar\\\/?s=96&d=mm&r=g\",\"url\":\"https:\\\/\\\/secure.gravatar.com\\\/avatar\\\/?s=96&d=mm&r=g\",\"contentUrl\":\"https:\\\/\\\/secure.gravatar.com\\\/avatar\\\/?s=96&d=mm&r=g\",\"caption\":\"michael.merz\"},\"url\":\"https:\\\/\\\/www.organisator.ch\\\/en\\\/author\\\/michael-merz\\\/\"}]}<\/script>\n<!-- \/ Yoast SEO plugin. -->","yoast_head_json":{"title":"Emmisions trade systems: Switzerland and EU for agreement - Organizer","description":"Switzerland and the EU published an agreement on linking CO2 emissions trading systems on November 23, 2017.","robots":{"index":"index","follow":"follow","max-snippet":"max-snippet:-1","max-image-preview":"max-image-preview:large","max-video-preview":"max-video-preview:-1"},"canonical":"https:\/\/www.organisator.ch\/en\/sustainability\/2017-11-24\/emmisionshandelssyssteme-schweiz-und-eu-fuer-abkommen\/","og_locale":"en_US","og_type":"article","og_title":"Emmisionshandelssyssteme: Schweiz und EU f\u00fcr Abkommen - Organisator","og_description":"Die Schweiz und die EU haben am 23. November 2017 ein Abkommen zur Verkn\u00fcpfung der CO2 Emissionshandelssysteme ver\u00f6ffentlicht.","og_url":"https:\/\/www.organisator.ch\/en\/sustainability\/2017-11-24\/emmisionshandelssyssteme-schweiz-und-eu-fuer-abkommen\/","og_site_name":"Organisator","article_publisher":"https:\/\/www.facebook.com\/OrganisatorFachmagazin","article_published_time":"2017-11-24T16:07:37+00:00","article_modified_time":"2022-02-09T10:06:55+00:00","og_image":[{"width":640,"height":426,"url":"https:\/\/www.organisator.ch\/wp-content\/uploads\/2017\/11\/Emmisionshandelssyssteme-Schweiz-und-EU-fuer-Abkommen-up-umweltperspektiven.jpg.png","type":"image\/png"}],"author":"michael.merz","twitter_card":"summary_large_image","schema":{"@context":"https:\/\/schema.org","@graph":[{"@type":"Article","@id":"https:\/\/www.organisator.ch\/sustainability\/2017-11-24\/emmisionshandelssyssteme-schweiz-und-eu-fuer-abkommen\/#article","isPartOf":{"@id":"https:\/\/www.organisator.ch\/sustainability\/2017-11-24\/emmisionshandelssyssteme-schweiz-und-eu-fuer-abkommen\/"},"author":{"name":"michael.merz","@id":"https:\/\/www.organisator.ch\/#\/schema\/person\/134708ca9321c57b0362cceb7948ffbd"},"headline":"Emmisionshandelssyssteme: Schweiz und EU f\u00fcr Abkommen","datePublished":"2017-11-24T16:07:37+00:00","dateModified":"2022-02-09T10:06:55+00:00","mainEntityOfPage":{"@id":"https:\/\/www.organisator.ch\/sustainability\/2017-11-24\/emmisionshandelssyssteme-schweiz-und-eu-fuer-abkommen\/"},"wordCount":503,"commentCount":0,"publisher":{"@id":"https:\/\/www.organisator.ch\/#organization"},"image":{"@id":"https:\/\/www.organisator.ch\/sustainability\/2017-11-24\/emmisionshandelssyssteme-schweiz-und-eu-fuer-abkommen\/#primaryimage"},"thumbnailUrl":"https:\/\/www.organisator.ch\/wp-content\/uploads\/2017\/11\/Emmisionshandelssyssteme-Schweiz-und-EU-fuer-Abkommen-up-umweltperspektiven.jpg.png","keywords":["CO2","Emmisionshandel","EU-Abkommen","Strom"],"articleSection":["SUSTAINABILITY"],"inLanguage":"en-US"},{"@type":"WebPage","@id":"https:\/\/www.organisator.ch\/sustainability\/2017-11-24\/emmisionshandelssyssteme-schweiz-und-eu-fuer-abkommen\/","url":"https:\/\/www.organisator.ch\/sustainability\/2017-11-24\/emmisionshandelssyssteme-schweiz-und-eu-fuer-abkommen\/","name":"Emmisions trade systems: Switzerland and EU for agreement - Organizer","isPartOf":{"@id":"https:\/\/www.organisator.ch\/#website"},"primaryImageOfPage":{"@id":"https:\/\/www.organisator.ch\/sustainability\/2017-11-24\/emmisionshandelssyssteme-schweiz-und-eu-fuer-abkommen\/#primaryimage"},"image":{"@id":"https:\/\/www.organisator.ch\/sustainability\/2017-11-24\/emmisionshandelssyssteme-schweiz-und-eu-fuer-abkommen\/#primaryimage"},"thumbnailUrl":"https:\/\/www.organisator.ch\/wp-content\/uploads\/2017\/11\/Emmisionshandelssyssteme-Schweiz-und-EU-fuer-Abkommen-up-umweltperspektiven.jpg.png","datePublished":"2017-11-24T16:07:37+00:00","dateModified":"2022-02-09T10:06:55+00:00","description":"Switzerland and the EU published an agreement on linking CO2 emissions trading systems on November 23, 2017.","breadcrumb":{"@id":"https:\/\/www.organisator.ch\/sustainability\/2017-11-24\/emmisionshandelssyssteme-schweiz-und-eu-fuer-abkommen\/#breadcrumb"},"inLanguage":"en-US","potentialAction":[{"@type":"ReadAction","target":["https:\/\/www.organisator.ch\/sustainability\/2017-11-24\/emmisionshandelssyssteme-schweiz-und-eu-fuer-abkommen\/"]}]},{"@type":"ImageObject","inLanguage":"en-US","@id":"https:\/\/www.organisator.ch\/sustainability\/2017-11-24\/emmisionshandelssyssteme-schweiz-und-eu-fuer-abkommen\/#primaryimage","url":"https:\/\/www.organisator.ch\/wp-content\/uploads\/2017\/11\/Emmisionshandelssyssteme-Schweiz-und-EU-fuer-Abkommen-up-umweltperspektiven.jpg.png","contentUrl":"https:\/\/www.organisator.ch\/wp-content\/uploads\/2017\/11\/Emmisionshandelssyssteme-Schweiz-und-EU-fuer-Abkommen-up-umweltperspektiven.jpg.png","width":640,"height":426,"caption":"Vertr\u00e4gt sich der CO2-Emmisisionshandel und eine Stromregulierung \u00fcberhaupt in einer wachsenden Bev\u00f6lkerung? (Bild: Unsplah)"},{"@type":"BreadcrumbList","@id":"https:\/\/www.organisator.ch\/sustainability\/2017-11-24\/emmisionshandelssyssteme-schweiz-und-eu-fuer-abkommen\/#breadcrumb","itemListElement":[{"@type":"ListItem","position":1,"name":"Home","item":"https:\/\/www.organisator.ch\/"},{"@type":"ListItem","position":2,"name":"Emmisionshandelssyssteme: Schweiz und EU f\u00fcr Abkommen"}]},{"@type":"WebSite","@id":"https:\/\/www.organisator.ch\/#website","url":"https:\/\/www.organisator.ch\/","name":"Organizer","description":"Competent. Practical. In 10 issues per year, ORGANISATOR presents the essential topics for managers of SMEs.","publisher":{"@id":"https:\/\/www.organisator.ch\/#organization"},"potentialAction":[{"@type":"SearchAction","target":{"@type":"EntryPoint","urlTemplate":"https:\/\/www.organisator.ch\/?s={search_term_string}"},"query-input":{"@type":"PropertyValueSpecification","valueRequired":true,"valueName":"search_term_string"}}],"inLanguage":"en-US"},{"@type":"Organization","@id":"https:\/\/www.organisator.ch\/#organization","name":"Organizer","url":"https:\/\/www.organisator.ch\/","logo":{"@type":"ImageObject","inLanguage":"en-US","@id":"https:\/\/www.organisator.ch\/#\/schema\/logo\/image\/","url":"https:\/\/www.organisator.ch\/wp-content\/uploads\/2022\/01\/Logo_Organisator_Website.png","contentUrl":"https:\/\/www.organisator.ch\/wp-content\/uploads\/2022\/01\/Logo_Organisator_Website.png","width":800,"height":77,"caption":"Organisator"},"image":{"@id":"https:\/\/www.organisator.ch\/#\/schema\/logo\/image\/"},"sameAs":["https:\/\/www.facebook.com\/OrganisatorFachmagazin","https:\/\/www.linkedin.com\/showcase\/organisator-das-magazin-fr-kmu","https:\/\/www.xing.com\/news\/pages\/organisator-ch-695","https:\/\/www.youtube.com\/channel\/UCGP2Sq0iWaZwT3BdIAQFYpw"]},{"@type":"Person","@id":"https:\/\/www.organisator.ch\/#\/schema\/person\/134708ca9321c57b0362cceb7948ffbd","name":"michael.merz","image":{"@type":"ImageObject","inLanguage":"en-US","@id":"https:\/\/secure.gravatar.com\/avatar\/?s=96&d=mm&r=g","url":"https:\/\/secure.gravatar.com\/avatar\/?s=96&d=mm&r=g","contentUrl":"https:\/\/secure.gravatar.com\/avatar\/?s=96&d=mm&r=g","caption":"michael.merz"},"url":"https:\/\/www.organisator.ch\/en\/author\/michael-merz\/"}]}},"_links":{"self":[{"href":"https:\/\/www.organisator.ch\/en\/wp-json\/wp\/v2\/posts\/10024","targetHints":{"allow":["GET"]}}],"collection":[{"href":"https:\/\/www.organisator.ch\/en\/wp-json\/wp\/v2\/posts"}],"about":[{"href":"https:\/\/www.organisator.ch\/en\/wp-json\/wp\/v2\/types\/post"}],"author":[{"embeddable":true,"href":"https:\/\/www.organisator.ch\/en\/wp-json\/wp\/v2\/users\/5"}],"replies":[{"embeddable":true,"href":"https:\/\/www.organisator.ch\/en\/wp-json\/wp\/v2\/comments?post=10024"}],"version-history":[{"count":1,"href":"https:\/\/www.organisator.ch\/en\/wp-json\/wp\/v2\/posts\/10024\/revisions"}],"predecessor-version":[{"id":10720,"href":"https:\/\/www.organisator.ch\/en\/wp-json\/wp\/v2\/posts\/10024\/revisions\/10720"}],"wp:featuredmedia":[{"embeddable":true,"href":"https:\/\/www.organisator.ch\/en\/wp-json\/wp\/v2\/media\/9524"}],"wp:attachment":[{"href":"https:\/\/www.organisator.ch\/en\/wp-json\/wp\/v2\/media?parent=10024"}],"wp:term":[{"taxonomy":"category","embeddable":true,"href":"https:\/\/www.organisator.ch\/en\/wp-json\/wp\/v2\/categories?post=10024"},{"taxonomy":"post_tag","embeddable":true,"href":"https:\/\/www.organisator.ch\/en\/wp-json\/wp\/v2\/tags?post=10024"}],"curies":[{"name":"wp","href":"https:\/\/api.w.org\/{rel}","templated":true}]}}