{"id":10029,"date":"2018-01-16T14:25:39","date_gmt":"2018-01-16T13:25:39","guid":{"rendered":"https:\/\/www.umweltperspektiven.ch\/?p=1441"},"modified":"2022-02-09T11:06:54","modified_gmt":"2022-02-09T10:06:54","slug":"online-plattform-factory5-schont-kosten-und-klima","status":"publish","type":"post","link":"https:\/\/www.organisator.ch\/en\/sustainability\/2018-01-16\/online-plattform-factory5-schont-kosten-und-klima\/","title":{"rendered":"Online platform Factory5 - saves costs and climate"},"content":{"rendered":"<figure id=\"attachment_1442\" aria-describedby=\"caption-attachment-1442\" style=\"width: 680px\" class=\"wp-caption alignnone\"><img loading=\"lazy\" decoding=\"async\" class=\"size-medium wp-image-1442\" src=\"\/\/www.umweltperspektiven.ch\/wp-content\/uploads\/2018\/01\/Online-Plattform-Factory5-\u2013-schont-Kosten-und-Klima-up-umweltperspektiven.jpg\" alt=\"\" width=\"680\" height=\"453\" \/><figcaption id=\"caption-attachment-1442\" class=\"wp-caption-text\">Since January 2008, the CO2 Act has required a levy on fuels. Part of the levy flows back to the economy. (Image: Swiss Climate Foundation)<\/figcaption><\/figure>\n<p>The online platform Factory5 enables its partners and users to network and communicate directly with each other. However, it includes various processes, such as Micro5, a miniaturized five-axis milling machine that ensures excellent quality while consuming fifty times less energy than conventional equipment due to its size.<\/p>\n<p>The Swiss Climate Foundation co-financed \"Series Zero\" and thus contributed to an important development phase. Factory5 aims to make manufacturing processes more responsive, efficient and centralized. It also aims to improve the global value chain by providing all industrial competencies (manufacturing, measurement, design, maintenance, etc.) and the necessary management software (MRP, CRM, etc.) and the use of smartmachines.<\/p>\n<p>This optimizes production, increases efficiency and promotes cooperation between companies. The online platform Factory5 unites and coordinates the individual production processes. This concept should soon make it possible to create complete factories and, as the designers would like, make Switzerland \"greener, smarter and more connected.<\/p>\n<p><a href=\"\/\/www.klimastiftung.ch\">www.klimastiftung.ch<\/a> and <a href=\"\/\/www.maxcomm-green.com\">www.maxcomm-green.com<\/a><\/p>\n<p><em>Contacts:<\/em><\/p>\n<p><em>For French-speaking Switzerland: Samuel Vuadens, CEO Mecatis SA. s.vuadens@mecatis.ch. For German-speaking Switzerland: Jonas H\u00fcgli, CTO Safelock SA, jonas.huegli@safelock.ch<\/em><\/p>","protected":false},"excerpt":{"rendered":"<p>Die Online-Plattform Factory5 erm\u00f6glicht ihren Partnern und Nutzern, sich zu vernetzen und direkt miteinander zu kommunizieren. Sie umfasst jedoch verschiedene Prozesse, etwa Micro5, eine miniaturisierte f\u00fcnfachsige Fr\u00e4smaschine, die eine hervorragende Qualit\u00e4t gew\u00e4hrleistet und gleichzeitig aufgrund ihrer Gr\u00f6sse f\u00fcnfzig Mal weniger Energie verbraucht als herk\u00f6mmliche Ger\u00e4te. Die Klimastiftung Schweiz hat die &#8222;Serie Null&#8220; mitfinanziert und so [&hellip;]<\/p>\n","protected":false},"author":5,"featured_media":1442,"comment_status":"open","ping_status":"open","sticky":false,"template":"","format":"standard","meta":{"_acf_changed":false,"_yoast_wpseo_focuskw":"Online-Plattform Factory5","_yoast_wpseo_metadesc":"Die Online-Plattform Factory5 soll helfen die Fertigungskosten zu senken und den Energieverbrauch der Industrieproduktion zu reduzieren.","articlekey":"","footnotes":""},"categories":[580],"tags":[1526,1875],"class_list":["post-10029","post","type-post","status-publish","format-standard","has-post-thumbnail","hentry","category-sustainability","tag-klimastiftung-schweiz","tag-online-plattform"],"acf":[],"yoast_head":"<!-- This site is optimized with the Yoast SEO plugin v27.5 - https:\/\/yoast.com\/product\/yoast-seo-wordpress\/ -->\n<title>Online-Plattform Factory5 \u2013 schont Kosten und Klima - Organisator<\/title>\n<meta name=\"description\" content=\"Die Online-Plattform Factory5 soll helfen die Fertigungskosten zu senken und den Energieverbrauch der Industrieproduktion zu reduzieren.\" \/>\n<meta name=\"robots\" content=\"index, follow, max-snippet:-1, max-image-preview:large, max-video-preview:-1\" \/>\n<link rel=\"canonical\" href=\"https:\/\/www.organisator.ch\/en\/sustainability\/2018-01-16\/online-plattform-factory5-schont-kosten-und-klima\/\" \/>\n<meta property=\"og:locale\" content=\"en_US\" \/>\n<meta property=\"og:type\" content=\"article\" \/>\n<meta property=\"og:title\" content=\"Online-Plattform Factory5 \u2013 schont Kosten und Klima - Organisator\" \/>\n<meta property=\"og:description\" content=\"Die Online-Plattform Factory5 soll helfen die Fertigungskosten zu senken und den Energieverbrauch der Industrieproduktion zu reduzieren.\" \/>\n<meta property=\"og:url\" content=\"https:\/\/www.organisator.ch\/en\/sustainability\/2018-01-16\/online-plattform-factory5-schont-kosten-und-klima\/\" \/>\n<meta property=\"og:site_name\" content=\"Organisator\" \/>\n<meta property=\"article:publisher\" content=\"https:\/\/www.facebook.com\/OrganisatorFachmagazin\" \/>\n<meta property=\"article:published_time\" content=\"2018-01-16T13:25:39+00:00\" \/>\n<meta property=\"article:modified_time\" content=\"2022-02-09T10:06:54+00:00\" \/>\n<meta property=\"og:image\" content=\"https:\/\/www.organisator.ch\/wp-content\/uploads\/2018\/01\/Online-Plattform-Factory5-\u2013-schont-Kosten-und-Klima-up-umweltperspektiven-scaled.jpg\" \/>\n\t<meta property=\"og:image:width\" content=\"2560\" \/>\n\t<meta property=\"og:image:height\" content=\"1707\" \/>\n\t<meta property=\"og:image:type\" content=\"image\/jpeg\" \/>\n<meta name=\"author\" content=\"michael.merz\" \/>\n<meta name=\"twitter:card\" content=\"summary_large_image\" \/>\n<script type=\"application\/ld+json\" class=\"yoast-schema-graph\">{\"@context\":\"https:\\\/\\\/schema.org\",\"@graph\":[{\"@type\":\"Article\",\"@id\":\"https:\\\/\\\/www.organisator.ch\\\/sustainability\\\/2018-01-16\\\/online-plattform-factory5-schont-kosten-und-klima\\\/#article\",\"isPartOf\":{\"@id\":\"https:\\\/\\\/www.organisator.ch\\\/sustainability\\\/2018-01-16\\\/online-plattform-factory5-schont-kosten-und-klima\\\/\"},\"author\":{\"name\":\"michael.merz\",\"@id\":\"https:\\\/\\\/www.organisator.ch\\\/#\\\/schema\\\/person\\\/134708ca9321c57b0362cceb7948ffbd\"},\"headline\":\"Online-Plattform Factory5 \u2013 schont Kosten und Klima\",\"datePublished\":\"2018-01-16T13:25:39+00:00\",\"dateModified\":\"2022-02-09T10:06:54+00:00\",\"mainEntityOfPage\":{\"@id\":\"https:\\\/\\\/www.organisator.ch\\\/sustainability\\\/2018-01-16\\\/online-plattform-factory5-schont-kosten-und-klima\\\/\"},\"wordCount\":234,\"commentCount\":0,\"publisher\":{\"@id\":\"https:\\\/\\\/www.organisator.ch\\\/#organization\"},\"image\":{\"@id\":\"https:\\\/\\\/www.organisator.ch\\\/sustainability\\\/2018-01-16\\\/online-plattform-factory5-schont-kosten-und-klima\\\/#primaryimage\"},\"thumbnailUrl\":\"https:\\\/\\\/www.organisator.ch\\\/wp-content\\\/uploads\\\/2018\\\/01\\\/Online-Plattform-Factory5-\u2013-schont-Kosten-und-Klima-up-umweltperspektiven-scaled.jpg\",\"keywords\":[\"Klimastiftung Schweiz\",\"Online Plattform\"],\"articleSection\":[\"SUSTAINABILITY\"],\"inLanguage\":\"en-US\"},{\"@type\":\"WebPage\",\"@id\":\"https:\\\/\\\/www.organisator.ch\\\/sustainability\\\/2018-01-16\\\/online-plattform-factory5-schont-kosten-und-klima\\\/\",\"url\":\"https:\\\/\\\/www.organisator.ch\\\/sustainability\\\/2018-01-16\\\/online-plattform-factory5-schont-kosten-und-klima\\\/\",\"name\":\"Online-Plattform Factory5 \u2013 schont Kosten und Klima - Organisator\",\"isPartOf\":{\"@id\":\"https:\\\/\\\/www.organisator.ch\\\/#website\"},\"primaryImageOfPage\":{\"@id\":\"https:\\\/\\\/www.organisator.ch\\\/sustainability\\\/2018-01-16\\\/online-plattform-factory5-schont-kosten-und-klima\\\/#primaryimage\"},\"image\":{\"@id\":\"https:\\\/\\\/www.organisator.ch\\\/sustainability\\\/2018-01-16\\\/online-plattform-factory5-schont-kosten-und-klima\\\/#primaryimage\"},\"thumbnailUrl\":\"https:\\\/\\\/www.organisator.ch\\\/wp-content\\\/uploads\\\/2018\\\/01\\\/Online-Plattform-Factory5-\u2013-schont-Kosten-und-Klima-up-umweltperspektiven-scaled.jpg\",\"datePublished\":\"2018-01-16T13:25:39+00:00\",\"dateModified\":\"2022-02-09T10:06:54+00:00\",\"description\":\"Die Online-Plattform Factory5 soll helfen die Fertigungskosten zu senken und den Energieverbrauch der Industrieproduktion zu reduzieren.\",\"breadcrumb\":{\"@id\":\"https:\\\/\\\/www.organisator.ch\\\/sustainability\\\/2018-01-16\\\/online-plattform-factory5-schont-kosten-und-klima\\\/#breadcrumb\"},\"inLanguage\":\"en-US\",\"potentialAction\":[{\"@type\":\"ReadAction\",\"target\":[\"https:\\\/\\\/www.organisator.ch\\\/sustainability\\\/2018-01-16\\\/online-plattform-factory5-schont-kosten-und-klima\\\/\"]}]},{\"@type\":\"ImageObject\",\"inLanguage\":\"en-US\",\"@id\":\"https:\\\/\\\/www.organisator.ch\\\/sustainability\\\/2018-01-16\\\/online-plattform-factory5-schont-kosten-und-klima\\\/#primaryimage\",\"url\":\"https:\\\/\\\/www.organisator.ch\\\/wp-content\\\/uploads\\\/2018\\\/01\\\/Online-Plattform-Factory5-\u2013-schont-Kosten-und-Klima-up-umweltperspektiven-scaled.jpg\",\"contentUrl\":\"https:\\\/\\\/www.organisator.ch\\\/wp-content\\\/uploads\\\/2018\\\/01\\\/Online-Plattform-Factory5-\u2013-schont-Kosten-und-Klima-up-umweltperspektiven-scaled.jpg\",\"width\":2560,\"height\":1707,\"caption\":\"Seit Januar 2008 verlangt das CO2-Gesetz eine Abgabe auf Brennstoffe. Ein Teil der Abgaben fliesst zur\u00fcck an die Wirtschaft. (Bild: Klimastiftung Schweiz)\"},{\"@type\":\"BreadcrumbList\",\"@id\":\"https:\\\/\\\/www.organisator.ch\\\/sustainability\\\/2018-01-16\\\/online-plattform-factory5-schont-kosten-und-klima\\\/#breadcrumb\",\"itemListElement\":[{\"@type\":\"ListItem\",\"position\":1,\"name\":\"Home\",\"item\":\"https:\\\/\\\/www.organisator.ch\\\/\"},{\"@type\":\"ListItem\",\"position\":2,\"name\":\"Online-Plattform Factory5 \u2013 schont Kosten und Klima\"}]},{\"@type\":\"WebSite\",\"@id\":\"https:\\\/\\\/www.organisator.ch\\\/#website\",\"url\":\"https:\\\/\\\/www.organisator.ch\\\/\",\"name\":\"Organisator\",\"description\":\"Kompetent. Praxisnah. Der ORGANISATOR bereitet in 10 Ausgaben pro Jahr die wesentlichen Themen f\u00fcr F\u00fchrungskr\u00e4fte von KMU auf.\",\"publisher\":{\"@id\":\"https:\\\/\\\/www.organisator.ch\\\/#organization\"},\"potentialAction\":[{\"@type\":\"SearchAction\",\"target\":{\"@type\":\"EntryPoint\",\"urlTemplate\":\"https:\\\/\\\/www.organisator.ch\\\/?s={search_term_string}\"},\"query-input\":{\"@type\":\"PropertyValueSpecification\",\"valueRequired\":true,\"valueName\":\"search_term_string\"}}],\"inLanguage\":\"en-US\"},{\"@type\":\"Organization\",\"@id\":\"https:\\\/\\\/www.organisator.ch\\\/#organization\",\"name\":\"Organisator\",\"url\":\"https:\\\/\\\/www.organisator.ch\\\/\",\"logo\":{\"@type\":\"ImageObject\",\"inLanguage\":\"en-US\",\"@id\":\"https:\\\/\\\/www.organisator.ch\\\/#\\\/schema\\\/logo\\\/image\\\/\",\"url\":\"https:\\\/\\\/www.organisator.ch\\\/wp-content\\\/uploads\\\/2022\\\/01\\\/Logo_Organisator_Website.png\",\"contentUrl\":\"https:\\\/\\\/www.organisator.ch\\\/wp-content\\\/uploads\\\/2022\\\/01\\\/Logo_Organisator_Website.png\",\"width\":800,\"height\":77,\"caption\":\"Organisator\"},\"image\":{\"@id\":\"https:\\\/\\\/www.organisator.ch\\\/#\\\/schema\\\/logo\\\/image\\\/\"},\"sameAs\":[\"https:\\\/\\\/www.facebook.com\\\/OrganisatorFachmagazin\",\"https:\\\/\\\/www.linkedin.com\\\/showcase\\\/organisator-das-magazin-fr-kmu\",\"https:\\\/\\\/www.xing.com\\\/news\\\/pages\\\/organisator-ch-695\",\"https:\\\/\\\/www.youtube.com\\\/channel\\\/UCGP2Sq0iWaZwT3BdIAQFYpw\"]},{\"@type\":\"Person\",\"@id\":\"https:\\\/\\\/www.organisator.ch\\\/#\\\/schema\\\/person\\\/134708ca9321c57b0362cceb7948ffbd\",\"name\":\"michael.merz\",\"image\":{\"@type\":\"ImageObject\",\"inLanguage\":\"en-US\",\"@id\":\"https:\\\/\\\/secure.gravatar.com\\\/avatar\\\/?s=96&d=mm&r=g\",\"url\":\"https:\\\/\\\/secure.gravatar.com\\\/avatar\\\/?s=96&d=mm&r=g\",\"contentUrl\":\"https:\\\/\\\/secure.gravatar.com\\\/avatar\\\/?s=96&d=mm&r=g\",\"caption\":\"michael.merz\"},\"url\":\"https:\\\/\\\/www.organisator.ch\\\/en\\\/author\\\/michael-merz\\\/\"}]}<\/script>\n<!-- \/ Yoast SEO plugin. -->","yoast_head_json":{"title":"Online platform Factory5 - saves costs and climate - Organizer","description":"The Factory5 online platform is designed to help lower manufacturing costs and reduce energy consumption in industrial production.","robots":{"index":"index","follow":"follow","max-snippet":"max-snippet:-1","max-image-preview":"max-image-preview:large","max-video-preview":"max-video-preview:-1"},"canonical":"https:\/\/www.organisator.ch\/en\/sustainability\/2018-01-16\/online-plattform-factory5-schont-kosten-und-klima\/","og_locale":"en_US","og_type":"article","og_title":"Online-Plattform Factory5 \u2013 schont Kosten und Klima - Organisator","og_description":"Die Online-Plattform Factory5 soll helfen die Fertigungskosten zu senken und den Energieverbrauch der Industrieproduktion zu reduzieren.","og_url":"https:\/\/www.organisator.ch\/en\/sustainability\/2018-01-16\/online-plattform-factory5-schont-kosten-und-klima\/","og_site_name":"Organisator","article_publisher":"https:\/\/www.facebook.com\/OrganisatorFachmagazin","article_published_time":"2018-01-16T13:25:39+00:00","article_modified_time":"2022-02-09T10:06:54+00:00","og_image":[{"width":2560,"height":1707,"url":"https:\/\/www.organisator.ch\/wp-content\/uploads\/2018\/01\/Online-Plattform-Factory5-\u2013-schont-Kosten-und-Klima-up-umweltperspektiven-scaled.jpg","type":"image\/jpeg"}],"author":"michael.merz","twitter_card":"summary_large_image","schema":{"@context":"https:\/\/schema.org","@graph":[{"@type":"Article","@id":"https:\/\/www.organisator.ch\/sustainability\/2018-01-16\/online-plattform-factory5-schont-kosten-und-klima\/#article","isPartOf":{"@id":"https:\/\/www.organisator.ch\/sustainability\/2018-01-16\/online-plattform-factory5-schont-kosten-und-klima\/"},"author":{"name":"michael.merz","@id":"https:\/\/www.organisator.ch\/#\/schema\/person\/134708ca9321c57b0362cceb7948ffbd"},"headline":"Online-Plattform Factory5 \u2013 schont Kosten und Klima","datePublished":"2018-01-16T13:25:39+00:00","dateModified":"2022-02-09T10:06:54+00:00","mainEntityOfPage":{"@id":"https:\/\/www.organisator.ch\/sustainability\/2018-01-16\/online-plattform-factory5-schont-kosten-und-klima\/"},"wordCount":234,"commentCount":0,"publisher":{"@id":"https:\/\/www.organisator.ch\/#organization"},"image":{"@id":"https:\/\/www.organisator.ch\/sustainability\/2018-01-16\/online-plattform-factory5-schont-kosten-und-klima\/#primaryimage"},"thumbnailUrl":"https:\/\/www.organisator.ch\/wp-content\/uploads\/2018\/01\/Online-Plattform-Factory5-\u2013-schont-Kosten-und-Klima-up-umweltperspektiven-scaled.jpg","keywords":["Klimastiftung Schweiz","Online Plattform"],"articleSection":["SUSTAINABILITY"],"inLanguage":"en-US"},{"@type":"WebPage","@id":"https:\/\/www.organisator.ch\/sustainability\/2018-01-16\/online-plattform-factory5-schont-kosten-und-klima\/","url":"https:\/\/www.organisator.ch\/sustainability\/2018-01-16\/online-plattform-factory5-schont-kosten-und-klima\/","name":"Online platform Factory5 - saves costs and climate - Organizer","isPartOf":{"@id":"https:\/\/www.organisator.ch\/#website"},"primaryImageOfPage":{"@id":"https:\/\/www.organisator.ch\/sustainability\/2018-01-16\/online-plattform-factory5-schont-kosten-und-klima\/#primaryimage"},"image":{"@id":"https:\/\/www.organisator.ch\/sustainability\/2018-01-16\/online-plattform-factory5-schont-kosten-und-klima\/#primaryimage"},"thumbnailUrl":"https:\/\/www.organisator.ch\/wp-content\/uploads\/2018\/01\/Online-Plattform-Factory5-\u2013-schont-Kosten-und-Klima-up-umweltperspektiven-scaled.jpg","datePublished":"2018-01-16T13:25:39+00:00","dateModified":"2022-02-09T10:06:54+00:00","description":"The Factory5 online platform is designed to help lower manufacturing costs and reduce energy consumption in industrial production.","breadcrumb":{"@id":"https:\/\/www.organisator.ch\/sustainability\/2018-01-16\/online-plattform-factory5-schont-kosten-und-klima\/#breadcrumb"},"inLanguage":"en-US","potentialAction":[{"@type":"ReadAction","target":["https:\/\/www.organisator.ch\/sustainability\/2018-01-16\/online-plattform-factory5-schont-kosten-und-klima\/"]}]},{"@type":"ImageObject","inLanguage":"en-US","@id":"https:\/\/www.organisator.ch\/sustainability\/2018-01-16\/online-plattform-factory5-schont-kosten-und-klima\/#primaryimage","url":"https:\/\/www.organisator.ch\/wp-content\/uploads\/2018\/01\/Online-Plattform-Factory5-\u2013-schont-Kosten-und-Klima-up-umweltperspektiven-scaled.jpg","contentUrl":"https:\/\/www.organisator.ch\/wp-content\/uploads\/2018\/01\/Online-Plattform-Factory5-\u2013-schont-Kosten-und-Klima-up-umweltperspektiven-scaled.jpg","width":2560,"height":1707,"caption":"Seit Januar 2008 verlangt das CO2-Gesetz eine Abgabe auf Brennstoffe. Ein Teil der Abgaben fliesst zur\u00fcck an die Wirtschaft. (Bild: Klimastiftung Schweiz)"},{"@type":"BreadcrumbList","@id":"https:\/\/www.organisator.ch\/sustainability\/2018-01-16\/online-plattform-factory5-schont-kosten-und-klima\/#breadcrumb","itemListElement":[{"@type":"ListItem","position":1,"name":"Home","item":"https:\/\/www.organisator.ch\/"},{"@type":"ListItem","position":2,"name":"Online-Plattform Factory5 \u2013 schont Kosten und Klima"}]},{"@type":"WebSite","@id":"https:\/\/www.organisator.ch\/#website","url":"https:\/\/www.organisator.ch\/","name":"Organizer","description":"Competent. Practical. In 10 issues per year, ORGANISATOR presents the essential topics for managers of SMEs.","publisher":{"@id":"https:\/\/www.organisator.ch\/#organization"},"potentialAction":[{"@type":"SearchAction","target":{"@type":"EntryPoint","urlTemplate":"https:\/\/www.organisator.ch\/?s={search_term_string}"},"query-input":{"@type":"PropertyValueSpecification","valueRequired":true,"valueName":"search_term_string"}}],"inLanguage":"en-US"},{"@type":"Organization","@id":"https:\/\/www.organisator.ch\/#organization","name":"Organizer","url":"https:\/\/www.organisator.ch\/","logo":{"@type":"ImageObject","inLanguage":"en-US","@id":"https:\/\/www.organisator.ch\/#\/schema\/logo\/image\/","url":"https:\/\/www.organisator.ch\/wp-content\/uploads\/2022\/01\/Logo_Organisator_Website.png","contentUrl":"https:\/\/www.organisator.ch\/wp-content\/uploads\/2022\/01\/Logo_Organisator_Website.png","width":800,"height":77,"caption":"Organisator"},"image":{"@id":"https:\/\/www.organisator.ch\/#\/schema\/logo\/image\/"},"sameAs":["https:\/\/www.facebook.com\/OrganisatorFachmagazin","https:\/\/www.linkedin.com\/showcase\/organisator-das-magazin-fr-kmu","https:\/\/www.xing.com\/news\/pages\/organisator-ch-695","https:\/\/www.youtube.com\/channel\/UCGP2Sq0iWaZwT3BdIAQFYpw"]},{"@type":"Person","@id":"https:\/\/www.organisator.ch\/#\/schema\/person\/134708ca9321c57b0362cceb7948ffbd","name":"michael.merz","image":{"@type":"ImageObject","inLanguage":"en-US","@id":"https:\/\/secure.gravatar.com\/avatar\/?s=96&d=mm&r=g","url":"https:\/\/secure.gravatar.com\/avatar\/?s=96&d=mm&r=g","contentUrl":"https:\/\/secure.gravatar.com\/avatar\/?s=96&d=mm&r=g","caption":"michael.merz"},"url":"https:\/\/www.organisator.ch\/en\/author\/michael-merz\/"}]}},"_links":{"self":[{"href":"https:\/\/www.organisator.ch\/en\/wp-json\/wp\/v2\/posts\/10029","targetHints":{"allow":["GET"]}}],"collection":[{"href":"https:\/\/www.organisator.ch\/en\/wp-json\/wp\/v2\/posts"}],"about":[{"href":"https:\/\/www.organisator.ch\/en\/wp-json\/wp\/v2\/types\/post"}],"author":[{"embeddable":true,"href":"https:\/\/www.organisator.ch\/en\/wp-json\/wp\/v2\/users\/5"}],"replies":[{"embeddable":true,"href":"https:\/\/www.organisator.ch\/en\/wp-json\/wp\/v2\/comments?post=10029"}],"version-history":[{"count":1,"href":"https:\/\/www.organisator.ch\/en\/wp-json\/wp\/v2\/posts\/10029\/revisions"}],"predecessor-version":[{"id":10718,"href":"https:\/\/www.organisator.ch\/en\/wp-json\/wp\/v2\/posts\/10029\/revisions\/10718"}],"wp:featuredmedia":[{"embeddable":true,"href":"https:\/\/www.organisator.ch\/en\/wp-json\/wp\/v2\/media\/1442"}],"wp:attachment":[{"href":"https:\/\/www.organisator.ch\/en\/wp-json\/wp\/v2\/media?parent=10029"}],"wp:term":[{"taxonomy":"category","embeddable":true,"href":"https:\/\/www.organisator.ch\/en\/wp-json\/wp\/v2\/categories?post=10029"},{"taxonomy":"post_tag","embeddable":true,"href":"https:\/\/www.organisator.ch\/en\/wp-json\/wp\/v2\/tags?post=10029"}],"curies":[{"name":"wp","href":"https:\/\/api.w.org\/{rel}","templated":true}]}}