{"id":10031,"date":"2018-02-19T10:14:55","date_gmt":"2018-02-19T09:14:55","guid":{"rendered":"https:\/\/www.umweltperspektiven.ch\/?p=1511"},"modified":"2018-02-19T10:14:55","modified_gmt":"2018-02-19T09:14:55","slug":"buchtipp","status":"publish","type":"post","link":"https:\/\/www.organisator.ch\/en\/allgemein\/2018-02-19\/buchtipp\/","title":{"rendered":"Book tip: \"Prices lie\""},"content":{"rendered":"<figure id=\"attachment_1512\" aria-describedby=\"caption-attachment-1512\" style=\"width: 634px\" class=\"wp-caption alignnone\"><img loading=\"lazy\" decoding=\"async\" class=\"size-medium wp-image-1512\" src=\"\/\/www.umweltperspektiven.ch\/wp-content\/uploads\/2018\/02\/Die-Preise-l\u00fcgen-up-umweltperspektiven-634x1000.jpg\" alt=\"\" width=\"634\" height=\"1000\" \/><figcaption id=\"caption-attachment-1512\" class=\"wp-caption-text\">(Copyright: oekom verlag Munich)<\/figcaption><\/figure>\n<p>Prices lie. Isn't it great that we only have to spend a fraction of our income on food? Everything is so nice and cheap at Aldi, Edeka &amp; Co. But what if the prices are only so low because the costs are passed on - to the environment, other countries, future generations? Or what if the costs end up back at us through the back door because health care costs are rising or water has to be treated more and more expensively?<\/p>\n<p class=\"bodytext\">Then it is time to act, because only when the follow-up costs of conventionally produced food are made visible, the system will be fair again. And if the prices finally tell the truth, \"normal\" would suddenly be much more expensive than \"organic\". Then we would automatically buy what is best for us and our environment.<\/p>\n<p class=\"bodytext\">The book aims to harness and fuel the momentum of the discussion. The contributions (<a href=\"\/\/www.oekom.de\/fileadmin\/buecher\/PDF_Leseprobe\/9783962384258_Leseprobe_Deckblatt.pdf\">Reading sample<\/a>) provide a comprehensive overview of the many aspects of the issue, offer well-founded criticism, but also point out concrete possible solutions, such as suitable communication strategies.<\/p>\n<p><a class=\"noIndent\" href=\"\/\/www.oekom.de\/buecher\/autorinnen-a-bis-z\/autorin\/1020.html\">Bernward Geier<\/a>: <em>\"The prices lie <\/em><em>- Why cheap food costs us dearly\" (oekom verlag Munich 2018) is available in German. <\/em><a href=\"\/\/www.oekom.de\/nc\/buecher\/gesamtprogramm\/buch\/die-preise-luegen.html\"><em>here<\/em><\/a><\/p>\n<p>&nbsp;<\/p>\n<div class=\"fett\"><\/div>\n<p>&nbsp;<\/p>","protected":false},"excerpt":{"rendered":"<p>Die Preise l\u00fcgen. Ist es nicht toll, dass wir nur noch einen Bruchteil unseres Einkommens f\u00fcr Lebensmittel ausgeben m\u00fcssen? Alles so sch\u00f6n billig bei Aldi, Edeka &amp; Co.! Doch was, wenn die Preise nur deshalb so niedrig sind, weil die Kosten abgew\u00e4lzt werden \u2013 auf Umwelt, andere L\u00e4nder, kommende Generationen? Oder wenn die Kosten durch [&hellip;]<\/p>\n","protected":false},"author":5,"featured_media":1512,"comment_status":"open","ping_status":"open","sticky":false,"template":"","format":"standard","meta":{"_acf_changed":false,"_yoast_wpseo_focuskw":"Die Preise l\u00fcgen","_yoast_wpseo_metadesc":"Das Buch \"Die Preise l\u00fcgen - Warum uns billige Lebensmittel teuer zu stehen kommen\" (oekom Verlag) zeigt Misst\u00e4nde in der Lebensmittelproduktion auf.","articlekey":"","footnotes":""},"categories":[1],"tags":[829,839,840,1592,2578],"class_list":["post-10031","post","type-post","status-publish","format-standard","has-post-thumbnail","hentry","category-allgemein","tag-biodiversitaet","tag-biolandbau","tag-biolandbau-international","tag-landwirtschaft","tag-wirtschaftsethik"],"acf":[],"yoast_head":"<!-- This site is optimized with the Yoast SEO plugin v27.4 - https:\/\/yoast.com\/product\/yoast-seo-wordpress\/ -->\n<title>Buchtipp: &quot;Die Preise l\u00fcgen&quot; - Organisator<\/title>\n<meta name=\"description\" content=\"Das Buch &quot;Die Preise l\u00fcgen - Warum uns billige Lebensmittel teuer zu stehen kommen&quot; (oekom Verlag) zeigt Misst\u00e4nde in der Lebensmittelproduktion auf.\" \/>\n<meta name=\"robots\" content=\"index, follow, max-snippet:-1, max-image-preview:large, max-video-preview:-1\" \/>\n<link rel=\"canonical\" href=\"https:\/\/www.organisator.ch\/en\/general\/2018-02-19\/buchtipp\/\" \/>\n<meta property=\"og:locale\" content=\"en_US\" \/>\n<meta property=\"og:type\" content=\"article\" \/>\n<meta property=\"og:title\" content=\"Buchtipp: &quot;Die Preise l\u00fcgen&quot;\" \/>\n<meta property=\"og:description\" content=\"Das Buch &quot;Die Preise l\u00fcgen - Warum uns billige Lebensmittel teuer zu stehen kommen&quot; (oekom Verlag) zeigt Misst\u00e4nde in der Lebensmittelproduktion auf.\" \/>\n<meta property=\"og:url\" content=\"https:\/\/www.organisator.ch\/en\/general\/2018-02-19\/buchtipp\/\" \/>\n<meta property=\"og:site_name\" content=\"Organisator\" \/>\n<meta property=\"article:publisher\" content=\"https:\/\/www.facebook.com\/OrganisatorFachmagazin\" \/>\n<meta property=\"article:published_time\" content=\"2018-02-19T09:14:55+00:00\" \/>\n<meta property=\"og:image\" content=\"https:\/\/www.organisator.ch\/wp-content\/uploads\/2018\/02\/Die-Preise-luegen-up-umweltperspektiven-649x1024.jpg\" \/>\n\t<meta property=\"og:image:width\" content=\"649\" \/>\n\t<meta property=\"og:image:height\" content=\"1024\" \/>\n\t<meta property=\"og:image:type\" content=\"image\/jpeg\" \/>\n<meta name=\"author\" content=\"michael.merz\" \/>\n<meta name=\"twitter:card\" content=\"summary_large_image\" \/>\n<script type=\"application\/ld+json\" class=\"yoast-schema-graph\">{\"@context\":\"https:\\\/\\\/schema.org\",\"@graph\":[{\"@type\":\"Article\",\"@id\":\"https:\\\/\\\/www.organisator.ch\\\/en\\\/general\\\/2018-02-19\\\/buchtipp\\\/#article\",\"isPartOf\":{\"@id\":\"https:\\\/\\\/www.organisator.ch\\\/en\\\/general\\\/2018-02-19\\\/buchtipp\\\/\"},\"author\":{\"name\":\"michael.merz\",\"@id\":\"https:\\\/\\\/www.organisator.ch\\\/#\\\/schema\\\/person\\\/134708ca9321c57b0362cceb7948ffbd\"},\"headline\":\"Buchtipp: &#8222;Die Preise l\u00fcgen&#8220;\",\"datePublished\":\"2018-02-19T09:14:55+00:00\",\"mainEntityOfPage\":{\"@id\":\"https:\\\/\\\/www.organisator.ch\\\/en\\\/general\\\/2018-02-19\\\/buchtipp\\\/\"},\"wordCount\":221,\"commentCount\":0,\"publisher\":{\"@id\":\"https:\\\/\\\/www.organisator.ch\\\/#organization\"},\"image\":{\"@id\":\"https:\\\/\\\/www.organisator.ch\\\/en\\\/general\\\/2018-02-19\\\/buchtipp\\\/#primaryimage\"},\"thumbnailUrl\":\"https:\\\/\\\/www.organisator.ch\\\/wp-content\\\/uploads\\\/2018\\\/02\\\/Die-Preise-luegen-up-umweltperspektiven.jpg\",\"keywords\":[\"Biodiversit\u00e4t\",\"Biolandbau\",\"Biolandbau international\",\"Landwirtschaft\",\"Wirtschaftsethik\"],\"articleSection\":[\"Allgemein\"],\"inLanguage\":\"en-US\"},{\"@type\":\"WebPage\",\"@id\":\"https:\\\/\\\/www.organisator.ch\\\/en\\\/general\\\/2018-02-19\\\/buchtipp\\\/\",\"url\":\"https:\\\/\\\/www.organisator.ch\\\/en\\\/general\\\/2018-02-19\\\/buchtipp\\\/\",\"name\":\"Buchtipp: \\\"Die Preise l\u00fcgen\\\" - Organisator\",\"isPartOf\":{\"@id\":\"https:\\\/\\\/www.organisator.ch\\\/#website\"},\"primaryImageOfPage\":{\"@id\":\"https:\\\/\\\/www.organisator.ch\\\/en\\\/general\\\/2018-02-19\\\/buchtipp\\\/#primaryimage\"},\"image\":{\"@id\":\"https:\\\/\\\/www.organisator.ch\\\/en\\\/general\\\/2018-02-19\\\/buchtipp\\\/#primaryimage\"},\"thumbnailUrl\":\"https:\\\/\\\/www.organisator.ch\\\/wp-content\\\/uploads\\\/2018\\\/02\\\/Die-Preise-luegen-up-umweltperspektiven.jpg\",\"datePublished\":\"2018-02-19T09:14:55+00:00\",\"description\":\"Das Buch \\\"Die Preise l\u00fcgen - Warum uns billige Lebensmittel teuer zu stehen kommen\\\" (oekom Verlag) zeigt Misst\u00e4nde in der Lebensmittelproduktion auf.\",\"breadcrumb\":{\"@id\":\"https:\\\/\\\/www.organisator.ch\\\/en\\\/general\\\/2018-02-19\\\/buchtipp\\\/#breadcrumb\"},\"inLanguage\":\"en-US\",\"potentialAction\":[{\"@type\":\"ReadAction\",\"target\":[\"https:\\\/\\\/www.organisator.ch\\\/en\\\/general\\\/2018-02-19\\\/buchtipp\\\/\"]}]},{\"@type\":\"ImageObject\",\"inLanguage\":\"en-US\",\"@id\":\"https:\\\/\\\/www.organisator.ch\\\/en\\\/general\\\/2018-02-19\\\/buchtipp\\\/#primaryimage\",\"url\":\"https:\\\/\\\/www.organisator.ch\\\/wp-content\\\/uploads\\\/2018\\\/02\\\/Die-Preise-luegen-up-umweltperspektiven.jpg\",\"contentUrl\":\"https:\\\/\\\/www.organisator.ch\\\/wp-content\\\/uploads\\\/2018\\\/02\\\/Die-Preise-luegen-up-umweltperspektiven.jpg\",\"width\":1535,\"height\":2421,\"caption\":\"(Copyright: oekom verlag M\u00fcnchen)\"},{\"@type\":\"BreadcrumbList\",\"@id\":\"https:\\\/\\\/www.organisator.ch\\\/en\\\/general\\\/2018-02-19\\\/buchtipp\\\/#breadcrumb\",\"itemListElement\":[{\"@type\":\"ListItem\",\"position\":1,\"name\":\"Home\",\"item\":\"https:\\\/\\\/www.organisator.ch\\\/\"},{\"@type\":\"ListItem\",\"position\":2,\"name\":\"Buchtipp: &#8222;Die Preise l\u00fcgen&#8220;\"}]},{\"@type\":\"WebSite\",\"@id\":\"https:\\\/\\\/www.organisator.ch\\\/#website\",\"url\":\"https:\\\/\\\/www.organisator.ch\\\/\",\"name\":\"Organisator\",\"description\":\"Kompetent. Praxisnah. Der ORGANISATOR bereitet in 10 Ausgaben pro Jahr die wesentlichen Themen f\u00fcr F\u00fchrungskr\u00e4fte von KMU auf.\",\"publisher\":{\"@id\":\"https:\\\/\\\/www.organisator.ch\\\/#organization\"},\"potentialAction\":[{\"@type\":\"SearchAction\",\"target\":{\"@type\":\"EntryPoint\",\"urlTemplate\":\"https:\\\/\\\/www.organisator.ch\\\/?s={search_term_string}\"},\"query-input\":{\"@type\":\"PropertyValueSpecification\",\"valueRequired\":true,\"valueName\":\"search_term_string\"}}],\"inLanguage\":\"en-US\"},{\"@type\":\"Organization\",\"@id\":\"https:\\\/\\\/www.organisator.ch\\\/#organization\",\"name\":\"Organisator\",\"url\":\"https:\\\/\\\/www.organisator.ch\\\/\",\"logo\":{\"@type\":\"ImageObject\",\"inLanguage\":\"en-US\",\"@id\":\"https:\\\/\\\/www.organisator.ch\\\/#\\\/schema\\\/logo\\\/image\\\/\",\"url\":\"https:\\\/\\\/www.organisator.ch\\\/wp-content\\\/uploads\\\/2022\\\/01\\\/Logo_Organisator_Website.png\",\"contentUrl\":\"https:\\\/\\\/www.organisator.ch\\\/wp-content\\\/uploads\\\/2022\\\/01\\\/Logo_Organisator_Website.png\",\"width\":800,\"height\":77,\"caption\":\"Organisator\"},\"image\":{\"@id\":\"https:\\\/\\\/www.organisator.ch\\\/#\\\/schema\\\/logo\\\/image\\\/\"},\"sameAs\":[\"https:\\\/\\\/www.facebook.com\\\/OrganisatorFachmagazin\",\"https:\\\/\\\/www.linkedin.com\\\/showcase\\\/organisator-das-magazin-fr-kmu\",\"https:\\\/\\\/www.xing.com\\\/news\\\/pages\\\/organisator-ch-695\",\"https:\\\/\\\/www.youtube.com\\\/channel\\\/UCGP2Sq0iWaZwT3BdIAQFYpw\"]},{\"@type\":\"Person\",\"@id\":\"https:\\\/\\\/www.organisator.ch\\\/#\\\/schema\\\/person\\\/134708ca9321c57b0362cceb7948ffbd\",\"name\":\"michael.merz\",\"image\":{\"@type\":\"ImageObject\",\"inLanguage\":\"en-US\",\"@id\":\"https:\\\/\\\/secure.gravatar.com\\\/avatar\\\/?s=96&d=mm&r=g\",\"url\":\"https:\\\/\\\/secure.gravatar.com\\\/avatar\\\/?s=96&d=mm&r=g\",\"contentUrl\":\"https:\\\/\\\/secure.gravatar.com\\\/avatar\\\/?s=96&d=mm&r=g\",\"caption\":\"michael.merz\"},\"url\":\"https:\\\/\\\/www.organisator.ch\\\/en\\\/author\\\/michael-merz\\\/\"}]}<\/script>\n<!-- \/ Yoast SEO plugin. -->","yoast_head_json":{"title":"Book tip: \"The prices lie\" - Organizer","description":"The book \"Die Preise l\u00fcgen - Warum uns billige Lebensmittel teuer zu stehen kommen\" (oekom Verlag) exposes abuses in food production.","robots":{"index":"index","follow":"follow","max-snippet":"max-snippet:-1","max-image-preview":"max-image-preview:large","max-video-preview":"max-video-preview:-1"},"canonical":"https:\/\/www.organisator.ch\/en\/general\/2018-02-19\/buchtipp\/","og_locale":"en_US","og_type":"article","og_title":"Buchtipp: \"Die Preise l\u00fcgen\"","og_description":"Das Buch \"Die Preise l\u00fcgen - Warum uns billige Lebensmittel teuer zu stehen kommen\" (oekom Verlag) zeigt Misst\u00e4nde in der Lebensmittelproduktion auf.","og_url":"https:\/\/www.organisator.ch\/en\/general\/2018-02-19\/buchtipp\/","og_site_name":"Organisator","article_publisher":"https:\/\/www.facebook.com\/OrganisatorFachmagazin","article_published_time":"2018-02-19T09:14:55+00:00","og_image":[{"width":649,"height":1024,"url":"https:\/\/www.organisator.ch\/wp-content\/uploads\/2018\/02\/Die-Preise-luegen-up-umweltperspektiven-649x1024.jpg","type":"image\/jpeg"}],"author":"michael.merz","twitter_card":"summary_large_image","schema":{"@context":"https:\/\/schema.org","@graph":[{"@type":"Article","@id":"https:\/\/www.organisator.ch\/en\/general\/2018-02-19\/buchtipp\/#article","isPartOf":{"@id":"https:\/\/www.organisator.ch\/en\/general\/2018-02-19\/buchtipp\/"},"author":{"name":"michael.merz","@id":"https:\/\/www.organisator.ch\/#\/schema\/person\/134708ca9321c57b0362cceb7948ffbd"},"headline":"Buchtipp: &#8222;Die Preise l\u00fcgen&#8220;","datePublished":"2018-02-19T09:14:55+00:00","mainEntityOfPage":{"@id":"https:\/\/www.organisator.ch\/en\/general\/2018-02-19\/buchtipp\/"},"wordCount":221,"commentCount":0,"publisher":{"@id":"https:\/\/www.organisator.ch\/#organization"},"image":{"@id":"https:\/\/www.organisator.ch\/en\/general\/2018-02-19\/buchtipp\/#primaryimage"},"thumbnailUrl":"https:\/\/www.organisator.ch\/wp-content\/uploads\/2018\/02\/Die-Preise-luegen-up-umweltperspektiven.jpg","keywords":["Biodiversit\u00e4t","Biolandbau","Biolandbau international","Landwirtschaft","Wirtschaftsethik"],"articleSection":["Allgemein"],"inLanguage":"en-US"},{"@type":"WebPage","@id":"https:\/\/www.organisator.ch\/en\/general\/2018-02-19\/buchtipp\/","url":"https:\/\/www.organisator.ch\/en\/general\/2018-02-19\/buchtipp\/","name":"Book tip: \"The prices lie\" - Organizer","isPartOf":{"@id":"https:\/\/www.organisator.ch\/#website"},"primaryImageOfPage":{"@id":"https:\/\/www.organisator.ch\/en\/general\/2018-02-19\/buchtipp\/#primaryimage"},"image":{"@id":"https:\/\/www.organisator.ch\/en\/general\/2018-02-19\/buchtipp\/#primaryimage"},"thumbnailUrl":"https:\/\/www.organisator.ch\/wp-content\/uploads\/2018\/02\/Die-Preise-luegen-up-umweltperspektiven.jpg","datePublished":"2018-02-19T09:14:55+00:00","description":"The book \"Die Preise l\u00fcgen - Warum uns billige Lebensmittel teuer zu stehen kommen\" (oekom Verlag) exposes abuses in food production.","breadcrumb":{"@id":"https:\/\/www.organisator.ch\/en\/general\/2018-02-19\/buchtipp\/#breadcrumb"},"inLanguage":"en-US","potentialAction":[{"@type":"ReadAction","target":["https:\/\/www.organisator.ch\/en\/general\/2018-02-19\/buchtipp\/"]}]},{"@type":"ImageObject","inLanguage":"en-US","@id":"https:\/\/www.organisator.ch\/en\/general\/2018-02-19\/buchtipp\/#primaryimage","url":"https:\/\/www.organisator.ch\/wp-content\/uploads\/2018\/02\/Die-Preise-luegen-up-umweltperspektiven.jpg","contentUrl":"https:\/\/www.organisator.ch\/wp-content\/uploads\/2018\/02\/Die-Preise-luegen-up-umweltperspektiven.jpg","width":1535,"height":2421,"caption":"(Copyright: oekom verlag M\u00fcnchen)"},{"@type":"BreadcrumbList","@id":"https:\/\/www.organisator.ch\/en\/general\/2018-02-19\/buchtipp\/#breadcrumb","itemListElement":[{"@type":"ListItem","position":1,"name":"Home","item":"https:\/\/www.organisator.ch\/"},{"@type":"ListItem","position":2,"name":"Buchtipp: &#8222;Die Preise l\u00fcgen&#8220;"}]},{"@type":"WebSite","@id":"https:\/\/www.organisator.ch\/#website","url":"https:\/\/www.organisator.ch\/","name":"Organizer","description":"Competent. Practical. In 10 issues per year, ORGANISATOR presents the essential topics for managers of SMEs.","publisher":{"@id":"https:\/\/www.organisator.ch\/#organization"},"potentialAction":[{"@type":"SearchAction","target":{"@type":"EntryPoint","urlTemplate":"https:\/\/www.organisator.ch\/?s={search_term_string}"},"query-input":{"@type":"PropertyValueSpecification","valueRequired":true,"valueName":"search_term_string"}}],"inLanguage":"en-US"},{"@type":"Organization","@id":"https:\/\/www.organisator.ch\/#organization","name":"Organizer","url":"https:\/\/www.organisator.ch\/","logo":{"@type":"ImageObject","inLanguage":"en-US","@id":"https:\/\/www.organisator.ch\/#\/schema\/logo\/image\/","url":"https:\/\/www.organisator.ch\/wp-content\/uploads\/2022\/01\/Logo_Organisator_Website.png","contentUrl":"https:\/\/www.organisator.ch\/wp-content\/uploads\/2022\/01\/Logo_Organisator_Website.png","width":800,"height":77,"caption":"Organisator"},"image":{"@id":"https:\/\/www.organisator.ch\/#\/schema\/logo\/image\/"},"sameAs":["https:\/\/www.facebook.com\/OrganisatorFachmagazin","https:\/\/www.linkedin.com\/showcase\/organisator-das-magazin-fr-kmu","https:\/\/www.xing.com\/news\/pages\/organisator-ch-695","https:\/\/www.youtube.com\/channel\/UCGP2Sq0iWaZwT3BdIAQFYpw"]},{"@type":"Person","@id":"https:\/\/www.organisator.ch\/#\/schema\/person\/134708ca9321c57b0362cceb7948ffbd","name":"michael.merz","image":{"@type":"ImageObject","inLanguage":"en-US","@id":"https:\/\/secure.gravatar.com\/avatar\/?s=96&d=mm&r=g","url":"https:\/\/secure.gravatar.com\/avatar\/?s=96&d=mm&r=g","contentUrl":"https:\/\/secure.gravatar.com\/avatar\/?s=96&d=mm&r=g","caption":"michael.merz"},"url":"https:\/\/www.organisator.ch\/en\/author\/michael-merz\/"}]}},"_links":{"self":[{"href":"https:\/\/www.organisator.ch\/en\/wp-json\/wp\/v2\/posts\/10031","targetHints":{"allow":["GET"]}}],"collection":[{"href":"https:\/\/www.organisator.ch\/en\/wp-json\/wp\/v2\/posts"}],"about":[{"href":"https:\/\/www.organisator.ch\/en\/wp-json\/wp\/v2\/types\/post"}],"author":[{"embeddable":true,"href":"https:\/\/www.organisator.ch\/en\/wp-json\/wp\/v2\/users\/5"}],"replies":[{"embeddable":true,"href":"https:\/\/www.organisator.ch\/en\/wp-json\/wp\/v2\/comments?post=10031"}],"version-history":[{"count":0,"href":"https:\/\/www.organisator.ch\/en\/wp-json\/wp\/v2\/posts\/10031\/revisions"}],"wp:featuredmedia":[{"embeddable":true,"href":"https:\/\/www.organisator.ch\/en\/wp-json\/wp\/v2\/media\/1512"}],"wp:attachment":[{"href":"https:\/\/www.organisator.ch\/en\/wp-json\/wp\/v2\/media?parent=10031"}],"wp:term":[{"taxonomy":"category","embeddable":true,"href":"https:\/\/www.organisator.ch\/en\/wp-json\/wp\/v2\/categories?post=10031"},{"taxonomy":"post_tag","embeddable":true,"href":"https:\/\/www.organisator.ch\/en\/wp-json\/wp\/v2\/tags?post=10031"}],"curies":[{"name":"wp","href":"https:\/\/api.w.org\/{rel}","templated":true}]}}