{"id":10032,"date":"2018-02-20T07:00:42","date_gmt":"2018-02-20T06:00:42","guid":{"rendered":"https:\/\/www.umweltperspektiven.ch\/?p=1523"},"modified":"2018-02-20T07:00:42","modified_gmt":"2018-02-20T06:00:42","slug":"biomarkt-schweiz-hatte-2016-weltweit-hoechsten-pro-kopf-verbrauch","status":"publish","type":"post","link":"https:\/\/www.organisator.ch\/en\/allgemein\/2018-02-20\/biomarkt-schweiz-hatte-2016-weltweit-hoechsten-pro-kopf-verbrauch\/","title":{"rendered":"Organic market - Switzerland had highest per capita consumption worldwide in 2016"},"content":{"rendered":"<div class=\"news_image\">\n<figure id=\"attachment_1524\" aria-describedby=\"caption-attachment-1524\" style=\"width: 680px\" class=\"wp-caption alignnone\"><img loading=\"lazy\" decoding=\"async\" class=\"size-medium wp-image-1524\" src=\"\/\/www.umweltperspektiven.ch\/wp-content\/uploads\/2018\/02\/csm_europa_infografik_umsatz_einzelhandel_83f72aaf6e.png\" alt=\"\" width=\"680\" height=\"510\" \/><figcaption id=\"caption-attachment-1524\" class=\"wp-caption-text\">Switzerland has the highest per capita organic consumption in Europe and worldwide in 2016. (Source: fibl.org)<\/figcaption><\/figure>\n<p>The European organic market also broke records in 2016, partly by expanding the growth in area.<\/p>\n<\/div>\n<div class=\"tt_news_single\">\n<h2>Almost 14 million hectares are farmed organically - Spain has the largest organic area<\/h2>\n<p>In 2016, 13.5 million hectares were farmed organically in Europe (European Union: 12.1 million hectares). With more than 2 million hectares, Spain remains the country with the largest organic area in Europe, followed by Italy (1.8 million hectares) and France (1.5 million hectares).<\/p>\n<h2>Organic farmland expanded by nearly one million hectares<\/h2>\n<p>Organic area increased by nearly one million hectares in Europe and the European Union, representing growth of 6.7 percent in Europe and 8.2 percent in the European Union. The growth was higher than in 2015 and significantly higher than in the first years of the current decade. In 2016, Italy recorded over 300,000 hectares more than in 2015 and France over 200,000 hectares more.<\/p>\n<h2>Liechtenstein has the highest organic share worldwide<\/h2>\n<p>Organic land accounts for 2.7 percent of total agricultural land in Europe and 6.7 percent in the European Union. In Europe (and worldwide), Liechtenstein has the highest organic share of agricultural land at 37.7 percent, followed by Austria, the country in the European Union with the highest organic share. Nine European countries reported that at least 10 percent of their agricultural land is farmed organically.<\/p>\n<h2>Over 370,000 organic producers<\/h2>\n<p>There were more than 370,000 organic producers in Europe and nearly 300,000 in the European Union. Turkey is the country with the most farms (nearly 68,000). The number of producers in Europe grew by 7 percent in 2016 (10 percent in the EU).<\/p>\n<h2>Strong growth among processors and importers<\/h2>\n<p>There were almost 66'000 organic processors in Europe and almost 63'000 in the European Union. Almost 4,700 importers were counted in Europe and almost 4,000 in the European Union. Importers experienced particularly strong growth, with double-digit increases in both Europe and the European Union. The country with the largest number of processors was Italy (almost 17,000), while Germany had the most importers (almost 1,600).<\/p>\n<h2>Retail sales in the European Union exceed the 30 billion euro mark<\/h2>\n<p>Retail sales in Europe amounted to 33.5 billion euros (30.7 billion euros in the European Union). The European Union represents the second largest domestic market for organic products in the world after the United States.<\/p>\n<h2>Double-digit growth rates in retail sales in 2016<\/h2>\n<p>The European market recorded growth of around 11.4 percent (European Union: 12 percent), marking the second time since the financial crisis that retail sales have grown at a double-digit rate.<\/p>\n<h2>European consumers spend more on organic food<\/h2>\n<p>In Europe, consumers spent 41 euros per person on organic food (European Union: 61 euros). Per capita consumer spending on organic food has doubled in the last ten years. The Swiss spent the most on organic food (274 euros per capita).<\/p>\n<h2>Organic market shares approaching the ten percent mark in some countries<\/h2>\n<p>Globally, organic food sales have the highest share of the respective food markets in European countries. Denmark has the highest organic share worldwide at 9.7 percent. Individual products and product groups have even higher shares. Organic eggs, for example, account for more than 20 percent of the value of all eggs sold in several countries.<\/p>\n<p>The survey on organic agriculture in Europe is carried out by FiBL and AMI. The FiBL data collection was carried out as part of the global organic farming survey, which is supported by the State Secretariat for Economic Affairs (SECO), the International Trade Centre (ITC), N\u00fcrnbergMesse and IFOAM - Organics International.<\/p>\n<p><strong>Left:<\/strong><\/p>\n<ul>\n<li><a href=\"\/\/organic-world.net\/yearbook.html\">organic-world.net\/yearbook.html<\/a>: <a class=\"external-link-new-window in2extendlinks in2extendlinks--external\" title=\"Opens internal link in current window \" href=\"\/\/w.w.organic-world.net\/yearbook.html\" target=\"_blank\" rel=\"noopener\">Yearbook \"The World of Organic Agriculture<\/a><\/li>\n<li><a href=\"\/\/fibl.org\">fibl.org<\/a>: <a class=\"external-link-new-window in2extendlinks in2extendlinks--external\" title=\"Opens internal link in current window \" href=\"\/\/www.fibl.org\" target=\"_blank\" rel=\"noopener\">Website of the Research Institute of Organic Agriculture FiBL<\/a><\/li>\n<li><a href=\"\/\/ami-informiert.de\">ami-informed.com<\/a>: <a class=\"external-link-new-window in2extendlinks in2extendlinks--external\" title=\"Opens internal link in current window \" href=\"\/\/www.ami-informiert.de\" target=\"_blank\" rel=\"noopener\">Website of the Agrarmarkt Informations-Gesellschaft mbH (AMI)<\/a><\/li>\n<li><a href=\"\/\/ifoam-eu.org\">ifoam-eu.org<\/a>: <a class=\"external-link-new-window in2extendlinks in2extendlinks--external\" title=\"Opens internal link in current window \" href=\"\/\/www.ifoam-eu.org\/\" target=\"_blank\" rel=\"noopener\">IFOAM EU Group website<\/a><\/li>\n<li><a href=\"\/\/biofach.de\">biofach.de<\/a>: <a class=\"external-link-new-window in2extendlinks in2extendlinks--external\" title=\"Opens internal link in current window \" href=\"\/\/www.biofach.de\/\" target=\"_blank\" rel=\"noopener\">Website of the BIOFACH<\/a><\/li>\n<\/ul>\n<\/div>","protected":false},"excerpt":{"rendered":"<p>Auch im Jahr 2016 brach der europ\u00e4ische Biomarkt Rekorde, unter anderem indem das Fl\u00e4chenwachstum erweitert wurde. Fast 14 Millionen Hektar werden biologisch bewirtschaftet \u2013 Spanien hat die gr\u00f6sste Biofl\u00e4che 2016 wurden in Europa 13,5 Millionen Hektar biologisch bewirtschaftet (Europ\u00e4ische Union: 12,1 Millionen Hektar). Mit mehr als 2 Millionen Hektar ist Spanien nach wie vor das [&hellip;]<\/p>\n","protected":false},"author":5,"featured_media":9538,"comment_status":"open","ping_status":"open","sticky":false,"template":"","format":"standard","meta":{"_acf_changed":false,"_yoast_wpseo_focuskw":"Biomarkt","_yoast_wpseo_metadesc":"Die Erhebung zum europ\u00e4ischen Biomarkt, sprich biologischen Landbau in Europa, wird von FiBL und AMI f\u00fcrs SECO und andere Organisationen durchgef\u00fchrt.","articlekey":"","footnotes":""},"categories":[1],"tags":[819,833,842],"class_list":["post-10032","post","type-post","status-publish","format-standard","has-post-thumbnail","hentry","category-allgemein","tag-bio","tag-bioflaeche","tag-biomarkt"],"acf":[],"yoast_head":"<!-- This site is optimized with the Yoast SEO plugin v27.5 - https:\/\/yoast.com\/product\/yoast-seo-wordpress\/ -->\n<title>Biomarkt - Schweiz hatte 2016 weltweit h\u00f6chsten Pro-Kopf-Verbrauch - Organisator<\/title>\n<meta name=\"description\" content=\"Die Erhebung zum europ\u00e4ischen Biomarkt, sprich biologischen Landbau in Europa, wird von FiBL und AMI f\u00fcrs SECO und andere Organisationen durchgef\u00fchrt.\" \/>\n<meta name=\"robots\" content=\"index, follow, max-snippet:-1, max-image-preview:large, max-video-preview:-1\" \/>\n<link rel=\"canonical\" href=\"https:\/\/www.organisator.ch\/en\/general\/2018-02-20\/biomarkt-schweiz-hatte-2016-weltweit-hoechsten-pro-kopf-verbrauch\/\" \/>\n<meta property=\"og:locale\" content=\"en_US\" \/>\n<meta property=\"og:type\" content=\"article\" \/>\n<meta property=\"og:title\" content=\"Biomarkt - Schweiz hatte 2016 weltweit h\u00f6chsten Pro-Kopf-Verbrauch\" \/>\n<meta property=\"og:description\" content=\"Die Erhebung zum europ\u00e4ischen Biomarkt, sprich biologischen Landbau in Europa, wird von FiBL und AMI f\u00fcrs SECO und andere Organisationen durchgef\u00fchrt.\" \/>\n<meta property=\"og:url\" content=\"https:\/\/www.organisator.ch\/en\/general\/2018-02-20\/biomarkt-schweiz-hatte-2016-weltweit-hoechsten-pro-kopf-verbrauch\/\" \/>\n<meta property=\"og:site_name\" content=\"Organisator\" \/>\n<meta property=\"article:publisher\" content=\"https:\/\/www.facebook.com\/OrganisatorFachmagazin\" \/>\n<meta property=\"article:published_time\" content=\"2018-02-20T06:00:42+00:00\" \/>\n<meta property=\"og:image\" content=\"https:\/\/www.organisator.ch\/wp-content\/uploads\/2018\/02\/csm_europa_infografik_umsatz_einzelhandel_83f72aaf6e.png\" \/>\n\t<meta property=\"og:image:width\" content=\"800\" \/>\n\t<meta property=\"og:image:height\" content=\"600\" \/>\n\t<meta property=\"og:image:type\" content=\"image\/png\" \/>\n<meta name=\"author\" content=\"michael.merz\" \/>\n<meta name=\"twitter:card\" content=\"summary_large_image\" \/>\n<script type=\"application\/ld+json\" class=\"yoast-schema-graph\">{\"@context\":\"https:\\\/\\\/schema.org\",\"@graph\":[{\"@type\":\"Article\",\"@id\":\"https:\\\/\\\/www.organisator.ch\\\/fr\\\/general\\\/2018-02-20\\\/biomarkt-schweiz-hatte-2016-weltweit-hoechsten-pro-kopf-verbrauch\\\/#article\",\"isPartOf\":{\"@id\":\"https:\\\/\\\/www.organisator.ch\\\/fr\\\/general\\\/2018-02-20\\\/biomarkt-schweiz-hatte-2016-weltweit-hoechsten-pro-kopf-verbrauch\\\/\"},\"author\":{\"name\":\"michael.merz\",\"@id\":\"https:\\\/\\\/www.organisator.ch\\\/#\\\/schema\\\/person\\\/134708ca9321c57b0362cceb7948ffbd\"},\"headline\":\"Biomarkt &#8211; Schweiz hatte 2016 weltweit h\u00f6chsten Pro-Kopf-Verbrauch\",\"datePublished\":\"2018-02-20T06:00:42+00:00\",\"mainEntityOfPage\":{\"@id\":\"https:\\\/\\\/www.organisator.ch\\\/fr\\\/general\\\/2018-02-20\\\/biomarkt-schweiz-hatte-2016-weltweit-hoechsten-pro-kopf-verbrauch\\\/\"},\"wordCount\":647,\"commentCount\":0,\"publisher\":{\"@id\":\"https:\\\/\\\/www.organisator.ch\\\/#organization\"},\"image\":{\"@id\":\"https:\\\/\\\/www.organisator.ch\\\/fr\\\/general\\\/2018-02-20\\\/biomarkt-schweiz-hatte-2016-weltweit-hoechsten-pro-kopf-verbrauch\\\/#primaryimage\"},\"thumbnailUrl\":\"https:\\\/\\\/www.organisator.ch\\\/wp-content\\\/uploads\\\/2018\\\/02\\\/csm_europa_infografik_umsatz_einzelhandel_83f72aaf6e.png\",\"keywords\":[\"Bio\",\"Biofl\u00e4che\",\"Biomarkt\"],\"articleSection\":[\"Allgemein\"],\"inLanguage\":\"en-US\"},{\"@type\":\"WebPage\",\"@id\":\"https:\\\/\\\/www.organisator.ch\\\/fr\\\/general\\\/2018-02-20\\\/biomarkt-schweiz-hatte-2016-weltweit-hoechsten-pro-kopf-verbrauch\\\/\",\"url\":\"https:\\\/\\\/www.organisator.ch\\\/fr\\\/general\\\/2018-02-20\\\/biomarkt-schweiz-hatte-2016-weltweit-hoechsten-pro-kopf-verbrauch\\\/\",\"name\":\"Biomarkt - Schweiz hatte 2016 weltweit h\u00f6chsten Pro-Kopf-Verbrauch - Organisator\",\"isPartOf\":{\"@id\":\"https:\\\/\\\/www.organisator.ch\\\/#website\"},\"primaryImageOfPage\":{\"@id\":\"https:\\\/\\\/www.organisator.ch\\\/fr\\\/general\\\/2018-02-20\\\/biomarkt-schweiz-hatte-2016-weltweit-hoechsten-pro-kopf-verbrauch\\\/#primaryimage\"},\"image\":{\"@id\":\"https:\\\/\\\/www.organisator.ch\\\/fr\\\/general\\\/2018-02-20\\\/biomarkt-schweiz-hatte-2016-weltweit-hoechsten-pro-kopf-verbrauch\\\/#primaryimage\"},\"thumbnailUrl\":\"https:\\\/\\\/www.organisator.ch\\\/wp-content\\\/uploads\\\/2018\\\/02\\\/csm_europa_infografik_umsatz_einzelhandel_83f72aaf6e.png\",\"datePublished\":\"2018-02-20T06:00:42+00:00\",\"description\":\"Die Erhebung zum europ\u00e4ischen Biomarkt, sprich biologischen Landbau in Europa, wird von FiBL und AMI f\u00fcrs SECO und andere Organisationen durchgef\u00fchrt.\",\"breadcrumb\":{\"@id\":\"https:\\\/\\\/www.organisator.ch\\\/fr\\\/general\\\/2018-02-20\\\/biomarkt-schweiz-hatte-2016-weltweit-hoechsten-pro-kopf-verbrauch\\\/#breadcrumb\"},\"inLanguage\":\"en-US\",\"potentialAction\":[{\"@type\":\"ReadAction\",\"target\":[\"https:\\\/\\\/www.organisator.ch\\\/fr\\\/general\\\/2018-02-20\\\/biomarkt-schweiz-hatte-2016-weltweit-hoechsten-pro-kopf-verbrauch\\\/\"]}]},{\"@type\":\"ImageObject\",\"inLanguage\":\"en-US\",\"@id\":\"https:\\\/\\\/www.organisator.ch\\\/fr\\\/general\\\/2018-02-20\\\/biomarkt-schweiz-hatte-2016-weltweit-hoechsten-pro-kopf-verbrauch\\\/#primaryimage\",\"url\":\"https:\\\/\\\/www.organisator.ch\\\/wp-content\\\/uploads\\\/2018\\\/02\\\/csm_europa_infografik_umsatz_einzelhandel_83f72aaf6e.png\",\"contentUrl\":\"https:\\\/\\\/www.organisator.ch\\\/wp-content\\\/uploads\\\/2018\\\/02\\\/csm_europa_infografik_umsatz_einzelhandel_83f72aaf6e.png\",\"width\":800,\"height\":600,\"caption\":\"Die Schweiz hat 2016 europa- und weltweit den h\u00f6chsten Pro-Kopf-Bioverbrauch. (Quelle: fibl.org)\"},{\"@type\":\"BreadcrumbList\",\"@id\":\"https:\\\/\\\/www.organisator.ch\\\/fr\\\/general\\\/2018-02-20\\\/biomarkt-schweiz-hatte-2016-weltweit-hoechsten-pro-kopf-verbrauch\\\/#breadcrumb\",\"itemListElement\":[{\"@type\":\"ListItem\",\"position\":1,\"name\":\"Home\",\"item\":\"https:\\\/\\\/www.organisator.ch\\\/\"},{\"@type\":\"ListItem\",\"position\":2,\"name\":\"Biomarkt &#8211; Schweiz hatte 2016 weltweit h\u00f6chsten Pro-Kopf-Verbrauch\"}]},{\"@type\":\"WebSite\",\"@id\":\"https:\\\/\\\/www.organisator.ch\\\/#website\",\"url\":\"https:\\\/\\\/www.organisator.ch\\\/\",\"name\":\"Organisator\",\"description\":\"Kompetent. Praxisnah. Der ORGANISATOR bereitet in 10 Ausgaben pro Jahr die wesentlichen Themen f\u00fcr F\u00fchrungskr\u00e4fte von KMU auf.\",\"publisher\":{\"@id\":\"https:\\\/\\\/www.organisator.ch\\\/#organization\"},\"potentialAction\":[{\"@type\":\"SearchAction\",\"target\":{\"@type\":\"EntryPoint\",\"urlTemplate\":\"https:\\\/\\\/www.organisator.ch\\\/?s={search_term_string}\"},\"query-input\":{\"@type\":\"PropertyValueSpecification\",\"valueRequired\":true,\"valueName\":\"search_term_string\"}}],\"inLanguage\":\"en-US\"},{\"@type\":\"Organization\",\"@id\":\"https:\\\/\\\/www.organisator.ch\\\/#organization\",\"name\":\"Organisator\",\"url\":\"https:\\\/\\\/www.organisator.ch\\\/\",\"logo\":{\"@type\":\"ImageObject\",\"inLanguage\":\"en-US\",\"@id\":\"https:\\\/\\\/www.organisator.ch\\\/#\\\/schema\\\/logo\\\/image\\\/\",\"url\":\"https:\\\/\\\/www.organisator.ch\\\/wp-content\\\/uploads\\\/2022\\\/01\\\/Logo_Organisator_Website.png\",\"contentUrl\":\"https:\\\/\\\/www.organisator.ch\\\/wp-content\\\/uploads\\\/2022\\\/01\\\/Logo_Organisator_Website.png\",\"width\":800,\"height\":77,\"caption\":\"Organisator\"},\"image\":{\"@id\":\"https:\\\/\\\/www.organisator.ch\\\/#\\\/schema\\\/logo\\\/image\\\/\"},\"sameAs\":[\"https:\\\/\\\/www.facebook.com\\\/OrganisatorFachmagazin\",\"https:\\\/\\\/www.linkedin.com\\\/showcase\\\/organisator-das-magazin-fr-kmu\",\"https:\\\/\\\/www.xing.com\\\/news\\\/pages\\\/organisator-ch-695\",\"https:\\\/\\\/www.youtube.com\\\/channel\\\/UCGP2Sq0iWaZwT3BdIAQFYpw\"]},{\"@type\":\"Person\",\"@id\":\"https:\\\/\\\/www.organisator.ch\\\/#\\\/schema\\\/person\\\/134708ca9321c57b0362cceb7948ffbd\",\"name\":\"michael.merz\",\"image\":{\"@type\":\"ImageObject\",\"inLanguage\":\"en-US\",\"@id\":\"https:\\\/\\\/secure.gravatar.com\\\/avatar\\\/?s=96&d=mm&r=g\",\"url\":\"https:\\\/\\\/secure.gravatar.com\\\/avatar\\\/?s=96&d=mm&r=g\",\"contentUrl\":\"https:\\\/\\\/secure.gravatar.com\\\/avatar\\\/?s=96&d=mm&r=g\",\"caption\":\"michael.merz\"},\"url\":\"https:\\\/\\\/www.organisator.ch\\\/en\\\/author\\\/michael-merz\\\/\"}]}<\/script>\n<!-- \/ Yoast SEO plugin. -->","yoast_head_json":{"title":"Organic market - Switzerland had highest per capita consumption worldwide in 2016 - Organizer","description":"The survey on the European organic market, i.e. organic farming in Europe, is carried out by FiBL and AMI for SECO and other organizations.","robots":{"index":"index","follow":"follow","max-snippet":"max-snippet:-1","max-image-preview":"max-image-preview:large","max-video-preview":"max-video-preview:-1"},"canonical":"https:\/\/www.organisator.ch\/en\/general\/2018-02-20\/biomarkt-schweiz-hatte-2016-weltweit-hoechsten-pro-kopf-verbrauch\/","og_locale":"en_US","og_type":"article","og_title":"Biomarkt - Schweiz hatte 2016 weltweit h\u00f6chsten Pro-Kopf-Verbrauch","og_description":"Die Erhebung zum europ\u00e4ischen Biomarkt, sprich biologischen Landbau in Europa, wird von FiBL und AMI f\u00fcrs SECO und andere Organisationen durchgef\u00fchrt.","og_url":"https:\/\/www.organisator.ch\/en\/general\/2018-02-20\/biomarkt-schweiz-hatte-2016-weltweit-hoechsten-pro-kopf-verbrauch\/","og_site_name":"Organisator","article_publisher":"https:\/\/www.facebook.com\/OrganisatorFachmagazin","article_published_time":"2018-02-20T06:00:42+00:00","og_image":[{"width":800,"height":600,"url":"https:\/\/www.organisator.ch\/wp-content\/uploads\/2018\/02\/csm_europa_infografik_umsatz_einzelhandel_83f72aaf6e.png","type":"image\/png"}],"author":"michael.merz","twitter_card":"summary_large_image","schema":{"@context":"https:\/\/schema.org","@graph":[{"@type":"Article","@id":"https:\/\/www.organisator.ch\/fr\/general\/2018-02-20\/biomarkt-schweiz-hatte-2016-weltweit-hoechsten-pro-kopf-verbrauch\/#article","isPartOf":{"@id":"https:\/\/www.organisator.ch\/fr\/general\/2018-02-20\/biomarkt-schweiz-hatte-2016-weltweit-hoechsten-pro-kopf-verbrauch\/"},"author":{"name":"michael.merz","@id":"https:\/\/www.organisator.ch\/#\/schema\/person\/134708ca9321c57b0362cceb7948ffbd"},"headline":"Biomarkt &#8211; Schweiz hatte 2016 weltweit h\u00f6chsten Pro-Kopf-Verbrauch","datePublished":"2018-02-20T06:00:42+00:00","mainEntityOfPage":{"@id":"https:\/\/www.organisator.ch\/fr\/general\/2018-02-20\/biomarkt-schweiz-hatte-2016-weltweit-hoechsten-pro-kopf-verbrauch\/"},"wordCount":647,"commentCount":0,"publisher":{"@id":"https:\/\/www.organisator.ch\/#organization"},"image":{"@id":"https:\/\/www.organisator.ch\/fr\/general\/2018-02-20\/biomarkt-schweiz-hatte-2016-weltweit-hoechsten-pro-kopf-verbrauch\/#primaryimage"},"thumbnailUrl":"https:\/\/www.organisator.ch\/wp-content\/uploads\/2018\/02\/csm_europa_infografik_umsatz_einzelhandel_83f72aaf6e.png","keywords":["Bio","Biofl\u00e4che","Biomarkt"],"articleSection":["Allgemein"],"inLanguage":"en-US"},{"@type":"WebPage","@id":"https:\/\/www.organisator.ch\/fr\/general\/2018-02-20\/biomarkt-schweiz-hatte-2016-weltweit-hoechsten-pro-kopf-verbrauch\/","url":"https:\/\/www.organisator.ch\/fr\/general\/2018-02-20\/biomarkt-schweiz-hatte-2016-weltweit-hoechsten-pro-kopf-verbrauch\/","name":"Organic market - Switzerland had highest per capita consumption worldwide in 2016 - Organizer","isPartOf":{"@id":"https:\/\/www.organisator.ch\/#website"},"primaryImageOfPage":{"@id":"https:\/\/www.organisator.ch\/fr\/general\/2018-02-20\/biomarkt-schweiz-hatte-2016-weltweit-hoechsten-pro-kopf-verbrauch\/#primaryimage"},"image":{"@id":"https:\/\/www.organisator.ch\/fr\/general\/2018-02-20\/biomarkt-schweiz-hatte-2016-weltweit-hoechsten-pro-kopf-verbrauch\/#primaryimage"},"thumbnailUrl":"https:\/\/www.organisator.ch\/wp-content\/uploads\/2018\/02\/csm_europa_infografik_umsatz_einzelhandel_83f72aaf6e.png","datePublished":"2018-02-20T06:00:42+00:00","description":"The survey on the European organic market, i.e. organic farming in Europe, is carried out by FiBL and AMI for SECO and other organizations.","breadcrumb":{"@id":"https:\/\/www.organisator.ch\/fr\/general\/2018-02-20\/biomarkt-schweiz-hatte-2016-weltweit-hoechsten-pro-kopf-verbrauch\/#breadcrumb"},"inLanguage":"en-US","potentialAction":[{"@type":"ReadAction","target":["https:\/\/www.organisator.ch\/fr\/general\/2018-02-20\/biomarkt-schweiz-hatte-2016-weltweit-hoechsten-pro-kopf-verbrauch\/"]}]},{"@type":"ImageObject","inLanguage":"en-US","@id":"https:\/\/www.organisator.ch\/fr\/general\/2018-02-20\/biomarkt-schweiz-hatte-2016-weltweit-hoechsten-pro-kopf-verbrauch\/#primaryimage","url":"https:\/\/www.organisator.ch\/wp-content\/uploads\/2018\/02\/csm_europa_infografik_umsatz_einzelhandel_83f72aaf6e.png","contentUrl":"https:\/\/www.organisator.ch\/wp-content\/uploads\/2018\/02\/csm_europa_infografik_umsatz_einzelhandel_83f72aaf6e.png","width":800,"height":600,"caption":"Die Schweiz hat 2016 europa- und weltweit den h\u00f6chsten Pro-Kopf-Bioverbrauch. (Quelle: fibl.org)"},{"@type":"BreadcrumbList","@id":"https:\/\/www.organisator.ch\/fr\/general\/2018-02-20\/biomarkt-schweiz-hatte-2016-weltweit-hoechsten-pro-kopf-verbrauch\/#breadcrumb","itemListElement":[{"@type":"ListItem","position":1,"name":"Home","item":"https:\/\/www.organisator.ch\/"},{"@type":"ListItem","position":2,"name":"Biomarkt &#8211; Schweiz hatte 2016 weltweit h\u00f6chsten Pro-Kopf-Verbrauch"}]},{"@type":"WebSite","@id":"https:\/\/www.organisator.ch\/#website","url":"https:\/\/www.organisator.ch\/","name":"Organizer","description":"Competent. Practical. In 10 issues per year, ORGANISATOR presents the essential topics for managers of SMEs.","publisher":{"@id":"https:\/\/www.organisator.ch\/#organization"},"potentialAction":[{"@type":"SearchAction","target":{"@type":"EntryPoint","urlTemplate":"https:\/\/www.organisator.ch\/?s={search_term_string}"},"query-input":{"@type":"PropertyValueSpecification","valueRequired":true,"valueName":"search_term_string"}}],"inLanguage":"en-US"},{"@type":"Organization","@id":"https:\/\/www.organisator.ch\/#organization","name":"Organizer","url":"https:\/\/www.organisator.ch\/","logo":{"@type":"ImageObject","inLanguage":"en-US","@id":"https:\/\/www.organisator.ch\/#\/schema\/logo\/image\/","url":"https:\/\/www.organisator.ch\/wp-content\/uploads\/2022\/01\/Logo_Organisator_Website.png","contentUrl":"https:\/\/www.organisator.ch\/wp-content\/uploads\/2022\/01\/Logo_Organisator_Website.png","width":800,"height":77,"caption":"Organisator"},"image":{"@id":"https:\/\/www.organisator.ch\/#\/schema\/logo\/image\/"},"sameAs":["https:\/\/www.facebook.com\/OrganisatorFachmagazin","https:\/\/www.linkedin.com\/showcase\/organisator-das-magazin-fr-kmu","https:\/\/www.xing.com\/news\/pages\/organisator-ch-695","https:\/\/www.youtube.com\/channel\/UCGP2Sq0iWaZwT3BdIAQFYpw"]},{"@type":"Person","@id":"https:\/\/www.organisator.ch\/#\/schema\/person\/134708ca9321c57b0362cceb7948ffbd","name":"michael.merz","image":{"@type":"ImageObject","inLanguage":"en-US","@id":"https:\/\/secure.gravatar.com\/avatar\/?s=96&d=mm&r=g","url":"https:\/\/secure.gravatar.com\/avatar\/?s=96&d=mm&r=g","contentUrl":"https:\/\/secure.gravatar.com\/avatar\/?s=96&d=mm&r=g","caption":"michael.merz"},"url":"https:\/\/www.organisator.ch\/en\/author\/michael-merz\/"}]}},"_links":{"self":[{"href":"https:\/\/www.organisator.ch\/en\/wp-json\/wp\/v2\/posts\/10032","targetHints":{"allow":["GET"]}}],"collection":[{"href":"https:\/\/www.organisator.ch\/en\/wp-json\/wp\/v2\/posts"}],"about":[{"href":"https:\/\/www.organisator.ch\/en\/wp-json\/wp\/v2\/types\/post"}],"author":[{"embeddable":true,"href":"https:\/\/www.organisator.ch\/en\/wp-json\/wp\/v2\/users\/5"}],"replies":[{"embeddable":true,"href":"https:\/\/www.organisator.ch\/en\/wp-json\/wp\/v2\/comments?post=10032"}],"version-history":[{"count":0,"href":"https:\/\/www.organisator.ch\/en\/wp-json\/wp\/v2\/posts\/10032\/revisions"}],"wp:featuredmedia":[{"embeddable":true,"href":"https:\/\/www.organisator.ch\/en\/wp-json\/wp\/v2\/media\/9538"}],"wp:attachment":[{"href":"https:\/\/www.organisator.ch\/en\/wp-json\/wp\/v2\/media?parent=10032"}],"wp:term":[{"taxonomy":"category","embeddable":true,"href":"https:\/\/www.organisator.ch\/en\/wp-json\/wp\/v2\/categories?post=10032"},{"taxonomy":"post_tag","embeddable":true,"href":"https:\/\/www.organisator.ch\/en\/wp-json\/wp\/v2\/tags?post=10032"}],"curies":[{"name":"wp","href":"https:\/\/api.w.org\/{rel}","templated":true}]}}