{"id":10035,"date":"2018-02-27T12:49:34","date_gmt":"2018-02-27T11:49:34","guid":{"rendered":"https:\/\/www.umweltperspektiven.ch\/?p=1550"},"modified":"2018-02-27T12:49:34","modified_gmt":"2018-02-27T11:49:34","slug":"waerme-initative-schweiz","status":"publish","type":"post","link":"https:\/\/www.organisator.ch\/en\/allgemein\/2018-02-27\/waerme-initative-schweiz\/","title":{"rendered":"Heat Initiative Switzerland"},"content":{"rendered":"<figure id=\"attachment_1551\" aria-describedby=\"caption-attachment-1551\" style=\"width: 680px\" class=\"wp-caption alignnone\"><img loading=\"lazy\" decoding=\"async\" class=\"size-medium wp-image-1551\" src=\"\/\/www.umweltperspektiven.ch\/wp-content\/uploads\/2018\/03\/W\u00e4rme-Initative-Schweiz-up-UmweltPerspektiven.jpg\" alt=\"\" width=\"680\" height=\"453\" \/><figcaption id=\"caption-attachment-1551\" class=\"wp-caption-text\">There is still a lot to do, it was noted at the kick-off meeting of the \"W\u00e4rme Iniative Schweiz\" in Zurich at the end of January 2018. (Image: depositphotos)<\/figcaption><\/figure>\n<p>The alliance members of the \"W\u00e4rme Iniative Schweiz\" agree: With the vote on the Energy Strategy 2050 on May 21, 2017, the goal of a sustainable energy supply based on renewable energies has not yet been achieved.<\/p>\n<p><strong>Goals and vision<br \/>\n<\/strong>Alongside mobility, heat consumption accounts for the largest share of energy demand in Switzerland. 45 percent of energy consumption is used for space heating and water heating. The Swiss building stock consumes around 100 TWh per year and thus accounts for 50 percent of all CO<sub>2<\/sub>-emissions. Heating accounts for 75 percent of this demand. Currently, 50 percent of this is covered by heating oil and 25 percent by natural gas (all figures estimated by the SFOE for the period 2010-2015). The SFOE's vision is to reduce this consumption to 55 TWh per year by 2050. In addition, no heating oil, natural gas or electricity should be used for direct consumption for heating (with any exceptions). District heating networks are to be supplied with more than 80 percent waste heat or renewable energies by 2025. By 2050, renewable energies are to be used to cover as much of the energy demand as possible throughout the year. Networks should not only be able to supply energy, but also to absorb it, depending on decentralized production.<\/p>\n<p><strong>The road is still long<br \/>\n<\/strong>Although the share of renewable energies in the heating sector for households has doubled since 1990, their share of total consumption is still only 17.6 percent. This is despite the fact that the necessary technologies are already available and established. Geothermal energy is an important cornerstone here. In order to make the energy supply fit for the future, urgent action must be taken. With the alliance \"W\u00e4rme Initiative Schweiz\", the forces from industry, associations and science are joining forces to achieve the desired goals and measures for renewable and efficient heating and cooling supply in the future totally revised CO<sub>2<\/sub>-The aim is to anchor the energy sector in the Energy Act, the Spatial Planning Act and the Model Cantonal Energy Ordinances (MuKEn). This requires a suitable political framework and active market development.<\/p>\n<p><strong>The time is ripe<br \/>\n<\/strong>The time is ripe to push for the creation of the necessary framework conditions with the \"W\u00e4rme Initiative Schweiz\". The consultation on the revision of the CO<sub>2<\/sub>-The discussions on the revision of the Renewable Heat Act have begun in the National Council's advisory committee. The MuKEn 2014 are currently being implemented in the cantons of Bern, Graub\u00fcnden, Lucerne and Solothurn, and the dispatch on the revision of the Spatial Planning Act will follow in 2018. Renewable heat supply is not only possible, but also more economical.<\/p>\n<p><strong>\"Heat Initiative Switzerland<br \/>\n<\/strong>The goals of the \"W\u00e4rme Initiative Schweiz\" are in detail:<\/p>\n<ul>\n<li><em>Combining the forces of the renewable and efficient heating industry<\/em><\/li>\n<li><em>Tangible impulses for politics, society, users<\/em><\/li>\n<li><em>Consideration of the concerns in the relevant laws and regulations<\/em><\/li>\n<li><em>Use of the revision of the CO<sub>2<\/sub>-Act, implementation of the MuKEn and revision of the Spatial Planning Act as an opportunity for raising awareness and (political) appreciation of thermal energy.<\/em><\/li>\n<li><em>Optimization of the political framework\/rules of the game in the Swiss heating market<\/em><\/li>\n<li><em>Commitment to a sustainable breakthrough of renewable heat generation and efficient heat use<\/em><\/li>\n<li><em>Significant contribution to the implementation of the energy strategy and the achievement of climate targets<\/em><\/li>\n<\/ul>\n<p>The \"W\u00e4rme Initiative Schweiz\" will develop a joint commitment under the umbrella of AEE Suisse. At the kick-off meeting on January 25, 2018, a first commitment was made by the participants and the basic principles, goals and To Dos were defined. At a further meeting, the alliance's commitment will be finalized and the goals of the \"W\u00e4rme initiative Schweiz\" will be defined. A heating strategy will be developed and an action program will be launched. Geothermal Switzerland will be involved. Geothermal energy has enormous potential for the efficient supply of renewable heating and cooling. (Source: geothermie-schweiz.ch)<\/p>\n<p><a href=\"\/\/geothermie-schweiz.ch\">http:\/\/geothermie-schweiz.ch<\/a><\/p>","protected":false},"excerpt":{"rendered":"<p>Die Allianz-Mitglieder der &#8222;W\u00e4rme Iniative Schweiz&#8220; sind sich einig: Mit der Abstimmung zur Energiestrategie 2050 am 21. Mai 2017 ist das Ziel einer zukunftsf\u00e4higen und auf erneuerbaren Energien beruhenden Energieversorgung noch nicht erreicht. Ziele und Vision Der W\u00e4rmeverbrauch hat neben der Mobilit\u00e4t den gr\u00f6ssten Anteil in der Schweiz am Energiebedarf. 45 Prozent des Energieverbrauches werden [&hellip;]<\/p>\n","protected":false},"author":5,"featured_media":9541,"comment_status":"open","ping_status":"open","sticky":false,"template":"","format":"standard","meta":{"_acf_changed":false,"_yoast_wpseo_focuskw":"W\u00e4rme Initiative Schweiz","_yoast_wpseo_metadesc":"Akteure aus Wirtschaft, Verb\u00e4nden, Wissenschaft und Verwaltung trafen sich auf Einladung der AEE Suisse zum Kick-off Meeting der \"W\u00e4rme Initiative Schweiz\".","articlekey":"","footnotes":""},"categories":[1],"tags":[1086,2507,2511],"class_list":["post-10035","post","type-post","status-publish","format-standard","has-post-thumbnail","hentry","category-allgemein","tag-energiestrategie","tag-waere-initative-schweiz","tag-waermewirtschaft"],"acf":[],"yoast_head":"<!-- This site is optimized with the Yoast SEO plugin v27.5 - https:\/\/yoast.com\/product\/yoast-seo-wordpress\/ -->\n<title>W\u00e4rme Initative Schweiz - Organisator<\/title>\n<meta name=\"description\" content=\"Akteure aus Wirtschaft, Verb\u00e4nden, Wissenschaft und Verwaltung trafen sich auf Einladung der AEE Suisse zum Kick-off Meeting der &quot;W\u00e4rme Initiative Schweiz&quot;.\" \/>\n<meta name=\"robots\" content=\"index, follow, max-snippet:-1, max-image-preview:large, max-video-preview:-1\" \/>\n<link rel=\"canonical\" href=\"https:\/\/www.organisator.ch\/en\/general\/2018-02-27\/waerme-initative-schweiz\/\" \/>\n<meta property=\"og:locale\" content=\"en_US\" \/>\n<meta property=\"og:type\" content=\"article\" \/>\n<meta property=\"og:title\" content=\"W\u00e4rme Initative Schweiz\" \/>\n<meta property=\"og:description\" content=\"Akteure aus Wirtschaft, Verb\u00e4nden, Wissenschaft und Verwaltung trafen sich auf Einladung der AEE Suisse zum Kick-off Meeting der &quot;W\u00e4rme Initiative Schweiz&quot;.\" \/>\n<meta property=\"og:url\" content=\"https:\/\/www.organisator.ch\/en\/general\/2018-02-27\/waerme-initative-schweiz\/\" \/>\n<meta property=\"og:site_name\" content=\"Organisator\" \/>\n<meta property=\"article:publisher\" content=\"https:\/\/www.facebook.com\/OrganisatorFachmagazin\" \/>\n<meta property=\"article:published_time\" content=\"2018-02-27T11:49:34+00:00\" \/>\n<meta property=\"og:image\" content=\"https:\/\/www.organisator.ch\/wp-content\/uploads\/2018\/03\/Waerme-Initative-Schweiz-up-UmweltPerspektiven-1024x682.jpg\" \/>\n\t<meta property=\"og:image:width\" content=\"1024\" \/>\n\t<meta property=\"og:image:height\" content=\"682\" \/>\n\t<meta property=\"og:image:type\" content=\"image\/jpeg\" \/>\n<meta name=\"author\" content=\"michael.merz\" \/>\n<meta name=\"twitter:card\" content=\"summary_large_image\" \/>\n<script type=\"application\/ld+json\" class=\"yoast-schema-graph\">{\"@context\":\"https:\\\/\\\/schema.org\",\"@graph\":[{\"@type\":\"Article\",\"@id\":\"https:\\\/\\\/www.organisator.ch\\\/en\\\/general\\\/2018-02-27\\\/waerme-initative-schweiz\\\/#article\",\"isPartOf\":{\"@id\":\"https:\\\/\\\/www.organisator.ch\\\/en\\\/general\\\/2018-02-27\\\/waerme-initative-schweiz\\\/\"},\"author\":{\"name\":\"michael.merz\",\"@id\":\"https:\\\/\\\/www.organisator.ch\\\/#\\\/schema\\\/person\\\/134708ca9321c57b0362cceb7948ffbd\"},\"headline\":\"W\u00e4rme Initative Schweiz\",\"datePublished\":\"2018-02-27T11:49:34+00:00\",\"mainEntityOfPage\":{\"@id\":\"https:\\\/\\\/www.organisator.ch\\\/en\\\/general\\\/2018-02-27\\\/waerme-initative-schweiz\\\/\"},\"wordCount\":625,\"commentCount\":0,\"publisher\":{\"@id\":\"https:\\\/\\\/www.organisator.ch\\\/#organization\"},\"image\":{\"@id\":\"https:\\\/\\\/www.organisator.ch\\\/en\\\/general\\\/2018-02-27\\\/waerme-initative-schweiz\\\/#primaryimage\"},\"thumbnailUrl\":\"https:\\\/\\\/www.organisator.ch\\\/wp-content\\\/uploads\\\/2018\\\/03\\\/Waerme-Initative-Schweiz-up-UmweltPerspektiven.jpg\",\"keywords\":[\"Energiestrategie\",\"W\u00e4re Initative Schweiz\",\"W\u00e4rmewirtschaft\"],\"articleSection\":[\"Allgemein\"],\"inLanguage\":\"en-US\"},{\"@type\":\"WebPage\",\"@id\":\"https:\\\/\\\/www.organisator.ch\\\/en\\\/general\\\/2018-02-27\\\/waerme-initative-schweiz\\\/\",\"url\":\"https:\\\/\\\/www.organisator.ch\\\/en\\\/general\\\/2018-02-27\\\/waerme-initative-schweiz\\\/\",\"name\":\"W\u00e4rme Initative Schweiz - Organisator\",\"isPartOf\":{\"@id\":\"https:\\\/\\\/www.organisator.ch\\\/#website\"},\"primaryImageOfPage\":{\"@id\":\"https:\\\/\\\/www.organisator.ch\\\/en\\\/general\\\/2018-02-27\\\/waerme-initative-schweiz\\\/#primaryimage\"},\"image\":{\"@id\":\"https:\\\/\\\/www.organisator.ch\\\/en\\\/general\\\/2018-02-27\\\/waerme-initative-schweiz\\\/#primaryimage\"},\"thumbnailUrl\":\"https:\\\/\\\/www.organisator.ch\\\/wp-content\\\/uploads\\\/2018\\\/03\\\/Waerme-Initative-Schweiz-up-UmweltPerspektiven.jpg\",\"datePublished\":\"2018-02-27T11:49:34+00:00\",\"description\":\"Akteure aus Wirtschaft, Verb\u00e4nden, Wissenschaft und Verwaltung trafen sich auf Einladung der AEE Suisse zum Kick-off Meeting der \\\"W\u00e4rme Initiative Schweiz\\\".\",\"breadcrumb\":{\"@id\":\"https:\\\/\\\/www.organisator.ch\\\/en\\\/general\\\/2018-02-27\\\/waerme-initative-schweiz\\\/#breadcrumb\"},\"inLanguage\":\"en-US\",\"potentialAction\":[{\"@type\":\"ReadAction\",\"target\":[\"https:\\\/\\\/www.organisator.ch\\\/en\\\/general\\\/2018-02-27\\\/waerme-initative-schweiz\\\/\"]}]},{\"@type\":\"ImageObject\",\"inLanguage\":\"en-US\",\"@id\":\"https:\\\/\\\/www.organisator.ch\\\/en\\\/general\\\/2018-02-27\\\/waerme-initative-schweiz\\\/#primaryimage\",\"url\":\"https:\\\/\\\/www.organisator.ch\\\/wp-content\\\/uploads\\\/2018\\\/03\\\/Waerme-Initative-Schweiz-up-UmweltPerspektiven.jpg\",\"contentUrl\":\"https:\\\/\\\/www.organisator.ch\\\/wp-content\\\/uploads\\\/2018\\\/03\\\/Waerme-Initative-Schweiz-up-UmweltPerspektiven.jpg\",\"width\":2000,\"height\":1333,\"caption\":\"Es gibt noch viel zu tun, wurde am Kick-off-Meeting der \\\"W\u00e4rme Iniative Schweiz\\\" Ende Januar 2018 in Z\u00fcrich festgehalten. (Bild: depositphotos)\"},{\"@type\":\"BreadcrumbList\",\"@id\":\"https:\\\/\\\/www.organisator.ch\\\/en\\\/general\\\/2018-02-27\\\/waerme-initative-schweiz\\\/#breadcrumb\",\"itemListElement\":[{\"@type\":\"ListItem\",\"position\":1,\"name\":\"Home\",\"item\":\"https:\\\/\\\/www.organisator.ch\\\/\"},{\"@type\":\"ListItem\",\"position\":2,\"name\":\"W\u00e4rme Initative Schweiz\"}]},{\"@type\":\"WebSite\",\"@id\":\"https:\\\/\\\/www.organisator.ch\\\/#website\",\"url\":\"https:\\\/\\\/www.organisator.ch\\\/\",\"name\":\"Organisator\",\"description\":\"Kompetent. Praxisnah. Der ORGANISATOR bereitet in 10 Ausgaben pro Jahr die wesentlichen Themen f\u00fcr F\u00fchrungskr\u00e4fte von KMU auf.\",\"publisher\":{\"@id\":\"https:\\\/\\\/www.organisator.ch\\\/#organization\"},\"potentialAction\":[{\"@type\":\"SearchAction\",\"target\":{\"@type\":\"EntryPoint\",\"urlTemplate\":\"https:\\\/\\\/www.organisator.ch\\\/?s={search_term_string}\"},\"query-input\":{\"@type\":\"PropertyValueSpecification\",\"valueRequired\":true,\"valueName\":\"search_term_string\"}}],\"inLanguage\":\"en-US\"},{\"@type\":\"Organization\",\"@id\":\"https:\\\/\\\/www.organisator.ch\\\/#organization\",\"name\":\"Organisator\",\"url\":\"https:\\\/\\\/www.organisator.ch\\\/\",\"logo\":{\"@type\":\"ImageObject\",\"inLanguage\":\"en-US\",\"@id\":\"https:\\\/\\\/www.organisator.ch\\\/#\\\/schema\\\/logo\\\/image\\\/\",\"url\":\"https:\\\/\\\/www.organisator.ch\\\/wp-content\\\/uploads\\\/2022\\\/01\\\/Logo_Organisator_Website.png\",\"contentUrl\":\"https:\\\/\\\/www.organisator.ch\\\/wp-content\\\/uploads\\\/2022\\\/01\\\/Logo_Organisator_Website.png\",\"width\":800,\"height\":77,\"caption\":\"Organisator\"},\"image\":{\"@id\":\"https:\\\/\\\/www.organisator.ch\\\/#\\\/schema\\\/logo\\\/image\\\/\"},\"sameAs\":[\"https:\\\/\\\/www.facebook.com\\\/OrganisatorFachmagazin\",\"https:\\\/\\\/www.linkedin.com\\\/showcase\\\/organisator-das-magazin-fr-kmu\",\"https:\\\/\\\/www.xing.com\\\/news\\\/pages\\\/organisator-ch-695\",\"https:\\\/\\\/www.youtube.com\\\/channel\\\/UCGP2Sq0iWaZwT3BdIAQFYpw\"]},{\"@type\":\"Person\",\"@id\":\"https:\\\/\\\/www.organisator.ch\\\/#\\\/schema\\\/person\\\/134708ca9321c57b0362cceb7948ffbd\",\"name\":\"michael.merz\",\"image\":{\"@type\":\"ImageObject\",\"inLanguage\":\"en-US\",\"@id\":\"https:\\\/\\\/secure.gravatar.com\\\/avatar\\\/?s=96&d=mm&r=g\",\"url\":\"https:\\\/\\\/secure.gravatar.com\\\/avatar\\\/?s=96&d=mm&r=g\",\"contentUrl\":\"https:\\\/\\\/secure.gravatar.com\\\/avatar\\\/?s=96&d=mm&r=g\",\"caption\":\"michael.merz\"},\"url\":\"https:\\\/\\\/www.organisator.ch\\\/en\\\/author\\\/michael-merz\\\/\"}]}<\/script>\n<!-- \/ Yoast SEO plugin. -->","yoast_head_json":{"title":"Heat Initiative Switzerland - Organizer","description":"Stakeholders from business, associations, science and administration met at the invitation of AEE Suisse for the kick-off meeting of the \"W\u00e4rme Initiative Schweiz\".","robots":{"index":"index","follow":"follow","max-snippet":"max-snippet:-1","max-image-preview":"max-image-preview:large","max-video-preview":"max-video-preview:-1"},"canonical":"https:\/\/www.organisator.ch\/en\/general\/2018-02-27\/waerme-initative-schweiz\/","og_locale":"en_US","og_type":"article","og_title":"W\u00e4rme Initative Schweiz","og_description":"Akteure aus Wirtschaft, Verb\u00e4nden, Wissenschaft und Verwaltung trafen sich auf Einladung der AEE Suisse zum Kick-off Meeting der \"W\u00e4rme Initiative Schweiz\".","og_url":"https:\/\/www.organisator.ch\/en\/general\/2018-02-27\/waerme-initative-schweiz\/","og_site_name":"Organisator","article_publisher":"https:\/\/www.facebook.com\/OrganisatorFachmagazin","article_published_time":"2018-02-27T11:49:34+00:00","og_image":[{"width":1024,"height":682,"url":"https:\/\/www.organisator.ch\/wp-content\/uploads\/2018\/03\/Waerme-Initative-Schweiz-up-UmweltPerspektiven-1024x682.jpg","type":"image\/jpeg"}],"author":"michael.merz","twitter_card":"summary_large_image","schema":{"@context":"https:\/\/schema.org","@graph":[{"@type":"Article","@id":"https:\/\/www.organisator.ch\/en\/general\/2018-02-27\/waerme-initative-schweiz\/#article","isPartOf":{"@id":"https:\/\/www.organisator.ch\/en\/general\/2018-02-27\/waerme-initative-schweiz\/"},"author":{"name":"michael.merz","@id":"https:\/\/www.organisator.ch\/#\/schema\/person\/134708ca9321c57b0362cceb7948ffbd"},"headline":"W\u00e4rme Initative Schweiz","datePublished":"2018-02-27T11:49:34+00:00","mainEntityOfPage":{"@id":"https:\/\/www.organisator.ch\/en\/general\/2018-02-27\/waerme-initative-schweiz\/"},"wordCount":625,"commentCount":0,"publisher":{"@id":"https:\/\/www.organisator.ch\/#organization"},"image":{"@id":"https:\/\/www.organisator.ch\/en\/general\/2018-02-27\/waerme-initative-schweiz\/#primaryimage"},"thumbnailUrl":"https:\/\/www.organisator.ch\/wp-content\/uploads\/2018\/03\/Waerme-Initative-Schweiz-up-UmweltPerspektiven.jpg","keywords":["Energiestrategie","W\u00e4re Initative Schweiz","W\u00e4rmewirtschaft"],"articleSection":["Allgemein"],"inLanguage":"en-US"},{"@type":"WebPage","@id":"https:\/\/www.organisator.ch\/en\/general\/2018-02-27\/waerme-initative-schweiz\/","url":"https:\/\/www.organisator.ch\/en\/general\/2018-02-27\/waerme-initative-schweiz\/","name":"Heat Initiative Switzerland - Organizer","isPartOf":{"@id":"https:\/\/www.organisator.ch\/#website"},"primaryImageOfPage":{"@id":"https:\/\/www.organisator.ch\/en\/general\/2018-02-27\/waerme-initative-schweiz\/#primaryimage"},"image":{"@id":"https:\/\/www.organisator.ch\/en\/general\/2018-02-27\/waerme-initative-schweiz\/#primaryimage"},"thumbnailUrl":"https:\/\/www.organisator.ch\/wp-content\/uploads\/2018\/03\/Waerme-Initative-Schweiz-up-UmweltPerspektiven.jpg","datePublished":"2018-02-27T11:49:34+00:00","description":"Stakeholders from business, associations, science and administration met at the invitation of AEE Suisse for the kick-off meeting of the \"W\u00e4rme Initiative Schweiz\".","breadcrumb":{"@id":"https:\/\/www.organisator.ch\/en\/general\/2018-02-27\/waerme-initative-schweiz\/#breadcrumb"},"inLanguage":"en-US","potentialAction":[{"@type":"ReadAction","target":["https:\/\/www.organisator.ch\/en\/general\/2018-02-27\/waerme-initative-schweiz\/"]}]},{"@type":"ImageObject","inLanguage":"en-US","@id":"https:\/\/www.organisator.ch\/en\/general\/2018-02-27\/waerme-initative-schweiz\/#primaryimage","url":"https:\/\/www.organisator.ch\/wp-content\/uploads\/2018\/03\/Waerme-Initative-Schweiz-up-UmweltPerspektiven.jpg","contentUrl":"https:\/\/www.organisator.ch\/wp-content\/uploads\/2018\/03\/Waerme-Initative-Schweiz-up-UmweltPerspektiven.jpg","width":2000,"height":1333,"caption":"Es gibt noch viel zu tun, wurde am Kick-off-Meeting der \"W\u00e4rme Iniative Schweiz\" Ende Januar 2018 in Z\u00fcrich festgehalten. (Bild: depositphotos)"},{"@type":"BreadcrumbList","@id":"https:\/\/www.organisator.ch\/en\/general\/2018-02-27\/waerme-initative-schweiz\/#breadcrumb","itemListElement":[{"@type":"ListItem","position":1,"name":"Home","item":"https:\/\/www.organisator.ch\/"},{"@type":"ListItem","position":2,"name":"W\u00e4rme Initative Schweiz"}]},{"@type":"WebSite","@id":"https:\/\/www.organisator.ch\/#website","url":"https:\/\/www.organisator.ch\/","name":"Organizer","description":"Competent. Practical. In 10 issues per year, ORGANISATOR presents the essential topics for managers of SMEs.","publisher":{"@id":"https:\/\/www.organisator.ch\/#organization"},"potentialAction":[{"@type":"SearchAction","target":{"@type":"EntryPoint","urlTemplate":"https:\/\/www.organisator.ch\/?s={search_term_string}"},"query-input":{"@type":"PropertyValueSpecification","valueRequired":true,"valueName":"search_term_string"}}],"inLanguage":"en-US"},{"@type":"Organization","@id":"https:\/\/www.organisator.ch\/#organization","name":"Organizer","url":"https:\/\/www.organisator.ch\/","logo":{"@type":"ImageObject","inLanguage":"en-US","@id":"https:\/\/www.organisator.ch\/#\/schema\/logo\/image\/","url":"https:\/\/www.organisator.ch\/wp-content\/uploads\/2022\/01\/Logo_Organisator_Website.png","contentUrl":"https:\/\/www.organisator.ch\/wp-content\/uploads\/2022\/01\/Logo_Organisator_Website.png","width":800,"height":77,"caption":"Organisator"},"image":{"@id":"https:\/\/www.organisator.ch\/#\/schema\/logo\/image\/"},"sameAs":["https:\/\/www.facebook.com\/OrganisatorFachmagazin","https:\/\/www.linkedin.com\/showcase\/organisator-das-magazin-fr-kmu","https:\/\/www.xing.com\/news\/pages\/organisator-ch-695","https:\/\/www.youtube.com\/channel\/UCGP2Sq0iWaZwT3BdIAQFYpw"]},{"@type":"Person","@id":"https:\/\/www.organisator.ch\/#\/schema\/person\/134708ca9321c57b0362cceb7948ffbd","name":"michael.merz","image":{"@type":"ImageObject","inLanguage":"en-US","@id":"https:\/\/secure.gravatar.com\/avatar\/?s=96&d=mm&r=g","url":"https:\/\/secure.gravatar.com\/avatar\/?s=96&d=mm&r=g","contentUrl":"https:\/\/secure.gravatar.com\/avatar\/?s=96&d=mm&r=g","caption":"michael.merz"},"url":"https:\/\/www.organisator.ch\/en\/author\/michael-merz\/"}]}},"_links":{"self":[{"href":"https:\/\/www.organisator.ch\/en\/wp-json\/wp\/v2\/posts\/10035","targetHints":{"allow":["GET"]}}],"collection":[{"href":"https:\/\/www.organisator.ch\/en\/wp-json\/wp\/v2\/posts"}],"about":[{"href":"https:\/\/www.organisator.ch\/en\/wp-json\/wp\/v2\/types\/post"}],"author":[{"embeddable":true,"href":"https:\/\/www.organisator.ch\/en\/wp-json\/wp\/v2\/users\/5"}],"replies":[{"embeddable":true,"href":"https:\/\/www.organisator.ch\/en\/wp-json\/wp\/v2\/comments?post=10035"}],"version-history":[{"count":0,"href":"https:\/\/www.organisator.ch\/en\/wp-json\/wp\/v2\/posts\/10035\/revisions"}],"wp:featuredmedia":[{"embeddable":true,"href":"https:\/\/www.organisator.ch\/en\/wp-json\/wp\/v2\/media\/9541"}],"wp:attachment":[{"href":"https:\/\/www.organisator.ch\/en\/wp-json\/wp\/v2\/media?parent=10035"}],"wp:term":[{"taxonomy":"category","embeddable":true,"href":"https:\/\/www.organisator.ch\/en\/wp-json\/wp\/v2\/categories?post=10035"},{"taxonomy":"post_tag","embeddable":true,"href":"https:\/\/www.organisator.ch\/en\/wp-json\/wp\/v2\/tags?post=10035"}],"curies":[{"name":"wp","href":"https:\/\/api.w.org\/{rel}","templated":true}]}}