{"id":10042,"date":"2018-04-23T11:23:52","date_gmt":"2018-04-23T09:23:52","guid":{"rendered":"https:\/\/www.umweltperspektiven.ch\/?p=1667"},"modified":"2018-04-23T11:23:52","modified_gmt":"2018-04-23T09:23:52","slug":"5-jahre-nach-rana-plaza-offener-brief-an-schweizer-modefirmen-fordert-beitritt-zum-gebaeudesicherheitsabkommen","status":"publish","type":"post","link":"https:\/\/www.organisator.ch\/en\/allgemein\/2018-04-23\/5-jahre-nach-rana-plaza-offener-brief-an-schweizer-modefirmen-fordert-beitritt-zum-gebaeudesicherheitsabkommen\/","title":{"rendered":"Rana Plaza: Open letter to fashion companies for safety agreement"},"content":{"rendered":"<figure id=\"attachment_1668\" aria-describedby=\"caption-attachment-1668\" style=\"width: 680px\" class=\"wp-caption alignnone\"><img loading=\"lazy\" decoding=\"async\" class=\"wp-image-1668 size-medium\" src=\"\/\/www.umweltperspektiven.ch\/wp-content\/uploads\/2018\/04\/Offener-Brief_Rana-Plaza-UP_Umweltperspektiven.jpg\" alt=\"\" width=\"680\" height=\"454\" srcset=\"https:\/\/www.organisator.ch\/wp-content\/uploads\/2018\/04\/Offener-Brief_Rana-Plaza-UP_Umweltperspektiven.jpg 1024w, https:\/\/www.organisator.ch\/wp-content\/uploads\/2018\/04\/Offener-Brief_Rana-Plaza-UP_Umweltperspektiven-680x454.jpg 680w, https:\/\/www.organisator.ch\/wp-content\/uploads\/2018\/04\/Offener-Brief_Rana-Plaza-UP_Umweltperspektiven-768x512.jpg 768w, https:\/\/www.organisator.ch\/wp-content\/uploads\/2018\/04\/Offener-Brief_Rana-Plaza-UP_Umweltperspektiven-18x12.jpg 18w, https:\/\/www.organisator.ch\/wp-content\/uploads\/2018\/04\/Offener-Brief_Rana-Plaza-UP_Umweltperspektiven-262x175.jpg 262w, https:\/\/www.organisator.ch\/wp-content\/uploads\/2018\/04\/Offener-Brief_Rana-Plaza-UP_Umweltperspektiven-525x350.jpg 525w, https:\/\/www.organisator.ch\/wp-content\/uploads\/2018\/04\/Offener-Brief_Rana-Plaza-UP_Umweltperspektiven-920x614.jpg 920w, https:\/\/www.organisator.ch\/wp-content\/uploads\/2018\/04\/Offener-Brief_Rana-Plaza-UP_Umweltperspektiven-300x200.jpg 300w\" sizes=\"auto, (max-width: 680px) 100vw, 680px\" \/><figcaption id=\"caption-attachment-1668\" class=\"wp-caption-text\">Even in today's times, building safety in the textile industry is substandard in some places. (Image: Wikipedia)<\/figcaption><\/figure>\n<p>On April 24, 2013, the Rana Plaza factory complex collapsed on the outskirts of Dhaka, burying thousands of people. April 24, 2018 marks the fifth anniversary of that disaster, which killed 1138 people in Bangladesh and injured more than 2000, some of them seriously. On the occasion of the fifth anniversary of this accident caused by construction defects and greed for profit, Public Eye and the Clean Clothes Campaign call on all garment companies producing in Bangladesh to finally join the \"Accord on Fire and Building Safety in Bangladesh\".<\/p>\n<p>More than 145 international companies have already signed the recently extended agreement. With Tally Weijl, however, only one Swiss company is among them so far. Other Swiss clothing manufacturers such as Chicory, Coop, Mammut, Manor, Migros and Zebra also have cheap production in Bangladesh, but ignore the agreement and rely at best on voluntary initiatives.<\/p>\n<p>The Building Safety Accord was created after Rana Plaza to supplement this patchwork of non-binding individual measures with often unclear effects with a comprehensive and legally binding program. The fact is that the \"Accord\" has made the jobs of around two million textile workers safer. To date, inspection teams have scrutinized more than 1,600 factories and identified over 118,500 hazards in the areas of fire protection, electrical installations and structural engineering. 83 percent of these hazards have now been eliminated.<\/p>\n<p>All those companies producing in Bangladesh that do not join the agreement, despite its acknowledged impact, place company-owned, voluntary measures above binding, industry-wide programs. Given the scale of the problem, however, such measures can at best be a supplement to, but certainly not a substitute for, the industry-wide and legally binding Building Safety Agreement.<\/p>\n<p>Therefore, Public Eye appeals to the Swiss population to increase the pressure on the Swiss fashion companies that are further away by signing the open letter \"Never again Rana Plaza\".<\/p>\n<p><em>More information here or at:<\/em><\/p>\n<p><em>David Hachfeld, textiles expert at Public Eye, 044 277 79 14, david.hachfeld@publiceye.ch<\/em><\/p>","protected":false},"excerpt":{"rendered":"<p>Am 24. April 2013 ist in einem Aussenbezirk von Dhaka der Rana-Plaza Fabrikkomplex eingest\u00fcrzt und hat tausende Menschen unter sich begraben. Am 24. April 2018 j\u00e4hrt sich zum f\u00fcnften Mal jene Katastrophe, die 1138 Menschen in Bangladesch get\u00f6tet und mehr als 2000 teils schwer verletzt hat. Anl\u00e4sslich des f\u00fcnften Jahrestags dieses durch Baum\u00e4ngel und Profitgier [&hellip;]<\/p>\n","protected":false},"author":5,"featured_media":1668,"comment_status":"open","ping_status":"open","sticky":false,"template":"","format":"standard","meta":{"_acf_changed":false,"_yoast_wpseo_focuskw":"Rana-Plaza","_yoast_wpseo_metadesc":"Damit Katastrophen wie jene in Rana-Plaza, Indien, nie mehr geschehen, schreibt Public Eye zusammen mit der Clean Clothes Campaign Schweizer Firmen an.","articlekey":"","footnotes":""},"categories":[1],"tags":[1855,1958,1975,2297],"class_list":["post-10042","post","type-post","status-publish","format-standard","has-post-thumbnail","hentry","category-allgemein","tag-offener-brief","tag-public-eye","tag-rana-plaza","tag-textilindustrie"],"acf":[],"yoast_head":"<!-- This site is optimized with the Yoast SEO plugin v27.4 - https:\/\/yoast.com\/product\/yoast-seo-wordpress\/ -->\n<title>Rana-Plaza: Offener Brief an Modeunternehmen f\u00fcr Sicherheitsabkommen - Organisator<\/title>\n<meta name=\"description\" content=\"Damit Katastrophen wie jene in Rana-Plaza, Indien, nie mehr geschehen, schreibt Public Eye zusammen mit der Clean Clothes Campaign Schweizer Firmen an.\" \/>\n<meta name=\"robots\" content=\"index, follow, max-snippet:-1, max-image-preview:large, max-video-preview:-1\" \/>\n<link rel=\"canonical\" href=\"https:\/\/www.organisator.ch\/en\/general\/2018-04-23\/5-jahre-nach-rana-plaza-offener-brief-an-schweizer-modefirmen-fordert-beitritt-zum-gebaeudesicherheitsabkommen\/\" \/>\n<meta property=\"og:locale\" content=\"en_US\" \/>\n<meta property=\"og:type\" content=\"article\" \/>\n<meta property=\"og:title\" content=\"Rana-Plaza: Offener Brief an Modeunternehmen f\u00fcr Sicherheitsabkommen - Organisator\" \/>\n<meta property=\"og:description\" content=\"Damit Katastrophen wie jene in Rana-Plaza, Indien, nie mehr geschehen, schreibt Public Eye zusammen mit der Clean Clothes Campaign Schweizer Firmen an.\" \/>\n<meta property=\"og:url\" content=\"https:\/\/www.organisator.ch\/en\/general\/2018-04-23\/5-jahre-nach-rana-plaza-offener-brief-an-schweizer-modefirmen-fordert-beitritt-zum-gebaeudesicherheitsabkommen\/\" \/>\n<meta property=\"og:site_name\" content=\"Organisator\" \/>\n<meta property=\"article:publisher\" content=\"https:\/\/www.facebook.com\/OrganisatorFachmagazin\" \/>\n<meta property=\"article:published_time\" content=\"2018-04-23T09:23:52+00:00\" \/>\n<meta property=\"og:image\" content=\"https:\/\/www.organisator.ch\/wp-content\/uploads\/2018\/04\/Offener-Brief_Rana-Plaza-UP_Umweltperspektiven.jpg\" \/>\n\t<meta property=\"og:image:width\" content=\"1024\" \/>\n\t<meta property=\"og:image:height\" content=\"683\" \/>\n\t<meta property=\"og:image:type\" content=\"image\/jpeg\" \/>\n<meta name=\"author\" content=\"michael.merz\" \/>\n<meta name=\"twitter:card\" content=\"summary_large_image\" \/>\n<script type=\"application\/ld+json\" class=\"yoast-schema-graph\">{\"@context\":\"https:\\\/\\\/schema.org\",\"@graph\":[{\"@type\":\"Article\",\"@id\":\"https:\\\/\\\/www.organisator.ch\\\/en\\\/general\\\/2018-04-23\\\/5-jahre-nach-rana-plaza-offener-brief-an-schweizer-modefirmen-fordert-beitritt-zum-gebaeudesicherheitsabkommen\\\/#article\",\"isPartOf\":{\"@id\":\"https:\\\/\\\/www.organisator.ch\\\/en\\\/general\\\/2018-04-23\\\/5-jahre-nach-rana-plaza-offener-brief-an-schweizer-modefirmen-fordert-beitritt-zum-gebaeudesicherheitsabkommen\\\/\"},\"author\":{\"name\":\"michael.merz\",\"@id\":\"https:\\\/\\\/www.organisator.ch\\\/#\\\/schema\\\/person\\\/134708ca9321c57b0362cceb7948ffbd\"},\"headline\":\"Rana-Plaza: Offener Brief an Modeunternehmen f\u00fcr Sicherheitsabkommen\",\"datePublished\":\"2018-04-23T09:23:52+00:00\",\"mainEntityOfPage\":{\"@id\":\"https:\\\/\\\/www.organisator.ch\\\/en\\\/general\\\/2018-04-23\\\/5-jahre-nach-rana-plaza-offener-brief-an-schweizer-modefirmen-fordert-beitritt-zum-gebaeudesicherheitsabkommen\\\/\"},\"wordCount\":338,\"commentCount\":0,\"publisher\":{\"@id\":\"https:\\\/\\\/www.organisator.ch\\\/#organization\"},\"image\":{\"@id\":\"https:\\\/\\\/www.organisator.ch\\\/en\\\/general\\\/2018-04-23\\\/5-jahre-nach-rana-plaza-offener-brief-an-schweizer-modefirmen-fordert-beitritt-zum-gebaeudesicherheitsabkommen\\\/#primaryimage\"},\"thumbnailUrl\":\"https:\\\/\\\/www.organisator.ch\\\/wp-content\\\/uploads\\\/2018\\\/04\\\/Offener-Brief_Rana-Plaza-UP_Umweltperspektiven.jpg\",\"keywords\":[\"Offener Brief\",\"Public Eye\",\"Rana Plaza\",\"Textilindustrie\"],\"articleSection\":[\"Allgemein\"],\"inLanguage\":\"en-US\"},{\"@type\":\"WebPage\",\"@id\":\"https:\\\/\\\/www.organisator.ch\\\/en\\\/general\\\/2018-04-23\\\/5-jahre-nach-rana-plaza-offener-brief-an-schweizer-modefirmen-fordert-beitritt-zum-gebaeudesicherheitsabkommen\\\/\",\"url\":\"https:\\\/\\\/www.organisator.ch\\\/en\\\/general\\\/2018-04-23\\\/5-jahre-nach-rana-plaza-offener-brief-an-schweizer-modefirmen-fordert-beitritt-zum-gebaeudesicherheitsabkommen\\\/\",\"name\":\"Rana-Plaza: Offener Brief an Modeunternehmen f\u00fcr Sicherheitsabkommen - Organisator\",\"isPartOf\":{\"@id\":\"https:\\\/\\\/www.organisator.ch\\\/#website\"},\"primaryImageOfPage\":{\"@id\":\"https:\\\/\\\/www.organisator.ch\\\/en\\\/general\\\/2018-04-23\\\/5-jahre-nach-rana-plaza-offener-brief-an-schweizer-modefirmen-fordert-beitritt-zum-gebaeudesicherheitsabkommen\\\/#primaryimage\"},\"image\":{\"@id\":\"https:\\\/\\\/www.organisator.ch\\\/en\\\/general\\\/2018-04-23\\\/5-jahre-nach-rana-plaza-offener-brief-an-schweizer-modefirmen-fordert-beitritt-zum-gebaeudesicherheitsabkommen\\\/#primaryimage\"},\"thumbnailUrl\":\"https:\\\/\\\/www.organisator.ch\\\/wp-content\\\/uploads\\\/2018\\\/04\\\/Offener-Brief_Rana-Plaza-UP_Umweltperspektiven.jpg\",\"datePublished\":\"2018-04-23T09:23:52+00:00\",\"description\":\"Damit Katastrophen wie jene in Rana-Plaza, Indien, nie mehr geschehen, schreibt Public Eye zusammen mit der Clean Clothes Campaign Schweizer Firmen an.\",\"breadcrumb\":{\"@id\":\"https:\\\/\\\/www.organisator.ch\\\/en\\\/general\\\/2018-04-23\\\/5-jahre-nach-rana-plaza-offener-brief-an-schweizer-modefirmen-fordert-beitritt-zum-gebaeudesicherheitsabkommen\\\/#breadcrumb\"},\"inLanguage\":\"en-US\",\"potentialAction\":[{\"@type\":\"ReadAction\",\"target\":[\"https:\\\/\\\/www.organisator.ch\\\/en\\\/general\\\/2018-04-23\\\/5-jahre-nach-rana-plaza-offener-brief-an-schweizer-modefirmen-fordert-beitritt-zum-gebaeudesicherheitsabkommen\\\/\"]}]},{\"@type\":\"ImageObject\",\"inLanguage\":\"en-US\",\"@id\":\"https:\\\/\\\/www.organisator.ch\\\/en\\\/general\\\/2018-04-23\\\/5-jahre-nach-rana-plaza-offener-brief-an-schweizer-modefirmen-fordert-beitritt-zum-gebaeudesicherheitsabkommen\\\/#primaryimage\",\"url\":\"https:\\\/\\\/www.organisator.ch\\\/wp-content\\\/uploads\\\/2018\\\/04\\\/Offener-Brief_Rana-Plaza-UP_Umweltperspektiven.jpg\",\"contentUrl\":\"https:\\\/\\\/www.organisator.ch\\\/wp-content\\\/uploads\\\/2018\\\/04\\\/Offener-Brief_Rana-Plaza-UP_Umweltperspektiven.jpg\",\"width\":1024,\"height\":683},{\"@type\":\"BreadcrumbList\",\"@id\":\"https:\\\/\\\/www.organisator.ch\\\/en\\\/general\\\/2018-04-23\\\/5-jahre-nach-rana-plaza-offener-brief-an-schweizer-modefirmen-fordert-beitritt-zum-gebaeudesicherheitsabkommen\\\/#breadcrumb\",\"itemListElement\":[{\"@type\":\"ListItem\",\"position\":1,\"name\":\"Home\",\"item\":\"https:\\\/\\\/www.organisator.ch\\\/\"},{\"@type\":\"ListItem\",\"position\":2,\"name\":\"Rana-Plaza: Offener Brief an Modeunternehmen f\u00fcr Sicherheitsabkommen\"}]},{\"@type\":\"WebSite\",\"@id\":\"https:\\\/\\\/www.organisator.ch\\\/#website\",\"url\":\"https:\\\/\\\/www.organisator.ch\\\/\",\"name\":\"Organisator\",\"description\":\"Kompetent. Praxisnah. Der ORGANISATOR bereitet in 10 Ausgaben pro Jahr die wesentlichen Themen f\u00fcr F\u00fchrungskr\u00e4fte von KMU auf.\",\"publisher\":{\"@id\":\"https:\\\/\\\/www.organisator.ch\\\/#organization\"},\"potentialAction\":[{\"@type\":\"SearchAction\",\"target\":{\"@type\":\"EntryPoint\",\"urlTemplate\":\"https:\\\/\\\/www.organisator.ch\\\/?s={search_term_string}\"},\"query-input\":{\"@type\":\"PropertyValueSpecification\",\"valueRequired\":true,\"valueName\":\"search_term_string\"}}],\"inLanguage\":\"en-US\"},{\"@type\":\"Organization\",\"@id\":\"https:\\\/\\\/www.organisator.ch\\\/#organization\",\"name\":\"Organisator\",\"url\":\"https:\\\/\\\/www.organisator.ch\\\/\",\"logo\":{\"@type\":\"ImageObject\",\"inLanguage\":\"en-US\",\"@id\":\"https:\\\/\\\/www.organisator.ch\\\/#\\\/schema\\\/logo\\\/image\\\/\",\"url\":\"https:\\\/\\\/www.organisator.ch\\\/wp-content\\\/uploads\\\/2022\\\/01\\\/Logo_Organisator_Website.png\",\"contentUrl\":\"https:\\\/\\\/www.organisator.ch\\\/wp-content\\\/uploads\\\/2022\\\/01\\\/Logo_Organisator_Website.png\",\"width\":800,\"height\":77,\"caption\":\"Organisator\"},\"image\":{\"@id\":\"https:\\\/\\\/www.organisator.ch\\\/#\\\/schema\\\/logo\\\/image\\\/\"},\"sameAs\":[\"https:\\\/\\\/www.facebook.com\\\/OrganisatorFachmagazin\",\"https:\\\/\\\/www.linkedin.com\\\/showcase\\\/organisator-das-magazin-fr-kmu\",\"https:\\\/\\\/www.xing.com\\\/news\\\/pages\\\/organisator-ch-695\",\"https:\\\/\\\/www.youtube.com\\\/channel\\\/UCGP2Sq0iWaZwT3BdIAQFYpw\"]},{\"@type\":\"Person\",\"@id\":\"https:\\\/\\\/www.organisator.ch\\\/#\\\/schema\\\/person\\\/134708ca9321c57b0362cceb7948ffbd\",\"name\":\"michael.merz\",\"image\":{\"@type\":\"ImageObject\",\"inLanguage\":\"en-US\",\"@id\":\"https:\\\/\\\/secure.gravatar.com\\\/avatar\\\/?s=96&d=mm&r=g\",\"url\":\"https:\\\/\\\/secure.gravatar.com\\\/avatar\\\/?s=96&d=mm&r=g\",\"contentUrl\":\"https:\\\/\\\/secure.gravatar.com\\\/avatar\\\/?s=96&d=mm&r=g\",\"caption\":\"michael.merz\"},\"url\":\"https:\\\/\\\/www.organisator.ch\\\/en\\\/author\\\/michael-merz\\\/\"}]}<\/script>\n<!-- \/ Yoast SEO plugin. -->","yoast_head_json":{"title":"Rana-Plaza: Open letter to fashion companies for security agreement - organizer","description":"To ensure that disasters like the one in Rana Plaza, India, never happen again, Public Eye is writing to Swiss companies together with the Clean Clothes Campaign.","robots":{"index":"index","follow":"follow","max-snippet":"max-snippet:-1","max-image-preview":"max-image-preview:large","max-video-preview":"max-video-preview:-1"},"canonical":"https:\/\/www.organisator.ch\/en\/general\/2018-04-23\/5-jahre-nach-rana-plaza-offener-brief-an-schweizer-modefirmen-fordert-beitritt-zum-gebaeudesicherheitsabkommen\/","og_locale":"en_US","og_type":"article","og_title":"Rana-Plaza: Offener Brief an Modeunternehmen f\u00fcr Sicherheitsabkommen - Organisator","og_description":"Damit Katastrophen wie jene in Rana-Plaza, Indien, nie mehr geschehen, schreibt Public Eye zusammen mit der Clean Clothes Campaign Schweizer Firmen an.","og_url":"https:\/\/www.organisator.ch\/en\/general\/2018-04-23\/5-jahre-nach-rana-plaza-offener-brief-an-schweizer-modefirmen-fordert-beitritt-zum-gebaeudesicherheitsabkommen\/","og_site_name":"Organisator","article_publisher":"https:\/\/www.facebook.com\/OrganisatorFachmagazin","article_published_time":"2018-04-23T09:23:52+00:00","og_image":[{"width":1024,"height":683,"url":"https:\/\/www.organisator.ch\/wp-content\/uploads\/2018\/04\/Offener-Brief_Rana-Plaza-UP_Umweltperspektiven.jpg","type":"image\/jpeg"}],"author":"michael.merz","twitter_card":"summary_large_image","schema":{"@context":"https:\/\/schema.org","@graph":[{"@type":"Article","@id":"https:\/\/www.organisator.ch\/en\/general\/2018-04-23\/5-jahre-nach-rana-plaza-offener-brief-an-schweizer-modefirmen-fordert-beitritt-zum-gebaeudesicherheitsabkommen\/#article","isPartOf":{"@id":"https:\/\/www.organisator.ch\/en\/general\/2018-04-23\/5-jahre-nach-rana-plaza-offener-brief-an-schweizer-modefirmen-fordert-beitritt-zum-gebaeudesicherheitsabkommen\/"},"author":{"name":"michael.merz","@id":"https:\/\/www.organisator.ch\/#\/schema\/person\/134708ca9321c57b0362cceb7948ffbd"},"headline":"Rana-Plaza: Offener Brief an Modeunternehmen f\u00fcr Sicherheitsabkommen","datePublished":"2018-04-23T09:23:52+00:00","mainEntityOfPage":{"@id":"https:\/\/www.organisator.ch\/en\/general\/2018-04-23\/5-jahre-nach-rana-plaza-offener-brief-an-schweizer-modefirmen-fordert-beitritt-zum-gebaeudesicherheitsabkommen\/"},"wordCount":338,"commentCount":0,"publisher":{"@id":"https:\/\/www.organisator.ch\/#organization"},"image":{"@id":"https:\/\/www.organisator.ch\/en\/general\/2018-04-23\/5-jahre-nach-rana-plaza-offener-brief-an-schweizer-modefirmen-fordert-beitritt-zum-gebaeudesicherheitsabkommen\/#primaryimage"},"thumbnailUrl":"https:\/\/www.organisator.ch\/wp-content\/uploads\/2018\/04\/Offener-Brief_Rana-Plaza-UP_Umweltperspektiven.jpg","keywords":["Offener Brief","Public Eye","Rana Plaza","Textilindustrie"],"articleSection":["Allgemein"],"inLanguage":"en-US"},{"@type":"WebPage","@id":"https:\/\/www.organisator.ch\/en\/general\/2018-04-23\/5-jahre-nach-rana-plaza-offener-brief-an-schweizer-modefirmen-fordert-beitritt-zum-gebaeudesicherheitsabkommen\/","url":"https:\/\/www.organisator.ch\/en\/general\/2018-04-23\/5-jahre-nach-rana-plaza-offener-brief-an-schweizer-modefirmen-fordert-beitritt-zum-gebaeudesicherheitsabkommen\/","name":"Rana-Plaza: Open letter to fashion companies for security agreement - organizer","isPartOf":{"@id":"https:\/\/www.organisator.ch\/#website"},"primaryImageOfPage":{"@id":"https:\/\/www.organisator.ch\/en\/general\/2018-04-23\/5-jahre-nach-rana-plaza-offener-brief-an-schweizer-modefirmen-fordert-beitritt-zum-gebaeudesicherheitsabkommen\/#primaryimage"},"image":{"@id":"https:\/\/www.organisator.ch\/en\/general\/2018-04-23\/5-jahre-nach-rana-plaza-offener-brief-an-schweizer-modefirmen-fordert-beitritt-zum-gebaeudesicherheitsabkommen\/#primaryimage"},"thumbnailUrl":"https:\/\/www.organisator.ch\/wp-content\/uploads\/2018\/04\/Offener-Brief_Rana-Plaza-UP_Umweltperspektiven.jpg","datePublished":"2018-04-23T09:23:52+00:00","description":"To ensure that disasters like the one in Rana Plaza, India, never happen again, Public Eye is writing to Swiss companies together with the Clean Clothes Campaign.","breadcrumb":{"@id":"https:\/\/www.organisator.ch\/en\/general\/2018-04-23\/5-jahre-nach-rana-plaza-offener-brief-an-schweizer-modefirmen-fordert-beitritt-zum-gebaeudesicherheitsabkommen\/#breadcrumb"},"inLanguage":"en-US","potentialAction":[{"@type":"ReadAction","target":["https:\/\/www.organisator.ch\/en\/general\/2018-04-23\/5-jahre-nach-rana-plaza-offener-brief-an-schweizer-modefirmen-fordert-beitritt-zum-gebaeudesicherheitsabkommen\/"]}]},{"@type":"ImageObject","inLanguage":"en-US","@id":"https:\/\/www.organisator.ch\/en\/general\/2018-04-23\/5-jahre-nach-rana-plaza-offener-brief-an-schweizer-modefirmen-fordert-beitritt-zum-gebaeudesicherheitsabkommen\/#primaryimage","url":"https:\/\/www.organisator.ch\/wp-content\/uploads\/2018\/04\/Offener-Brief_Rana-Plaza-UP_Umweltperspektiven.jpg","contentUrl":"https:\/\/www.organisator.ch\/wp-content\/uploads\/2018\/04\/Offener-Brief_Rana-Plaza-UP_Umweltperspektiven.jpg","width":1024,"height":683},{"@type":"BreadcrumbList","@id":"https:\/\/www.organisator.ch\/en\/general\/2018-04-23\/5-jahre-nach-rana-plaza-offener-brief-an-schweizer-modefirmen-fordert-beitritt-zum-gebaeudesicherheitsabkommen\/#breadcrumb","itemListElement":[{"@type":"ListItem","position":1,"name":"Home","item":"https:\/\/www.organisator.ch\/"},{"@type":"ListItem","position":2,"name":"Rana-Plaza: Offener Brief an Modeunternehmen f\u00fcr Sicherheitsabkommen"}]},{"@type":"WebSite","@id":"https:\/\/www.organisator.ch\/#website","url":"https:\/\/www.organisator.ch\/","name":"Organizer","description":"Competent. Practical. In 10 issues per year, ORGANISATOR presents the essential topics for managers of SMEs.","publisher":{"@id":"https:\/\/www.organisator.ch\/#organization"},"potentialAction":[{"@type":"SearchAction","target":{"@type":"EntryPoint","urlTemplate":"https:\/\/www.organisator.ch\/?s={search_term_string}"},"query-input":{"@type":"PropertyValueSpecification","valueRequired":true,"valueName":"search_term_string"}}],"inLanguage":"en-US"},{"@type":"Organization","@id":"https:\/\/www.organisator.ch\/#organization","name":"Organizer","url":"https:\/\/www.organisator.ch\/","logo":{"@type":"ImageObject","inLanguage":"en-US","@id":"https:\/\/www.organisator.ch\/#\/schema\/logo\/image\/","url":"https:\/\/www.organisator.ch\/wp-content\/uploads\/2022\/01\/Logo_Organisator_Website.png","contentUrl":"https:\/\/www.organisator.ch\/wp-content\/uploads\/2022\/01\/Logo_Organisator_Website.png","width":800,"height":77,"caption":"Organisator"},"image":{"@id":"https:\/\/www.organisator.ch\/#\/schema\/logo\/image\/"},"sameAs":["https:\/\/www.facebook.com\/OrganisatorFachmagazin","https:\/\/www.linkedin.com\/showcase\/organisator-das-magazin-fr-kmu","https:\/\/www.xing.com\/news\/pages\/organisator-ch-695","https:\/\/www.youtube.com\/channel\/UCGP2Sq0iWaZwT3BdIAQFYpw"]},{"@type":"Person","@id":"https:\/\/www.organisator.ch\/#\/schema\/person\/134708ca9321c57b0362cceb7948ffbd","name":"michael.merz","image":{"@type":"ImageObject","inLanguage":"en-US","@id":"https:\/\/secure.gravatar.com\/avatar\/?s=96&d=mm&r=g","url":"https:\/\/secure.gravatar.com\/avatar\/?s=96&d=mm&r=g","contentUrl":"https:\/\/secure.gravatar.com\/avatar\/?s=96&d=mm&r=g","caption":"michael.merz"},"url":"https:\/\/www.organisator.ch\/en\/author\/michael-merz\/"}]}},"_links":{"self":[{"href":"https:\/\/www.organisator.ch\/en\/wp-json\/wp\/v2\/posts\/10042","targetHints":{"allow":["GET"]}}],"collection":[{"href":"https:\/\/www.organisator.ch\/en\/wp-json\/wp\/v2\/posts"}],"about":[{"href":"https:\/\/www.organisator.ch\/en\/wp-json\/wp\/v2\/types\/post"}],"author":[{"embeddable":true,"href":"https:\/\/www.organisator.ch\/en\/wp-json\/wp\/v2\/users\/5"}],"replies":[{"embeddable":true,"href":"https:\/\/www.organisator.ch\/en\/wp-json\/wp\/v2\/comments?post=10042"}],"version-history":[{"count":0,"href":"https:\/\/www.organisator.ch\/en\/wp-json\/wp\/v2\/posts\/10042\/revisions"}],"wp:featuredmedia":[{"embeddable":true,"href":"https:\/\/www.organisator.ch\/en\/wp-json\/wp\/v2\/media\/1668"}],"wp:attachment":[{"href":"https:\/\/www.organisator.ch\/en\/wp-json\/wp\/v2\/media?parent=10042"}],"wp:term":[{"taxonomy":"category","embeddable":true,"href":"https:\/\/www.organisator.ch\/en\/wp-json\/wp\/v2\/categories?post=10042"},{"taxonomy":"post_tag","embeddable":true,"href":"https:\/\/www.organisator.ch\/en\/wp-json\/wp\/v2\/tags?post=10042"}],"curies":[{"name":"wp","href":"https:\/\/api.w.org\/{rel}","templated":true}]}}