{"id":10048,"date":"2018-08-06T05:48:36","date_gmt":"2018-08-06T03:48:36","guid":{"rendered":"https:\/\/www.umweltperspektiven.ch\/?p=1810"},"modified":"2024-11-07T07:18:59","modified_gmt":"2024-11-07T06:18:59","slug":"ernaehrungsgesundheitsvereine-sge-und-radix-kooperieren","status":"publish","type":"post","link":"https:\/\/www.organisator.ch\/en\/allgemein\/2018-08-06\/ernaehrungsgesundheitsvereine-sge-und-radix-kooperieren\/","title":{"rendered":"SBU and RADIX cooperate in the name of nutrition"},"content":{"rendered":"<figure id=\"attachment_1811\" aria-describedby=\"caption-attachment-1811\" style=\"width: 150px\" class=\"wp-caption alignnone\"><img loading=\"lazy\" decoding=\"async\" class=\"wp-image-1811 size-thumbnail\" src=\"https:\/\/www.organisator.ch\/wp-content\/uploads\/2017\/04\/Coople-Ein-Unternehmen-revolutioniert-die-Arbeitswelt_Organisator-150x150.jpg\" alt=\"Swiss Society for Nutrition \" width=\"150\" height=\"150\" srcset=\"https:\/\/www.organisator.ch\/wp-content\/uploads\/2017\/04\/Coople-Ein-Unternehmen-revolutioniert-die-Arbeitswelt_Organisator-150x150.jpg 150w, https:\/\/www.organisator.ch\/wp-content\/uploads\/2017\/04\/Coople-Ein-Unternehmen-revolutioniert-die-Arbeitswelt_Organisator-12x12.jpg 12w, https:\/\/www.organisator.ch\/wp-content\/uploads\/2017\/04\/Coople-Ein-Unternehmen-revolutioniert-die-Arbeitswelt_Organisator-175x175.jpg 175w, https:\/\/www.organisator.ch\/wp-content\/uploads\/2017\/04\/Coople-Ein-Unternehmen-revolutioniert-die-Arbeitswelt_Organisator-350x350.jpg 350w, https:\/\/www.organisator.ch\/wp-content\/uploads\/2017\/04\/Coople-Ein-Unternehmen-revolutioniert-die-Arbeitswelt_Organisator-250x250.jpg 250w, https:\/\/www.organisator.ch\/wp-content\/uploads\/2017\/04\/Coople-Ein-Unternehmen-revolutioniert-die-Arbeitswelt_Organisator-300x300.jpg 300w, https:\/\/www.organisator.ch\/wp-content\/uploads\/2017\/04\/Coople-Ein-Unternehmen-revolutioniert-die-Arbeitswelt_Organisator-100x100.jpg 100w, https:\/\/www.organisator.ch\/wp-content\/uploads\/2017\/04\/Coople-Ein-Unternehmen-revolutioniert-die-Arbeitswelt_Organisator.jpg 480w\" sizes=\"auto, (max-width: 150px) 100vw, 150px\" \/><figcaption id=\"caption-attachment-1811\" class=\"wp-caption-text\">The Swiss Society for Nutrition SGE and RADIX enter into operational cooperation. (Image: zVg)<\/figcaption><\/figure>\n<p>The Swiss Society for Nutrition SBU has been generating a structural deficit since 2015. The liquidity of the SBU could no longer be guaranteed in the long term. For this reason, the board took action and convened an extraordinary general meeting on July 30, 2018. Three options were presented to those present as to how the SBU could continue:<\/p>\n<p><em>1. liquidation of the SBU. All employees lose their jobs and the association's purpose <\/em><em>can no longer be implemented.<\/em><br \/>\n<em>2. the SBU is shrinking back to health under its own steam. A large part of the employees <\/em><em>however, loses employment as a result. Thus, massively fewer resources are available <\/em><em>Disposition. The purpose of the association can only be partially implemented.<\/em><br \/>\n<em>3. the SBU will look for a partner for the office who will take over the operational management of the SBU. <\/em><em>takes over. The association remains in existence and the purpose of the association can continue to be pursued. <\/em><em>be<\/em><\/p>\n<p>The SBU Board considers the third option to be the only viable way forward.<\/p>\n<p><strong>Longstanding partnership turns into cooperation<\/strong><\/p>\n<p>The RADIX Health Foundation had learned of the financial difficulties of the SBU and approached the president of the SBU in late spring. This gave rise to the idea that the RADIX Foundation could take over the management of the SBU office, but that the SBU association should continue to exist. The SBU's income would be used entirely to fulfill the association's purpose. \"We have been working together with RADIX for many years in the field of nutrition as a professional partner. The opportunity for operational cooperation is an absolute stroke of luck for the SBU. It gives our office a team with leadership experience, and we can take advantage of synergies while expanding our network,\" explains Isabelle Herter, President of SBU. \"This solution is a solid and promising one for the employees, members, patrons and partners of the SBU,\" says Isabelle Herter.<br \/>\nconvinced.<\/p>\n<p><a href=\"\/\/www.sge-ssn.ch\">www.sge-ssn.ch<\/a><\/p>\n<p>&nbsp;<\/p>\n<p><em><strong>SBU National Symposium 2018, Tuesday, September 11, 2018<\/strong><\/em><\/p>\n<p><em>SBU will hold its annual national symposium on September 11, 2018. Experts from research and industry will present papers and workshops on the topic of<a href=\"\/\/www.sge-ssn.ch\/die-sge\/partner-und-netzwerke\/fachtagung\/\"><strong> \"Nutrition in the workplace: more than lunch!\" <\/strong><\/a>hold<\/em><\/p>\n<p><em><strong>Date: Tuesday, September 11, 2018, 8:30 a.m. - 5 p.m.<\/strong><\/em><br \/>\n<em><strong>Location: Inselspital, Ettore Rossi, Bern<\/strong><\/em><\/p>","protected":false},"excerpt":{"rendered":"<p>Die Schweizerische Gesellschaft f\u00fcr Ern\u00e4hrung SGE erwirtschaftet seit 2015 ein strukturelles Defizit. Die Liquidit\u00e4t der SGE konnte langfristig nicht mehr gew\u00e4hrleistet werden. Aus diesem Grund wurde der Vorstand aktiv und berief auf den 30. Juli 2018 eine ausserordentliche Mitgliederversammlung ein. Den anwesenden wurden drei Optionen pr\u00e4sentiert, wie es mit der SGE weitergehen k\u00f6nnte: 1. Liquidation [&hellip;]<\/p>\n","protected":false},"author":5,"featured_media":9563,"comment_status":"closed","ping_status":"closed","sticky":false,"template":"","format":"standard","meta":{"_acf_changed":false,"_yoast_wpseo_focuskw":"Schweizerische Gesellschaft f\u00fcr Ern\u00e4hrung","_yoast_wpseo_metadesc":"Die SGE erwirtschaftet seit 2015 ein strukturelles Defizit und strebt eine operative Kooperation mit der Gesundheitsstiftung RADIX an.","articlekey":"","footnotes":""},"categories":[1],"tags":[181,1150,313,424,2114],"class_list":["post-10048","post","type-post","status-publish","format-standard","has-post-thumbnail","hentry","category-allgemein","tag-ernaehrung","tag-fachtagung","tag-kooperation","tag-schweiz","tag-sge"],"acf":[],"yoast_head":"<!-- This site is optimized with the Yoast SEO plugin v27.5 - https:\/\/yoast.com\/product\/yoast-seo-wordpress\/ -->\n<title>SGE und RADIX kooperieren im Namen der Ern\u00e4hrung - Organisator<\/title>\n<meta name=\"description\" content=\"Die SGE erwirtschaftet seit 2015 ein strukturelles Defizit und strebt eine operative Kooperation mit der Gesundheitsstiftung RADIX an.\" \/>\n<meta name=\"robots\" content=\"index, follow, max-snippet:-1, max-image-preview:large, max-video-preview:-1\" \/>\n<link rel=\"canonical\" href=\"https:\/\/www.organisator.ch\/en\/general\/2018-08-06\/ernaehrungsgesundheitsvereine-sge-und-radix-kooperieren\/\" \/>\n<meta property=\"og:locale\" content=\"en_US\" \/>\n<meta property=\"og:type\" content=\"article\" \/>\n<meta property=\"og:title\" content=\"SGE und RADIX kooperieren im Namen der Ern\u00e4hrung - Organisator\" \/>\n<meta property=\"og:description\" content=\"Die SGE erwirtschaftet seit 2015 ein strukturelles Defizit und strebt eine operative Kooperation mit der Gesundheitsstiftung RADIX an.\" \/>\n<meta property=\"og:url\" content=\"https:\/\/www.organisator.ch\/en\/general\/2018-08-06\/ernaehrungsgesundheitsvereine-sge-und-radix-kooperieren\/\" \/>\n<meta property=\"og:site_name\" content=\"Organisator\" \/>\n<meta property=\"article:publisher\" content=\"https:\/\/www.facebook.com\/OrganisatorFachmagazin\" \/>\n<meta property=\"article:published_time\" content=\"2018-08-06T03:48:36+00:00\" \/>\n<meta property=\"article:modified_time\" content=\"2024-11-07T06:18:59+00:00\" \/>\n<meta property=\"og:image\" content=\"https:\/\/www.organisator.ch\/wp-content\/uploads\/2018\/08\/Ernaehrungsgesundheitsvereine-SGE-und-RADIX-tun-sich-zusammen-up-umweltperspektiven.jpg\" \/>\n\t<meta property=\"og:image:width\" content=\"687\" \/>\n\t<meta property=\"og:image:height\" content=\"400\" \/>\n\t<meta property=\"og:image:type\" content=\"image\/jpeg\" \/>\n<meta name=\"author\" content=\"michael.merz\" \/>\n<meta name=\"twitter:card\" content=\"summary_large_image\" \/>\n<script type=\"application\/ld+json\" class=\"yoast-schema-graph\">{\"@context\":\"https:\\\/\\\/schema.org\",\"@graph\":[{\"@type\":\"Article\",\"@id\":\"https:\\\/\\\/www.organisator.ch\\\/allgemein\\\/2018-08-06\\\/ernaehrungsgesundheitsvereine-sge-und-radix-kooperieren\\\/#article\",\"isPartOf\":{\"@id\":\"https:\\\/\\\/www.organisator.ch\\\/allgemein\\\/2018-08-06\\\/ernaehrungsgesundheitsvereine-sge-und-radix-kooperieren\\\/\"},\"author\":{\"name\":\"michael.merz\",\"@id\":\"https:\\\/\\\/www.organisator.ch\\\/#\\\/schema\\\/person\\\/134708ca9321c57b0362cceb7948ffbd\"},\"headline\":\"SGE und RADIX kooperieren im Namen der Ern\u00e4hrung\",\"datePublished\":\"2018-08-06T03:48:36+00:00\",\"dateModified\":\"2024-11-07T06:18:59+00:00\",\"mainEntityOfPage\":{\"@id\":\"https:\\\/\\\/www.organisator.ch\\\/allgemein\\\/2018-08-06\\\/ernaehrungsgesundheitsvereine-sge-und-radix-kooperieren\\\/\"},\"wordCount\":385,\"publisher\":{\"@id\":\"https:\\\/\\\/www.organisator.ch\\\/#organization\"},\"image\":{\"@id\":\"https:\\\/\\\/www.organisator.ch\\\/allgemein\\\/2018-08-06\\\/ernaehrungsgesundheitsvereine-sge-und-radix-kooperieren\\\/#primaryimage\"},\"thumbnailUrl\":\"https:\\\/\\\/www.organisator.ch\\\/wp-content\\\/uploads\\\/2018\\\/08\\\/Ernaehrungsgesundheitsvereine-SGE-und-RADIX-tun-sich-zusammen-up-umweltperspektiven.jpg\",\"keywords\":[\"Ern\u00e4hrung\",\"Fachtagung\",\"Kooperation\",\"Schweiz\",\"SGE\"],\"articleSection\":[\"Allgemein\"],\"inLanguage\":\"en-US\"},{\"@type\":\"WebPage\",\"@id\":\"https:\\\/\\\/www.organisator.ch\\\/allgemein\\\/2018-08-06\\\/ernaehrungsgesundheitsvereine-sge-und-radix-kooperieren\\\/\",\"url\":\"https:\\\/\\\/www.organisator.ch\\\/allgemein\\\/2018-08-06\\\/ernaehrungsgesundheitsvereine-sge-und-radix-kooperieren\\\/\",\"name\":\"SGE und RADIX kooperieren im Namen der Ern\u00e4hrung - Organisator\",\"isPartOf\":{\"@id\":\"https:\\\/\\\/www.organisator.ch\\\/#website\"},\"primaryImageOfPage\":{\"@id\":\"https:\\\/\\\/www.organisator.ch\\\/allgemein\\\/2018-08-06\\\/ernaehrungsgesundheitsvereine-sge-und-radix-kooperieren\\\/#primaryimage\"},\"image\":{\"@id\":\"https:\\\/\\\/www.organisator.ch\\\/allgemein\\\/2018-08-06\\\/ernaehrungsgesundheitsvereine-sge-und-radix-kooperieren\\\/#primaryimage\"},\"thumbnailUrl\":\"https:\\\/\\\/www.organisator.ch\\\/wp-content\\\/uploads\\\/2018\\\/08\\\/Ernaehrungsgesundheitsvereine-SGE-und-RADIX-tun-sich-zusammen-up-umweltperspektiven.jpg\",\"datePublished\":\"2018-08-06T03:48:36+00:00\",\"dateModified\":\"2024-11-07T06:18:59+00:00\",\"description\":\"Die SGE erwirtschaftet seit 2015 ein strukturelles Defizit und strebt eine operative Kooperation mit der Gesundheitsstiftung RADIX an.\",\"breadcrumb\":{\"@id\":\"https:\\\/\\\/www.organisator.ch\\\/allgemein\\\/2018-08-06\\\/ernaehrungsgesundheitsvereine-sge-und-radix-kooperieren\\\/#breadcrumb\"},\"inLanguage\":\"en-US\",\"potentialAction\":[{\"@type\":\"ReadAction\",\"target\":[\"https:\\\/\\\/www.organisator.ch\\\/allgemein\\\/2018-08-06\\\/ernaehrungsgesundheitsvereine-sge-und-radix-kooperieren\\\/\"]}]},{\"@type\":\"ImageObject\",\"inLanguage\":\"en-US\",\"@id\":\"https:\\\/\\\/www.organisator.ch\\\/allgemein\\\/2018-08-06\\\/ernaehrungsgesundheitsvereine-sge-und-radix-kooperieren\\\/#primaryimage\",\"url\":\"https:\\\/\\\/www.organisator.ch\\\/wp-content\\\/uploads\\\/2018\\\/08\\\/Ernaehrungsgesundheitsvereine-SGE-und-RADIX-tun-sich-zusammen-up-umweltperspektiven.jpg\",\"contentUrl\":\"https:\\\/\\\/www.organisator.ch\\\/wp-content\\\/uploads\\\/2018\\\/08\\\/Ernaehrungsgesundheitsvereine-SGE-und-RADIX-tun-sich-zusammen-up-umweltperspektiven.jpg\",\"width\":687,\"height\":400,\"caption\":\"Die Schweizerischen Gesellschaft f\u00fcr Ern\u00e4hrung SGE und RADIX schliesslich sich zusammen. (Bild: zVg)\"},{\"@type\":\"BreadcrumbList\",\"@id\":\"https:\\\/\\\/www.organisator.ch\\\/allgemein\\\/2018-08-06\\\/ernaehrungsgesundheitsvereine-sge-und-radix-kooperieren\\\/#breadcrumb\",\"itemListElement\":[{\"@type\":\"ListItem\",\"position\":1,\"name\":\"Home\",\"item\":\"https:\\\/\\\/www.organisator.ch\\\/\"},{\"@type\":\"ListItem\",\"position\":2,\"name\":\"SGE und RADIX kooperieren im Namen der Ern\u00e4hrung\"}]},{\"@type\":\"WebSite\",\"@id\":\"https:\\\/\\\/www.organisator.ch\\\/#website\",\"url\":\"https:\\\/\\\/www.organisator.ch\\\/\",\"name\":\"Organisator\",\"description\":\"Kompetent. Praxisnah. Der ORGANISATOR bereitet in 10 Ausgaben pro Jahr die wesentlichen Themen f\u00fcr F\u00fchrungskr\u00e4fte von KMU auf.\",\"publisher\":{\"@id\":\"https:\\\/\\\/www.organisator.ch\\\/#organization\"},\"potentialAction\":[{\"@type\":\"SearchAction\",\"target\":{\"@type\":\"EntryPoint\",\"urlTemplate\":\"https:\\\/\\\/www.organisator.ch\\\/?s={search_term_string}\"},\"query-input\":{\"@type\":\"PropertyValueSpecification\",\"valueRequired\":true,\"valueName\":\"search_term_string\"}}],\"inLanguage\":\"en-US\"},{\"@type\":\"Organization\",\"@id\":\"https:\\\/\\\/www.organisator.ch\\\/#organization\",\"name\":\"Organisator\",\"url\":\"https:\\\/\\\/www.organisator.ch\\\/\",\"logo\":{\"@type\":\"ImageObject\",\"inLanguage\":\"en-US\",\"@id\":\"https:\\\/\\\/www.organisator.ch\\\/#\\\/schema\\\/logo\\\/image\\\/\",\"url\":\"https:\\\/\\\/www.organisator.ch\\\/wp-content\\\/uploads\\\/2022\\\/01\\\/Logo_Organisator_Website.png\",\"contentUrl\":\"https:\\\/\\\/www.organisator.ch\\\/wp-content\\\/uploads\\\/2022\\\/01\\\/Logo_Organisator_Website.png\",\"width\":800,\"height\":77,\"caption\":\"Organisator\"},\"image\":{\"@id\":\"https:\\\/\\\/www.organisator.ch\\\/#\\\/schema\\\/logo\\\/image\\\/\"},\"sameAs\":[\"https:\\\/\\\/www.facebook.com\\\/OrganisatorFachmagazin\",\"https:\\\/\\\/www.linkedin.com\\\/showcase\\\/organisator-das-magazin-fr-kmu\",\"https:\\\/\\\/www.xing.com\\\/news\\\/pages\\\/organisator-ch-695\",\"https:\\\/\\\/www.youtube.com\\\/channel\\\/UCGP2Sq0iWaZwT3BdIAQFYpw\"]},{\"@type\":\"Person\",\"@id\":\"https:\\\/\\\/www.organisator.ch\\\/#\\\/schema\\\/person\\\/134708ca9321c57b0362cceb7948ffbd\",\"name\":\"michael.merz\",\"image\":{\"@type\":\"ImageObject\",\"inLanguage\":\"en-US\",\"@id\":\"https:\\\/\\\/secure.gravatar.com\\\/avatar\\\/?s=96&d=mm&r=g\",\"url\":\"https:\\\/\\\/secure.gravatar.com\\\/avatar\\\/?s=96&d=mm&r=g\",\"contentUrl\":\"https:\\\/\\\/secure.gravatar.com\\\/avatar\\\/?s=96&d=mm&r=g\",\"caption\":\"michael.merz\"},\"url\":\"https:\\\/\\\/www.organisator.ch\\\/en\\\/author\\\/michael-merz\\\/\"}]}<\/script>\n<!-- \/ Yoast SEO plugin. -->","yoast_head_json":{"title":"SBU and RADIX cooperate in the name of nutrition - organizer","description":"The SBU has been running a structural deficit since 2015 and is seeking operational cooperation with the RADIX Health Foundation.","robots":{"index":"index","follow":"follow","max-snippet":"max-snippet:-1","max-image-preview":"max-image-preview:large","max-video-preview":"max-video-preview:-1"},"canonical":"https:\/\/www.organisator.ch\/en\/general\/2018-08-06\/ernaehrungsgesundheitsvereine-sge-und-radix-kooperieren\/","og_locale":"en_US","og_type":"article","og_title":"SGE und RADIX kooperieren im Namen der Ern\u00e4hrung - Organisator","og_description":"Die SGE erwirtschaftet seit 2015 ein strukturelles Defizit und strebt eine operative Kooperation mit der Gesundheitsstiftung RADIX an.","og_url":"https:\/\/www.organisator.ch\/en\/general\/2018-08-06\/ernaehrungsgesundheitsvereine-sge-und-radix-kooperieren\/","og_site_name":"Organisator","article_publisher":"https:\/\/www.facebook.com\/OrganisatorFachmagazin","article_published_time":"2018-08-06T03:48:36+00:00","article_modified_time":"2024-11-07T06:18:59+00:00","og_image":[{"width":687,"height":400,"url":"https:\/\/www.organisator.ch\/wp-content\/uploads\/2018\/08\/Ernaehrungsgesundheitsvereine-SGE-und-RADIX-tun-sich-zusammen-up-umweltperspektiven.jpg","type":"image\/jpeg"}],"author":"michael.merz","twitter_card":"summary_large_image","schema":{"@context":"https:\/\/schema.org","@graph":[{"@type":"Article","@id":"https:\/\/www.organisator.ch\/allgemein\/2018-08-06\/ernaehrungsgesundheitsvereine-sge-und-radix-kooperieren\/#article","isPartOf":{"@id":"https:\/\/www.organisator.ch\/allgemein\/2018-08-06\/ernaehrungsgesundheitsvereine-sge-und-radix-kooperieren\/"},"author":{"name":"michael.merz","@id":"https:\/\/www.organisator.ch\/#\/schema\/person\/134708ca9321c57b0362cceb7948ffbd"},"headline":"SGE und RADIX kooperieren im Namen der Ern\u00e4hrung","datePublished":"2018-08-06T03:48:36+00:00","dateModified":"2024-11-07T06:18:59+00:00","mainEntityOfPage":{"@id":"https:\/\/www.organisator.ch\/allgemein\/2018-08-06\/ernaehrungsgesundheitsvereine-sge-und-radix-kooperieren\/"},"wordCount":385,"publisher":{"@id":"https:\/\/www.organisator.ch\/#organization"},"image":{"@id":"https:\/\/www.organisator.ch\/allgemein\/2018-08-06\/ernaehrungsgesundheitsvereine-sge-und-radix-kooperieren\/#primaryimage"},"thumbnailUrl":"https:\/\/www.organisator.ch\/wp-content\/uploads\/2018\/08\/Ernaehrungsgesundheitsvereine-SGE-und-RADIX-tun-sich-zusammen-up-umweltperspektiven.jpg","keywords":["Ern\u00e4hrung","Fachtagung","Kooperation","Schweiz","SGE"],"articleSection":["Allgemein"],"inLanguage":"en-US"},{"@type":"WebPage","@id":"https:\/\/www.organisator.ch\/allgemein\/2018-08-06\/ernaehrungsgesundheitsvereine-sge-und-radix-kooperieren\/","url":"https:\/\/www.organisator.ch\/allgemein\/2018-08-06\/ernaehrungsgesundheitsvereine-sge-und-radix-kooperieren\/","name":"SBU and RADIX cooperate in the name of nutrition - organizer","isPartOf":{"@id":"https:\/\/www.organisator.ch\/#website"},"primaryImageOfPage":{"@id":"https:\/\/www.organisator.ch\/allgemein\/2018-08-06\/ernaehrungsgesundheitsvereine-sge-und-radix-kooperieren\/#primaryimage"},"image":{"@id":"https:\/\/www.organisator.ch\/allgemein\/2018-08-06\/ernaehrungsgesundheitsvereine-sge-und-radix-kooperieren\/#primaryimage"},"thumbnailUrl":"https:\/\/www.organisator.ch\/wp-content\/uploads\/2018\/08\/Ernaehrungsgesundheitsvereine-SGE-und-RADIX-tun-sich-zusammen-up-umweltperspektiven.jpg","datePublished":"2018-08-06T03:48:36+00:00","dateModified":"2024-11-07T06:18:59+00:00","description":"The SBU has been running a structural deficit since 2015 and is seeking operational cooperation with the RADIX Health Foundation.","breadcrumb":{"@id":"https:\/\/www.organisator.ch\/allgemein\/2018-08-06\/ernaehrungsgesundheitsvereine-sge-und-radix-kooperieren\/#breadcrumb"},"inLanguage":"en-US","potentialAction":[{"@type":"ReadAction","target":["https:\/\/www.organisator.ch\/allgemein\/2018-08-06\/ernaehrungsgesundheitsvereine-sge-und-radix-kooperieren\/"]}]},{"@type":"ImageObject","inLanguage":"en-US","@id":"https:\/\/www.organisator.ch\/allgemein\/2018-08-06\/ernaehrungsgesundheitsvereine-sge-und-radix-kooperieren\/#primaryimage","url":"https:\/\/www.organisator.ch\/wp-content\/uploads\/2018\/08\/Ernaehrungsgesundheitsvereine-SGE-und-RADIX-tun-sich-zusammen-up-umweltperspektiven.jpg","contentUrl":"https:\/\/www.organisator.ch\/wp-content\/uploads\/2018\/08\/Ernaehrungsgesundheitsvereine-SGE-und-RADIX-tun-sich-zusammen-up-umweltperspektiven.jpg","width":687,"height":400,"caption":"Die Schweizerischen Gesellschaft f\u00fcr Ern\u00e4hrung SGE und RADIX schliesslich sich zusammen. (Bild: zVg)"},{"@type":"BreadcrumbList","@id":"https:\/\/www.organisator.ch\/allgemein\/2018-08-06\/ernaehrungsgesundheitsvereine-sge-und-radix-kooperieren\/#breadcrumb","itemListElement":[{"@type":"ListItem","position":1,"name":"Home","item":"https:\/\/www.organisator.ch\/"},{"@type":"ListItem","position":2,"name":"SGE und RADIX kooperieren im Namen der Ern\u00e4hrung"}]},{"@type":"WebSite","@id":"https:\/\/www.organisator.ch\/#website","url":"https:\/\/www.organisator.ch\/","name":"Organizer","description":"Competent. Practical. In 10 issues per year, ORGANISATOR presents the essential topics for managers of SMEs.","publisher":{"@id":"https:\/\/www.organisator.ch\/#organization"},"potentialAction":[{"@type":"SearchAction","target":{"@type":"EntryPoint","urlTemplate":"https:\/\/www.organisator.ch\/?s={search_term_string}"},"query-input":{"@type":"PropertyValueSpecification","valueRequired":true,"valueName":"search_term_string"}}],"inLanguage":"en-US"},{"@type":"Organization","@id":"https:\/\/www.organisator.ch\/#organization","name":"Organizer","url":"https:\/\/www.organisator.ch\/","logo":{"@type":"ImageObject","inLanguage":"en-US","@id":"https:\/\/www.organisator.ch\/#\/schema\/logo\/image\/","url":"https:\/\/www.organisator.ch\/wp-content\/uploads\/2022\/01\/Logo_Organisator_Website.png","contentUrl":"https:\/\/www.organisator.ch\/wp-content\/uploads\/2022\/01\/Logo_Organisator_Website.png","width":800,"height":77,"caption":"Organisator"},"image":{"@id":"https:\/\/www.organisator.ch\/#\/schema\/logo\/image\/"},"sameAs":["https:\/\/www.facebook.com\/OrganisatorFachmagazin","https:\/\/www.linkedin.com\/showcase\/organisator-das-magazin-fr-kmu","https:\/\/www.xing.com\/news\/pages\/organisator-ch-695","https:\/\/www.youtube.com\/channel\/UCGP2Sq0iWaZwT3BdIAQFYpw"]},{"@type":"Person","@id":"https:\/\/www.organisator.ch\/#\/schema\/person\/134708ca9321c57b0362cceb7948ffbd","name":"michael.merz","image":{"@type":"ImageObject","inLanguage":"en-US","@id":"https:\/\/secure.gravatar.com\/avatar\/?s=96&d=mm&r=g","url":"https:\/\/secure.gravatar.com\/avatar\/?s=96&d=mm&r=g","contentUrl":"https:\/\/secure.gravatar.com\/avatar\/?s=96&d=mm&r=g","caption":"michael.merz"},"url":"https:\/\/www.organisator.ch\/en\/author\/michael-merz\/"}]}},"_links":{"self":[{"href":"https:\/\/www.organisator.ch\/en\/wp-json\/wp\/v2\/posts\/10048","targetHints":{"allow":["GET"]}}],"collection":[{"href":"https:\/\/www.organisator.ch\/en\/wp-json\/wp\/v2\/posts"}],"about":[{"href":"https:\/\/www.organisator.ch\/en\/wp-json\/wp\/v2\/types\/post"}],"author":[{"embeddable":true,"href":"https:\/\/www.organisator.ch\/en\/wp-json\/wp\/v2\/users\/5"}],"replies":[{"embeddable":true,"href":"https:\/\/www.organisator.ch\/en\/wp-json\/wp\/v2\/comments?post=10048"}],"version-history":[{"count":2,"href":"https:\/\/www.organisator.ch\/en\/wp-json\/wp\/v2\/posts\/10048\/revisions"}],"predecessor-version":[{"id":31647,"href":"https:\/\/www.organisator.ch\/en\/wp-json\/wp\/v2\/posts\/10048\/revisions\/31647"}],"wp:featuredmedia":[{"embeddable":true,"href":"https:\/\/www.organisator.ch\/en\/wp-json\/wp\/v2\/media\/9563"}],"wp:attachment":[{"href":"https:\/\/www.organisator.ch\/en\/wp-json\/wp\/v2\/media?parent=10048"}],"wp:term":[{"taxonomy":"category","embeddable":true,"href":"https:\/\/www.organisator.ch\/en\/wp-json\/wp\/v2\/categories?post=10048"},{"taxonomy":"post_tag","embeddable":true,"href":"https:\/\/www.organisator.ch\/en\/wp-json\/wp\/v2\/tags?post=10048"}],"curies":[{"name":"wp","href":"https:\/\/api.w.org\/{rel}","templated":true}]}}