{"id":10053,"date":"2018-10-30T11:11:57","date_gmt":"2018-10-30T10:11:57","guid":{"rendered":"https:\/\/www.umweltperspektiven.ch\/?p=1889"},"modified":"2018-10-30T11:11:57","modified_gmt":"2018-10-30T10:11:57","slug":"universitaet-basel-und-eth-zuerich-buendeln-spitzenforschung-fuer-kinder-und-jugendliche-weltweit","status":"publish","type":"post","link":"https:\/\/www.organisator.ch\/en\/allgemein\/2018-10-30\/universitaet-basel-und-eth-zuerich-buendeln-spitzenforschung-fuer-kinder-und-jugendliche-weltweit\/","title":{"rendered":"University of Basel and ETH Zurich combine cutting-edge research for children and young people worldwide"},"content":{"rendered":"<div class=\"basecomponent textimage\">\n<div class=\"\">\n<div class=\"textimage\">\n<figure id=\"attachment_1890\" aria-describedby=\"caption-attachment-1890\" style=\"width: 680px\" class=\"wp-caption alignnone\"><img loading=\"lazy\" decoding=\"async\" class=\"size-medium wp-image-1890\" src=\"\/\/www.umweltperspektiven.ch\/wp-content\/uploads\/2018\/10\/Universit\u00e4t-Basel-und-ETH-Z\u00fcrich-b\u00fcndeln-Spitzenforschung-f\u00fcr-Kinder-und-Jugendliche-UP-Umweltperspektiven.jpg\" alt=\"\" width=\"680\" height=\"454\" \/><figcaption id=\"caption-attachment-1890\" class=\"wp-caption-text\">University of Basel and ETH Zurich enable cutting-edge research to help children and adolescents worldwide. (Image: depositphotos)<\/figcaption><\/figure>\n<p>The Botnar Research Centre for Child Health (BRCCH) is supported by the University of Basel and ETH Zurich. The research center's network also includes partner institutes such as the University Children's Hospital of Basel and the Swiss Tropical and Public Health Institute in Basel.<\/p>\n<p>The research center combines the competencies of the two universities in systems biology and medicine as well as in health-related fields of life sciences, engineering, social sciences and information technology. With its work, the research center aims to help prevent diseases, develop new treatment approaches, improve diagnoses and impact predictions, and promote financially viable solutions. The goal of BRCCH is to achieve concrete results: \"We want to make an impact for children and young people,\" says Andrea Schenker-Wicki, Rector of the University of Basel.<\/p>\n<h2><b>Transdisciplinary research approach<\/b><\/h2>\n<p>In BRCCH, basic researchers, clinical researchers, and scientists in the fields of implementation research, health systems, health economics, pedagogy, ethics, and law work closely together. The focus is on countries with limited resources - but the solutions developed should be applicable everywhere. This approach enables sustainable research and development with a direct benefit for the health of children and adolescents.<\/p>\n<p>In particular, BRCCH will focus on four key research areas within pediatrics: Diabetes, Infectious Diseases\/Immunology, Cardiopulmonary Diseases, and Restoration of Body Function through Regenerative Surgery. Within the research priorities, various research areas have already been defined.<\/p>\n<p>The focus is on approaches geared toward digital and mobile health solutions as well as cell-based therapies. \"Our goal is to develop groundbreaking digital solutions for the health of children and adolescents,\" says Lino Guzzella, President of ETH Zurich.<\/p>\n<h2><b>Focal investment of Fondation Botnar<\/b><\/h2>\n<p>The BRCCH is financed by a contribution from Fondation Botnar in Basel of CHF 100 million, half to the University of Basel and half to the ETH Zurich Foundation. The grant is spread over ten years. Fondation Botnar is committed to improving the health and well-being of children and young people in rapidly growing cities worldwide.<\/p>\n<p>It invests in solutions that use and promote digital innovations with a focus on artificial intelligence. \"Children and young people are important pillars of society. We want to empower them to successfully shape their lives and actively contribute to positive development. BRCCH will contribute many new solutions to this end,\" says Peter Lenz, President of the Foundation Board of Fondation Botnar.<\/p>\n<p>The commitment to BRCCH represents a priority investment for the foundation, which was established in 2003. During the introductory phase of newly developed solutions, Fondation Botnar makes its networks available to BRCCH in various cities, including Tanzania and Romania.<\/p>\n<h2><em><b>Basel location<\/b><\/em><\/h2>\n<p><em>The research center will start its operational activities in Basel at the beginning of 2019 and will be built up step by step. With its university, the Department of Biosystems Science and Engineering (D-BSSE) of ETH Zurich and many highly innovative companies in the biotech and life sciences sectors, the city is the predestined location for BRCCH.<\/em><\/p>\n<\/div>\n<\/div>\n<\/div>\n<p><a name=\"news_content_textimage_1168139157\"><\/a><\/p>\n<div class=\"basecomponent textimage\">\n<div class=\"text-box\">\n<div class=\"textimage\">\n<p>To Fondation Botnar:<\/p>\n<p>Fondation Botnar is a Swiss foundation established in 2003 and based in Basel, Switzerland, carrying on the philanthropic legacy of the Botnar family. The foundation works to improve the health and well-being of children and youth in rapidly growing cities around the world. It does so by acting as a catalyst, leveraging partner networks, and investing in solutions that leverage and promote digital innovation, including artificial intelligence in particular. Fondation Botnar is a member of the SwissFoundations umbrella organization of Swiss funding foundations.<\/p>\n<p><a href=\"\/\/www.fondationbotnar.org\">www.fondationbotnar.org<\/a><\/p>\n<\/div>\n<\/div>\n<\/div>","protected":false},"excerpt":{"rendered":"<p>Das Botnar Research Centre for Child Health (BRCCH) wird von der Universit\u00e4t Basel und der ETH Z\u00fcrich getragen. Zum Netzwerk des Forschungszentrums geh\u00f6ren zudem Partnerinstitute wie das Universit\u00e4ts Kinderspital beider Basel und das Schweizerische Tropen- und Public Health-Institut in Basel. Das Forschungszentrum b\u00fcndelt die Kompetenzen der beiden Hochschulen in Systembiologie und Medizin sowie in gesundheitsrelevanten [&hellip;]<\/p>\n","protected":false},"author":5,"featured_media":1890,"comment_status":"open","ping_status":"open","sticky":false,"template":"","format":"standard","meta":{"_acf_changed":false,"_yoast_wpseo_focuskw":"Botnar Research Centre for Child Health","_yoast_wpseo_metadesc":"Die Universit\u00e4t Basel und die ETH Z\u00fcrich haben heute gemeinsam das Botnar Research Centre for Child Health (BRCCH) in Basel gegr\u00fcndet.","articlekey":"","footnotes":""},"categories":[1],"tags":[1128,1205,242,1490,2405],"class_list":["post-10053","post","type-post","status-publish","format-standard","has-post-thumbnail","hentry","category-allgemein","tag-eth-zurich","tag-fondation","tag-gesundheit","tag-kinder","tag-universitaet-basel"],"acf":[],"yoast_head":"<!-- This site is optimized with the Yoast SEO plugin v27.4 - https:\/\/yoast.com\/product\/yoast-seo-wordpress\/ -->\n<title>Universit\u00e4t Basel und ETH Z\u00fcrich b\u00fcndeln Spitzenforschung f\u00fcr Kinder und Jugendliche weltweit - Organisator<\/title>\n<meta name=\"description\" content=\"Die Universit\u00e4t Basel und die ETH Z\u00fcrich haben heute gemeinsam das Botnar Research Centre for Child Health (BRCCH) in Basel gegr\u00fcndet.\" \/>\n<meta name=\"robots\" content=\"index, follow, max-snippet:-1, max-image-preview:large, max-video-preview:-1\" \/>\n<link rel=\"canonical\" href=\"https:\/\/www.organisator.ch\/en\/general\/2018-10-30\/universitaet-basel-und-eth-zuerich-buendeln-spitzenforschung-fuer-kinder-und-jugendliche-weltweit\/\" \/>\n<meta property=\"og:locale\" content=\"en_US\" \/>\n<meta property=\"og:type\" content=\"article\" \/>\n<meta property=\"og:title\" content=\"Universit\u00e4t Basel und ETH Z\u00fcrich b\u00fcndeln Spitzenforschung f\u00fcr Kinder und Jugendliche weltweit - Organisator\" \/>\n<meta property=\"og:description\" content=\"Die Universit\u00e4t Basel und die ETH Z\u00fcrich haben heute gemeinsam das Botnar Research Centre for Child Health (BRCCH) in Basel gegr\u00fcndet.\" \/>\n<meta property=\"og:url\" content=\"https:\/\/www.organisator.ch\/en\/general\/2018-10-30\/universitaet-basel-und-eth-zuerich-buendeln-spitzenforschung-fuer-kinder-und-jugendliche-weltweit\/\" \/>\n<meta property=\"og:site_name\" content=\"Organisator\" \/>\n<meta property=\"article:publisher\" content=\"https:\/\/www.facebook.com\/OrganisatorFachmagazin\" \/>\n<meta property=\"article:published_time\" content=\"2018-10-30T10:11:57+00:00\" \/>\n<meta property=\"og:image\" content=\"https:\/\/www.organisator.ch\/wp-content\/uploads\/2018\/10\/Universitaet-Basel-und-ETH-Zuerich-buendeln-Spitzenforschung-fuer-Kinder-und-Jugendliche-UP-Umweltperspektiven.jpg\" \/>\n\t<meta property=\"og:image:width\" content=\"1000\" \/>\n\t<meta property=\"og:image:height\" content=\"667\" \/>\n\t<meta property=\"og:image:type\" content=\"image\/jpeg\" \/>\n<meta name=\"author\" content=\"michael.merz\" \/>\n<meta name=\"twitter:card\" content=\"summary_large_image\" \/>\n<script type=\"application\/ld+json\" class=\"yoast-schema-graph\">{\"@context\":\"https:\\\/\\\/schema.org\",\"@graph\":[{\"@type\":\"Article\",\"@id\":\"https:\\\/\\\/www.organisator.ch\\\/it\\\/generale\\\/2018-10-30\\\/universitaet-basel-und-eth-zuerich-buendeln-spitzenforschung-fuer-kinder-und-jugendliche-weltweit\\\/#article\",\"isPartOf\":{\"@id\":\"https:\\\/\\\/www.organisator.ch\\\/it\\\/generale\\\/2018-10-30\\\/universitaet-basel-und-eth-zuerich-buendeln-spitzenforschung-fuer-kinder-und-jugendliche-weltweit\\\/\"},\"author\":{\"name\":\"michael.merz\",\"@id\":\"https:\\\/\\\/www.organisator.ch\\\/#\\\/schema\\\/person\\\/134708ca9321c57b0362cceb7948ffbd\"},\"headline\":\"Universit\u00e4t Basel und ETH Z\u00fcrich b\u00fcndeln Spitzenforschung f\u00fcr Kinder und Jugendliche weltweit\",\"datePublished\":\"2018-10-30T10:11:57+00:00\",\"mainEntityOfPage\":{\"@id\":\"https:\\\/\\\/www.organisator.ch\\\/it\\\/generale\\\/2018-10-30\\\/universitaet-basel-und-eth-zuerich-buendeln-spitzenforschung-fuer-kinder-und-jugendliche-weltweit\\\/\"},\"wordCount\":620,\"commentCount\":0,\"publisher\":{\"@id\":\"https:\\\/\\\/www.organisator.ch\\\/#organization\"},\"image\":{\"@id\":\"https:\\\/\\\/www.organisator.ch\\\/it\\\/generale\\\/2018-10-30\\\/universitaet-basel-und-eth-zuerich-buendeln-spitzenforschung-fuer-kinder-und-jugendliche-weltweit\\\/#primaryimage\"},\"thumbnailUrl\":\"https:\\\/\\\/www.organisator.ch\\\/wp-content\\\/uploads\\\/2018\\\/10\\\/Universitaet-Basel-und-ETH-Zuerich-buendeln-Spitzenforschung-fuer-Kinder-und-Jugendliche-UP-Umweltperspektiven.jpg\",\"keywords\":[\"ETH Zurich\",\"Fondation\",\"Gesundheit\",\"Kinder\",\"Universit\u00e4t Basel\"],\"articleSection\":[\"Allgemein\"],\"inLanguage\":\"en-US\"},{\"@type\":\"WebPage\",\"@id\":\"https:\\\/\\\/www.organisator.ch\\\/it\\\/generale\\\/2018-10-30\\\/universitaet-basel-und-eth-zuerich-buendeln-spitzenforschung-fuer-kinder-und-jugendliche-weltweit\\\/\",\"url\":\"https:\\\/\\\/www.organisator.ch\\\/it\\\/generale\\\/2018-10-30\\\/universitaet-basel-und-eth-zuerich-buendeln-spitzenforschung-fuer-kinder-und-jugendliche-weltweit\\\/\",\"name\":\"Universit\u00e4t Basel und ETH Z\u00fcrich b\u00fcndeln Spitzenforschung f\u00fcr Kinder und Jugendliche weltweit - Organisator\",\"isPartOf\":{\"@id\":\"https:\\\/\\\/www.organisator.ch\\\/#website\"},\"primaryImageOfPage\":{\"@id\":\"https:\\\/\\\/www.organisator.ch\\\/it\\\/generale\\\/2018-10-30\\\/universitaet-basel-und-eth-zuerich-buendeln-spitzenforschung-fuer-kinder-und-jugendliche-weltweit\\\/#primaryimage\"},\"image\":{\"@id\":\"https:\\\/\\\/www.organisator.ch\\\/it\\\/generale\\\/2018-10-30\\\/universitaet-basel-und-eth-zuerich-buendeln-spitzenforschung-fuer-kinder-und-jugendliche-weltweit\\\/#primaryimage\"},\"thumbnailUrl\":\"https:\\\/\\\/www.organisator.ch\\\/wp-content\\\/uploads\\\/2018\\\/10\\\/Universitaet-Basel-und-ETH-Zuerich-buendeln-Spitzenforschung-fuer-Kinder-und-Jugendliche-UP-Umweltperspektiven.jpg\",\"datePublished\":\"2018-10-30T10:11:57+00:00\",\"description\":\"Die Universit\u00e4t Basel und die ETH Z\u00fcrich haben heute gemeinsam das Botnar Research Centre for Child Health (BRCCH) in Basel gegr\u00fcndet.\",\"breadcrumb\":{\"@id\":\"https:\\\/\\\/www.organisator.ch\\\/it\\\/generale\\\/2018-10-30\\\/universitaet-basel-und-eth-zuerich-buendeln-spitzenforschung-fuer-kinder-und-jugendliche-weltweit\\\/#breadcrumb\"},\"inLanguage\":\"en-US\",\"potentialAction\":[{\"@type\":\"ReadAction\",\"target\":[\"https:\\\/\\\/www.organisator.ch\\\/it\\\/generale\\\/2018-10-30\\\/universitaet-basel-und-eth-zuerich-buendeln-spitzenforschung-fuer-kinder-und-jugendliche-weltweit\\\/\"]}]},{\"@type\":\"ImageObject\",\"inLanguage\":\"en-US\",\"@id\":\"https:\\\/\\\/www.organisator.ch\\\/it\\\/generale\\\/2018-10-30\\\/universitaet-basel-und-eth-zuerich-buendeln-spitzenforschung-fuer-kinder-und-jugendliche-weltweit\\\/#primaryimage\",\"url\":\"https:\\\/\\\/www.organisator.ch\\\/wp-content\\\/uploads\\\/2018\\\/10\\\/Universitaet-Basel-und-ETH-Zuerich-buendeln-Spitzenforschung-fuer-Kinder-und-Jugendliche-UP-Umweltperspektiven.jpg\",\"contentUrl\":\"https:\\\/\\\/www.organisator.ch\\\/wp-content\\\/uploads\\\/2018\\\/10\\\/Universitaet-Basel-und-ETH-Zuerich-buendeln-Spitzenforschung-fuer-Kinder-und-Jugendliche-UP-Umweltperspektiven.jpg\",\"width\":1000,\"height\":667,\"caption\":\"Universit\u00e4t Basel und ETH Z\u00fcrich erm\u00f6glichen Spitzenforschung, um Kindern und Jugendliche weltweit zu helfen. (Bild: depositphotos)\"},{\"@type\":\"BreadcrumbList\",\"@id\":\"https:\\\/\\\/www.organisator.ch\\\/it\\\/generale\\\/2018-10-30\\\/universitaet-basel-und-eth-zuerich-buendeln-spitzenforschung-fuer-kinder-und-jugendliche-weltweit\\\/#breadcrumb\",\"itemListElement\":[{\"@type\":\"ListItem\",\"position\":1,\"name\":\"Home\",\"item\":\"https:\\\/\\\/www.organisator.ch\\\/\"},{\"@type\":\"ListItem\",\"position\":2,\"name\":\"Universit\u00e4t Basel und ETH Z\u00fcrich b\u00fcndeln Spitzenforschung f\u00fcr Kinder und Jugendliche weltweit\"}]},{\"@type\":\"WebSite\",\"@id\":\"https:\\\/\\\/www.organisator.ch\\\/#website\",\"url\":\"https:\\\/\\\/www.organisator.ch\\\/\",\"name\":\"Organisator\",\"description\":\"Kompetent. Praxisnah. Der ORGANISATOR bereitet in 10 Ausgaben pro Jahr die wesentlichen Themen f\u00fcr F\u00fchrungskr\u00e4fte von KMU auf.\",\"publisher\":{\"@id\":\"https:\\\/\\\/www.organisator.ch\\\/#organization\"},\"potentialAction\":[{\"@type\":\"SearchAction\",\"target\":{\"@type\":\"EntryPoint\",\"urlTemplate\":\"https:\\\/\\\/www.organisator.ch\\\/?s={search_term_string}\"},\"query-input\":{\"@type\":\"PropertyValueSpecification\",\"valueRequired\":true,\"valueName\":\"search_term_string\"}}],\"inLanguage\":\"en-US\"},{\"@type\":\"Organization\",\"@id\":\"https:\\\/\\\/www.organisator.ch\\\/#organization\",\"name\":\"Organisator\",\"url\":\"https:\\\/\\\/www.organisator.ch\\\/\",\"logo\":{\"@type\":\"ImageObject\",\"inLanguage\":\"en-US\",\"@id\":\"https:\\\/\\\/www.organisator.ch\\\/#\\\/schema\\\/logo\\\/image\\\/\",\"url\":\"https:\\\/\\\/www.organisator.ch\\\/wp-content\\\/uploads\\\/2022\\\/01\\\/Logo_Organisator_Website.png\",\"contentUrl\":\"https:\\\/\\\/www.organisator.ch\\\/wp-content\\\/uploads\\\/2022\\\/01\\\/Logo_Organisator_Website.png\",\"width\":800,\"height\":77,\"caption\":\"Organisator\"},\"image\":{\"@id\":\"https:\\\/\\\/www.organisator.ch\\\/#\\\/schema\\\/logo\\\/image\\\/\"},\"sameAs\":[\"https:\\\/\\\/www.facebook.com\\\/OrganisatorFachmagazin\",\"https:\\\/\\\/www.linkedin.com\\\/showcase\\\/organisator-das-magazin-fr-kmu\",\"https:\\\/\\\/www.xing.com\\\/news\\\/pages\\\/organisator-ch-695\",\"https:\\\/\\\/www.youtube.com\\\/channel\\\/UCGP2Sq0iWaZwT3BdIAQFYpw\"]},{\"@type\":\"Person\",\"@id\":\"https:\\\/\\\/www.organisator.ch\\\/#\\\/schema\\\/person\\\/134708ca9321c57b0362cceb7948ffbd\",\"name\":\"michael.merz\",\"image\":{\"@type\":\"ImageObject\",\"inLanguage\":\"en-US\",\"@id\":\"https:\\\/\\\/secure.gravatar.com\\\/avatar\\\/?s=96&d=mm&r=g\",\"url\":\"https:\\\/\\\/secure.gravatar.com\\\/avatar\\\/?s=96&d=mm&r=g\",\"contentUrl\":\"https:\\\/\\\/secure.gravatar.com\\\/avatar\\\/?s=96&d=mm&r=g\",\"caption\":\"michael.merz\"},\"url\":\"https:\\\/\\\/www.organisator.ch\\\/en\\\/author\\\/michael-merz\\\/\"}]}<\/script>\n<!-- \/ Yoast SEO plugin. -->","yoast_head_json":{"title":"University of Basel and ETH Zurich combine top research for children and adolescents worldwide - Organizer","description":"The University of Basel and ETH Zurich today jointly established the Botnar Research Centre for Child Health (BRCCH) in Basel.","robots":{"index":"index","follow":"follow","max-snippet":"max-snippet:-1","max-image-preview":"max-image-preview:large","max-video-preview":"max-video-preview:-1"},"canonical":"https:\/\/www.organisator.ch\/en\/general\/2018-10-30\/universitaet-basel-und-eth-zuerich-buendeln-spitzenforschung-fuer-kinder-und-jugendliche-weltweit\/","og_locale":"en_US","og_type":"article","og_title":"Universit\u00e4t Basel und ETH Z\u00fcrich b\u00fcndeln Spitzenforschung f\u00fcr Kinder und Jugendliche weltweit - Organisator","og_description":"Die Universit\u00e4t Basel und die ETH Z\u00fcrich haben heute gemeinsam das Botnar Research Centre for Child Health (BRCCH) in Basel gegr\u00fcndet.","og_url":"https:\/\/www.organisator.ch\/en\/general\/2018-10-30\/universitaet-basel-und-eth-zuerich-buendeln-spitzenforschung-fuer-kinder-und-jugendliche-weltweit\/","og_site_name":"Organisator","article_publisher":"https:\/\/www.facebook.com\/OrganisatorFachmagazin","article_published_time":"2018-10-30T10:11:57+00:00","og_image":[{"width":1000,"height":667,"url":"https:\/\/www.organisator.ch\/wp-content\/uploads\/2018\/10\/Universitaet-Basel-und-ETH-Zuerich-buendeln-Spitzenforschung-fuer-Kinder-und-Jugendliche-UP-Umweltperspektiven.jpg","type":"image\/jpeg"}],"author":"michael.merz","twitter_card":"summary_large_image","schema":{"@context":"https:\/\/schema.org","@graph":[{"@type":"Article","@id":"https:\/\/www.organisator.ch\/it\/generale\/2018-10-30\/universitaet-basel-und-eth-zuerich-buendeln-spitzenforschung-fuer-kinder-und-jugendliche-weltweit\/#article","isPartOf":{"@id":"https:\/\/www.organisator.ch\/it\/generale\/2018-10-30\/universitaet-basel-und-eth-zuerich-buendeln-spitzenforschung-fuer-kinder-und-jugendliche-weltweit\/"},"author":{"name":"michael.merz","@id":"https:\/\/www.organisator.ch\/#\/schema\/person\/134708ca9321c57b0362cceb7948ffbd"},"headline":"Universit\u00e4t Basel und ETH Z\u00fcrich b\u00fcndeln Spitzenforschung f\u00fcr Kinder und Jugendliche weltweit","datePublished":"2018-10-30T10:11:57+00:00","mainEntityOfPage":{"@id":"https:\/\/www.organisator.ch\/it\/generale\/2018-10-30\/universitaet-basel-und-eth-zuerich-buendeln-spitzenforschung-fuer-kinder-und-jugendliche-weltweit\/"},"wordCount":620,"commentCount":0,"publisher":{"@id":"https:\/\/www.organisator.ch\/#organization"},"image":{"@id":"https:\/\/www.organisator.ch\/it\/generale\/2018-10-30\/universitaet-basel-und-eth-zuerich-buendeln-spitzenforschung-fuer-kinder-und-jugendliche-weltweit\/#primaryimage"},"thumbnailUrl":"https:\/\/www.organisator.ch\/wp-content\/uploads\/2018\/10\/Universitaet-Basel-und-ETH-Zuerich-buendeln-Spitzenforschung-fuer-Kinder-und-Jugendliche-UP-Umweltperspektiven.jpg","keywords":["ETH Zurich","Fondation","Gesundheit","Kinder","Universit\u00e4t Basel"],"articleSection":["Allgemein"],"inLanguage":"en-US"},{"@type":"WebPage","@id":"https:\/\/www.organisator.ch\/it\/generale\/2018-10-30\/universitaet-basel-und-eth-zuerich-buendeln-spitzenforschung-fuer-kinder-und-jugendliche-weltweit\/","url":"https:\/\/www.organisator.ch\/it\/generale\/2018-10-30\/universitaet-basel-und-eth-zuerich-buendeln-spitzenforschung-fuer-kinder-und-jugendliche-weltweit\/","name":"University of Basel and ETH Zurich combine top research for children and adolescents worldwide - Organizer","isPartOf":{"@id":"https:\/\/www.organisator.ch\/#website"},"primaryImageOfPage":{"@id":"https:\/\/www.organisator.ch\/it\/generale\/2018-10-30\/universitaet-basel-und-eth-zuerich-buendeln-spitzenforschung-fuer-kinder-und-jugendliche-weltweit\/#primaryimage"},"image":{"@id":"https:\/\/www.organisator.ch\/it\/generale\/2018-10-30\/universitaet-basel-und-eth-zuerich-buendeln-spitzenforschung-fuer-kinder-und-jugendliche-weltweit\/#primaryimage"},"thumbnailUrl":"https:\/\/www.organisator.ch\/wp-content\/uploads\/2018\/10\/Universitaet-Basel-und-ETH-Zuerich-buendeln-Spitzenforschung-fuer-Kinder-und-Jugendliche-UP-Umweltperspektiven.jpg","datePublished":"2018-10-30T10:11:57+00:00","description":"The University of Basel and ETH Zurich today jointly established the Botnar Research Centre for Child Health (BRCCH) in Basel.","breadcrumb":{"@id":"https:\/\/www.organisator.ch\/it\/generale\/2018-10-30\/universitaet-basel-und-eth-zuerich-buendeln-spitzenforschung-fuer-kinder-und-jugendliche-weltweit\/#breadcrumb"},"inLanguage":"en-US","potentialAction":[{"@type":"ReadAction","target":["https:\/\/www.organisator.ch\/it\/generale\/2018-10-30\/universitaet-basel-und-eth-zuerich-buendeln-spitzenforschung-fuer-kinder-und-jugendliche-weltweit\/"]}]},{"@type":"ImageObject","inLanguage":"en-US","@id":"https:\/\/www.organisator.ch\/it\/generale\/2018-10-30\/universitaet-basel-und-eth-zuerich-buendeln-spitzenforschung-fuer-kinder-und-jugendliche-weltweit\/#primaryimage","url":"https:\/\/www.organisator.ch\/wp-content\/uploads\/2018\/10\/Universitaet-Basel-und-ETH-Zuerich-buendeln-Spitzenforschung-fuer-Kinder-und-Jugendliche-UP-Umweltperspektiven.jpg","contentUrl":"https:\/\/www.organisator.ch\/wp-content\/uploads\/2018\/10\/Universitaet-Basel-und-ETH-Zuerich-buendeln-Spitzenforschung-fuer-Kinder-und-Jugendliche-UP-Umweltperspektiven.jpg","width":1000,"height":667,"caption":"Universit\u00e4t Basel und ETH Z\u00fcrich erm\u00f6glichen Spitzenforschung, um Kindern und Jugendliche weltweit zu helfen. (Bild: depositphotos)"},{"@type":"BreadcrumbList","@id":"https:\/\/www.organisator.ch\/it\/generale\/2018-10-30\/universitaet-basel-und-eth-zuerich-buendeln-spitzenforschung-fuer-kinder-und-jugendliche-weltweit\/#breadcrumb","itemListElement":[{"@type":"ListItem","position":1,"name":"Home","item":"https:\/\/www.organisator.ch\/"},{"@type":"ListItem","position":2,"name":"Universit\u00e4t Basel und ETH Z\u00fcrich b\u00fcndeln Spitzenforschung f\u00fcr Kinder und Jugendliche weltweit"}]},{"@type":"WebSite","@id":"https:\/\/www.organisator.ch\/#website","url":"https:\/\/www.organisator.ch\/","name":"Organizer","description":"Competent. Practical. In 10 issues per year, ORGANISATOR presents the essential topics for managers of SMEs.","publisher":{"@id":"https:\/\/www.organisator.ch\/#organization"},"potentialAction":[{"@type":"SearchAction","target":{"@type":"EntryPoint","urlTemplate":"https:\/\/www.organisator.ch\/?s={search_term_string}"},"query-input":{"@type":"PropertyValueSpecification","valueRequired":true,"valueName":"search_term_string"}}],"inLanguage":"en-US"},{"@type":"Organization","@id":"https:\/\/www.organisator.ch\/#organization","name":"Organizer","url":"https:\/\/www.organisator.ch\/","logo":{"@type":"ImageObject","inLanguage":"en-US","@id":"https:\/\/www.organisator.ch\/#\/schema\/logo\/image\/","url":"https:\/\/www.organisator.ch\/wp-content\/uploads\/2022\/01\/Logo_Organisator_Website.png","contentUrl":"https:\/\/www.organisator.ch\/wp-content\/uploads\/2022\/01\/Logo_Organisator_Website.png","width":800,"height":77,"caption":"Organisator"},"image":{"@id":"https:\/\/www.organisator.ch\/#\/schema\/logo\/image\/"},"sameAs":["https:\/\/www.facebook.com\/OrganisatorFachmagazin","https:\/\/www.linkedin.com\/showcase\/organisator-das-magazin-fr-kmu","https:\/\/www.xing.com\/news\/pages\/organisator-ch-695","https:\/\/www.youtube.com\/channel\/UCGP2Sq0iWaZwT3BdIAQFYpw"]},{"@type":"Person","@id":"https:\/\/www.organisator.ch\/#\/schema\/person\/134708ca9321c57b0362cceb7948ffbd","name":"michael.merz","image":{"@type":"ImageObject","inLanguage":"en-US","@id":"https:\/\/secure.gravatar.com\/avatar\/?s=96&d=mm&r=g","url":"https:\/\/secure.gravatar.com\/avatar\/?s=96&d=mm&r=g","contentUrl":"https:\/\/secure.gravatar.com\/avatar\/?s=96&d=mm&r=g","caption":"michael.merz"},"url":"https:\/\/www.organisator.ch\/en\/author\/michael-merz\/"}]}},"_links":{"self":[{"href":"https:\/\/www.organisator.ch\/en\/wp-json\/wp\/v2\/posts\/10053","targetHints":{"allow":["GET"]}}],"collection":[{"href":"https:\/\/www.organisator.ch\/en\/wp-json\/wp\/v2\/posts"}],"about":[{"href":"https:\/\/www.organisator.ch\/en\/wp-json\/wp\/v2\/types\/post"}],"author":[{"embeddable":true,"href":"https:\/\/www.organisator.ch\/en\/wp-json\/wp\/v2\/users\/5"}],"replies":[{"embeddable":true,"href":"https:\/\/www.organisator.ch\/en\/wp-json\/wp\/v2\/comments?post=10053"}],"version-history":[{"count":0,"href":"https:\/\/www.organisator.ch\/en\/wp-json\/wp\/v2\/posts\/10053\/revisions"}],"wp:featuredmedia":[{"embeddable":true,"href":"https:\/\/www.organisator.ch\/en\/wp-json\/wp\/v2\/media\/1890"}],"wp:attachment":[{"href":"https:\/\/www.organisator.ch\/en\/wp-json\/wp\/v2\/media?parent=10053"}],"wp:term":[{"taxonomy":"category","embeddable":true,"href":"https:\/\/www.organisator.ch\/en\/wp-json\/wp\/v2\/categories?post=10053"},{"taxonomy":"post_tag","embeddable":true,"href":"https:\/\/www.organisator.ch\/en\/wp-json\/wp\/v2\/tags?post=10053"}],"curies":[{"name":"wp","href":"https:\/\/api.w.org\/{rel}","templated":true}]}}