{"id":10056,"date":"2018-11-23T13:20:01","date_gmt":"2018-11-23T12:20:01","guid":{"rendered":"https:\/\/www.umweltperspektiven.ch\/?p=1912"},"modified":"2022-02-09T11:10:08","modified_gmt":"2022-02-09T10:10:08","slug":"eu-aktionsplan-zur-nachhaltigen-wirtschaft","status":"publish","type":"post","link":"https:\/\/www.organisator.ch\/en\/sustainability\/2018-11-23\/eu-aktionsplan-zur-nachhaltigen-wirtschaft\/","title":{"rendered":"EU Action Plan on Sustainable Economy"},"content":{"rendered":"<figure id=\"attachment_1915\" aria-describedby=\"caption-attachment-1915\" style=\"width: 680px\" class=\"wp-caption alignnone\"><img loading=\"lazy\" decoding=\"async\" class=\"size-medium wp-image-1915\" src=\"\/\/www.umweltperspektiven.ch\/wp-content\/uploads\/2018\/11\/eu-aktionsplan-up-umweltperspektiven.jpg\" alt=\"\" width=\"680\" height=\"454\" \/><figcaption id=\"caption-attachment-1915\" class=\"wp-caption-text\">Far-reaching measures, including legislative ones, are needed to implement the EU proposals. (Image: depositphotos)<\/figcaption><\/figure>\n<p>The EU action plan aims to gear the European financial sector more strongly to financing longer-term, sustainable growth. This requires far-reaching measures, including legislative ones, in terms of reporting, accounting, regulation and corporate governance.<\/p>\n<p>The action plan presented at the beginning of March 2018 is based on the final report of a high-level expert group on sustainable finance (HLEG) presented in January, whose recommendations were largely adopted.  For a few weeks now, there has been a significant increase in interest.<\/p>\n<p><strong>Proposals of the expert group <\/strong><\/p>\n<p>Far-reaching measures, including legislative ones, are needed to implement the proposals, including accounting, corporate governance, risk management and regulatory steps. In particular, the time horizon for accounting and the recognition of risks must be significantly extended in order to adequately reflect the effects of climate change and the energy transition, for example.<\/p>\n<p><strong>The action plan in brief:<\/strong><\/p>\n<p>The following is an attempt to summarize the EU Commission's plan, outlined on twenty pages, in brief and with regard to its practical implications for the banking industry:<\/p>\n<p>&nbsp;<\/p>\n<ol>\n<li><em> Classification of economic activities in terms of their contribution to sustainable development (\"taxonomy\").<\/em><\/li>\n<\/ol>\n<p>The main criteria to be applied are climate change, environmental impacts and social impacts. Initially, climate change and the energy transition will be the focus of a technical expert group<\/p>\n<p>&nbsp;<\/p>\n<ol start=\"2\">\n<li><em> Standards\/seals of approval for \"green\" financial products<\/em><\/li>\n<\/ol>\n<p>Initially, the Commission aims to standardize \"green\" bonds, so-called greenbonds. Later, other products are to be tested on the basis of the taxonomy<\/p>\n<p>&nbsp;<\/p>\n<ol start=\"3\">\n<li><em> Promotion of investments in sustainable projects<\/em><\/li>\n<\/ol>\n<p>Building advisory capacity for sustainable infrastructure projects in the EU and neighboring countries.<\/p>\n<p>&nbsp;<\/p>\n<ol start=\"4\">\n<li><em> Inclusion of sustainability in financial consulting<\/em><\/li>\n<\/ol>\n<p>Modification of the distribution directives for banks (MiFID II) and insurance companies (IDD, Insurance Distribution Delegated Acts). Note: These points were not so clearly included in the expert recommendation<\/p>\n<p>&nbsp;<\/p>\n<ol start=\"5\">\n<li><em> Quality benchmarks for sustainability<\/em><\/li>\n<\/ol>\n<p>Creation of more transparency and comparability of sustainability criteria<\/p>\n<p>&nbsp;<\/p>\n<ol start=\"6\">\n<li><em> Better integration of sustainability in ratings and market research<\/em><\/li>\n<\/ol>\n<p>Relevance for credit rating and methodology of sustainability ratings<\/p>\n<p>&nbsp;<\/p>\n<ol start=\"7\">\n<li><em> Clarification of the obligations of investors and asset managers<\/em><\/li>\n<\/ol>\n<p>The expert report clearly called for a \"fiduciary duty\" of investors for future generations. However, this is hardly anchored in constitutional law, e.g. corresponding sustainability requirements are missing in the German Basic Law<\/p>\n<p>&nbsp;<\/p>\n<ol start=\"8\">\n<li><em> Consideration of sustainability criteria in risk management and regulation<\/em><\/li>\n<\/ol>\n<p>The first step will focus primarily on climate risks and the energy transition. Specifically, this is the implementation of the proposals of the Task Force for Climate-related Financial Disclosures (TCFD) set up by the Financial Stability Board.<\/p>\n<p>&nbsp;<\/p>\n<p>Some supervisory authorities, such as the German Bundesbank, have explicitly called for this, and the Dutch central bank has already announced a stress test for climate risks at banks<\/p>\n<p>&nbsp;<\/p>\n<ol start=\"9\">\n<li><em> Expansion of reporting and accounting obligations<\/em><\/li>\n<\/ol>\n<p>Far-reaching adjustments are required here with regard to materiality in reporting and, above all, to the time horizon or reference to the future.<\/p>\n<p>&nbsp;<\/p>\n<ol start=\"10\">\n<li>Strengthening sustainability aspects in corporate management and capital market communications<\/li>\n<\/ol>\n<p>Company managements are to be obliged to formulate and publish sustainability strategies. According to the ideas of the action plan, the pressure of the capital markets to act in the short term in companies could be reduced, among other things, by holding periods and turnover limits for asset managers.<\/p>\n<p>Provided that the European Parliament follows the action plan, the measures may take effect within a few months, for example through adjustments to MiFID II (banks) and IDD (insurance sales) regulatives. It was to be expected that the EU Commission would take action in this direction, but parts of the banking industry will probably be surprised at how quickly and far-reaching the interventions can be.<\/p>\n<p><em>More details on the interpretations of the EU Action Plan can be found at <a href=\"\/\/ec.europa.eu\/info\/publications\/180308-action-plan-sustainable-growth_en\">here<\/a> (in English) or also <a href=\"\/\/www.unpri.org\/sustainable-financial-system\/explaining-the-eu-action-plan-for-financing-sustainable-growth\/3000.article\">here\u00a0<\/a><\/em><\/p>\n<p>&nbsp;<\/p>","protected":false},"excerpt":{"rendered":"<p>Der EU-Aktionsplan soll die europ\u00e4ische Finanzwirtschaft st\u00e4rker auf die Finanzierung eines l\u00e4ngerfristigen, nachhaltigen Wachstums ausrichten. Dies erfordert weitgehende, auch gesetzgeberische Massnahmen in Bezug auf Berichterstattung, Bilanzierung, Regulierung und Unternehmensf\u00fchrung. Grundlage des anfangs M\u00e4rz 2018 vorgestellten Aktionsplans ist der im Januar vorgelegte Schlussbericht einer hochrangigen Expertenkommission, der \u201eHigh-Level Expert Group on Sustainable Finance\u201c (HLEG), deren Empfehlungen [&hellip;]<\/p>\n","protected":false},"author":5,"featured_media":9574,"comment_status":"open","ping_status":"open","sticky":false,"template":"","format":"standard","meta":{"_acf_changed":false,"_yoast_wpseo_focuskw":"EU-Aktionsplan","_yoast_wpseo_metadesc":"Die EU-Kommission hat einen Aktionsplan vorgelegt. Die Grundlage f\u00fcr \u201eFinancing Sustainable Growth\u201c zeigt erste kleine Fr\u00fcchte.","articlekey":"","footnotes":""},"categories":[580],"tags":[1135,1765,2286],"class_list":["post-10056","post","type-post","status-publish","format-standard","has-post-thumbnail","hentry","category-sustainability","tag-eu-aktionsplan","tag-nachhaltige-investments","tag-taxonomie"],"acf":[],"yoast_head":"<!-- This site is optimized with the Yoast SEO plugin v27.5 - https:\/\/yoast.com\/product\/yoast-seo-wordpress\/ -->\n<title>EU-Aktionsplan zur nachhaltigen Wirtschaft - Organisator<\/title>\n<meta name=\"description\" content=\"Die EU-Kommission hat einen Aktionsplan vorgelegt. Die Grundlage f\u00fcr \u201eFinancing Sustainable Growth\u201c zeigt erste kleine Fr\u00fcchte.\" \/>\n<meta name=\"robots\" content=\"index, follow, max-snippet:-1, max-image-preview:large, max-video-preview:-1\" \/>\n<link rel=\"canonical\" href=\"https:\/\/www.organisator.ch\/en\/sustainability\/2018-11-23\/eu-aktionsplan-zur-nachhaltigen-wirtschaft\/\" \/>\n<meta property=\"og:locale\" content=\"en_US\" \/>\n<meta property=\"og:type\" content=\"article\" \/>\n<meta property=\"og:title\" content=\"EU-Aktionsplan zur nachhaltigen Wirtschaft - Organisator\" \/>\n<meta property=\"og:description\" content=\"Die EU-Kommission hat einen Aktionsplan vorgelegt. Die Grundlage f\u00fcr \u201eFinancing Sustainable Growth\u201c zeigt erste kleine Fr\u00fcchte.\" \/>\n<meta property=\"og:url\" content=\"https:\/\/www.organisator.ch\/en\/sustainability\/2018-11-23\/eu-aktionsplan-zur-nachhaltigen-wirtschaft\/\" \/>\n<meta property=\"og:site_name\" content=\"Organisator\" \/>\n<meta property=\"article:publisher\" content=\"https:\/\/www.facebook.com\/OrganisatorFachmagazin\" \/>\n<meta property=\"article:published_time\" content=\"2018-11-23T12:20:01+00:00\" \/>\n<meta property=\"article:modified_time\" content=\"2022-02-09T10:10:08+00:00\" \/>\n<meta property=\"og:image\" content=\"https:\/\/www.organisator.ch\/wp-content\/uploads\/2018\/11\/eu-aktionsplan-up-umweltperspektiven.jpg\" \/>\n\t<meta property=\"og:image:width\" content=\"1000\" \/>\n\t<meta property=\"og:image:height\" content=\"667\" \/>\n\t<meta property=\"og:image:type\" content=\"image\/jpeg\" \/>\n<meta name=\"author\" content=\"michael.merz\" \/>\n<meta name=\"twitter:card\" content=\"summary_large_image\" \/>\n<script type=\"application\/ld+json\" class=\"yoast-schema-graph\">{\"@context\":\"https:\\\/\\\/schema.org\",\"@graph\":[{\"@type\":\"Article\",\"@id\":\"https:\\\/\\\/www.organisator.ch\\\/sustainability\\\/2018-11-23\\\/eu-aktionsplan-zur-nachhaltigen-wirtschaft\\\/#article\",\"isPartOf\":{\"@id\":\"https:\\\/\\\/www.organisator.ch\\\/sustainability\\\/2018-11-23\\\/eu-aktionsplan-zur-nachhaltigen-wirtschaft\\\/\"},\"author\":{\"name\":\"michael.merz\",\"@id\":\"https:\\\/\\\/www.organisator.ch\\\/#\\\/schema\\\/person\\\/134708ca9321c57b0362cceb7948ffbd\"},\"headline\":\"EU-Aktionsplan zur nachhaltigen Wirtschaft\",\"datePublished\":\"2018-11-23T12:20:01+00:00\",\"dateModified\":\"2022-02-09T10:10:08+00:00\",\"mainEntityOfPage\":{\"@id\":\"https:\\\/\\\/www.organisator.ch\\\/sustainability\\\/2018-11-23\\\/eu-aktionsplan-zur-nachhaltigen-wirtschaft\\\/\"},\"wordCount\":616,\"commentCount\":0,\"publisher\":{\"@id\":\"https:\\\/\\\/www.organisator.ch\\\/#organization\"},\"image\":{\"@id\":\"https:\\\/\\\/www.organisator.ch\\\/sustainability\\\/2018-11-23\\\/eu-aktionsplan-zur-nachhaltigen-wirtschaft\\\/#primaryimage\"},\"thumbnailUrl\":\"https:\\\/\\\/www.organisator.ch\\\/wp-content\\\/uploads\\\/2018\\\/11\\\/eu-aktionsplan-up-umweltperspektiven.jpg\",\"keywords\":[\"EU-Aktionsplan\",\"Nachhaltige Investments\",\"Taxonomie\"],\"articleSection\":[\"SUSTAINABILITY\"],\"inLanguage\":\"en-US\"},{\"@type\":\"WebPage\",\"@id\":\"https:\\\/\\\/www.organisator.ch\\\/sustainability\\\/2018-11-23\\\/eu-aktionsplan-zur-nachhaltigen-wirtschaft\\\/\",\"url\":\"https:\\\/\\\/www.organisator.ch\\\/sustainability\\\/2018-11-23\\\/eu-aktionsplan-zur-nachhaltigen-wirtschaft\\\/\",\"name\":\"EU-Aktionsplan zur nachhaltigen Wirtschaft - Organisator\",\"isPartOf\":{\"@id\":\"https:\\\/\\\/www.organisator.ch\\\/#website\"},\"primaryImageOfPage\":{\"@id\":\"https:\\\/\\\/www.organisator.ch\\\/sustainability\\\/2018-11-23\\\/eu-aktionsplan-zur-nachhaltigen-wirtschaft\\\/#primaryimage\"},\"image\":{\"@id\":\"https:\\\/\\\/www.organisator.ch\\\/sustainability\\\/2018-11-23\\\/eu-aktionsplan-zur-nachhaltigen-wirtschaft\\\/#primaryimage\"},\"thumbnailUrl\":\"https:\\\/\\\/www.organisator.ch\\\/wp-content\\\/uploads\\\/2018\\\/11\\\/eu-aktionsplan-up-umweltperspektiven.jpg\",\"datePublished\":\"2018-11-23T12:20:01+00:00\",\"dateModified\":\"2022-02-09T10:10:08+00:00\",\"description\":\"Die EU-Kommission hat einen Aktionsplan vorgelegt. Die Grundlage f\u00fcr \u201eFinancing Sustainable Growth\u201c zeigt erste kleine Fr\u00fcchte.\",\"breadcrumb\":{\"@id\":\"https:\\\/\\\/www.organisator.ch\\\/sustainability\\\/2018-11-23\\\/eu-aktionsplan-zur-nachhaltigen-wirtschaft\\\/#breadcrumb\"},\"inLanguage\":\"en-US\",\"potentialAction\":[{\"@type\":\"ReadAction\",\"target\":[\"https:\\\/\\\/www.organisator.ch\\\/sustainability\\\/2018-11-23\\\/eu-aktionsplan-zur-nachhaltigen-wirtschaft\\\/\"]}]},{\"@type\":\"ImageObject\",\"inLanguage\":\"en-US\",\"@id\":\"https:\\\/\\\/www.organisator.ch\\\/sustainability\\\/2018-11-23\\\/eu-aktionsplan-zur-nachhaltigen-wirtschaft\\\/#primaryimage\",\"url\":\"https:\\\/\\\/www.organisator.ch\\\/wp-content\\\/uploads\\\/2018\\\/11\\\/eu-aktionsplan-up-umweltperspektiven.jpg\",\"contentUrl\":\"https:\\\/\\\/www.organisator.ch\\\/wp-content\\\/uploads\\\/2018\\\/11\\\/eu-aktionsplan-up-umweltperspektiven.jpg\",\"width\":1000,\"height\":667,\"caption\":\"Zur Umsetzung der EU-Vorschl\u00e4ge sind weitreichende, auch gesetzgeberische Massnahmen notwendig. (Bild: depositphotos)\"},{\"@type\":\"BreadcrumbList\",\"@id\":\"https:\\\/\\\/www.organisator.ch\\\/sustainability\\\/2018-11-23\\\/eu-aktionsplan-zur-nachhaltigen-wirtschaft\\\/#breadcrumb\",\"itemListElement\":[{\"@type\":\"ListItem\",\"position\":1,\"name\":\"Home\",\"item\":\"https:\\\/\\\/www.organisator.ch\\\/\"},{\"@type\":\"ListItem\",\"position\":2,\"name\":\"EU-Aktionsplan zur nachhaltigen Wirtschaft\"}]},{\"@type\":\"WebSite\",\"@id\":\"https:\\\/\\\/www.organisator.ch\\\/#website\",\"url\":\"https:\\\/\\\/www.organisator.ch\\\/\",\"name\":\"Organisator\",\"description\":\"Kompetent. Praxisnah. Der ORGANISATOR bereitet in 10 Ausgaben pro Jahr die wesentlichen Themen f\u00fcr F\u00fchrungskr\u00e4fte von KMU auf.\",\"publisher\":{\"@id\":\"https:\\\/\\\/www.organisator.ch\\\/#organization\"},\"potentialAction\":[{\"@type\":\"SearchAction\",\"target\":{\"@type\":\"EntryPoint\",\"urlTemplate\":\"https:\\\/\\\/www.organisator.ch\\\/?s={search_term_string}\"},\"query-input\":{\"@type\":\"PropertyValueSpecification\",\"valueRequired\":true,\"valueName\":\"search_term_string\"}}],\"inLanguage\":\"en-US\"},{\"@type\":\"Organization\",\"@id\":\"https:\\\/\\\/www.organisator.ch\\\/#organization\",\"name\":\"Organisator\",\"url\":\"https:\\\/\\\/www.organisator.ch\\\/\",\"logo\":{\"@type\":\"ImageObject\",\"inLanguage\":\"en-US\",\"@id\":\"https:\\\/\\\/www.organisator.ch\\\/#\\\/schema\\\/logo\\\/image\\\/\",\"url\":\"https:\\\/\\\/www.organisator.ch\\\/wp-content\\\/uploads\\\/2022\\\/01\\\/Logo_Organisator_Website.png\",\"contentUrl\":\"https:\\\/\\\/www.organisator.ch\\\/wp-content\\\/uploads\\\/2022\\\/01\\\/Logo_Organisator_Website.png\",\"width\":800,\"height\":77,\"caption\":\"Organisator\"},\"image\":{\"@id\":\"https:\\\/\\\/www.organisator.ch\\\/#\\\/schema\\\/logo\\\/image\\\/\"},\"sameAs\":[\"https:\\\/\\\/www.facebook.com\\\/OrganisatorFachmagazin\",\"https:\\\/\\\/www.linkedin.com\\\/showcase\\\/organisator-das-magazin-fr-kmu\",\"https:\\\/\\\/www.xing.com\\\/news\\\/pages\\\/organisator-ch-695\",\"https:\\\/\\\/www.youtube.com\\\/channel\\\/UCGP2Sq0iWaZwT3BdIAQFYpw\"]},{\"@type\":\"Person\",\"@id\":\"https:\\\/\\\/www.organisator.ch\\\/#\\\/schema\\\/person\\\/134708ca9321c57b0362cceb7948ffbd\",\"name\":\"michael.merz\",\"image\":{\"@type\":\"ImageObject\",\"inLanguage\":\"en-US\",\"@id\":\"https:\\\/\\\/secure.gravatar.com\\\/avatar\\\/?s=96&d=mm&r=g\",\"url\":\"https:\\\/\\\/secure.gravatar.com\\\/avatar\\\/?s=96&d=mm&r=g\",\"contentUrl\":\"https:\\\/\\\/secure.gravatar.com\\\/avatar\\\/?s=96&d=mm&r=g\",\"caption\":\"michael.merz\"},\"url\":\"https:\\\/\\\/www.organisator.ch\\\/en\\\/author\\\/michael-merz\\\/\"}]}<\/script>\n<!-- \/ Yoast SEO plugin. -->","yoast_head_json":{"title":"EU Sustainable Economy Action Plan - Organizer","description":"The EU Commission has presented an action plan. The basis for \"Financing Sustainable Growth\" is showing the first small fruits.","robots":{"index":"index","follow":"follow","max-snippet":"max-snippet:-1","max-image-preview":"max-image-preview:large","max-video-preview":"max-video-preview:-1"},"canonical":"https:\/\/www.organisator.ch\/en\/sustainability\/2018-11-23\/eu-aktionsplan-zur-nachhaltigen-wirtschaft\/","og_locale":"en_US","og_type":"article","og_title":"EU-Aktionsplan zur nachhaltigen Wirtschaft - Organisator","og_description":"Die EU-Kommission hat einen Aktionsplan vorgelegt. Die Grundlage f\u00fcr \u201eFinancing Sustainable Growth\u201c zeigt erste kleine Fr\u00fcchte.","og_url":"https:\/\/www.organisator.ch\/en\/sustainability\/2018-11-23\/eu-aktionsplan-zur-nachhaltigen-wirtschaft\/","og_site_name":"Organisator","article_publisher":"https:\/\/www.facebook.com\/OrganisatorFachmagazin","article_published_time":"2018-11-23T12:20:01+00:00","article_modified_time":"2022-02-09T10:10:08+00:00","og_image":[{"width":1000,"height":667,"url":"https:\/\/www.organisator.ch\/wp-content\/uploads\/2018\/11\/eu-aktionsplan-up-umweltperspektiven.jpg","type":"image\/jpeg"}],"author":"michael.merz","twitter_card":"summary_large_image","schema":{"@context":"https:\/\/schema.org","@graph":[{"@type":"Article","@id":"https:\/\/www.organisator.ch\/sustainability\/2018-11-23\/eu-aktionsplan-zur-nachhaltigen-wirtschaft\/#article","isPartOf":{"@id":"https:\/\/www.organisator.ch\/sustainability\/2018-11-23\/eu-aktionsplan-zur-nachhaltigen-wirtschaft\/"},"author":{"name":"michael.merz","@id":"https:\/\/www.organisator.ch\/#\/schema\/person\/134708ca9321c57b0362cceb7948ffbd"},"headline":"EU-Aktionsplan zur nachhaltigen Wirtschaft","datePublished":"2018-11-23T12:20:01+00:00","dateModified":"2022-02-09T10:10:08+00:00","mainEntityOfPage":{"@id":"https:\/\/www.organisator.ch\/sustainability\/2018-11-23\/eu-aktionsplan-zur-nachhaltigen-wirtschaft\/"},"wordCount":616,"commentCount":0,"publisher":{"@id":"https:\/\/www.organisator.ch\/#organization"},"image":{"@id":"https:\/\/www.organisator.ch\/sustainability\/2018-11-23\/eu-aktionsplan-zur-nachhaltigen-wirtschaft\/#primaryimage"},"thumbnailUrl":"https:\/\/www.organisator.ch\/wp-content\/uploads\/2018\/11\/eu-aktionsplan-up-umweltperspektiven.jpg","keywords":["EU-Aktionsplan","Nachhaltige Investments","Taxonomie"],"articleSection":["SUSTAINABILITY"],"inLanguage":"en-US"},{"@type":"WebPage","@id":"https:\/\/www.organisator.ch\/sustainability\/2018-11-23\/eu-aktionsplan-zur-nachhaltigen-wirtschaft\/","url":"https:\/\/www.organisator.ch\/sustainability\/2018-11-23\/eu-aktionsplan-zur-nachhaltigen-wirtschaft\/","name":"EU Sustainable Economy Action Plan - Organizer","isPartOf":{"@id":"https:\/\/www.organisator.ch\/#website"},"primaryImageOfPage":{"@id":"https:\/\/www.organisator.ch\/sustainability\/2018-11-23\/eu-aktionsplan-zur-nachhaltigen-wirtschaft\/#primaryimage"},"image":{"@id":"https:\/\/www.organisator.ch\/sustainability\/2018-11-23\/eu-aktionsplan-zur-nachhaltigen-wirtschaft\/#primaryimage"},"thumbnailUrl":"https:\/\/www.organisator.ch\/wp-content\/uploads\/2018\/11\/eu-aktionsplan-up-umweltperspektiven.jpg","datePublished":"2018-11-23T12:20:01+00:00","dateModified":"2022-02-09T10:10:08+00:00","description":"The EU Commission has presented an action plan. The basis for \"Financing Sustainable Growth\" is showing the first small fruits.","breadcrumb":{"@id":"https:\/\/www.organisator.ch\/sustainability\/2018-11-23\/eu-aktionsplan-zur-nachhaltigen-wirtschaft\/#breadcrumb"},"inLanguage":"en-US","potentialAction":[{"@type":"ReadAction","target":["https:\/\/www.organisator.ch\/sustainability\/2018-11-23\/eu-aktionsplan-zur-nachhaltigen-wirtschaft\/"]}]},{"@type":"ImageObject","inLanguage":"en-US","@id":"https:\/\/www.organisator.ch\/sustainability\/2018-11-23\/eu-aktionsplan-zur-nachhaltigen-wirtschaft\/#primaryimage","url":"https:\/\/www.organisator.ch\/wp-content\/uploads\/2018\/11\/eu-aktionsplan-up-umweltperspektiven.jpg","contentUrl":"https:\/\/www.organisator.ch\/wp-content\/uploads\/2018\/11\/eu-aktionsplan-up-umweltperspektiven.jpg","width":1000,"height":667,"caption":"Zur Umsetzung der EU-Vorschl\u00e4ge sind weitreichende, auch gesetzgeberische Massnahmen notwendig. (Bild: depositphotos)"},{"@type":"BreadcrumbList","@id":"https:\/\/www.organisator.ch\/sustainability\/2018-11-23\/eu-aktionsplan-zur-nachhaltigen-wirtschaft\/#breadcrumb","itemListElement":[{"@type":"ListItem","position":1,"name":"Home","item":"https:\/\/www.organisator.ch\/"},{"@type":"ListItem","position":2,"name":"EU-Aktionsplan zur nachhaltigen Wirtschaft"}]},{"@type":"WebSite","@id":"https:\/\/www.organisator.ch\/#website","url":"https:\/\/www.organisator.ch\/","name":"Organizer","description":"Competent. Practical. In 10 issues per year, ORGANISATOR presents the essential topics for managers of SMEs.","publisher":{"@id":"https:\/\/www.organisator.ch\/#organization"},"potentialAction":[{"@type":"SearchAction","target":{"@type":"EntryPoint","urlTemplate":"https:\/\/www.organisator.ch\/?s={search_term_string}"},"query-input":{"@type":"PropertyValueSpecification","valueRequired":true,"valueName":"search_term_string"}}],"inLanguage":"en-US"},{"@type":"Organization","@id":"https:\/\/www.organisator.ch\/#organization","name":"Organizer","url":"https:\/\/www.organisator.ch\/","logo":{"@type":"ImageObject","inLanguage":"en-US","@id":"https:\/\/www.organisator.ch\/#\/schema\/logo\/image\/","url":"https:\/\/www.organisator.ch\/wp-content\/uploads\/2022\/01\/Logo_Organisator_Website.png","contentUrl":"https:\/\/www.organisator.ch\/wp-content\/uploads\/2022\/01\/Logo_Organisator_Website.png","width":800,"height":77,"caption":"Organisator"},"image":{"@id":"https:\/\/www.organisator.ch\/#\/schema\/logo\/image\/"},"sameAs":["https:\/\/www.facebook.com\/OrganisatorFachmagazin","https:\/\/www.linkedin.com\/showcase\/organisator-das-magazin-fr-kmu","https:\/\/www.xing.com\/news\/pages\/organisator-ch-695","https:\/\/www.youtube.com\/channel\/UCGP2Sq0iWaZwT3BdIAQFYpw"]},{"@type":"Person","@id":"https:\/\/www.organisator.ch\/#\/schema\/person\/134708ca9321c57b0362cceb7948ffbd","name":"michael.merz","image":{"@type":"ImageObject","inLanguage":"en-US","@id":"https:\/\/secure.gravatar.com\/avatar\/?s=96&d=mm&r=g","url":"https:\/\/secure.gravatar.com\/avatar\/?s=96&d=mm&r=g","contentUrl":"https:\/\/secure.gravatar.com\/avatar\/?s=96&d=mm&r=g","caption":"michael.merz"},"url":"https:\/\/www.organisator.ch\/en\/author\/michael-merz\/"}]}},"_links":{"self":[{"href":"https:\/\/www.organisator.ch\/en\/wp-json\/wp\/v2\/posts\/10056","targetHints":{"allow":["GET"]}}],"collection":[{"href":"https:\/\/www.organisator.ch\/en\/wp-json\/wp\/v2\/posts"}],"about":[{"href":"https:\/\/www.organisator.ch\/en\/wp-json\/wp\/v2\/types\/post"}],"author":[{"embeddable":true,"href":"https:\/\/www.organisator.ch\/en\/wp-json\/wp\/v2\/users\/5"}],"replies":[{"embeddable":true,"href":"https:\/\/www.organisator.ch\/en\/wp-json\/wp\/v2\/comments?post=10056"}],"version-history":[{"count":1,"href":"https:\/\/www.organisator.ch\/en\/wp-json\/wp\/v2\/posts\/10056\/revisions"}],"predecessor-version":[{"id":10916,"href":"https:\/\/www.organisator.ch\/en\/wp-json\/wp\/v2\/posts\/10056\/revisions\/10916"}],"wp:featuredmedia":[{"embeddable":true,"href":"https:\/\/www.organisator.ch\/en\/wp-json\/wp\/v2\/media\/9574"}],"wp:attachment":[{"href":"https:\/\/www.organisator.ch\/en\/wp-json\/wp\/v2\/media?parent=10056"}],"wp:term":[{"taxonomy":"category","embeddable":true,"href":"https:\/\/www.organisator.ch\/en\/wp-json\/wp\/v2\/categories?post=10056"},{"taxonomy":"post_tag","embeddable":true,"href":"https:\/\/www.organisator.ch\/en\/wp-json\/wp\/v2\/tags?post=10056"}],"curies":[{"name":"wp","href":"https:\/\/api.w.org\/{rel}","templated":true}]}}