{"id":10057,"date":"2018-12-06T18:00:12","date_gmt":"2018-12-06T17:00:12","guid":{"rendered":"https:\/\/www.umweltperspektiven.ch\/?p=1926"},"modified":"2022-02-09T11:06:18","modified_gmt":"2022-02-09T10:06:18","slug":"neue-eu-energie-regeln","status":"publish","type":"post","link":"https:\/\/www.organisator.ch\/en\/sustainability\/2018-12-06\/neue-eu-energie-regeln\/","title":{"rendered":"New EU energy rules"},"content":{"rendered":"<figure id=\"attachment_1927\" aria-describedby=\"caption-attachment-1927\" style=\"width: 680px\" class=\"wp-caption alignnone\"><img loading=\"lazy\" decoding=\"async\" class=\"size-medium wp-image-1927\" src=\"\/\/www.umweltperspektiven.ch\/wp-content\/uploads\/2018\/12\/EU_Energie-Regeln_UP_Management-u-Qualitaet.jpg\" alt=\"\" width=\"680\" height=\"453\" \/><figcaption id=\"caption-attachment-1927\" class=\"wp-caption-text\">Every ton of renewable energy matters. (Symbol image)<\/figcaption><\/figure>\n<p>The new EU energy rules, an instrument for monitoring progress in climate and energy policy (\"governance regulation\"), require member states to submit national energy and climate plans for the period up to 2030 by the end of 2019, according to a release from the German Environment Ministry. This will develop long-term strategies for climate protection. Germany has already adopted such a long-term strategy for climate protection with its Climate Protection Plan 2050. Whether Switzerland is on the same path is written elsewhere. In any case, the EU Commission has committed itself to presenting a strategy on how Europe can achieve greenhouse gas neutrality as quickly as possible.<\/p>\n<p>The Commission presented a proposal for this on November 28.<\/p>\n<p>The recast of the Energy Efficiency Directive sets an energy savings target for 2030 of at least 32.5 percent compared with the trend. This represents an increase on the Commission's proposal, which was 30 percent. A target of 20 percent already applies for 2020. There is still a lot of untapped potential in energy efficiency.<\/p>\n<p><strong> Renewable Energies Directive<\/strong><\/p>\n<p>The new version of the Renewable Energies Directive stipulates that at least 32 percent of energy consumption (electricity, heat and transport) in the EU should come from renewable energies by 2030. The EU is well on track with the previously applicable target of 20 percent by 2020. The new 32 percent target is significantly more ambitious than the 27 percent originally proposed by the Commission. In the heating sector, member states are to increase the share of renewable energies by at least 1.1 percentage points per year.<\/p>\n<p>In the transport sector, the share of renewable energies is to rise to 14 percent by 2030. In 2016, it was around seven percent.<\/p>\n<p>The Renewable Energies Directive also specifies the extent to which biofuels can be counted. As before, the share of conventional biofuels from arable crops in total energy consumption in transport may not exceed seven percent. What is new is that member states can also stipulate a share of conventional biofuels of less than seven percent without having to compensate for this elsewhere. In line with the status quo, the German government only wants to count conventional biofuels up to a maximum share of 5.3 percent.<\/p>\n<p>The crediting of biofuels from energy crops whose cultivation contributes to the deforestation of rainforests will be frozen at the 2019 level and is to be phased out completely in the period from 2023 to 2030. This is likely to have an impact on the use of palm oil in particular. The details of this are currently being worked out.<\/p>","protected":false},"excerpt":{"rendered":"<p>Die neuen EU-Energie-Regeln, ein Instrument zur Fortschrittskontrolle in der Klima- und Energiepolitik (&#8222;Governance-Verordnung&#8220;), verpflichtet die Mitgliedstaaten, bis Ende 2019 nationale Energie- und Klimapl\u00e4ne f\u00fcr die Zeit bis 2030 vorzulegen, wie es in einer MItteilung des Deutschen Umweltministeriums heisst. Damit werden Langfriststrategien zum Klimaschutz entwickelt. Deutschland hat mit dem Klimaschutzplan 2050 bereits eine solche Langfriststrategie f\u00fcr [&hellip;]<\/p>\n","protected":false},"author":5,"featured_media":9576,"comment_status":"open","ping_status":"open","sticky":false,"template":"","format":"standard","meta":{"_acf_changed":false,"_yoast_wpseo_focuskw":"EU-Energie-Regeln","_yoast_wpseo_metadesc":"Der Rat der Europ\u00e4ischen Union hat anfangs Dezember 2018 neuen EU-Energie-Regeln f\u00fcr erneuerbare Energien und Energieeffizienz geeinigt.","articlekey":"","footnotes":""},"categories":[580],"tags":[1078,1095,1098,1132],"class_list":["post-10057","post","type-post","status-publish","format-standard","has-post-thumbnail","hentry","category-sustainability","tag-energieploan","tag-energiewende","tag-enerneuerbare-energie","tag-eu"],"acf":[],"yoast_head":"<!-- This site is optimized with the Yoast SEO plugin v27.5 - https:\/\/yoast.com\/product\/yoast-seo-wordpress\/ -->\n<title>Neue EU-Energie-Regeln - Organisator<\/title>\n<meta name=\"description\" content=\"Der Rat der Europ\u00e4ischen Union hat anfangs Dezember 2018 neuen EU-Energie-Regeln f\u00fcr erneuerbare Energien und Energieeffizienz geeinigt.\" \/>\n<meta name=\"robots\" content=\"index, follow, max-snippet:-1, max-image-preview:large, max-video-preview:-1\" \/>\n<link rel=\"canonical\" href=\"https:\/\/www.organisator.ch\/en\/sustainability\/2018-12-06\/neue-eu-energie-regeln\/\" \/>\n<meta property=\"og:locale\" content=\"en_US\" \/>\n<meta property=\"og:type\" content=\"article\" \/>\n<meta property=\"og:title\" content=\"Neue EU-Energie-Regeln - Organisator\" \/>\n<meta property=\"og:description\" content=\"Der Rat der Europ\u00e4ischen Union hat anfangs Dezember 2018 neuen EU-Energie-Regeln f\u00fcr erneuerbare Energien und Energieeffizienz geeinigt.\" \/>\n<meta property=\"og:url\" content=\"https:\/\/www.organisator.ch\/en\/sustainability\/2018-12-06\/neue-eu-energie-regeln\/\" \/>\n<meta property=\"og:site_name\" content=\"Organisator\" \/>\n<meta property=\"article:publisher\" content=\"https:\/\/www.facebook.com\/OrganisatorFachmagazin\" \/>\n<meta property=\"article:published_time\" content=\"2018-12-06T17:00:12+00:00\" \/>\n<meta property=\"article:modified_time\" content=\"2022-02-09T10:06:18+00:00\" \/>\n<meta property=\"og:image\" content=\"https:\/\/www.organisator.ch\/wp-content\/uploads\/2018\/12\/EU_Energie-Regeln_UP_Management-u-Qualitaet-scaled.jpg\" \/>\n\t<meta property=\"og:image:width\" content=\"2560\" \/>\n\t<meta property=\"og:image:height\" content=\"1707\" \/>\n\t<meta property=\"og:image:type\" content=\"image\/jpeg\" \/>\n<meta name=\"author\" content=\"michael.merz\" \/>\n<meta name=\"twitter:card\" content=\"summary_large_image\" \/>\n<script type=\"application\/ld+json\" class=\"yoast-schema-graph\">{\"@context\":\"https:\\\/\\\/schema.org\",\"@graph\":[{\"@type\":\"Article\",\"@id\":\"https:\\\/\\\/www.organisator.ch\\\/sustainability\\\/2018-12-06\\\/neue-eu-energie-regeln\\\/#article\",\"isPartOf\":{\"@id\":\"https:\\\/\\\/www.organisator.ch\\\/sustainability\\\/2018-12-06\\\/neue-eu-energie-regeln\\\/\"},\"author\":{\"name\":\"michael.merz\",\"@id\":\"https:\\\/\\\/www.organisator.ch\\\/#\\\/schema\\\/person\\\/134708ca9321c57b0362cceb7948ffbd\"},\"headline\":\"Neue EU-Energie-Regeln\",\"datePublished\":\"2018-12-06T17:00:12+00:00\",\"dateModified\":\"2022-02-09T10:06:18+00:00\",\"mainEntityOfPage\":{\"@id\":\"https:\\\/\\\/www.organisator.ch\\\/sustainability\\\/2018-12-06\\\/neue-eu-energie-regeln\\\/\"},\"wordCount\":376,\"commentCount\":0,\"publisher\":{\"@id\":\"https:\\\/\\\/www.organisator.ch\\\/#organization\"},\"image\":{\"@id\":\"https:\\\/\\\/www.organisator.ch\\\/sustainability\\\/2018-12-06\\\/neue-eu-energie-regeln\\\/#primaryimage\"},\"thumbnailUrl\":\"https:\\\/\\\/www.organisator.ch\\\/wp-content\\\/uploads\\\/2018\\\/12\\\/EU_Energie-Regeln_UP_Management-u-Qualitaet-scaled.jpg\",\"keywords\":[\"Energieploan\",\"Energiewende\",\"Enerneuerbare Energie\",\"EU\"],\"articleSection\":[\"SUSTAINABILITY\"],\"inLanguage\":\"en-US\"},{\"@type\":\"WebPage\",\"@id\":\"https:\\\/\\\/www.organisator.ch\\\/sustainability\\\/2018-12-06\\\/neue-eu-energie-regeln\\\/\",\"url\":\"https:\\\/\\\/www.organisator.ch\\\/sustainability\\\/2018-12-06\\\/neue-eu-energie-regeln\\\/\",\"name\":\"Neue EU-Energie-Regeln - Organisator\",\"isPartOf\":{\"@id\":\"https:\\\/\\\/www.organisator.ch\\\/#website\"},\"primaryImageOfPage\":{\"@id\":\"https:\\\/\\\/www.organisator.ch\\\/sustainability\\\/2018-12-06\\\/neue-eu-energie-regeln\\\/#primaryimage\"},\"image\":{\"@id\":\"https:\\\/\\\/www.organisator.ch\\\/sustainability\\\/2018-12-06\\\/neue-eu-energie-regeln\\\/#primaryimage\"},\"thumbnailUrl\":\"https:\\\/\\\/www.organisator.ch\\\/wp-content\\\/uploads\\\/2018\\\/12\\\/EU_Energie-Regeln_UP_Management-u-Qualitaet-scaled.jpg\",\"datePublished\":\"2018-12-06T17:00:12+00:00\",\"dateModified\":\"2022-02-09T10:06:18+00:00\",\"description\":\"Der Rat der Europ\u00e4ischen Union hat anfangs Dezember 2018 neuen EU-Energie-Regeln f\u00fcr erneuerbare Energien und Energieeffizienz geeinigt.\",\"breadcrumb\":{\"@id\":\"https:\\\/\\\/www.organisator.ch\\\/sustainability\\\/2018-12-06\\\/neue-eu-energie-regeln\\\/#breadcrumb\"},\"inLanguage\":\"en-US\",\"potentialAction\":[{\"@type\":\"ReadAction\",\"target\":[\"https:\\\/\\\/www.organisator.ch\\\/sustainability\\\/2018-12-06\\\/neue-eu-energie-regeln\\\/\"]}]},{\"@type\":\"ImageObject\",\"inLanguage\":\"en-US\",\"@id\":\"https:\\\/\\\/www.organisator.ch\\\/sustainability\\\/2018-12-06\\\/neue-eu-energie-regeln\\\/#primaryimage\",\"url\":\"https:\\\/\\\/www.organisator.ch\\\/wp-content\\\/uploads\\\/2018\\\/12\\\/EU_Energie-Regeln_UP_Management-u-Qualitaet-scaled.jpg\",\"contentUrl\":\"https:\\\/\\\/www.organisator.ch\\\/wp-content\\\/uploads\\\/2018\\\/12\\\/EU_Energie-Regeln_UP_Management-u-Qualitaet-scaled.jpg\",\"width\":2560,\"height\":1707,\"caption\":\"Es kommt auf jede Tonne erneuerbare Energie an. (Symbolbild)\"},{\"@type\":\"BreadcrumbList\",\"@id\":\"https:\\\/\\\/www.organisator.ch\\\/sustainability\\\/2018-12-06\\\/neue-eu-energie-regeln\\\/#breadcrumb\",\"itemListElement\":[{\"@type\":\"ListItem\",\"position\":1,\"name\":\"Home\",\"item\":\"https:\\\/\\\/www.organisator.ch\\\/\"},{\"@type\":\"ListItem\",\"position\":2,\"name\":\"Neue EU-Energie-Regeln\"}]},{\"@type\":\"WebSite\",\"@id\":\"https:\\\/\\\/www.organisator.ch\\\/#website\",\"url\":\"https:\\\/\\\/www.organisator.ch\\\/\",\"name\":\"Organisator\",\"description\":\"Kompetent. Praxisnah. Der ORGANISATOR bereitet in 10 Ausgaben pro Jahr die wesentlichen Themen f\u00fcr F\u00fchrungskr\u00e4fte von KMU auf.\",\"publisher\":{\"@id\":\"https:\\\/\\\/www.organisator.ch\\\/#organization\"},\"potentialAction\":[{\"@type\":\"SearchAction\",\"target\":{\"@type\":\"EntryPoint\",\"urlTemplate\":\"https:\\\/\\\/www.organisator.ch\\\/?s={search_term_string}\"},\"query-input\":{\"@type\":\"PropertyValueSpecification\",\"valueRequired\":true,\"valueName\":\"search_term_string\"}}],\"inLanguage\":\"en-US\"},{\"@type\":\"Organization\",\"@id\":\"https:\\\/\\\/www.organisator.ch\\\/#organization\",\"name\":\"Organisator\",\"url\":\"https:\\\/\\\/www.organisator.ch\\\/\",\"logo\":{\"@type\":\"ImageObject\",\"inLanguage\":\"en-US\",\"@id\":\"https:\\\/\\\/www.organisator.ch\\\/#\\\/schema\\\/logo\\\/image\\\/\",\"url\":\"https:\\\/\\\/www.organisator.ch\\\/wp-content\\\/uploads\\\/2022\\\/01\\\/Logo_Organisator_Website.png\",\"contentUrl\":\"https:\\\/\\\/www.organisator.ch\\\/wp-content\\\/uploads\\\/2022\\\/01\\\/Logo_Organisator_Website.png\",\"width\":800,\"height\":77,\"caption\":\"Organisator\"},\"image\":{\"@id\":\"https:\\\/\\\/www.organisator.ch\\\/#\\\/schema\\\/logo\\\/image\\\/\"},\"sameAs\":[\"https:\\\/\\\/www.facebook.com\\\/OrganisatorFachmagazin\",\"https:\\\/\\\/www.linkedin.com\\\/showcase\\\/organisator-das-magazin-fr-kmu\",\"https:\\\/\\\/www.xing.com\\\/news\\\/pages\\\/organisator-ch-695\",\"https:\\\/\\\/www.youtube.com\\\/channel\\\/UCGP2Sq0iWaZwT3BdIAQFYpw\"]},{\"@type\":\"Person\",\"@id\":\"https:\\\/\\\/www.organisator.ch\\\/#\\\/schema\\\/person\\\/134708ca9321c57b0362cceb7948ffbd\",\"name\":\"michael.merz\",\"image\":{\"@type\":\"ImageObject\",\"inLanguage\":\"en-US\",\"@id\":\"https:\\\/\\\/secure.gravatar.com\\\/avatar\\\/?s=96&d=mm&r=g\",\"url\":\"https:\\\/\\\/secure.gravatar.com\\\/avatar\\\/?s=96&d=mm&r=g\",\"contentUrl\":\"https:\\\/\\\/secure.gravatar.com\\\/avatar\\\/?s=96&d=mm&r=g\",\"caption\":\"michael.merz\"},\"url\":\"https:\\\/\\\/www.organisator.ch\\\/en\\\/author\\\/michael-merz\\\/\"}]}<\/script>\n<!-- \/ Yoast SEO plugin. -->","yoast_head_json":{"title":"New EU energy rules - Organizer","description":"At the beginning of December 2018, the Council of the European Union agreed on new EU energy rules for renewable energies and energy efficiency.","robots":{"index":"index","follow":"follow","max-snippet":"max-snippet:-1","max-image-preview":"max-image-preview:large","max-video-preview":"max-video-preview:-1"},"canonical":"https:\/\/www.organisator.ch\/en\/sustainability\/2018-12-06\/neue-eu-energie-regeln\/","og_locale":"en_US","og_type":"article","og_title":"Neue EU-Energie-Regeln - Organisator","og_description":"Der Rat der Europ\u00e4ischen Union hat anfangs Dezember 2018 neuen EU-Energie-Regeln f\u00fcr erneuerbare Energien und Energieeffizienz geeinigt.","og_url":"https:\/\/www.organisator.ch\/en\/sustainability\/2018-12-06\/neue-eu-energie-regeln\/","og_site_name":"Organisator","article_publisher":"https:\/\/www.facebook.com\/OrganisatorFachmagazin","article_published_time":"2018-12-06T17:00:12+00:00","article_modified_time":"2022-02-09T10:06:18+00:00","og_image":[{"width":2560,"height":1707,"url":"https:\/\/www.organisator.ch\/wp-content\/uploads\/2018\/12\/EU_Energie-Regeln_UP_Management-u-Qualitaet-scaled.jpg","type":"image\/jpeg"}],"author":"michael.merz","twitter_card":"summary_large_image","schema":{"@context":"https:\/\/schema.org","@graph":[{"@type":"Article","@id":"https:\/\/www.organisator.ch\/sustainability\/2018-12-06\/neue-eu-energie-regeln\/#article","isPartOf":{"@id":"https:\/\/www.organisator.ch\/sustainability\/2018-12-06\/neue-eu-energie-regeln\/"},"author":{"name":"michael.merz","@id":"https:\/\/www.organisator.ch\/#\/schema\/person\/134708ca9321c57b0362cceb7948ffbd"},"headline":"Neue EU-Energie-Regeln","datePublished":"2018-12-06T17:00:12+00:00","dateModified":"2022-02-09T10:06:18+00:00","mainEntityOfPage":{"@id":"https:\/\/www.organisator.ch\/sustainability\/2018-12-06\/neue-eu-energie-regeln\/"},"wordCount":376,"commentCount":0,"publisher":{"@id":"https:\/\/www.organisator.ch\/#organization"},"image":{"@id":"https:\/\/www.organisator.ch\/sustainability\/2018-12-06\/neue-eu-energie-regeln\/#primaryimage"},"thumbnailUrl":"https:\/\/www.organisator.ch\/wp-content\/uploads\/2018\/12\/EU_Energie-Regeln_UP_Management-u-Qualitaet-scaled.jpg","keywords":["Energieploan","Energiewende","Enerneuerbare Energie","EU"],"articleSection":["SUSTAINABILITY"],"inLanguage":"en-US"},{"@type":"WebPage","@id":"https:\/\/www.organisator.ch\/sustainability\/2018-12-06\/neue-eu-energie-regeln\/","url":"https:\/\/www.organisator.ch\/sustainability\/2018-12-06\/neue-eu-energie-regeln\/","name":"New EU energy rules - Organizer","isPartOf":{"@id":"https:\/\/www.organisator.ch\/#website"},"primaryImageOfPage":{"@id":"https:\/\/www.organisator.ch\/sustainability\/2018-12-06\/neue-eu-energie-regeln\/#primaryimage"},"image":{"@id":"https:\/\/www.organisator.ch\/sustainability\/2018-12-06\/neue-eu-energie-regeln\/#primaryimage"},"thumbnailUrl":"https:\/\/www.organisator.ch\/wp-content\/uploads\/2018\/12\/EU_Energie-Regeln_UP_Management-u-Qualitaet-scaled.jpg","datePublished":"2018-12-06T17:00:12+00:00","dateModified":"2022-02-09T10:06:18+00:00","description":"At the beginning of December 2018, the Council of the European Union agreed on new EU energy rules for renewable energies and energy efficiency.","breadcrumb":{"@id":"https:\/\/www.organisator.ch\/sustainability\/2018-12-06\/neue-eu-energie-regeln\/#breadcrumb"},"inLanguage":"en-US","potentialAction":[{"@type":"ReadAction","target":["https:\/\/www.organisator.ch\/sustainability\/2018-12-06\/neue-eu-energie-regeln\/"]}]},{"@type":"ImageObject","inLanguage":"en-US","@id":"https:\/\/www.organisator.ch\/sustainability\/2018-12-06\/neue-eu-energie-regeln\/#primaryimage","url":"https:\/\/www.organisator.ch\/wp-content\/uploads\/2018\/12\/EU_Energie-Regeln_UP_Management-u-Qualitaet-scaled.jpg","contentUrl":"https:\/\/www.organisator.ch\/wp-content\/uploads\/2018\/12\/EU_Energie-Regeln_UP_Management-u-Qualitaet-scaled.jpg","width":2560,"height":1707,"caption":"Es kommt auf jede Tonne erneuerbare Energie an. (Symbolbild)"},{"@type":"BreadcrumbList","@id":"https:\/\/www.organisator.ch\/sustainability\/2018-12-06\/neue-eu-energie-regeln\/#breadcrumb","itemListElement":[{"@type":"ListItem","position":1,"name":"Home","item":"https:\/\/www.organisator.ch\/"},{"@type":"ListItem","position":2,"name":"Neue EU-Energie-Regeln"}]},{"@type":"WebSite","@id":"https:\/\/www.organisator.ch\/#website","url":"https:\/\/www.organisator.ch\/","name":"Organizer","description":"Competent. Practical. In 10 issues per year, ORGANISATOR presents the essential topics for managers of SMEs.","publisher":{"@id":"https:\/\/www.organisator.ch\/#organization"},"potentialAction":[{"@type":"SearchAction","target":{"@type":"EntryPoint","urlTemplate":"https:\/\/www.organisator.ch\/?s={search_term_string}"},"query-input":{"@type":"PropertyValueSpecification","valueRequired":true,"valueName":"search_term_string"}}],"inLanguage":"en-US"},{"@type":"Organization","@id":"https:\/\/www.organisator.ch\/#organization","name":"Organizer","url":"https:\/\/www.organisator.ch\/","logo":{"@type":"ImageObject","inLanguage":"en-US","@id":"https:\/\/www.organisator.ch\/#\/schema\/logo\/image\/","url":"https:\/\/www.organisator.ch\/wp-content\/uploads\/2022\/01\/Logo_Organisator_Website.png","contentUrl":"https:\/\/www.organisator.ch\/wp-content\/uploads\/2022\/01\/Logo_Organisator_Website.png","width":800,"height":77,"caption":"Organisator"},"image":{"@id":"https:\/\/www.organisator.ch\/#\/schema\/logo\/image\/"},"sameAs":["https:\/\/www.facebook.com\/OrganisatorFachmagazin","https:\/\/www.linkedin.com\/showcase\/organisator-das-magazin-fr-kmu","https:\/\/www.xing.com\/news\/pages\/organisator-ch-695","https:\/\/www.youtube.com\/channel\/UCGP2Sq0iWaZwT3BdIAQFYpw"]},{"@type":"Person","@id":"https:\/\/www.organisator.ch\/#\/schema\/person\/134708ca9321c57b0362cceb7948ffbd","name":"michael.merz","image":{"@type":"ImageObject","inLanguage":"en-US","@id":"https:\/\/secure.gravatar.com\/avatar\/?s=96&d=mm&r=g","url":"https:\/\/secure.gravatar.com\/avatar\/?s=96&d=mm&r=g","contentUrl":"https:\/\/secure.gravatar.com\/avatar\/?s=96&d=mm&r=g","caption":"michael.merz"},"url":"https:\/\/www.organisator.ch\/en\/author\/michael-merz\/"}]}},"_links":{"self":[{"href":"https:\/\/www.organisator.ch\/en\/wp-json\/wp\/v2\/posts\/10057","targetHints":{"allow":["GET"]}}],"collection":[{"href":"https:\/\/www.organisator.ch\/en\/wp-json\/wp\/v2\/posts"}],"about":[{"href":"https:\/\/www.organisator.ch\/en\/wp-json\/wp\/v2\/types\/post"}],"author":[{"embeddable":true,"href":"https:\/\/www.organisator.ch\/en\/wp-json\/wp\/v2\/users\/5"}],"replies":[{"embeddable":true,"href":"https:\/\/www.organisator.ch\/en\/wp-json\/wp\/v2\/comments?post=10057"}],"version-history":[{"count":1,"href":"https:\/\/www.organisator.ch\/en\/wp-json\/wp\/v2\/posts\/10057\/revisions"}],"predecessor-version":[{"id":10563,"href":"https:\/\/www.organisator.ch\/en\/wp-json\/wp\/v2\/posts\/10057\/revisions\/10563"}],"wp:featuredmedia":[{"embeddable":true,"href":"https:\/\/www.organisator.ch\/en\/wp-json\/wp\/v2\/media\/9576"}],"wp:attachment":[{"href":"https:\/\/www.organisator.ch\/en\/wp-json\/wp\/v2\/media?parent=10057"}],"wp:term":[{"taxonomy":"category","embeddable":true,"href":"https:\/\/www.organisator.ch\/en\/wp-json\/wp\/v2\/categories?post=10057"},{"taxonomy":"post_tag","embeddable":true,"href":"https:\/\/www.organisator.ch\/en\/wp-json\/wp\/v2\/tags?post=10057"}],"curies":[{"name":"wp","href":"https:\/\/api.w.org\/{rel}","templated":true}]}}