{"id":10060,"date":"2019-01-16T15:08:28","date_gmt":"2019-01-16T14:08:28","guid":{"rendered":"https:\/\/www.umweltperspektiven.ch\/?p=1946"},"modified":"2019-01-16T15:08:28","modified_gmt":"2019-01-16T14:08:28","slug":"universitaet-basel-erhaelt-watt-dor","status":"publish","type":"post","link":"https:\/\/www.organisator.ch\/en\/allgemein\/2019-01-16\/universitaet-basel-erhaelt-watt-dor\/","title":{"rendered":"University of Basel receives Watt d'Or"},"content":{"rendered":"<div class=\"rte\">\n<figure id=\"attachment_1948\" aria-describedby=\"caption-attachment-1948\" style=\"width: 680px\" class=\"wp-caption alignnone\"><img loading=\"lazy\" decoding=\"async\" class=\"wp-image-1948 size-medium\" src=\"\/\/www.umweltperspektiven.ch\/wp-content\/uploads\/2019\/01\/watt-dor-2019_BFE_1000x500.jpg\" alt=\"\" width=\"680\" height=\"340\" srcset=\"https:\/\/www.organisator.ch\/wp-content\/uploads\/2019\/01\/watt-dor-2019_BFE_1000x500.jpg 1000w, https:\/\/www.organisator.ch\/wp-content\/uploads\/2019\/01\/watt-dor-2019_BFE_1000x500-680x340.jpg 680w, https:\/\/www.organisator.ch\/wp-content\/uploads\/2019\/01\/watt-dor-2019_BFE_1000x500-768x384.jpg 768w, https:\/\/www.organisator.ch\/wp-content\/uploads\/2019\/01\/watt-dor-2019_BFE_1000x500-18x9.jpg 18w, https:\/\/www.organisator.ch\/wp-content\/uploads\/2019\/01\/watt-dor-2019_BFE_1000x500-350x175.jpg 350w, https:\/\/www.organisator.ch\/wp-content\/uploads\/2019\/01\/watt-dor-2019_BFE_1000x500-700x350.jpg 700w, https:\/\/www.organisator.ch\/wp-content\/uploads\/2019\/01\/watt-dor-2019_BFE_1000x500-920x460.jpg 920w, https:\/\/www.organisator.ch\/wp-content\/uploads\/2019\/01\/watt-dor-2019_BFE_1000x500-300x150.jpg 300w\" sizes=\"auto, (max-width: 680px) 100vw, 680px\" \/><figcaption id=\"caption-attachment-1948\" class=\"wp-caption-text\">A team from the University of Basel and BLS will be awarded the Watt d'Or 2019 for reducing energy consumption in rail transport. In front on the right, the initiator, physicist Prof. Dr. Peter Oelhafen. (Image: Swiss Federal Office of Energy SFOE)<\/figcaption><\/figure>\n<p>The Watt d'Or trophy was presented to the winners by Council of States member Pascale Bruderer on January 10 in Bern. Prof. Dr. Peter Oelhafen, Professor Emeritus of Experimental Physics at the University of Basel, was able to accept the prize together with representatives of the railroad company BLS in the category \"Energy Efficient Mobility\".<\/p>\n<p>Oelhafen had proposed to BLS AG to measure the energy consumption in rail vehicles in detail in order to gain a solid basis for savings. For the measurement campaign, one of the BLS trains was equipped with sensors and electricity meters to measure the consumption of all subsystems.<\/p>\n<p>The results showed: Only slightly more than half of the total annual energy consumed by a \"Nina\" type train is used for actual driving. One third is used for heating, ventilation and cooling. Around another third is consumed when the train is stationary, as many systems continue to run.<\/p>\n<p>&nbsp;<\/p>\n<\/div>\n<p><iframe loading=\"lazy\" title=\"Watt d&#039;Or 2019: Step by step towards greater energy efficiency\" width=\"768\" height=\"432\" src=\"https:\/\/www.youtube.com\/embed\/38U4lnVrb84?feature=oembed\" frameborder=\"0\" allow=\"accelerometer; autoplay; clipboard-write; encrypted-media; gyroscope; picture-in-picture\" allowfullscreen><\/iframe><\/p>\n<p><strong>Annual consumption of 3000 households saved<\/strong><\/p>\n<div class=\"rte\">\n<p>The impressive measurement results have led to a comprehensive modernization of 36 S-Bahn trains. This included the introduction of a snooze mode, the modernization of energy technology, and the installation of new types of lighting and new window panes.<\/p>\n<p>With this and other efficiency measures in the other rail vehicle fleets, BLS is saving around 13 million kilowatt hours of electricity a year, equivalent to the annual consumption of over 3,000 households. Other transport companies and many partners from research and industry are involved in sub-projects of the energy-saving program initiated by Peter Oelhafen.<\/p>\n<\/div>\n<p><a href=\"\/\/www.unibas.ch\">www.unibas.ch<\/a><\/p>","protected":false},"excerpt":{"rendered":"<p>Die Watt d\u2019Or-Troph\u00e4e wurde den Gewinnerinnen und Gewinnern von St\u00e4nder\u00e4tin Pascale Bruderer am 10. Januar in Bern \u00fcberreicht. Prof. Dr. Peter Oelhafen, emeritierter Professor f\u00fcr experimentelle Physik an der Universit\u00e4t Basel, konnte den Preis zusammen mit Vertretern des Bahnunternehmens BLS in der Kategorie \u00abEnergieeffizente Mobilit\u00e4t\u00bb entgegennehmen. Oelhafen hatte der BLS AG vorgeschlagen, den Energieverbrauch in [&hellip;]<\/p>\n","protected":false},"author":5,"featured_media":1948,"comment_status":"open","ping_status":"open","sticky":false,"template":"","format":"standard","meta":{"_acf_changed":false,"_yoast_wpseo_focuskw":"Watt d'Or","_yoast_wpseo_metadesc":"Zu den diesj\u00e4hrigen Gewinnern des Energiepreises Watt d'Or geh\u00f6ren das Bahnunternehmen BLS und die Universit\u00e4t Basel mit einem Energieteilprojekt.","articlekey":"","footnotes":""},"categories":[1],"tags":[1081,354,1943,2408],"class_list":["post-10060","post","type-post","status-publish","format-standard","has-post-thumbnail","hentry","category-allgemein","tag-energieprojekt","tag-mobilitaet","tag-preis","tag-universtitaet-basel"],"acf":[],"yoast_head":"<!-- This site is optimized with the Yoast SEO plugin v27.4 - https:\/\/yoast.com\/product\/yoast-seo-wordpress\/ -->\n<title>Universit\u00e4t Basel erh\u00e4lt Watt d&#039;Or - Organisator<\/title>\n<meta name=\"description\" content=\"Zu den diesj\u00e4hrigen Gewinnern des Energiepreises Watt d&#039;Or geh\u00f6ren das Bahnunternehmen BLS und die Universit\u00e4t Basel mit einem Energieteilprojekt.\" \/>\n<meta name=\"robots\" content=\"index, follow, max-snippet:-1, max-image-preview:large, max-video-preview:-1\" \/>\n<link rel=\"canonical\" href=\"https:\/\/www.organisator.ch\/en\/general\/2019-01-16\/universitaet-basel-erhaelt-watt-dor\/\" \/>\n<meta property=\"og:locale\" content=\"en_US\" \/>\n<meta property=\"og:type\" content=\"article\" \/>\n<meta property=\"og:title\" content=\"Universit\u00e4t Basel erh\u00e4lt Watt d&#039;Or - Organisator\" \/>\n<meta property=\"og:description\" content=\"Zu den diesj\u00e4hrigen Gewinnern des Energiepreises Watt d&#039;Or geh\u00f6ren das Bahnunternehmen BLS und die Universit\u00e4t Basel mit einem Energieteilprojekt.\" \/>\n<meta property=\"og:url\" content=\"https:\/\/www.organisator.ch\/en\/general\/2019-01-16\/universitaet-basel-erhaelt-watt-dor\/\" \/>\n<meta property=\"og:site_name\" content=\"Organisator\" \/>\n<meta property=\"article:publisher\" content=\"https:\/\/www.facebook.com\/OrganisatorFachmagazin\" \/>\n<meta property=\"article:published_time\" content=\"2019-01-16T14:08:28+00:00\" \/>\n<meta property=\"og:image\" content=\"https:\/\/www.organisator.ch\/wp-content\/uploads\/2019\/01\/watt-dor-2019_BFE_1000x500.jpg\" \/>\n\t<meta property=\"og:image:width\" content=\"1000\" \/>\n\t<meta property=\"og:image:height\" content=\"500\" \/>\n\t<meta property=\"og:image:type\" content=\"image\/jpeg\" \/>\n<meta name=\"author\" content=\"michael.merz\" \/>\n<meta name=\"twitter:card\" content=\"summary_large_image\" \/>\n<script type=\"application\/ld+json\" class=\"yoast-schema-graph\">{\"@context\":\"https:\\\/\\\/schema.org\",\"@graph\":[{\"@type\":\"Article\",\"@id\":\"https:\\\/\\\/www.organisator.ch\\\/en\\\/general\\\/2019-01-16\\\/universitaet-basel-erhaelt-watt-dor\\\/#article\",\"isPartOf\":{\"@id\":\"https:\\\/\\\/www.organisator.ch\\\/en\\\/general\\\/2019-01-16\\\/universitaet-basel-erhaelt-watt-dor\\\/\"},\"author\":{\"name\":\"michael.merz\",\"@id\":\"https:\\\/\\\/www.organisator.ch\\\/#\\\/schema\\\/person\\\/134708ca9321c57b0362cceb7948ffbd\"},\"headline\":\"Universit\u00e4t Basel erh\u00e4lt Watt d&#8217;Or\",\"datePublished\":\"2019-01-16T14:08:28+00:00\",\"mainEntityOfPage\":{\"@id\":\"https:\\\/\\\/www.organisator.ch\\\/en\\\/general\\\/2019-01-16\\\/universitaet-basel-erhaelt-watt-dor\\\/\"},\"wordCount\":303,\"commentCount\":0,\"publisher\":{\"@id\":\"https:\\\/\\\/www.organisator.ch\\\/#organization\"},\"image\":{\"@id\":\"https:\\\/\\\/www.organisator.ch\\\/en\\\/general\\\/2019-01-16\\\/universitaet-basel-erhaelt-watt-dor\\\/#primaryimage\"},\"thumbnailUrl\":\"https:\\\/\\\/www.organisator.ch\\\/wp-content\\\/uploads\\\/2019\\\/01\\\/watt-dor-2019_BFE_1000x500.jpg\",\"keywords\":[\"Energieprojekt\",\"Mobilit\u00e4t\",\"Preis\",\"Universtit\u00e4t Basel\"],\"articleSection\":[\"Allgemein\"],\"inLanguage\":\"en-US\"},{\"@type\":\"WebPage\",\"@id\":\"https:\\\/\\\/www.organisator.ch\\\/en\\\/general\\\/2019-01-16\\\/universitaet-basel-erhaelt-watt-dor\\\/\",\"url\":\"https:\\\/\\\/www.organisator.ch\\\/en\\\/general\\\/2019-01-16\\\/universitaet-basel-erhaelt-watt-dor\\\/\",\"name\":\"Universit\u00e4t Basel erh\u00e4lt Watt d'Or - Organisator\",\"isPartOf\":{\"@id\":\"https:\\\/\\\/www.organisator.ch\\\/#website\"},\"primaryImageOfPage\":{\"@id\":\"https:\\\/\\\/www.organisator.ch\\\/en\\\/general\\\/2019-01-16\\\/universitaet-basel-erhaelt-watt-dor\\\/#primaryimage\"},\"image\":{\"@id\":\"https:\\\/\\\/www.organisator.ch\\\/en\\\/general\\\/2019-01-16\\\/universitaet-basel-erhaelt-watt-dor\\\/#primaryimage\"},\"thumbnailUrl\":\"https:\\\/\\\/www.organisator.ch\\\/wp-content\\\/uploads\\\/2019\\\/01\\\/watt-dor-2019_BFE_1000x500.jpg\",\"datePublished\":\"2019-01-16T14:08:28+00:00\",\"description\":\"Zu den diesj\u00e4hrigen Gewinnern des Energiepreises Watt d'Or geh\u00f6ren das Bahnunternehmen BLS und die Universit\u00e4t Basel mit einem Energieteilprojekt.\",\"breadcrumb\":{\"@id\":\"https:\\\/\\\/www.organisator.ch\\\/en\\\/general\\\/2019-01-16\\\/universitaet-basel-erhaelt-watt-dor\\\/#breadcrumb\"},\"inLanguage\":\"en-US\",\"potentialAction\":[{\"@type\":\"ReadAction\",\"target\":[\"https:\\\/\\\/www.organisator.ch\\\/en\\\/general\\\/2019-01-16\\\/universitaet-basel-erhaelt-watt-dor\\\/\"]}]},{\"@type\":\"ImageObject\",\"inLanguage\":\"en-US\",\"@id\":\"https:\\\/\\\/www.organisator.ch\\\/en\\\/general\\\/2019-01-16\\\/universitaet-basel-erhaelt-watt-dor\\\/#primaryimage\",\"url\":\"https:\\\/\\\/www.organisator.ch\\\/wp-content\\\/uploads\\\/2019\\\/01\\\/watt-dor-2019_BFE_1000x500.jpg\",\"contentUrl\":\"https:\\\/\\\/www.organisator.ch\\\/wp-content\\\/uploads\\\/2019\\\/01\\\/watt-dor-2019_BFE_1000x500.jpg\",\"width\":1000,\"height\":500,\"caption\":\"(Bild: Universit\u00e4t Basel)\"},{\"@type\":\"BreadcrumbList\",\"@id\":\"https:\\\/\\\/www.organisator.ch\\\/en\\\/general\\\/2019-01-16\\\/universitaet-basel-erhaelt-watt-dor\\\/#breadcrumb\",\"itemListElement\":[{\"@type\":\"ListItem\",\"position\":1,\"name\":\"Home\",\"item\":\"https:\\\/\\\/www.organisator.ch\\\/\"},{\"@type\":\"ListItem\",\"position\":2,\"name\":\"Universit\u00e4t Basel erh\u00e4lt Watt d&#8217;Or\"}]},{\"@type\":\"WebSite\",\"@id\":\"https:\\\/\\\/www.organisator.ch\\\/#website\",\"url\":\"https:\\\/\\\/www.organisator.ch\\\/\",\"name\":\"Organisator\",\"description\":\"Kompetent. Praxisnah. Der ORGANISATOR bereitet in 10 Ausgaben pro Jahr die wesentlichen Themen f\u00fcr F\u00fchrungskr\u00e4fte von KMU auf.\",\"publisher\":{\"@id\":\"https:\\\/\\\/www.organisator.ch\\\/#organization\"},\"potentialAction\":[{\"@type\":\"SearchAction\",\"target\":{\"@type\":\"EntryPoint\",\"urlTemplate\":\"https:\\\/\\\/www.organisator.ch\\\/?s={search_term_string}\"},\"query-input\":{\"@type\":\"PropertyValueSpecification\",\"valueRequired\":true,\"valueName\":\"search_term_string\"}}],\"inLanguage\":\"en-US\"},{\"@type\":\"Organization\",\"@id\":\"https:\\\/\\\/www.organisator.ch\\\/#organization\",\"name\":\"Organisator\",\"url\":\"https:\\\/\\\/www.organisator.ch\\\/\",\"logo\":{\"@type\":\"ImageObject\",\"inLanguage\":\"en-US\",\"@id\":\"https:\\\/\\\/www.organisator.ch\\\/#\\\/schema\\\/logo\\\/image\\\/\",\"url\":\"https:\\\/\\\/www.organisator.ch\\\/wp-content\\\/uploads\\\/2022\\\/01\\\/Logo_Organisator_Website.png\",\"contentUrl\":\"https:\\\/\\\/www.organisator.ch\\\/wp-content\\\/uploads\\\/2022\\\/01\\\/Logo_Organisator_Website.png\",\"width\":800,\"height\":77,\"caption\":\"Organisator\"},\"image\":{\"@id\":\"https:\\\/\\\/www.organisator.ch\\\/#\\\/schema\\\/logo\\\/image\\\/\"},\"sameAs\":[\"https:\\\/\\\/www.facebook.com\\\/OrganisatorFachmagazin\",\"https:\\\/\\\/www.linkedin.com\\\/showcase\\\/organisator-das-magazin-fr-kmu\",\"https:\\\/\\\/www.xing.com\\\/news\\\/pages\\\/organisator-ch-695\",\"https:\\\/\\\/www.youtube.com\\\/channel\\\/UCGP2Sq0iWaZwT3BdIAQFYpw\"]},{\"@type\":\"Person\",\"@id\":\"https:\\\/\\\/www.organisator.ch\\\/#\\\/schema\\\/person\\\/134708ca9321c57b0362cceb7948ffbd\",\"name\":\"michael.merz\",\"image\":{\"@type\":\"ImageObject\",\"inLanguage\":\"en-US\",\"@id\":\"https:\\\/\\\/secure.gravatar.com\\\/avatar\\\/?s=96&d=mm&r=g\",\"url\":\"https:\\\/\\\/secure.gravatar.com\\\/avatar\\\/?s=96&d=mm&r=g\",\"contentUrl\":\"https:\\\/\\\/secure.gravatar.com\\\/avatar\\\/?s=96&d=mm&r=g\",\"caption\":\"michael.merz\"},\"url\":\"https:\\\/\\\/www.organisator.ch\\\/en\\\/author\\\/michael-merz\\\/\"}]}<\/script>\n<!-- \/ Yoast SEO plugin. -->","yoast_head_json":{"title":"University of Basel receives Watt d'Or - organizer","description":"This year's winners of the Watt d'Or energy prize include the railroad company BLS and the University of Basel with an energy sub-project.","robots":{"index":"index","follow":"follow","max-snippet":"max-snippet:-1","max-image-preview":"max-image-preview:large","max-video-preview":"max-video-preview:-1"},"canonical":"https:\/\/www.organisator.ch\/en\/general\/2019-01-16\/universitaet-basel-erhaelt-watt-dor\/","og_locale":"en_US","og_type":"article","og_title":"Universit\u00e4t Basel erh\u00e4lt Watt d'Or - Organisator","og_description":"Zu den diesj\u00e4hrigen Gewinnern des Energiepreises Watt d'Or geh\u00f6ren das Bahnunternehmen BLS und die Universit\u00e4t Basel mit einem Energieteilprojekt.","og_url":"https:\/\/www.organisator.ch\/en\/general\/2019-01-16\/universitaet-basel-erhaelt-watt-dor\/","og_site_name":"Organisator","article_publisher":"https:\/\/www.facebook.com\/OrganisatorFachmagazin","article_published_time":"2019-01-16T14:08:28+00:00","og_image":[{"width":1000,"height":500,"url":"https:\/\/www.organisator.ch\/wp-content\/uploads\/2019\/01\/watt-dor-2019_BFE_1000x500.jpg","type":"image\/jpeg"}],"author":"michael.merz","twitter_card":"summary_large_image","schema":{"@context":"https:\/\/schema.org","@graph":[{"@type":"Article","@id":"https:\/\/www.organisator.ch\/en\/general\/2019-01-16\/universitaet-basel-erhaelt-watt-dor\/#article","isPartOf":{"@id":"https:\/\/www.organisator.ch\/en\/general\/2019-01-16\/universitaet-basel-erhaelt-watt-dor\/"},"author":{"name":"michael.merz","@id":"https:\/\/www.organisator.ch\/#\/schema\/person\/134708ca9321c57b0362cceb7948ffbd"},"headline":"Universit\u00e4t Basel erh\u00e4lt Watt d&#8217;Or","datePublished":"2019-01-16T14:08:28+00:00","mainEntityOfPage":{"@id":"https:\/\/www.organisator.ch\/en\/general\/2019-01-16\/universitaet-basel-erhaelt-watt-dor\/"},"wordCount":303,"commentCount":0,"publisher":{"@id":"https:\/\/www.organisator.ch\/#organization"},"image":{"@id":"https:\/\/www.organisator.ch\/en\/general\/2019-01-16\/universitaet-basel-erhaelt-watt-dor\/#primaryimage"},"thumbnailUrl":"https:\/\/www.organisator.ch\/wp-content\/uploads\/2019\/01\/watt-dor-2019_BFE_1000x500.jpg","keywords":["Energieprojekt","Mobilit\u00e4t","Preis","Universtit\u00e4t Basel"],"articleSection":["Allgemein"],"inLanguage":"en-US"},{"@type":"WebPage","@id":"https:\/\/www.organisator.ch\/en\/general\/2019-01-16\/universitaet-basel-erhaelt-watt-dor\/","url":"https:\/\/www.organisator.ch\/en\/general\/2019-01-16\/universitaet-basel-erhaelt-watt-dor\/","name":"University of Basel receives Watt d'Or - organizer","isPartOf":{"@id":"https:\/\/www.organisator.ch\/#website"},"primaryImageOfPage":{"@id":"https:\/\/www.organisator.ch\/en\/general\/2019-01-16\/universitaet-basel-erhaelt-watt-dor\/#primaryimage"},"image":{"@id":"https:\/\/www.organisator.ch\/en\/general\/2019-01-16\/universitaet-basel-erhaelt-watt-dor\/#primaryimage"},"thumbnailUrl":"https:\/\/www.organisator.ch\/wp-content\/uploads\/2019\/01\/watt-dor-2019_BFE_1000x500.jpg","datePublished":"2019-01-16T14:08:28+00:00","description":"This year's winners of the Watt d'Or energy prize include the railroad company BLS and the University of Basel with an energy sub-project.","breadcrumb":{"@id":"https:\/\/www.organisator.ch\/en\/general\/2019-01-16\/universitaet-basel-erhaelt-watt-dor\/#breadcrumb"},"inLanguage":"en-US","potentialAction":[{"@type":"ReadAction","target":["https:\/\/www.organisator.ch\/en\/general\/2019-01-16\/universitaet-basel-erhaelt-watt-dor\/"]}]},{"@type":"ImageObject","inLanguage":"en-US","@id":"https:\/\/www.organisator.ch\/en\/general\/2019-01-16\/universitaet-basel-erhaelt-watt-dor\/#primaryimage","url":"https:\/\/www.organisator.ch\/wp-content\/uploads\/2019\/01\/watt-dor-2019_BFE_1000x500.jpg","contentUrl":"https:\/\/www.organisator.ch\/wp-content\/uploads\/2019\/01\/watt-dor-2019_BFE_1000x500.jpg","width":1000,"height":500,"caption":"(Bild: Universit\u00e4t Basel)"},{"@type":"BreadcrumbList","@id":"https:\/\/www.organisator.ch\/en\/general\/2019-01-16\/universitaet-basel-erhaelt-watt-dor\/#breadcrumb","itemListElement":[{"@type":"ListItem","position":1,"name":"Home","item":"https:\/\/www.organisator.ch\/"},{"@type":"ListItem","position":2,"name":"Universit\u00e4t Basel erh\u00e4lt Watt d&#8217;Or"}]},{"@type":"WebSite","@id":"https:\/\/www.organisator.ch\/#website","url":"https:\/\/www.organisator.ch\/","name":"Organizer","description":"Competent. Practical. In 10 issues per year, ORGANISATOR presents the essential topics for managers of SMEs.","publisher":{"@id":"https:\/\/www.organisator.ch\/#organization"},"potentialAction":[{"@type":"SearchAction","target":{"@type":"EntryPoint","urlTemplate":"https:\/\/www.organisator.ch\/?s={search_term_string}"},"query-input":{"@type":"PropertyValueSpecification","valueRequired":true,"valueName":"search_term_string"}}],"inLanguage":"en-US"},{"@type":"Organization","@id":"https:\/\/www.organisator.ch\/#organization","name":"Organizer","url":"https:\/\/www.organisator.ch\/","logo":{"@type":"ImageObject","inLanguage":"en-US","@id":"https:\/\/www.organisator.ch\/#\/schema\/logo\/image\/","url":"https:\/\/www.organisator.ch\/wp-content\/uploads\/2022\/01\/Logo_Organisator_Website.png","contentUrl":"https:\/\/www.organisator.ch\/wp-content\/uploads\/2022\/01\/Logo_Organisator_Website.png","width":800,"height":77,"caption":"Organisator"},"image":{"@id":"https:\/\/www.organisator.ch\/#\/schema\/logo\/image\/"},"sameAs":["https:\/\/www.facebook.com\/OrganisatorFachmagazin","https:\/\/www.linkedin.com\/showcase\/organisator-das-magazin-fr-kmu","https:\/\/www.xing.com\/news\/pages\/organisator-ch-695","https:\/\/www.youtube.com\/channel\/UCGP2Sq0iWaZwT3BdIAQFYpw"]},{"@type":"Person","@id":"https:\/\/www.organisator.ch\/#\/schema\/person\/134708ca9321c57b0362cceb7948ffbd","name":"michael.merz","image":{"@type":"ImageObject","inLanguage":"en-US","@id":"https:\/\/secure.gravatar.com\/avatar\/?s=96&d=mm&r=g","url":"https:\/\/secure.gravatar.com\/avatar\/?s=96&d=mm&r=g","contentUrl":"https:\/\/secure.gravatar.com\/avatar\/?s=96&d=mm&r=g","caption":"michael.merz"},"url":"https:\/\/www.organisator.ch\/en\/author\/michael-merz\/"}]}},"_links":{"self":[{"href":"https:\/\/www.organisator.ch\/en\/wp-json\/wp\/v2\/posts\/10060","targetHints":{"allow":["GET"]}}],"collection":[{"href":"https:\/\/www.organisator.ch\/en\/wp-json\/wp\/v2\/posts"}],"about":[{"href":"https:\/\/www.organisator.ch\/en\/wp-json\/wp\/v2\/types\/post"}],"author":[{"embeddable":true,"href":"https:\/\/www.organisator.ch\/en\/wp-json\/wp\/v2\/users\/5"}],"replies":[{"embeddable":true,"href":"https:\/\/www.organisator.ch\/en\/wp-json\/wp\/v2\/comments?post=10060"}],"version-history":[{"count":0,"href":"https:\/\/www.organisator.ch\/en\/wp-json\/wp\/v2\/posts\/10060\/revisions"}],"wp:featuredmedia":[{"embeddable":true,"href":"https:\/\/www.organisator.ch\/en\/wp-json\/wp\/v2\/media\/1948"}],"wp:attachment":[{"href":"https:\/\/www.organisator.ch\/en\/wp-json\/wp\/v2\/media?parent=10060"}],"wp:term":[{"taxonomy":"category","embeddable":true,"href":"https:\/\/www.organisator.ch\/en\/wp-json\/wp\/v2\/categories?post=10060"},{"taxonomy":"post_tag","embeddable":true,"href":"https:\/\/www.organisator.ch\/en\/wp-json\/wp\/v2\/tags?post=10060"}],"curies":[{"name":"wp","href":"https:\/\/api.w.org\/{rel}","templated":true}]}}