{"id":10061,"date":"2019-01-22T15:57:02","date_gmt":"2019-01-22T14:57:02","guid":{"rendered":"https:\/\/www.umweltperspektiven.ch\/?p=1954"},"modified":"2022-02-09T11:10:08","modified_gmt":"2022-02-09T10:10:08","slug":"sustainserv-analyse-zum-umgang-der-schweizer-unternehmen-mit-den-sdgs","status":"publish","type":"post","link":"https:\/\/www.organisator.ch\/en\/sustainability\/2019-01-22\/sustainserv-analyse-zum-umgang-der-schweizer-unternehmen-mit-den-sdgs\/","title":{"rendered":"Sustainserv: Analysis of Swiss companies' approach to the SDGs"},"content":{"rendered":"<figure id=\"attachment_1955\" aria-describedby=\"caption-attachment-1955\" style=\"width: 680px\" class=\"wp-caption alignnone\"><img loading=\"lazy\" decoding=\"async\" class=\"size-medium wp-image-1955\" src=\"\/\/www.umweltperspektiven.ch\/wp-content\/uploads\/2019\/01\/Sustainnerv-Analyse-zum-Umgang-der-Schweizer-Unternehmen-mit-den-SDGs-UP_Umweltperspektiven.jpg\" alt=\"\" width=\"680\" height=\"439\" \/><figcaption id=\"caption-attachment-1955\" class=\"wp-caption-text\">A new analysis shows that at the moment there is still a big gap between good intentions and actual embedding of the SDGs in corporate practice. (Image: Unsplash)<\/figcaption><\/figure>\n<p>Sustainserv examines how the Sustainable Development Goals - SDGs for short - are implemented in Swiss companies? Sustainserv answers this core question and other questions in its analysis of how Swiss companies deal with the SDGs. The result: Most companies are only just beginning to take the goals into account.<\/p>\n<p><strong>Scoring system for evaluation<\/strong><\/p>\n<p>To evaluate the companies' approaches, the consulting firm developed a scoring system that, on the one hand, allows companies to be compared regardless of size and industry, and, on the other hand, relates their approaches to what they consider to be the ideal - \"best practice\" - approach.<\/p>\n<p>The analysis shows that at the moment there is still a discrepancy between good intentions and actual embedding of the SDGs in corporate practice. Much remains to be done to ensure that Swiss companies contribute to the achievement of the Sustainable Development Goals: Only 30% of all assessed Swiss companies and 37% of companies reporting on sustainability address the SDGs.<\/p>\n<p>The 58 Swiss companies that are visibly engaged with the SDGs also achieved on average only 40% of the maximum achievable score (9.2 out of 23 points). The companies are most active in prioritizing the SDGs relevant in their context. At the moment, the least developed are still company-specific goals on the SDGs, and the corresponding track record.<\/p>\n<p>The SDGs most frequently prioritized by Swiss companies are:<\/p>\n<ul>\n<li>SDG 3: Good health care<\/li>\n<li>SDG 8: Good jobs and economic growth<\/li>\n<li>SDG 9: Innovation and infrastructure<\/li>\n<li>SDG 12: Responsible consumption<\/li>\n<li>SDG 13: Climate protection measures<\/li>\n<\/ul>\n<p><em> This and other items reflect the intensity of engagement with the SDGs, type of corporate objective and quality of reporting on the SDGs. The detailed investigations of the present study can be found at <a href=\"\/\/www.sustainserv.com\/images\/pdf\/Sustainserv_Swiss-Companies-Approach-to-SDGs.pdf\">here (English Text)<\/a> study<\/em><\/p>\n<p><a href=\"\/\/www.sustainserv.com\/\">www.sustainserv.com<\/a><\/p>\n<p>&nbsp;<\/p>\n<p>&nbsp;<\/p>","protected":false},"excerpt":{"rendered":"<p>Sustainserv setzt sich damit auseinander, wie die Sustainable Development Goals \u2013 kurz SDGs \u2013 in Schweizer Unternehmen umgesetzt werden? Dieser Kernfrage sowie weiteren Fragen begr\u00fcndet Sustainserv im Rahmen ihrer Analyse zum Umgang der Schweizer Unternehmen mit den SDGs. Das Ergebnis: Die meisten Unternehmen stehen bei der Ber\u00fccksichtigung der Ziele erst am Anfang. Scoring System f\u00fcr [&hellip;]<\/p>\n","protected":false},"author":5,"featured_media":9579,"comment_status":"open","ping_status":"open","sticky":false,"template":"","format":"standard","meta":{"_acf_changed":false,"_yoast_wpseo_focuskw":"Sustainserv","_yoast_wpseo_metadesc":"Sustainserv analysiert \u00f6ffentlich berichteten Ans\u00e4tze von 196 Schweizer Unternehmen hinsichtlich Engagement f\u00fcr die Sustainable Development Goals (SDGs).","articlekey":"","footnotes":""},"categories":[580],"tags":[2098,2231,2246,2274],"class_list":["post-10061","post","type-post","status-publish","format-standard","has-post-thumbnail","hentry","category-sustainability","tag-sdg","tag-study","tag-sustainability","tag-switzerland"],"acf":[],"yoast_head":"<!-- This site is optimized with the Yoast SEO plugin v27.5 - https:\/\/yoast.com\/product\/yoast-seo-wordpress\/ -->\n<title>Sustainserv: Analyse zum Umgang der Schweizer Unternehmen mit den SDGs - Organisator<\/title>\n<meta name=\"description\" content=\"Sustainserv analysiert \u00f6ffentlich berichteten Ans\u00e4tze von 196 Schweizer Unternehmen hinsichtlich Engagement f\u00fcr die Sustainable Development Goals (SDGs).\" \/>\n<meta name=\"robots\" content=\"index, follow, max-snippet:-1, max-image-preview:large, max-video-preview:-1\" \/>\n<link rel=\"canonical\" href=\"https:\/\/www.organisator.ch\/en\/sustainability\/2019-01-22\/sustainserv-analyse-zum-umgang-der-schweizer-unternehmen-mit-den-sdgs\/\" \/>\n<meta property=\"og:locale\" content=\"en_US\" \/>\n<meta property=\"og:type\" content=\"article\" \/>\n<meta property=\"og:title\" content=\"Sustainserv: Analyse zum Umgang der Schweizer Unternehmen mit den SDGs - Organisator\" \/>\n<meta property=\"og:description\" content=\"Sustainserv analysiert \u00f6ffentlich berichteten Ans\u00e4tze von 196 Schweizer Unternehmen hinsichtlich Engagement f\u00fcr die Sustainable Development Goals (SDGs).\" \/>\n<meta property=\"og:url\" content=\"https:\/\/www.organisator.ch\/en\/sustainability\/2019-01-22\/sustainserv-analyse-zum-umgang-der-schweizer-unternehmen-mit-den-sdgs\/\" \/>\n<meta property=\"og:site_name\" content=\"Organisator\" \/>\n<meta property=\"article:publisher\" content=\"https:\/\/www.facebook.com\/OrganisatorFachmagazin\" \/>\n<meta property=\"article:published_time\" content=\"2019-01-22T14:57:02+00:00\" \/>\n<meta property=\"article:modified_time\" content=\"2022-02-09T10:10:08+00:00\" \/>\n<meta property=\"og:image\" content=\"https:\/\/www.organisator.ch\/wp-content\/uploads\/2019\/01\/Sustainnerv-Analyse-zum-Umgang-der-Schweizer-Unternehmen-mit-den-SDGs-UP_Umweltperspektiven-scaled.jpg\" \/>\n\t<meta property=\"og:image:width\" content=\"2560\" \/>\n\t<meta property=\"og:image:height\" content=\"1652\" \/>\n\t<meta property=\"og:image:type\" content=\"image\/jpeg\" \/>\n<meta name=\"author\" content=\"michael.merz\" \/>\n<meta name=\"twitter:card\" content=\"summary_large_image\" \/>\n<script type=\"application\/ld+json\" class=\"yoast-schema-graph\">{\"@context\":\"https:\\\/\\\/schema.org\",\"@graph\":[{\"@type\":\"Article\",\"@id\":\"https:\\\/\\\/www.organisator.ch\\\/sustainability\\\/2019-01-22\\\/sustainserv-analyse-zum-umgang-der-schweizer-unternehmen-mit-den-sdgs\\\/#article\",\"isPartOf\":{\"@id\":\"https:\\\/\\\/www.organisator.ch\\\/sustainability\\\/2019-01-22\\\/sustainserv-analyse-zum-umgang-der-schweizer-unternehmen-mit-den-sdgs\\\/\"},\"author\":{\"name\":\"michael.merz\",\"@id\":\"https:\\\/\\\/www.organisator.ch\\\/#\\\/schema\\\/person\\\/134708ca9321c57b0362cceb7948ffbd\"},\"headline\":\"Sustainserv: Analyse zum Umgang der Schweizer Unternehmen mit den SDGs\",\"datePublished\":\"2019-01-22T14:57:02+00:00\",\"dateModified\":\"2022-02-09T10:10:08+00:00\",\"mainEntityOfPage\":{\"@id\":\"https:\\\/\\\/www.organisator.ch\\\/sustainability\\\/2019-01-22\\\/sustainserv-analyse-zum-umgang-der-schweizer-unternehmen-mit-den-sdgs\\\/\"},\"wordCount\":326,\"commentCount\":0,\"publisher\":{\"@id\":\"https:\\\/\\\/www.organisator.ch\\\/#organization\"},\"image\":{\"@id\":\"https:\\\/\\\/www.organisator.ch\\\/sustainability\\\/2019-01-22\\\/sustainserv-analyse-zum-umgang-der-schweizer-unternehmen-mit-den-sdgs\\\/#primaryimage\"},\"thumbnailUrl\":\"https:\\\/\\\/www.organisator.ch\\\/wp-content\\\/uploads\\\/2019\\\/01\\\/Sustainnerv-Analyse-zum-Umgang-der-Schweizer-Unternehmen-mit-den-SDGs-UP_Umweltperspektiven-scaled.jpg\",\"keywords\":[\"SDG\",\"Study\",\"Sustainability\",\"Switzerland\"],\"articleSection\":[\"SUSTAINABILITY\"],\"inLanguage\":\"en-US\"},{\"@type\":\"WebPage\",\"@id\":\"https:\\\/\\\/www.organisator.ch\\\/sustainability\\\/2019-01-22\\\/sustainserv-analyse-zum-umgang-der-schweizer-unternehmen-mit-den-sdgs\\\/\",\"url\":\"https:\\\/\\\/www.organisator.ch\\\/sustainability\\\/2019-01-22\\\/sustainserv-analyse-zum-umgang-der-schweizer-unternehmen-mit-den-sdgs\\\/\",\"name\":\"Sustainserv: Analyse zum Umgang der Schweizer Unternehmen mit den SDGs - Organisator\",\"isPartOf\":{\"@id\":\"https:\\\/\\\/www.organisator.ch\\\/#website\"},\"primaryImageOfPage\":{\"@id\":\"https:\\\/\\\/www.organisator.ch\\\/sustainability\\\/2019-01-22\\\/sustainserv-analyse-zum-umgang-der-schweizer-unternehmen-mit-den-sdgs\\\/#primaryimage\"},\"image\":{\"@id\":\"https:\\\/\\\/www.organisator.ch\\\/sustainability\\\/2019-01-22\\\/sustainserv-analyse-zum-umgang-der-schweizer-unternehmen-mit-den-sdgs\\\/#primaryimage\"},\"thumbnailUrl\":\"https:\\\/\\\/www.organisator.ch\\\/wp-content\\\/uploads\\\/2019\\\/01\\\/Sustainnerv-Analyse-zum-Umgang-der-Schweizer-Unternehmen-mit-den-SDGs-UP_Umweltperspektiven-scaled.jpg\",\"datePublished\":\"2019-01-22T14:57:02+00:00\",\"dateModified\":\"2022-02-09T10:10:08+00:00\",\"description\":\"Sustainserv analysiert \u00f6ffentlich berichteten Ans\u00e4tze von 196 Schweizer Unternehmen hinsichtlich Engagement f\u00fcr die Sustainable Development Goals (SDGs).\",\"breadcrumb\":{\"@id\":\"https:\\\/\\\/www.organisator.ch\\\/sustainability\\\/2019-01-22\\\/sustainserv-analyse-zum-umgang-der-schweizer-unternehmen-mit-den-sdgs\\\/#breadcrumb\"},\"inLanguage\":\"en-US\",\"potentialAction\":[{\"@type\":\"ReadAction\",\"target\":[\"https:\\\/\\\/www.organisator.ch\\\/sustainability\\\/2019-01-22\\\/sustainserv-analyse-zum-umgang-der-schweizer-unternehmen-mit-den-sdgs\\\/\"]}]},{\"@type\":\"ImageObject\",\"inLanguage\":\"en-US\",\"@id\":\"https:\\\/\\\/www.organisator.ch\\\/sustainability\\\/2019-01-22\\\/sustainserv-analyse-zum-umgang-der-schweizer-unternehmen-mit-den-sdgs\\\/#primaryimage\",\"url\":\"https:\\\/\\\/www.organisator.ch\\\/wp-content\\\/uploads\\\/2019\\\/01\\\/Sustainnerv-Analyse-zum-Umgang-der-Schweizer-Unternehmen-mit-den-SDGs-UP_Umweltperspektiven-scaled.jpg\",\"contentUrl\":\"https:\\\/\\\/www.organisator.ch\\\/wp-content\\\/uploads\\\/2019\\\/01\\\/Sustainnerv-Analyse-zum-Umgang-der-Schweizer-Unternehmen-mit-den-SDGs-UP_Umweltperspektiven-scaled.jpg\",\"width\":2560,\"height\":1652,\"caption\":\"Eine neue Analyse zeigt, dass es im Moment noch eine grosse Diskrepanz zwischen guten Absichten und tats\u00e4chlicher Einbettung der SDGs in die Unternehmenspraxis gibt. (Bild: Unsplash)\"},{\"@type\":\"BreadcrumbList\",\"@id\":\"https:\\\/\\\/www.organisator.ch\\\/sustainability\\\/2019-01-22\\\/sustainserv-analyse-zum-umgang-der-schweizer-unternehmen-mit-den-sdgs\\\/#breadcrumb\",\"itemListElement\":[{\"@type\":\"ListItem\",\"position\":1,\"name\":\"Home\",\"item\":\"https:\\\/\\\/www.organisator.ch\\\/\"},{\"@type\":\"ListItem\",\"position\":2,\"name\":\"Sustainserv: Analyse zum Umgang der Schweizer Unternehmen mit den SDGs\"}]},{\"@type\":\"WebSite\",\"@id\":\"https:\\\/\\\/www.organisator.ch\\\/#website\",\"url\":\"https:\\\/\\\/www.organisator.ch\\\/\",\"name\":\"Organisator\",\"description\":\"Kompetent. Praxisnah. Der ORGANISATOR bereitet in 10 Ausgaben pro Jahr die wesentlichen Themen f\u00fcr F\u00fchrungskr\u00e4fte von KMU auf.\",\"publisher\":{\"@id\":\"https:\\\/\\\/www.organisator.ch\\\/#organization\"},\"potentialAction\":[{\"@type\":\"SearchAction\",\"target\":{\"@type\":\"EntryPoint\",\"urlTemplate\":\"https:\\\/\\\/www.organisator.ch\\\/?s={search_term_string}\"},\"query-input\":{\"@type\":\"PropertyValueSpecification\",\"valueRequired\":true,\"valueName\":\"search_term_string\"}}],\"inLanguage\":\"en-US\"},{\"@type\":\"Organization\",\"@id\":\"https:\\\/\\\/www.organisator.ch\\\/#organization\",\"name\":\"Organisator\",\"url\":\"https:\\\/\\\/www.organisator.ch\\\/\",\"logo\":{\"@type\":\"ImageObject\",\"inLanguage\":\"en-US\",\"@id\":\"https:\\\/\\\/www.organisator.ch\\\/#\\\/schema\\\/logo\\\/image\\\/\",\"url\":\"https:\\\/\\\/www.organisator.ch\\\/wp-content\\\/uploads\\\/2022\\\/01\\\/Logo_Organisator_Website.png\",\"contentUrl\":\"https:\\\/\\\/www.organisator.ch\\\/wp-content\\\/uploads\\\/2022\\\/01\\\/Logo_Organisator_Website.png\",\"width\":800,\"height\":77,\"caption\":\"Organisator\"},\"image\":{\"@id\":\"https:\\\/\\\/www.organisator.ch\\\/#\\\/schema\\\/logo\\\/image\\\/\"},\"sameAs\":[\"https:\\\/\\\/www.facebook.com\\\/OrganisatorFachmagazin\",\"https:\\\/\\\/www.linkedin.com\\\/showcase\\\/organisator-das-magazin-fr-kmu\",\"https:\\\/\\\/www.xing.com\\\/news\\\/pages\\\/organisator-ch-695\",\"https:\\\/\\\/www.youtube.com\\\/channel\\\/UCGP2Sq0iWaZwT3BdIAQFYpw\"]},{\"@type\":\"Person\",\"@id\":\"https:\\\/\\\/www.organisator.ch\\\/#\\\/schema\\\/person\\\/134708ca9321c57b0362cceb7948ffbd\",\"name\":\"michael.merz\",\"image\":{\"@type\":\"ImageObject\",\"inLanguage\":\"en-US\",\"@id\":\"https:\\\/\\\/secure.gravatar.com\\\/avatar\\\/?s=96&d=mm&r=g\",\"url\":\"https:\\\/\\\/secure.gravatar.com\\\/avatar\\\/?s=96&d=mm&r=g\",\"contentUrl\":\"https:\\\/\\\/secure.gravatar.com\\\/avatar\\\/?s=96&d=mm&r=g\",\"caption\":\"michael.merz\"},\"url\":\"https:\\\/\\\/www.organisator.ch\\\/en\\\/author\\\/michael-merz\\\/\"}]}<\/script>\n<!-- \/ Yoast SEO plugin. -->","yoast_head_json":{"title":"Sustainserv: Analysis of Swiss companies' approach to the SDGs - Organizer","description":"Sustainserv analyzes publicly reported approaches of 196 Swiss companies regarding commitment to the Sustainable Development Goals (SDGs).","robots":{"index":"index","follow":"follow","max-snippet":"max-snippet:-1","max-image-preview":"max-image-preview:large","max-video-preview":"max-video-preview:-1"},"canonical":"https:\/\/www.organisator.ch\/en\/sustainability\/2019-01-22\/sustainserv-analyse-zum-umgang-der-schweizer-unternehmen-mit-den-sdgs\/","og_locale":"en_US","og_type":"article","og_title":"Sustainserv: Analyse zum Umgang der Schweizer Unternehmen mit den SDGs - Organisator","og_description":"Sustainserv analysiert \u00f6ffentlich berichteten Ans\u00e4tze von 196 Schweizer Unternehmen hinsichtlich Engagement f\u00fcr die Sustainable Development Goals (SDGs).","og_url":"https:\/\/www.organisator.ch\/en\/sustainability\/2019-01-22\/sustainserv-analyse-zum-umgang-der-schweizer-unternehmen-mit-den-sdgs\/","og_site_name":"Organisator","article_publisher":"https:\/\/www.facebook.com\/OrganisatorFachmagazin","article_published_time":"2019-01-22T14:57:02+00:00","article_modified_time":"2022-02-09T10:10:08+00:00","og_image":[{"width":2560,"height":1652,"url":"https:\/\/www.organisator.ch\/wp-content\/uploads\/2019\/01\/Sustainnerv-Analyse-zum-Umgang-der-Schweizer-Unternehmen-mit-den-SDGs-UP_Umweltperspektiven-scaled.jpg","type":"image\/jpeg"}],"author":"michael.merz","twitter_card":"summary_large_image","schema":{"@context":"https:\/\/schema.org","@graph":[{"@type":"Article","@id":"https:\/\/www.organisator.ch\/sustainability\/2019-01-22\/sustainserv-analyse-zum-umgang-der-schweizer-unternehmen-mit-den-sdgs\/#article","isPartOf":{"@id":"https:\/\/www.organisator.ch\/sustainability\/2019-01-22\/sustainserv-analyse-zum-umgang-der-schweizer-unternehmen-mit-den-sdgs\/"},"author":{"name":"michael.merz","@id":"https:\/\/www.organisator.ch\/#\/schema\/person\/134708ca9321c57b0362cceb7948ffbd"},"headline":"Sustainserv: Analyse zum Umgang der Schweizer Unternehmen mit den SDGs","datePublished":"2019-01-22T14:57:02+00:00","dateModified":"2022-02-09T10:10:08+00:00","mainEntityOfPage":{"@id":"https:\/\/www.organisator.ch\/sustainability\/2019-01-22\/sustainserv-analyse-zum-umgang-der-schweizer-unternehmen-mit-den-sdgs\/"},"wordCount":326,"commentCount":0,"publisher":{"@id":"https:\/\/www.organisator.ch\/#organization"},"image":{"@id":"https:\/\/www.organisator.ch\/sustainability\/2019-01-22\/sustainserv-analyse-zum-umgang-der-schweizer-unternehmen-mit-den-sdgs\/#primaryimage"},"thumbnailUrl":"https:\/\/www.organisator.ch\/wp-content\/uploads\/2019\/01\/Sustainnerv-Analyse-zum-Umgang-der-Schweizer-Unternehmen-mit-den-SDGs-UP_Umweltperspektiven-scaled.jpg","keywords":["SDG","Study","Sustainability","Switzerland"],"articleSection":["SUSTAINABILITY"],"inLanguage":"en-US"},{"@type":"WebPage","@id":"https:\/\/www.organisator.ch\/sustainability\/2019-01-22\/sustainserv-analyse-zum-umgang-der-schweizer-unternehmen-mit-den-sdgs\/","url":"https:\/\/www.organisator.ch\/sustainability\/2019-01-22\/sustainserv-analyse-zum-umgang-der-schweizer-unternehmen-mit-den-sdgs\/","name":"Sustainserv: Analysis of Swiss companies' approach to the SDGs - Organizer","isPartOf":{"@id":"https:\/\/www.organisator.ch\/#website"},"primaryImageOfPage":{"@id":"https:\/\/www.organisator.ch\/sustainability\/2019-01-22\/sustainserv-analyse-zum-umgang-der-schweizer-unternehmen-mit-den-sdgs\/#primaryimage"},"image":{"@id":"https:\/\/www.organisator.ch\/sustainability\/2019-01-22\/sustainserv-analyse-zum-umgang-der-schweizer-unternehmen-mit-den-sdgs\/#primaryimage"},"thumbnailUrl":"https:\/\/www.organisator.ch\/wp-content\/uploads\/2019\/01\/Sustainnerv-Analyse-zum-Umgang-der-Schweizer-Unternehmen-mit-den-SDGs-UP_Umweltperspektiven-scaled.jpg","datePublished":"2019-01-22T14:57:02+00:00","dateModified":"2022-02-09T10:10:08+00:00","description":"Sustainserv analyzes publicly reported approaches of 196 Swiss companies regarding commitment to the Sustainable Development Goals (SDGs).","breadcrumb":{"@id":"https:\/\/www.organisator.ch\/sustainability\/2019-01-22\/sustainserv-analyse-zum-umgang-der-schweizer-unternehmen-mit-den-sdgs\/#breadcrumb"},"inLanguage":"en-US","potentialAction":[{"@type":"ReadAction","target":["https:\/\/www.organisator.ch\/sustainability\/2019-01-22\/sustainserv-analyse-zum-umgang-der-schweizer-unternehmen-mit-den-sdgs\/"]}]},{"@type":"ImageObject","inLanguage":"en-US","@id":"https:\/\/www.organisator.ch\/sustainability\/2019-01-22\/sustainserv-analyse-zum-umgang-der-schweizer-unternehmen-mit-den-sdgs\/#primaryimage","url":"https:\/\/www.organisator.ch\/wp-content\/uploads\/2019\/01\/Sustainnerv-Analyse-zum-Umgang-der-Schweizer-Unternehmen-mit-den-SDGs-UP_Umweltperspektiven-scaled.jpg","contentUrl":"https:\/\/www.organisator.ch\/wp-content\/uploads\/2019\/01\/Sustainnerv-Analyse-zum-Umgang-der-Schweizer-Unternehmen-mit-den-SDGs-UP_Umweltperspektiven-scaled.jpg","width":2560,"height":1652,"caption":"Eine neue Analyse zeigt, dass es im Moment noch eine grosse Diskrepanz zwischen guten Absichten und tats\u00e4chlicher Einbettung der SDGs in die Unternehmenspraxis gibt. (Bild: Unsplash)"},{"@type":"BreadcrumbList","@id":"https:\/\/www.organisator.ch\/sustainability\/2019-01-22\/sustainserv-analyse-zum-umgang-der-schweizer-unternehmen-mit-den-sdgs\/#breadcrumb","itemListElement":[{"@type":"ListItem","position":1,"name":"Home","item":"https:\/\/www.organisator.ch\/"},{"@type":"ListItem","position":2,"name":"Sustainserv: Analyse zum Umgang der Schweizer Unternehmen mit den SDGs"}]},{"@type":"WebSite","@id":"https:\/\/www.organisator.ch\/#website","url":"https:\/\/www.organisator.ch\/","name":"Organizer","description":"Competent. Practical. In 10 issues per year, ORGANISATOR presents the essential topics for managers of SMEs.","publisher":{"@id":"https:\/\/www.organisator.ch\/#organization"},"potentialAction":[{"@type":"SearchAction","target":{"@type":"EntryPoint","urlTemplate":"https:\/\/www.organisator.ch\/?s={search_term_string}"},"query-input":{"@type":"PropertyValueSpecification","valueRequired":true,"valueName":"search_term_string"}}],"inLanguage":"en-US"},{"@type":"Organization","@id":"https:\/\/www.organisator.ch\/#organization","name":"Organizer","url":"https:\/\/www.organisator.ch\/","logo":{"@type":"ImageObject","inLanguage":"en-US","@id":"https:\/\/www.organisator.ch\/#\/schema\/logo\/image\/","url":"https:\/\/www.organisator.ch\/wp-content\/uploads\/2022\/01\/Logo_Organisator_Website.png","contentUrl":"https:\/\/www.organisator.ch\/wp-content\/uploads\/2022\/01\/Logo_Organisator_Website.png","width":800,"height":77,"caption":"Organisator"},"image":{"@id":"https:\/\/www.organisator.ch\/#\/schema\/logo\/image\/"},"sameAs":["https:\/\/www.facebook.com\/OrganisatorFachmagazin","https:\/\/www.linkedin.com\/showcase\/organisator-das-magazin-fr-kmu","https:\/\/www.xing.com\/news\/pages\/organisator-ch-695","https:\/\/www.youtube.com\/channel\/UCGP2Sq0iWaZwT3BdIAQFYpw"]},{"@type":"Person","@id":"https:\/\/www.organisator.ch\/#\/schema\/person\/134708ca9321c57b0362cceb7948ffbd","name":"michael.merz","image":{"@type":"ImageObject","inLanguage":"en-US","@id":"https:\/\/secure.gravatar.com\/avatar\/?s=96&d=mm&r=g","url":"https:\/\/secure.gravatar.com\/avatar\/?s=96&d=mm&r=g","contentUrl":"https:\/\/secure.gravatar.com\/avatar\/?s=96&d=mm&r=g","caption":"michael.merz"},"url":"https:\/\/www.organisator.ch\/en\/author\/michael-merz\/"}]}},"_links":{"self":[{"href":"https:\/\/www.organisator.ch\/en\/wp-json\/wp\/v2\/posts\/10061","targetHints":{"allow":["GET"]}}],"collection":[{"href":"https:\/\/www.organisator.ch\/en\/wp-json\/wp\/v2\/posts"}],"about":[{"href":"https:\/\/www.organisator.ch\/en\/wp-json\/wp\/v2\/types\/post"}],"author":[{"embeddable":true,"href":"https:\/\/www.organisator.ch\/en\/wp-json\/wp\/v2\/users\/5"}],"replies":[{"embeddable":true,"href":"https:\/\/www.organisator.ch\/en\/wp-json\/wp\/v2\/comments?post=10061"}],"version-history":[{"count":1,"href":"https:\/\/www.organisator.ch\/en\/wp-json\/wp\/v2\/posts\/10061\/revisions"}],"predecessor-version":[{"id":10915,"href":"https:\/\/www.organisator.ch\/en\/wp-json\/wp\/v2\/posts\/10061\/revisions\/10915"}],"wp:featuredmedia":[{"embeddable":true,"href":"https:\/\/www.organisator.ch\/en\/wp-json\/wp\/v2\/media\/9579"}],"wp:attachment":[{"href":"https:\/\/www.organisator.ch\/en\/wp-json\/wp\/v2\/media?parent=10061"}],"wp:term":[{"taxonomy":"category","embeddable":true,"href":"https:\/\/www.organisator.ch\/en\/wp-json\/wp\/v2\/categories?post=10061"},{"taxonomy":"post_tag","embeddable":true,"href":"https:\/\/www.organisator.ch\/en\/wp-json\/wp\/v2\/tags?post=10061"}],"curies":[{"name":"wp","href":"https:\/\/api.w.org\/{rel}","templated":true}]}}