{"id":10076,"date":"2019-03-12T11:06:07","date_gmt":"2019-03-12T10:06:07","guid":{"rendered":"https:\/\/www.umweltperspektiven.ch\/?p=2060"},"modified":"2022-08-02T14:53:46","modified_gmt":"2022-08-02T12:53:46","slug":"swisscleantech-zeigt-sich-zuversichtlich","status":"publish","type":"post","link":"https:\/\/www.organisator.ch\/en\/sustainability\/2019-03-12\/swisscleantech-zeigt-sich-zuversichtlich\/","title":{"rendered":"Swisscleantech is confident"},"content":{"rendered":"<figure id=\"attachment_2062\" aria-describedby=\"caption-attachment-2062\" style=\"width: 680px\" class=\"wp-caption alignnone\"><img loading=\"lazy\" decoding=\"async\" class=\"wp-image-2062 size-medium\" src=\"\/\/www.umweltperspektiven.ch\/wp-content\/uploads\/2019\/03\/Carsten-Bopp-swisscleantech-19.jpg\" alt=\"Swisscleantech\" width=\"680\" height=\"453\" srcset=\"https:\/\/www.organisator.ch\/wp-content\/uploads\/2019\/03\/Carsten-Bopp-swisscleantech-19.jpg 2218w, https:\/\/www.organisator.ch\/wp-content\/uploads\/2019\/03\/Carsten-Bopp-swisscleantech-19-680x453.jpg 680w, https:\/\/www.organisator.ch\/wp-content\/uploads\/2019\/03\/Carsten-Bopp-swisscleantech-19-1024x682.jpg 1024w, https:\/\/www.organisator.ch\/wp-content\/uploads\/2019\/03\/Carsten-Bopp-swisscleantech-19-768x512.jpg 768w, https:\/\/www.organisator.ch\/wp-content\/uploads\/2019\/03\/Carsten-Bopp-swisscleantech-19-1536x1024.jpg 1536w, https:\/\/www.organisator.ch\/wp-content\/uploads\/2019\/03\/Carsten-Bopp-swisscleantech-19-2048x1365.jpg 2048w, https:\/\/www.organisator.ch\/wp-content\/uploads\/2019\/03\/Carsten-Bopp-swisscleantech-19-18x12.jpg 18w, https:\/\/www.organisator.ch\/wp-content\/uploads\/2019\/03\/Carsten-Bopp-swisscleantech-19-263x175.jpg 263w, https:\/\/www.organisator.ch\/wp-content\/uploads\/2019\/03\/Carsten-Bopp-swisscleantech-19-525x350.jpg 525w, https:\/\/www.organisator.ch\/wp-content\/uploads\/2019\/03\/Carsten-Bopp-swisscleantech-19-1201x800.jpg 1201w, https:\/\/www.organisator.ch\/wp-content\/uploads\/2019\/03\/Carsten-Bopp-swisscleantech-19-920x613.jpg 920w, https:\/\/www.organisator.ch\/wp-content\/uploads\/2019\/03\/Carsten-Bopp-swisscleantech-19-1400x933.jpg 1400w, https:\/\/www.organisator.ch\/wp-content\/uploads\/2019\/03\/Carsten-Bopp-swisscleantech-19-300x200.jpg 300w\" sizes=\"auto, (max-width: 680px) 100vw, 680px\" \/><figcaption id=\"caption-attachment-2062\" class=\"wp-caption-text\">Carsten Bopp (48), the newly elected swisscleantech president. (Image: zVg)<\/figcaption><\/figure>\n<p>swisscleantech was very successful in 2018. Since December alone, 30 new members have been gained. The number of members was increased to 260 in 2018.<\/p>\n<p>In the current year, the aim is to achieve even stronger membership growth. Contributing to this development are the urgency of efficient climate protection and the new, attractive membership conditions approved by the General Assembly.<\/p>\n<p>Carsten Bopp (48), the newly elected swisscleantech President, Group CEO of PINI Swiss Engineers AG and member of the Board of Directors of Cargo sous terrain AG, joined the swisscleantech Board in March 2018.<\/p>\n<p>\"In view of the global challenge of climate change, entrepreneurial innovation plays a central role. The necessary change can only succeed together with the business community, and this requires the right framework conditions. Since its foundation ten years ago, swisscleantech has been working to achieve this. The political developments of recent months show: Climate protection can only be successful if business and politics work together,\" says Carsten Bopp, the new swisscleantech president.<\/p>\n<h3>Reinforcement of the Board of Management<\/h3>\n<p>At the swisscleantech General Assembly, Carsten Bopp, Group CEO of PINI Swiss Engineers AG, was elected President. Under his leadership, swisscleantech will make a pointed stand for a climate-friendly economy and the framework conditions required for this, the press release states. Carsten Bopp will be supported by the swisscleantech board, which will be strengthened with high-profile personalities from the business world.<\/p>\n<p>Carsten Bopp replaces Matthias B\u00f6lke at the helm of swisscleantech. Matthias B\u00f6lke has chaired the association since 2016 and is now devoting himself to his new tasks at the Schneider Electric Group outside Switzerland.<\/p>\n<p>With Daniel Eugster (46) and Franziska Barmettler (36), two experienced personalities have been elected to the board. Daniel Eugster is managing director and owner of Haustechnik Eugster in Arbon and an FDP cantonal councilor in Thurgau. Franziska Barmettler is Sustainability Manager at IKEA Switzerland and previously worked for Migros Genossenschafts-Bund and swisscleantech.<\/p>\n<p>The two board members Fabian Etter, Chairman of the Board of Directors of Elektro Etter AG, and Dr. Christina W\u00fcrthner, Chief Financial &amp; Strategy Officer at enersis, will in future be involved as Vice Presidents of swisscleantech.<\/p>\n<p>Felix Gassmann, Ren\u00e9 Herzog, Lorenz Isler and Wolfgang Schwarzenbacher have left the Board of Directors. swisscleantech would like to thank them for their valuable commitment over many years, with which they have moved the association forward in these challenging times.<\/p>\n<p><a href=\"\/\/www.swisscleantech.ch\">www.swisscleantech.ch<\/a><\/p>\n<p>&nbsp;<\/p>\n<h3><\/h3>","protected":false},"excerpt":{"rendered":"<p>swisscleantech war 2018 sehr erfolgreich unterwegs. Allein seit Dezember konnten 30 neue Mitglieder gewonnen werden. Die Mitgliederzahl konnte 2018 auf 260 Mitglieder gesteigert werden. Im laufenden Jahr wird ein noch st\u00e4rkeres Mitgliederwachstum angestrebt. Zu dieser Entwicklung tragen die Dringlichkeit eines effizienten Klimaschutzes sowie die neuen, attraktiven Mitgliederkonditionen bei, die von der Generalversammlung genehmigt worden sind. [&hellip;]<\/p>\n","protected":false},"author":5,"featured_media":2062,"comment_status":"closed","ping_status":"closed","sticky":false,"template":"","format":"standard","meta":{"_acf_changed":false,"_yoast_wpseo_focuskw":"Swisscleantech","_yoast_wpseo_metadesc":"Swisscleantech hat an seiner Generalversammlung in Bern einen neuen Pr\u00e4sidenten gew\u00e4hlt: Carsten Bopp, Group CEO der PINI Swiss Engineers AG.","articlekey":"","footnotes":""},"categories":[580],"tags":[919,381,424,2266,2435],"class_list":["post-10076","post","type-post","status-publish","format-standard","has-post-thumbnail","hentry","category-sustainability","tag-cleantech","tag-personalia","tag-schweiz","tag-swisscleantech","tag-verband"],"acf":[],"yoast_head":"<!-- This site is optimized with the Yoast SEO plugin v27.5 - https:\/\/yoast.com\/product\/yoast-seo-wordpress\/ -->\n<title>Swisscleantech zeigt sich zuversichtlich - Organisator<\/title>\n<meta name=\"description\" content=\"Swisscleantech hat an seiner Generalversammlung in Bern einen neuen Pr\u00e4sidenten gew\u00e4hlt: Carsten Bopp, Group CEO der PINI Swiss Engineers AG.\" \/>\n<meta name=\"robots\" content=\"index, follow, max-snippet:-1, max-image-preview:large, max-video-preview:-1\" \/>\n<link rel=\"canonical\" href=\"https:\/\/www.organisator.ch\/en\/sustainability\/2019-03-12\/swisscleantech-zeigt-sich-zuversichtlich\/\" \/>\n<meta property=\"og:locale\" content=\"en_US\" \/>\n<meta property=\"og:type\" content=\"article\" \/>\n<meta property=\"og:title\" content=\"Swisscleantech zeigt sich zuversichtlich - Organisator\" \/>\n<meta property=\"og:description\" content=\"Swisscleantech hat an seiner Generalversammlung in Bern einen neuen Pr\u00e4sidenten gew\u00e4hlt: Carsten Bopp, Group CEO der PINI Swiss Engineers AG.\" \/>\n<meta property=\"og:url\" content=\"https:\/\/www.organisator.ch\/en\/sustainability\/2019-03-12\/swisscleantech-zeigt-sich-zuversichtlich\/\" \/>\n<meta property=\"og:site_name\" content=\"Organisator\" \/>\n<meta property=\"article:publisher\" content=\"https:\/\/www.facebook.com\/OrganisatorFachmagazin\" \/>\n<meta property=\"article:published_time\" content=\"2019-03-12T10:06:07+00:00\" \/>\n<meta property=\"article:modified_time\" content=\"2022-08-02T12:53:46+00:00\" \/>\n<meta property=\"og:image\" content=\"https:\/\/www.organisator.ch\/wp-content\/uploads\/2019\/03\/Carsten-Bopp-swisscleantech-19.jpg\" \/>\n\t<meta property=\"og:image:width\" content=\"2218\" \/>\n\t<meta property=\"og:image:height\" content=\"1478\" \/>\n\t<meta property=\"og:image:type\" content=\"image\/jpeg\" \/>\n<meta name=\"author\" content=\"michael.merz\" \/>\n<meta name=\"twitter:card\" content=\"summary_large_image\" \/>\n<script type=\"application\/ld+json\" class=\"yoast-schema-graph\">{\"@context\":\"https:\\\/\\\/schema.org\",\"@graph\":[{\"@type\":\"Article\",\"@id\":\"https:\\\/\\\/www.organisator.ch\\\/sustainability\\\/2019-03-12\\\/swisscleantech-zeigt-sich-zuversichtlich\\\/#article\",\"isPartOf\":{\"@id\":\"https:\\\/\\\/www.organisator.ch\\\/sustainability\\\/2019-03-12\\\/swisscleantech-zeigt-sich-zuversichtlich\\\/\"},\"author\":{\"name\":\"michael.merz\",\"@id\":\"https:\\\/\\\/www.organisator.ch\\\/#\\\/schema\\\/person\\\/134708ca9321c57b0362cceb7948ffbd\"},\"headline\":\"Swisscleantech zeigt sich zuversichtlich\",\"datePublished\":\"2019-03-12T10:06:07+00:00\",\"dateModified\":\"2022-08-02T12:53:46+00:00\",\"mainEntityOfPage\":{\"@id\":\"https:\\\/\\\/www.organisator.ch\\\/sustainability\\\/2019-03-12\\\/swisscleantech-zeigt-sich-zuversichtlich\\\/\"},\"wordCount\":408,\"publisher\":{\"@id\":\"https:\\\/\\\/www.organisator.ch\\\/#organization\"},\"image\":{\"@id\":\"https:\\\/\\\/www.organisator.ch\\\/sustainability\\\/2019-03-12\\\/swisscleantech-zeigt-sich-zuversichtlich\\\/#primaryimage\"},\"thumbnailUrl\":\"https:\\\/\\\/www.organisator.ch\\\/wp-content\\\/uploads\\\/2019\\\/03\\\/Carsten-Bopp-swisscleantech-19.jpg\",\"keywords\":[\"Cleantech\",\"Personalia\",\"Schweiz\",\"swisscleantech\",\"Verband\"],\"articleSection\":[\"SUSTAINABILITY\"],\"inLanguage\":\"en-US\"},{\"@type\":\"WebPage\",\"@id\":\"https:\\\/\\\/www.organisator.ch\\\/sustainability\\\/2019-03-12\\\/swisscleantech-zeigt-sich-zuversichtlich\\\/\",\"url\":\"https:\\\/\\\/www.organisator.ch\\\/sustainability\\\/2019-03-12\\\/swisscleantech-zeigt-sich-zuversichtlich\\\/\",\"name\":\"Swisscleantech zeigt sich zuversichtlich - Organisator\",\"isPartOf\":{\"@id\":\"https:\\\/\\\/www.organisator.ch\\\/#website\"},\"primaryImageOfPage\":{\"@id\":\"https:\\\/\\\/www.organisator.ch\\\/sustainability\\\/2019-03-12\\\/swisscleantech-zeigt-sich-zuversichtlich\\\/#primaryimage\"},\"image\":{\"@id\":\"https:\\\/\\\/www.organisator.ch\\\/sustainability\\\/2019-03-12\\\/swisscleantech-zeigt-sich-zuversichtlich\\\/#primaryimage\"},\"thumbnailUrl\":\"https:\\\/\\\/www.organisator.ch\\\/wp-content\\\/uploads\\\/2019\\\/03\\\/Carsten-Bopp-swisscleantech-19.jpg\",\"datePublished\":\"2019-03-12T10:06:07+00:00\",\"dateModified\":\"2022-08-02T12:53:46+00:00\",\"description\":\"Swisscleantech hat an seiner Generalversammlung in Bern einen neuen Pr\u00e4sidenten gew\u00e4hlt: Carsten Bopp, Group CEO der PINI Swiss Engineers AG.\",\"breadcrumb\":{\"@id\":\"https:\\\/\\\/www.organisator.ch\\\/sustainability\\\/2019-03-12\\\/swisscleantech-zeigt-sich-zuversichtlich\\\/#breadcrumb\"},\"inLanguage\":\"en-US\",\"potentialAction\":[{\"@type\":\"ReadAction\",\"target\":[\"https:\\\/\\\/www.organisator.ch\\\/sustainability\\\/2019-03-12\\\/swisscleantech-zeigt-sich-zuversichtlich\\\/\"]}]},{\"@type\":\"ImageObject\",\"inLanguage\":\"en-US\",\"@id\":\"https:\\\/\\\/www.organisator.ch\\\/sustainability\\\/2019-03-12\\\/swisscleantech-zeigt-sich-zuversichtlich\\\/#primaryimage\",\"url\":\"https:\\\/\\\/www.organisator.ch\\\/wp-content\\\/uploads\\\/2019\\\/03\\\/Carsten-Bopp-swisscleantech-19.jpg\",\"contentUrl\":\"https:\\\/\\\/www.organisator.ch\\\/wp-content\\\/uploads\\\/2019\\\/03\\\/Carsten-Bopp-swisscleantech-19.jpg\",\"width\":2218,\"height\":1478,\"caption\":\"Carsten Bopp (48), der neu gew\u00e4hlte swisscleantech Pr\u00e4sident. (Bild: zVg)\"},{\"@type\":\"BreadcrumbList\",\"@id\":\"https:\\\/\\\/www.organisator.ch\\\/sustainability\\\/2019-03-12\\\/swisscleantech-zeigt-sich-zuversichtlich\\\/#breadcrumb\",\"itemListElement\":[{\"@type\":\"ListItem\",\"position\":1,\"name\":\"Home\",\"item\":\"https:\\\/\\\/www.organisator.ch\\\/\"},{\"@type\":\"ListItem\",\"position\":2,\"name\":\"Swisscleantech zeigt sich zuversichtlich\"}]},{\"@type\":\"WebSite\",\"@id\":\"https:\\\/\\\/www.organisator.ch\\\/#website\",\"url\":\"https:\\\/\\\/www.organisator.ch\\\/\",\"name\":\"Organisator\",\"description\":\"Kompetent. Praxisnah. Der ORGANISATOR bereitet in 10 Ausgaben pro Jahr die wesentlichen Themen f\u00fcr F\u00fchrungskr\u00e4fte von KMU auf.\",\"publisher\":{\"@id\":\"https:\\\/\\\/www.organisator.ch\\\/#organization\"},\"potentialAction\":[{\"@type\":\"SearchAction\",\"target\":{\"@type\":\"EntryPoint\",\"urlTemplate\":\"https:\\\/\\\/www.organisator.ch\\\/?s={search_term_string}\"},\"query-input\":{\"@type\":\"PropertyValueSpecification\",\"valueRequired\":true,\"valueName\":\"search_term_string\"}}],\"inLanguage\":\"en-US\"},{\"@type\":\"Organization\",\"@id\":\"https:\\\/\\\/www.organisator.ch\\\/#organization\",\"name\":\"Organisator\",\"url\":\"https:\\\/\\\/www.organisator.ch\\\/\",\"logo\":{\"@type\":\"ImageObject\",\"inLanguage\":\"en-US\",\"@id\":\"https:\\\/\\\/www.organisator.ch\\\/#\\\/schema\\\/logo\\\/image\\\/\",\"url\":\"https:\\\/\\\/www.organisator.ch\\\/wp-content\\\/uploads\\\/2022\\\/01\\\/Logo_Organisator_Website.png\",\"contentUrl\":\"https:\\\/\\\/www.organisator.ch\\\/wp-content\\\/uploads\\\/2022\\\/01\\\/Logo_Organisator_Website.png\",\"width\":800,\"height\":77,\"caption\":\"Organisator\"},\"image\":{\"@id\":\"https:\\\/\\\/www.organisator.ch\\\/#\\\/schema\\\/logo\\\/image\\\/\"},\"sameAs\":[\"https:\\\/\\\/www.facebook.com\\\/OrganisatorFachmagazin\",\"https:\\\/\\\/www.linkedin.com\\\/showcase\\\/organisator-das-magazin-fr-kmu\",\"https:\\\/\\\/www.xing.com\\\/news\\\/pages\\\/organisator-ch-695\",\"https:\\\/\\\/www.youtube.com\\\/channel\\\/UCGP2Sq0iWaZwT3BdIAQFYpw\"]},{\"@type\":\"Person\",\"@id\":\"https:\\\/\\\/www.organisator.ch\\\/#\\\/schema\\\/person\\\/134708ca9321c57b0362cceb7948ffbd\",\"name\":\"michael.merz\",\"image\":{\"@type\":\"ImageObject\",\"inLanguage\":\"en-US\",\"@id\":\"https:\\\/\\\/secure.gravatar.com\\\/avatar\\\/?s=96&d=mm&r=g\",\"url\":\"https:\\\/\\\/secure.gravatar.com\\\/avatar\\\/?s=96&d=mm&r=g\",\"contentUrl\":\"https:\\\/\\\/secure.gravatar.com\\\/avatar\\\/?s=96&d=mm&r=g\",\"caption\":\"michael.merz\"},\"url\":\"https:\\\/\\\/www.organisator.ch\\\/en\\\/author\\\/michael-merz\\\/\"}]}<\/script>\n<!-- \/ Yoast SEO plugin. -->","yoast_head_json":{"title":"Swisscleantech is confident - Organizer","description":"Swisscleantech elected a new President at its General Assembly in Bern: Carsten Bopp, Group CEO of PINI Swiss Engineers AG.","robots":{"index":"index","follow":"follow","max-snippet":"max-snippet:-1","max-image-preview":"max-image-preview:large","max-video-preview":"max-video-preview:-1"},"canonical":"https:\/\/www.organisator.ch\/en\/sustainability\/2019-03-12\/swisscleantech-zeigt-sich-zuversichtlich\/","og_locale":"en_US","og_type":"article","og_title":"Swisscleantech zeigt sich zuversichtlich - Organisator","og_description":"Swisscleantech hat an seiner Generalversammlung in Bern einen neuen Pr\u00e4sidenten gew\u00e4hlt: Carsten Bopp, Group CEO der PINI Swiss Engineers AG.","og_url":"https:\/\/www.organisator.ch\/en\/sustainability\/2019-03-12\/swisscleantech-zeigt-sich-zuversichtlich\/","og_site_name":"Organisator","article_publisher":"https:\/\/www.facebook.com\/OrganisatorFachmagazin","article_published_time":"2019-03-12T10:06:07+00:00","article_modified_time":"2022-08-02T12:53:46+00:00","og_image":[{"width":2218,"height":1478,"url":"https:\/\/www.organisator.ch\/wp-content\/uploads\/2019\/03\/Carsten-Bopp-swisscleantech-19.jpg","type":"image\/jpeg"}],"author":"michael.merz","twitter_card":"summary_large_image","schema":{"@context":"https:\/\/schema.org","@graph":[{"@type":"Article","@id":"https:\/\/www.organisator.ch\/sustainability\/2019-03-12\/swisscleantech-zeigt-sich-zuversichtlich\/#article","isPartOf":{"@id":"https:\/\/www.organisator.ch\/sustainability\/2019-03-12\/swisscleantech-zeigt-sich-zuversichtlich\/"},"author":{"name":"michael.merz","@id":"https:\/\/www.organisator.ch\/#\/schema\/person\/134708ca9321c57b0362cceb7948ffbd"},"headline":"Swisscleantech zeigt sich zuversichtlich","datePublished":"2019-03-12T10:06:07+00:00","dateModified":"2022-08-02T12:53:46+00:00","mainEntityOfPage":{"@id":"https:\/\/www.organisator.ch\/sustainability\/2019-03-12\/swisscleantech-zeigt-sich-zuversichtlich\/"},"wordCount":408,"publisher":{"@id":"https:\/\/www.organisator.ch\/#organization"},"image":{"@id":"https:\/\/www.organisator.ch\/sustainability\/2019-03-12\/swisscleantech-zeigt-sich-zuversichtlich\/#primaryimage"},"thumbnailUrl":"https:\/\/www.organisator.ch\/wp-content\/uploads\/2019\/03\/Carsten-Bopp-swisscleantech-19.jpg","keywords":["Cleantech","Personalia","Schweiz","swisscleantech","Verband"],"articleSection":["SUSTAINABILITY"],"inLanguage":"en-US"},{"@type":"WebPage","@id":"https:\/\/www.organisator.ch\/sustainability\/2019-03-12\/swisscleantech-zeigt-sich-zuversichtlich\/","url":"https:\/\/www.organisator.ch\/sustainability\/2019-03-12\/swisscleantech-zeigt-sich-zuversichtlich\/","name":"Swisscleantech is confident - Organizer","isPartOf":{"@id":"https:\/\/www.organisator.ch\/#website"},"primaryImageOfPage":{"@id":"https:\/\/www.organisator.ch\/sustainability\/2019-03-12\/swisscleantech-zeigt-sich-zuversichtlich\/#primaryimage"},"image":{"@id":"https:\/\/www.organisator.ch\/sustainability\/2019-03-12\/swisscleantech-zeigt-sich-zuversichtlich\/#primaryimage"},"thumbnailUrl":"https:\/\/www.organisator.ch\/wp-content\/uploads\/2019\/03\/Carsten-Bopp-swisscleantech-19.jpg","datePublished":"2019-03-12T10:06:07+00:00","dateModified":"2022-08-02T12:53:46+00:00","description":"Swisscleantech elected a new President at its General Assembly in Bern: Carsten Bopp, Group CEO of PINI Swiss Engineers AG.","breadcrumb":{"@id":"https:\/\/www.organisator.ch\/sustainability\/2019-03-12\/swisscleantech-zeigt-sich-zuversichtlich\/#breadcrumb"},"inLanguage":"en-US","potentialAction":[{"@type":"ReadAction","target":["https:\/\/www.organisator.ch\/sustainability\/2019-03-12\/swisscleantech-zeigt-sich-zuversichtlich\/"]}]},{"@type":"ImageObject","inLanguage":"en-US","@id":"https:\/\/www.organisator.ch\/sustainability\/2019-03-12\/swisscleantech-zeigt-sich-zuversichtlich\/#primaryimage","url":"https:\/\/www.organisator.ch\/wp-content\/uploads\/2019\/03\/Carsten-Bopp-swisscleantech-19.jpg","contentUrl":"https:\/\/www.organisator.ch\/wp-content\/uploads\/2019\/03\/Carsten-Bopp-swisscleantech-19.jpg","width":2218,"height":1478,"caption":"Carsten Bopp (48), der neu gew\u00e4hlte swisscleantech Pr\u00e4sident. (Bild: zVg)"},{"@type":"BreadcrumbList","@id":"https:\/\/www.organisator.ch\/sustainability\/2019-03-12\/swisscleantech-zeigt-sich-zuversichtlich\/#breadcrumb","itemListElement":[{"@type":"ListItem","position":1,"name":"Home","item":"https:\/\/www.organisator.ch\/"},{"@type":"ListItem","position":2,"name":"Swisscleantech zeigt sich zuversichtlich"}]},{"@type":"WebSite","@id":"https:\/\/www.organisator.ch\/#website","url":"https:\/\/www.organisator.ch\/","name":"Organizer","description":"Competent. Practical. In 10 issues per year, ORGANISATOR presents the essential topics for managers of SMEs.","publisher":{"@id":"https:\/\/www.organisator.ch\/#organization"},"potentialAction":[{"@type":"SearchAction","target":{"@type":"EntryPoint","urlTemplate":"https:\/\/www.organisator.ch\/?s={search_term_string}"},"query-input":{"@type":"PropertyValueSpecification","valueRequired":true,"valueName":"search_term_string"}}],"inLanguage":"en-US"},{"@type":"Organization","@id":"https:\/\/www.organisator.ch\/#organization","name":"Organizer","url":"https:\/\/www.organisator.ch\/","logo":{"@type":"ImageObject","inLanguage":"en-US","@id":"https:\/\/www.organisator.ch\/#\/schema\/logo\/image\/","url":"https:\/\/www.organisator.ch\/wp-content\/uploads\/2022\/01\/Logo_Organisator_Website.png","contentUrl":"https:\/\/www.organisator.ch\/wp-content\/uploads\/2022\/01\/Logo_Organisator_Website.png","width":800,"height":77,"caption":"Organisator"},"image":{"@id":"https:\/\/www.organisator.ch\/#\/schema\/logo\/image\/"},"sameAs":["https:\/\/www.facebook.com\/OrganisatorFachmagazin","https:\/\/www.linkedin.com\/showcase\/organisator-das-magazin-fr-kmu","https:\/\/www.xing.com\/news\/pages\/organisator-ch-695","https:\/\/www.youtube.com\/channel\/UCGP2Sq0iWaZwT3BdIAQFYpw"]},{"@type":"Person","@id":"https:\/\/www.organisator.ch\/#\/schema\/person\/134708ca9321c57b0362cceb7948ffbd","name":"michael.merz","image":{"@type":"ImageObject","inLanguage":"en-US","@id":"https:\/\/secure.gravatar.com\/avatar\/?s=96&d=mm&r=g","url":"https:\/\/secure.gravatar.com\/avatar\/?s=96&d=mm&r=g","contentUrl":"https:\/\/secure.gravatar.com\/avatar\/?s=96&d=mm&r=g","caption":"michael.merz"},"url":"https:\/\/www.organisator.ch\/en\/author\/michael-merz\/"}]}},"_links":{"self":[{"href":"https:\/\/www.organisator.ch\/en\/wp-json\/wp\/v2\/posts\/10076","targetHints":{"allow":["GET"]}}],"collection":[{"href":"https:\/\/www.organisator.ch\/en\/wp-json\/wp\/v2\/posts"}],"about":[{"href":"https:\/\/www.organisator.ch\/en\/wp-json\/wp\/v2\/types\/post"}],"author":[{"embeddable":true,"href":"https:\/\/www.organisator.ch\/en\/wp-json\/wp\/v2\/users\/5"}],"replies":[{"embeddable":true,"href":"https:\/\/www.organisator.ch\/en\/wp-json\/wp\/v2\/comments?post=10076"}],"version-history":[{"count":2,"href":"https:\/\/www.organisator.ch\/en\/wp-json\/wp\/v2\/posts\/10076\/revisions"}],"predecessor-version":[{"id":16229,"href":"https:\/\/www.organisator.ch\/en\/wp-json\/wp\/v2\/posts\/10076\/revisions\/16229"}],"wp:featuredmedia":[{"embeddable":true,"href":"https:\/\/www.organisator.ch\/en\/wp-json\/wp\/v2\/media\/2062"}],"wp:attachment":[{"href":"https:\/\/www.organisator.ch\/en\/wp-json\/wp\/v2\/media?parent=10076"}],"wp:term":[{"taxonomy":"category","embeddable":true,"href":"https:\/\/www.organisator.ch\/en\/wp-json\/wp\/v2\/categories?post=10076"},{"taxonomy":"post_tag","embeddable":true,"href":"https:\/\/www.organisator.ch\/en\/wp-json\/wp\/v2\/tags?post=10076"}],"curies":[{"name":"wp","href":"https:\/\/api.w.org\/{rel}","templated":true}]}}