{"id":10078,"date":"2019-03-25T10:51:13","date_gmt":"2019-03-25T09:51:13","guid":{"rendered":"https:\/\/www.umweltperspektiven.ch\/?p=2083"},"modified":"2022-02-09T11:10:07","modified_gmt":"2022-02-09T10:10:07","slug":"digibarometer-2018-ueber-verwaltungsratkompetenzen","status":"publish","type":"post","link":"https:\/\/www.organisator.ch\/en\/sustainability\/2019-03-25\/digibarometer-2018-ueber-verwaltungsratkompetenzen\/","title":{"rendered":"DigiBarometer 2018 on Board of Directors Competencies"},"content":{"rendered":"<figure id=\"attachment_2084\" aria-describedby=\"caption-attachment-2084\" style=\"width: 680px\" class=\"wp-caption alignnone\"><img loading=\"lazy\" decoding=\"async\" class=\"size-medium wp-image-2084\" src=\"\/\/www.umweltperspektiven.ch\/wp-content\/uploads\/2019\/03\/DigiBarometer_Cover.jpg\" alt=\"\" width=\"680\" height=\"453\" \/><figcaption id=\"caption-attachment-2084\" class=\"wp-caption-text\">Greater efforts are needed in VR areas in the environmental sector as well. (Image zVg)<\/figcaption><\/figure>\n<p>The DigiBarometer examines the digital transformation in Switzerland. Established thought patterns and structures must be broken through, and new approaches and business models must be developed. The pressure to innovate and change is becoming a continuous challenge - also for Swiss SMEs.<\/p>\n<p>Against this backdrop, the Chief Digital Community (CDC), in collaboration with the Lucerne School of Information Technology, conducted the DigiBarometer for the first time in 2018 to survey the situation of Swiss SMEs with regard to digital transformation. By means of this survey, important insights into the situation of Swiss SMEs in the increasingly digitalized world could be gained, with the aim of raising awareness.<\/p>\n<ul>\n<li><em>97 percent see digital transformation as an opportunity.<\/em><\/li>\n<li><em>20 percent are successfully underway with digital transformation, 68 percent partially successful.<\/em><\/li>\n<li><em>70 percent have anchored digital transformation in their corporate strategy, and 13 percent are planning to do the same.<\/em><\/li>\n<li><em>49 percent have sufficient know-how internally, while 29 percent do not yet.<\/em><\/li>\n<li><em>Fifty-six percent gave no answer regarding the location of experts for digital transformation within the corporate structure. 24 percent mention the company management.<\/em><\/li>\n<li><em>49 percent state that they have too few resources internally for digital transformation.<\/em><\/li>\n<li><em>46 percent name products and services as the reaction area of digital transformation.<\/em><\/li>\n<li><em>28 percent say their board of directors has a high level of knowledge, while a further 8 percent rate this as very high. This contrasts with 38 percent who rate their board of directors as having a low or very low level of knowledge.<\/em><\/li>\n<\/ul>\n<p>Conclusion: People, markets and society will change fundamentally. New technologies are forcing companies to radically rethink their business models and offer enormous growth opportunities. But companies should also be able to take advantage of these opportunities. As a direct consequence, mastering the digital transformation means a huge effort, especially for existing companies.<\/p>\n<p><a href=\"\/\/www.chiefdigital.ch\">www.chiefdigital.ch<\/a><\/p>","protected":false},"excerpt":{"rendered":"<p>Der DigiBarometer untersucht die digitale Transformation in der Schweiz. Altbew\u00e4hrte Denkmuster und Strukturen m\u00fcssen durchbrochen, neue Vorgehensweisen und Gesch\u00e4ftsmodelle entwickelt werden. Der Innovations- und Ver\u00e4nderungsdruck wird zu einer kontinuierlichen Herausforderung \u2013 auch f\u00fcr Schweizer KMU. Vor diesem Hintergrund f\u00fchrte die Chief Digital Community (CDC) in Zusammenarbeit mit der Hochschule Luzern &#8211; Informatik im Jahr 2018 [&hellip;]<\/p>\n","protected":false},"author":5,"featured_media":9596,"comment_status":"open","ping_status":"open","sticky":false,"template":"","format":"standard","meta":{"_acf_changed":false,"_yoast_wpseo_focuskw":"DigiBarometer","_yoast_wpseo_metadesc":"Nur 38 Prozent der KMU attestieren ihrem Verwaltungsrat ausreichendes Wissen \u00fcber die Digitale Transformation, heisst est im DigiBarometer.","articlekey":"","footnotes":""},"categories":[580],"tags":[157,301,424,2471],"class_list":["post-10078","post","type-post","status-publish","format-standard","has-post-thumbnail","hentry","category-sustainability","tag-digitalitaet","tag-kmu","tag-schweiz","tag-verwaltungsrat"],"acf":[],"yoast_head":"<!-- This site is optimized with the Yoast SEO plugin v27.4 - https:\/\/yoast.com\/product\/yoast-seo-wordpress\/ -->\n<title>DigiBarometer 2018 \u00fcber Verwaltungsratkompetenzen - Organisator<\/title>\n<meta name=\"description\" content=\"Nur 38 Prozent der KMU attestieren ihrem Verwaltungsrat ausreichendes Wissen \u00fcber die Digitale Transformation, heisst est im DigiBarometer.\" \/>\n<meta name=\"robots\" content=\"index, follow, max-snippet:-1, max-image-preview:large, max-video-preview:-1\" \/>\n<link rel=\"canonical\" href=\"https:\/\/www.organisator.ch\/en\/sustainability\/2019-03-25\/digibarometer-2018-ueber-verwaltungsratkompetenzen\/\" \/>\n<meta property=\"og:locale\" content=\"en_US\" \/>\n<meta property=\"og:type\" content=\"article\" \/>\n<meta property=\"og:title\" content=\"DigiBarometer 2018 \u00fcber Verwaltungsratkompetenzen - Organisator\" \/>\n<meta property=\"og:description\" content=\"Nur 38 Prozent der KMU attestieren ihrem Verwaltungsrat ausreichendes Wissen \u00fcber die Digitale Transformation, heisst est im DigiBarometer.\" \/>\n<meta property=\"og:url\" content=\"https:\/\/www.organisator.ch\/en\/sustainability\/2019-03-25\/digibarometer-2018-ueber-verwaltungsratkompetenzen\/\" \/>\n<meta property=\"og:site_name\" content=\"Organisator\" \/>\n<meta property=\"article:publisher\" content=\"https:\/\/www.facebook.com\/OrganisatorFachmagazin\" \/>\n<meta property=\"article:published_time\" content=\"2019-03-25T09:51:13+00:00\" \/>\n<meta property=\"article:modified_time\" content=\"2022-02-09T10:10:07+00:00\" \/>\n<meta property=\"og:image\" content=\"https:\/\/www.organisator.ch\/wp-content\/uploads\/2019\/03\/DigiBarometer_Cover-scaled.jpg\" \/>\n\t<meta property=\"og:image:width\" content=\"2560\" \/>\n\t<meta property=\"og:image:height\" content=\"1707\" \/>\n\t<meta property=\"og:image:type\" content=\"image\/jpeg\" \/>\n<meta name=\"author\" content=\"michael.merz\" \/>\n<meta name=\"twitter:card\" content=\"summary_large_image\" \/>\n<script type=\"application\/ld+json\" class=\"yoast-schema-graph\">{\"@context\":\"https:\\\/\\\/schema.org\",\"@graph\":[{\"@type\":\"Article\",\"@id\":\"https:\\\/\\\/www.organisator.ch\\\/sustainability\\\/2019-03-25\\\/digibarometer-2018-ueber-verwaltungsratkompetenzen\\\/#article\",\"isPartOf\":{\"@id\":\"https:\\\/\\\/www.organisator.ch\\\/sustainability\\\/2019-03-25\\\/digibarometer-2018-ueber-verwaltungsratkompetenzen\\\/\"},\"author\":{\"name\":\"michael.merz\",\"@id\":\"https:\\\/\\\/www.organisator.ch\\\/#\\\/schema\\\/person\\\/134708ca9321c57b0362cceb7948ffbd\"},\"headline\":\"DigiBarometer 2018 \u00fcber Verwaltungsratkompetenzen\",\"datePublished\":\"2019-03-25T09:51:13+00:00\",\"dateModified\":\"2022-02-09T10:10:07+00:00\",\"mainEntityOfPage\":{\"@id\":\"https:\\\/\\\/www.organisator.ch\\\/sustainability\\\/2019-03-25\\\/digibarometer-2018-ueber-verwaltungsratkompetenzen\\\/\"},\"wordCount\":312,\"commentCount\":0,\"publisher\":{\"@id\":\"https:\\\/\\\/www.organisator.ch\\\/#organization\"},\"image\":{\"@id\":\"https:\\\/\\\/www.organisator.ch\\\/sustainability\\\/2019-03-25\\\/digibarometer-2018-ueber-verwaltungsratkompetenzen\\\/#primaryimage\"},\"thumbnailUrl\":\"https:\\\/\\\/www.organisator.ch\\\/wp-content\\\/uploads\\\/2019\\\/03\\\/DigiBarometer_Cover-scaled.jpg\",\"keywords\":[\"Digitalit\u00e4t\",\"KMU\",\"Schweiz\",\"Verwaltungsrat\"],\"articleSection\":[\"SUSTAINABILITY\"],\"inLanguage\":\"en-US\"},{\"@type\":\"WebPage\",\"@id\":\"https:\\\/\\\/www.organisator.ch\\\/sustainability\\\/2019-03-25\\\/digibarometer-2018-ueber-verwaltungsratkompetenzen\\\/\",\"url\":\"https:\\\/\\\/www.organisator.ch\\\/sustainability\\\/2019-03-25\\\/digibarometer-2018-ueber-verwaltungsratkompetenzen\\\/\",\"name\":\"DigiBarometer 2018 \u00fcber Verwaltungsratkompetenzen - Organisator\",\"isPartOf\":{\"@id\":\"https:\\\/\\\/www.organisator.ch\\\/#website\"},\"primaryImageOfPage\":{\"@id\":\"https:\\\/\\\/www.organisator.ch\\\/sustainability\\\/2019-03-25\\\/digibarometer-2018-ueber-verwaltungsratkompetenzen\\\/#primaryimage\"},\"image\":{\"@id\":\"https:\\\/\\\/www.organisator.ch\\\/sustainability\\\/2019-03-25\\\/digibarometer-2018-ueber-verwaltungsratkompetenzen\\\/#primaryimage\"},\"thumbnailUrl\":\"https:\\\/\\\/www.organisator.ch\\\/wp-content\\\/uploads\\\/2019\\\/03\\\/DigiBarometer_Cover-scaled.jpg\",\"datePublished\":\"2019-03-25T09:51:13+00:00\",\"dateModified\":\"2022-02-09T10:10:07+00:00\",\"description\":\"Nur 38 Prozent der KMU attestieren ihrem Verwaltungsrat ausreichendes Wissen \u00fcber die Digitale Transformation, heisst est im DigiBarometer.\",\"breadcrumb\":{\"@id\":\"https:\\\/\\\/www.organisator.ch\\\/sustainability\\\/2019-03-25\\\/digibarometer-2018-ueber-verwaltungsratkompetenzen\\\/#breadcrumb\"},\"inLanguage\":\"en-US\",\"potentialAction\":[{\"@type\":\"ReadAction\",\"target\":[\"https:\\\/\\\/www.organisator.ch\\\/sustainability\\\/2019-03-25\\\/digibarometer-2018-ueber-verwaltungsratkompetenzen\\\/\"]}]},{\"@type\":\"ImageObject\",\"inLanguage\":\"en-US\",\"@id\":\"https:\\\/\\\/www.organisator.ch\\\/sustainability\\\/2019-03-25\\\/digibarometer-2018-ueber-verwaltungsratkompetenzen\\\/#primaryimage\",\"url\":\"https:\\\/\\\/www.organisator.ch\\\/wp-content\\\/uploads\\\/2019\\\/03\\\/DigiBarometer_Cover-scaled.jpg\",\"contentUrl\":\"https:\\\/\\\/www.organisator.ch\\\/wp-content\\\/uploads\\\/2019\\\/03\\\/DigiBarometer_Cover-scaled.jpg\",\"width\":2560,\"height\":1707,\"caption\":\"Auch in VR-Bereichen Im Umweltsektor braucht es gr\u00f6ssere Anstrengungen. (Bild zVg)\"},{\"@type\":\"BreadcrumbList\",\"@id\":\"https:\\\/\\\/www.organisator.ch\\\/sustainability\\\/2019-03-25\\\/digibarometer-2018-ueber-verwaltungsratkompetenzen\\\/#breadcrumb\",\"itemListElement\":[{\"@type\":\"ListItem\",\"position\":1,\"name\":\"Home\",\"item\":\"https:\\\/\\\/www.organisator.ch\\\/\"},{\"@type\":\"ListItem\",\"position\":2,\"name\":\"DigiBarometer 2018 \u00fcber Verwaltungsratkompetenzen\"}]},{\"@type\":\"WebSite\",\"@id\":\"https:\\\/\\\/www.organisator.ch\\\/#website\",\"url\":\"https:\\\/\\\/www.organisator.ch\\\/\",\"name\":\"Organisator\",\"description\":\"Kompetent. Praxisnah. Der ORGANISATOR bereitet in 10 Ausgaben pro Jahr die wesentlichen Themen f\u00fcr F\u00fchrungskr\u00e4fte von KMU auf.\",\"publisher\":{\"@id\":\"https:\\\/\\\/www.organisator.ch\\\/#organization\"},\"potentialAction\":[{\"@type\":\"SearchAction\",\"target\":{\"@type\":\"EntryPoint\",\"urlTemplate\":\"https:\\\/\\\/www.organisator.ch\\\/?s={search_term_string}\"},\"query-input\":{\"@type\":\"PropertyValueSpecification\",\"valueRequired\":true,\"valueName\":\"search_term_string\"}}],\"inLanguage\":\"en-US\"},{\"@type\":\"Organization\",\"@id\":\"https:\\\/\\\/www.organisator.ch\\\/#organization\",\"name\":\"Organisator\",\"url\":\"https:\\\/\\\/www.organisator.ch\\\/\",\"logo\":{\"@type\":\"ImageObject\",\"inLanguage\":\"en-US\",\"@id\":\"https:\\\/\\\/www.organisator.ch\\\/#\\\/schema\\\/logo\\\/image\\\/\",\"url\":\"https:\\\/\\\/www.organisator.ch\\\/wp-content\\\/uploads\\\/2022\\\/01\\\/Logo_Organisator_Website.png\",\"contentUrl\":\"https:\\\/\\\/www.organisator.ch\\\/wp-content\\\/uploads\\\/2022\\\/01\\\/Logo_Organisator_Website.png\",\"width\":800,\"height\":77,\"caption\":\"Organisator\"},\"image\":{\"@id\":\"https:\\\/\\\/www.organisator.ch\\\/#\\\/schema\\\/logo\\\/image\\\/\"},\"sameAs\":[\"https:\\\/\\\/www.facebook.com\\\/OrganisatorFachmagazin\",\"https:\\\/\\\/www.linkedin.com\\\/showcase\\\/organisator-das-magazin-fr-kmu\",\"https:\\\/\\\/www.xing.com\\\/news\\\/pages\\\/organisator-ch-695\",\"https:\\\/\\\/www.youtube.com\\\/channel\\\/UCGP2Sq0iWaZwT3BdIAQFYpw\"]},{\"@type\":\"Person\",\"@id\":\"https:\\\/\\\/www.organisator.ch\\\/#\\\/schema\\\/person\\\/134708ca9321c57b0362cceb7948ffbd\",\"name\":\"michael.merz\",\"image\":{\"@type\":\"ImageObject\",\"inLanguage\":\"en-US\",\"@id\":\"https:\\\/\\\/secure.gravatar.com\\\/avatar\\\/?s=96&d=mm&r=g\",\"url\":\"https:\\\/\\\/secure.gravatar.com\\\/avatar\\\/?s=96&d=mm&r=g\",\"contentUrl\":\"https:\\\/\\\/secure.gravatar.com\\\/avatar\\\/?s=96&d=mm&r=g\",\"caption\":\"michael.merz\"},\"url\":\"https:\\\/\\\/www.organisator.ch\\\/en\\\/author\\\/michael-merz\\\/\"}]}<\/script>\n<!-- \/ Yoast SEO plugin. -->","yoast_head_json":{"title":"DigiBarometer 2018 on Board of Directors Competencies - Organizer","description":"According to the DigiBarometer, only 38 percent of SMEs believe their board of directors has sufficient knowledge about digital transformation.","robots":{"index":"index","follow":"follow","max-snippet":"max-snippet:-1","max-image-preview":"max-image-preview:large","max-video-preview":"max-video-preview:-1"},"canonical":"https:\/\/www.organisator.ch\/en\/sustainability\/2019-03-25\/digibarometer-2018-ueber-verwaltungsratkompetenzen\/","og_locale":"en_US","og_type":"article","og_title":"DigiBarometer 2018 \u00fcber Verwaltungsratkompetenzen - Organisator","og_description":"Nur 38 Prozent der KMU attestieren ihrem Verwaltungsrat ausreichendes Wissen \u00fcber die Digitale Transformation, heisst est im DigiBarometer.","og_url":"https:\/\/www.organisator.ch\/en\/sustainability\/2019-03-25\/digibarometer-2018-ueber-verwaltungsratkompetenzen\/","og_site_name":"Organisator","article_publisher":"https:\/\/www.facebook.com\/OrganisatorFachmagazin","article_published_time":"2019-03-25T09:51:13+00:00","article_modified_time":"2022-02-09T10:10:07+00:00","og_image":[{"width":2560,"height":1707,"url":"https:\/\/www.organisator.ch\/wp-content\/uploads\/2019\/03\/DigiBarometer_Cover-scaled.jpg","type":"image\/jpeg"}],"author":"michael.merz","twitter_card":"summary_large_image","schema":{"@context":"https:\/\/schema.org","@graph":[{"@type":"Article","@id":"https:\/\/www.organisator.ch\/sustainability\/2019-03-25\/digibarometer-2018-ueber-verwaltungsratkompetenzen\/#article","isPartOf":{"@id":"https:\/\/www.organisator.ch\/sustainability\/2019-03-25\/digibarometer-2018-ueber-verwaltungsratkompetenzen\/"},"author":{"name":"michael.merz","@id":"https:\/\/www.organisator.ch\/#\/schema\/person\/134708ca9321c57b0362cceb7948ffbd"},"headline":"DigiBarometer 2018 \u00fcber Verwaltungsratkompetenzen","datePublished":"2019-03-25T09:51:13+00:00","dateModified":"2022-02-09T10:10:07+00:00","mainEntityOfPage":{"@id":"https:\/\/www.organisator.ch\/sustainability\/2019-03-25\/digibarometer-2018-ueber-verwaltungsratkompetenzen\/"},"wordCount":312,"commentCount":0,"publisher":{"@id":"https:\/\/www.organisator.ch\/#organization"},"image":{"@id":"https:\/\/www.organisator.ch\/sustainability\/2019-03-25\/digibarometer-2018-ueber-verwaltungsratkompetenzen\/#primaryimage"},"thumbnailUrl":"https:\/\/www.organisator.ch\/wp-content\/uploads\/2019\/03\/DigiBarometer_Cover-scaled.jpg","keywords":["Digitalit\u00e4t","KMU","Schweiz","Verwaltungsrat"],"articleSection":["SUSTAINABILITY"],"inLanguage":"en-US"},{"@type":"WebPage","@id":"https:\/\/www.organisator.ch\/sustainability\/2019-03-25\/digibarometer-2018-ueber-verwaltungsratkompetenzen\/","url":"https:\/\/www.organisator.ch\/sustainability\/2019-03-25\/digibarometer-2018-ueber-verwaltungsratkompetenzen\/","name":"DigiBarometer 2018 on Board of Directors Competencies - Organizer","isPartOf":{"@id":"https:\/\/www.organisator.ch\/#website"},"primaryImageOfPage":{"@id":"https:\/\/www.organisator.ch\/sustainability\/2019-03-25\/digibarometer-2018-ueber-verwaltungsratkompetenzen\/#primaryimage"},"image":{"@id":"https:\/\/www.organisator.ch\/sustainability\/2019-03-25\/digibarometer-2018-ueber-verwaltungsratkompetenzen\/#primaryimage"},"thumbnailUrl":"https:\/\/www.organisator.ch\/wp-content\/uploads\/2019\/03\/DigiBarometer_Cover-scaled.jpg","datePublished":"2019-03-25T09:51:13+00:00","dateModified":"2022-02-09T10:10:07+00:00","description":"According to the DigiBarometer, only 38 percent of SMEs believe their board of directors has sufficient knowledge about digital transformation.","breadcrumb":{"@id":"https:\/\/www.organisator.ch\/sustainability\/2019-03-25\/digibarometer-2018-ueber-verwaltungsratkompetenzen\/#breadcrumb"},"inLanguage":"en-US","potentialAction":[{"@type":"ReadAction","target":["https:\/\/www.organisator.ch\/sustainability\/2019-03-25\/digibarometer-2018-ueber-verwaltungsratkompetenzen\/"]}]},{"@type":"ImageObject","inLanguage":"en-US","@id":"https:\/\/www.organisator.ch\/sustainability\/2019-03-25\/digibarometer-2018-ueber-verwaltungsratkompetenzen\/#primaryimage","url":"https:\/\/www.organisator.ch\/wp-content\/uploads\/2019\/03\/DigiBarometer_Cover-scaled.jpg","contentUrl":"https:\/\/www.organisator.ch\/wp-content\/uploads\/2019\/03\/DigiBarometer_Cover-scaled.jpg","width":2560,"height":1707,"caption":"Auch in VR-Bereichen Im Umweltsektor braucht es gr\u00f6ssere Anstrengungen. (Bild zVg)"},{"@type":"BreadcrumbList","@id":"https:\/\/www.organisator.ch\/sustainability\/2019-03-25\/digibarometer-2018-ueber-verwaltungsratkompetenzen\/#breadcrumb","itemListElement":[{"@type":"ListItem","position":1,"name":"Home","item":"https:\/\/www.organisator.ch\/"},{"@type":"ListItem","position":2,"name":"DigiBarometer 2018 \u00fcber Verwaltungsratkompetenzen"}]},{"@type":"WebSite","@id":"https:\/\/www.organisator.ch\/#website","url":"https:\/\/www.organisator.ch\/","name":"Organizer","description":"Competent. Practical. In 10 issues per year, ORGANISATOR presents the essential topics for managers of SMEs.","publisher":{"@id":"https:\/\/www.organisator.ch\/#organization"},"potentialAction":[{"@type":"SearchAction","target":{"@type":"EntryPoint","urlTemplate":"https:\/\/www.organisator.ch\/?s={search_term_string}"},"query-input":{"@type":"PropertyValueSpecification","valueRequired":true,"valueName":"search_term_string"}}],"inLanguage":"en-US"},{"@type":"Organization","@id":"https:\/\/www.organisator.ch\/#organization","name":"Organizer","url":"https:\/\/www.organisator.ch\/","logo":{"@type":"ImageObject","inLanguage":"en-US","@id":"https:\/\/www.organisator.ch\/#\/schema\/logo\/image\/","url":"https:\/\/www.organisator.ch\/wp-content\/uploads\/2022\/01\/Logo_Organisator_Website.png","contentUrl":"https:\/\/www.organisator.ch\/wp-content\/uploads\/2022\/01\/Logo_Organisator_Website.png","width":800,"height":77,"caption":"Organisator"},"image":{"@id":"https:\/\/www.organisator.ch\/#\/schema\/logo\/image\/"},"sameAs":["https:\/\/www.facebook.com\/OrganisatorFachmagazin","https:\/\/www.linkedin.com\/showcase\/organisator-das-magazin-fr-kmu","https:\/\/www.xing.com\/news\/pages\/organisator-ch-695","https:\/\/www.youtube.com\/channel\/UCGP2Sq0iWaZwT3BdIAQFYpw"]},{"@type":"Person","@id":"https:\/\/www.organisator.ch\/#\/schema\/person\/134708ca9321c57b0362cceb7948ffbd","name":"michael.merz","image":{"@type":"ImageObject","inLanguage":"en-US","@id":"https:\/\/secure.gravatar.com\/avatar\/?s=96&d=mm&r=g","url":"https:\/\/secure.gravatar.com\/avatar\/?s=96&d=mm&r=g","contentUrl":"https:\/\/secure.gravatar.com\/avatar\/?s=96&d=mm&r=g","caption":"michael.merz"},"url":"https:\/\/www.organisator.ch\/en\/author\/michael-merz\/"}]}},"_links":{"self":[{"href":"https:\/\/www.organisator.ch\/en\/wp-json\/wp\/v2\/posts\/10078","targetHints":{"allow":["GET"]}}],"collection":[{"href":"https:\/\/www.organisator.ch\/en\/wp-json\/wp\/v2\/posts"}],"about":[{"href":"https:\/\/www.organisator.ch\/en\/wp-json\/wp\/v2\/types\/post"}],"author":[{"embeddable":true,"href":"https:\/\/www.organisator.ch\/en\/wp-json\/wp\/v2\/users\/5"}],"replies":[{"embeddable":true,"href":"https:\/\/www.organisator.ch\/en\/wp-json\/wp\/v2\/comments?post=10078"}],"version-history":[{"count":1,"href":"https:\/\/www.organisator.ch\/en\/wp-json\/wp\/v2\/posts\/10078\/revisions"}],"predecessor-version":[{"id":10907,"href":"https:\/\/www.organisator.ch\/en\/wp-json\/wp\/v2\/posts\/10078\/revisions\/10907"}],"wp:featuredmedia":[{"embeddable":true,"href":"https:\/\/www.organisator.ch\/en\/wp-json\/wp\/v2\/media\/9596"}],"wp:attachment":[{"href":"https:\/\/www.organisator.ch\/en\/wp-json\/wp\/v2\/media?parent=10078"}],"wp:term":[{"taxonomy":"category","embeddable":true,"href":"https:\/\/www.organisator.ch\/en\/wp-json\/wp\/v2\/categories?post=10078"},{"taxonomy":"post_tag","embeddable":true,"href":"https:\/\/www.organisator.ch\/en\/wp-json\/wp\/v2\/tags?post=10078"}],"curies":[{"name":"wp","href":"https:\/\/api.w.org\/{rel}","templated":true}]}}