{"id":1008,"date":"2016-07-29T08:29:06","date_gmt":"2016-07-29T06:29:06","guid":{"rendered":"http:\/\/dev.organisator.ch\/?p=1008"},"modified":"2016-07-29T08:29:06","modified_gmt":"2016-07-29T06:29:06","slug":"buchtipp-der-k-faktor","status":"publish","type":"post","link":"https:\/\/www.organisator.ch\/en\/management\/2016-07-29\/buchtipp-der-k-faktor\/","title":{"rendered":"Book tip: The K factor"},"content":{"rendered":"<figure id=\"attachment_1009\" aria-describedby=\"caption-attachment-1009\" style=\"width: 640px\" class=\"wp-caption alignnone\"><img loading=\"lazy\" decoding=\"async\" class=\"size-full wp-image-1009\" src=\"https:\/\/www.organisator.ch\/wp-content\/uploads\/2016\/12\/Buchtipp-Der-K-Faktor-organisator.jpg\" alt=\"\" width=\"640\" height=\"480\" srcset=\"https:\/\/www.organisator.ch\/wp-content\/uploads\/2016\/12\/Buchtipp-Der-K-Faktor-organisator.jpg 640w, https:\/\/www.organisator.ch\/wp-content\/uploads\/2016\/12\/Buchtipp-Der-K-Faktor-organisator-16x12.jpg 16w, https:\/\/www.organisator.ch\/wp-content\/uploads\/2016\/12\/Buchtipp-Der-K-Faktor-organisator-233x175.jpg 233w, https:\/\/www.organisator.ch\/wp-content\/uploads\/2016\/12\/Buchtipp-Der-K-Faktor-organisator-467x350.jpg 467w, https:\/\/www.organisator.ch\/wp-content\/uploads\/2016\/12\/Buchtipp-Der-K-Faktor-organisator-300x225.jpg 300w\" sizes=\"auto, (max-width: 640px) 100vw, 640px\" \/><figcaption id=\"caption-attachment-1009\" class=\"wp-caption-text\">Leonhard Fopp presents his book on the paradigm shift in corporate management<\/figcaption><\/figure>\n<p>Today's customers are looking for the causal as well as the genuine. Employees expect not only materially good employment conditions. Rather, they want to sense a company's original values: expressed through art, creation, power and communication. This corresponds to the new management paradigm of dual management.<\/p>\n<p><strong>The third force<\/strong><\/p>\n<p>The management consultant and author understands the K-factor as the third force in a company besides knowledge and money. According to Leonhard Fopp, the success drivers of art, creation, power and communication would give rise to a new corporate dynamic. However, these supposed soft factors are by no means \"L'art pour l'art,\" as the author continues. Rather, creative impulses and interpersonal energy are the breeding ground for a greater ability to learn and innovate, which in turn have a noticeable impact on operational earning power. This enables sustainable and resource-conserving growth.<\/p>\n<p><strong>Paradigm shift necessary<\/strong><\/p>\n<p>In order to let the K-factor fully blossom, the author considers it necessary that companies do not work exclusively for profit maximization, but rather that a paradigm shift takes place towards more intuition and emotion in business management. To this end, Leonhard Fopp postulates a return to the entrepreneurial essence (elemental force or DNA) and, in addition, the use of symbols and archetypes in communication. In this way, the skilfully staged corporate image enables a clear profile on the market with a positive aura.<\/p>\n<p>Leonhard Fopp's publication is not just a theoretical treatise, however. In addition to countless application examples, the reader learns in a series of interviews with well-known entrepreneurial personalities what it means in concrete terms to use the K-factor in one's company, or to live it. In this way, the reader gains insight into the professional and intellectual world of well-known entrepreneurial personalities such as Michael Pieper, Michael Ringier or Reinhold W\u00fcrth, among others.<\/p>\n<p><strong>The author<\/strong><\/p>\n<p>Leonhard Fopp, Dr. oec. HSG, is the owner of DYMAS AG, a specialist in the dynamization of companies and Chairman of the Board of Continuum AG, which supports entrepreneurial families and family businesses in succession planning. He is president of the FBA Family Business Association, former president of ASCO (Swiss Association of Management Consultants) and author of several management books and many articles.<\/p>\n<p><em>More information: <a href=\"http:\/\/www.leonhard-fopp.ch\" target=\"_blank\" data-cke-saved-href=\"http:\/\/www.leonhard-fopp.ch\" rel=\"noopener\">www.leonhard-fopp.ch<\/a><\/em><\/p>","protected":false},"excerpt":{"rendered":"<p>Die heutigen Kunden suchen das Urs\u00e4chliche sowie das Echte. Angestellte erwarten nicht nur materiell gute Anstellungsbedingungen. Sie wollen vielmehr origin\u00e4re Werthaltungen einer Firma sp\u00fcren: ausgedr\u00fcckt \u00fcber Kunst, Kreation, Kraft und Kommunikation. Dies entspricht dem neuen Management-Paradigma der Doppelten Unternehmensf\u00fchrung. Die dritte Kraft Unter dem K-Faktor versteht der Unternehmensberater und Buchautor die neben Wissen und Geld [&hellip;]<\/p>\n","protected":false},"author":1,"featured_media":1009,"comment_status":"open","ping_status":"open","sticky":false,"template":"","format":"standard","meta":{"_acf_changed":false,"_yoast_wpseo_focuskw":"K-Faktor","_yoast_wpseo_metadesc":"Der K-Faktor beschreibt die Notwendigkeit f\u00fcr die Unternehmensleitung mehr zu tun, als die Firma bloss \u00fcber die Kosten und Gewinnbeteiligungen zu f\u00fchren.","articlekey":"","footnotes":""},"categories":[28],"tags":[335],"class_list":["post-1008","post","type-post","status-publish","format-standard","has-post-thumbnail","hentry","category-management","tag-management-und-unternehmensfuehrung"],"acf":[],"yoast_head":"<!-- This site is optimized with the Yoast SEO plugin v27.4 - https:\/\/yoast.com\/product\/yoast-seo-wordpress\/ -->\n<title>Buchtipp: Der K-Faktor - Organisator<\/title>\n<meta name=\"description\" content=\"Der K-Faktor beschreibt die Notwendigkeit f\u00fcr die Unternehmensleitung mehr zu tun, als die Firma bloss \u00fcber die Kosten und Gewinnbeteiligungen zu f\u00fchren.\" \/>\n<meta name=\"robots\" content=\"index, follow, max-snippet:-1, max-image-preview:large, max-video-preview:-1\" \/>\n<link rel=\"canonical\" href=\"https:\/\/www.organisator.ch\/en\/management\/2016-07-29\/buchtipp-der-k-faktor\/\" \/>\n<meta property=\"og:locale\" content=\"en_US\" \/>\n<meta property=\"og:type\" content=\"article\" \/>\n<meta property=\"og:title\" content=\"Buchtipp: Der K-Faktor\" \/>\n<meta property=\"og:description\" content=\"Der Unternehmensberater Leonhard Fopp beschreibt in seinem neuen Buch (\u201eK-Faktor\u201c - Doppelte Unternehmensf\u00fchrung im dritten Jahrtausend) die Notwendigkeit f\u00fcr die Unternehmensleitung wesentlich mehr zu tun, als die Firma bloss \u00fcber die Kosten und Gewinnbeteiligungen zu f\u00fchren.\" \/>\n<meta property=\"og:url\" content=\"https:\/\/www.organisator.ch\/en\/management\/2016-07-29\/buchtipp-der-k-faktor\/\" \/>\n<meta property=\"og:site_name\" content=\"Organisator\" \/>\n<meta property=\"article:publisher\" content=\"https:\/\/www.facebook.com\/OrganisatorFachmagazin\" \/>\n<meta property=\"article:published_time\" content=\"2016-07-29T06:29:06+00:00\" \/>\n<meta name=\"author\" content=\"admin\" \/>\n<meta name=\"twitter:card\" content=\"summary_large_image\" \/>\n<meta name=\"twitter:image\" content=\"https:\/\/www.organisator.ch\/wp-content\/uploads\/2016\/12\/Buchtipp-Der-K-Faktor-organisator.jpg\" \/>\n<script type=\"application\/ld+json\" class=\"yoast-schema-graph\">{\"@context\":\"https:\\\/\\\/schema.org\",\"@graph\":[{\"@type\":\"Article\",\"@id\":\"https:\\\/\\\/www.organisator.ch\\\/management\\\/2016-07-29\\\/buchtipp-der-k-faktor\\\/#article\",\"isPartOf\":{\"@id\":\"https:\\\/\\\/www.organisator.ch\\\/management\\\/2016-07-29\\\/buchtipp-der-k-faktor\\\/\"},\"author\":{\"name\":\"admin\",\"@id\":\"https:\\\/\\\/www.organisator.ch\\\/#\\\/schema\\\/person\\\/aa2bace6c5c5aad60102004a50c4eb1c\"},\"headline\":\"Buchtipp: Der K-Faktor\",\"datePublished\":\"2016-07-29T06:29:06+00:00\",\"mainEntityOfPage\":{\"@id\":\"https:\\\/\\\/www.organisator.ch\\\/management\\\/2016-07-29\\\/buchtipp-der-k-faktor\\\/\"},\"wordCount\":378,\"commentCount\":0,\"publisher\":{\"@id\":\"https:\\\/\\\/www.organisator.ch\\\/#organization\"},\"image\":{\"@id\":\"https:\\\/\\\/www.organisator.ch\\\/management\\\/2016-07-29\\\/buchtipp-der-k-faktor\\\/#primaryimage\"},\"thumbnailUrl\":\"https:\\\/\\\/www.organisator.ch\\\/wp-content\\\/uploads\\\/2016\\\/12\\\/Buchtipp-Der-K-Faktor-organisator.jpg\",\"keywords\":[\"Management und Unternehmensf\u00fchrung\"],\"articleSection\":[\"MANAGEMENT\"],\"inLanguage\":\"en-US\"},{\"@type\":\"WebPage\",\"@id\":\"https:\\\/\\\/www.organisator.ch\\\/management\\\/2016-07-29\\\/buchtipp-der-k-faktor\\\/\",\"url\":\"https:\\\/\\\/www.organisator.ch\\\/management\\\/2016-07-29\\\/buchtipp-der-k-faktor\\\/\",\"name\":\"Buchtipp: Der K-Faktor - Organisator\",\"isPartOf\":{\"@id\":\"https:\\\/\\\/www.organisator.ch\\\/#website\"},\"primaryImageOfPage\":{\"@id\":\"https:\\\/\\\/www.organisator.ch\\\/management\\\/2016-07-29\\\/buchtipp-der-k-faktor\\\/#primaryimage\"},\"image\":{\"@id\":\"https:\\\/\\\/www.organisator.ch\\\/management\\\/2016-07-29\\\/buchtipp-der-k-faktor\\\/#primaryimage\"},\"thumbnailUrl\":\"https:\\\/\\\/www.organisator.ch\\\/wp-content\\\/uploads\\\/2016\\\/12\\\/Buchtipp-Der-K-Faktor-organisator.jpg\",\"datePublished\":\"2016-07-29T06:29:06+00:00\",\"description\":\"Der K-Faktor beschreibt die Notwendigkeit f\u00fcr die Unternehmensleitung mehr zu tun, als die Firma bloss \u00fcber die Kosten und Gewinnbeteiligungen zu f\u00fchren.\",\"breadcrumb\":{\"@id\":\"https:\\\/\\\/www.organisator.ch\\\/management\\\/2016-07-29\\\/buchtipp-der-k-faktor\\\/#breadcrumb\"},\"inLanguage\":\"en-US\",\"potentialAction\":[{\"@type\":\"ReadAction\",\"target\":[\"https:\\\/\\\/www.organisator.ch\\\/management\\\/2016-07-29\\\/buchtipp-der-k-faktor\\\/\"]}]},{\"@type\":\"ImageObject\",\"inLanguage\":\"en-US\",\"@id\":\"https:\\\/\\\/www.organisator.ch\\\/management\\\/2016-07-29\\\/buchtipp-der-k-faktor\\\/#primaryimage\",\"url\":\"https:\\\/\\\/www.organisator.ch\\\/wp-content\\\/uploads\\\/2016\\\/12\\\/Buchtipp-Der-K-Faktor-organisator.jpg\",\"contentUrl\":\"https:\\\/\\\/www.organisator.ch\\\/wp-content\\\/uploads\\\/2016\\\/12\\\/Buchtipp-Der-K-Faktor-organisator.jpg\",\"width\":640,\"height\":480,\"caption\":\"Leonhard Fopp pr\u00e4sentiert sein Buch \u00fcber den Paradigmenwechsel in der Unternehmensf\u00fchrung\"},{\"@type\":\"BreadcrumbList\",\"@id\":\"https:\\\/\\\/www.organisator.ch\\\/management\\\/2016-07-29\\\/buchtipp-der-k-faktor\\\/#breadcrumb\",\"itemListElement\":[{\"@type\":\"ListItem\",\"position\":1,\"name\":\"Home\",\"item\":\"https:\\\/\\\/www.organisator.ch\\\/\"},{\"@type\":\"ListItem\",\"position\":2,\"name\":\"Buchtipp: Der K-Faktor\"}]},{\"@type\":\"WebSite\",\"@id\":\"https:\\\/\\\/www.organisator.ch\\\/#website\",\"url\":\"https:\\\/\\\/www.organisator.ch\\\/\",\"name\":\"Organisator\",\"description\":\"Kompetent. Praxisnah. Der ORGANISATOR bereitet in 10 Ausgaben pro Jahr die wesentlichen Themen f\u00fcr F\u00fchrungskr\u00e4fte von KMU auf.\",\"publisher\":{\"@id\":\"https:\\\/\\\/www.organisator.ch\\\/#organization\"},\"potentialAction\":[{\"@type\":\"SearchAction\",\"target\":{\"@type\":\"EntryPoint\",\"urlTemplate\":\"https:\\\/\\\/www.organisator.ch\\\/?s={search_term_string}\"},\"query-input\":{\"@type\":\"PropertyValueSpecification\",\"valueRequired\":true,\"valueName\":\"search_term_string\"}}],\"inLanguage\":\"en-US\"},{\"@type\":\"Organization\",\"@id\":\"https:\\\/\\\/www.organisator.ch\\\/#organization\",\"name\":\"Organisator\",\"url\":\"https:\\\/\\\/www.organisator.ch\\\/\",\"logo\":{\"@type\":\"ImageObject\",\"inLanguage\":\"en-US\",\"@id\":\"https:\\\/\\\/www.organisator.ch\\\/#\\\/schema\\\/logo\\\/image\\\/\",\"url\":\"https:\\\/\\\/www.organisator.ch\\\/wp-content\\\/uploads\\\/2022\\\/01\\\/Logo_Organisator_Website.png\",\"contentUrl\":\"https:\\\/\\\/www.organisator.ch\\\/wp-content\\\/uploads\\\/2022\\\/01\\\/Logo_Organisator_Website.png\",\"width\":800,\"height\":77,\"caption\":\"Organisator\"},\"image\":{\"@id\":\"https:\\\/\\\/www.organisator.ch\\\/#\\\/schema\\\/logo\\\/image\\\/\"},\"sameAs\":[\"https:\\\/\\\/www.facebook.com\\\/OrganisatorFachmagazin\",\"https:\\\/\\\/www.linkedin.com\\\/showcase\\\/organisator-das-magazin-fr-kmu\",\"https:\\\/\\\/www.xing.com\\\/news\\\/pages\\\/organisator-ch-695\",\"https:\\\/\\\/www.youtube.com\\\/channel\\\/UCGP2Sq0iWaZwT3BdIAQFYpw\"]},{\"@type\":\"Person\",\"@id\":\"https:\\\/\\\/www.organisator.ch\\\/#\\\/schema\\\/person\\\/aa2bace6c5c5aad60102004a50c4eb1c\",\"name\":\"admin\",\"image\":{\"@type\":\"ImageObject\",\"inLanguage\":\"en-US\",\"@id\":\"https:\\\/\\\/secure.gravatar.com\\\/avatar\\\/ae2f4d718e6c49043e314ce431e7e645d646302a24a5ef5a8bc8e3f5a032e319?s=96&d=mm&r=g\",\"url\":\"https:\\\/\\\/secure.gravatar.com\\\/avatar\\\/ae2f4d718e6c49043e314ce431e7e645d646302a24a5ef5a8bc8e3f5a032e319?s=96&d=mm&r=g\",\"contentUrl\":\"https:\\\/\\\/secure.gravatar.com\\\/avatar\\\/ae2f4d718e6c49043e314ce431e7e645d646302a24a5ef5a8bc8e3f5a032e319?s=96&d=mm&r=g\",\"caption\":\"admin\"},\"sameAs\":[\"https:\\\/\\\/www.organisator.ch\"],\"url\":\"https:\\\/\\\/www.organisator.ch\\\/en\\\/author\\\/admin\\\/\"}]}<\/script>\n<!-- \/ Yoast SEO plugin. -->","yoast_head_json":{"title":"Book Tip: The K-Factor - Organizer","description":"The K-factor describes the need for management to do more than just run the company on costs and profit sharing.","robots":{"index":"index","follow":"follow","max-snippet":"max-snippet:-1","max-image-preview":"max-image-preview:large","max-video-preview":"max-video-preview:-1"},"canonical":"https:\/\/www.organisator.ch\/en\/management\/2016-07-29\/buchtipp-der-k-faktor\/","og_locale":"en_US","og_type":"article","og_title":"Buchtipp: Der K-Faktor","og_description":"Der Unternehmensberater Leonhard Fopp beschreibt in seinem neuen Buch (\u201eK-Faktor\u201c - Doppelte Unternehmensf\u00fchrung im dritten Jahrtausend) die Notwendigkeit f\u00fcr die Unternehmensleitung wesentlich mehr zu tun, als die Firma bloss \u00fcber die Kosten und Gewinnbeteiligungen zu f\u00fchren.","og_url":"https:\/\/www.organisator.ch\/en\/management\/2016-07-29\/buchtipp-der-k-faktor\/","og_site_name":"Organisator","article_publisher":"https:\/\/www.facebook.com\/OrganisatorFachmagazin","article_published_time":"2016-07-29T06:29:06+00:00","author":"admin","twitter_card":"summary_large_image","twitter_image":"https:\/\/www.organisator.ch\/wp-content\/uploads\/2016\/12\/Buchtipp-Der-K-Faktor-organisator.jpg","schema":{"@context":"https:\/\/schema.org","@graph":[{"@type":"Article","@id":"https:\/\/www.organisator.ch\/management\/2016-07-29\/buchtipp-der-k-faktor\/#article","isPartOf":{"@id":"https:\/\/www.organisator.ch\/management\/2016-07-29\/buchtipp-der-k-faktor\/"},"author":{"name":"admin","@id":"https:\/\/www.organisator.ch\/#\/schema\/person\/aa2bace6c5c5aad60102004a50c4eb1c"},"headline":"Buchtipp: Der K-Faktor","datePublished":"2016-07-29T06:29:06+00:00","mainEntityOfPage":{"@id":"https:\/\/www.organisator.ch\/management\/2016-07-29\/buchtipp-der-k-faktor\/"},"wordCount":378,"commentCount":0,"publisher":{"@id":"https:\/\/www.organisator.ch\/#organization"},"image":{"@id":"https:\/\/www.organisator.ch\/management\/2016-07-29\/buchtipp-der-k-faktor\/#primaryimage"},"thumbnailUrl":"https:\/\/www.organisator.ch\/wp-content\/uploads\/2016\/12\/Buchtipp-Der-K-Faktor-organisator.jpg","keywords":["Management und Unternehmensf\u00fchrung"],"articleSection":["MANAGEMENT"],"inLanguage":"en-US"},{"@type":"WebPage","@id":"https:\/\/www.organisator.ch\/management\/2016-07-29\/buchtipp-der-k-faktor\/","url":"https:\/\/www.organisator.ch\/management\/2016-07-29\/buchtipp-der-k-faktor\/","name":"Book Tip: The K-Factor - Organizer","isPartOf":{"@id":"https:\/\/www.organisator.ch\/#website"},"primaryImageOfPage":{"@id":"https:\/\/www.organisator.ch\/management\/2016-07-29\/buchtipp-der-k-faktor\/#primaryimage"},"image":{"@id":"https:\/\/www.organisator.ch\/management\/2016-07-29\/buchtipp-der-k-faktor\/#primaryimage"},"thumbnailUrl":"https:\/\/www.organisator.ch\/wp-content\/uploads\/2016\/12\/Buchtipp-Der-K-Faktor-organisator.jpg","datePublished":"2016-07-29T06:29:06+00:00","description":"The K-factor describes the need for management to do more than just run the company on costs and profit sharing.","breadcrumb":{"@id":"https:\/\/www.organisator.ch\/management\/2016-07-29\/buchtipp-der-k-faktor\/#breadcrumb"},"inLanguage":"en-US","potentialAction":[{"@type":"ReadAction","target":["https:\/\/www.organisator.ch\/management\/2016-07-29\/buchtipp-der-k-faktor\/"]}]},{"@type":"ImageObject","inLanguage":"en-US","@id":"https:\/\/www.organisator.ch\/management\/2016-07-29\/buchtipp-der-k-faktor\/#primaryimage","url":"https:\/\/www.organisator.ch\/wp-content\/uploads\/2016\/12\/Buchtipp-Der-K-Faktor-organisator.jpg","contentUrl":"https:\/\/www.organisator.ch\/wp-content\/uploads\/2016\/12\/Buchtipp-Der-K-Faktor-organisator.jpg","width":640,"height":480,"caption":"Leonhard Fopp pr\u00e4sentiert sein Buch \u00fcber den Paradigmenwechsel in der Unternehmensf\u00fchrung"},{"@type":"BreadcrumbList","@id":"https:\/\/www.organisator.ch\/management\/2016-07-29\/buchtipp-der-k-faktor\/#breadcrumb","itemListElement":[{"@type":"ListItem","position":1,"name":"Home","item":"https:\/\/www.organisator.ch\/"},{"@type":"ListItem","position":2,"name":"Buchtipp: Der K-Faktor"}]},{"@type":"WebSite","@id":"https:\/\/www.organisator.ch\/#website","url":"https:\/\/www.organisator.ch\/","name":"Organizer","description":"Competent. Practical. In 10 issues per year, ORGANISATOR presents the essential topics for managers of SMEs.","publisher":{"@id":"https:\/\/www.organisator.ch\/#organization"},"potentialAction":[{"@type":"SearchAction","target":{"@type":"EntryPoint","urlTemplate":"https:\/\/www.organisator.ch\/?s={search_term_string}"},"query-input":{"@type":"PropertyValueSpecification","valueRequired":true,"valueName":"search_term_string"}}],"inLanguage":"en-US"},{"@type":"Organization","@id":"https:\/\/www.organisator.ch\/#organization","name":"Organizer","url":"https:\/\/www.organisator.ch\/","logo":{"@type":"ImageObject","inLanguage":"en-US","@id":"https:\/\/www.organisator.ch\/#\/schema\/logo\/image\/","url":"https:\/\/www.organisator.ch\/wp-content\/uploads\/2022\/01\/Logo_Organisator_Website.png","contentUrl":"https:\/\/www.organisator.ch\/wp-content\/uploads\/2022\/01\/Logo_Organisator_Website.png","width":800,"height":77,"caption":"Organisator"},"image":{"@id":"https:\/\/www.organisator.ch\/#\/schema\/logo\/image\/"},"sameAs":["https:\/\/www.facebook.com\/OrganisatorFachmagazin","https:\/\/www.linkedin.com\/showcase\/organisator-das-magazin-fr-kmu","https:\/\/www.xing.com\/news\/pages\/organisator-ch-695","https:\/\/www.youtube.com\/channel\/UCGP2Sq0iWaZwT3BdIAQFYpw"]},{"@type":"Person","@id":"https:\/\/www.organisator.ch\/#\/schema\/person\/aa2bace6c5c5aad60102004a50c4eb1c","name":"admin","image":{"@type":"ImageObject","inLanguage":"en-US","@id":"https:\/\/secure.gravatar.com\/avatar\/ae2f4d718e6c49043e314ce431e7e645d646302a24a5ef5a8bc8e3f5a032e319?s=96&d=mm&r=g","url":"https:\/\/secure.gravatar.com\/avatar\/ae2f4d718e6c49043e314ce431e7e645d646302a24a5ef5a8bc8e3f5a032e319?s=96&d=mm&r=g","contentUrl":"https:\/\/secure.gravatar.com\/avatar\/ae2f4d718e6c49043e314ce431e7e645d646302a24a5ef5a8bc8e3f5a032e319?s=96&d=mm&r=g","caption":"admin"},"sameAs":["https:\/\/www.organisator.ch"],"url":"https:\/\/www.organisator.ch\/en\/author\/admin\/"}]}},"_links":{"self":[{"href":"https:\/\/www.organisator.ch\/en\/wp-json\/wp\/v2\/posts\/1008","targetHints":{"allow":["GET"]}}],"collection":[{"href":"https:\/\/www.organisator.ch\/en\/wp-json\/wp\/v2\/posts"}],"about":[{"href":"https:\/\/www.organisator.ch\/en\/wp-json\/wp\/v2\/types\/post"}],"author":[{"embeddable":true,"href":"https:\/\/www.organisator.ch\/en\/wp-json\/wp\/v2\/users\/1"}],"replies":[{"embeddable":true,"href":"https:\/\/www.organisator.ch\/en\/wp-json\/wp\/v2\/comments?post=1008"}],"version-history":[{"count":0,"href":"https:\/\/www.organisator.ch\/en\/wp-json\/wp\/v2\/posts\/1008\/revisions"}],"wp:featuredmedia":[{"embeddable":true,"href":"https:\/\/www.organisator.ch\/en\/wp-json\/wp\/v2\/media\/1009"}],"wp:attachment":[{"href":"https:\/\/www.organisator.ch\/en\/wp-json\/wp\/v2\/media?parent=1008"}],"wp:term":[{"taxonomy":"category","embeddable":true,"href":"https:\/\/www.organisator.ch\/en\/wp-json\/wp\/v2\/categories?post=1008"},{"taxonomy":"post_tag","embeddable":true,"href":"https:\/\/www.organisator.ch\/en\/wp-json\/wp\/v2\/tags?post=1008"}],"curies":[{"name":"wp","href":"https:\/\/api.w.org\/{rel}","templated":true}]}}