{"id":10080,"date":"2019-04-05T12:46:09","date_gmt":"2019-04-05T10:46:09","guid":{"rendered":"https:\/\/www.umweltperspektiven.ch\/?p=2094"},"modified":"2022-02-09T11:05:36","modified_gmt":"2022-02-09T10:05:36","slug":"kreislauf-und-recycling-wirtschaft-wo-steht-die-schweiz","status":"publish","type":"post","link":"https:\/\/www.organisator.ch\/en\/sustainability\/2019-04-05\/kreislauf-und-recycling-wirtschaft-wo-steht-die-schweiz\/","title":{"rendered":"Circular and recycling economy, where does Switzerland stand?"},"content":{"rendered":"<figure id=\"attachment_2097\" aria-describedby=\"caption-attachment-2097\" style=\"width: 680px\" class=\"wp-caption alignnone\"><img loading=\"lazy\" decoding=\"async\" class=\"wp-image-2097 size-medium\" src=\"\/\/www.umweltperspektiven.ch\/wp-content\/uploads\/2019\/04\/photo0jpg.jpg\" alt=\"\" width=\"680\" height=\"510\" \/><figcaption id=\"caption-attachment-2097\" class=\"wp-caption-text\">Switzerland is also striving for the circular economy. It is thus starting out on the sunnier side than many EU countries.<\/figcaption><\/figure>\n<p>On April 2, 2019, the first meeting of circular economy and recycling experts from Switzerland and the EU took place. The EU has presented the ambitious \"Circular Economy Package 2030\". It includes various measures to prevent waste, improve the recyclability of products and promote the development of collection and recycling systems. The goal is for the economy to transition to a circular economy. If Switzerland's most important trading partner makes such fundamental changes to its economic area, Switzerland will also have to deal with these changes.<\/p>\n<p>Recycling experts from the EU and Switzerland debated the challenges and consequences of this new EU strategy on the Swiss industry at the first expert meeting of the \"Turntable Circular Economy Switzerland\" platform. Patrik Geisselhardt, Managing Director of Swiss Recycling, was pleased with the successful start: \"<em>The 'Circular Economy Package 2030' will change our economy more than many think. I am very happy that we can start the dialogue at this early stage to promote the exchange of knowledge and ideas.<\/em>\"<\/p>\n<p><strong>Switzerland in a good starting position<\/strong><br \/>\nSwitzerland is also striving for the circular economy. However, it is starting from a better position than many EU countries. For example, many recyclable materials are already collected separately in Switzerland and recycled to a high standard. The guiding principles of the Resource Dialogue provide a framework. Cooperation between the public sector, the recycling industry, product manufacturers and retailers is also working. Product design, or design for recycling, is essential for further steps towards a circular economy. This means that products and packaging must be designed in such a way that they can be recycled as optimally as possible at the end of their life cycle.<\/p>\n<p>Swiss Recycling and Drehscheibe Kreislaufwirtschaft Schweiz:<br \/>\nSwiss Recycling is the umbrella organization of Swiss recycling systems. With the \"Drehscheibe Kreislaufwirtschaft Schweiz\" (Swiss Circular Economy Hub), Swiss Recycling creates a platform for committed organizations that develop concrete solutions for more circular economy. Among other things, sustainable recycling indicators are being developed instead of simple collection quotas, so that the circular economy can be measured holistically. Design-for-recycling will be optimized by means of sector recommendations from the industries concerned, which will also enable the use of recyclates to be further improved. Finally, the necessary knowledge is presented and shared in a way that is appropriate for the target group.<\/p>\n<p><em>Related links<\/em><\/p>\n<ul>\n<li><a href=\"\/\/www.circular-economy.swiss\">www.circular-economy.swiss<\/a><\/li>\n<li><a href=\"\/\/www.swissrecycling.ch\">www.swissrecycling.ch<\/a><\/li>\n<li><a href=\"\/\/www.ressourcentrialog.ch\">www.ressourcentrialog.ch<\/a><\/li>\n<\/ul>\n<p>&nbsp;<\/p>\n<p>&nbsp;<\/p>","protected":false},"excerpt":{"rendered":"<p>Am 2. April 2019 fand das erste Treffen von Kreislauf- und Recycling-Experten aus der Schweiz und der EU statt. Die EU hat das ambitionierte \u00abKreislaufwirtschaftspaket 2030\u00bb vorgelegt. Darin enthalten sind verschiedene Massnahmen, um Abf\u00e4lle zu vermeiden, die Rezyklierf\u00e4higkeit von Produkten zu verbessern und den Aufbau von Sammel- und Recyclingsystemen zu f\u00f6rdern. Ziel ist, dass die [&hellip;]<\/p>\n","protected":false},"author":5,"featured_media":9599,"comment_status":"open","ping_status":"open","sticky":false,"template":"","format":"standard","meta":{"_acf_changed":false,"_yoast_wpseo_focuskw":"Kreislauf- und Recycling","_yoast_wpseo_metadesc":"Die Kreislauf- und Recycling-Wirtschaft erh\u00e4lt Aufwind durch die \u00abDrehscheibe Kreislaufwirtschaft Schweiz\u00bb, sich auch mit EU-Experten austauscht.","articlekey":"","footnotes":""},"categories":[580],"tags":[1132,594,424],"class_list":["post-10080","post","type-post","status-publish","format-standard","has-post-thumbnail","hentry","category-sustainability","tag-eu","tag-kreislaufwirtschaft","tag-schweiz"],"acf":[],"yoast_head":"<!-- This site is optimized with the Yoast SEO plugin v27.5 - https:\/\/yoast.com\/product\/yoast-seo-wordpress\/ -->\n<title>Kreislauf- und Recycling-Wirtschaft, wo steht die Schweiz? - Organisator<\/title>\n<meta name=\"description\" content=\"Die Kreislauf- und Recycling-Wirtschaft erh\u00e4lt Aufwind durch die \u00abDrehscheibe Kreislaufwirtschaft Schweiz\u00bb, sich auch mit EU-Experten austauscht.\" \/>\n<meta name=\"robots\" content=\"index, follow, max-snippet:-1, max-image-preview:large, max-video-preview:-1\" \/>\n<link rel=\"canonical\" href=\"https:\/\/www.organisator.ch\/en\/sustainability\/2019-04-05\/kreislauf-und-recycling-wirtschaft-wo-steht-die-schweiz\/\" \/>\n<meta property=\"og:locale\" content=\"en_US\" \/>\n<meta property=\"og:type\" content=\"article\" \/>\n<meta property=\"og:title\" content=\"Kreislauf- und Recycling-Wirtschaft, wo steht die Schweiz? - Organisator\" \/>\n<meta property=\"og:description\" content=\"Die Kreislauf- und Recycling-Wirtschaft erh\u00e4lt Aufwind durch die \u00abDrehscheibe Kreislaufwirtschaft Schweiz\u00bb, sich auch mit EU-Experten austauscht.\" \/>\n<meta property=\"og:url\" content=\"https:\/\/www.organisator.ch\/en\/sustainability\/2019-04-05\/kreislauf-und-recycling-wirtschaft-wo-steht-die-schweiz\/\" \/>\n<meta property=\"og:site_name\" content=\"Organisator\" \/>\n<meta property=\"article:publisher\" content=\"https:\/\/www.facebook.com\/OrganisatorFachmagazin\" \/>\n<meta property=\"article:published_time\" content=\"2019-04-05T10:46:09+00:00\" \/>\n<meta property=\"article:modified_time\" content=\"2022-02-09T10:05:36+00:00\" \/>\n<meta property=\"og:image\" content=\"https:\/\/www.organisator.ch\/wp-content\/uploads\/2019\/04\/photo0jpg.jpg\" \/>\n\t<meta property=\"og:image:width\" content=\"2048\" \/>\n\t<meta property=\"og:image:height\" content=\"1536\" \/>\n\t<meta property=\"og:image:type\" content=\"image\/jpeg\" \/>\n<meta name=\"author\" content=\"michael.merz\" \/>\n<meta name=\"twitter:card\" content=\"summary_large_image\" \/>\n<script type=\"application\/ld+json\" class=\"yoast-schema-graph\">{\"@context\":\"https:\\\/\\\/schema.org\",\"@graph\":[{\"@type\":\"Article\",\"@id\":\"https:\\\/\\\/www.organisator.ch\\\/sustainability\\\/2019-04-05\\\/kreislauf-und-recycling-wirtschaft-wo-steht-die-schweiz\\\/#article\",\"isPartOf\":{\"@id\":\"https:\\\/\\\/www.organisator.ch\\\/sustainability\\\/2019-04-05\\\/kreislauf-und-recycling-wirtschaft-wo-steht-die-schweiz\\\/\"},\"author\":{\"name\":\"michael.merz\",\"@id\":\"https:\\\/\\\/www.organisator.ch\\\/#\\\/schema\\\/person\\\/134708ca9321c57b0362cceb7948ffbd\"},\"headline\":\"Kreislauf- und Recycling-Wirtschaft, wo steht die Schweiz?\",\"datePublished\":\"2019-04-05T10:46:09+00:00\",\"dateModified\":\"2022-02-09T10:05:36+00:00\",\"mainEntityOfPage\":{\"@id\":\"https:\\\/\\\/www.organisator.ch\\\/sustainability\\\/2019-04-05\\\/kreislauf-und-recycling-wirtschaft-wo-steht-die-schweiz\\\/\"},\"wordCount\":381,\"commentCount\":0,\"publisher\":{\"@id\":\"https:\\\/\\\/www.organisator.ch\\\/#organization\"},\"image\":{\"@id\":\"https:\\\/\\\/www.organisator.ch\\\/sustainability\\\/2019-04-05\\\/kreislauf-und-recycling-wirtschaft-wo-steht-die-schweiz\\\/#primaryimage\"},\"thumbnailUrl\":\"https:\\\/\\\/www.organisator.ch\\\/wp-content\\\/uploads\\\/2019\\\/04\\\/photo0jpg.jpg\",\"keywords\":[\"EU\",\"Kreislaufwirtschaft\",\"Schweiz\"],\"articleSection\":[\"SUSTAINABILITY\"],\"inLanguage\":\"en-US\"},{\"@type\":\"WebPage\",\"@id\":\"https:\\\/\\\/www.organisator.ch\\\/sustainability\\\/2019-04-05\\\/kreislauf-und-recycling-wirtschaft-wo-steht-die-schweiz\\\/\",\"url\":\"https:\\\/\\\/www.organisator.ch\\\/sustainability\\\/2019-04-05\\\/kreislauf-und-recycling-wirtschaft-wo-steht-die-schweiz\\\/\",\"name\":\"Kreislauf- und Recycling-Wirtschaft, wo steht die Schweiz? - Organisator\",\"isPartOf\":{\"@id\":\"https:\\\/\\\/www.organisator.ch\\\/#website\"},\"primaryImageOfPage\":{\"@id\":\"https:\\\/\\\/www.organisator.ch\\\/sustainability\\\/2019-04-05\\\/kreislauf-und-recycling-wirtschaft-wo-steht-die-schweiz\\\/#primaryimage\"},\"image\":{\"@id\":\"https:\\\/\\\/www.organisator.ch\\\/sustainability\\\/2019-04-05\\\/kreislauf-und-recycling-wirtschaft-wo-steht-die-schweiz\\\/#primaryimage\"},\"thumbnailUrl\":\"https:\\\/\\\/www.organisator.ch\\\/wp-content\\\/uploads\\\/2019\\\/04\\\/photo0jpg.jpg\",\"datePublished\":\"2019-04-05T10:46:09+00:00\",\"dateModified\":\"2022-02-09T10:05:36+00:00\",\"description\":\"Die Kreislauf- und Recycling-Wirtschaft erh\u00e4lt Aufwind durch die \u00abDrehscheibe Kreislaufwirtschaft Schweiz\u00bb, sich auch mit EU-Experten austauscht.\",\"breadcrumb\":{\"@id\":\"https:\\\/\\\/www.organisator.ch\\\/sustainability\\\/2019-04-05\\\/kreislauf-und-recycling-wirtschaft-wo-steht-die-schweiz\\\/#breadcrumb\"},\"inLanguage\":\"en-US\",\"potentialAction\":[{\"@type\":\"ReadAction\",\"target\":[\"https:\\\/\\\/www.organisator.ch\\\/sustainability\\\/2019-04-05\\\/kreislauf-und-recycling-wirtschaft-wo-steht-die-schweiz\\\/\"]}]},{\"@type\":\"ImageObject\",\"inLanguage\":\"en-US\",\"@id\":\"https:\\\/\\\/www.organisator.ch\\\/sustainability\\\/2019-04-05\\\/kreislauf-und-recycling-wirtschaft-wo-steht-die-schweiz\\\/#primaryimage\",\"url\":\"https:\\\/\\\/www.organisator.ch\\\/wp-content\\\/uploads\\\/2019\\\/04\\\/photo0jpg.jpg\",\"contentUrl\":\"https:\\\/\\\/www.organisator.ch\\\/wp-content\\\/uploads\\\/2019\\\/04\\\/photo0jpg.jpg\",\"width\":2048,\"height\":1536,\"caption\":\"Auch die Schweiz strebt die Kreislaufwirtschaft an. Sie startet jedoch aus einer besseren Ausgangslage als viele EU-L\u00e4nder.\"},{\"@type\":\"BreadcrumbList\",\"@id\":\"https:\\\/\\\/www.organisator.ch\\\/sustainability\\\/2019-04-05\\\/kreislauf-und-recycling-wirtschaft-wo-steht-die-schweiz\\\/#breadcrumb\",\"itemListElement\":[{\"@type\":\"ListItem\",\"position\":1,\"name\":\"Home\",\"item\":\"https:\\\/\\\/www.organisator.ch\\\/\"},{\"@type\":\"ListItem\",\"position\":2,\"name\":\"Kreislauf- und Recycling-Wirtschaft, wo steht die Schweiz?\"}]},{\"@type\":\"WebSite\",\"@id\":\"https:\\\/\\\/www.organisator.ch\\\/#website\",\"url\":\"https:\\\/\\\/www.organisator.ch\\\/\",\"name\":\"Organisator\",\"description\":\"Kompetent. Praxisnah. Der ORGANISATOR bereitet in 10 Ausgaben pro Jahr die wesentlichen Themen f\u00fcr F\u00fchrungskr\u00e4fte von KMU auf.\",\"publisher\":{\"@id\":\"https:\\\/\\\/www.organisator.ch\\\/#organization\"},\"potentialAction\":[{\"@type\":\"SearchAction\",\"target\":{\"@type\":\"EntryPoint\",\"urlTemplate\":\"https:\\\/\\\/www.organisator.ch\\\/?s={search_term_string}\"},\"query-input\":{\"@type\":\"PropertyValueSpecification\",\"valueRequired\":true,\"valueName\":\"search_term_string\"}}],\"inLanguage\":\"en-US\"},{\"@type\":\"Organization\",\"@id\":\"https:\\\/\\\/www.organisator.ch\\\/#organization\",\"name\":\"Organisator\",\"url\":\"https:\\\/\\\/www.organisator.ch\\\/\",\"logo\":{\"@type\":\"ImageObject\",\"inLanguage\":\"en-US\",\"@id\":\"https:\\\/\\\/www.organisator.ch\\\/#\\\/schema\\\/logo\\\/image\\\/\",\"url\":\"https:\\\/\\\/www.organisator.ch\\\/wp-content\\\/uploads\\\/2022\\\/01\\\/Logo_Organisator_Website.png\",\"contentUrl\":\"https:\\\/\\\/www.organisator.ch\\\/wp-content\\\/uploads\\\/2022\\\/01\\\/Logo_Organisator_Website.png\",\"width\":800,\"height\":77,\"caption\":\"Organisator\"},\"image\":{\"@id\":\"https:\\\/\\\/www.organisator.ch\\\/#\\\/schema\\\/logo\\\/image\\\/\"},\"sameAs\":[\"https:\\\/\\\/www.facebook.com\\\/OrganisatorFachmagazin\",\"https:\\\/\\\/www.linkedin.com\\\/showcase\\\/organisator-das-magazin-fr-kmu\",\"https:\\\/\\\/www.xing.com\\\/news\\\/pages\\\/organisator-ch-695\",\"https:\\\/\\\/www.youtube.com\\\/channel\\\/UCGP2Sq0iWaZwT3BdIAQFYpw\"]},{\"@type\":\"Person\",\"@id\":\"https:\\\/\\\/www.organisator.ch\\\/#\\\/schema\\\/person\\\/134708ca9321c57b0362cceb7948ffbd\",\"name\":\"michael.merz\",\"image\":{\"@type\":\"ImageObject\",\"inLanguage\":\"en-US\",\"@id\":\"https:\\\/\\\/secure.gravatar.com\\\/avatar\\\/?s=96&d=mm&r=g\",\"url\":\"https:\\\/\\\/secure.gravatar.com\\\/avatar\\\/?s=96&d=mm&r=g\",\"contentUrl\":\"https:\\\/\\\/secure.gravatar.com\\\/avatar\\\/?s=96&d=mm&r=g\",\"caption\":\"michael.merz\"},\"url\":\"https:\\\/\\\/www.organisator.ch\\\/en\\\/author\\\/michael-merz\\\/\"}]}<\/script>\n<!-- \/ Yoast SEO plugin. -->","yoast_head_json":{"title":"Circular and recycling economy, where does Switzerland stand? - Organizer","description":"The circular and recycling economy is receiving a boost from the \"Drehscheibe Kreislaufwirtschaft Schweiz\", which also exchanges information with EU experts.","robots":{"index":"index","follow":"follow","max-snippet":"max-snippet:-1","max-image-preview":"max-image-preview:large","max-video-preview":"max-video-preview:-1"},"canonical":"https:\/\/www.organisator.ch\/en\/sustainability\/2019-04-05\/kreislauf-und-recycling-wirtschaft-wo-steht-die-schweiz\/","og_locale":"en_US","og_type":"article","og_title":"Kreislauf- und Recycling-Wirtschaft, wo steht die Schweiz? - Organisator","og_description":"Die Kreislauf- und Recycling-Wirtschaft erh\u00e4lt Aufwind durch die \u00abDrehscheibe Kreislaufwirtschaft Schweiz\u00bb, sich auch mit EU-Experten austauscht.","og_url":"https:\/\/www.organisator.ch\/en\/sustainability\/2019-04-05\/kreislauf-und-recycling-wirtschaft-wo-steht-die-schweiz\/","og_site_name":"Organisator","article_publisher":"https:\/\/www.facebook.com\/OrganisatorFachmagazin","article_published_time":"2019-04-05T10:46:09+00:00","article_modified_time":"2022-02-09T10:05:36+00:00","og_image":[{"width":2048,"height":1536,"url":"https:\/\/www.organisator.ch\/wp-content\/uploads\/2019\/04\/photo0jpg.jpg","type":"image\/jpeg"}],"author":"michael.merz","twitter_card":"summary_large_image","schema":{"@context":"https:\/\/schema.org","@graph":[{"@type":"Article","@id":"https:\/\/www.organisator.ch\/sustainability\/2019-04-05\/kreislauf-und-recycling-wirtschaft-wo-steht-die-schweiz\/#article","isPartOf":{"@id":"https:\/\/www.organisator.ch\/sustainability\/2019-04-05\/kreislauf-und-recycling-wirtschaft-wo-steht-die-schweiz\/"},"author":{"name":"michael.merz","@id":"https:\/\/www.organisator.ch\/#\/schema\/person\/134708ca9321c57b0362cceb7948ffbd"},"headline":"Kreislauf- und Recycling-Wirtschaft, wo steht die Schweiz?","datePublished":"2019-04-05T10:46:09+00:00","dateModified":"2022-02-09T10:05:36+00:00","mainEntityOfPage":{"@id":"https:\/\/www.organisator.ch\/sustainability\/2019-04-05\/kreislauf-und-recycling-wirtschaft-wo-steht-die-schweiz\/"},"wordCount":381,"commentCount":0,"publisher":{"@id":"https:\/\/www.organisator.ch\/#organization"},"image":{"@id":"https:\/\/www.organisator.ch\/sustainability\/2019-04-05\/kreislauf-und-recycling-wirtschaft-wo-steht-die-schweiz\/#primaryimage"},"thumbnailUrl":"https:\/\/www.organisator.ch\/wp-content\/uploads\/2019\/04\/photo0jpg.jpg","keywords":["EU","Kreislaufwirtschaft","Schweiz"],"articleSection":["SUSTAINABILITY"],"inLanguage":"en-US"},{"@type":"WebPage","@id":"https:\/\/www.organisator.ch\/sustainability\/2019-04-05\/kreislauf-und-recycling-wirtschaft-wo-steht-die-schweiz\/","url":"https:\/\/www.organisator.ch\/sustainability\/2019-04-05\/kreislauf-und-recycling-wirtschaft-wo-steht-die-schweiz\/","name":"Circular and recycling economy, where does Switzerland stand? - Organizer","isPartOf":{"@id":"https:\/\/www.organisator.ch\/#website"},"primaryImageOfPage":{"@id":"https:\/\/www.organisator.ch\/sustainability\/2019-04-05\/kreislauf-und-recycling-wirtschaft-wo-steht-die-schweiz\/#primaryimage"},"image":{"@id":"https:\/\/www.organisator.ch\/sustainability\/2019-04-05\/kreislauf-und-recycling-wirtschaft-wo-steht-die-schweiz\/#primaryimage"},"thumbnailUrl":"https:\/\/www.organisator.ch\/wp-content\/uploads\/2019\/04\/photo0jpg.jpg","datePublished":"2019-04-05T10:46:09+00:00","dateModified":"2022-02-09T10:05:36+00:00","description":"The circular and recycling economy is receiving a boost from the \"Drehscheibe Kreislaufwirtschaft Schweiz\", which also exchanges information with EU experts.","breadcrumb":{"@id":"https:\/\/www.organisator.ch\/sustainability\/2019-04-05\/kreislauf-und-recycling-wirtschaft-wo-steht-die-schweiz\/#breadcrumb"},"inLanguage":"en-US","potentialAction":[{"@type":"ReadAction","target":["https:\/\/www.organisator.ch\/sustainability\/2019-04-05\/kreislauf-und-recycling-wirtschaft-wo-steht-die-schweiz\/"]}]},{"@type":"ImageObject","inLanguage":"en-US","@id":"https:\/\/www.organisator.ch\/sustainability\/2019-04-05\/kreislauf-und-recycling-wirtschaft-wo-steht-die-schweiz\/#primaryimage","url":"https:\/\/www.organisator.ch\/wp-content\/uploads\/2019\/04\/photo0jpg.jpg","contentUrl":"https:\/\/www.organisator.ch\/wp-content\/uploads\/2019\/04\/photo0jpg.jpg","width":2048,"height":1536,"caption":"Auch die Schweiz strebt die Kreislaufwirtschaft an. Sie startet jedoch aus einer besseren Ausgangslage als viele EU-L\u00e4nder."},{"@type":"BreadcrumbList","@id":"https:\/\/www.organisator.ch\/sustainability\/2019-04-05\/kreislauf-und-recycling-wirtschaft-wo-steht-die-schweiz\/#breadcrumb","itemListElement":[{"@type":"ListItem","position":1,"name":"Home","item":"https:\/\/www.organisator.ch\/"},{"@type":"ListItem","position":2,"name":"Kreislauf- und Recycling-Wirtschaft, wo steht die Schweiz?"}]},{"@type":"WebSite","@id":"https:\/\/www.organisator.ch\/#website","url":"https:\/\/www.organisator.ch\/","name":"Organizer","description":"Competent. Practical. In 10 issues per year, ORGANISATOR presents the essential topics for managers of SMEs.","publisher":{"@id":"https:\/\/www.organisator.ch\/#organization"},"potentialAction":[{"@type":"SearchAction","target":{"@type":"EntryPoint","urlTemplate":"https:\/\/www.organisator.ch\/?s={search_term_string}"},"query-input":{"@type":"PropertyValueSpecification","valueRequired":true,"valueName":"search_term_string"}}],"inLanguage":"en-US"},{"@type":"Organization","@id":"https:\/\/www.organisator.ch\/#organization","name":"Organizer","url":"https:\/\/www.organisator.ch\/","logo":{"@type":"ImageObject","inLanguage":"en-US","@id":"https:\/\/www.organisator.ch\/#\/schema\/logo\/image\/","url":"https:\/\/www.organisator.ch\/wp-content\/uploads\/2022\/01\/Logo_Organisator_Website.png","contentUrl":"https:\/\/www.organisator.ch\/wp-content\/uploads\/2022\/01\/Logo_Organisator_Website.png","width":800,"height":77,"caption":"Organisator"},"image":{"@id":"https:\/\/www.organisator.ch\/#\/schema\/logo\/image\/"},"sameAs":["https:\/\/www.facebook.com\/OrganisatorFachmagazin","https:\/\/www.linkedin.com\/showcase\/organisator-das-magazin-fr-kmu","https:\/\/www.xing.com\/news\/pages\/organisator-ch-695","https:\/\/www.youtube.com\/channel\/UCGP2Sq0iWaZwT3BdIAQFYpw"]},{"@type":"Person","@id":"https:\/\/www.organisator.ch\/#\/schema\/person\/134708ca9321c57b0362cceb7948ffbd","name":"michael.merz","image":{"@type":"ImageObject","inLanguage":"en-US","@id":"https:\/\/secure.gravatar.com\/avatar\/?s=96&d=mm&r=g","url":"https:\/\/secure.gravatar.com\/avatar\/?s=96&d=mm&r=g","contentUrl":"https:\/\/secure.gravatar.com\/avatar\/?s=96&d=mm&r=g","caption":"michael.merz"},"url":"https:\/\/www.organisator.ch\/en\/author\/michael-merz\/"}]}},"_links":{"self":[{"href":"https:\/\/www.organisator.ch\/en\/wp-json\/wp\/v2\/posts\/10080","targetHints":{"allow":["GET"]}}],"collection":[{"href":"https:\/\/www.organisator.ch\/en\/wp-json\/wp\/v2\/posts"}],"about":[{"href":"https:\/\/www.organisator.ch\/en\/wp-json\/wp\/v2\/types\/post"}],"author":[{"embeddable":true,"href":"https:\/\/www.organisator.ch\/en\/wp-json\/wp\/v2\/users\/5"}],"replies":[{"embeddable":true,"href":"https:\/\/www.organisator.ch\/en\/wp-json\/wp\/v2\/comments?post=10080"}],"version-history":[{"count":1,"href":"https:\/\/www.organisator.ch\/en\/wp-json\/wp\/v2\/posts\/10080\/revisions"}],"predecessor-version":[{"id":10411,"href":"https:\/\/www.organisator.ch\/en\/wp-json\/wp\/v2\/posts\/10080\/revisions\/10411"}],"wp:featuredmedia":[{"embeddable":true,"href":"https:\/\/www.organisator.ch\/en\/wp-json\/wp\/v2\/media\/9599"}],"wp:attachment":[{"href":"https:\/\/www.organisator.ch\/en\/wp-json\/wp\/v2\/media?parent=10080"}],"wp:term":[{"taxonomy":"category","embeddable":true,"href":"https:\/\/www.organisator.ch\/en\/wp-json\/wp\/v2\/categories?post=10080"},{"taxonomy":"post_tag","embeddable":true,"href":"https:\/\/www.organisator.ch\/en\/wp-json\/wp\/v2\/tags?post=10080"}],"curies":[{"name":"wp","href":"https:\/\/api.w.org\/{rel}","templated":true}]}}