{"id":10084,"date":"2019-05-06T10:48:43","date_gmt":"2019-05-06T08:48:43","guid":{"rendered":"https:\/\/www.umweltperspektiven.ch\/?p=2130"},"modified":"2022-02-09T11:10:07","modified_gmt":"2022-02-09T10:10:07","slug":"sanu-30-jahre-bildung-und-beratung-fuer-eine-nachhaltige-entwicklung","status":"publish","type":"post","link":"https:\/\/www.organisator.ch\/en\/sustainability\/2019-05-06\/sanu-30-jahre-bildung-und-beratung-fuer-eine-nachhaltige-entwicklung\/","title":{"rendered":"sanu: 30 years of education and consulting for sustainable development"},"content":{"rendered":"<figure id=\"attachment_2131\" aria-describedby=\"caption-attachment-2131\" style=\"width: 680px\" class=\"wp-caption alignnone\"><img loading=\"lazy\" decoding=\"async\" class=\"size-medium wp-image-2131\" src=\"\/\/www.umweltperspektiven.ch\/wp-content\/uploads\/2019\/05\/sanu_30_Jahre.jpg\" alt=\"\" width=\"680\" height=\"410\" \/><figcaption id=\"caption-attachment-2131\" class=\"wp-caption-text\">Current economic and social developments increasingly require strong environmental skills. The sanu future learning ag offered various further education opportunities for this purpose. (Image: sanu)<\/figcaption><\/figure>\n<p>Through innovative approaches, sanu aims to expand its activities and, above all, to translate their impact into practice. Sanu AG, which is now called sanu future learning ag, has greatly developed its educational offering over the past 30 years. In order to cope with the complexity of the environmental field and to offer tailor-made solutions to each organization, sanu is oriented towards contemporary environmental developments.<\/p>\n<p>New forms of work, communication, management, leadership and collaboration: more and more sanu clients are benefiting from our experience in supporting strategic and participatory processes for sustainable development.<\/p>\n<p><strong>Just as the world is constantly changing, so is sanu ag.<\/strong><\/p>\n<p>Less than a year after the handover to the new CEO of sanu future learning ag, Marc M\u00fcnster, there are not only changes in corporate communications, but also new additions to the team: Ursula Spycher, a key figure in the last two-thirds of sanu's 30-year history, will leave the company at the end of March 2019. Bernhard Wyss, a passionate marketer with a richly filled digital and IT backpack, will take over as head of \"management &amp; events support\". Laure M\u00e4der will also join sanu in spring 2019. She will take over from Coraline Sahin as project manager of the \"planning &amp; construction\" division.<\/p>\n<p>Their baptism of fire is coming up this fall with the \"Soil Science Construction Monitoring\" course.<\/p>\n<p><strong>Environmental competencies that first had to be created<\/strong><\/p>\n<p>Whereas in the 1980s, sanu was primarily concerned with the protection of nature and the implementation of new legislation, later sanu also devoted itself to the development of competencies necessary to change the professional practices of public and private organizations and industries. The maintenance of green spaces in municipalities, environmental management in companies, the promotion of biodiversity among specialists or environmental construction supervision have sometimes become the center of interest of sanu. Sanu has always been committed to the professional development of generalists in all professions who wish to integrate the environment into their competence profile.<\/p>\n<p>Today, it offers two preparatory courses for the federal diplomas of environmental consultant and nature and environmental specialist in French and German.<\/p>\n<p><strong>Restructuring wherever you look<\/strong><\/p>\n<p>In 1989 alone, the Berlin Wall fell, Voyager 2 flew over Neptune and the tanker Exxon Valdez went to the bottom of the sea off Canada. The Swiss Federal Council decided to ban aerosol cans containing chlorofluorocarbons (CFCs), which were suspected of contributing to the formation of the ozone hole.<\/p>\n<p>In 1989, sanu ag (then called \"Swiss Training Center for Nature and Environmental Protection\") was founded in Biel. In 2012, the entire operational part of sanu took the legal form of a public limited company to give it the necessary flexibility and responsiveness in a rapidly changing market. As for the initial sanu foundation, it evolved into a think and do tank under the name sanu durabilitas. Today, sanu ag employs 25 permanent staff and more than 300 external experts. sanu ag offers more than 100 services to around 3,000 clients per year with a turnover of just over 3 million Swiss francs.<\/p>\n<p><em><strong>Time to celebrate and share:<\/strong><\/em><\/p>\n<p><em> We would like to take the opportunity of our anniversary celebration to discuss and play with time with our friends, partners and other interested parties on May 17, 2019, and to reflect on time in different cultures, dimensions and relationships through exciting contributions. How much time do we have, and how much time do we give ourselves for what? <\/em><em>We would also like to offer some time to those who will not come on that day, in the form of interactive mini-conferences on the environment and future issues. Any company or organization that would like to benefit from our experience and vision on current issues can contact us. <\/em><\/p>\n<p><em>We would be delighted if our staff could visit your organization and give you an hour of their time in this anniversary year. More details about our anniversary activities can be found at <a href=\"\/\/www.sanu.ch\/de\/\">here\u00a0<\/a><br \/>\n<\/em><\/p>\n<p>&nbsp;<\/p>\n<p>&nbsp;<\/p>\n<p>&nbsp;<\/p>","protected":false},"excerpt":{"rendered":"<p>Durch innovative Ans\u00e4tze will sanu ihre Aktivit\u00e4ten expandieren und vor allem ihre Wirkung f\u00fcr die Praxis umsetzen. Die Sanu AG, die heute sanu future learning ag heisst, hat ihr Bildungsangebot in den letzten 30 Jahren stark weiterentwickelt. Um der Komplexit\u00e4t des Umweltbereichs gerecht zu werden und jeder Organisation massgeschneiderte L\u00f6sungen anbieten zu k\u00f6nnen, orientiert sich [&hellip;]<\/p>\n","protected":false},"author":5,"featured_media":9605,"comment_status":"open","ping_status":"open","sticky":false,"template":"","format":"standard","meta":{"_acf_changed":false,"_yoast_wpseo_focuskw":"sanu","_yoast_wpseo_metadesc":"Die Sanu AG, die heute sanu future learning ag heisst, hat ihr Bildungsangebot in den letzten 30 Jahren stark weiterentwickelt.","articlekey":"","footnotes":""},"categories":[580],"tags":[240,292,2049,2362],"class_list":["post-10084","post","type-post","status-publish","format-standard","has-post-thumbnail","hentry","category-sustainability","tag-geschichte","tag-jubilaeum","tag-sanu","tag-umweltberufe"],"acf":[],"yoast_head":"<!-- This site is optimized with the Yoast SEO plugin v27.4 - https:\/\/yoast.com\/product\/yoast-seo-wordpress\/ -->\n<title>sanu: 30 Jahre Bildung und Beratung f\u00fcr eine nachhaltige Entwicklung - Organisator<\/title>\n<meta name=\"description\" content=\"Die Sanu AG, die heute sanu future learning ag heisst, hat ihr Bildungsangebot in den letzten 30 Jahren stark weiterentwickelt.\" \/>\n<meta name=\"robots\" content=\"index, follow, max-snippet:-1, max-image-preview:large, max-video-preview:-1\" \/>\n<link rel=\"canonical\" href=\"https:\/\/www.organisator.ch\/en\/sustainability\/2019-05-06\/sanu-30-jahre-bildung-und-beratung-fuer-eine-nachhaltige-entwicklung\/\" \/>\n<meta property=\"og:locale\" content=\"en_US\" \/>\n<meta property=\"og:type\" content=\"article\" \/>\n<meta property=\"og:title\" content=\"sanu: 30 Jahre Bildung und Beratung f\u00fcr eine nachhaltige Entwicklung - Organisator\" \/>\n<meta property=\"og:description\" content=\"Die Sanu AG, die heute sanu future learning ag heisst, hat ihr Bildungsangebot in den letzten 30 Jahren stark weiterentwickelt.\" \/>\n<meta property=\"og:url\" content=\"https:\/\/www.organisator.ch\/en\/sustainability\/2019-05-06\/sanu-30-jahre-bildung-und-beratung-fuer-eine-nachhaltige-entwicklung\/\" \/>\n<meta property=\"og:site_name\" content=\"Organisator\" \/>\n<meta property=\"article:publisher\" content=\"https:\/\/www.facebook.com\/OrganisatorFachmagazin\" \/>\n<meta property=\"article:published_time\" content=\"2019-05-06T08:48:43+00:00\" \/>\n<meta property=\"article:modified_time\" content=\"2022-02-09T10:10:07+00:00\" \/>\n<meta property=\"og:image\" content=\"https:\/\/www.organisator.ch\/wp-content\/uploads\/2019\/05\/sanu_30_Jahre.jpg\" \/>\n\t<meta property=\"og:image:width\" content=\"870\" \/>\n\t<meta property=\"og:image:height\" content=\"524\" \/>\n\t<meta property=\"og:image:type\" content=\"image\/jpeg\" \/>\n<meta name=\"author\" content=\"michael.merz\" \/>\n<meta name=\"twitter:card\" content=\"summary_large_image\" \/>\n<script type=\"application\/ld+json\" class=\"yoast-schema-graph\">{\"@context\":\"https:\\\/\\\/schema.org\",\"@graph\":[{\"@type\":\"Article\",\"@id\":\"https:\\\/\\\/www.organisator.ch\\\/sustainability\\\/2019-05-06\\\/sanu-30-jahre-bildung-und-beratung-fuer-eine-nachhaltige-entwicklung\\\/#article\",\"isPartOf\":{\"@id\":\"https:\\\/\\\/www.organisator.ch\\\/sustainability\\\/2019-05-06\\\/sanu-30-jahre-bildung-und-beratung-fuer-eine-nachhaltige-entwicklung\\\/\"},\"author\":{\"name\":\"michael.merz\",\"@id\":\"https:\\\/\\\/www.organisator.ch\\\/#\\\/schema\\\/person\\\/134708ca9321c57b0362cceb7948ffbd\"},\"headline\":\"sanu: 30 Jahre Bildung und Beratung f\u00fcr eine nachhaltige Entwicklung\",\"datePublished\":\"2019-05-06T08:48:43+00:00\",\"dateModified\":\"2022-02-09T10:10:07+00:00\",\"mainEntityOfPage\":{\"@id\":\"https:\\\/\\\/www.organisator.ch\\\/sustainability\\\/2019-05-06\\\/sanu-30-jahre-bildung-und-beratung-fuer-eine-nachhaltige-entwicklung\\\/\"},\"wordCount\":682,\"commentCount\":0,\"publisher\":{\"@id\":\"https:\\\/\\\/www.organisator.ch\\\/#organization\"},\"image\":{\"@id\":\"https:\\\/\\\/www.organisator.ch\\\/sustainability\\\/2019-05-06\\\/sanu-30-jahre-bildung-und-beratung-fuer-eine-nachhaltige-entwicklung\\\/#primaryimage\"},\"thumbnailUrl\":\"https:\\\/\\\/www.organisator.ch\\\/wp-content\\\/uploads\\\/2019\\\/05\\\/sanu_30_Jahre.jpg\",\"keywords\":[\"Geschichte\",\"Jubil\u00e4um\",\"sanu\",\"Umweltberufe\"],\"articleSection\":[\"SUSTAINABILITY\"],\"inLanguage\":\"en-US\"},{\"@type\":\"WebPage\",\"@id\":\"https:\\\/\\\/www.organisator.ch\\\/sustainability\\\/2019-05-06\\\/sanu-30-jahre-bildung-und-beratung-fuer-eine-nachhaltige-entwicklung\\\/\",\"url\":\"https:\\\/\\\/www.organisator.ch\\\/sustainability\\\/2019-05-06\\\/sanu-30-jahre-bildung-und-beratung-fuer-eine-nachhaltige-entwicklung\\\/\",\"name\":\"sanu: 30 Jahre Bildung und Beratung f\u00fcr eine nachhaltige Entwicklung - Organisator\",\"isPartOf\":{\"@id\":\"https:\\\/\\\/www.organisator.ch\\\/#website\"},\"primaryImageOfPage\":{\"@id\":\"https:\\\/\\\/www.organisator.ch\\\/sustainability\\\/2019-05-06\\\/sanu-30-jahre-bildung-und-beratung-fuer-eine-nachhaltige-entwicklung\\\/#primaryimage\"},\"image\":{\"@id\":\"https:\\\/\\\/www.organisator.ch\\\/sustainability\\\/2019-05-06\\\/sanu-30-jahre-bildung-und-beratung-fuer-eine-nachhaltige-entwicklung\\\/#primaryimage\"},\"thumbnailUrl\":\"https:\\\/\\\/www.organisator.ch\\\/wp-content\\\/uploads\\\/2019\\\/05\\\/sanu_30_Jahre.jpg\",\"datePublished\":\"2019-05-06T08:48:43+00:00\",\"dateModified\":\"2022-02-09T10:10:07+00:00\",\"description\":\"Die Sanu AG, die heute sanu future learning ag heisst, hat ihr Bildungsangebot in den letzten 30 Jahren stark weiterentwickelt.\",\"breadcrumb\":{\"@id\":\"https:\\\/\\\/www.organisator.ch\\\/sustainability\\\/2019-05-06\\\/sanu-30-jahre-bildung-und-beratung-fuer-eine-nachhaltige-entwicklung\\\/#breadcrumb\"},\"inLanguage\":\"en-US\",\"potentialAction\":[{\"@type\":\"ReadAction\",\"target\":[\"https:\\\/\\\/www.organisator.ch\\\/sustainability\\\/2019-05-06\\\/sanu-30-jahre-bildung-und-beratung-fuer-eine-nachhaltige-entwicklung\\\/\"]}]},{\"@type\":\"ImageObject\",\"inLanguage\":\"en-US\",\"@id\":\"https:\\\/\\\/www.organisator.ch\\\/sustainability\\\/2019-05-06\\\/sanu-30-jahre-bildung-und-beratung-fuer-eine-nachhaltige-entwicklung\\\/#primaryimage\",\"url\":\"https:\\\/\\\/www.organisator.ch\\\/wp-content\\\/uploads\\\/2019\\\/05\\\/sanu_30_Jahre.jpg\",\"contentUrl\":\"https:\\\/\\\/www.organisator.ch\\\/wp-content\\\/uploads\\\/2019\\\/05\\\/sanu_30_Jahre.jpg\",\"width\":870,\"height\":524,\"caption\":\"Die aktuellen wirtschaftlichen und sozialen Entwicklungen erfordern zunehmend starke Umweltkompetenzen. Die sanu future learning ag bietete hierf\u00fcr diverse Weiterbildungsm\u00f6glichkeiten. (Bild: sanu)\"},{\"@type\":\"BreadcrumbList\",\"@id\":\"https:\\\/\\\/www.organisator.ch\\\/sustainability\\\/2019-05-06\\\/sanu-30-jahre-bildung-und-beratung-fuer-eine-nachhaltige-entwicklung\\\/#breadcrumb\",\"itemListElement\":[{\"@type\":\"ListItem\",\"position\":1,\"name\":\"Home\",\"item\":\"https:\\\/\\\/www.organisator.ch\\\/\"},{\"@type\":\"ListItem\",\"position\":2,\"name\":\"sanu: 30 Jahre Bildung und Beratung f\u00fcr eine nachhaltige Entwicklung\"}]},{\"@type\":\"WebSite\",\"@id\":\"https:\\\/\\\/www.organisator.ch\\\/#website\",\"url\":\"https:\\\/\\\/www.organisator.ch\\\/\",\"name\":\"Organisator\",\"description\":\"Kompetent. Praxisnah. Der ORGANISATOR bereitet in 10 Ausgaben pro Jahr die wesentlichen Themen f\u00fcr F\u00fchrungskr\u00e4fte von KMU auf.\",\"publisher\":{\"@id\":\"https:\\\/\\\/www.organisator.ch\\\/#organization\"},\"potentialAction\":[{\"@type\":\"SearchAction\",\"target\":{\"@type\":\"EntryPoint\",\"urlTemplate\":\"https:\\\/\\\/www.organisator.ch\\\/?s={search_term_string}\"},\"query-input\":{\"@type\":\"PropertyValueSpecification\",\"valueRequired\":true,\"valueName\":\"search_term_string\"}}],\"inLanguage\":\"en-US\"},{\"@type\":\"Organization\",\"@id\":\"https:\\\/\\\/www.organisator.ch\\\/#organization\",\"name\":\"Organisator\",\"url\":\"https:\\\/\\\/www.organisator.ch\\\/\",\"logo\":{\"@type\":\"ImageObject\",\"inLanguage\":\"en-US\",\"@id\":\"https:\\\/\\\/www.organisator.ch\\\/#\\\/schema\\\/logo\\\/image\\\/\",\"url\":\"https:\\\/\\\/www.organisator.ch\\\/wp-content\\\/uploads\\\/2022\\\/01\\\/Logo_Organisator_Website.png\",\"contentUrl\":\"https:\\\/\\\/www.organisator.ch\\\/wp-content\\\/uploads\\\/2022\\\/01\\\/Logo_Organisator_Website.png\",\"width\":800,\"height\":77,\"caption\":\"Organisator\"},\"image\":{\"@id\":\"https:\\\/\\\/www.organisator.ch\\\/#\\\/schema\\\/logo\\\/image\\\/\"},\"sameAs\":[\"https:\\\/\\\/www.facebook.com\\\/OrganisatorFachmagazin\",\"https:\\\/\\\/www.linkedin.com\\\/showcase\\\/organisator-das-magazin-fr-kmu\",\"https:\\\/\\\/www.xing.com\\\/news\\\/pages\\\/organisator-ch-695\",\"https:\\\/\\\/www.youtube.com\\\/channel\\\/UCGP2Sq0iWaZwT3BdIAQFYpw\"]},{\"@type\":\"Person\",\"@id\":\"https:\\\/\\\/www.organisator.ch\\\/#\\\/schema\\\/person\\\/134708ca9321c57b0362cceb7948ffbd\",\"name\":\"michael.merz\",\"image\":{\"@type\":\"ImageObject\",\"inLanguage\":\"en-US\",\"@id\":\"https:\\\/\\\/secure.gravatar.com\\\/avatar\\\/?s=96&d=mm&r=g\",\"url\":\"https:\\\/\\\/secure.gravatar.com\\\/avatar\\\/?s=96&d=mm&r=g\",\"contentUrl\":\"https:\\\/\\\/secure.gravatar.com\\\/avatar\\\/?s=96&d=mm&r=g\",\"caption\":\"michael.merz\"},\"url\":\"https:\\\/\\\/www.organisator.ch\\\/en\\\/author\\\/michael-merz\\\/\"}]}<\/script>\n<!-- \/ Yoast SEO plugin. -->","yoast_head_json":{"title":"sanu: 30 years of education and consulting for sustainable development - Organizer","description":"Sanu AG, which is now called sanu future learning ag, has greatly developed its educational offering over the past 30 years.","robots":{"index":"index","follow":"follow","max-snippet":"max-snippet:-1","max-image-preview":"max-image-preview:large","max-video-preview":"max-video-preview:-1"},"canonical":"https:\/\/www.organisator.ch\/en\/sustainability\/2019-05-06\/sanu-30-jahre-bildung-und-beratung-fuer-eine-nachhaltige-entwicklung\/","og_locale":"en_US","og_type":"article","og_title":"sanu: 30 Jahre Bildung und Beratung f\u00fcr eine nachhaltige Entwicklung - Organisator","og_description":"Die Sanu AG, die heute sanu future learning ag heisst, hat ihr Bildungsangebot in den letzten 30 Jahren stark weiterentwickelt.","og_url":"https:\/\/www.organisator.ch\/en\/sustainability\/2019-05-06\/sanu-30-jahre-bildung-und-beratung-fuer-eine-nachhaltige-entwicklung\/","og_site_name":"Organisator","article_publisher":"https:\/\/www.facebook.com\/OrganisatorFachmagazin","article_published_time":"2019-05-06T08:48:43+00:00","article_modified_time":"2022-02-09T10:10:07+00:00","og_image":[{"width":870,"height":524,"url":"https:\/\/www.organisator.ch\/wp-content\/uploads\/2019\/05\/sanu_30_Jahre.jpg","type":"image\/jpeg"}],"author":"michael.merz","twitter_card":"summary_large_image","schema":{"@context":"https:\/\/schema.org","@graph":[{"@type":"Article","@id":"https:\/\/www.organisator.ch\/sustainability\/2019-05-06\/sanu-30-jahre-bildung-und-beratung-fuer-eine-nachhaltige-entwicklung\/#article","isPartOf":{"@id":"https:\/\/www.organisator.ch\/sustainability\/2019-05-06\/sanu-30-jahre-bildung-und-beratung-fuer-eine-nachhaltige-entwicklung\/"},"author":{"name":"michael.merz","@id":"https:\/\/www.organisator.ch\/#\/schema\/person\/134708ca9321c57b0362cceb7948ffbd"},"headline":"sanu: 30 Jahre Bildung und Beratung f\u00fcr eine nachhaltige Entwicklung","datePublished":"2019-05-06T08:48:43+00:00","dateModified":"2022-02-09T10:10:07+00:00","mainEntityOfPage":{"@id":"https:\/\/www.organisator.ch\/sustainability\/2019-05-06\/sanu-30-jahre-bildung-und-beratung-fuer-eine-nachhaltige-entwicklung\/"},"wordCount":682,"commentCount":0,"publisher":{"@id":"https:\/\/www.organisator.ch\/#organization"},"image":{"@id":"https:\/\/www.organisator.ch\/sustainability\/2019-05-06\/sanu-30-jahre-bildung-und-beratung-fuer-eine-nachhaltige-entwicklung\/#primaryimage"},"thumbnailUrl":"https:\/\/www.organisator.ch\/wp-content\/uploads\/2019\/05\/sanu_30_Jahre.jpg","keywords":["Geschichte","Jubil\u00e4um","sanu","Umweltberufe"],"articleSection":["SUSTAINABILITY"],"inLanguage":"en-US"},{"@type":"WebPage","@id":"https:\/\/www.organisator.ch\/sustainability\/2019-05-06\/sanu-30-jahre-bildung-und-beratung-fuer-eine-nachhaltige-entwicklung\/","url":"https:\/\/www.organisator.ch\/sustainability\/2019-05-06\/sanu-30-jahre-bildung-und-beratung-fuer-eine-nachhaltige-entwicklung\/","name":"sanu: 30 years of education and consulting for sustainable development - Organizer","isPartOf":{"@id":"https:\/\/www.organisator.ch\/#website"},"primaryImageOfPage":{"@id":"https:\/\/www.organisator.ch\/sustainability\/2019-05-06\/sanu-30-jahre-bildung-und-beratung-fuer-eine-nachhaltige-entwicklung\/#primaryimage"},"image":{"@id":"https:\/\/www.organisator.ch\/sustainability\/2019-05-06\/sanu-30-jahre-bildung-und-beratung-fuer-eine-nachhaltige-entwicklung\/#primaryimage"},"thumbnailUrl":"https:\/\/www.organisator.ch\/wp-content\/uploads\/2019\/05\/sanu_30_Jahre.jpg","datePublished":"2019-05-06T08:48:43+00:00","dateModified":"2022-02-09T10:10:07+00:00","description":"Sanu AG, which is now called sanu future learning ag, has greatly developed its educational offering over the past 30 years.","breadcrumb":{"@id":"https:\/\/www.organisator.ch\/sustainability\/2019-05-06\/sanu-30-jahre-bildung-und-beratung-fuer-eine-nachhaltige-entwicklung\/#breadcrumb"},"inLanguage":"en-US","potentialAction":[{"@type":"ReadAction","target":["https:\/\/www.organisator.ch\/sustainability\/2019-05-06\/sanu-30-jahre-bildung-und-beratung-fuer-eine-nachhaltige-entwicklung\/"]}]},{"@type":"ImageObject","inLanguage":"en-US","@id":"https:\/\/www.organisator.ch\/sustainability\/2019-05-06\/sanu-30-jahre-bildung-und-beratung-fuer-eine-nachhaltige-entwicklung\/#primaryimage","url":"https:\/\/www.organisator.ch\/wp-content\/uploads\/2019\/05\/sanu_30_Jahre.jpg","contentUrl":"https:\/\/www.organisator.ch\/wp-content\/uploads\/2019\/05\/sanu_30_Jahre.jpg","width":870,"height":524,"caption":"Die aktuellen wirtschaftlichen und sozialen Entwicklungen erfordern zunehmend starke Umweltkompetenzen. Die sanu future learning ag bietete hierf\u00fcr diverse Weiterbildungsm\u00f6glichkeiten. (Bild: sanu)"},{"@type":"BreadcrumbList","@id":"https:\/\/www.organisator.ch\/sustainability\/2019-05-06\/sanu-30-jahre-bildung-und-beratung-fuer-eine-nachhaltige-entwicklung\/#breadcrumb","itemListElement":[{"@type":"ListItem","position":1,"name":"Home","item":"https:\/\/www.organisator.ch\/"},{"@type":"ListItem","position":2,"name":"sanu: 30 Jahre Bildung und Beratung f\u00fcr eine nachhaltige Entwicklung"}]},{"@type":"WebSite","@id":"https:\/\/www.organisator.ch\/#website","url":"https:\/\/www.organisator.ch\/","name":"Organizer","description":"Competent. Practical. In 10 issues per year, ORGANISATOR presents the essential topics for managers of SMEs.","publisher":{"@id":"https:\/\/www.organisator.ch\/#organization"},"potentialAction":[{"@type":"SearchAction","target":{"@type":"EntryPoint","urlTemplate":"https:\/\/www.organisator.ch\/?s={search_term_string}"},"query-input":{"@type":"PropertyValueSpecification","valueRequired":true,"valueName":"search_term_string"}}],"inLanguage":"en-US"},{"@type":"Organization","@id":"https:\/\/www.organisator.ch\/#organization","name":"Organizer","url":"https:\/\/www.organisator.ch\/","logo":{"@type":"ImageObject","inLanguage":"en-US","@id":"https:\/\/www.organisator.ch\/#\/schema\/logo\/image\/","url":"https:\/\/www.organisator.ch\/wp-content\/uploads\/2022\/01\/Logo_Organisator_Website.png","contentUrl":"https:\/\/www.organisator.ch\/wp-content\/uploads\/2022\/01\/Logo_Organisator_Website.png","width":800,"height":77,"caption":"Organisator"},"image":{"@id":"https:\/\/www.organisator.ch\/#\/schema\/logo\/image\/"},"sameAs":["https:\/\/www.facebook.com\/OrganisatorFachmagazin","https:\/\/www.linkedin.com\/showcase\/organisator-das-magazin-fr-kmu","https:\/\/www.xing.com\/news\/pages\/organisator-ch-695","https:\/\/www.youtube.com\/channel\/UCGP2Sq0iWaZwT3BdIAQFYpw"]},{"@type":"Person","@id":"https:\/\/www.organisator.ch\/#\/schema\/person\/134708ca9321c57b0362cceb7948ffbd","name":"michael.merz","image":{"@type":"ImageObject","inLanguage":"en-US","@id":"https:\/\/secure.gravatar.com\/avatar\/?s=96&d=mm&r=g","url":"https:\/\/secure.gravatar.com\/avatar\/?s=96&d=mm&r=g","contentUrl":"https:\/\/secure.gravatar.com\/avatar\/?s=96&d=mm&r=g","caption":"michael.merz"},"url":"https:\/\/www.organisator.ch\/en\/author\/michael-merz\/"}]}},"_links":{"self":[{"href":"https:\/\/www.organisator.ch\/en\/wp-json\/wp\/v2\/posts\/10084","targetHints":{"allow":["GET"]}}],"collection":[{"href":"https:\/\/www.organisator.ch\/en\/wp-json\/wp\/v2\/posts"}],"about":[{"href":"https:\/\/www.organisator.ch\/en\/wp-json\/wp\/v2\/types\/post"}],"author":[{"embeddable":true,"href":"https:\/\/www.organisator.ch\/en\/wp-json\/wp\/v2\/users\/5"}],"replies":[{"embeddable":true,"href":"https:\/\/www.organisator.ch\/en\/wp-json\/wp\/v2\/comments?post=10084"}],"version-history":[{"count":1,"href":"https:\/\/www.organisator.ch\/en\/wp-json\/wp\/v2\/posts\/10084\/revisions"}],"predecessor-version":[{"id":10905,"href":"https:\/\/www.organisator.ch\/en\/wp-json\/wp\/v2\/posts\/10084\/revisions\/10905"}],"wp:featuredmedia":[{"embeddable":true,"href":"https:\/\/www.organisator.ch\/en\/wp-json\/wp\/v2\/media\/9605"}],"wp:attachment":[{"href":"https:\/\/www.organisator.ch\/en\/wp-json\/wp\/v2\/media?parent=10084"}],"wp:term":[{"taxonomy":"category","embeddable":true,"href":"https:\/\/www.organisator.ch\/en\/wp-json\/wp\/v2\/categories?post=10084"},{"taxonomy":"post_tag","embeddable":true,"href":"https:\/\/www.organisator.ch\/en\/wp-json\/wp\/v2\/tags?post=10084"}],"curies":[{"name":"wp","href":"https:\/\/api.w.org\/{rel}","templated":true}]}}