{"id":10085,"date":"2019-04-23T13:59:15","date_gmt":"2019-04-23T11:59:15","guid":{"rendered":"https:\/\/www.umweltperspektiven.ch\/?p=2312"},"modified":"2022-02-09T11:06:17","modified_gmt":"2022-02-09T10:06:17","slug":"rueckschau-remforum-2019","status":"publish","type":"post","link":"https:\/\/www.organisator.ch\/en\/sustainability\/2019-04-23\/rueckschau-remforum-2019\/","title":{"rendered":"Review #REMforum 2019"},"content":{"rendered":"<figure id=\"attachment_2313\" aria-describedby=\"caption-attachment-2313\" style=\"width: 680px\" class=\"wp-caption alignnone\"><img loading=\"lazy\" decoding=\"async\" class=\"size-medium wp-image-2313\" src=\"\/\/www.umweltperspektiven.ch\/wp-content\/uploads\/2019\/07\/Rueckschau_REM-Forum-St-Gallen-UP-Umwelt-Perspektiven.jpg\" alt=\"\" width=\"680\" height=\"452\" \/><figcaption id=\"caption-attachment-2313\" class=\"wp-caption-text\">In recent years, there has been a significant shift in direction from centralized to decentralized energy storage. (Symbol image: Unsplash)<\/figcaption><\/figure>\n<p>The #REMforum is a unique annual event connecting managers, investors and other key players in the global energy transition, offering inspiring speakers, insightful debates, interactive workshops and extensive networking opportunities. The \"#REMforum\" is hosted by the Chair of Renewable Energy Management at the University of St. Gallen, one of Europe's leading business schools.<\/p>\n<p>From May 23-24, 2019, the who's who of academic energy research met to find best practices solutions for the \"Clean Energy Industry,\" as it is titled in English.<\/p>\n<p><strong>Energy chains more decentralized and disruptive <\/strong><\/p>\n<p>Over the last two decades, there has been a change of direction from centralized to decentralized energy storage.  However, renewable energy is playing out in both areas: \"centralized\" (e.g., in large hydro or offshore wind systems) and in decentralized forms (e.g., solar photovoltaics). However, there are also current technological trends towards disruptive models.<\/p>\n<p>Thus, a so-called convergence of \"small-scale energy\" conversions and storage with electrically powered vehicles is emerging, showing high local flexibility. Such new forms of energy have new consumption possibilities and targeted \"peer-to-peer tradings\" for renewable energy.<\/p>\n<p>Current framework conditions are thus being redefined for previously institutional energy markets. Therefore, leading energy experts and stakeholders exchanged their opinions at the #REMforum 2019. The #REMforum on May 23-24, 2019, organized by the Chair for Management of Renewable Energies at the University of St. Gallen on the topic \"Social Acceptance of Energy Solutions in a Polarized World\" was once again a great success.<\/p>\n<p>You can find some of the experts in the overview below:<\/p>\n<ul>\n<li>\u00a0\u00a0\u00a0 Beatrice Petrovich &amp; Dr. Philipp Thaler, University of St.Gallen (workshop leaders)<\/li>\n<li>\u00a0\u00a0\u00a0 Jean-Christophe F\u00fceg, Swiss Federal Office of Energy, Head of International Affairs, CH<\/li>\n<li>\u00a0\u00a0\u00a0 Dr. Oliver Koch, Deputy Head of Unit, DG Energy, European Commission<\/li>\n<li>\u00a0\u00a0\u00a0 Imke L\u00fcbbeke, Head of Unit, EU Climate and Energy Policy, WWF European Policy Office, BE<\/li>\n<li>\u00a0\u00a0\u00a0 Eberhard R\u00f6hm-Malcotti, Head of EU Energy Policy, Axpo Group, BE\/CH<\/li>\n<li>\u00a0\u00a0\u00a0 Dr. J\u00f6rg Spicker, Senior Strategic Advisor, Swissgrid AG<\/li>\n<\/ul>\n<p>&nbsp;<\/p>\n<p><em>The #REMforum will take place on April 2-3, 2020. The new forum program for next year can be found at<\/em><\/p>\n<p><a href=\"\/\/www.REMforum.ch\">www.REMforum.ch<\/a><\/p>\n<p>&nbsp;<\/p>","protected":false},"excerpt":{"rendered":"<p>Das #REMforum ist eine einzigartige, j\u00e4hrliche Veranstaltung verbindet Manager, Investoren und andere Schl\u00fcsselakteure der globalen Energiewende und bietet inspirierende Redner, aufschlussreiche Debatten, interaktive Workshops und umfangreiche Netzwerkm\u00f6glichkeiten. Das \u201e#REMforum\u201c wird vom Lehrstuhl f\u00fcr Management Erneuerbarer Energien an der Universit\u00e4t St. Gallen, einer der f\u00fchrenden europ\u00e4ischen Business Schools, ausgerichtet. Vom 23. Bis 24. Mai 2019 traf [&hellip;]<\/p>\n","protected":false},"author":5,"featured_media":2313,"comment_status":"open","ping_status":"open","sticky":false,"template":"","format":"standard","meta":{"_acf_changed":false,"_yoast_wpseo_focuskw":"#REMforum","_yoast_wpseo_metadesc":"Am #REMforum, dem 9. St. Galler Forum f\u00fcr Management erneuerbarer Energien, tauschen die Vordenker der Energiem\u00e4rkte aus.","articlekey":"","footnotes":""},"categories":[580],"tags":[584,221,2179],"class_list":["post-10085","post","type-post","status-publish","format-standard","has-post-thumbnail","hentry","category-sustainability","tag-energie","tag-forum","tag-st-gallen"],"acf":[],"yoast_head":"<!-- This site is optimized with the Yoast SEO plugin v27.4 - https:\/\/yoast.com\/product\/yoast-seo-wordpress\/ -->\n<title>R\u00fcckschau #REMforum 2019 - Organisator<\/title>\n<meta name=\"description\" content=\"Am #REMforum, dem 9. St. Galler Forum f\u00fcr Management erneuerbarer Energien, tauschen die Vordenker der Energiem\u00e4rkte aus.\" \/>\n<meta name=\"robots\" content=\"index, follow, max-snippet:-1, max-image-preview:large, max-video-preview:-1\" \/>\n<link rel=\"canonical\" href=\"https:\/\/www.organisator.ch\/en\/sustainability\/2019-04-23\/rueckschau-remforum-2019\/\" \/>\n<meta property=\"og:locale\" content=\"en_US\" \/>\n<meta property=\"og:type\" content=\"article\" \/>\n<meta property=\"og:title\" content=\"R\u00fcckschau #REMforum 2019 - Organisator\" \/>\n<meta property=\"og:description\" content=\"Am #REMforum, dem 9. St. Galler Forum f\u00fcr Management erneuerbarer Energien, tauschen die Vordenker der Energiem\u00e4rkte aus.\" \/>\n<meta property=\"og:url\" content=\"https:\/\/www.organisator.ch\/en\/sustainability\/2019-04-23\/rueckschau-remforum-2019\/\" \/>\n<meta property=\"og:site_name\" content=\"Organisator\" \/>\n<meta property=\"article:publisher\" content=\"https:\/\/www.facebook.com\/OrganisatorFachmagazin\" \/>\n<meta property=\"article:published_time\" content=\"2019-04-23T11:59:15+00:00\" \/>\n<meta property=\"article:modified_time\" content=\"2022-02-09T10:06:17+00:00\" \/>\n<meta property=\"og:image\" content=\"https:\/\/www.organisator.ch\/wp-content\/uploads\/2019\/07\/Rueckschau_REM-Forum-St-Gallen-UP-Umwelt-Perspektiven-scaled.jpg\" \/>\n\t<meta property=\"og:image:width\" content=\"2560\" \/>\n\t<meta property=\"og:image:height\" content=\"1701\" \/>\n\t<meta property=\"og:image:type\" content=\"image\/jpeg\" \/>\n<meta name=\"author\" content=\"michael.merz\" \/>\n<meta name=\"twitter:card\" content=\"summary_large_image\" \/>\n<script type=\"application\/ld+json\" class=\"yoast-schema-graph\">{\"@context\":\"https:\\\/\\\/schema.org\",\"@graph\":[{\"@type\":\"Article\",\"@id\":\"https:\\\/\\\/www.organisator.ch\\\/sustainability\\\/2019-04-23\\\/rueckschau-remforum-2019\\\/#article\",\"isPartOf\":{\"@id\":\"https:\\\/\\\/www.organisator.ch\\\/sustainability\\\/2019-04-23\\\/rueckschau-remforum-2019\\\/\"},\"author\":{\"name\":\"michael.merz\",\"@id\":\"https:\\\/\\\/www.organisator.ch\\\/#\\\/schema\\\/person\\\/134708ca9321c57b0362cceb7948ffbd\"},\"headline\":\"R\u00fcckschau #REMforum 2019\",\"datePublished\":\"2019-04-23T11:59:15+00:00\",\"dateModified\":\"2022-02-09T10:06:17+00:00\",\"mainEntityOfPage\":{\"@id\":\"https:\\\/\\\/www.organisator.ch\\\/sustainability\\\/2019-04-23\\\/rueckschau-remforum-2019\\\/\"},\"wordCount\":372,\"commentCount\":0,\"publisher\":{\"@id\":\"https:\\\/\\\/www.organisator.ch\\\/#organization\"},\"image\":{\"@id\":\"https:\\\/\\\/www.organisator.ch\\\/sustainability\\\/2019-04-23\\\/rueckschau-remforum-2019\\\/#primaryimage\"},\"thumbnailUrl\":\"https:\\\/\\\/www.organisator.ch\\\/wp-content\\\/uploads\\\/2019\\\/07\\\/Rueckschau_REM-Forum-St-Gallen-UP-Umwelt-Perspektiven-scaled.jpg\",\"keywords\":[\"ENERGIE\",\"Forum\",\"St. Gallen\"],\"articleSection\":[\"SUSTAINABILITY\"],\"inLanguage\":\"en-US\"},{\"@type\":\"WebPage\",\"@id\":\"https:\\\/\\\/www.organisator.ch\\\/sustainability\\\/2019-04-23\\\/rueckschau-remforum-2019\\\/\",\"url\":\"https:\\\/\\\/www.organisator.ch\\\/sustainability\\\/2019-04-23\\\/rueckschau-remforum-2019\\\/\",\"name\":\"R\u00fcckschau #REMforum 2019 - Organisator\",\"isPartOf\":{\"@id\":\"https:\\\/\\\/www.organisator.ch\\\/#website\"},\"primaryImageOfPage\":{\"@id\":\"https:\\\/\\\/www.organisator.ch\\\/sustainability\\\/2019-04-23\\\/rueckschau-remforum-2019\\\/#primaryimage\"},\"image\":{\"@id\":\"https:\\\/\\\/www.organisator.ch\\\/sustainability\\\/2019-04-23\\\/rueckschau-remforum-2019\\\/#primaryimage\"},\"thumbnailUrl\":\"https:\\\/\\\/www.organisator.ch\\\/wp-content\\\/uploads\\\/2019\\\/07\\\/Rueckschau_REM-Forum-St-Gallen-UP-Umwelt-Perspektiven-scaled.jpg\",\"datePublished\":\"2019-04-23T11:59:15+00:00\",\"dateModified\":\"2022-02-09T10:06:17+00:00\",\"description\":\"Am #REMforum, dem 9. St. Galler Forum f\u00fcr Management erneuerbarer Energien, tauschen die Vordenker der Energiem\u00e4rkte aus.\",\"breadcrumb\":{\"@id\":\"https:\\\/\\\/www.organisator.ch\\\/sustainability\\\/2019-04-23\\\/rueckschau-remforum-2019\\\/#breadcrumb\"},\"inLanguage\":\"en-US\",\"potentialAction\":[{\"@type\":\"ReadAction\",\"target\":[\"https:\\\/\\\/www.organisator.ch\\\/sustainability\\\/2019-04-23\\\/rueckschau-remforum-2019\\\/\"]}]},{\"@type\":\"ImageObject\",\"inLanguage\":\"en-US\",\"@id\":\"https:\\\/\\\/www.organisator.ch\\\/sustainability\\\/2019-04-23\\\/rueckschau-remforum-2019\\\/#primaryimage\",\"url\":\"https:\\\/\\\/www.organisator.ch\\\/wp-content\\\/uploads\\\/2019\\\/07\\\/Rueckschau_REM-Forum-St-Gallen-UP-Umwelt-Perspektiven-scaled.jpg\",\"contentUrl\":\"https:\\\/\\\/www.organisator.ch\\\/wp-content\\\/uploads\\\/2019\\\/07\\\/Rueckschau_REM-Forum-St-Gallen-UP-Umwelt-Perspektiven-scaled.jpg\",\"width\":2560,\"height\":1701,\"caption\":\"In den letzten Jahren gab es einen deutlichen Richtungswechsel von der zentralen zur dezentralen Energiespeicherung. (Symbolbild: Unsplash)\"},{\"@type\":\"BreadcrumbList\",\"@id\":\"https:\\\/\\\/www.organisator.ch\\\/sustainability\\\/2019-04-23\\\/rueckschau-remforum-2019\\\/#breadcrumb\",\"itemListElement\":[{\"@type\":\"ListItem\",\"position\":1,\"name\":\"Home\",\"item\":\"https:\\\/\\\/www.organisator.ch\\\/\"},{\"@type\":\"ListItem\",\"position\":2,\"name\":\"R\u00fcckschau #REMforum 2019\"}]},{\"@type\":\"WebSite\",\"@id\":\"https:\\\/\\\/www.organisator.ch\\\/#website\",\"url\":\"https:\\\/\\\/www.organisator.ch\\\/\",\"name\":\"Organisator\",\"description\":\"Kompetent. Praxisnah. Der ORGANISATOR bereitet in 10 Ausgaben pro Jahr die wesentlichen Themen f\u00fcr F\u00fchrungskr\u00e4fte von KMU auf.\",\"publisher\":{\"@id\":\"https:\\\/\\\/www.organisator.ch\\\/#organization\"},\"potentialAction\":[{\"@type\":\"SearchAction\",\"target\":{\"@type\":\"EntryPoint\",\"urlTemplate\":\"https:\\\/\\\/www.organisator.ch\\\/?s={search_term_string}\"},\"query-input\":{\"@type\":\"PropertyValueSpecification\",\"valueRequired\":true,\"valueName\":\"search_term_string\"}}],\"inLanguage\":\"en-US\"},{\"@type\":\"Organization\",\"@id\":\"https:\\\/\\\/www.organisator.ch\\\/#organization\",\"name\":\"Organisator\",\"url\":\"https:\\\/\\\/www.organisator.ch\\\/\",\"logo\":{\"@type\":\"ImageObject\",\"inLanguage\":\"en-US\",\"@id\":\"https:\\\/\\\/www.organisator.ch\\\/#\\\/schema\\\/logo\\\/image\\\/\",\"url\":\"https:\\\/\\\/www.organisator.ch\\\/wp-content\\\/uploads\\\/2022\\\/01\\\/Logo_Organisator_Website.png\",\"contentUrl\":\"https:\\\/\\\/www.organisator.ch\\\/wp-content\\\/uploads\\\/2022\\\/01\\\/Logo_Organisator_Website.png\",\"width\":800,\"height\":77,\"caption\":\"Organisator\"},\"image\":{\"@id\":\"https:\\\/\\\/www.organisator.ch\\\/#\\\/schema\\\/logo\\\/image\\\/\"},\"sameAs\":[\"https:\\\/\\\/www.facebook.com\\\/OrganisatorFachmagazin\",\"https:\\\/\\\/www.linkedin.com\\\/showcase\\\/organisator-das-magazin-fr-kmu\",\"https:\\\/\\\/www.xing.com\\\/news\\\/pages\\\/organisator-ch-695\",\"https:\\\/\\\/www.youtube.com\\\/channel\\\/UCGP2Sq0iWaZwT3BdIAQFYpw\"]},{\"@type\":\"Person\",\"@id\":\"https:\\\/\\\/www.organisator.ch\\\/#\\\/schema\\\/person\\\/134708ca9321c57b0362cceb7948ffbd\",\"name\":\"michael.merz\",\"image\":{\"@type\":\"ImageObject\",\"inLanguage\":\"en-US\",\"@id\":\"https:\\\/\\\/secure.gravatar.com\\\/avatar\\\/?s=96&d=mm&r=g\",\"url\":\"https:\\\/\\\/secure.gravatar.com\\\/avatar\\\/?s=96&d=mm&r=g\",\"contentUrl\":\"https:\\\/\\\/secure.gravatar.com\\\/avatar\\\/?s=96&d=mm&r=g\",\"caption\":\"michael.merz\"},\"url\":\"https:\\\/\\\/www.organisator.ch\\\/en\\\/author\\\/michael-merz\\\/\"}]}<\/script>\n<!-- \/ Yoast SEO plugin. -->","yoast_head_json":{"title":"Review #REMforum 2019 - Organizer","description":"At #REMforum, the 9th St. Gallen Forum for Renewable Energy Management, thought leaders in the energy markets exchange ideas.","robots":{"index":"index","follow":"follow","max-snippet":"max-snippet:-1","max-image-preview":"max-image-preview:large","max-video-preview":"max-video-preview:-1"},"canonical":"https:\/\/www.organisator.ch\/en\/sustainability\/2019-04-23\/rueckschau-remforum-2019\/","og_locale":"en_US","og_type":"article","og_title":"R\u00fcckschau #REMforum 2019 - Organisator","og_description":"Am #REMforum, dem 9. St. Galler Forum f\u00fcr Management erneuerbarer Energien, tauschen die Vordenker der Energiem\u00e4rkte aus.","og_url":"https:\/\/www.organisator.ch\/en\/sustainability\/2019-04-23\/rueckschau-remforum-2019\/","og_site_name":"Organisator","article_publisher":"https:\/\/www.facebook.com\/OrganisatorFachmagazin","article_published_time":"2019-04-23T11:59:15+00:00","article_modified_time":"2022-02-09T10:06:17+00:00","og_image":[{"width":2560,"height":1701,"url":"https:\/\/www.organisator.ch\/wp-content\/uploads\/2019\/07\/Rueckschau_REM-Forum-St-Gallen-UP-Umwelt-Perspektiven-scaled.jpg","type":"image\/jpeg"}],"author":"michael.merz","twitter_card":"summary_large_image","schema":{"@context":"https:\/\/schema.org","@graph":[{"@type":"Article","@id":"https:\/\/www.organisator.ch\/sustainability\/2019-04-23\/rueckschau-remforum-2019\/#article","isPartOf":{"@id":"https:\/\/www.organisator.ch\/sustainability\/2019-04-23\/rueckschau-remforum-2019\/"},"author":{"name":"michael.merz","@id":"https:\/\/www.organisator.ch\/#\/schema\/person\/134708ca9321c57b0362cceb7948ffbd"},"headline":"R\u00fcckschau #REMforum 2019","datePublished":"2019-04-23T11:59:15+00:00","dateModified":"2022-02-09T10:06:17+00:00","mainEntityOfPage":{"@id":"https:\/\/www.organisator.ch\/sustainability\/2019-04-23\/rueckschau-remforum-2019\/"},"wordCount":372,"commentCount":0,"publisher":{"@id":"https:\/\/www.organisator.ch\/#organization"},"image":{"@id":"https:\/\/www.organisator.ch\/sustainability\/2019-04-23\/rueckschau-remforum-2019\/#primaryimage"},"thumbnailUrl":"https:\/\/www.organisator.ch\/wp-content\/uploads\/2019\/07\/Rueckschau_REM-Forum-St-Gallen-UP-Umwelt-Perspektiven-scaled.jpg","keywords":["ENERGIE","Forum","St. Gallen"],"articleSection":["SUSTAINABILITY"],"inLanguage":"en-US"},{"@type":"WebPage","@id":"https:\/\/www.organisator.ch\/sustainability\/2019-04-23\/rueckschau-remforum-2019\/","url":"https:\/\/www.organisator.ch\/sustainability\/2019-04-23\/rueckschau-remforum-2019\/","name":"Review #REMforum 2019 - Organizer","isPartOf":{"@id":"https:\/\/www.organisator.ch\/#website"},"primaryImageOfPage":{"@id":"https:\/\/www.organisator.ch\/sustainability\/2019-04-23\/rueckschau-remforum-2019\/#primaryimage"},"image":{"@id":"https:\/\/www.organisator.ch\/sustainability\/2019-04-23\/rueckschau-remforum-2019\/#primaryimage"},"thumbnailUrl":"https:\/\/www.organisator.ch\/wp-content\/uploads\/2019\/07\/Rueckschau_REM-Forum-St-Gallen-UP-Umwelt-Perspektiven-scaled.jpg","datePublished":"2019-04-23T11:59:15+00:00","dateModified":"2022-02-09T10:06:17+00:00","description":"At #REMforum, the 9th St. Gallen Forum for Renewable Energy Management, thought leaders in the energy markets exchange ideas.","breadcrumb":{"@id":"https:\/\/www.organisator.ch\/sustainability\/2019-04-23\/rueckschau-remforum-2019\/#breadcrumb"},"inLanguage":"en-US","potentialAction":[{"@type":"ReadAction","target":["https:\/\/www.organisator.ch\/sustainability\/2019-04-23\/rueckschau-remforum-2019\/"]}]},{"@type":"ImageObject","inLanguage":"en-US","@id":"https:\/\/www.organisator.ch\/sustainability\/2019-04-23\/rueckschau-remforum-2019\/#primaryimage","url":"https:\/\/www.organisator.ch\/wp-content\/uploads\/2019\/07\/Rueckschau_REM-Forum-St-Gallen-UP-Umwelt-Perspektiven-scaled.jpg","contentUrl":"https:\/\/www.organisator.ch\/wp-content\/uploads\/2019\/07\/Rueckschau_REM-Forum-St-Gallen-UP-Umwelt-Perspektiven-scaled.jpg","width":2560,"height":1701,"caption":"In den letzten Jahren gab es einen deutlichen Richtungswechsel von der zentralen zur dezentralen Energiespeicherung. (Symbolbild: Unsplash)"},{"@type":"BreadcrumbList","@id":"https:\/\/www.organisator.ch\/sustainability\/2019-04-23\/rueckschau-remforum-2019\/#breadcrumb","itemListElement":[{"@type":"ListItem","position":1,"name":"Home","item":"https:\/\/www.organisator.ch\/"},{"@type":"ListItem","position":2,"name":"R\u00fcckschau #REMforum 2019"}]},{"@type":"WebSite","@id":"https:\/\/www.organisator.ch\/#website","url":"https:\/\/www.organisator.ch\/","name":"Organizer","description":"Competent. Practical. In 10 issues per year, ORGANISATOR presents the essential topics for managers of SMEs.","publisher":{"@id":"https:\/\/www.organisator.ch\/#organization"},"potentialAction":[{"@type":"SearchAction","target":{"@type":"EntryPoint","urlTemplate":"https:\/\/www.organisator.ch\/?s={search_term_string}"},"query-input":{"@type":"PropertyValueSpecification","valueRequired":true,"valueName":"search_term_string"}}],"inLanguage":"en-US"},{"@type":"Organization","@id":"https:\/\/www.organisator.ch\/#organization","name":"Organizer","url":"https:\/\/www.organisator.ch\/","logo":{"@type":"ImageObject","inLanguage":"en-US","@id":"https:\/\/www.organisator.ch\/#\/schema\/logo\/image\/","url":"https:\/\/www.organisator.ch\/wp-content\/uploads\/2022\/01\/Logo_Organisator_Website.png","contentUrl":"https:\/\/www.organisator.ch\/wp-content\/uploads\/2022\/01\/Logo_Organisator_Website.png","width":800,"height":77,"caption":"Organisator"},"image":{"@id":"https:\/\/www.organisator.ch\/#\/schema\/logo\/image\/"},"sameAs":["https:\/\/www.facebook.com\/OrganisatorFachmagazin","https:\/\/www.linkedin.com\/showcase\/organisator-das-magazin-fr-kmu","https:\/\/www.xing.com\/news\/pages\/organisator-ch-695","https:\/\/www.youtube.com\/channel\/UCGP2Sq0iWaZwT3BdIAQFYpw"]},{"@type":"Person","@id":"https:\/\/www.organisator.ch\/#\/schema\/person\/134708ca9321c57b0362cceb7948ffbd","name":"michael.merz","image":{"@type":"ImageObject","inLanguage":"en-US","@id":"https:\/\/secure.gravatar.com\/avatar\/?s=96&d=mm&r=g","url":"https:\/\/secure.gravatar.com\/avatar\/?s=96&d=mm&r=g","contentUrl":"https:\/\/secure.gravatar.com\/avatar\/?s=96&d=mm&r=g","caption":"michael.merz"},"url":"https:\/\/www.organisator.ch\/en\/author\/michael-merz\/"}]}},"_links":{"self":[{"href":"https:\/\/www.organisator.ch\/en\/wp-json\/wp\/v2\/posts\/10085","targetHints":{"allow":["GET"]}}],"collection":[{"href":"https:\/\/www.organisator.ch\/en\/wp-json\/wp\/v2\/posts"}],"about":[{"href":"https:\/\/www.organisator.ch\/en\/wp-json\/wp\/v2\/types\/post"}],"author":[{"embeddable":true,"href":"https:\/\/www.organisator.ch\/en\/wp-json\/wp\/v2\/users\/5"}],"replies":[{"embeddable":true,"href":"https:\/\/www.organisator.ch\/en\/wp-json\/wp\/v2\/comments?post=10085"}],"version-history":[{"count":1,"href":"https:\/\/www.organisator.ch\/en\/wp-json\/wp\/v2\/posts\/10085\/revisions"}],"predecessor-version":[{"id":10558,"href":"https:\/\/www.organisator.ch\/en\/wp-json\/wp\/v2\/posts\/10085\/revisions\/10558"}],"wp:featuredmedia":[{"embeddable":true,"href":"https:\/\/www.organisator.ch\/en\/wp-json\/wp\/v2\/media\/2313"}],"wp:attachment":[{"href":"https:\/\/www.organisator.ch\/en\/wp-json\/wp\/v2\/media?parent=10085"}],"wp:term":[{"taxonomy":"category","embeddable":true,"href":"https:\/\/www.organisator.ch\/en\/wp-json\/wp\/v2\/categories?post=10085"},{"taxonomy":"post_tag","embeddable":true,"href":"https:\/\/www.organisator.ch\/en\/wp-json\/wp\/v2\/tags?post=10085"}],"curies":[{"name":"wp","href":"https:\/\/api.w.org\/{rel}","templated":true}]}}