{"id":10091,"date":"2019-06-27T15:37:30","date_gmt":"2019-06-27T13:37:30","guid":{"rendered":"https:\/\/www.umweltperspektiven.ch\/?p=2228"},"modified":"2022-02-09T11:10:06","modified_gmt":"2022-02-09T10:10:06","slug":"swico-geschaeftsfuehrerin-fuer-den-nationalrat-nominiert","status":"publish","type":"post","link":"https:\/\/www.organisator.ch\/en\/sustainability\/2019-06-27\/swico-geschaeftsfuehrerin-fuer-den-nationalrat-nominiert\/","title":{"rendered":"Swico Managing Director nominated for the National Council"},"content":{"rendered":"<p>&nbsp;<\/p>\n<figure id=\"attachment_2229\" aria-describedby=\"caption-attachment-2229\" style=\"width: 640px\" class=\"wp-caption alignnone\"><img loading=\"lazy\" decoding=\"async\" class=\"size-full wp-image-2229\" src=\"\/\/www.umweltperspektiven.ch\/wp-content\/uploads\/2019\/06\/judith_bellaiche_foto_entzeroth.jpg\" alt=\"\" width=\"640\" height=\"427\" srcset=\"https:\/\/www.organisator.ch\/wp-content\/uploads\/2019\/06\/judith_bellaiche_foto_entzeroth.jpg 640w, https:\/\/www.organisator.ch\/wp-content\/uploads\/2019\/06\/judith_bellaiche_foto_entzeroth-18x12.jpg 18w, https:\/\/www.organisator.ch\/wp-content\/uploads\/2019\/06\/judith_bellaiche_foto_entzeroth-262x175.jpg 262w, https:\/\/www.organisator.ch\/wp-content\/uploads\/2019\/06\/judith_bellaiche_foto_entzeroth-525x350.jpg 525w, https:\/\/www.organisator.ch\/wp-content\/uploads\/2019\/06\/judith_bellaiche_foto_entzeroth-300x200.jpg 300w\" sizes=\"auto, (max-width: 640px) 100vw, 640px\" \/><figcaption id=\"caption-attachment-2229\" class=\"wp-caption-text\">Judith Bellaiche, managing director of Swico. (Image zVg)<\/figcaption><\/figure>\n<p>Judith Bellaiche starts from the hopeful position 5 on the list of the Green Liberal Party of the Canton of Zurich. She has been a member of the Zurich Cantonal Council for more than eight years and, as an economic politician, consistently advocates<\/p>\n<p>innovation and digitization. Thanks to her clear positioning as a progressive, pro-business and pro-environment representative of the political center and her convincing results from the last elections, she is considered to have intact electoral chances.<\/p>\n<p>With her election, Swico would have a strong representative in the Federal Parliament, who consistently supports the concerns of the ICT industry. President Andreas Kn\u00f6pfli is pleased with the nomination: \"I support the political commitment of our CEO and hope for a positive election result. We can make good use of the reinforcement in Bern.\"<\/p>\n<p>Judith Bellaiche succeeded Jean-Marc Hensch at Swico in May and has since acted with great commitment to the further development of the association. On her political goals, she says:<\/p>\n<p>\"Digitization needs a permanent place on the political agenda. I want to advocate for progressive framework conditions - this is about our innovation location! Our successful recycling system for digital devices is also very close to my heart and I want to promote and defend self-responsibility and voluntarism.\"<\/p>\n<p>The National Council elections will be held on October 20, 2019.<\/p>\n<p><a href=\"\/\/www.swico.ch\">www.swico.ch<\/a><\/p>\n<p>&nbsp;<\/p>","protected":false},"excerpt":{"rendered":"<p>&nbsp; Judith Bellaiche startet vom hoffnungsvollen Platz 5 auf der Liste der Gr\u00fcnliberalen Partei des Kantons Z\u00fcrich. Sie sitzt seit \u00fcber acht Jahren im Z\u00fcrcher Kantonsrat und setzt sich als Wirtschafspolitikerin konsequent f\u00fcr Innovation und Digitalisierung ein. Dank ihrer klaren Positionierung als fortschrittliche, wirtschafts- und umweltfreundliche Vertreterin der politischen Mitte sowie ihrem \u00fcberzeugenden Resultat aus [&hellip;]<\/p>\n","protected":false},"author":5,"featured_media":2229,"comment_status":"open","ping_status":"open","sticky":false,"template":"","format":"standard","meta":{"_acf_changed":false,"_yoast_wpseo_focuskw":"Swico","_yoast_wpseo_metadesc":"Am 25. Juni wurde die neue Gesch\u00e4ftsf\u00fchrerin von Swico, Judith Bellaiche, von ihrer Partei als Nationalratskandidatin nominiert.","articlekey":"","footnotes":""},"categories":[580],"tags":[157,1007,286,381],"class_list":["post-10091","post","type-post","status-publish","format-standard","has-post-thumbnail","hentry","category-sustainability","tag-digitalitaet","tag-e-recycling","tag-it","tag-personalia"],"acf":[],"yoast_head":"<!-- This site is optimized with the Yoast SEO plugin v27.4 - https:\/\/yoast.com\/product\/yoast-seo-wordpress\/ -->\n<title>Swico Gesch\u00e4ftsf\u00fchrerin f\u00fcr den Nationalrat nominiert - Organisator<\/title>\n<meta name=\"description\" content=\"Am 25. Juni wurde die neue Gesch\u00e4ftsf\u00fchrerin von Swico, Judith Bellaiche, von ihrer Partei als Nationalratskandidatin nominiert.\" \/>\n<meta name=\"robots\" content=\"index, follow, max-snippet:-1, max-image-preview:large, max-video-preview:-1\" \/>\n<link rel=\"canonical\" href=\"https:\/\/www.organisator.ch\/en\/sustainability\/2019-06-27\/swico-geschaeftsfuehrerin-fuer-den-nationalrat-nominiert\/\" \/>\n<meta property=\"og:locale\" content=\"en_US\" \/>\n<meta property=\"og:type\" content=\"article\" \/>\n<meta property=\"og:title\" content=\"Swico Gesch\u00e4ftsf\u00fchrerin f\u00fcr den Nationalrat nominiert - Organisator\" \/>\n<meta property=\"og:description\" content=\"Am 25. Juni wurde die neue Gesch\u00e4ftsf\u00fchrerin von Swico, Judith Bellaiche, von ihrer Partei als Nationalratskandidatin nominiert.\" \/>\n<meta property=\"og:url\" content=\"https:\/\/www.organisator.ch\/en\/sustainability\/2019-06-27\/swico-geschaeftsfuehrerin-fuer-den-nationalrat-nominiert\/\" \/>\n<meta property=\"og:site_name\" content=\"Organisator\" \/>\n<meta property=\"article:publisher\" content=\"https:\/\/www.facebook.com\/OrganisatorFachmagazin\" \/>\n<meta property=\"article:published_time\" content=\"2019-06-27T13:37:30+00:00\" \/>\n<meta property=\"article:modified_time\" content=\"2022-02-09T10:10:06+00:00\" \/>\n<meta property=\"og:image\" content=\"https:\/\/www.organisator.ch\/wp-content\/uploads\/2019\/06\/judith_bellaiche_foto_entzeroth.jpg\" \/>\n\t<meta property=\"og:image:width\" content=\"640\" \/>\n\t<meta property=\"og:image:height\" content=\"427\" \/>\n\t<meta property=\"og:image:type\" content=\"image\/jpeg\" \/>\n<meta name=\"author\" content=\"michael.merz\" \/>\n<meta name=\"twitter:card\" content=\"summary_large_image\" \/>\n<script type=\"application\/ld+json\" class=\"yoast-schema-graph\">{\"@context\":\"https:\\\/\\\/schema.org\",\"@graph\":[{\"@type\":\"Article\",\"@id\":\"https:\\\/\\\/www.organisator.ch\\\/sustainability\\\/2019-06-27\\\/swico-geschaeftsfuehrerin-fuer-den-nationalrat-nominiert\\\/#article\",\"isPartOf\":{\"@id\":\"https:\\\/\\\/www.organisator.ch\\\/sustainability\\\/2019-06-27\\\/swico-geschaeftsfuehrerin-fuer-den-nationalrat-nominiert\\\/\"},\"author\":{\"name\":\"michael.merz\",\"@id\":\"https:\\\/\\\/www.organisator.ch\\\/#\\\/schema\\\/person\\\/134708ca9321c57b0362cceb7948ffbd\"},\"headline\":\"Swico Gesch\u00e4ftsf\u00fchrerin f\u00fcr den Nationalrat nominiert\",\"datePublished\":\"2019-06-27T13:37:30+00:00\",\"dateModified\":\"2022-02-09T10:10:06+00:00\",\"mainEntityOfPage\":{\"@id\":\"https:\\\/\\\/www.organisator.ch\\\/sustainability\\\/2019-06-27\\\/swico-geschaeftsfuehrerin-fuer-den-nationalrat-nominiert\\\/\"},\"wordCount\":240,\"commentCount\":0,\"publisher\":{\"@id\":\"https:\\\/\\\/www.organisator.ch\\\/#organization\"},\"image\":{\"@id\":\"https:\\\/\\\/www.organisator.ch\\\/sustainability\\\/2019-06-27\\\/swico-geschaeftsfuehrerin-fuer-den-nationalrat-nominiert\\\/#primaryimage\"},\"thumbnailUrl\":\"https:\\\/\\\/www.organisator.ch\\\/wp-content\\\/uploads\\\/2019\\\/06\\\/judith_bellaiche_foto_entzeroth.jpg\",\"keywords\":[\"Digitalit\u00e4t\",\"E-Recycling\",\"IT\",\"Personalia\"],\"articleSection\":[\"SUSTAINABILITY\"],\"inLanguage\":\"en-US\"},{\"@type\":\"WebPage\",\"@id\":\"https:\\\/\\\/www.organisator.ch\\\/sustainability\\\/2019-06-27\\\/swico-geschaeftsfuehrerin-fuer-den-nationalrat-nominiert\\\/\",\"url\":\"https:\\\/\\\/www.organisator.ch\\\/sustainability\\\/2019-06-27\\\/swico-geschaeftsfuehrerin-fuer-den-nationalrat-nominiert\\\/\",\"name\":\"Swico Gesch\u00e4ftsf\u00fchrerin f\u00fcr den Nationalrat nominiert - Organisator\",\"isPartOf\":{\"@id\":\"https:\\\/\\\/www.organisator.ch\\\/#website\"},\"primaryImageOfPage\":{\"@id\":\"https:\\\/\\\/www.organisator.ch\\\/sustainability\\\/2019-06-27\\\/swico-geschaeftsfuehrerin-fuer-den-nationalrat-nominiert\\\/#primaryimage\"},\"image\":{\"@id\":\"https:\\\/\\\/www.organisator.ch\\\/sustainability\\\/2019-06-27\\\/swico-geschaeftsfuehrerin-fuer-den-nationalrat-nominiert\\\/#primaryimage\"},\"thumbnailUrl\":\"https:\\\/\\\/www.organisator.ch\\\/wp-content\\\/uploads\\\/2019\\\/06\\\/judith_bellaiche_foto_entzeroth.jpg\",\"datePublished\":\"2019-06-27T13:37:30+00:00\",\"dateModified\":\"2022-02-09T10:10:06+00:00\",\"description\":\"Am 25. Juni wurde die neue Gesch\u00e4ftsf\u00fchrerin von Swico, Judith Bellaiche, von ihrer Partei als Nationalratskandidatin nominiert.\",\"breadcrumb\":{\"@id\":\"https:\\\/\\\/www.organisator.ch\\\/sustainability\\\/2019-06-27\\\/swico-geschaeftsfuehrerin-fuer-den-nationalrat-nominiert\\\/#breadcrumb\"},\"inLanguage\":\"en-US\",\"potentialAction\":[{\"@type\":\"ReadAction\",\"target\":[\"https:\\\/\\\/www.organisator.ch\\\/sustainability\\\/2019-06-27\\\/swico-geschaeftsfuehrerin-fuer-den-nationalrat-nominiert\\\/\"]}]},{\"@type\":\"ImageObject\",\"inLanguage\":\"en-US\",\"@id\":\"https:\\\/\\\/www.organisator.ch\\\/sustainability\\\/2019-06-27\\\/swico-geschaeftsfuehrerin-fuer-den-nationalrat-nominiert\\\/#primaryimage\",\"url\":\"https:\\\/\\\/www.organisator.ch\\\/wp-content\\\/uploads\\\/2019\\\/06\\\/judith_bellaiche_foto_entzeroth.jpg\",\"contentUrl\":\"https:\\\/\\\/www.organisator.ch\\\/wp-content\\\/uploads\\\/2019\\\/06\\\/judith_bellaiche_foto_entzeroth.jpg\",\"width\":640,\"height\":427,\"caption\":\"Judith Bellaiche, Gesch\u00e4ftsf\u00fchrerin von Swico. (Bild zVg)\"},{\"@type\":\"BreadcrumbList\",\"@id\":\"https:\\\/\\\/www.organisator.ch\\\/sustainability\\\/2019-06-27\\\/swico-geschaeftsfuehrerin-fuer-den-nationalrat-nominiert\\\/#breadcrumb\",\"itemListElement\":[{\"@type\":\"ListItem\",\"position\":1,\"name\":\"Home\",\"item\":\"https:\\\/\\\/www.organisator.ch\\\/\"},{\"@type\":\"ListItem\",\"position\":2,\"name\":\"Swico Gesch\u00e4ftsf\u00fchrerin f\u00fcr den Nationalrat nominiert\"}]},{\"@type\":\"WebSite\",\"@id\":\"https:\\\/\\\/www.organisator.ch\\\/#website\",\"url\":\"https:\\\/\\\/www.organisator.ch\\\/\",\"name\":\"Organisator\",\"description\":\"Kompetent. Praxisnah. Der ORGANISATOR bereitet in 10 Ausgaben pro Jahr die wesentlichen Themen f\u00fcr F\u00fchrungskr\u00e4fte von KMU auf.\",\"publisher\":{\"@id\":\"https:\\\/\\\/www.organisator.ch\\\/#organization\"},\"potentialAction\":[{\"@type\":\"SearchAction\",\"target\":{\"@type\":\"EntryPoint\",\"urlTemplate\":\"https:\\\/\\\/www.organisator.ch\\\/?s={search_term_string}\"},\"query-input\":{\"@type\":\"PropertyValueSpecification\",\"valueRequired\":true,\"valueName\":\"search_term_string\"}}],\"inLanguage\":\"en-US\"},{\"@type\":\"Organization\",\"@id\":\"https:\\\/\\\/www.organisator.ch\\\/#organization\",\"name\":\"Organisator\",\"url\":\"https:\\\/\\\/www.organisator.ch\\\/\",\"logo\":{\"@type\":\"ImageObject\",\"inLanguage\":\"en-US\",\"@id\":\"https:\\\/\\\/www.organisator.ch\\\/#\\\/schema\\\/logo\\\/image\\\/\",\"url\":\"https:\\\/\\\/www.organisator.ch\\\/wp-content\\\/uploads\\\/2022\\\/01\\\/Logo_Organisator_Website.png\",\"contentUrl\":\"https:\\\/\\\/www.organisator.ch\\\/wp-content\\\/uploads\\\/2022\\\/01\\\/Logo_Organisator_Website.png\",\"width\":800,\"height\":77,\"caption\":\"Organisator\"},\"image\":{\"@id\":\"https:\\\/\\\/www.organisator.ch\\\/#\\\/schema\\\/logo\\\/image\\\/\"},\"sameAs\":[\"https:\\\/\\\/www.facebook.com\\\/OrganisatorFachmagazin\",\"https:\\\/\\\/www.linkedin.com\\\/showcase\\\/organisator-das-magazin-fr-kmu\",\"https:\\\/\\\/www.xing.com\\\/news\\\/pages\\\/organisator-ch-695\",\"https:\\\/\\\/www.youtube.com\\\/channel\\\/UCGP2Sq0iWaZwT3BdIAQFYpw\"]},{\"@type\":\"Person\",\"@id\":\"https:\\\/\\\/www.organisator.ch\\\/#\\\/schema\\\/person\\\/134708ca9321c57b0362cceb7948ffbd\",\"name\":\"michael.merz\",\"image\":{\"@type\":\"ImageObject\",\"inLanguage\":\"en-US\",\"@id\":\"https:\\\/\\\/secure.gravatar.com\\\/avatar\\\/?s=96&d=mm&r=g\",\"url\":\"https:\\\/\\\/secure.gravatar.com\\\/avatar\\\/?s=96&d=mm&r=g\",\"contentUrl\":\"https:\\\/\\\/secure.gravatar.com\\\/avatar\\\/?s=96&d=mm&r=g\",\"caption\":\"michael.merz\"},\"url\":\"https:\\\/\\\/www.organisator.ch\\\/en\\\/author\\\/michael-merz\\\/\"}]}<\/script>\n<!-- \/ Yoast SEO plugin. -->","yoast_head_json":{"title":"Swico Managing Director nominated for the National Council - Organizer","description":"On June 25, Swico's new CEO, Judith Bellaiche, was nominated by her party as a candidate for the National Council.","robots":{"index":"index","follow":"follow","max-snippet":"max-snippet:-1","max-image-preview":"max-image-preview:large","max-video-preview":"max-video-preview:-1"},"canonical":"https:\/\/www.organisator.ch\/en\/sustainability\/2019-06-27\/swico-geschaeftsfuehrerin-fuer-den-nationalrat-nominiert\/","og_locale":"en_US","og_type":"article","og_title":"Swico Gesch\u00e4ftsf\u00fchrerin f\u00fcr den Nationalrat nominiert - Organisator","og_description":"Am 25. Juni wurde die neue Gesch\u00e4ftsf\u00fchrerin von Swico, Judith Bellaiche, von ihrer Partei als Nationalratskandidatin nominiert.","og_url":"https:\/\/www.organisator.ch\/en\/sustainability\/2019-06-27\/swico-geschaeftsfuehrerin-fuer-den-nationalrat-nominiert\/","og_site_name":"Organisator","article_publisher":"https:\/\/www.facebook.com\/OrganisatorFachmagazin","article_published_time":"2019-06-27T13:37:30+00:00","article_modified_time":"2022-02-09T10:10:06+00:00","og_image":[{"width":640,"height":427,"url":"https:\/\/www.organisator.ch\/wp-content\/uploads\/2019\/06\/judith_bellaiche_foto_entzeroth.jpg","type":"image\/jpeg"}],"author":"michael.merz","twitter_card":"summary_large_image","schema":{"@context":"https:\/\/schema.org","@graph":[{"@type":"Article","@id":"https:\/\/www.organisator.ch\/sustainability\/2019-06-27\/swico-geschaeftsfuehrerin-fuer-den-nationalrat-nominiert\/#article","isPartOf":{"@id":"https:\/\/www.organisator.ch\/sustainability\/2019-06-27\/swico-geschaeftsfuehrerin-fuer-den-nationalrat-nominiert\/"},"author":{"name":"michael.merz","@id":"https:\/\/www.organisator.ch\/#\/schema\/person\/134708ca9321c57b0362cceb7948ffbd"},"headline":"Swico Gesch\u00e4ftsf\u00fchrerin f\u00fcr den Nationalrat nominiert","datePublished":"2019-06-27T13:37:30+00:00","dateModified":"2022-02-09T10:10:06+00:00","mainEntityOfPage":{"@id":"https:\/\/www.organisator.ch\/sustainability\/2019-06-27\/swico-geschaeftsfuehrerin-fuer-den-nationalrat-nominiert\/"},"wordCount":240,"commentCount":0,"publisher":{"@id":"https:\/\/www.organisator.ch\/#organization"},"image":{"@id":"https:\/\/www.organisator.ch\/sustainability\/2019-06-27\/swico-geschaeftsfuehrerin-fuer-den-nationalrat-nominiert\/#primaryimage"},"thumbnailUrl":"https:\/\/www.organisator.ch\/wp-content\/uploads\/2019\/06\/judith_bellaiche_foto_entzeroth.jpg","keywords":["Digitalit\u00e4t","E-Recycling","IT","Personalia"],"articleSection":["SUSTAINABILITY"],"inLanguage":"en-US"},{"@type":"WebPage","@id":"https:\/\/www.organisator.ch\/sustainability\/2019-06-27\/swico-geschaeftsfuehrerin-fuer-den-nationalrat-nominiert\/","url":"https:\/\/www.organisator.ch\/sustainability\/2019-06-27\/swico-geschaeftsfuehrerin-fuer-den-nationalrat-nominiert\/","name":"Swico Managing Director nominated for the National Council - Organizer","isPartOf":{"@id":"https:\/\/www.organisator.ch\/#website"},"primaryImageOfPage":{"@id":"https:\/\/www.organisator.ch\/sustainability\/2019-06-27\/swico-geschaeftsfuehrerin-fuer-den-nationalrat-nominiert\/#primaryimage"},"image":{"@id":"https:\/\/www.organisator.ch\/sustainability\/2019-06-27\/swico-geschaeftsfuehrerin-fuer-den-nationalrat-nominiert\/#primaryimage"},"thumbnailUrl":"https:\/\/www.organisator.ch\/wp-content\/uploads\/2019\/06\/judith_bellaiche_foto_entzeroth.jpg","datePublished":"2019-06-27T13:37:30+00:00","dateModified":"2022-02-09T10:10:06+00:00","description":"On June 25, Swico's new CEO, Judith Bellaiche, was nominated by her party as a candidate for the National Council.","breadcrumb":{"@id":"https:\/\/www.organisator.ch\/sustainability\/2019-06-27\/swico-geschaeftsfuehrerin-fuer-den-nationalrat-nominiert\/#breadcrumb"},"inLanguage":"en-US","potentialAction":[{"@type":"ReadAction","target":["https:\/\/www.organisator.ch\/sustainability\/2019-06-27\/swico-geschaeftsfuehrerin-fuer-den-nationalrat-nominiert\/"]}]},{"@type":"ImageObject","inLanguage":"en-US","@id":"https:\/\/www.organisator.ch\/sustainability\/2019-06-27\/swico-geschaeftsfuehrerin-fuer-den-nationalrat-nominiert\/#primaryimage","url":"https:\/\/www.organisator.ch\/wp-content\/uploads\/2019\/06\/judith_bellaiche_foto_entzeroth.jpg","contentUrl":"https:\/\/www.organisator.ch\/wp-content\/uploads\/2019\/06\/judith_bellaiche_foto_entzeroth.jpg","width":640,"height":427,"caption":"Judith Bellaiche, Gesch\u00e4ftsf\u00fchrerin von Swico. (Bild zVg)"},{"@type":"BreadcrumbList","@id":"https:\/\/www.organisator.ch\/sustainability\/2019-06-27\/swico-geschaeftsfuehrerin-fuer-den-nationalrat-nominiert\/#breadcrumb","itemListElement":[{"@type":"ListItem","position":1,"name":"Home","item":"https:\/\/www.organisator.ch\/"},{"@type":"ListItem","position":2,"name":"Swico Gesch\u00e4ftsf\u00fchrerin f\u00fcr den Nationalrat nominiert"}]},{"@type":"WebSite","@id":"https:\/\/www.organisator.ch\/#website","url":"https:\/\/www.organisator.ch\/","name":"Organizer","description":"Competent. Practical. In 10 issues per year, ORGANISATOR presents the essential topics for managers of SMEs.","publisher":{"@id":"https:\/\/www.organisator.ch\/#organization"},"potentialAction":[{"@type":"SearchAction","target":{"@type":"EntryPoint","urlTemplate":"https:\/\/www.organisator.ch\/?s={search_term_string}"},"query-input":{"@type":"PropertyValueSpecification","valueRequired":true,"valueName":"search_term_string"}}],"inLanguage":"en-US"},{"@type":"Organization","@id":"https:\/\/www.organisator.ch\/#organization","name":"Organizer","url":"https:\/\/www.organisator.ch\/","logo":{"@type":"ImageObject","inLanguage":"en-US","@id":"https:\/\/www.organisator.ch\/#\/schema\/logo\/image\/","url":"https:\/\/www.organisator.ch\/wp-content\/uploads\/2022\/01\/Logo_Organisator_Website.png","contentUrl":"https:\/\/www.organisator.ch\/wp-content\/uploads\/2022\/01\/Logo_Organisator_Website.png","width":800,"height":77,"caption":"Organisator"},"image":{"@id":"https:\/\/www.organisator.ch\/#\/schema\/logo\/image\/"},"sameAs":["https:\/\/www.facebook.com\/OrganisatorFachmagazin","https:\/\/www.linkedin.com\/showcase\/organisator-das-magazin-fr-kmu","https:\/\/www.xing.com\/news\/pages\/organisator-ch-695","https:\/\/www.youtube.com\/channel\/UCGP2Sq0iWaZwT3BdIAQFYpw"]},{"@type":"Person","@id":"https:\/\/www.organisator.ch\/#\/schema\/person\/134708ca9321c57b0362cceb7948ffbd","name":"michael.merz","image":{"@type":"ImageObject","inLanguage":"en-US","@id":"https:\/\/secure.gravatar.com\/avatar\/?s=96&d=mm&r=g","url":"https:\/\/secure.gravatar.com\/avatar\/?s=96&d=mm&r=g","contentUrl":"https:\/\/secure.gravatar.com\/avatar\/?s=96&d=mm&r=g","caption":"michael.merz"},"url":"https:\/\/www.organisator.ch\/en\/author\/michael-merz\/"}]}},"_links":{"self":[{"href":"https:\/\/www.organisator.ch\/en\/wp-json\/wp\/v2\/posts\/10091","targetHints":{"allow":["GET"]}}],"collection":[{"href":"https:\/\/www.organisator.ch\/en\/wp-json\/wp\/v2\/posts"}],"about":[{"href":"https:\/\/www.organisator.ch\/en\/wp-json\/wp\/v2\/types\/post"}],"author":[{"embeddable":true,"href":"https:\/\/www.organisator.ch\/en\/wp-json\/wp\/v2\/users\/5"}],"replies":[{"embeddable":true,"href":"https:\/\/www.organisator.ch\/en\/wp-json\/wp\/v2\/comments?post=10091"}],"version-history":[{"count":1,"href":"https:\/\/www.organisator.ch\/en\/wp-json\/wp\/v2\/posts\/10091\/revisions"}],"predecessor-version":[{"id":10897,"href":"https:\/\/www.organisator.ch\/en\/wp-json\/wp\/v2\/posts\/10091\/revisions\/10897"}],"wp:featuredmedia":[{"embeddable":true,"href":"https:\/\/www.organisator.ch\/en\/wp-json\/wp\/v2\/media\/2229"}],"wp:attachment":[{"href":"https:\/\/www.organisator.ch\/en\/wp-json\/wp\/v2\/media?parent=10091"}],"wp:term":[{"taxonomy":"category","embeddable":true,"href":"https:\/\/www.organisator.ch\/en\/wp-json\/wp\/v2\/categories?post=10091"},{"taxonomy":"post_tag","embeddable":true,"href":"https:\/\/www.organisator.ch\/en\/wp-json\/wp\/v2\/tags?post=10091"}],"curies":[{"name":"wp","href":"https:\/\/api.w.org\/{rel}","templated":true}]}}